{"id":19438,"date":"2019-11-18T09:17:36","date_gmt":"2019-11-18T08:17:36","guid":{"rendered":"https:\/\/www.fundacioires.org\/?p=19438"},"modified":"2019-11-27T15:48:14","modified_gmt":"2019-11-27T14:48:14","slug":"creixer-per-transformar-lespai-grupal-per-a-homes-soccanvi","status":"publish","type":"post","link":"https:\/\/www.fundacioires.org\/ca\/creixer-per-transformar-lespai-grupal-per-a-homes-soccanvi\/","title":{"rendered":"Finalitza la 1a edici\u00f3 del #SocCanvi i Fils ja prepara la seva 2a edici\u00f3"},"content":{"rendered":"\n<p>Fa poc que hem finalitzat la primera edici\u00f3\nde l\u2019espai grupal per a homes #SocCanvi. <strong>Un\nviatge introspectiu i relacional<\/strong> que van iniciar fa uns mesos alguns homes\nvalents que s\u2019han volgut posar davant del mirall per revisar la seva\nmasculinitat, q\u00fcestionar-la i cercar formes de viure les masculinitats m\u00e9s\nsanes i lliures. En definitiva, uns <strong>homes\nque han tingut la fortalesa de mostrar-se vulnerables entre homes.<\/strong><\/p>\n\n\n\n<p>Un trajecte que va comen\u00e7ar amb dubtes, temors i silencis per\u00f2 que r\u00e0pidament van saber transformar-ho en comprom\u00eds per gaudir de l\u2019experi\u00e8ncia. Un grup que ha volgut aprofitar aquest espai per compartir des d\u2019all\u00f2 personal, recon\u00e8ixer sense justificacions i <strong>cr\u00e9ixer per transformar.<\/strong> Demostrant la seva implicaci\u00f3 en el canvi individual i col\u00b7lectiu dels homes sense excuses. <\/p>\n\n\n\n<p>Pel cam\u00ed, hem tingut temps d\u2019aturar-nos a revisar c<strong>om hem apr\u00e8s a ser homes <\/strong>i quines implicacions ha tingut aquests aprenentatges en les nostres vides i les conseq\u00fc\u00e8ncies per a ells mateixos, les dones i la societat en general. Tamb\u00e9 han pogut compartir emocions i vulnerabilitats, en un espai de confian\u00e7a i seguretat on poder sostenir-se i sostenir a l\u2019altre. On parlar de les <strong>relacions de parella, de l\u2019amor o de la sexualitat, per\u00f2 tamb\u00e9 d\u2019empatia, escolta, comunicaci\u00f3, respecte i cura.<\/strong><\/p>\n\n\n\n<p><strong>Un grup que ha pogut reflexionar sobre els feminismes, sobre el #metoo i el #cu\u00e9ntalo<\/strong>. En definitiva, sobre quin \u00e9s el nostre paper en aquest canvi de societat com a homes. Obrint un espai per poder parlar de les viol\u00e8ncies, les que exercim i les que rebem. Sempre des de la responsabilitat com a homes i lluny de discursos culpabilitzadors i de complicitats masculines.<\/p>\n\n\n\n<p>L\u2019\u00e8xit d\u2019aquest espai passa perqu\u00e8, pel fet d\u2019haver escollit participar-hi i haver-se q\u00fcestionat com volen viure la seva masculinitat, aquests homes esdevenen agents de la transformaci\u00f3 que necessitem veure en la societat. <\/p>\n\n\n\n<p>Despr\u00e9s d&#8217;aquesta primera experi\u00e8ncia, ens trobem preparant la segona edici\u00f3 del #SocCanvi pel proper 2020. <strong>T&#8217;agradaria apuntar-te a aquest viatge? Vine a la trobada informativa i gratu\u00efta del proper 18\/12. <\/strong><\/p>\n\n\n\n<p style=\"background-color:#1cab8b;color:#ffffff;font-size:34px;text-align:center\" class=\"has-text-color has-background\"><strong>Segona edici\u00f3 del #SocCanvi<\/strong><\/p>\n\n\n\n<h3 class=\"wp-block-heading\" style=\"text-align:center\"><strong>Sessi\u00f3 informativa: <\/strong><\/h3>\n\n\n\n<h3 class=\"wp-block-heading\" style=\"text-align:center\">18 de desembre de 18.30h a 20h<\/h3>\n\n\n\n<h3 class=\"wp-block-heading\" style=\"text-align:center\">Avda de Roma 157, 2na planta Barcelona<\/h3>\n\n\n\n<div class=\"wp-block-button aligncenter\"><a class=\"wp-block-button__link has-text-color has-background\" href=\"https:\/\/docs.google.com\/forms\/d\/e\/1FAIpQLSd4RLvL9YrWMCPIAajDUG2huOEMy_ozMLyD8Uz3vNNpIv_Duw\/viewform\" style=\"background-color:#1cab8b;color:#ffffff\">Inscriu-t&#8217;hi!<\/a><\/div>\n\n\n\n<p><strong><a rel=\"noreferrer noopener\" aria-label=\" (opens in a new tab)\" href=\"https:\/\/forms.gle\/rhGFb8W98in6TRHY9\" target=\"_blank\">Inscripci\u00f3 pr\u00e8via omplint aquest formulari <\/a>o b\u00e9 escrivint a fils@fundacioires.org<\/strong>. <\/p>\n\n\n\n<hr class=\"wp-block-separator\"\/>\n\n\n\n<p style=\"color:#1cab8b\" class=\"has-text-color has-medium-font-size\"><strong>Qu\u00e8 n&#8217;opinen els participants del #SocCanvi?<\/strong><\/p>\n\n\n\n<p>Compartim algunes de les opinions recollides entre els participants d&#8217;aquesta primera edici\u00f3 del #SocCanvi:<\/p>\n\n\n\n<p>\u201c<strong>El grup m\u2019ha ajudat a entendrem millor en tant que home, <\/strong>detectar les meves actituds o comportaments masclistes,recon\u00e8ixer els meus privilegis, per\u00f2, sobretot, m\u2019ha ajudat per tenir m\u00e9s eines per la transformaci\u00f3 personal i col\u00b7lectiva.\u201d<\/p>\n\n\n\n<p>\u201cAra tinc una mirada m\u00e9s cr\u00edtica amb el proc\u00e9s social de construcci\u00f3 de la masculinitat i <strong>he pogut responsabilitzar-me de les meves accions i actituds com a home.<\/strong> En definitiva, tenir m\u00e9s consci\u00e8ncia de qu\u00e8 es ser un home.&#8221; <\/p>\n\n\n\n<p>&#8220;En el grup he trobat una <strong>\u201cnova fam\u00edlia d\u2019homes\u201d basada en la confian\u00e7a, l\u2019escolta, la comprensi\u00f3 i l\u2019empatia<\/strong>.\u201d <\/p>\n\n\n\n<p><em>&nbsp;<\/em>\u201cEn situacions on abans saltava la meva companya, ara em surt a mi respondre de forma natural i noto que els altres <em>tios <\/em>m\u2019escolten<strong>. Em feia por no sentir-me c\u00f2mode en el grup per com soc i ara penso que \u00e9s <em>guai<\/em><\/strong>\u201d. <\/p>\n\n\n\n<p>\u201c<strong>Per a mi, el grup d\u2019homes suposa un pas endavant per construir una masculinitat que camini cap a la igualtat i la just\u00edcia social<\/strong>.\u201d<\/p>\n\n\n<p><!--EndFragment--><\/p>","protected":false},"excerpt":{"rendered":"<p>L&#8217;Aharon Fern\u00e1ndez,<br \/>\nPsic\u00f2leg del Projecte Fils i especialista en g\u00e8nere i treball amb homes, fa un rep\u00e0s de l&#8217;experi\u00e8ncia amb el primer Espai grupal per a homes de la Fundaci\u00f3 IRES. El proper 18\/12, sessi\u00f3 informativa per la 2na edici\u00f3. <\/p>\n","protected":false},"author":7,"featured_media":19461,"comment_status":"closed","ping_status":"open","sticky":false,"template":"","format":"standard","meta":{"_jetpack_memberships_contains_paid_content":false,"footnotes":""},"categories":[20],"tags":[76],"class_list":["post-19438","post","type-post","status-publish","format-standard","has-post-thumbnail","hentry","category-la-nostra-accio-social","tag-fils-ca-2"],"yoast_head":"<!-- This site is optimized with the Yoast SEO plugin v27.4 - https:\/\/yoast.com\/product\/yoast-seo-wordpress\/ -->\n<title>Finalitza la 1a edici\u00f3 del #SocCanvi i Fils ja prepara la seva 2a edici\u00f3 - Fundaci\u00f3 IRES<\/title>\n<meta name=\"robots\" content=\"index, follow, max-snippet:-1, max-image-preview:large, max-video-preview:-1\" \/>\n<link rel=\"canonical\" href=\"https:\/\/www.fundacioires.org\/ca\/creixer-per-transformar-lespai-grupal-per-a-homes-soccanvi\/\" \/>\n<meta property=\"og:locale\" content=\"ca_ES\" \/>\n<meta property=\"og:type\" content=\"article\" \/>\n<meta property=\"og:title\" content=\"Finalitza la 1a edici\u00f3 del #SocCanvi i Fils ja prepara la seva 2a edici\u00f3 - Fundaci\u00f3 IRES\" \/>\n<meta property=\"og:description\" content=\"L&#039;Aharon Fern\u00e1ndez, Psic\u00f2leg del Projecte Fils i especialista en g\u00e8nere i treball amb homes, fa un rep\u00e0s de l&#039;experi\u00e8ncia amb el primer Espai grupal per a homes de la Fundaci\u00f3 IRES. El proper 18\/12, sessi\u00f3 informativa per la 2na edici\u00f3.\" \/>\n<meta property=\"og:url\" content=\"https:\/\/www.fundacioires.org\/ca\/creixer-per-transformar-lespai-grupal-per-a-homes-soccanvi\/\" \/>\n<meta property=\"og:site_name\" content=\"Fundaci\u00f3 IRES\" \/>\n<meta property=\"article:published_time\" content=\"2019-11-18T08:17:36+00:00\" \/>\n<meta property=\"article:modified_time\" content=\"2019-11-27T14:48:14+00:00\" \/>\n<meta property=\"og:image\" content=\"https:\/\/i1.wp.com\/www.fundacioires.org\/wp-content\/uploads\/WEB_-Plantilla-Noticies-14.jpg?fit=1200%2C628&ssl=1\" \/>\n\t<meta property=\"og:image:width\" content=\"1200\" \/>\n\t<meta property=\"og:image:height\" content=\"628\" \/>\n\t<meta property=\"og:image:type\" content=\"image\/jpeg\" \/>\n<meta name=\"author\" content=\"Fundaci\u00f3 IRES\" \/>\n<meta name=\"twitter:card\" content=\"summary_large_image\" \/>\n<meta name=\"twitter:label1\" content=\"Written by\" \/>\n\t<meta name=\"twitter:data1\" content=\"Fundaci\u00f3 IRES\" \/>\n\t<meta name=\"twitter:label2\" content=\"Est. reading time\" \/>\n\t<meta name=\"twitter:data2\" content=\"3 minutes\" \/>\n<script type=\"application\/ld+json\" class=\"yoast-schema-graph\">{\"@context\":\"https:\\\/\\\/schema.org\",\"@graph\":[{\"@type\":\"Article\",\"@id\":\"https:\\\/\\\/www.fundacioires.org\\\/ca\\\/creixer-per-transformar-lespai-grupal-per-a-homes-soccanvi\\\/#article\",\"isPartOf\":{\"@id\":\"https:\\\/\\\/www.fundacioires.org\\\/ca\\\/creixer-per-transformar-lespai-grupal-per-a-homes-soccanvi\\\/\"},\"author\":{\"name\":\"Fundaci\u00f3 IRES\",\"@id\":\"https:\\\/\\\/www.fundacioires.org\\\/#\\\/schema\\\/person\\\/160af843c565221ef4664a5c7000791c\"},\"headline\":\"Finalitza la 1a edici\u00f3 del #SocCanvi i Fils ja prepara la seva 2a edici\u00f3\",\"datePublished\":\"2019-11-18T08:17:36+00:00\",\"dateModified\":\"2019-11-27T14:48:14+00:00\",\"mainEntityOfPage\":{\"@id\":\"https:\\\/\\\/www.fundacioires.org\\\/ca\\\/creixer-per-transformar-lespai-grupal-per-a-homes-soccanvi\\\/\"},\"wordCount\":607,\"publisher\":{\"@id\":\"https:\\\/\\\/www.fundacioires.org\\\/#organization\"},\"image\":{\"@id\":\"https:\\\/\\\/www.fundacioires.org\\\/ca\\\/creixer-per-transformar-lespai-grupal-per-a-homes-soccanvi\\\/#primaryimage\"},\"thumbnailUrl\":\"https:\\\/\\\/i0.wp.com\\\/www.fundacioires.org\\\/wp-content\\\/uploads\\\/WEB_-Plantilla-Noticies-14.jpg?fit=1200%2C628&ssl=1\",\"keywords\":[\"Fils\"],\"articleSection\":[\"La nostra acci\u00f3 social\"],\"inLanguage\":\"ca-ES\"},{\"@type\":\"WebPage\",\"@id\":\"https:\\\/\\\/www.fundacioires.org\\\/ca\\\/creixer-per-transformar-lespai-grupal-per-a-homes-soccanvi\\\/\",\"url\":\"https:\\\/\\\/www.fundacioires.org\\\/ca\\\/creixer-per-transformar-lespai-grupal-per-a-homes-soccanvi\\\/\",\"name\":\"Finalitza la 1a edici\u00f3 del #SocCanvi i Fils ja prepara la seva 2a edici\u00f3 - Fundaci\u00f3 IRES\",\"isPartOf\":{\"@id\":\"https:\\\/\\\/www.fundacioires.org\\\/#website\"},\"primaryImageOfPage\":{\"@id\":\"https:\\\/\\\/www.fundacioires.org\\\/ca\\\/creixer-per-transformar-lespai-grupal-per-a-homes-soccanvi\\\/#primaryimage\"},\"image\":{\"@id\":\"https:\\\/\\\/www.fundacioires.org\\\/ca\\\/creixer-per-transformar-lespai-grupal-per-a-homes-soccanvi\\\/#primaryimage\"},\"thumbnailUrl\":\"https:\\\/\\\/i0.wp.com\\\/www.fundacioires.org\\\/wp-content\\\/uploads\\\/WEB_-Plantilla-Noticies-14.jpg?fit=1200%2C628&ssl=1\",\"datePublished\":\"2019-11-18T08:17:36+00:00\",\"dateModified\":\"2019-11-27T14:48:14+00:00\",\"breadcrumb\":{\"@id\":\"https:\\\/\\\/www.fundacioires.org\\\/ca\\\/creixer-per-transformar-lespai-grupal-per-a-homes-soccanvi\\\/#breadcrumb\"},\"inLanguage\":\"ca-ES\",\"potentialAction\":[{\"@type\":\"ReadAction\",\"target\":[\"https:\\\/\\\/www.fundacioires.org\\\/ca\\\/creixer-per-transformar-lespai-grupal-per-a-homes-soccanvi\\\/\"]}]},{\"@type\":\"ImageObject\",\"inLanguage\":\"ca-ES\",\"@id\":\"https:\\\/\\\/www.fundacioires.org\\\/ca\\\/creixer-per-transformar-lespai-grupal-per-a-homes-soccanvi\\\/#primaryimage\",\"url\":\"https:\\\/\\\/i0.wp.com\\\/www.fundacioires.org\\\/wp-content\\\/uploads\\\/WEB_-Plantilla-Noticies-14.jpg?fit=1200%2C628&ssl=1\",\"contentUrl\":\"https:\\\/\\\/i0.wp.com\\\/www.fundacioires.org\\\/wp-content\\\/uploads\\\/WEB_-Plantilla-Noticies-14.jpg?fit=1200%2C628&ssl=1\",\"width\":1200,\"height\":628},{\"@type\":\"BreadcrumbList\",\"@id\":\"https:\\\/\\\/www.fundacioires.org\\\/ca\\\/creixer-per-transformar-lespai-grupal-per-a-homes-soccanvi\\\/#breadcrumb\",\"itemListElement\":[{\"@type\":\"ListItem\",\"position\":1,\"name\":\"Portada\",\"item\":\"https:\\\/\\\/www.fundacioires.org\\\/\"},{\"@type\":\"ListItem\",\"position\":2,\"name\":\"Finalitza la 1a edici\u00f3 del #SocCanvi i Fils ja prepara la seva 2a edici\u00f3\"}]},{\"@type\":\"WebSite\",\"@id\":\"https:\\\/\\\/www.fundacioires.org\\\/#website\",\"url\":\"https:\\\/\\\/www.fundacioires.org\\\/\",\"name\":\"Fundaci\u00f3 IRES\",\"description\":\"\",\"publisher\":{\"@id\":\"https:\\\/\\\/www.fundacioires.org\\\/#organization\"},\"potentialAction\":[{\"@type\":\"SearchAction\",\"target\":{\"@type\":\"EntryPoint\",\"urlTemplate\":\"https:\\\/\\\/www.fundacioires.org\\\/?s={search_term_string}\"},\"query-input\":{\"@type\":\"PropertyValueSpecification\",\"valueRequired\":true,\"valueName\":\"search_term_string\"}}],\"inLanguage\":\"ca-ES\"},{\"@type\":\"Organization\",\"@id\":\"https:\\\/\\\/www.fundacioires.org\\\/#organization\",\"name\":\"Fundanci\u00f3n IRES\",\"url\":\"https:\\\/\\\/www.fundacioires.org\\\/\",\"logo\":{\"@type\":\"ImageObject\",\"inLanguage\":\"ca-ES\",\"@id\":\"https:\\\/\\\/www.fundacioires.org\\\/#\\\/schema\\\/logo\\\/image\\\/\",\"url\":\"https:\\\/\\\/i0.wp.com\\\/www.fundacioires.org\\\/wp-content\\\/uploads\\\/faviconIRES.png?fit=32%2C32&ssl=1\",\"contentUrl\":\"https:\\\/\\\/i0.wp.com\\\/www.fundacioires.org\\\/wp-content\\\/uploads\\\/faviconIRES.png?fit=32%2C32&ssl=1\",\"width\":32,\"height\":32,\"caption\":\"Fundanci\u00f3n IRES\"},\"image\":{\"@id\":\"https:\\\/\\\/www.fundacioires.org\\\/#\\\/schema\\\/logo\\\/image\\\/\"}},{\"@type\":\"Person\",\"@id\":\"https:\\\/\\\/www.fundacioires.org\\\/#\\\/schema\\\/person\\\/160af843c565221ef4664a5c7000791c\",\"name\":\"Fundaci\u00f3 IRES\"}]}<\/script>\n<!-- \/ Yoast SEO plugin. -->","yoast_head_json":{"title":"Finalitza la 1a edici\u00f3 del #SocCanvi i Fils ja prepara la seva 2a edici\u00f3 - Fundaci\u00f3 IRES","robots":{"index":"index","follow":"follow","max-snippet":"max-snippet:-1","max-image-preview":"max-image-preview:large","max-video-preview":"max-video-preview:-1"},"canonical":"https:\/\/www.fundacioires.org\/ca\/creixer-per-transformar-lespai-grupal-per-a-homes-soccanvi\/","og_locale":"ca_ES","og_type":"article","og_title":"Finalitza la 1a edici\u00f3 del #SocCanvi i Fils ja prepara la seva 2a edici\u00f3 - Fundaci\u00f3 IRES","og_description":"L'Aharon Fern\u00e1ndez, Psic\u00f2leg del Projecte Fils i especialista en g\u00e8nere i treball amb homes, fa un rep\u00e0s de l'experi\u00e8ncia amb el primer Espai grupal per a homes de la Fundaci\u00f3 IRES. El proper 18\/12, sessi\u00f3 informativa per la 2na edici\u00f3.","og_url":"https:\/\/www.fundacioires.org\/ca\/creixer-per-transformar-lespai-grupal-per-a-homes-soccanvi\/","og_site_name":"Fundaci\u00f3 IRES","article_published_time":"2019-11-18T08:17:36+00:00","article_modified_time":"2019-11-27T14:48:14+00:00","og_image":[{"width":1200,"height":628,"url":"https:\/\/i1.wp.com\/www.fundacioires.org\/wp-content\/uploads\/WEB_-Plantilla-Noticies-14.jpg?fit=1200%2C628&ssl=1","type":"image\/jpeg"}],"author":"Fundaci\u00f3 IRES","twitter_card":"summary_large_image","twitter_misc":{"Written by":"Fundaci\u00f3 IRES","Est. reading time":"3 minutes"},"schema":{"@context":"https:\/\/schema.org","@graph":[{"@type":"Article","@id":"https:\/\/www.fundacioires.org\/ca\/creixer-per-transformar-lespai-grupal-per-a-homes-soccanvi\/#article","isPartOf":{"@id":"https:\/\/www.fundacioires.org\/ca\/creixer-per-transformar-lespai-grupal-per-a-homes-soccanvi\/"},"author":{"name":"Fundaci\u00f3 IRES","@id":"https:\/\/www.fundacioires.org\/#\/schema\/person\/160af843c565221ef4664a5c7000791c"},"headline":"Finalitza la 1a edici\u00f3 del #SocCanvi i Fils ja prepara la seva 2a edici\u00f3","datePublished":"2019-11-18T08:17:36+00:00","dateModified":"2019-11-27T14:48:14+00:00","mainEntityOfPage":{"@id":"https:\/\/www.fundacioires.org\/ca\/creixer-per-transformar-lespai-grupal-per-a-homes-soccanvi\/"},"wordCount":607,"publisher":{"@id":"https:\/\/www.fundacioires.org\/#organization"},"image":{"@id":"https:\/\/www.fundacioires.org\/ca\/creixer-per-transformar-lespai-grupal-per-a-homes-soccanvi\/#primaryimage"},"thumbnailUrl":"https:\/\/i0.wp.com\/www.fundacioires.org\/wp-content\/uploads\/WEB_-Plantilla-Noticies-14.jpg?fit=1200%2C628&ssl=1","keywords":["Fils"],"articleSection":["La nostra acci\u00f3 social"],"inLanguage":"ca-ES"},{"@type":"WebPage","@id":"https:\/\/www.fundacioires.org\/ca\/creixer-per-transformar-lespai-grupal-per-a-homes-soccanvi\/","url":"https:\/\/www.fundacioires.org\/ca\/creixer-per-transformar-lespai-grupal-per-a-homes-soccanvi\/","name":"Finalitza la 1a edici\u00f3 del #SocCanvi i Fils ja prepara la seva 2a edici\u00f3 - Fundaci\u00f3 IRES","isPartOf":{"@id":"https:\/\/www.fundacioires.org\/#website"},"primaryImageOfPage":{"@id":"https:\/\/www.fundacioires.org\/ca\/creixer-per-transformar-lespai-grupal-per-a-homes-soccanvi\/#primaryimage"},"image":{"@id":"https:\/\/www.fundacioires.org\/ca\/creixer-per-transformar-lespai-grupal-per-a-homes-soccanvi\/#primaryimage"},"thumbnailUrl":"https:\/\/i0.wp.com\/www.fundacioires.org\/wp-content\/uploads\/WEB_-Plantilla-Noticies-14.jpg?fit=1200%2C628&ssl=1","datePublished":"2019-11-18T08:17:36+00:00","dateModified":"2019-11-27T14:48:14+00:00","breadcrumb":{"@id":"https:\/\/www.fundacioires.org\/ca\/creixer-per-transformar-lespai-grupal-per-a-homes-soccanvi\/#breadcrumb"},"inLanguage":"ca-ES","potentialAction":[{"@type":"ReadAction","target":["https:\/\/www.fundacioires.org\/ca\/creixer-per-transformar-lespai-grupal-per-a-homes-soccanvi\/"]}]},{"@type":"ImageObject","inLanguage":"ca-ES","@id":"https:\/\/www.fundacioires.org\/ca\/creixer-per-transformar-lespai-grupal-per-a-homes-soccanvi\/#primaryimage","url":"https:\/\/i0.wp.com\/www.fundacioires.org\/wp-content\/uploads\/WEB_-Plantilla-Noticies-14.jpg?fit=1200%2C628&ssl=1","contentUrl":"https:\/\/i0.wp.com\/www.fundacioires.org\/wp-content\/uploads\/WEB_-Plantilla-Noticies-14.jpg?fit=1200%2C628&ssl=1","width":1200,"height":628},{"@type":"BreadcrumbList","@id":"https:\/\/www.fundacioires.org\/ca\/creixer-per-transformar-lespai-grupal-per-a-homes-soccanvi\/#breadcrumb","itemListElement":[{"@type":"ListItem","position":1,"name":"Portada","item":"https:\/\/www.fundacioires.org\/"},{"@type":"ListItem","position":2,"name":"Finalitza la 1a edici\u00f3 del #SocCanvi i Fils ja prepara la seva 2a edici\u00f3"}]},{"@type":"WebSite","@id":"https:\/\/www.fundacioires.org\/#website","url":"https:\/\/www.fundacioires.org\/","name":"Fundaci\u00f3 IRES","description":"","publisher":{"@id":"https:\/\/www.fundacioires.org\/#organization"},"potentialAction":[{"@type":"SearchAction","target":{"@type":"EntryPoint","urlTemplate":"https:\/\/www.fundacioires.org\/?s={search_term_string}"},"query-input":{"@type":"PropertyValueSpecification","valueRequired":true,"valueName":"search_term_string"}}],"inLanguage":"ca-ES"},{"@type":"Organization","@id":"https:\/\/www.fundacioires.org\/#organization","name":"Fundanci\u00f3n IRES","url":"https:\/\/www.fundacioires.org\/","logo":{"@type":"ImageObject","inLanguage":"ca-ES","@id":"https:\/\/www.fundacioires.org\/#\/schema\/logo\/image\/","url":"https:\/\/i0.wp.com\/www.fundacioires.org\/wp-content\/uploads\/faviconIRES.png?fit=32%2C32&ssl=1","contentUrl":"https:\/\/i0.wp.com\/www.fundacioires.org\/wp-content\/uploads\/faviconIRES.png?fit=32%2C32&ssl=1","width":32,"height":32,"caption":"Fundanci\u00f3n IRES"},"image":{"@id":"https:\/\/www.fundacioires.org\/#\/schema\/logo\/image\/"}},{"@type":"Person","@id":"https:\/\/www.fundacioires.org\/#\/schema\/person\/160af843c565221ef4664a5c7000791c","name":"Fundaci\u00f3 IRES"}]}},"jetpack_featured_media_url":"https:\/\/i0.wp.com\/www.fundacioires.org\/wp-content\/uploads\/WEB_-Plantilla-Noticies-14.jpg?fit=1200%2C628&ssl=1","jetpack_sharing_enabled":true,"_links":{"self":[{"href":"https:\/\/www.fundacioires.org\/ca\/wp-json\/wp\/v2\/posts\/19438","targetHints":{"allow":["GET"]}}],"collection":[{"href":"https:\/\/www.fundacioires.org\/ca\/wp-json\/wp\/v2\/posts"}],"about":[{"href":"https:\/\/www.fundacioires.org\/ca\/wp-json\/wp\/v2\/types\/post"}],"author":[{"embeddable":true,"href":"https:\/\/www.fundacioires.org\/ca\/wp-json\/wp\/v2\/users\/7"}],"replies":[{"embeddable":true,"href":"https:\/\/www.fundacioires.org\/ca\/wp-json\/wp\/v2\/comments?post=19438"}],"version-history":[{"count":5,"href":"https:\/\/www.fundacioires.org\/ca\/wp-json\/wp\/v2\/posts\/19438\/revisions"}],"predecessor-version":[{"id":28471,"href":"https:\/\/www.fundacioires.org\/ca\/wp-json\/wp\/v2\/posts\/19438\/revisions\/28471"}],"wp:featuredmedia":[{"embeddable":true,"href":"https:\/\/www.fundacioires.org\/ca\/wp-json\/wp\/v2\/media\/19461"}],"wp:attachment":[{"href":"https:\/\/www.fundacioires.org\/ca\/wp-json\/wp\/v2\/media?parent=19438"}],"wp:term":[{"taxonomy":"category","embeddable":true,"href":"https:\/\/www.fundacioires.org\/ca\/wp-json\/wp\/v2\/categories?post=19438"},{"taxonomy":"post_tag","embeddable":true,"href":"https:\/\/www.fundacioires.org\/ca\/wp-json\/wp\/v2\/tags?post=19438"}],"curies":[{"name":"wp","href":"https:\/\/api.w.org\/{rel}","templated":true}]}}