{"id":19937,"date":"2019-12-20T12:43:17","date_gmt":"2019-12-20T11:43:17","guid":{"rendered":"https:\/\/www.fundacioires.org\/?p=19937"},"modified":"2019-12-30T12:45:10","modified_gmt":"2019-12-30T11:45:10","slug":"apadrina-una-carta-la-campanya-mes-magica-per-acabar-lany","status":"publish","type":"post","link":"https:\/\/www.fundacioires.org\/ca\/apadrina-una-carta-la-campanya-mes-magica-per-acabar-lany\/","title":{"rendered":"\u2018Apadrina una carta\u2019: la campanya m\u00e9s m\u00e0gica per acabar l\u2019any"},"content":{"rendered":"\n<p>Des del 10 de desembre, hem volgut dur a terme una missi\u00f3 molt especial: connectar\nles cartes als Reis Mags dels infants que participen en els projectes socials\nde l\u2019entitat amb padrines i padrins que s\u2019han comprom\u00e8s a fer realitat la\nil\u00b7lusi\u00f3 de cada nen i nena dels projectes socials de la nostra entitat. <\/p>\n\n\n\n<p>La campanya,  que va comen\u00e7ar de forma\ninterna IRES, ha aconseguit captar padrins i padrines per a m\u00e9s de 50 infants\nen situaci\u00f3 de vulnerabilitat. <\/p>\n\n\n\n<p>Gr\u00e0cies a totes aquelles persones que s\u2019han comprom\u00e8s a fer realitat la il\u00b7lusi\u00f3 de tots aquests nens i nenes.<\/p>\n\n\n\n<p><strong>Estigueu atents i atentes a les nostres xarxes socials! Despr\u00e9s del dia de Reis comunicarem els resultats d&#8217;aquesta iniciativa m\u00e0gica.<\/strong><\/p>\n","protected":false},"excerpt":{"rendered":"<p>Des de la Fundaci\u00f3 IRES hem impulsat una iniciativa per aconseguir que tots els infants que atenem des de Fundaci\u00f3 IRES, rebin regals pel Dia de Reis.<\/p>\n","protected":false},"author":7,"featured_media":19940,"comment_status":"closed","ping_status":"open","sticky":false,"template":"","format":"standard","meta":{"_jetpack_memberships_contains_paid_content":false,"footnotes":""},"categories":[24],"tags":[],"class_list":["post-19937","post","type-post","status-publish","format-standard","has-post-thumbnail","hentry","category-campanyes-de-captacio-i-sensibilitzacio"],"yoast_head":"<!-- This site is optimized with the Yoast SEO plugin v27.4 - https:\/\/yoast.com\/product\/yoast-seo-wordpress\/ -->\n<title>\u2018Apadrina una carta\u2019: la campanya m\u00e9s m\u00e0gica per acabar l\u2019any - Fundaci\u00f3 IRES<\/title>\n<meta name=\"robots\" content=\"index, follow, max-snippet:-1, max-image-preview:large, max-video-preview:-1\" \/>\n<link rel=\"canonical\" href=\"https:\/\/www.fundacioires.org\/ca\/apadrina-una-carta-la-campanya-mes-magica-per-acabar-lany\/\" \/>\n<meta property=\"og:locale\" content=\"ca_ES\" \/>\n<meta property=\"og:type\" content=\"article\" \/>\n<meta property=\"og:title\" content=\"\u2018Apadrina una carta\u2019: la campanya m\u00e9s m\u00e0gica per acabar l\u2019any - Fundaci\u00f3 IRES\" \/>\n<meta property=\"og:description\" content=\"Des de la Fundaci\u00f3 IRES hem impulsat una iniciativa per aconseguir que tots els infants que atenem des de Fundaci\u00f3 IRES, rebin regals pel Dia de Reis.\" \/>\n<meta property=\"og:url\" content=\"https:\/\/www.fundacioires.org\/ca\/apadrina-una-carta-la-campanya-mes-magica-per-acabar-lany\/\" \/>\n<meta property=\"og:site_name\" content=\"Fundaci\u00f3 IRES\" \/>\n<meta property=\"article:published_time\" content=\"2019-12-20T11:43:17+00:00\" \/>\n<meta property=\"article:modified_time\" content=\"2019-12-30T11:45:10+00:00\" \/>\n<meta property=\"og:image\" content=\"https:\/\/i0.wp.com\/www.fundacioires.org\/wp-content\/uploads\/APADRINA-1.png?fit=961%2C538&ssl=1\" \/>\n\t<meta property=\"og:image:width\" content=\"961\" \/>\n\t<meta property=\"og:image:height\" content=\"538\" \/>\n\t<meta property=\"og:image:type\" content=\"image\/png\" \/>\n<meta name=\"author\" content=\"Fundaci\u00f3 IRES\" \/>\n<meta name=\"twitter:card\" content=\"summary_large_image\" \/>\n<meta name=\"twitter:label1\" content=\"Written by\" \/>\n\t<meta name=\"twitter:data1\" content=\"Fundaci\u00f3 IRES\" \/>\n\t<meta name=\"twitter:label2\" content=\"Est. reading time\" \/>\n\t<meta name=\"twitter:data2\" content=\"1 minute\" \/>\n<script type=\"application\/ld+json\" class=\"yoast-schema-graph\">{\"@context\":\"https:\\\/\\\/schema.org\",\"@graph\":[{\"@type\":\"Article\",\"@id\":\"https:\\\/\\\/www.fundacioires.org\\\/ca\\\/apadrina-una-carta-la-campanya-mes-magica-per-acabar-lany\\\/#article\",\"isPartOf\":{\"@id\":\"https:\\\/\\\/www.fundacioires.org\\\/ca\\\/apadrina-una-carta-la-campanya-mes-magica-per-acabar-lany\\\/\"},\"author\":{\"name\":\"Fundaci\u00f3 IRES\",\"@id\":\"https:\\\/\\\/www.fundacioires.org\\\/#\\\/schema\\\/person\\\/160af843c565221ef4664a5c7000791c\"},\"headline\":\"\u2018Apadrina una carta\u2019: la campanya m\u00e9s m\u00e0gica per acabar l\u2019any\",\"datePublished\":\"2019-12-20T11:43:17+00:00\",\"dateModified\":\"2019-12-30T11:45:10+00:00\",\"mainEntityOfPage\":{\"@id\":\"https:\\\/\\\/www.fundacioires.org\\\/ca\\\/apadrina-una-carta-la-campanya-mes-magica-per-acabar-lany\\\/\"},\"wordCount\":142,\"publisher\":{\"@id\":\"https:\\\/\\\/www.fundacioires.org\\\/#organization\"},\"image\":{\"@id\":\"https:\\\/\\\/www.fundacioires.org\\\/ca\\\/apadrina-una-carta-la-campanya-mes-magica-per-acabar-lany\\\/#primaryimage\"},\"thumbnailUrl\":\"https:\\\/\\\/i0.wp.com\\\/www.fundacioires.org\\\/wp-content\\\/uploads\\\/APADRINA-1.png?fit=961%2C538&ssl=1\",\"articleSection\":[\"Campanyes de captaci\u00f3 i sensibilitzaci\u00f3\"],\"inLanguage\":\"ca-ES\"},{\"@type\":\"WebPage\",\"@id\":\"https:\\\/\\\/www.fundacioires.org\\\/ca\\\/apadrina-una-carta-la-campanya-mes-magica-per-acabar-lany\\\/\",\"url\":\"https:\\\/\\\/www.fundacioires.org\\\/ca\\\/apadrina-una-carta-la-campanya-mes-magica-per-acabar-lany\\\/\",\"name\":\"\u2018Apadrina una carta\u2019: la campanya m\u00e9s m\u00e0gica per acabar l\u2019any - Fundaci\u00f3 IRES\",\"isPartOf\":{\"@id\":\"https:\\\/\\\/www.fundacioires.org\\\/#website\"},\"primaryImageOfPage\":{\"@id\":\"https:\\\/\\\/www.fundacioires.org\\\/ca\\\/apadrina-una-carta-la-campanya-mes-magica-per-acabar-lany\\\/#primaryimage\"},\"image\":{\"@id\":\"https:\\\/\\\/www.fundacioires.org\\\/ca\\\/apadrina-una-carta-la-campanya-mes-magica-per-acabar-lany\\\/#primaryimage\"},\"thumbnailUrl\":\"https:\\\/\\\/i0.wp.com\\\/www.fundacioires.org\\\/wp-content\\\/uploads\\\/APADRINA-1.png?fit=961%2C538&ssl=1\",\"datePublished\":\"2019-12-20T11:43:17+00:00\",\"dateModified\":\"2019-12-30T11:45:10+00:00\",\"breadcrumb\":{\"@id\":\"https:\\\/\\\/www.fundacioires.org\\\/ca\\\/apadrina-una-carta-la-campanya-mes-magica-per-acabar-lany\\\/#breadcrumb\"},\"inLanguage\":\"ca-ES\",\"potentialAction\":[{\"@type\":\"ReadAction\",\"target\":[\"https:\\\/\\\/www.fundacioires.org\\\/ca\\\/apadrina-una-carta-la-campanya-mes-magica-per-acabar-lany\\\/\"]}]},{\"@type\":\"ImageObject\",\"inLanguage\":\"ca-ES\",\"@id\":\"https:\\\/\\\/www.fundacioires.org\\\/ca\\\/apadrina-una-carta-la-campanya-mes-magica-per-acabar-lany\\\/#primaryimage\",\"url\":\"https:\\\/\\\/i0.wp.com\\\/www.fundacioires.org\\\/wp-content\\\/uploads\\\/APADRINA-1.png?fit=961%2C538&ssl=1\",\"contentUrl\":\"https:\\\/\\\/i0.wp.com\\\/www.fundacioires.org\\\/wp-content\\\/uploads\\\/APADRINA-1.png?fit=961%2C538&ssl=1\",\"width\":961,\"height\":538},{\"@type\":\"BreadcrumbList\",\"@id\":\"https:\\\/\\\/www.fundacioires.org\\\/ca\\\/apadrina-una-carta-la-campanya-mes-magica-per-acabar-lany\\\/#breadcrumb\",\"itemListElement\":[{\"@type\":\"ListItem\",\"position\":1,\"name\":\"Portada\",\"item\":\"https:\\\/\\\/www.fundacioires.org\\\/\"},{\"@type\":\"ListItem\",\"position\":2,\"name\":\"\u2018Apadrina una carta\u2019: la campanya m\u00e9s m\u00e0gica per acabar l\u2019any\"}]},{\"@type\":\"WebSite\",\"@id\":\"https:\\\/\\\/www.fundacioires.org\\\/#website\",\"url\":\"https:\\\/\\\/www.fundacioires.org\\\/\",\"name\":\"Fundaci\u00f3 IRES\",\"description\":\"\",\"publisher\":{\"@id\":\"https:\\\/\\\/www.fundacioires.org\\\/#organization\"},\"potentialAction\":[{\"@type\":\"SearchAction\",\"target\":{\"@type\":\"EntryPoint\",\"urlTemplate\":\"https:\\\/\\\/www.fundacioires.org\\\/?s={search_term_string}\"},\"query-input\":{\"@type\":\"PropertyValueSpecification\",\"valueRequired\":true,\"valueName\":\"search_term_string\"}}],\"inLanguage\":\"ca-ES\"},{\"@type\":\"Organization\",\"@id\":\"https:\\\/\\\/www.fundacioires.org\\\/#organization\",\"name\":\"Fundanci\u00f3n IRES\",\"url\":\"https:\\\/\\\/www.fundacioires.org\\\/\",\"logo\":{\"@type\":\"ImageObject\",\"inLanguage\":\"ca-ES\",\"@id\":\"https:\\\/\\\/www.fundacioires.org\\\/#\\\/schema\\\/logo\\\/image\\\/\",\"url\":\"https:\\\/\\\/i0.wp.com\\\/www.fundacioires.org\\\/wp-content\\\/uploads\\\/faviconIRES.png?fit=32%2C32&ssl=1\",\"contentUrl\":\"https:\\\/\\\/i0.wp.com\\\/www.fundacioires.org\\\/wp-content\\\/uploads\\\/faviconIRES.png?fit=32%2C32&ssl=1\",\"width\":32,\"height\":32,\"caption\":\"Fundanci\u00f3n IRES\"},\"image\":{\"@id\":\"https:\\\/\\\/www.fundacioires.org\\\/#\\\/schema\\\/logo\\\/image\\\/\"}},{\"@type\":\"Person\",\"@id\":\"https:\\\/\\\/www.fundacioires.org\\\/#\\\/schema\\\/person\\\/160af843c565221ef4664a5c7000791c\",\"name\":\"Fundaci\u00f3 IRES\"}]}<\/script>\n<!-- \/ Yoast SEO plugin. -->","yoast_head_json":{"title":"\u2018Apadrina una carta\u2019: la campanya m\u00e9s m\u00e0gica per acabar l\u2019any - Fundaci\u00f3 IRES","robots":{"index":"index","follow":"follow","max-snippet":"max-snippet:-1","max-image-preview":"max-image-preview:large","max-video-preview":"max-video-preview:-1"},"canonical":"https:\/\/www.fundacioires.org\/ca\/apadrina-una-carta-la-campanya-mes-magica-per-acabar-lany\/","og_locale":"ca_ES","og_type":"article","og_title":"\u2018Apadrina una carta\u2019: la campanya m\u00e9s m\u00e0gica per acabar l\u2019any - Fundaci\u00f3 IRES","og_description":"Des de la Fundaci\u00f3 IRES hem impulsat una iniciativa per aconseguir que tots els infants que atenem des de Fundaci\u00f3 IRES, rebin regals pel Dia de Reis.","og_url":"https:\/\/www.fundacioires.org\/ca\/apadrina-una-carta-la-campanya-mes-magica-per-acabar-lany\/","og_site_name":"Fundaci\u00f3 IRES","article_published_time":"2019-12-20T11:43:17+00:00","article_modified_time":"2019-12-30T11:45:10+00:00","og_image":[{"width":961,"height":538,"url":"https:\/\/i0.wp.com\/www.fundacioires.org\/wp-content\/uploads\/APADRINA-1.png?fit=961%2C538&ssl=1","type":"image\/png"}],"author":"Fundaci\u00f3 IRES","twitter_card":"summary_large_image","twitter_misc":{"Written by":"Fundaci\u00f3 IRES","Est. reading time":"1 minute"},"schema":{"@context":"https:\/\/schema.org","@graph":[{"@type":"Article","@id":"https:\/\/www.fundacioires.org\/ca\/apadrina-una-carta-la-campanya-mes-magica-per-acabar-lany\/#article","isPartOf":{"@id":"https:\/\/www.fundacioires.org\/ca\/apadrina-una-carta-la-campanya-mes-magica-per-acabar-lany\/"},"author":{"name":"Fundaci\u00f3 IRES","@id":"https:\/\/www.fundacioires.org\/#\/schema\/person\/160af843c565221ef4664a5c7000791c"},"headline":"\u2018Apadrina una carta\u2019: la campanya m\u00e9s m\u00e0gica per acabar l\u2019any","datePublished":"2019-12-20T11:43:17+00:00","dateModified":"2019-12-30T11:45:10+00:00","mainEntityOfPage":{"@id":"https:\/\/www.fundacioires.org\/ca\/apadrina-una-carta-la-campanya-mes-magica-per-acabar-lany\/"},"wordCount":142,"publisher":{"@id":"https:\/\/www.fundacioires.org\/#organization"},"image":{"@id":"https:\/\/www.fundacioires.org\/ca\/apadrina-una-carta-la-campanya-mes-magica-per-acabar-lany\/#primaryimage"},"thumbnailUrl":"https:\/\/i0.wp.com\/www.fundacioires.org\/wp-content\/uploads\/APADRINA-1.png?fit=961%2C538&ssl=1","articleSection":["Campanyes de captaci\u00f3 i sensibilitzaci\u00f3"],"inLanguage":"ca-ES"},{"@type":"WebPage","@id":"https:\/\/www.fundacioires.org\/ca\/apadrina-una-carta-la-campanya-mes-magica-per-acabar-lany\/","url":"https:\/\/www.fundacioires.org\/ca\/apadrina-una-carta-la-campanya-mes-magica-per-acabar-lany\/","name":"\u2018Apadrina una carta\u2019: la campanya m\u00e9s m\u00e0gica per acabar l\u2019any - Fundaci\u00f3 IRES","isPartOf":{"@id":"https:\/\/www.fundacioires.org\/#website"},"primaryImageOfPage":{"@id":"https:\/\/www.fundacioires.org\/ca\/apadrina-una-carta-la-campanya-mes-magica-per-acabar-lany\/#primaryimage"},"image":{"@id":"https:\/\/www.fundacioires.org\/ca\/apadrina-una-carta-la-campanya-mes-magica-per-acabar-lany\/#primaryimage"},"thumbnailUrl":"https:\/\/i0.wp.com\/www.fundacioires.org\/wp-content\/uploads\/APADRINA-1.png?fit=961%2C538&ssl=1","datePublished":"2019-12-20T11:43:17+00:00","dateModified":"2019-12-30T11:45:10+00:00","breadcrumb":{"@id":"https:\/\/www.fundacioires.org\/ca\/apadrina-una-carta-la-campanya-mes-magica-per-acabar-lany\/#breadcrumb"},"inLanguage":"ca-ES","potentialAction":[{"@type":"ReadAction","target":["https:\/\/www.fundacioires.org\/ca\/apadrina-una-carta-la-campanya-mes-magica-per-acabar-lany\/"]}]},{"@type":"ImageObject","inLanguage":"ca-ES","@id":"https:\/\/www.fundacioires.org\/ca\/apadrina-una-carta-la-campanya-mes-magica-per-acabar-lany\/#primaryimage","url":"https:\/\/i0.wp.com\/www.fundacioires.org\/wp-content\/uploads\/APADRINA-1.png?fit=961%2C538&ssl=1","contentUrl":"https:\/\/i0.wp.com\/www.fundacioires.org\/wp-content\/uploads\/APADRINA-1.png?fit=961%2C538&ssl=1","width":961,"height":538},{"@type":"BreadcrumbList","@id":"https:\/\/www.fundacioires.org\/ca\/apadrina-una-carta-la-campanya-mes-magica-per-acabar-lany\/#breadcrumb","itemListElement":[{"@type":"ListItem","position":1,"name":"Portada","item":"https:\/\/www.fundacioires.org\/"},{"@type":"ListItem","position":2,"name":"\u2018Apadrina una carta\u2019: la campanya m\u00e9s m\u00e0gica per acabar l\u2019any"}]},{"@type":"WebSite","@id":"https:\/\/www.fundacioires.org\/#website","url":"https:\/\/www.fundacioires.org\/","name":"Fundaci\u00f3 IRES","description":"","publisher":{"@id":"https:\/\/www.fundacioires.org\/#organization"},"potentialAction":[{"@type":"SearchAction","target":{"@type":"EntryPoint","urlTemplate":"https:\/\/www.fundacioires.org\/?s={search_term_string}"},"query-input":{"@type":"PropertyValueSpecification","valueRequired":true,"valueName":"search_term_string"}}],"inLanguage":"ca-ES"},{"@type":"Organization","@id":"https:\/\/www.fundacioires.org\/#organization","name":"Fundanci\u00f3n IRES","url":"https:\/\/www.fundacioires.org\/","logo":{"@type":"ImageObject","inLanguage":"ca-ES","@id":"https:\/\/www.fundacioires.org\/#\/schema\/logo\/image\/","url":"https:\/\/i0.wp.com\/www.fundacioires.org\/wp-content\/uploads\/faviconIRES.png?fit=32%2C32&ssl=1","contentUrl":"https:\/\/i0.wp.com\/www.fundacioires.org\/wp-content\/uploads\/faviconIRES.png?fit=32%2C32&ssl=1","width":32,"height":32,"caption":"Fundanci\u00f3n IRES"},"image":{"@id":"https:\/\/www.fundacioires.org\/#\/schema\/logo\/image\/"}},{"@type":"Person","@id":"https:\/\/www.fundacioires.org\/#\/schema\/person\/160af843c565221ef4664a5c7000791c","name":"Fundaci\u00f3 IRES"}]}},"jetpack_featured_media_url":"https:\/\/i0.wp.com\/www.fundacioires.org\/wp-content\/uploads\/APADRINA-1.png?fit=961%2C538&ssl=1","jetpack_sharing_enabled":true,"_links":{"self":[{"href":"https:\/\/www.fundacioires.org\/ca\/wp-json\/wp\/v2\/posts\/19937","targetHints":{"allow":["GET"]}}],"collection":[{"href":"https:\/\/www.fundacioires.org\/ca\/wp-json\/wp\/v2\/posts"}],"about":[{"href":"https:\/\/www.fundacioires.org\/ca\/wp-json\/wp\/v2\/types\/post"}],"author":[{"embeddable":true,"href":"https:\/\/www.fundacioires.org\/ca\/wp-json\/wp\/v2\/users\/7"}],"replies":[{"embeddable":true,"href":"https:\/\/www.fundacioires.org\/ca\/wp-json\/wp\/v2\/comments?post=19937"}],"version-history":[{"count":2,"href":"https:\/\/www.fundacioires.org\/ca\/wp-json\/wp\/v2\/posts\/19937\/revisions"}],"predecessor-version":[{"id":19943,"href":"https:\/\/www.fundacioires.org\/ca\/wp-json\/wp\/v2\/posts\/19937\/revisions\/19943"}],"wp:featuredmedia":[{"embeddable":true,"href":"https:\/\/www.fundacioires.org\/ca\/wp-json\/wp\/v2\/media\/19940"}],"wp:attachment":[{"href":"https:\/\/www.fundacioires.org\/ca\/wp-json\/wp\/v2\/media?parent=19937"}],"wp:term":[{"taxonomy":"category","embeddable":true,"href":"https:\/\/www.fundacioires.org\/ca\/wp-json\/wp\/v2\/categories?post=19937"},{"taxonomy":"post_tag","embeddable":true,"href":"https:\/\/www.fundacioires.org\/ca\/wp-json\/wp\/v2\/tags?post=19937"}],"curies":[{"name":"wp","href":"https:\/\/api.w.org\/{rel}","templated":true}]}}