{"id":19965,"date":"2020-01-03T15:46:34","date_gmt":"2020-01-03T14:46:34","guid":{"rendered":"https:\/\/www.fundacioires.org\/?p=19965"},"modified":"2020-01-03T16:47:35","modified_gmt":"2020-01-03T15:47:35","slug":"la-magia-es-lespera-7-consells-per-viure-amb-il%c2%b7lusio-i-en-familia-la-nit-de-reis","status":"publish","type":"post","link":"https:\/\/www.fundacioires.org\/ca\/la-magia-es-lespera-7-consells-per-viure-amb-il%c2%b7lusio-i-en-familia-la-nit-de-reis\/","title":{"rendered":"La m\u00e0gia \u00e9s l\u2019espera: 7 consells per viure amb il\u00b7lusi\u00f3 i en fam\u00edlia la Nit de reis"},"content":{"rendered":"\n<p>En aquestes dates, tot i la diversitat cultural que ens envolta, els infants viuen amb especial il\u00b7lusi\u00f3 l\u2019arribada dels reis, el pare Noel, el Ti\u00f3&#8230; Rebre un regal sempre \u00e9s una cosa que agrada. Per\u00f2 com tot en aquesta vida,<strong> la m\u00e0gia de la nit dels reis \u00e9s viure l\u2019espera<\/strong>, imaginar qu\u00e8 podr\u00e0 ser el que et duguin els reis, deixar volar la imaginaci\u00f3 i estar expectant que arribi el mat\u00ed per aixecar-te amb la il\u00b7lusi\u00f3 d\u2019obrir un paquet embolicat &nbsp;de desitjos.<\/p>\n\n\n\n<p><strong>Si<\/strong> <strong>comparem la nit de reis amb un viatge, el regal, que seria el dest\u00ed, no \u00e9s el m\u00e9s important, sin\u00f3 el que sents durant el viatge. <\/strong>\u00c9s a dir la quantitat d\u2019emocions que et susciten l\u2019espera d\u2019aquest regal. <\/p>\n\n\n\n<p>M\u00e9s enll\u00e0 que et duguin el regal m\u00e9s impressionant o m\u00e9s car, o all\u00f2 que tothom t\u00e9 i tu tamb\u00e9 vols, <strong>el m\u00e9s important \u00e9s vestir aquests dies d\u2019il\u00b7lusi\u00f3 i aprofitar per aprendre a conformar-nos amb el que tenim<\/strong>, aprenent a valorar-ho i procurant que la m\u00e0gia no estigui en el regal en si, sin\u00f3 en la il\u00b7lusi\u00f3 i emoci\u00f3 que es genera davant l\u2019expectativa de rebre un obsequi.<\/p>\n\n\n\n<blockquote class=\"wp-block-quote is-layout-flow wp-block-quote-is-layout-flow\"><p>La<strong> il\u00b7lusi\u00f3, la inquietud i els nervis positius; per\u00f2 tamb\u00e9 l\u2019empatia, la comprensi\u00f3, la solidaritat.<\/strong> <\/p><\/blockquote>\n\n\n\n<figure class=\"wp-block-image\"><img loading=\"lazy\" decoding=\"async\" width=\"1200\" height=\"628\" src=\"https:\/\/i1.wp.com\/www.fundacioires.org\/wp-content\/uploads\/6-2.png?fit=1024%2C536&amp;ssl=1\" alt=\"Nen rebent un regal\" class=\"wp-image-19968\" srcset=\"https:\/\/i0.wp.com\/www.fundacioires.org\/wp-content\/uploads\/6-2.png?w=1200&amp;ssl=1 1200w, https:\/\/i0.wp.com\/www.fundacioires.org\/wp-content\/uploads\/6-2.png?resize=300%2C157&amp;ssl=1 300w, https:\/\/i0.wp.com\/www.fundacioires.org\/wp-content\/uploads\/6-2.png?resize=768%2C402&amp;ssl=1 768w, https:\/\/i0.wp.com\/www.fundacioires.org\/wp-content\/uploads\/6-2.png?resize=1024%2C536&amp;ssl=1 1024w\" sizes=\"(max-width: 1000px) 100vw, 1000px\" \/><\/figure>\n\n\n\n<p>\u00c9s important generar il\u00b7lusi\u00f3 en els infants, deixar que la seva imaginaci\u00f3 voli. <strong>\u00c9s un bon moment per ensenyar a identificar i a manejar emocions com l\u2019espera, la il\u00b7lusi\u00f3, la inquietud i els nervis positius; per\u00f2 tamb\u00e9 l\u2019empatia, la comprensi\u00f3, la solidaritat.<\/strong> Sens dubte, s\u2019ha de recon\u00e8ixer que la tradici\u00f3 de l\u2019esgl\u00e9sia cat\u00f2lica t\u00e9 el millor departament de m\u00e0rqueting de la hist\u00f2ria. <\/p>\n\n\n\n<p>Moltes fam\u00edlies s\u2019amo\u00efnen per no poder oferir als seus \u00e9ssers estimats els recursos que voldrien per\u00f2 hem d\u2019insistir en la idea que \u00e9s m\u00e9s important el proc\u00e9s de l\u2019espera i les il\u00b7lusions que es generen que el mateix regal. <strong>Sense menysprear els sentiments de frustraci\u00f3 que puguin tenir aquelles fam\u00edlies amb dificultats,<\/strong> que no puguin permetre\u2019s comprar el regal que el seu fill o filla demana, els hi plantegem l\u2019oportunitat que tenen de t<strong>reballar amb els seus infants la import\u00e0ncia de valorar altres coses que s\u00ed que tenen <\/strong>i que d\u2019altres persones potser no&#8230;<\/p>\n\n\n\n<p>Hem de fer conscients als m\u00e9s petits i petites de la casa que <strong>han d\u2019aprendre a valorar els recursos que tenen en el seu entorn<\/strong> i de tant en tant, explicar que tot i que soni a molt antic, els nostres avis i \u00e0vies vivien amb la mateixa il\u00b7lusi\u00f3 que els nens i nenes d\u2019avui en dia la nit de Reis Mags, i que, en el seu cas, potser nom\u00e9s rebien una joguina de cartr\u00f3, o una llaminadura, per\u00f2 que m\u00e9s enll\u00e0 del regal, la m\u00e0gia es trobava en l\u2019espera.<\/p>\n\n\n\n<p><strong>Com preparem els reis al projecte Casal en\nfam\u00edlia?<\/strong><\/p>\n\n\n\n<p>El projecte Casal en fam\u00edlia \u00e9s un espai d&#8217;acompanyament per a fam\u00edlies en\nsituaci\u00f3 vulnerable, on treballem amb persones adultes i infants des de la\nrelaci\u00f3 i el vincle per impulsar el seu apoderament.<\/p>\n\n\n\n<p>No podem oblidar que els nens i les nenes de fam\u00edlies vulnerables tenen la mateixa il\u00b7lusi\u00f3 que la resta de nens i nenes. Creiem important que puguin rebre aquell regal que tanta il\u00b7lusi\u00f3 els fa. Les mares i pares, sobretot, i els equips d\u2019educadors i educadores, els coneixem b\u00e9 i els podem ajudar a triar-lo per assegurar que \u00e9s el que m\u00e9s coincideix amb els seus gustos i prefer\u00e8ncies a l\u2019hora de jugar: joc simb\u00f2lic, creatiu, esportiu\u2026 I <strong>deixar de banda la influ\u00e8ncia de la publicitat, que sovint dificulta el fet de poder triar en funci\u00f3 dels propis gustos i interessos.<\/strong><\/p>\n\n\n\n<figure class=\"wp-block-image\"><img loading=\"lazy\" decoding=\"async\" width=\"1200\" height=\"628\" src=\"https:\/\/i2.wp.com\/www.fundacioires.org\/wp-content\/uploads\/5-2.png?fit=1024%2C536&amp;ssl=1\" alt=\"Foto d'un infant fent manualitats \" class=\"wp-image-19970\" srcset=\"https:\/\/i0.wp.com\/www.fundacioires.org\/wp-content\/uploads\/5-2.png?w=1200&amp;ssl=1 1200w, https:\/\/i0.wp.com\/www.fundacioires.org\/wp-content\/uploads\/5-2.png?resize=300%2C157&amp;ssl=1 300w, https:\/\/i0.wp.com\/www.fundacioires.org\/wp-content\/uploads\/5-2.png?resize=768%2C402&amp;ssl=1 768w, https:\/\/i0.wp.com\/www.fundacioires.org\/wp-content\/uploads\/5-2.png?resize=1024%2C536&amp;ssl=1 1024w\" sizes=\"(max-width: 1000px) 100vw, 1000px\" \/><\/figure>\n\n\n\n<p>A l\u2019ecosistema de projectes del districte de Sant Mart\u00ed, per exemple, a la Fundaci\u00f3 IRES hem dut a terme la campanya<strong><em> <a href=\"https:\/\/www.fundacioires.org\/ca\/apadrina-una-carta-la-campanya-mes-magica-per-acabar-lany\/\" target=\"_blank\" rel=\"noreferrer noopener\" aria-label=\"Apadrina una carta (opens in a new tab)\">Apadrina una carta<\/a> <\/em><\/strong>perqu\u00e8 cada infant tingui aquella joguina que m\u00e9s l\u2019il\u00b7lusiona. Tot un \u00e8xit de participaci\u00f3 i il\u00b7lusi\u00f3! Hi han aparegut 80 reis i reines m\u00e0giques, que han estat padrins i padrines dels desitjos de molts nens i nenes.<\/p>\n\n\n\n<p>A totes les fam\u00edlies: molts \u00e0nims per dur a terme tota l\u2019operativa pre Reis,\ni us animem tamb\u00e9 a deixar-vos endur per la il\u00b7lusi\u00f3 d\u2019aquests dies, sobretot,\nd\u2019una de les nits m\u00e9s m\u00e0giques de l\u2019any amb els vostres petits.<\/p>\n\n\n\n<p>Us deixem a m\u00e9s <strong>7 consells per viure amb il\u00b7lusi\u00f3 i en fam\u00edlia la Nit de reis<\/strong>.<\/p>\n\n\n\n<figure class=\"wp-block-image\"><img loading=\"lazy\" decoding=\"async\" width=\"1587\" height=\"2245\" src=\"https:\/\/i1.wp.com\/www.fundacioires.org\/wp-content\/uploads\/for-the-benefit-of-st.-marys-center-2.png?fit=724%2C1024&amp;ssl=1\" alt=\"7 consells per viure amb il\u00b7lusi\u00f3 i en fam\u00edlia la Nit de Reis\" class=\"wp-image-19984\" srcset=\"https:\/\/i0.wp.com\/www.fundacioires.org\/wp-content\/uploads\/for-the-benefit-of-st.-marys-center-2.png?w=1587&amp;ssl=1 1587w, https:\/\/i0.wp.com\/www.fundacioires.org\/wp-content\/uploads\/for-the-benefit-of-st.-marys-center-2.png?resize=212%2C300&amp;ssl=1 212w, https:\/\/i0.wp.com\/www.fundacioires.org\/wp-content\/uploads\/for-the-benefit-of-st.-marys-center-2.png?resize=768%2C1086&amp;ssl=1 768w, https:\/\/i0.wp.com\/www.fundacioires.org\/wp-content\/uploads\/for-the-benefit-of-st.-marys-center-2.png?resize=724%2C1024&amp;ssl=1 724w\" sizes=\"(max-width: 1000px) 100vw, 1000px\" \/><figcaption><strong><a href=\"https:\/\/www.fundacioires.org\/wp-content\/uploads\/7-consells-per-viure-amb-il\u00b7lusi\u00f3-i-en-fam\u00edlia-la-Nit-de-Reis.pdf\" target=\"_blank\" rel=\"noreferrer noopener\" aria-label=\"Tamb\u00e9 us podeu descarregar el llistat aqu\u00ed. (opens in a new tab)\">Tamb\u00e9 us podeu descarregar el llistat aqu\u00ed.<\/a><\/strong><\/figcaption><\/figure>\n\n\n\n<figure class=\"wp-block-image\"><img loading=\"lazy\" decoding=\"async\" width=\"1200\" height=\"628\" src=\"https:\/\/i0.wp.com\/www.fundacioires.org\/wp-content\/uploads\/3-4.png?fit=1024%2C536&amp;ssl=1\" alt=\"Nena amb decorat de nadal\" class=\"wp-image-19972\" srcset=\"https:\/\/i0.wp.com\/www.fundacioires.org\/wp-content\/uploads\/3-4.png?w=1200&amp;ssl=1 1200w, https:\/\/i0.wp.com\/www.fundacioires.org\/wp-content\/uploads\/3-4.png?resize=300%2C157&amp;ssl=1 300w, https:\/\/i0.wp.com\/www.fundacioires.org\/wp-content\/uploads\/3-4.png?resize=768%2C402&amp;ssl=1 768w, https:\/\/i0.wp.com\/www.fundacioires.org\/wp-content\/uploads\/3-4.png?resize=1024%2C536&amp;ssl=1 1024w\" sizes=\"(max-width: 1000px) 100vw, 1000px\" \/><\/figure>\n","protected":false},"excerpt":{"rendered":"<p>Il\u00b7lusi\u00f3, imaginaci\u00f3&#8230; Qu\u00e8 hi ha darrere de demanar la carta als reis per als infants? Compartim la reflexi\u00f3 de la Mireia Hernando i el Daniel Jim\u00e9nez, coordinadors de projectes d\u2019atenci\u00f3 integral a les fam\u00edlies de la Fundaci\u00f3 IRES<\/p>\n","protected":false},"author":7,"featured_media":19966,"comment_status":"closed","ping_status":"open","sticky":false,"template":"","format":"standard","meta":{"_jetpack_memberships_contains_paid_content":false,"footnotes":""},"categories":[19],"tags":[39],"class_list":["post-19965","post","type-post","status-publish","format-standard","has-post-thumbnail","hentry","category-ires-blog","tag-casal-en-familia"],"yoast_head":"<!-- This site is optimized with the Yoast SEO plugin v27.4 - https:\/\/yoast.com\/product\/yoast-seo-wordpress\/ -->\n<title>La m\u00e0gia \u00e9s l\u2019espera: 7 consells per viure amb il\u00b7lusi\u00f3 i en fam\u00edlia la Nit de reis - Fundaci\u00f3 IRES<\/title>\n<meta name=\"robots\" content=\"index, follow, max-snippet:-1, max-image-preview:large, max-video-preview:-1\" \/>\n<link rel=\"canonical\" href=\"https:\/\/www.fundacioires.org\/ca\/la-magia-es-lespera-7-consells-per-viure-amb-il\u00b7lusio-i-en-familia-la-nit-de-reis\/\" \/>\n<meta property=\"og:locale\" content=\"ca_ES\" \/>\n<meta property=\"og:type\" content=\"article\" \/>\n<meta property=\"og:title\" content=\"La m\u00e0gia \u00e9s l\u2019espera: 7 consells per viure amb il\u00b7lusi\u00f3 i en fam\u00edlia la Nit de reis - Fundaci\u00f3 IRES\" \/>\n<meta property=\"og:description\" content=\"Il\u00b7lusi\u00f3, imaginaci\u00f3... Qu\u00e8 hi ha darrere de demanar la carta als reis per als infants? Compartim la reflexi\u00f3 de la Mireia Hernando i el Daniel Jim\u00e9nez, coordinadors de projectes d\u2019atenci\u00f3 integral a les fam\u00edlies de la Fundaci\u00f3 IRES\" \/>\n<meta property=\"og:url\" content=\"https:\/\/www.fundacioires.org\/ca\/la-magia-es-lespera-7-consells-per-viure-amb-il\u00b7lusio-i-en-familia-la-nit-de-reis\/\" \/>\n<meta property=\"og:site_name\" content=\"Fundaci\u00f3 IRES\" \/>\n<meta property=\"article:published_time\" content=\"2020-01-03T14:46:34+00:00\" \/>\n<meta property=\"article:modified_time\" content=\"2020-01-03T15:47:35+00:00\" \/>\n<meta property=\"og:image\" content=\"https:\/\/i0.wp.com\/www.fundacioires.org\/wp-content\/uploads\/1-13.png?fit=1200%2C628&ssl=1\" \/>\n\t<meta property=\"og:image:width\" content=\"1200\" \/>\n\t<meta property=\"og:image:height\" content=\"628\" \/>\n\t<meta property=\"og:image:type\" content=\"image\/png\" \/>\n<meta name=\"author\" content=\"Fundaci\u00f3 IRES\" \/>\n<meta name=\"twitter:card\" content=\"summary_large_image\" \/>\n<meta name=\"twitter:label1\" content=\"Written by\" \/>\n\t<meta name=\"twitter:data1\" content=\"Fundaci\u00f3 IRES\" \/>\n\t<meta name=\"twitter:label2\" content=\"Est. reading time\" \/>\n\t<meta name=\"twitter:data2\" content=\"4 minutes\" \/>\n<script type=\"application\/ld+json\" class=\"yoast-schema-graph\">{\"@context\":\"https:\\\/\\\/schema.org\",\"@graph\":[{\"@type\":\"Article\",\"@id\":\"https:\\\/\\\/www.fundacioires.org\\\/ca\\\/la-magia-es-lespera-7-consells-per-viure-amb-il%c2%b7lusio-i-en-familia-la-nit-de-reis\\\/#article\",\"isPartOf\":{\"@id\":\"https:\\\/\\\/www.fundacioires.org\\\/ca\\\/la-magia-es-lespera-7-consells-per-viure-amb-il%c2%b7lusio-i-en-familia-la-nit-de-reis\\\/\"},\"author\":{\"name\":\"Fundaci\u00f3 IRES\",\"@id\":\"https:\\\/\\\/www.fundacioires.org\\\/#\\\/schema\\\/person\\\/160af843c565221ef4664a5c7000791c\"},\"headline\":\"La m\u00e0gia \u00e9s l\u2019espera: 7 consells per viure amb il\u00b7lusi\u00f3 i en fam\u00edlia la Nit de reis\",\"datePublished\":\"2020-01-03T14:46:34+00:00\",\"dateModified\":\"2020-01-03T15:47:35+00:00\",\"mainEntityOfPage\":{\"@id\":\"https:\\\/\\\/www.fundacioires.org\\\/ca\\\/la-magia-es-lespera-7-consells-per-viure-amb-il%c2%b7lusio-i-en-familia-la-nit-de-reis\\\/\"},\"wordCount\":821,\"publisher\":{\"@id\":\"https:\\\/\\\/www.fundacioires.org\\\/#organization\"},\"image\":{\"@id\":\"https:\\\/\\\/www.fundacioires.org\\\/ca\\\/la-magia-es-lespera-7-consells-per-viure-amb-il%c2%b7lusio-i-en-familia-la-nit-de-reis\\\/#primaryimage\"},\"thumbnailUrl\":\"https:\\\/\\\/i0.wp.com\\\/www.fundacioires.org\\\/wp-content\\\/uploads\\\/1-13.png?fit=1200%2C628&ssl=1\",\"keywords\":[\"Casal en fam\u00edlia\"],\"articleSection\":[\"IRES-Blog\"],\"inLanguage\":\"ca-ES\"},{\"@type\":\"WebPage\",\"@id\":\"https:\\\/\\\/www.fundacioires.org\\\/ca\\\/la-magia-es-lespera-7-consells-per-viure-amb-il%c2%b7lusio-i-en-familia-la-nit-de-reis\\\/\",\"url\":\"https:\\\/\\\/www.fundacioires.org\\\/ca\\\/la-magia-es-lespera-7-consells-per-viure-amb-il%c2%b7lusio-i-en-familia-la-nit-de-reis\\\/\",\"name\":\"La m\u00e0gia \u00e9s l\u2019espera: 7 consells per viure amb il\u00b7lusi\u00f3 i en fam\u00edlia la Nit de reis - Fundaci\u00f3 IRES\",\"isPartOf\":{\"@id\":\"https:\\\/\\\/www.fundacioires.org\\\/#website\"},\"primaryImageOfPage\":{\"@id\":\"https:\\\/\\\/www.fundacioires.org\\\/ca\\\/la-magia-es-lespera-7-consells-per-viure-amb-il%c2%b7lusio-i-en-familia-la-nit-de-reis\\\/#primaryimage\"},\"image\":{\"@id\":\"https:\\\/\\\/www.fundacioires.org\\\/ca\\\/la-magia-es-lespera-7-consells-per-viure-amb-il%c2%b7lusio-i-en-familia-la-nit-de-reis\\\/#primaryimage\"},\"thumbnailUrl\":\"https:\\\/\\\/i0.wp.com\\\/www.fundacioires.org\\\/wp-content\\\/uploads\\\/1-13.png?fit=1200%2C628&ssl=1\",\"datePublished\":\"2020-01-03T14:46:34+00:00\",\"dateModified\":\"2020-01-03T15:47:35+00:00\",\"breadcrumb\":{\"@id\":\"https:\\\/\\\/www.fundacioires.org\\\/ca\\\/la-magia-es-lespera-7-consells-per-viure-amb-il%c2%b7lusio-i-en-familia-la-nit-de-reis\\\/#breadcrumb\"},\"inLanguage\":\"ca-ES\",\"potentialAction\":[{\"@type\":\"ReadAction\",\"target\":[\"https:\\\/\\\/www.fundacioires.org\\\/ca\\\/la-magia-es-lespera-7-consells-per-viure-amb-il%c2%b7lusio-i-en-familia-la-nit-de-reis\\\/\"]}]},{\"@type\":\"ImageObject\",\"inLanguage\":\"ca-ES\",\"@id\":\"https:\\\/\\\/www.fundacioires.org\\\/ca\\\/la-magia-es-lespera-7-consells-per-viure-amb-il%c2%b7lusio-i-en-familia-la-nit-de-reis\\\/#primaryimage\",\"url\":\"https:\\\/\\\/i0.wp.com\\\/www.fundacioires.org\\\/wp-content\\\/uploads\\\/1-13.png?fit=1200%2C628&ssl=1\",\"contentUrl\":\"https:\\\/\\\/i0.wp.com\\\/www.fundacioires.org\\\/wp-content\\\/uploads\\\/1-13.png?fit=1200%2C628&ssl=1\",\"width\":1200,\"height\":628},{\"@type\":\"BreadcrumbList\",\"@id\":\"https:\\\/\\\/www.fundacioires.org\\\/ca\\\/la-magia-es-lespera-7-consells-per-viure-amb-il%c2%b7lusio-i-en-familia-la-nit-de-reis\\\/#breadcrumb\",\"itemListElement\":[{\"@type\":\"ListItem\",\"position\":1,\"name\":\"Portada\",\"item\":\"https:\\\/\\\/www.fundacioires.org\\\/\"},{\"@type\":\"ListItem\",\"position\":2,\"name\":\"La m\u00e0gia \u00e9s l\u2019espera: 7 consells per viure amb il\u00b7lusi\u00f3 i en fam\u00edlia la Nit de reis\"}]},{\"@type\":\"WebSite\",\"@id\":\"https:\\\/\\\/www.fundacioires.org\\\/#website\",\"url\":\"https:\\\/\\\/www.fundacioires.org\\\/\",\"name\":\"Fundaci\u00f3 IRES\",\"description\":\"\",\"publisher\":{\"@id\":\"https:\\\/\\\/www.fundacioires.org\\\/#organization\"},\"potentialAction\":[{\"@type\":\"SearchAction\",\"target\":{\"@type\":\"EntryPoint\",\"urlTemplate\":\"https:\\\/\\\/www.fundacioires.org\\\/?s={search_term_string}\"},\"query-input\":{\"@type\":\"PropertyValueSpecification\",\"valueRequired\":true,\"valueName\":\"search_term_string\"}}],\"inLanguage\":\"ca-ES\"},{\"@type\":\"Organization\",\"@id\":\"https:\\\/\\\/www.fundacioires.org\\\/#organization\",\"name\":\"Fundanci\u00f3n IRES\",\"url\":\"https:\\\/\\\/www.fundacioires.org\\\/\",\"logo\":{\"@type\":\"ImageObject\",\"inLanguage\":\"ca-ES\",\"@id\":\"https:\\\/\\\/www.fundacioires.org\\\/#\\\/schema\\\/logo\\\/image\\\/\",\"url\":\"https:\\\/\\\/i0.wp.com\\\/www.fundacioires.org\\\/wp-content\\\/uploads\\\/faviconIRES.png?fit=32%2C32&ssl=1\",\"contentUrl\":\"https:\\\/\\\/i0.wp.com\\\/www.fundacioires.org\\\/wp-content\\\/uploads\\\/faviconIRES.png?fit=32%2C32&ssl=1\",\"width\":32,\"height\":32,\"caption\":\"Fundanci\u00f3n IRES\"},\"image\":{\"@id\":\"https:\\\/\\\/www.fundacioires.org\\\/#\\\/schema\\\/logo\\\/image\\\/\"}},{\"@type\":\"Person\",\"@id\":\"https:\\\/\\\/www.fundacioires.org\\\/#\\\/schema\\\/person\\\/160af843c565221ef4664a5c7000791c\",\"name\":\"Fundaci\u00f3 IRES\"}]}<\/script>\n<!-- \/ Yoast SEO plugin. -->","yoast_head_json":{"title":"La m\u00e0gia \u00e9s l\u2019espera: 7 consells per viure amb il\u00b7lusi\u00f3 i en fam\u00edlia la Nit de reis - Fundaci\u00f3 IRES","robots":{"index":"index","follow":"follow","max-snippet":"max-snippet:-1","max-image-preview":"max-image-preview:large","max-video-preview":"max-video-preview:-1"},"canonical":"https:\/\/www.fundacioires.org\/ca\/la-magia-es-lespera-7-consells-per-viure-amb-il\u00b7lusio-i-en-familia-la-nit-de-reis\/","og_locale":"ca_ES","og_type":"article","og_title":"La m\u00e0gia \u00e9s l\u2019espera: 7 consells per viure amb il\u00b7lusi\u00f3 i en fam\u00edlia la Nit de reis - Fundaci\u00f3 IRES","og_description":"Il\u00b7lusi\u00f3, imaginaci\u00f3... Qu\u00e8 hi ha darrere de demanar la carta als reis per als infants? Compartim la reflexi\u00f3 de la Mireia Hernando i el Daniel Jim\u00e9nez, coordinadors de projectes d\u2019atenci\u00f3 integral a les fam\u00edlies de la Fundaci\u00f3 IRES","og_url":"https:\/\/www.fundacioires.org\/ca\/la-magia-es-lespera-7-consells-per-viure-amb-il\u00b7lusio-i-en-familia-la-nit-de-reis\/","og_site_name":"Fundaci\u00f3 IRES","article_published_time":"2020-01-03T14:46:34+00:00","article_modified_time":"2020-01-03T15:47:35+00:00","og_image":[{"width":1200,"height":628,"url":"https:\/\/i0.wp.com\/www.fundacioires.org\/wp-content\/uploads\/1-13.png?fit=1200%2C628&ssl=1","type":"image\/png"}],"author":"Fundaci\u00f3 IRES","twitter_card":"summary_large_image","twitter_misc":{"Written by":"Fundaci\u00f3 IRES","Est. reading time":"4 minutes"},"schema":{"@context":"https:\/\/schema.org","@graph":[{"@type":"Article","@id":"https:\/\/www.fundacioires.org\/ca\/la-magia-es-lespera-7-consells-per-viure-amb-il%c2%b7lusio-i-en-familia-la-nit-de-reis\/#article","isPartOf":{"@id":"https:\/\/www.fundacioires.org\/ca\/la-magia-es-lespera-7-consells-per-viure-amb-il%c2%b7lusio-i-en-familia-la-nit-de-reis\/"},"author":{"name":"Fundaci\u00f3 IRES","@id":"https:\/\/www.fundacioires.org\/#\/schema\/person\/160af843c565221ef4664a5c7000791c"},"headline":"La m\u00e0gia \u00e9s l\u2019espera: 7 consells per viure amb il\u00b7lusi\u00f3 i en fam\u00edlia la Nit de reis","datePublished":"2020-01-03T14:46:34+00:00","dateModified":"2020-01-03T15:47:35+00:00","mainEntityOfPage":{"@id":"https:\/\/www.fundacioires.org\/ca\/la-magia-es-lespera-7-consells-per-viure-amb-il%c2%b7lusio-i-en-familia-la-nit-de-reis\/"},"wordCount":821,"publisher":{"@id":"https:\/\/www.fundacioires.org\/#organization"},"image":{"@id":"https:\/\/www.fundacioires.org\/ca\/la-magia-es-lespera-7-consells-per-viure-amb-il%c2%b7lusio-i-en-familia-la-nit-de-reis\/#primaryimage"},"thumbnailUrl":"https:\/\/i0.wp.com\/www.fundacioires.org\/wp-content\/uploads\/1-13.png?fit=1200%2C628&ssl=1","keywords":["Casal en fam\u00edlia"],"articleSection":["IRES-Blog"],"inLanguage":"ca-ES"},{"@type":"WebPage","@id":"https:\/\/www.fundacioires.org\/ca\/la-magia-es-lespera-7-consells-per-viure-amb-il%c2%b7lusio-i-en-familia-la-nit-de-reis\/","url":"https:\/\/www.fundacioires.org\/ca\/la-magia-es-lespera-7-consells-per-viure-amb-il%c2%b7lusio-i-en-familia-la-nit-de-reis\/","name":"La m\u00e0gia \u00e9s l\u2019espera: 7 consells per viure amb il\u00b7lusi\u00f3 i en fam\u00edlia la Nit de reis - Fundaci\u00f3 IRES","isPartOf":{"@id":"https:\/\/www.fundacioires.org\/#website"},"primaryImageOfPage":{"@id":"https:\/\/www.fundacioires.org\/ca\/la-magia-es-lespera-7-consells-per-viure-amb-il%c2%b7lusio-i-en-familia-la-nit-de-reis\/#primaryimage"},"image":{"@id":"https:\/\/www.fundacioires.org\/ca\/la-magia-es-lespera-7-consells-per-viure-amb-il%c2%b7lusio-i-en-familia-la-nit-de-reis\/#primaryimage"},"thumbnailUrl":"https:\/\/i0.wp.com\/www.fundacioires.org\/wp-content\/uploads\/1-13.png?fit=1200%2C628&ssl=1","datePublished":"2020-01-03T14:46:34+00:00","dateModified":"2020-01-03T15:47:35+00:00","breadcrumb":{"@id":"https:\/\/www.fundacioires.org\/ca\/la-magia-es-lespera-7-consells-per-viure-amb-il%c2%b7lusio-i-en-familia-la-nit-de-reis\/#breadcrumb"},"inLanguage":"ca-ES","potentialAction":[{"@type":"ReadAction","target":["https:\/\/www.fundacioires.org\/ca\/la-magia-es-lespera-7-consells-per-viure-amb-il%c2%b7lusio-i-en-familia-la-nit-de-reis\/"]}]},{"@type":"ImageObject","inLanguage":"ca-ES","@id":"https:\/\/www.fundacioires.org\/ca\/la-magia-es-lespera-7-consells-per-viure-amb-il%c2%b7lusio-i-en-familia-la-nit-de-reis\/#primaryimage","url":"https:\/\/i0.wp.com\/www.fundacioires.org\/wp-content\/uploads\/1-13.png?fit=1200%2C628&ssl=1","contentUrl":"https:\/\/i0.wp.com\/www.fundacioires.org\/wp-content\/uploads\/1-13.png?fit=1200%2C628&ssl=1","width":1200,"height":628},{"@type":"BreadcrumbList","@id":"https:\/\/www.fundacioires.org\/ca\/la-magia-es-lespera-7-consells-per-viure-amb-il%c2%b7lusio-i-en-familia-la-nit-de-reis\/#breadcrumb","itemListElement":[{"@type":"ListItem","position":1,"name":"Portada","item":"https:\/\/www.fundacioires.org\/"},{"@type":"ListItem","position":2,"name":"La m\u00e0gia \u00e9s l\u2019espera: 7 consells per viure amb il\u00b7lusi\u00f3 i en fam\u00edlia la Nit de reis"}]},{"@type":"WebSite","@id":"https:\/\/www.fundacioires.org\/#website","url":"https:\/\/www.fundacioires.org\/","name":"Fundaci\u00f3 IRES","description":"","publisher":{"@id":"https:\/\/www.fundacioires.org\/#organization"},"potentialAction":[{"@type":"SearchAction","target":{"@type":"EntryPoint","urlTemplate":"https:\/\/www.fundacioires.org\/?s={search_term_string}"},"query-input":{"@type":"PropertyValueSpecification","valueRequired":true,"valueName":"search_term_string"}}],"inLanguage":"ca-ES"},{"@type":"Organization","@id":"https:\/\/www.fundacioires.org\/#organization","name":"Fundanci\u00f3n IRES","url":"https:\/\/www.fundacioires.org\/","logo":{"@type":"ImageObject","inLanguage":"ca-ES","@id":"https:\/\/www.fundacioires.org\/#\/schema\/logo\/image\/","url":"https:\/\/i0.wp.com\/www.fundacioires.org\/wp-content\/uploads\/faviconIRES.png?fit=32%2C32&ssl=1","contentUrl":"https:\/\/i0.wp.com\/www.fundacioires.org\/wp-content\/uploads\/faviconIRES.png?fit=32%2C32&ssl=1","width":32,"height":32,"caption":"Fundanci\u00f3n IRES"},"image":{"@id":"https:\/\/www.fundacioires.org\/#\/schema\/logo\/image\/"}},{"@type":"Person","@id":"https:\/\/www.fundacioires.org\/#\/schema\/person\/160af843c565221ef4664a5c7000791c","name":"Fundaci\u00f3 IRES"}]}},"jetpack_featured_media_url":"https:\/\/i0.wp.com\/www.fundacioires.org\/wp-content\/uploads\/1-13.png?fit=1200%2C628&ssl=1","jetpack_sharing_enabled":true,"_links":{"self":[{"href":"https:\/\/www.fundacioires.org\/ca\/wp-json\/wp\/v2\/posts\/19965","targetHints":{"allow":["GET"]}}],"collection":[{"href":"https:\/\/www.fundacioires.org\/ca\/wp-json\/wp\/v2\/posts"}],"about":[{"href":"https:\/\/www.fundacioires.org\/ca\/wp-json\/wp\/v2\/types\/post"}],"author":[{"embeddable":true,"href":"https:\/\/www.fundacioires.org\/ca\/wp-json\/wp\/v2\/users\/7"}],"replies":[{"embeddable":true,"href":"https:\/\/www.fundacioires.org\/ca\/wp-json\/wp\/v2\/comments?post=19965"}],"version-history":[{"count":5,"href":"https:\/\/www.fundacioires.org\/ca\/wp-json\/wp\/v2\/posts\/19965\/revisions"}],"predecessor-version":[{"id":19990,"href":"https:\/\/www.fundacioires.org\/ca\/wp-json\/wp\/v2\/posts\/19965\/revisions\/19990"}],"wp:featuredmedia":[{"embeddable":true,"href":"https:\/\/www.fundacioires.org\/ca\/wp-json\/wp\/v2\/media\/19966"}],"wp:attachment":[{"href":"https:\/\/www.fundacioires.org\/ca\/wp-json\/wp\/v2\/media?parent=19965"}],"wp:term":[{"taxonomy":"category","embeddable":true,"href":"https:\/\/www.fundacioires.org\/ca\/wp-json\/wp\/v2\/categories?post=19965"},{"taxonomy":"post_tag","embeddable":true,"href":"https:\/\/www.fundacioires.org\/ca\/wp-json\/wp\/v2\/tags?post=19965"}],"curies":[{"name":"wp","href":"https:\/\/api.w.org\/{rel}","templated":true}]}}