{"id":20626,"date":"2020-02-19T10:40:50","date_gmt":"2020-02-19T09:40:50","guid":{"rendered":"https:\/\/www.fundacioires.org\/?p=20626"},"modified":"2021-03-25T13:24:32","modified_gmt":"2021-03-25T12:24:32","slug":"excursio-al-museu-de-sa-bassa-blanca","status":"publish","type":"post","link":"https:\/\/www.fundacioires.org\/ca\/excursio-al-museu-de-sa-bassa-blanca\/","title":{"rendered":"El Casal en fam\u00edlia de Palma visita el Museu de Sa Bassa Blanca"},"content":{"rendered":"\n<p>El passat dissabte 15 de febrer les fam\u00edlies que participen&nbsp;en el&nbsp;projecte <strong><a href=\"https:\/\/www.fundacioires.org\/ca\/que-fem\/ecosistema-de-projectes\/projecte-casal-en-familia\/\">Casal en Fam\u00edlia<\/a><\/strong> de Palma van gaudir d\u2019una sortida al <strong>Museu de Sa Bassa Blanca<\/strong>, un espai d&#8217;art i arquitectura en un entorn natural. Aquest espai \u00e9s conegut per acollir diverses col\u00b7leccions del patrimoni hist\u00f2ric i cultural de les Illes Balears, i ostenta la peculiaritat de trobar-se plenament integrat a la natura declarada reserva biol\u00f2gica. <\/p>\n\n\n\n<p>Amb aquesta sortida es van apropar a l&#8217;art arquitect\u00f2nic a l&#8217;aire lliure visitant les <strong>escultures realitzades pels artistes&nbsp;Yannick&nbsp;Vu&nbsp;i&nbsp;Ben&nbsp;Jakober<\/strong>, representant diversos animals, figures i persones amb diferents materials. Aquesta visita va permetre a les fam\u00edlies con\u00e8ixer aquests materials i la simbologia d&#8217;aquestes figures, i endinsar-se en un m\u00f3n de mites, d\u00e9us i llegendes de l\u2019antiguitat. Tamb\u00e9 van gaudir de l&#8217;entrada al museu interior, on van tenir l\u2019oportunitat de con\u00e8ixer la vestimenta dels nins i les nines de cada \u00e8poca, que els va portar a reflexionar sobre els estereotips de g\u00e8nere.<\/p>\n\n\n\n<p>L&#8217;activitat va tenir molt bona acollida per part de les fam\u00edlies, que van aprendre nous conceptes sobre arquitectura, pintura i&nbsp;hist\u00f2ria, a m\u00e9s de gaudir&nbsp;d&#8217;un&nbsp;meravell\u00f3s dia l&#8217;aire lliure.  <\/p>\n\n\n\n<p><em>&#8220;<\/em>M&#8217;ha agradat molt la casa de les escombraires!&#8221;, exclamava una nena del Casal. La seva mare li havia d&#8217;aclarir que es tractava d&#8217;una mena de cova constru\u00efda a base dels pl\u00e0stics que es vessen al mar. Ambdues reinterpreten les petites meravelles que troben al museu, en una aventura que, a m\u00e9s de fer-les descobrir experi\u00e8ncies noves i una manera diferent d&#8217;observar el m\u00f3n, enforteix una mica m\u00e9s el seu vincle.<\/p>\n\n\n\n<p>Des del <strong><a href=\"https:\/\/www.fundacioires.org\/ca\/que-fem\/ecosistema-de-projectes\/projecte-casal-en-familia\/\">Casal en Fam\u00edlia<\/a><\/strong> donem <strong>suport i acompanyament integral a les fam\u00edlies<\/strong> amb l\u2019objectiu de construir vincles i enfortir les relacions familiars. El Casal forma part de l\u2019ecosistema de projectes de la Fundaci\u00f3 IRES, que ofereix atenci\u00f3 integral a les fam\u00edlies per millorar el benestar de tots els seus membres.<\/p>\n","protected":false},"excerpt":{"rendered":"<p>Els nens i nenes del projecte Casal en Fam\u00edlia es van apropar a l\u2019art i arquitectura a l\u2019aire lliure del museu en una jornada de lleure, aprenentatge i reflexi\u00f3<\/p>\n","protected":false},"author":7,"featured_media":20632,"comment_status":"closed","ping_status":"open","sticky":false,"template":"","format":"standard","meta":{"_jetpack_memberships_contains_paid_content":false,"footnotes":""},"categories":[20],"tags":[42],"class_list":["post-20626","post","type-post","status-publish","format-standard","has-post-thumbnail","hentry","category-la-nostra-accio-social","tag-casal-en-familia-ca"],"yoast_head":"<!-- This site is optimized with the Yoast SEO plugin v27.4 - https:\/\/yoast.com\/product\/yoast-seo-wordpress\/ -->\n<title>El Casal en fam\u00edlia de Palma visita el Museu de Sa Bassa Blanca - Fundaci\u00f3 IRES<\/title>\n<meta name=\"robots\" content=\"index, follow, max-snippet:-1, max-image-preview:large, max-video-preview:-1\" \/>\n<link rel=\"canonical\" href=\"https:\/\/www.fundacioires.org\/ca\/excursio-al-museu-de-sa-bassa-blanca\/\" \/>\n<meta property=\"og:locale\" content=\"ca_ES\" \/>\n<meta property=\"og:type\" content=\"article\" \/>\n<meta property=\"og:title\" content=\"El Casal en fam\u00edlia de Palma visita el Museu de Sa Bassa Blanca - Fundaci\u00f3 IRES\" \/>\n<meta property=\"og:description\" content=\"Els nens i nenes del projecte Casal en Fam\u00edlia es van apropar a l\u2019art i arquitectura a l\u2019aire lliure del museu en una jornada de lleure, aprenentatge i reflexi\u00f3\" \/>\n<meta property=\"og:url\" content=\"https:\/\/www.fundacioires.org\/ca\/excursio-al-museu-de-sa-bassa-blanca\/\" \/>\n<meta property=\"og:site_name\" content=\"Fundaci\u00f3 IRES\" \/>\n<meta property=\"article:published_time\" content=\"2020-02-19T09:40:50+00:00\" \/>\n<meta property=\"article:modified_time\" content=\"2021-03-25T12:24:32+00:00\" \/>\n<meta property=\"og:image\" content=\"https:\/\/i2.wp.com\/www.fundacioires.org\/wp-content\/uploads\/IMG_Casal_Provisional_02.png?fit=1200%2C628&ssl=1\" \/>\n\t<meta property=\"og:image:width\" content=\"1200\" \/>\n\t<meta property=\"og:image:height\" content=\"628\" \/>\n\t<meta property=\"og:image:type\" content=\"image\/png\" \/>\n<meta name=\"author\" content=\"Fundaci\u00f3 IRES\" \/>\n<meta name=\"twitter:card\" content=\"summary_large_image\" \/>\n<meta name=\"twitter:label1\" content=\"Written by\" \/>\n\t<meta name=\"twitter:data1\" content=\"Fundaci\u00f3 IRES\" \/>\n\t<meta name=\"twitter:label2\" content=\"Est. reading time\" \/>\n\t<meta name=\"twitter:data2\" content=\"2 minutes\" \/>\n<script type=\"application\/ld+json\" class=\"yoast-schema-graph\">{\"@context\":\"https:\\\/\\\/schema.org\",\"@graph\":[{\"@type\":\"Article\",\"@id\":\"https:\\\/\\\/www.fundacioires.org\\\/ca\\\/excursio-al-museu-de-sa-bassa-blanca\\\/#article\",\"isPartOf\":{\"@id\":\"https:\\\/\\\/www.fundacioires.org\\\/ca\\\/excursio-al-museu-de-sa-bassa-blanca\\\/\"},\"author\":{\"name\":\"Fundaci\u00f3 IRES\",\"@id\":\"https:\\\/\\\/www.fundacioires.org\\\/#\\\/schema\\\/person\\\/160af843c565221ef4664a5c7000791c\"},\"headline\":\"El Casal en fam\u00edlia de Palma visita el Museu de Sa Bassa Blanca\",\"datePublished\":\"2020-02-19T09:40:50+00:00\",\"dateModified\":\"2021-03-25T12:24:32+00:00\",\"mainEntityOfPage\":{\"@id\":\"https:\\\/\\\/www.fundacioires.org\\\/ca\\\/excursio-al-museu-de-sa-bassa-blanca\\\/\"},\"wordCount\":378,\"publisher\":{\"@id\":\"https:\\\/\\\/www.fundacioires.org\\\/#organization\"},\"image\":{\"@id\":\"https:\\\/\\\/www.fundacioires.org\\\/ca\\\/excursio-al-museu-de-sa-bassa-blanca\\\/#primaryimage\"},\"thumbnailUrl\":\"https:\\\/\\\/i0.wp.com\\\/www.fundacioires.org\\\/wp-content\\\/uploads\\\/IMG_Casal_Provisional_02.png?fit=1200%2C628&ssl=1\",\"keywords\":[\"Casal en fam\u00edlia\"],\"articleSection\":[\"La nostra acci\u00f3 social\"],\"inLanguage\":\"ca-ES\"},{\"@type\":\"WebPage\",\"@id\":\"https:\\\/\\\/www.fundacioires.org\\\/ca\\\/excursio-al-museu-de-sa-bassa-blanca\\\/\",\"url\":\"https:\\\/\\\/www.fundacioires.org\\\/ca\\\/excursio-al-museu-de-sa-bassa-blanca\\\/\",\"name\":\"El Casal en fam\u00edlia de Palma visita el Museu de Sa Bassa Blanca - Fundaci\u00f3 IRES\",\"isPartOf\":{\"@id\":\"https:\\\/\\\/www.fundacioires.org\\\/#website\"},\"primaryImageOfPage\":{\"@id\":\"https:\\\/\\\/www.fundacioires.org\\\/ca\\\/excursio-al-museu-de-sa-bassa-blanca\\\/#primaryimage\"},\"image\":{\"@id\":\"https:\\\/\\\/www.fundacioires.org\\\/ca\\\/excursio-al-museu-de-sa-bassa-blanca\\\/#primaryimage\"},\"thumbnailUrl\":\"https:\\\/\\\/i0.wp.com\\\/www.fundacioires.org\\\/wp-content\\\/uploads\\\/IMG_Casal_Provisional_02.png?fit=1200%2C628&ssl=1\",\"datePublished\":\"2020-02-19T09:40:50+00:00\",\"dateModified\":\"2021-03-25T12:24:32+00:00\",\"breadcrumb\":{\"@id\":\"https:\\\/\\\/www.fundacioires.org\\\/ca\\\/excursio-al-museu-de-sa-bassa-blanca\\\/#breadcrumb\"},\"inLanguage\":\"ca-ES\",\"potentialAction\":[{\"@type\":\"ReadAction\",\"target\":[\"https:\\\/\\\/www.fundacioires.org\\\/ca\\\/excursio-al-museu-de-sa-bassa-blanca\\\/\"]}]},{\"@type\":\"ImageObject\",\"inLanguage\":\"ca-ES\",\"@id\":\"https:\\\/\\\/www.fundacioires.org\\\/ca\\\/excursio-al-museu-de-sa-bassa-blanca\\\/#primaryimage\",\"url\":\"https:\\\/\\\/i0.wp.com\\\/www.fundacioires.org\\\/wp-content\\\/uploads\\\/IMG_Casal_Provisional_02.png?fit=1200%2C628&ssl=1\",\"contentUrl\":\"https:\\\/\\\/i0.wp.com\\\/www.fundacioires.org\\\/wp-content\\\/uploads\\\/IMG_Casal_Provisional_02.png?fit=1200%2C628&ssl=1\",\"width\":1200,\"height\":628,\"caption\":\"Excursi\u00f3 al Museu de Sa Bassa Blanca\"},{\"@type\":\"BreadcrumbList\",\"@id\":\"https:\\\/\\\/www.fundacioires.org\\\/ca\\\/excursio-al-museu-de-sa-bassa-blanca\\\/#breadcrumb\",\"itemListElement\":[{\"@type\":\"ListItem\",\"position\":1,\"name\":\"Portada\",\"item\":\"https:\\\/\\\/www.fundacioires.org\\\/\"},{\"@type\":\"ListItem\",\"position\":2,\"name\":\"El Casal en fam\u00edlia de Palma visita el Museu de Sa Bassa Blanca\"}]},{\"@type\":\"WebSite\",\"@id\":\"https:\\\/\\\/www.fundacioires.org\\\/#website\",\"url\":\"https:\\\/\\\/www.fundacioires.org\\\/\",\"name\":\"Fundaci\u00f3 IRES\",\"description\":\"\",\"publisher\":{\"@id\":\"https:\\\/\\\/www.fundacioires.org\\\/#organization\"},\"potentialAction\":[{\"@type\":\"SearchAction\",\"target\":{\"@type\":\"EntryPoint\",\"urlTemplate\":\"https:\\\/\\\/www.fundacioires.org\\\/?s={search_term_string}\"},\"query-input\":{\"@type\":\"PropertyValueSpecification\",\"valueRequired\":true,\"valueName\":\"search_term_string\"}}],\"inLanguage\":\"ca-ES\"},{\"@type\":\"Organization\",\"@id\":\"https:\\\/\\\/www.fundacioires.org\\\/#organization\",\"name\":\"Fundanci\u00f3n IRES\",\"url\":\"https:\\\/\\\/www.fundacioires.org\\\/\",\"logo\":{\"@type\":\"ImageObject\",\"inLanguage\":\"ca-ES\",\"@id\":\"https:\\\/\\\/www.fundacioires.org\\\/#\\\/schema\\\/logo\\\/image\\\/\",\"url\":\"https:\\\/\\\/i0.wp.com\\\/www.fundacioires.org\\\/wp-content\\\/uploads\\\/faviconIRES.png?fit=32%2C32&ssl=1\",\"contentUrl\":\"https:\\\/\\\/i0.wp.com\\\/www.fundacioires.org\\\/wp-content\\\/uploads\\\/faviconIRES.png?fit=32%2C32&ssl=1\",\"width\":32,\"height\":32,\"caption\":\"Fundanci\u00f3n IRES\"},\"image\":{\"@id\":\"https:\\\/\\\/www.fundacioires.org\\\/#\\\/schema\\\/logo\\\/image\\\/\"}},{\"@type\":\"Person\",\"@id\":\"https:\\\/\\\/www.fundacioires.org\\\/#\\\/schema\\\/person\\\/160af843c565221ef4664a5c7000791c\",\"name\":\"Fundaci\u00f3 IRES\"}]}<\/script>\n<!-- \/ Yoast SEO plugin. -->","yoast_head_json":{"title":"El Casal en fam\u00edlia de Palma visita el Museu de Sa Bassa Blanca - Fundaci\u00f3 IRES","robots":{"index":"index","follow":"follow","max-snippet":"max-snippet:-1","max-image-preview":"max-image-preview:large","max-video-preview":"max-video-preview:-1"},"canonical":"https:\/\/www.fundacioires.org\/ca\/excursio-al-museu-de-sa-bassa-blanca\/","og_locale":"ca_ES","og_type":"article","og_title":"El Casal en fam\u00edlia de Palma visita el Museu de Sa Bassa Blanca - Fundaci\u00f3 IRES","og_description":"Els nens i nenes del projecte Casal en Fam\u00edlia es van apropar a l\u2019art i arquitectura a l\u2019aire lliure del museu en una jornada de lleure, aprenentatge i reflexi\u00f3","og_url":"https:\/\/www.fundacioires.org\/ca\/excursio-al-museu-de-sa-bassa-blanca\/","og_site_name":"Fundaci\u00f3 IRES","article_published_time":"2020-02-19T09:40:50+00:00","article_modified_time":"2021-03-25T12:24:32+00:00","og_image":[{"width":1200,"height":628,"url":"https:\/\/i2.wp.com\/www.fundacioires.org\/wp-content\/uploads\/IMG_Casal_Provisional_02.png?fit=1200%2C628&ssl=1","type":"image\/png"}],"author":"Fundaci\u00f3 IRES","twitter_card":"summary_large_image","twitter_misc":{"Written by":"Fundaci\u00f3 IRES","Est. reading time":"2 minutes"},"schema":{"@context":"https:\/\/schema.org","@graph":[{"@type":"Article","@id":"https:\/\/www.fundacioires.org\/ca\/excursio-al-museu-de-sa-bassa-blanca\/#article","isPartOf":{"@id":"https:\/\/www.fundacioires.org\/ca\/excursio-al-museu-de-sa-bassa-blanca\/"},"author":{"name":"Fundaci\u00f3 IRES","@id":"https:\/\/www.fundacioires.org\/#\/schema\/person\/160af843c565221ef4664a5c7000791c"},"headline":"El Casal en fam\u00edlia de Palma visita el Museu de Sa Bassa Blanca","datePublished":"2020-02-19T09:40:50+00:00","dateModified":"2021-03-25T12:24:32+00:00","mainEntityOfPage":{"@id":"https:\/\/www.fundacioires.org\/ca\/excursio-al-museu-de-sa-bassa-blanca\/"},"wordCount":378,"publisher":{"@id":"https:\/\/www.fundacioires.org\/#organization"},"image":{"@id":"https:\/\/www.fundacioires.org\/ca\/excursio-al-museu-de-sa-bassa-blanca\/#primaryimage"},"thumbnailUrl":"https:\/\/i0.wp.com\/www.fundacioires.org\/wp-content\/uploads\/IMG_Casal_Provisional_02.png?fit=1200%2C628&ssl=1","keywords":["Casal en fam\u00edlia"],"articleSection":["La nostra acci\u00f3 social"],"inLanguage":"ca-ES"},{"@type":"WebPage","@id":"https:\/\/www.fundacioires.org\/ca\/excursio-al-museu-de-sa-bassa-blanca\/","url":"https:\/\/www.fundacioires.org\/ca\/excursio-al-museu-de-sa-bassa-blanca\/","name":"El Casal en fam\u00edlia de Palma visita el Museu de Sa Bassa Blanca - Fundaci\u00f3 IRES","isPartOf":{"@id":"https:\/\/www.fundacioires.org\/#website"},"primaryImageOfPage":{"@id":"https:\/\/www.fundacioires.org\/ca\/excursio-al-museu-de-sa-bassa-blanca\/#primaryimage"},"image":{"@id":"https:\/\/www.fundacioires.org\/ca\/excursio-al-museu-de-sa-bassa-blanca\/#primaryimage"},"thumbnailUrl":"https:\/\/i0.wp.com\/www.fundacioires.org\/wp-content\/uploads\/IMG_Casal_Provisional_02.png?fit=1200%2C628&ssl=1","datePublished":"2020-02-19T09:40:50+00:00","dateModified":"2021-03-25T12:24:32+00:00","breadcrumb":{"@id":"https:\/\/www.fundacioires.org\/ca\/excursio-al-museu-de-sa-bassa-blanca\/#breadcrumb"},"inLanguage":"ca-ES","potentialAction":[{"@type":"ReadAction","target":["https:\/\/www.fundacioires.org\/ca\/excursio-al-museu-de-sa-bassa-blanca\/"]}]},{"@type":"ImageObject","inLanguage":"ca-ES","@id":"https:\/\/www.fundacioires.org\/ca\/excursio-al-museu-de-sa-bassa-blanca\/#primaryimage","url":"https:\/\/i0.wp.com\/www.fundacioires.org\/wp-content\/uploads\/IMG_Casal_Provisional_02.png?fit=1200%2C628&ssl=1","contentUrl":"https:\/\/i0.wp.com\/www.fundacioires.org\/wp-content\/uploads\/IMG_Casal_Provisional_02.png?fit=1200%2C628&ssl=1","width":1200,"height":628,"caption":"Excursi\u00f3 al Museu de Sa Bassa Blanca"},{"@type":"BreadcrumbList","@id":"https:\/\/www.fundacioires.org\/ca\/excursio-al-museu-de-sa-bassa-blanca\/#breadcrumb","itemListElement":[{"@type":"ListItem","position":1,"name":"Portada","item":"https:\/\/www.fundacioires.org\/"},{"@type":"ListItem","position":2,"name":"El Casal en fam\u00edlia de Palma visita el Museu de Sa Bassa Blanca"}]},{"@type":"WebSite","@id":"https:\/\/www.fundacioires.org\/#website","url":"https:\/\/www.fundacioires.org\/","name":"Fundaci\u00f3 IRES","description":"","publisher":{"@id":"https:\/\/www.fundacioires.org\/#organization"},"potentialAction":[{"@type":"SearchAction","target":{"@type":"EntryPoint","urlTemplate":"https:\/\/www.fundacioires.org\/?s={search_term_string}"},"query-input":{"@type":"PropertyValueSpecification","valueRequired":true,"valueName":"search_term_string"}}],"inLanguage":"ca-ES"},{"@type":"Organization","@id":"https:\/\/www.fundacioires.org\/#organization","name":"Fundanci\u00f3n IRES","url":"https:\/\/www.fundacioires.org\/","logo":{"@type":"ImageObject","inLanguage":"ca-ES","@id":"https:\/\/www.fundacioires.org\/#\/schema\/logo\/image\/","url":"https:\/\/i0.wp.com\/www.fundacioires.org\/wp-content\/uploads\/faviconIRES.png?fit=32%2C32&ssl=1","contentUrl":"https:\/\/i0.wp.com\/www.fundacioires.org\/wp-content\/uploads\/faviconIRES.png?fit=32%2C32&ssl=1","width":32,"height":32,"caption":"Fundanci\u00f3n IRES"},"image":{"@id":"https:\/\/www.fundacioires.org\/#\/schema\/logo\/image\/"}},{"@type":"Person","@id":"https:\/\/www.fundacioires.org\/#\/schema\/person\/160af843c565221ef4664a5c7000791c","name":"Fundaci\u00f3 IRES"}]}},"jetpack_featured_media_url":"https:\/\/i0.wp.com\/www.fundacioires.org\/wp-content\/uploads\/IMG_Casal_Provisional_02.png?fit=1200%2C628&ssl=1","jetpack_sharing_enabled":true,"_links":{"self":[{"href":"https:\/\/www.fundacioires.org\/ca\/wp-json\/wp\/v2\/posts\/20626","targetHints":{"allow":["GET"]}}],"collection":[{"href":"https:\/\/www.fundacioires.org\/ca\/wp-json\/wp\/v2\/posts"}],"about":[{"href":"https:\/\/www.fundacioires.org\/ca\/wp-json\/wp\/v2\/types\/post"}],"author":[{"embeddable":true,"href":"https:\/\/www.fundacioires.org\/ca\/wp-json\/wp\/v2\/users\/7"}],"replies":[{"embeddable":true,"href":"https:\/\/www.fundacioires.org\/ca\/wp-json\/wp\/v2\/comments?post=20626"}],"version-history":[{"count":5,"href":"https:\/\/www.fundacioires.org\/ca\/wp-json\/wp\/v2\/posts\/20626\/revisions"}],"predecessor-version":[{"id":20680,"href":"https:\/\/www.fundacioires.org\/ca\/wp-json\/wp\/v2\/posts\/20626\/revisions\/20680"}],"wp:featuredmedia":[{"embeddable":true,"href":"https:\/\/www.fundacioires.org\/ca\/wp-json\/wp\/v2\/media\/20632"}],"wp:attachment":[{"href":"https:\/\/www.fundacioires.org\/ca\/wp-json\/wp\/v2\/media?parent=20626"}],"wp:term":[{"taxonomy":"category","embeddable":true,"href":"https:\/\/www.fundacioires.org\/ca\/wp-json\/wp\/v2\/categories?post=20626"},{"taxonomy":"post_tag","embeddable":true,"href":"https:\/\/www.fundacioires.org\/ca\/wp-json\/wp\/v2\/tags?post=20626"}],"curies":[{"name":"wp","href":"https:\/\/api.w.org\/{rel}","templated":true}]}}