{"id":20721,"date":"2019-12-30T09:58:50","date_gmt":"2019-12-30T08:58:50","guid":{"rendered":"https:\/\/www.fundacioires.org\/?p=20721"},"modified":"2020-02-27T08:36:43","modified_gmt":"2020-02-27T07:36:43","slug":"la-campanya-de-lhotel-invisible-recapta-prop-6-000-e-durant-el-2019","status":"publish","type":"post","link":"https:\/\/www.fundacioires.org\/ca\/la-campanya-de-lhotel-invisible-recapta-prop-6-000-e-durant-el-2019\/","title":{"rendered":"L&#8217;Hotel Invisible recapta prop de 6.000 \u20ac durant el 2019"},"content":{"rendered":"\n<p>La campanya de l\u2019Hotel Invisible, que va n\u00e9ixer de la m\u00e0 de la Fundaci\u00f3 IRES amb la col\u00b7laboraci\u00f3 del Gremi d\u2019Hotels de Barcelona, ha recaptat en 2019 la xifra de 5.670 \u20ac que aniran destinats a dotar econ\u00f2micament els projectes d\u2019atenci\u00f3 integral a les fam\u00edlies de la nostra entitat.<\/p>\n\n\n\n<p>Des de que es va iniciar, la campanya porta recaptats un total de 62.300 \u20ac que han contribu\u00eft a fer possible que m\u00e9s de 800 persones \u2014<strong>fam\u00edlies en situaci\u00f3 de vulernabilitat<\/strong>\u2014 rebin atenci\u00f3 i acompanyament professional en l\u2019\u00e0mbit social, psicol\u00f2gic i educatiu.<\/p>\n\n\n\n<p>Les fam\u00edlies que participen en els nostres programes es\ntroben afrontant diferents situacions de vulnerabilitat social, en moltes\nocasions interconnectades entre si, que fan que el seu risc de pobresa i\nexclusi\u00f3 social sigui molt elevat, en comparaci\u00f3 amb el de la poblaci\u00f3 general.<\/p>\n\n\n\n<p>Alguns dels factors de risc que afronten s\u00f3n: no tenir les necessitats b\u00e0siques cobertes\u2014 com tenir una alimentaci\u00f3 prec\u00e0ria, no poder accedir a un habitatge digne, trobar-se en atur de llarga durada o tenir dificultats per a accedir al mercat laboral, ja sigui per problemes de salut, per trobar-se en una situaci\u00f3 d&#8217;irregularitat legal, etc;\u2014no comptar amb una xarxa d\u2019amistats o suport i\/o viure situacions de conflictes o viol\u00e8ncies. <\/p>\n\n\n\n<p>Des de la Fundaci\u00f3 IRES creiem que la vulnerabilitat \u00e9s una oportunitat i per aix\u00f2 treballem amb l\u2019objectiu de potenciar les habilitats inherents que cada persona t\u00e9 perqu\u00e8 puguin transformar i generar oportunitats de millora i prosperitat en el seu projecte de vida.<\/p>\n\n\n\n<p><strong>Gr\u00e0cies a tots els hotels que ho feu possible i seguiu donant suport a trav\u00e9s de l\u2019Hotel Invisible:<\/strong><\/p>\n\n\n\n<p><a href=\"https:\/\/www.splendomsuites.com\/\">Splendom Suites<\/a>, <a href=\"https:\/\/www.grupotel.com\/es\/hotel\/barcelona\/Barcelona\/gran-via-678\/hotel.html\">Grupotel Gran Via 678,<\/a> <a href=\"https:\/\/www.grupotel.com\/es\/hotel\/barcelona\/Barcelona\/gravina\/hotel.html\">Grupotel Gravina<\/a>, <a href=\"https:\/\/www.bestwestern.com\/es_ES\/book\/hotel-details.92097.html?iata=00164060&amp;aff=BES&amp;cid=GoogleAds:Hotel:92097&amp;gclid=CjwKCAiAy9jyBRA6EiwAeclQhLw7bE1cqA8U2GijcEBxHXbI10V5QZACVlKztUwMCxhNUXVAnEHpOhoC_OkQAvD_BwE\">Hotel Dante,<\/a> <a href=\"https:\/\/www.hotel-antibesbcn.com\/\">Hotel Antibes<\/a>, <a href=\"https:\/\/www.condesdebarcelona.com\/\">Hotel Condes,<\/a> <a href=\"https:\/\/www.hotelespanya.com\/\">Hotel Espa\u00f1a<\/a>, <a href=\"https:\/\/www.monumenthotel.com\/\">Hotel Monument<\/a>, <a href=\"https:\/\/www.axelhotels.com\/es\/home.html?origen=ppc&amp;gclid=CjwKCAiAy9jyBRA6EiwAeclQhB6dAFOmKeTlywMPtxPDNhQeEWigxySrDVx0kxJ5VXNQLHAO0AmjqxoCs-oQAvD_BwE\">Hotel Axel<\/a>, <a href=\"https:\/\/www.nnhotels.com\/es\">NN Hotels<\/a>, <a href=\"https:\/\/hostalmarenostrum.com\/es\/\">Hostal Mare Nostrum,<\/a> <a href=\"https:\/\/hotelcurious.com\/es\/?r=4649000&amp;gclid=CjwKCAiAy9jyBRA6EiwAeclQhEhzWRmWXwnWSiNF5_HgiczbbjLgJhjvBiUosM3RfHajBB1lA_T16RoCkx4QAvD_BwE\">Hotel Curious,<\/a><a href=\"https:\/\/alimarahotel.com\/\"> Hotel Alimara<\/a>, <a href=\"https:\/\/www.atiramhotels.com\/hoteles\/barcelona\/hotel-oriente-atiram-ramblas\/\">Oriente Atiram Hotel<\/a>, <a href=\"https:\/\/www.atiramhotels.com\/hoteles\/barcelona\/hotel-meson-castilla-atiram\/?gclid=CjwKCAiAy9jyBRA6EiwAeclQhP8v_V8Jxe8cg2Z-k8UdMDnt6YIkeiCUxQrCQLe-xkRoQI_p8oUBPBoCVC0QAvD_BwE\">Mes\u00f3n Castilla Atiram<\/a>,  <a rel=\"noreferrer noopener\" aria-label=\"Tres Torres Atiram Hotel (opens in a new tab)\" href=\"https:\/\/www.atiramhotels.com\/hoteles\/barcelona\/hotel-tres-torres-atiram\/?gclid=CjwKCAiAy9jyBRA6EiwAeclQhNpmPPE-lP3KCV-Fe1voMtcC7JCItTJxI32_D2KdHMKi1-oFnvM1pxoCwrUQAvD_BwE\" target=\"_blank\">Tres Torres Atiram Hotel<\/a>, <a href=\"https:\/\/www.espanol.marriott.com\/default.mi\">AC SOM by Marriot<\/a>, <a href=\"https:\/\/majestichotelgroup.com\/es\/barcelona\/hotel-majestic?gclid=CjwKCAiAy9jyBRA6EiwAeclQhEcD-13D4z2QKyHAWxbATq0W3wVVEuDKqcEIlAdlkyDYbPd2XdgZ0hoCRRsQAvD_BwE\">Majestic Spa &amp; Hotel.<\/a><\/p>\n","protected":false},"excerpt":{"rendered":"<p>La campanya solid\u00e0ria ha comptat aquest any amb 29 hotels que han col\u00b7laborat amb la tasca social de la Fundaci\u00f3 IRES <\/p>\n","protected":false},"author":7,"featured_media":20722,"comment_status":"closed","ping_status":"open","sticky":false,"template":"","format":"standard","meta":{"_jetpack_memberships_contains_paid_content":false,"footnotes":""},"categories":[21],"tags":[],"class_list":["post-20721","post","type-post","status-publish","format-standard","has-post-thumbnail","hentry","category-experiencies-amb-empreses"],"yoast_head":"<!-- This site is optimized with the Yoast SEO plugin v27.4 - https:\/\/yoast.com\/product\/yoast-seo-wordpress\/ -->\n<title>L&#039;Hotel Invisible recapta prop de 6.000 \u20ac durant el 2019 - Fundaci\u00f3 IRES<\/title>\n<meta name=\"robots\" content=\"index, follow, max-snippet:-1, max-image-preview:large, max-video-preview:-1\" \/>\n<link rel=\"canonical\" href=\"https:\/\/www.fundacioires.org\/ca\/la-campanya-de-lhotel-invisible-recapta-prop-6-000-e-durant-el-2019\/\" \/>\n<meta property=\"og:locale\" content=\"ca_ES\" \/>\n<meta property=\"og:type\" content=\"article\" \/>\n<meta property=\"og:title\" content=\"L&#039;Hotel Invisible recapta prop de 6.000 \u20ac durant el 2019 - Fundaci\u00f3 IRES\" \/>\n<meta property=\"og:description\" content=\"La campanya solid\u00e0ria ha comptat aquest any amb 29 hotels que han col\u00b7laborat amb la tasca social de la Fundaci\u00f3 IRES\" \/>\n<meta property=\"og:url\" content=\"https:\/\/www.fundacioires.org\/ca\/la-campanya-de-lhotel-invisible-recapta-prop-6-000-e-durant-el-2019\/\" \/>\n<meta property=\"og:site_name\" content=\"Fundaci\u00f3 IRES\" \/>\n<meta property=\"article:published_time\" content=\"2019-12-30T08:58:50+00:00\" \/>\n<meta property=\"article:modified_time\" content=\"2020-02-27T07:36:43+00:00\" \/>\n<meta property=\"og:image\" content=\"https:\/\/i0.wp.com\/www.fundacioires.org\/wp-content\/uploads\/Not\u00edcia-Fundaci\u00f3-IRES-1.png?fit=1200%2C628&ssl=1\" \/>\n\t<meta property=\"og:image:width\" content=\"1200\" \/>\n\t<meta property=\"og:image:height\" content=\"628\" \/>\n\t<meta property=\"og:image:type\" content=\"image\/png\" \/>\n<meta name=\"author\" content=\"Fundaci\u00f3 IRES\" \/>\n<meta name=\"twitter:card\" content=\"summary_large_image\" \/>\n<meta name=\"twitter:label1\" content=\"Written by\" \/>\n\t<meta name=\"twitter:data1\" content=\"Fundaci\u00f3 IRES\" \/>\n\t<meta name=\"twitter:label2\" content=\"Est. reading time\" \/>\n\t<meta name=\"twitter:data2\" content=\"2 minutes\" \/>\n<script type=\"application\/ld+json\" class=\"yoast-schema-graph\">{\"@context\":\"https:\\\/\\\/schema.org\",\"@graph\":[{\"@type\":\"Article\",\"@id\":\"https:\\\/\\\/www.fundacioires.org\\\/ca\\\/la-campanya-de-lhotel-invisible-recapta-prop-6-000-e-durant-el-2019\\\/#article\",\"isPartOf\":{\"@id\":\"https:\\\/\\\/www.fundacioires.org\\\/ca\\\/la-campanya-de-lhotel-invisible-recapta-prop-6-000-e-durant-el-2019\\\/\"},\"author\":{\"name\":\"Fundaci\u00f3 IRES\",\"@id\":\"https:\\\/\\\/www.fundacioires.org\\\/#\\\/schema\\\/person\\\/160af843c565221ef4664a5c7000791c\"},\"headline\":\"L&#8217;Hotel Invisible recapta prop de 6.000 \u20ac durant el 2019\",\"datePublished\":\"2019-12-30T08:58:50+00:00\",\"dateModified\":\"2020-02-27T07:36:43+00:00\",\"mainEntityOfPage\":{\"@id\":\"https:\\\/\\\/www.fundacioires.org\\\/ca\\\/la-campanya-de-lhotel-invisible-recapta-prop-6-000-e-durant-el-2019\\\/\"},\"wordCount\":340,\"publisher\":{\"@id\":\"https:\\\/\\\/www.fundacioires.org\\\/#organization\"},\"image\":{\"@id\":\"https:\\\/\\\/www.fundacioires.org\\\/ca\\\/la-campanya-de-lhotel-invisible-recapta-prop-6-000-e-durant-el-2019\\\/#primaryimage\"},\"thumbnailUrl\":\"https:\\\/\\\/i0.wp.com\\\/www.fundacioires.org\\\/wp-content\\\/uploads\\\/Not%C3%ADcia-Fundaci%C3%B3-IRES-1.png?fit=1200%2C628&ssl=1\",\"articleSection\":[\"Experi\u00e8ncies amb empreses\"],\"inLanguage\":\"ca-ES\"},{\"@type\":\"WebPage\",\"@id\":\"https:\\\/\\\/www.fundacioires.org\\\/ca\\\/la-campanya-de-lhotel-invisible-recapta-prop-6-000-e-durant-el-2019\\\/\",\"url\":\"https:\\\/\\\/www.fundacioires.org\\\/ca\\\/la-campanya-de-lhotel-invisible-recapta-prop-6-000-e-durant-el-2019\\\/\",\"name\":\"L'Hotel Invisible recapta prop de 6.000 \u20ac durant el 2019 - Fundaci\u00f3 IRES\",\"isPartOf\":{\"@id\":\"https:\\\/\\\/www.fundacioires.org\\\/#website\"},\"primaryImageOfPage\":{\"@id\":\"https:\\\/\\\/www.fundacioires.org\\\/ca\\\/la-campanya-de-lhotel-invisible-recapta-prop-6-000-e-durant-el-2019\\\/#primaryimage\"},\"image\":{\"@id\":\"https:\\\/\\\/www.fundacioires.org\\\/ca\\\/la-campanya-de-lhotel-invisible-recapta-prop-6-000-e-durant-el-2019\\\/#primaryimage\"},\"thumbnailUrl\":\"https:\\\/\\\/i0.wp.com\\\/www.fundacioires.org\\\/wp-content\\\/uploads\\\/Not%C3%ADcia-Fundaci%C3%B3-IRES-1.png?fit=1200%2C628&ssl=1\",\"datePublished\":\"2019-12-30T08:58:50+00:00\",\"dateModified\":\"2020-02-27T07:36:43+00:00\",\"breadcrumb\":{\"@id\":\"https:\\\/\\\/www.fundacioires.org\\\/ca\\\/la-campanya-de-lhotel-invisible-recapta-prop-6-000-e-durant-el-2019\\\/#breadcrumb\"},\"inLanguage\":\"ca-ES\",\"potentialAction\":[{\"@type\":\"ReadAction\",\"target\":[\"https:\\\/\\\/www.fundacioires.org\\\/ca\\\/la-campanya-de-lhotel-invisible-recapta-prop-6-000-e-durant-el-2019\\\/\"]}]},{\"@type\":\"ImageObject\",\"inLanguage\":\"ca-ES\",\"@id\":\"https:\\\/\\\/www.fundacioires.org\\\/ca\\\/la-campanya-de-lhotel-invisible-recapta-prop-6-000-e-durant-el-2019\\\/#primaryimage\",\"url\":\"https:\\\/\\\/i0.wp.com\\\/www.fundacioires.org\\\/wp-content\\\/uploads\\\/Not%C3%ADcia-Fundaci%C3%B3-IRES-1.png?fit=1200%2C628&ssl=1\",\"contentUrl\":\"https:\\\/\\\/i0.wp.com\\\/www.fundacioires.org\\\/wp-content\\\/uploads\\\/Not%C3%ADcia-Fundaci%C3%B3-IRES-1.png?fit=1200%2C628&ssl=1\",\"width\":1200,\"height\":628,\"caption\":\"Imatge de Barcelona Hotel Invisible\"},{\"@type\":\"BreadcrumbList\",\"@id\":\"https:\\\/\\\/www.fundacioires.org\\\/ca\\\/la-campanya-de-lhotel-invisible-recapta-prop-6-000-e-durant-el-2019\\\/#breadcrumb\",\"itemListElement\":[{\"@type\":\"ListItem\",\"position\":1,\"name\":\"Portada\",\"item\":\"https:\\\/\\\/www.fundacioires.org\\\/\"},{\"@type\":\"ListItem\",\"position\":2,\"name\":\"L&#8217;Hotel Invisible recapta prop de 6.000 \u20ac durant el 2019\"}]},{\"@type\":\"WebSite\",\"@id\":\"https:\\\/\\\/www.fundacioires.org\\\/#website\",\"url\":\"https:\\\/\\\/www.fundacioires.org\\\/\",\"name\":\"Fundaci\u00f3 IRES\",\"description\":\"\",\"publisher\":{\"@id\":\"https:\\\/\\\/www.fundacioires.org\\\/#organization\"},\"potentialAction\":[{\"@type\":\"SearchAction\",\"target\":{\"@type\":\"EntryPoint\",\"urlTemplate\":\"https:\\\/\\\/www.fundacioires.org\\\/?s={search_term_string}\"},\"query-input\":{\"@type\":\"PropertyValueSpecification\",\"valueRequired\":true,\"valueName\":\"search_term_string\"}}],\"inLanguage\":\"ca-ES\"},{\"@type\":\"Organization\",\"@id\":\"https:\\\/\\\/www.fundacioires.org\\\/#organization\",\"name\":\"Fundanci\u00f3n IRES\",\"url\":\"https:\\\/\\\/www.fundacioires.org\\\/\",\"logo\":{\"@type\":\"ImageObject\",\"inLanguage\":\"ca-ES\",\"@id\":\"https:\\\/\\\/www.fundacioires.org\\\/#\\\/schema\\\/logo\\\/image\\\/\",\"url\":\"https:\\\/\\\/i0.wp.com\\\/www.fundacioires.org\\\/wp-content\\\/uploads\\\/faviconIRES.png?fit=32%2C32&ssl=1\",\"contentUrl\":\"https:\\\/\\\/i0.wp.com\\\/www.fundacioires.org\\\/wp-content\\\/uploads\\\/faviconIRES.png?fit=32%2C32&ssl=1\",\"width\":32,\"height\":32,\"caption\":\"Fundanci\u00f3n IRES\"},\"image\":{\"@id\":\"https:\\\/\\\/www.fundacioires.org\\\/#\\\/schema\\\/logo\\\/image\\\/\"}},{\"@type\":\"Person\",\"@id\":\"https:\\\/\\\/www.fundacioires.org\\\/#\\\/schema\\\/person\\\/160af843c565221ef4664a5c7000791c\",\"name\":\"Fundaci\u00f3 IRES\"}]}<\/script>\n<!-- \/ Yoast SEO plugin. -->","yoast_head_json":{"title":"L'Hotel Invisible recapta prop de 6.000 \u20ac durant el 2019 - Fundaci\u00f3 IRES","robots":{"index":"index","follow":"follow","max-snippet":"max-snippet:-1","max-image-preview":"max-image-preview:large","max-video-preview":"max-video-preview:-1"},"canonical":"https:\/\/www.fundacioires.org\/ca\/la-campanya-de-lhotel-invisible-recapta-prop-6-000-e-durant-el-2019\/","og_locale":"ca_ES","og_type":"article","og_title":"L'Hotel Invisible recapta prop de 6.000 \u20ac durant el 2019 - Fundaci\u00f3 IRES","og_description":"La campanya solid\u00e0ria ha comptat aquest any amb 29 hotels que han col\u00b7laborat amb la tasca social de la Fundaci\u00f3 IRES","og_url":"https:\/\/www.fundacioires.org\/ca\/la-campanya-de-lhotel-invisible-recapta-prop-6-000-e-durant-el-2019\/","og_site_name":"Fundaci\u00f3 IRES","article_published_time":"2019-12-30T08:58:50+00:00","article_modified_time":"2020-02-27T07:36:43+00:00","og_image":[{"width":1200,"height":628,"url":"https:\/\/i0.wp.com\/www.fundacioires.org\/wp-content\/uploads\/Not\u00edcia-Fundaci\u00f3-IRES-1.png?fit=1200%2C628&ssl=1","type":"image\/png"}],"author":"Fundaci\u00f3 IRES","twitter_card":"summary_large_image","twitter_misc":{"Written by":"Fundaci\u00f3 IRES","Est. reading time":"2 minutes"},"schema":{"@context":"https:\/\/schema.org","@graph":[{"@type":"Article","@id":"https:\/\/www.fundacioires.org\/ca\/la-campanya-de-lhotel-invisible-recapta-prop-6-000-e-durant-el-2019\/#article","isPartOf":{"@id":"https:\/\/www.fundacioires.org\/ca\/la-campanya-de-lhotel-invisible-recapta-prop-6-000-e-durant-el-2019\/"},"author":{"name":"Fundaci\u00f3 IRES","@id":"https:\/\/www.fundacioires.org\/#\/schema\/person\/160af843c565221ef4664a5c7000791c"},"headline":"L&#8217;Hotel Invisible recapta prop de 6.000 \u20ac durant el 2019","datePublished":"2019-12-30T08:58:50+00:00","dateModified":"2020-02-27T07:36:43+00:00","mainEntityOfPage":{"@id":"https:\/\/www.fundacioires.org\/ca\/la-campanya-de-lhotel-invisible-recapta-prop-6-000-e-durant-el-2019\/"},"wordCount":340,"publisher":{"@id":"https:\/\/www.fundacioires.org\/#organization"},"image":{"@id":"https:\/\/www.fundacioires.org\/ca\/la-campanya-de-lhotel-invisible-recapta-prop-6-000-e-durant-el-2019\/#primaryimage"},"thumbnailUrl":"https:\/\/i0.wp.com\/www.fundacioires.org\/wp-content\/uploads\/Not%C3%ADcia-Fundaci%C3%B3-IRES-1.png?fit=1200%2C628&ssl=1","articleSection":["Experi\u00e8ncies amb empreses"],"inLanguage":"ca-ES"},{"@type":"WebPage","@id":"https:\/\/www.fundacioires.org\/ca\/la-campanya-de-lhotel-invisible-recapta-prop-6-000-e-durant-el-2019\/","url":"https:\/\/www.fundacioires.org\/ca\/la-campanya-de-lhotel-invisible-recapta-prop-6-000-e-durant-el-2019\/","name":"L'Hotel Invisible recapta prop de 6.000 \u20ac durant el 2019 - Fundaci\u00f3 IRES","isPartOf":{"@id":"https:\/\/www.fundacioires.org\/#website"},"primaryImageOfPage":{"@id":"https:\/\/www.fundacioires.org\/ca\/la-campanya-de-lhotel-invisible-recapta-prop-6-000-e-durant-el-2019\/#primaryimage"},"image":{"@id":"https:\/\/www.fundacioires.org\/ca\/la-campanya-de-lhotel-invisible-recapta-prop-6-000-e-durant-el-2019\/#primaryimage"},"thumbnailUrl":"https:\/\/i0.wp.com\/www.fundacioires.org\/wp-content\/uploads\/Not%C3%ADcia-Fundaci%C3%B3-IRES-1.png?fit=1200%2C628&ssl=1","datePublished":"2019-12-30T08:58:50+00:00","dateModified":"2020-02-27T07:36:43+00:00","breadcrumb":{"@id":"https:\/\/www.fundacioires.org\/ca\/la-campanya-de-lhotel-invisible-recapta-prop-6-000-e-durant-el-2019\/#breadcrumb"},"inLanguage":"ca-ES","potentialAction":[{"@type":"ReadAction","target":["https:\/\/www.fundacioires.org\/ca\/la-campanya-de-lhotel-invisible-recapta-prop-6-000-e-durant-el-2019\/"]}]},{"@type":"ImageObject","inLanguage":"ca-ES","@id":"https:\/\/www.fundacioires.org\/ca\/la-campanya-de-lhotel-invisible-recapta-prop-6-000-e-durant-el-2019\/#primaryimage","url":"https:\/\/i0.wp.com\/www.fundacioires.org\/wp-content\/uploads\/Not%C3%ADcia-Fundaci%C3%B3-IRES-1.png?fit=1200%2C628&ssl=1","contentUrl":"https:\/\/i0.wp.com\/www.fundacioires.org\/wp-content\/uploads\/Not%C3%ADcia-Fundaci%C3%B3-IRES-1.png?fit=1200%2C628&ssl=1","width":1200,"height":628,"caption":"Imatge de Barcelona Hotel Invisible"},{"@type":"BreadcrumbList","@id":"https:\/\/www.fundacioires.org\/ca\/la-campanya-de-lhotel-invisible-recapta-prop-6-000-e-durant-el-2019\/#breadcrumb","itemListElement":[{"@type":"ListItem","position":1,"name":"Portada","item":"https:\/\/www.fundacioires.org\/"},{"@type":"ListItem","position":2,"name":"L&#8217;Hotel Invisible recapta prop de 6.000 \u20ac durant el 2019"}]},{"@type":"WebSite","@id":"https:\/\/www.fundacioires.org\/#website","url":"https:\/\/www.fundacioires.org\/","name":"Fundaci\u00f3 IRES","description":"","publisher":{"@id":"https:\/\/www.fundacioires.org\/#organization"},"potentialAction":[{"@type":"SearchAction","target":{"@type":"EntryPoint","urlTemplate":"https:\/\/www.fundacioires.org\/?s={search_term_string}"},"query-input":{"@type":"PropertyValueSpecification","valueRequired":true,"valueName":"search_term_string"}}],"inLanguage":"ca-ES"},{"@type":"Organization","@id":"https:\/\/www.fundacioires.org\/#organization","name":"Fundanci\u00f3n IRES","url":"https:\/\/www.fundacioires.org\/","logo":{"@type":"ImageObject","inLanguage":"ca-ES","@id":"https:\/\/www.fundacioires.org\/#\/schema\/logo\/image\/","url":"https:\/\/i0.wp.com\/www.fundacioires.org\/wp-content\/uploads\/faviconIRES.png?fit=32%2C32&ssl=1","contentUrl":"https:\/\/i0.wp.com\/www.fundacioires.org\/wp-content\/uploads\/faviconIRES.png?fit=32%2C32&ssl=1","width":32,"height":32,"caption":"Fundanci\u00f3n IRES"},"image":{"@id":"https:\/\/www.fundacioires.org\/#\/schema\/logo\/image\/"}},{"@type":"Person","@id":"https:\/\/www.fundacioires.org\/#\/schema\/person\/160af843c565221ef4664a5c7000791c","name":"Fundaci\u00f3 IRES"}]}},"jetpack_featured_media_url":"https:\/\/i0.wp.com\/www.fundacioires.org\/wp-content\/uploads\/Not%C3%ADcia-Fundaci%C3%B3-IRES-1.png?fit=1200%2C628&ssl=1","jetpack_sharing_enabled":true,"_links":{"self":[{"href":"https:\/\/www.fundacioires.org\/ca\/wp-json\/wp\/v2\/posts\/20721","targetHints":{"allow":["GET"]}}],"collection":[{"href":"https:\/\/www.fundacioires.org\/ca\/wp-json\/wp\/v2\/posts"}],"about":[{"href":"https:\/\/www.fundacioires.org\/ca\/wp-json\/wp\/v2\/types\/post"}],"author":[{"embeddable":true,"href":"https:\/\/www.fundacioires.org\/ca\/wp-json\/wp\/v2\/users\/7"}],"replies":[{"embeddable":true,"href":"https:\/\/www.fundacioires.org\/ca\/wp-json\/wp\/v2\/comments?post=20721"}],"version-history":[{"count":5,"href":"https:\/\/www.fundacioires.org\/ca\/wp-json\/wp\/v2\/posts\/20721\/revisions"}],"predecessor-version":[{"id":20733,"href":"https:\/\/www.fundacioires.org\/ca\/wp-json\/wp\/v2\/posts\/20721\/revisions\/20733"}],"wp:featuredmedia":[{"embeddable":true,"href":"https:\/\/www.fundacioires.org\/ca\/wp-json\/wp\/v2\/media\/20722"}],"wp:attachment":[{"href":"https:\/\/www.fundacioires.org\/ca\/wp-json\/wp\/v2\/media?parent=20721"}],"wp:term":[{"taxonomy":"category","embeddable":true,"href":"https:\/\/www.fundacioires.org\/ca\/wp-json\/wp\/v2\/categories?post=20721"},{"taxonomy":"post_tag","embeddable":true,"href":"https:\/\/www.fundacioires.org\/ca\/wp-json\/wp\/v2\/tags?post=20721"}],"curies":[{"name":"wp","href":"https:\/\/api.w.org\/{rel}","templated":true}]}}