{"id":20755,"date":"2020-02-28T14:58:25","date_gmt":"2020-02-28T13:58:25","guid":{"rendered":"https:\/\/www.fundacioires.org\/?p=20755"},"modified":"2020-03-02T10:00:16","modified_gmt":"2020-03-02T09:00:16","slug":"la-fundacio-ires-dona-suport-a-la-campanya-firma-por-su-inclusion","status":"publish","type":"post","link":"https:\/\/www.fundacioires.org\/ca\/la-fundacio-ires-dona-suport-a-la-campanya-firma-por-su-inclusion\/","title":{"rendered":"La Fundaci\u00f3 IRES d\u00f3na suport a la campanya \u201cFirma por su inclusi\u00f3n\u201d"},"content":{"rendered":"\n<p>Despr\u00e9s de la realitzaci\u00f3 del <em>VI Seminario de Teor\u00eda e Historia de la Educaci\u00f3n &#8220;Menores extranjeros no acompa\u00f1ados. Una oportunidad para la convivencia y la inclusi\u00f3n social\u201d<\/em> celebrat a C\u00e1ceres els dies 12 i 13 de febrer, s\u2019ha dissenyat una <strong>campanya de recollida de signatures i suport<\/strong> per tal de presentar al govern espanyol <strong><a href=\"https:\/\/www.firmaporsuinclusion.org\/images\/Propuesta_Gobierno.pdf\">50 propostes<\/a><\/strong> que garanteixin un <strong>millor tracte als adolescents migrants sense referents familiars<\/strong>. <\/p>\n\n\n\n<p>Aquestes propostes tenen com a refer\u00e8ncia els principals tractats internacionals de les Nacions Unides competents en la mat\u00e8ria, i van ser treballades per un nombr\u00f3s grup de t\u00e8cnics de l&#8217;administraci\u00f3, acad\u00e8mics, col\u00b7legis professionals, educadors socials, treballadors socials, integradors socials i psic\u00f2legs de diferents regions de Espanya i el Marroc.<\/p>\n\n\n\n<p>Els nens i adolescents sense referents familiars <strong>transiten per situacions de vulnerabilitat<\/strong> i requereixen una atenci\u00f3 especial per tal de garantir el seu desenvolupament en un context de benestar. La seva condici\u00f3 de menors, migrats, i sense referents familiars fan imprescindible que les administracions els protegeixi. Els experts assenyalen <strong>cinc l\u00ednies de treball<\/strong> per tal de garantir el bon tracte dels menors: <em>prevenci\u00f3 en els pa\u00efsos de proced\u00e8ncia, protecci\u00f3 durant el tr\u00e0nsit, acollida e inclusi\u00f3 social, preparaci\u00f3 per a la vida aut\u00f2noma i la majoria d\u2019edat i, finalment, el retorn voluntari amb garanties<\/em>. <\/p>\n\n\n\n<p> Des de la <strong>Fundaci\u00f3 IRES<\/strong> volem expressar el nostre suport amb aquesta iniciativa i convidem a signar a la web de <strong>&#8220;<\/strong><a href=\"https:\/\/www.firmaporsuinclusion.org\"><strong>Firma por&nbsp;su&nbsp;inclusi\u00f3n<\/strong><\/a><strong>&#8221; <\/strong><\/p>\n","protected":false},"excerpt":{"rendered":"<p>La Facultat de Formaci\u00f3 del Professorat de la Universitat d\u2019Extremadura posa en marxa una iniciativa per tal d\u2019instar al Govern d\u2019Espanya a posar el focus en l\u2019atenci\u00f3 e integraci\u00f3 dels menors estrangers sense referents familiars<\/p>\n","protected":false},"author":7,"featured_media":20758,"comment_status":"closed","ping_status":"open","sticky":false,"template":"","format":"standard","meta":{"_jetpack_memberships_contains_paid_content":false,"footnotes":""},"categories":[13],"tags":[],"class_list":["post-20755","post","type-post","status-publish","format-standard","has-post-thumbnail","hentry","category-campanas-de-captacion-y-sensibilizacion"],"yoast_head":"<!-- This site is optimized with the Yoast SEO plugin v27.4 - https:\/\/yoast.com\/product\/yoast-seo-wordpress\/ -->\n<title>La Fundaci\u00f3 IRES d\u00f3na suport a la campanya \u201cFirma por su inclusi\u00f3n\u201d - Fundaci\u00f3 IRES<\/title>\n<meta name=\"robots\" content=\"index, follow, max-snippet:-1, max-image-preview:large, max-video-preview:-1\" \/>\n<link rel=\"canonical\" href=\"https:\/\/www.fundacioires.org\/ca\/la-fundacio-ires-dona-suport-a-la-campanya-firma-por-su-inclusion\/\" \/>\n<meta property=\"og:locale\" content=\"ca_ES\" \/>\n<meta property=\"og:type\" content=\"article\" \/>\n<meta property=\"og:title\" content=\"La Fundaci\u00f3 IRES d\u00f3na suport a la campanya \u201cFirma por su inclusi\u00f3n\u201d - Fundaci\u00f3 IRES\" \/>\n<meta property=\"og:description\" content=\"La Facultat de Formaci\u00f3 del Professorat de la Universitat d\u2019Extremadura posa en marxa una iniciativa per tal d\u2019instar al Govern d\u2019Espanya a posar el focus en l\u2019atenci\u00f3 e integraci\u00f3 dels menors estrangers sense referents familiars\" \/>\n<meta property=\"og:url\" content=\"https:\/\/www.fundacioires.org\/ca\/la-fundacio-ires-dona-suport-a-la-campanya-firma-por-su-inclusion\/\" \/>\n<meta property=\"og:site_name\" content=\"Fundaci\u00f3 IRES\" \/>\n<meta property=\"article:published_time\" content=\"2020-02-28T13:58:25+00:00\" \/>\n<meta property=\"article:modified_time\" content=\"2020-03-02T09:00:16+00:00\" \/>\n<meta property=\"og:image\" content=\"https:\/\/i0.wp.com\/www.fundacioires.org\/wp-content\/uploads\/Captura-2.png?fit=1270%2C706&ssl=1\" \/>\n\t<meta property=\"og:image:width\" content=\"1270\" \/>\n\t<meta property=\"og:image:height\" content=\"706\" \/>\n\t<meta property=\"og:image:type\" content=\"image\/png\" \/>\n<meta name=\"author\" content=\"Fundaci\u00f3 IRES\" \/>\n<meta name=\"twitter:card\" content=\"summary_large_image\" \/>\n<meta name=\"twitter:label1\" content=\"Written by\" \/>\n\t<meta name=\"twitter:data1\" content=\"Fundaci\u00f3 IRES\" \/>\n\t<meta name=\"twitter:label2\" content=\"Est. reading time\" \/>\n\t<meta name=\"twitter:data2\" content=\"1 minute\" \/>\n<script type=\"application\/ld+json\" class=\"yoast-schema-graph\">{\"@context\":\"https:\\\/\\\/schema.org\",\"@graph\":[{\"@type\":\"Article\",\"@id\":\"https:\\\/\\\/www.fundacioires.org\\\/ca\\\/la-fundacio-ires-dona-suport-a-la-campanya-firma-por-su-inclusion\\\/#article\",\"isPartOf\":{\"@id\":\"https:\\\/\\\/www.fundacioires.org\\\/ca\\\/la-fundacio-ires-dona-suport-a-la-campanya-firma-por-su-inclusion\\\/\"},\"author\":{\"name\":\"Fundaci\u00f3 IRES\",\"@id\":\"https:\\\/\\\/www.fundacioires.org\\\/#\\\/schema\\\/person\\\/160af843c565221ef4664a5c7000791c\"},\"headline\":\"La Fundaci\u00f3 IRES d\u00f3na suport a la campanya \u201cFirma por su inclusi\u00f3n\u201d\",\"datePublished\":\"2020-02-28T13:58:25+00:00\",\"dateModified\":\"2020-03-02T09:00:16+00:00\",\"mainEntityOfPage\":{\"@id\":\"https:\\\/\\\/www.fundacioires.org\\\/ca\\\/la-fundacio-ires-dona-suport-a-la-campanya-firma-por-su-inclusion\\\/\"},\"wordCount\":269,\"publisher\":{\"@id\":\"https:\\\/\\\/www.fundacioires.org\\\/#organization\"},\"image\":{\"@id\":\"https:\\\/\\\/www.fundacioires.org\\\/ca\\\/la-fundacio-ires-dona-suport-a-la-campanya-firma-por-su-inclusion\\\/#primaryimage\"},\"thumbnailUrl\":\"https:\\\/\\\/i0.wp.com\\\/www.fundacioires.org\\\/wp-content\\\/uploads\\\/Captura-2.png?fit=1270%2C706&ssl=1\",\"articleSection\":[\"Campa\u00f1as de captaci\u00f3n y sensibilizaci\u00f3n\"],\"inLanguage\":\"ca-ES\"},{\"@type\":\"WebPage\",\"@id\":\"https:\\\/\\\/www.fundacioires.org\\\/ca\\\/la-fundacio-ires-dona-suport-a-la-campanya-firma-por-su-inclusion\\\/\",\"url\":\"https:\\\/\\\/www.fundacioires.org\\\/ca\\\/la-fundacio-ires-dona-suport-a-la-campanya-firma-por-su-inclusion\\\/\",\"name\":\"La Fundaci\u00f3 IRES d\u00f3na suport a la campanya \u201cFirma por su inclusi\u00f3n\u201d - Fundaci\u00f3 IRES\",\"isPartOf\":{\"@id\":\"https:\\\/\\\/www.fundacioires.org\\\/#website\"},\"primaryImageOfPage\":{\"@id\":\"https:\\\/\\\/www.fundacioires.org\\\/ca\\\/la-fundacio-ires-dona-suport-a-la-campanya-firma-por-su-inclusion\\\/#primaryimage\"},\"image\":{\"@id\":\"https:\\\/\\\/www.fundacioires.org\\\/ca\\\/la-fundacio-ires-dona-suport-a-la-campanya-firma-por-su-inclusion\\\/#primaryimage\"},\"thumbnailUrl\":\"https:\\\/\\\/i0.wp.com\\\/www.fundacioires.org\\\/wp-content\\\/uploads\\\/Captura-2.png?fit=1270%2C706&ssl=1\",\"datePublished\":\"2020-02-28T13:58:25+00:00\",\"dateModified\":\"2020-03-02T09:00:16+00:00\",\"breadcrumb\":{\"@id\":\"https:\\\/\\\/www.fundacioires.org\\\/ca\\\/la-fundacio-ires-dona-suport-a-la-campanya-firma-por-su-inclusion\\\/#breadcrumb\"},\"inLanguage\":\"ca-ES\",\"potentialAction\":[{\"@type\":\"ReadAction\",\"target\":[\"https:\\\/\\\/www.fundacioires.org\\\/ca\\\/la-fundacio-ires-dona-suport-a-la-campanya-firma-por-su-inclusion\\\/\"]}]},{\"@type\":\"ImageObject\",\"inLanguage\":\"ca-ES\",\"@id\":\"https:\\\/\\\/www.fundacioires.org\\\/ca\\\/la-fundacio-ires-dona-suport-a-la-campanya-firma-por-su-inclusion\\\/#primaryimage\",\"url\":\"https:\\\/\\\/i0.wp.com\\\/www.fundacioires.org\\\/wp-content\\\/uploads\\\/Captura-2.png?fit=1270%2C706&ssl=1\",\"contentUrl\":\"https:\\\/\\\/i0.wp.com\\\/www.fundacioires.org\\\/wp-content\\\/uploads\\\/Captura-2.png?fit=1270%2C706&ssl=1\",\"width\":1270,\"height\":706,\"caption\":\"La Fundaci\u00f3 IRES d\u00f3na suport a la campanya \u201cFirma por su inclusi\u00f3n\u201d\"},{\"@type\":\"BreadcrumbList\",\"@id\":\"https:\\\/\\\/www.fundacioires.org\\\/ca\\\/la-fundacio-ires-dona-suport-a-la-campanya-firma-por-su-inclusion\\\/#breadcrumb\",\"itemListElement\":[{\"@type\":\"ListItem\",\"position\":1,\"name\":\"Portada\",\"item\":\"https:\\\/\\\/www.fundacioires.org\\\/\"},{\"@type\":\"ListItem\",\"position\":2,\"name\":\"La Fundaci\u00f3 IRES d\u00f3na suport a la campanya \u201cFirma por su inclusi\u00f3n\u201d\"}]},{\"@type\":\"WebSite\",\"@id\":\"https:\\\/\\\/www.fundacioires.org\\\/#website\",\"url\":\"https:\\\/\\\/www.fundacioires.org\\\/\",\"name\":\"Fundaci\u00f3 IRES\",\"description\":\"\",\"publisher\":{\"@id\":\"https:\\\/\\\/www.fundacioires.org\\\/#organization\"},\"potentialAction\":[{\"@type\":\"SearchAction\",\"target\":{\"@type\":\"EntryPoint\",\"urlTemplate\":\"https:\\\/\\\/www.fundacioires.org\\\/?s={search_term_string}\"},\"query-input\":{\"@type\":\"PropertyValueSpecification\",\"valueRequired\":true,\"valueName\":\"search_term_string\"}}],\"inLanguage\":\"ca-ES\"},{\"@type\":\"Organization\",\"@id\":\"https:\\\/\\\/www.fundacioires.org\\\/#organization\",\"name\":\"Fundanci\u00f3n IRES\",\"url\":\"https:\\\/\\\/www.fundacioires.org\\\/\",\"logo\":{\"@type\":\"ImageObject\",\"inLanguage\":\"ca-ES\",\"@id\":\"https:\\\/\\\/www.fundacioires.org\\\/#\\\/schema\\\/logo\\\/image\\\/\",\"url\":\"https:\\\/\\\/i0.wp.com\\\/www.fundacioires.org\\\/wp-content\\\/uploads\\\/faviconIRES.png?fit=32%2C32&ssl=1\",\"contentUrl\":\"https:\\\/\\\/i0.wp.com\\\/www.fundacioires.org\\\/wp-content\\\/uploads\\\/faviconIRES.png?fit=32%2C32&ssl=1\",\"width\":32,\"height\":32,\"caption\":\"Fundanci\u00f3n IRES\"},\"image\":{\"@id\":\"https:\\\/\\\/www.fundacioires.org\\\/#\\\/schema\\\/logo\\\/image\\\/\"}},{\"@type\":\"Person\",\"@id\":\"https:\\\/\\\/www.fundacioires.org\\\/#\\\/schema\\\/person\\\/160af843c565221ef4664a5c7000791c\",\"name\":\"Fundaci\u00f3 IRES\"}]}<\/script>\n<!-- \/ Yoast SEO plugin. -->","yoast_head_json":{"title":"La Fundaci\u00f3 IRES d\u00f3na suport a la campanya \u201cFirma por su inclusi\u00f3n\u201d - Fundaci\u00f3 IRES","robots":{"index":"index","follow":"follow","max-snippet":"max-snippet:-1","max-image-preview":"max-image-preview:large","max-video-preview":"max-video-preview:-1"},"canonical":"https:\/\/www.fundacioires.org\/ca\/la-fundacio-ires-dona-suport-a-la-campanya-firma-por-su-inclusion\/","og_locale":"ca_ES","og_type":"article","og_title":"La Fundaci\u00f3 IRES d\u00f3na suport a la campanya \u201cFirma por su inclusi\u00f3n\u201d - Fundaci\u00f3 IRES","og_description":"La Facultat de Formaci\u00f3 del Professorat de la Universitat d\u2019Extremadura posa en marxa una iniciativa per tal d\u2019instar al Govern d\u2019Espanya a posar el focus en l\u2019atenci\u00f3 e integraci\u00f3 dels menors estrangers sense referents familiars","og_url":"https:\/\/www.fundacioires.org\/ca\/la-fundacio-ires-dona-suport-a-la-campanya-firma-por-su-inclusion\/","og_site_name":"Fundaci\u00f3 IRES","article_published_time":"2020-02-28T13:58:25+00:00","article_modified_time":"2020-03-02T09:00:16+00:00","og_image":[{"width":1270,"height":706,"url":"https:\/\/i0.wp.com\/www.fundacioires.org\/wp-content\/uploads\/Captura-2.png?fit=1270%2C706&ssl=1","type":"image\/png"}],"author":"Fundaci\u00f3 IRES","twitter_card":"summary_large_image","twitter_misc":{"Written by":"Fundaci\u00f3 IRES","Est. reading time":"1 minute"},"schema":{"@context":"https:\/\/schema.org","@graph":[{"@type":"Article","@id":"https:\/\/www.fundacioires.org\/ca\/la-fundacio-ires-dona-suport-a-la-campanya-firma-por-su-inclusion\/#article","isPartOf":{"@id":"https:\/\/www.fundacioires.org\/ca\/la-fundacio-ires-dona-suport-a-la-campanya-firma-por-su-inclusion\/"},"author":{"name":"Fundaci\u00f3 IRES","@id":"https:\/\/www.fundacioires.org\/#\/schema\/person\/160af843c565221ef4664a5c7000791c"},"headline":"La Fundaci\u00f3 IRES d\u00f3na suport a la campanya \u201cFirma por su inclusi\u00f3n\u201d","datePublished":"2020-02-28T13:58:25+00:00","dateModified":"2020-03-02T09:00:16+00:00","mainEntityOfPage":{"@id":"https:\/\/www.fundacioires.org\/ca\/la-fundacio-ires-dona-suport-a-la-campanya-firma-por-su-inclusion\/"},"wordCount":269,"publisher":{"@id":"https:\/\/www.fundacioires.org\/#organization"},"image":{"@id":"https:\/\/www.fundacioires.org\/ca\/la-fundacio-ires-dona-suport-a-la-campanya-firma-por-su-inclusion\/#primaryimage"},"thumbnailUrl":"https:\/\/i0.wp.com\/www.fundacioires.org\/wp-content\/uploads\/Captura-2.png?fit=1270%2C706&ssl=1","articleSection":["Campa\u00f1as de captaci\u00f3n y sensibilizaci\u00f3n"],"inLanguage":"ca-ES"},{"@type":"WebPage","@id":"https:\/\/www.fundacioires.org\/ca\/la-fundacio-ires-dona-suport-a-la-campanya-firma-por-su-inclusion\/","url":"https:\/\/www.fundacioires.org\/ca\/la-fundacio-ires-dona-suport-a-la-campanya-firma-por-su-inclusion\/","name":"La Fundaci\u00f3 IRES d\u00f3na suport a la campanya \u201cFirma por su inclusi\u00f3n\u201d - Fundaci\u00f3 IRES","isPartOf":{"@id":"https:\/\/www.fundacioires.org\/#website"},"primaryImageOfPage":{"@id":"https:\/\/www.fundacioires.org\/ca\/la-fundacio-ires-dona-suport-a-la-campanya-firma-por-su-inclusion\/#primaryimage"},"image":{"@id":"https:\/\/www.fundacioires.org\/ca\/la-fundacio-ires-dona-suport-a-la-campanya-firma-por-su-inclusion\/#primaryimage"},"thumbnailUrl":"https:\/\/i0.wp.com\/www.fundacioires.org\/wp-content\/uploads\/Captura-2.png?fit=1270%2C706&ssl=1","datePublished":"2020-02-28T13:58:25+00:00","dateModified":"2020-03-02T09:00:16+00:00","breadcrumb":{"@id":"https:\/\/www.fundacioires.org\/ca\/la-fundacio-ires-dona-suport-a-la-campanya-firma-por-su-inclusion\/#breadcrumb"},"inLanguage":"ca-ES","potentialAction":[{"@type":"ReadAction","target":["https:\/\/www.fundacioires.org\/ca\/la-fundacio-ires-dona-suport-a-la-campanya-firma-por-su-inclusion\/"]}]},{"@type":"ImageObject","inLanguage":"ca-ES","@id":"https:\/\/www.fundacioires.org\/ca\/la-fundacio-ires-dona-suport-a-la-campanya-firma-por-su-inclusion\/#primaryimage","url":"https:\/\/i0.wp.com\/www.fundacioires.org\/wp-content\/uploads\/Captura-2.png?fit=1270%2C706&ssl=1","contentUrl":"https:\/\/i0.wp.com\/www.fundacioires.org\/wp-content\/uploads\/Captura-2.png?fit=1270%2C706&ssl=1","width":1270,"height":706,"caption":"La Fundaci\u00f3 IRES d\u00f3na suport a la campanya \u201cFirma por su inclusi\u00f3n\u201d"},{"@type":"BreadcrumbList","@id":"https:\/\/www.fundacioires.org\/ca\/la-fundacio-ires-dona-suport-a-la-campanya-firma-por-su-inclusion\/#breadcrumb","itemListElement":[{"@type":"ListItem","position":1,"name":"Portada","item":"https:\/\/www.fundacioires.org\/"},{"@type":"ListItem","position":2,"name":"La Fundaci\u00f3 IRES d\u00f3na suport a la campanya \u201cFirma por su inclusi\u00f3n\u201d"}]},{"@type":"WebSite","@id":"https:\/\/www.fundacioires.org\/#website","url":"https:\/\/www.fundacioires.org\/","name":"Fundaci\u00f3 IRES","description":"","publisher":{"@id":"https:\/\/www.fundacioires.org\/#organization"},"potentialAction":[{"@type":"SearchAction","target":{"@type":"EntryPoint","urlTemplate":"https:\/\/www.fundacioires.org\/?s={search_term_string}"},"query-input":{"@type":"PropertyValueSpecification","valueRequired":true,"valueName":"search_term_string"}}],"inLanguage":"ca-ES"},{"@type":"Organization","@id":"https:\/\/www.fundacioires.org\/#organization","name":"Fundanci\u00f3n IRES","url":"https:\/\/www.fundacioires.org\/","logo":{"@type":"ImageObject","inLanguage":"ca-ES","@id":"https:\/\/www.fundacioires.org\/#\/schema\/logo\/image\/","url":"https:\/\/i0.wp.com\/www.fundacioires.org\/wp-content\/uploads\/faviconIRES.png?fit=32%2C32&ssl=1","contentUrl":"https:\/\/i0.wp.com\/www.fundacioires.org\/wp-content\/uploads\/faviconIRES.png?fit=32%2C32&ssl=1","width":32,"height":32,"caption":"Fundanci\u00f3n IRES"},"image":{"@id":"https:\/\/www.fundacioires.org\/#\/schema\/logo\/image\/"}},{"@type":"Person","@id":"https:\/\/www.fundacioires.org\/#\/schema\/person\/160af843c565221ef4664a5c7000791c","name":"Fundaci\u00f3 IRES"}]}},"jetpack_featured_media_url":"https:\/\/i0.wp.com\/www.fundacioires.org\/wp-content\/uploads\/Captura-2.png?fit=1270%2C706&ssl=1","jetpack_sharing_enabled":true,"_links":{"self":[{"href":"https:\/\/www.fundacioires.org\/ca\/wp-json\/wp\/v2\/posts\/20755","targetHints":{"allow":["GET"]}}],"collection":[{"href":"https:\/\/www.fundacioires.org\/ca\/wp-json\/wp\/v2\/posts"}],"about":[{"href":"https:\/\/www.fundacioires.org\/ca\/wp-json\/wp\/v2\/types\/post"}],"author":[{"embeddable":true,"href":"https:\/\/www.fundacioires.org\/ca\/wp-json\/wp\/v2\/users\/7"}],"replies":[{"embeddable":true,"href":"https:\/\/www.fundacioires.org\/ca\/wp-json\/wp\/v2\/comments?post=20755"}],"version-history":[{"count":3,"href":"https:\/\/www.fundacioires.org\/ca\/wp-json\/wp\/v2\/posts\/20755\/revisions"}],"predecessor-version":[{"id":20861,"href":"https:\/\/www.fundacioires.org\/ca\/wp-json\/wp\/v2\/posts\/20755\/revisions\/20861"}],"wp:featuredmedia":[{"embeddable":true,"href":"https:\/\/www.fundacioires.org\/ca\/wp-json\/wp\/v2\/media\/20758"}],"wp:attachment":[{"href":"https:\/\/www.fundacioires.org\/ca\/wp-json\/wp\/v2\/media?parent=20755"}],"wp:term":[{"taxonomy":"category","embeddable":true,"href":"https:\/\/www.fundacioires.org\/ca\/wp-json\/wp\/v2\/categories?post=20755"},{"taxonomy":"post_tag","embeddable":true,"href":"https:\/\/www.fundacioires.org\/ca\/wp-json\/wp\/v2\/tags?post=20755"}],"curies":[{"name":"wp","href":"https:\/\/api.w.org\/{rel}","templated":true}]}}