{"id":20765,"date":"2020-02-28T17:54:25","date_gmt":"2020-02-28T16:54:25","guid":{"rendered":"https:\/\/www.fundacioires.org\/?p=20765"},"modified":"2021-10-08T08:50:20","modified_gmt":"2021-10-08T06:50:20","slug":"omplim-motxilles-doportunitats","status":"publish","type":"post","link":"https:\/\/www.fundacioires.org\/ca\/omplim-motxilles-doportunitats\/","title":{"rendered":"OMPLIM MOTXILLES  D\u2019OPORTUNITATS!"},"content":{"rendered":"\n<p>Des de la <strong>Federaci\u00f3 d\u2019entitats d\u2019atenci\u00f3 a la inf\u00e0ncia i l\u2019adolesc\u00e8ncia<\/strong> (Fedaia), de la qual, la Fundaci\u00f3 IRES n&#8217;\u00e9s membre, i en representaci\u00f3 de prop d&#8217;un centenar d&#8217;entitats, es va llen\u00e7ar el passat dilluns la campanya \u201cOmplim motxilles d\u2019oportunitats\u201d amb qu\u00e8 es reclamen 130 milions d\u2019euros per atendre la inf\u00e0ncia vulnerable. <\/p>\n\n\n\n<p>Compartim el <strong><a href=\"https:\/\/www.fundacioires.org\/wp-content\/uploads\/manifest.pdf\" target=\"_blank\" rel=\"noreferrer noopener\" aria-label=\"manifest (opens in a new tab)\">manifest<\/a> <\/strong>que subscrivim com a entitat membre:<\/p>\n\n\n\n<p>La FEDAIA, en representaci\u00f3 de prop d&#8217;un centenar d&#8217;entitats, que at\u00e9n 100.000 infants vulnerables a Catalunya, compta amb<strong> 3.500 professionals i 4.800 voluntaris i defensem fermament l&#8217;Estat del Benestar<\/strong> i exigim el seu m\u00e0xim desplegament per tal de garantir el dret a la igualtat d&#8217;oportunitats socials per a tothom. Des de la inf\u00e0ncia fins a la gent gran, desplegar l&#8217;<strong>Estat de Benestar ha de ser quelcom m\u00e9s que un discurs <\/strong>i s\u2019ha de fer realitat assegurant la garantia i sostenibilitat de cada tipologia de servei.<\/p>\n\n\n\n<p><strong>Les entitats i les professionals de l&#8217;atenci\u00f3 a la inf\u00e0ncia en situaci\u00f3 de vulnerabilitat, viuen una situaci\u00f3 l\u00edmit.<\/strong> Des del 2008 fins a l\u2019actualitat, la crisi econ\u00f2mica ha accentuat la desigualtat social, amb les situacions de pobresa o de risc de patir-ne com a conseq\u00fc\u00e8ncia m\u00e9s directa. A banda, les administracions p\u00fabliques van retallar serveis d&#8217;atenci\u00f3 a les persones, tant de car\u00e0cter b\u00e0sic com complementari o especialitzat.<\/p>\n\n\n\n<p>Davant d\u2019aquesta situaci\u00f3 les entitats han\nfet un proc\u00e9s de major cobertura oferint la resposta social que es requeria en\naquesta situaci\u00f3. \u00c9s per aix\u00f2, que les entitats van realitzar processos de\nmajor efici\u00e8ncia per reduir despeses i poder garantir la continu\u00eftat dels\nserveis.<\/p>\n\n\n\n<p><strong>Demanem revertir aquesta d\u00e8cada perduda per poder omplir les motxilles dels infants i adolescents, d&#8217;eines i instruments, per garantir els seus drets i prevenir situacions de risc d&#8217;exclusi\u00f3 i d&#8217;oportunitats.<\/strong><\/p>\n\n\n\n<p>Hi ha un munt de professionals de l\u2019Acci\u00f3 Social, compromesos i bolcats a acompanyar aquesta inf\u00e0ncia i adolesc\u00e8ncia i a les seves fam\u00edlies. Professionals als que cal recon\u00e8ixer l\u2019excel\u00b7lent i imprescindible tasca que fan dia a dia i als que hem de poder millorar tant els salaris com les condicions laborals. <strong>Urgeix revertir la tend\u00e8ncia a la p\u00e8rdua de professionals d\u2019atenci\u00f3 directe, necessitem millorar l&#8217;estabilitat que s&#8217;ha mantingut durant anys malgrat la p\u00e8rdua de capacitat adquisitiva.<\/strong><\/p>\n\n\n\n<p>Pel que fa a les entitats, <strong>cal fer sostenibles els projectes i els serveis<\/strong>, i necessitem treballar amb millors condicions i qualitat. Les necessitats i caracter\u00edstiques especifiques de la inf\u00e0ncia i adolesc\u00e8ncia en situaci\u00f3 de vulnerabilitat que arriben al Sistema de Serveis Socials o al d&#8217;Atenci\u00f3 a la Inf\u00e0ncia, necessiten que estiguem en una continua evoluci\u00f3 per la seva millora, on es requereix d\u2019un major numero de professionals, de formaci\u00f3, d\u2019experi\u00e8ncia, de poder incloure altres perfils professionals&#8230; Per poder atendre de manera m\u00e9s personalitzada les seves dificultats. A m\u00e9s, s&#8217;han hagut de reduir despeses vinculades a l\u2019atenci\u00f3 a les persones (partides m\u00e8dico-educatives, despeses vinculades a fer activitats extres com col\u00f2nies, expedients econ\u00f2mics de suport, etc.), en alguns casos, <strong>les activitats ordin\u00e0ries i les millores es financen amb cr\u00e8dits bancaris extraordinaris. Aix\u00f2 est\u00e0 obligant a ajornar les inversions de futur tant en material com en professionals.<\/strong><\/p>\n\n\n\n<p><strong>La presentaci\u00f3 dels Pressupostos de la Generalitat 2020 ens ha generat un important malestar perqu\u00e8 no hi ha cap partida pressupost\u00e0ria destinada a desenvolupar les necessitats que, com a sector, venim reclamant des de fa temps.<\/strong><\/p>\n\n\n\n<p>Per aquest motiu, el nostre objectiu \u00e9s que els pressupostos de la Generalitat, que ara es troben en tr\u00e0mits, siguin modificats. Estem disposats i disposades a portar a terme una mobilitzaci\u00f3 creixent i permanent per reclamar que es doti d&#8217;almenys 90 milions d&#8217;euros per revertir els deu anys de p\u00e8rdues i 40 milions per desplegament del model SIS. Aquests increments han de permetre resoldre els tres principals problemes que hem denunciat: <strong>destinar m\u00e9s recursos per garantir el compliment dels drets de la inf\u00e0ncia en situaci\u00f3 de vulnerabilitat, actualitzar les condicions laborals dels professionals, i contribuir al sosteniment de les entitats i dels projectes i serveis que portem a terme.<\/strong><\/p>\n\n\n\n<p>Pensem que un reajustament en les partides\ndestinades a l&#8217;acci\u00f3 social aix\u00ed com destinar els recursos lligats a la\nflexibilitzaci\u00f3 del d\u00e8ficit anunciada per part del Govern espanyol, han de\npossibilitar disposar dels recursos per revertir la situaci\u00f3 de crisi que\ntravessem les entitats i professionals que atenem la inf\u00e0ncia i adolesc\u00e8ncia en\nsituaci\u00f3 de vulnerabilitat.<\/p>\n\n\n\n<p><strong>I PER AIX\u00d2\nDEMANEM<\/strong><\/p>\n\n\n\n<p><strong>El comprom\u00eds de tot l\u2019arc parlamentari per a revertir: la greu situaci\u00f3 d\u2019extrema necessitat <\/strong>&nbsp;de la inf\u00e0ncia i la inadmissible precaritzaci\u00f3 de les condicions de les professionals i entitats que hi treballem. Que els grups pol\u00edtics amb representaci\u00f3 al Parlament de Catalunya presentin o recolzin i aprovin una moci\u00f3 als Pressupostos de la Generalitat que doti d\u2019almenys 90 milions d\u2019euros per <strong>revertir els 10 anys de p\u00e8rdues i 40 milions per desplegament del model SIS.<\/strong><\/p>\n\n\n\n<p>Esperem el <strong>m\u00e0xim consens de totes les formacions <\/strong>per assolir els objectius que permetran garantir els drets dels infants, amb la conseg\u00fcent dignificaci\u00f3 dels professionals i contribuint al sosteniment de les entitats que hi treballen.<\/p>\n\n\n\n<p><strong>La inf\u00e0ncia i\nels professionals que l\u2019atenem no podem esperar!!<\/strong><\/p>\n","protected":false},"excerpt":{"rendered":"<p>La FEDAIA reclama modificar els pressupostos de la Generalitat per l\u2019atenci\u00f3 a la inf\u00e0ncia<\/p>\n","protected":false},"author":7,"featured_media":21911,"comment_status":"closed","ping_status":"open","sticky":false,"template":"","format":"standard","meta":{"_jetpack_memberships_contains_paid_content":false,"footnotes":""},"categories":[24],"tags":[],"class_list":["post-20765","post","type-post","status-publish","format-standard","has-post-thumbnail","hentry","category-campanyes-de-captacio-i-sensibilitzacio"],"yoast_head":"<!-- This site is optimized with the Yoast SEO plugin v27.4 - https:\/\/yoast.com\/product\/yoast-seo-wordpress\/ -->\n<title>OMPLIM MOTXILLES D\u2019OPORTUNITATS! - Fundaci\u00f3 IRES<\/title>\n<meta name=\"robots\" content=\"index, follow, max-snippet:-1, max-image-preview:large, max-video-preview:-1\" \/>\n<link rel=\"canonical\" href=\"https:\/\/www.fundacioires.org\/ca\/omplim-motxilles-doportunitats\/\" \/>\n<meta property=\"og:locale\" content=\"ca_ES\" \/>\n<meta property=\"og:type\" content=\"article\" \/>\n<meta property=\"og:title\" content=\"OMPLIM MOTXILLES D\u2019OPORTUNITATS! - Fundaci\u00f3 IRES\" \/>\n<meta property=\"og:description\" content=\"La FEDAIA reclama modificar els pressupostos de la Generalitat per l\u2019atenci\u00f3 a la inf\u00e0ncia\" \/>\n<meta property=\"og:url\" content=\"https:\/\/www.fundacioires.org\/ca\/omplim-motxilles-doportunitats\/\" \/>\n<meta property=\"og:site_name\" content=\"Fundaci\u00f3 IRES\" \/>\n<meta property=\"article:published_time\" content=\"2020-02-28T16:54:25+00:00\" \/>\n<meta property=\"article:modified_time\" content=\"2021-10-08T06:50:20+00:00\" \/>\n<meta property=\"og:image\" content=\"https:\/\/i2.wp.com\/www.fundacioires.org\/wp-content\/uploads\/Not\u00edcia-Fundaci\u00f3-IRES-2.jpg?fit=1200%2C628&ssl=1\" \/>\n\t<meta property=\"og:image:width\" content=\"1200\" \/>\n\t<meta property=\"og:image:height\" content=\"628\" \/>\n\t<meta property=\"og:image:type\" content=\"image\/jpeg\" \/>\n<meta name=\"author\" content=\"Fundaci\u00f3 IRES\" \/>\n<meta name=\"twitter:card\" content=\"summary_large_image\" \/>\n<meta name=\"twitter:label1\" content=\"Written by\" \/>\n\t<meta name=\"twitter:data1\" content=\"Fundaci\u00f3 IRES\" \/>\n\t<meta name=\"twitter:label2\" content=\"Est. reading time\" \/>\n\t<meta name=\"twitter:data2\" content=\"4 minutes\" \/>\n<script type=\"application\/ld+json\" class=\"yoast-schema-graph\">{\"@context\":\"https:\\\/\\\/schema.org\",\"@graph\":[{\"@type\":\"Article\",\"@id\":\"https:\\\/\\\/www.fundacioires.org\\\/ca\\\/omplim-motxilles-doportunitats\\\/#article\",\"isPartOf\":{\"@id\":\"https:\\\/\\\/www.fundacioires.org\\\/ca\\\/omplim-motxilles-doportunitats\\\/\"},\"author\":{\"name\":\"Fundaci\u00f3 IRES\",\"@id\":\"https:\\\/\\\/www.fundacioires.org\\\/#\\\/schema\\\/person\\\/160af843c565221ef4664a5c7000791c\"},\"headline\":\"OMPLIM MOTXILLES D\u2019OPORTUNITATS!\",\"datePublished\":\"2020-02-28T16:54:25+00:00\",\"dateModified\":\"2021-10-08T06:50:20+00:00\",\"mainEntityOfPage\":{\"@id\":\"https:\\\/\\\/www.fundacioires.org\\\/ca\\\/omplim-motxilles-doportunitats\\\/\"},\"wordCount\":920,\"publisher\":{\"@id\":\"https:\\\/\\\/www.fundacioires.org\\\/#organization\"},\"image\":{\"@id\":\"https:\\\/\\\/www.fundacioires.org\\\/ca\\\/omplim-motxilles-doportunitats\\\/#primaryimage\"},\"thumbnailUrl\":\"https:\\\/\\\/i0.wp.com\\\/www.fundacioires.org\\\/wp-content\\\/uploads\\\/Not%C3%ADcia-Fundaci%C3%B3-IRES-2.jpg?fit=1200%2C628&ssl=1\",\"articleSection\":[\"Campanyes de captaci\u00f3 i sensibilitzaci\u00f3\"],\"inLanguage\":\"ca-ES\"},{\"@type\":\"WebPage\",\"@id\":\"https:\\\/\\\/www.fundacioires.org\\\/ca\\\/omplim-motxilles-doportunitats\\\/\",\"url\":\"https:\\\/\\\/www.fundacioires.org\\\/ca\\\/omplim-motxilles-doportunitats\\\/\",\"name\":\"OMPLIM MOTXILLES D\u2019OPORTUNITATS! - Fundaci\u00f3 IRES\",\"isPartOf\":{\"@id\":\"https:\\\/\\\/www.fundacioires.org\\\/#website\"},\"primaryImageOfPage\":{\"@id\":\"https:\\\/\\\/www.fundacioires.org\\\/ca\\\/omplim-motxilles-doportunitats\\\/#primaryimage\"},\"image\":{\"@id\":\"https:\\\/\\\/www.fundacioires.org\\\/ca\\\/omplim-motxilles-doportunitats\\\/#primaryimage\"},\"thumbnailUrl\":\"https:\\\/\\\/i0.wp.com\\\/www.fundacioires.org\\\/wp-content\\\/uploads\\\/Not%C3%ADcia-Fundaci%C3%B3-IRES-2.jpg?fit=1200%2C628&ssl=1\",\"datePublished\":\"2020-02-28T16:54:25+00:00\",\"dateModified\":\"2021-10-08T06:50:20+00:00\",\"breadcrumb\":{\"@id\":\"https:\\\/\\\/www.fundacioires.org\\\/ca\\\/omplim-motxilles-doportunitats\\\/#breadcrumb\"},\"inLanguage\":\"ca-ES\",\"potentialAction\":[{\"@type\":\"ReadAction\",\"target\":[\"https:\\\/\\\/www.fundacioires.org\\\/ca\\\/omplim-motxilles-doportunitats\\\/\"]}]},{\"@type\":\"ImageObject\",\"inLanguage\":\"ca-ES\",\"@id\":\"https:\\\/\\\/www.fundacioires.org\\\/ca\\\/omplim-motxilles-doportunitats\\\/#primaryimage\",\"url\":\"https:\\\/\\\/i0.wp.com\\\/www.fundacioires.org\\\/wp-content\\\/uploads\\\/Not%C3%ADcia-Fundaci%C3%B3-IRES-2.jpg?fit=1200%2C628&ssl=1\",\"contentUrl\":\"https:\\\/\\\/i0.wp.com\\\/www.fundacioires.org\\\/wp-content\\\/uploads\\\/Not%C3%ADcia-Fundaci%C3%B3-IRES-2.jpg?fit=1200%2C628&ssl=1\",\"width\":1200,\"height\":628,\"caption\":\"Infant a una taula pintant\"},{\"@type\":\"BreadcrumbList\",\"@id\":\"https:\\\/\\\/www.fundacioires.org\\\/ca\\\/omplim-motxilles-doportunitats\\\/#breadcrumb\",\"itemListElement\":[{\"@type\":\"ListItem\",\"position\":1,\"name\":\"Portada\",\"item\":\"https:\\\/\\\/www.fundacioires.org\\\/\"},{\"@type\":\"ListItem\",\"position\":2,\"name\":\"OMPLIM MOTXILLES D\u2019OPORTUNITATS!\"}]},{\"@type\":\"WebSite\",\"@id\":\"https:\\\/\\\/www.fundacioires.org\\\/#website\",\"url\":\"https:\\\/\\\/www.fundacioires.org\\\/\",\"name\":\"Fundaci\u00f3 IRES\",\"description\":\"\",\"publisher\":{\"@id\":\"https:\\\/\\\/www.fundacioires.org\\\/#organization\"},\"potentialAction\":[{\"@type\":\"SearchAction\",\"target\":{\"@type\":\"EntryPoint\",\"urlTemplate\":\"https:\\\/\\\/www.fundacioires.org\\\/?s={search_term_string}\"},\"query-input\":{\"@type\":\"PropertyValueSpecification\",\"valueRequired\":true,\"valueName\":\"search_term_string\"}}],\"inLanguage\":\"ca-ES\"},{\"@type\":\"Organization\",\"@id\":\"https:\\\/\\\/www.fundacioires.org\\\/#organization\",\"name\":\"Fundanci\u00f3n IRES\",\"url\":\"https:\\\/\\\/www.fundacioires.org\\\/\",\"logo\":{\"@type\":\"ImageObject\",\"inLanguage\":\"ca-ES\",\"@id\":\"https:\\\/\\\/www.fundacioires.org\\\/#\\\/schema\\\/logo\\\/image\\\/\",\"url\":\"https:\\\/\\\/i0.wp.com\\\/www.fundacioires.org\\\/wp-content\\\/uploads\\\/faviconIRES.png?fit=32%2C32&ssl=1\",\"contentUrl\":\"https:\\\/\\\/i0.wp.com\\\/www.fundacioires.org\\\/wp-content\\\/uploads\\\/faviconIRES.png?fit=32%2C32&ssl=1\",\"width\":32,\"height\":32,\"caption\":\"Fundanci\u00f3n IRES\"},\"image\":{\"@id\":\"https:\\\/\\\/www.fundacioires.org\\\/#\\\/schema\\\/logo\\\/image\\\/\"}},{\"@type\":\"Person\",\"@id\":\"https:\\\/\\\/www.fundacioires.org\\\/#\\\/schema\\\/person\\\/160af843c565221ef4664a5c7000791c\",\"name\":\"Fundaci\u00f3 IRES\"}]}<\/script>\n<!-- \/ Yoast SEO plugin. -->","yoast_head_json":{"title":"OMPLIM MOTXILLES D\u2019OPORTUNITATS! - Fundaci\u00f3 IRES","robots":{"index":"index","follow":"follow","max-snippet":"max-snippet:-1","max-image-preview":"max-image-preview:large","max-video-preview":"max-video-preview:-1"},"canonical":"https:\/\/www.fundacioires.org\/ca\/omplim-motxilles-doportunitats\/","og_locale":"ca_ES","og_type":"article","og_title":"OMPLIM MOTXILLES D\u2019OPORTUNITATS! - Fundaci\u00f3 IRES","og_description":"La FEDAIA reclama modificar els pressupostos de la Generalitat per l\u2019atenci\u00f3 a la inf\u00e0ncia","og_url":"https:\/\/www.fundacioires.org\/ca\/omplim-motxilles-doportunitats\/","og_site_name":"Fundaci\u00f3 IRES","article_published_time":"2020-02-28T16:54:25+00:00","article_modified_time":"2021-10-08T06:50:20+00:00","og_image":[{"width":1200,"height":628,"url":"https:\/\/i2.wp.com\/www.fundacioires.org\/wp-content\/uploads\/Not\u00edcia-Fundaci\u00f3-IRES-2.jpg?fit=1200%2C628&ssl=1","type":"image\/jpeg"}],"author":"Fundaci\u00f3 IRES","twitter_card":"summary_large_image","twitter_misc":{"Written by":"Fundaci\u00f3 IRES","Est. reading time":"4 minutes"},"schema":{"@context":"https:\/\/schema.org","@graph":[{"@type":"Article","@id":"https:\/\/www.fundacioires.org\/ca\/omplim-motxilles-doportunitats\/#article","isPartOf":{"@id":"https:\/\/www.fundacioires.org\/ca\/omplim-motxilles-doportunitats\/"},"author":{"name":"Fundaci\u00f3 IRES","@id":"https:\/\/www.fundacioires.org\/#\/schema\/person\/160af843c565221ef4664a5c7000791c"},"headline":"OMPLIM MOTXILLES D\u2019OPORTUNITATS!","datePublished":"2020-02-28T16:54:25+00:00","dateModified":"2021-10-08T06:50:20+00:00","mainEntityOfPage":{"@id":"https:\/\/www.fundacioires.org\/ca\/omplim-motxilles-doportunitats\/"},"wordCount":920,"publisher":{"@id":"https:\/\/www.fundacioires.org\/#organization"},"image":{"@id":"https:\/\/www.fundacioires.org\/ca\/omplim-motxilles-doportunitats\/#primaryimage"},"thumbnailUrl":"https:\/\/i0.wp.com\/www.fundacioires.org\/wp-content\/uploads\/Not%C3%ADcia-Fundaci%C3%B3-IRES-2.jpg?fit=1200%2C628&ssl=1","articleSection":["Campanyes de captaci\u00f3 i sensibilitzaci\u00f3"],"inLanguage":"ca-ES"},{"@type":"WebPage","@id":"https:\/\/www.fundacioires.org\/ca\/omplim-motxilles-doportunitats\/","url":"https:\/\/www.fundacioires.org\/ca\/omplim-motxilles-doportunitats\/","name":"OMPLIM MOTXILLES D\u2019OPORTUNITATS! - Fundaci\u00f3 IRES","isPartOf":{"@id":"https:\/\/www.fundacioires.org\/#website"},"primaryImageOfPage":{"@id":"https:\/\/www.fundacioires.org\/ca\/omplim-motxilles-doportunitats\/#primaryimage"},"image":{"@id":"https:\/\/www.fundacioires.org\/ca\/omplim-motxilles-doportunitats\/#primaryimage"},"thumbnailUrl":"https:\/\/i0.wp.com\/www.fundacioires.org\/wp-content\/uploads\/Not%C3%ADcia-Fundaci%C3%B3-IRES-2.jpg?fit=1200%2C628&ssl=1","datePublished":"2020-02-28T16:54:25+00:00","dateModified":"2021-10-08T06:50:20+00:00","breadcrumb":{"@id":"https:\/\/www.fundacioires.org\/ca\/omplim-motxilles-doportunitats\/#breadcrumb"},"inLanguage":"ca-ES","potentialAction":[{"@type":"ReadAction","target":["https:\/\/www.fundacioires.org\/ca\/omplim-motxilles-doportunitats\/"]}]},{"@type":"ImageObject","inLanguage":"ca-ES","@id":"https:\/\/www.fundacioires.org\/ca\/omplim-motxilles-doportunitats\/#primaryimage","url":"https:\/\/i0.wp.com\/www.fundacioires.org\/wp-content\/uploads\/Not%C3%ADcia-Fundaci%C3%B3-IRES-2.jpg?fit=1200%2C628&ssl=1","contentUrl":"https:\/\/i0.wp.com\/www.fundacioires.org\/wp-content\/uploads\/Not%C3%ADcia-Fundaci%C3%B3-IRES-2.jpg?fit=1200%2C628&ssl=1","width":1200,"height":628,"caption":"Infant a una taula pintant"},{"@type":"BreadcrumbList","@id":"https:\/\/www.fundacioires.org\/ca\/omplim-motxilles-doportunitats\/#breadcrumb","itemListElement":[{"@type":"ListItem","position":1,"name":"Portada","item":"https:\/\/www.fundacioires.org\/"},{"@type":"ListItem","position":2,"name":"OMPLIM MOTXILLES D\u2019OPORTUNITATS!"}]},{"@type":"WebSite","@id":"https:\/\/www.fundacioires.org\/#website","url":"https:\/\/www.fundacioires.org\/","name":"Fundaci\u00f3 IRES","description":"","publisher":{"@id":"https:\/\/www.fundacioires.org\/#organization"},"potentialAction":[{"@type":"SearchAction","target":{"@type":"EntryPoint","urlTemplate":"https:\/\/www.fundacioires.org\/?s={search_term_string}"},"query-input":{"@type":"PropertyValueSpecification","valueRequired":true,"valueName":"search_term_string"}}],"inLanguage":"ca-ES"},{"@type":"Organization","@id":"https:\/\/www.fundacioires.org\/#organization","name":"Fundanci\u00f3n IRES","url":"https:\/\/www.fundacioires.org\/","logo":{"@type":"ImageObject","inLanguage":"ca-ES","@id":"https:\/\/www.fundacioires.org\/#\/schema\/logo\/image\/","url":"https:\/\/i0.wp.com\/www.fundacioires.org\/wp-content\/uploads\/faviconIRES.png?fit=32%2C32&ssl=1","contentUrl":"https:\/\/i0.wp.com\/www.fundacioires.org\/wp-content\/uploads\/faviconIRES.png?fit=32%2C32&ssl=1","width":32,"height":32,"caption":"Fundanci\u00f3n IRES"},"image":{"@id":"https:\/\/www.fundacioires.org\/#\/schema\/logo\/image\/"}},{"@type":"Person","@id":"https:\/\/www.fundacioires.org\/#\/schema\/person\/160af843c565221ef4664a5c7000791c","name":"Fundaci\u00f3 IRES"}]}},"jetpack_featured_media_url":"https:\/\/i0.wp.com\/www.fundacioires.org\/wp-content\/uploads\/Not%C3%ADcia-Fundaci%C3%B3-IRES-2.jpg?fit=1200%2C628&ssl=1","jetpack_sharing_enabled":true,"_links":{"self":[{"href":"https:\/\/www.fundacioires.org\/ca\/wp-json\/wp\/v2\/posts\/20765","targetHints":{"allow":["GET"]}}],"collection":[{"href":"https:\/\/www.fundacioires.org\/ca\/wp-json\/wp\/v2\/posts"}],"about":[{"href":"https:\/\/www.fundacioires.org\/ca\/wp-json\/wp\/v2\/types\/post"}],"author":[{"embeddable":true,"href":"https:\/\/www.fundacioires.org\/ca\/wp-json\/wp\/v2\/users\/7"}],"replies":[{"embeddable":true,"href":"https:\/\/www.fundacioires.org\/ca\/wp-json\/wp\/v2\/comments?post=20765"}],"version-history":[{"count":2,"href":"https:\/\/www.fundacioires.org\/ca\/wp-json\/wp\/v2\/posts\/20765\/revisions"}],"predecessor-version":[{"id":20773,"href":"https:\/\/www.fundacioires.org\/ca\/wp-json\/wp\/v2\/posts\/20765\/revisions\/20773"}],"wp:featuredmedia":[{"embeddable":true,"href":"https:\/\/www.fundacioires.org\/ca\/wp-json\/wp\/v2\/media\/21911"}],"wp:attachment":[{"href":"https:\/\/www.fundacioires.org\/ca\/wp-json\/wp\/v2\/media?parent=20765"}],"wp:term":[{"taxonomy":"category","embeddable":true,"href":"https:\/\/www.fundacioires.org\/ca\/wp-json\/wp\/v2\/categories?post=20765"},{"taxonomy":"post_tag","embeddable":true,"href":"https:\/\/www.fundacioires.org\/ca\/wp-json\/wp\/v2\/tags?post=20765"}],"curies":[{"name":"wp","href":"https:\/\/api.w.org\/{rel}","templated":true}]}}