{"id":20830,"date":"2020-03-02T08:23:25","date_gmt":"2020-03-02T07:23:25","guid":{"rendered":"https:\/\/www.fundacioires.org\/?p=20830"},"modified":"2020-03-02T08:28:30","modified_gmt":"2020-03-02T07:28:30","slug":"neix-el-click-a-balears","status":"publish","type":"post","link":"https:\/\/www.fundacioires.org\/ca\/neix-el-click-a-balears\/","title":{"rendered":"Neix el Click a Balears"},"content":{"rendered":"\n<p>Aquest febrer de 2020, es vainiciar un nou Projecte a Manacor: el CLICK Manacor. \u00a0Un espai per a joves de 14 a 17 anys amb ganes de descobrir, con\u00e8ixer \u00a0i millorar les seves capacitats, potenciar-les en grup i millorar la seva autoestima i xarxa social.<\/p>\n\n\n\n<p>A trav\u00e9s d\u2019activitats grupals programades per ells i elles es treballaran de manera transversal aspectes com <strong>la igualtat, el canvi clim\u00e0tic, les inquietuds pr\u00f2pies de la seva edat:<\/strong> <strong>relacions de parella, fam\u00edlia, sexualitat, etc. <\/strong>Ser\u00e0 tamb\u00e9 un espai d\u2019oci i reuni\u00f3 que cercar\u00e0 facilitar la posada en marxa d\u2019iniciatives que els pugui motivar i activar d\u2019una manera positiva i saludable. Aix\u00ed mateix, comptaran amb un espai individual per abordar dubtes sobre orientaci\u00f3 acad\u00e8mica i pre laboral. <\/p>\n\n\n\n<p>La primera sessi\u00f3 de coneixement del grup i establiment\nde normes i primera activitat va comptar amb 5 participants i esperem que mica\nen mica puguem comptar amb m\u00e9s joves.<\/p>\n\n\n\n<p>Actualment, les Illes Balears s\u00f3n la comunitat amb la taxa m\u00e9s elevada d\u2019abandonament escolar, amb un 27%. A banda de la situaci\u00f3 de vulnerabilitat que travessen molts joves i les seves fam\u00edlies, l&#8217;adolesc\u00e8ncia \u00e9s una etapa complicada i plena de dubtes.<strong> Sovint els demanem que siguin persones adultes, per\u00f2 no els donem les eines de participaci\u00f3 i autonomia per ser-ho.<\/strong><\/p>\n\n\n\n<p><strong>Al Click, ells s\u00f3n els protagonistes<\/strong>, decideixen i es fan responsables del seu futur. I nosaltres els oferim recursos i eines perqu\u00e8 aconsegueixin els seus objectius, poder <strong>identificar el seu millor recorregut formatiu, laboral i personal<\/strong> adaptat al seu potencial.<\/p>\n\n\n\n<p><strong>Volem agrair a l\u2019Ajuntament de Manacor i a l\u2019\u00c0rea de Pol\u00edtiques Transversals per cedir-nos un espai per dur a terme l\u2019activitat i donar-nos totes les facilitats materials<\/strong> per tal d\u2019iniciar amb aquest projecte tan il\u00b7lusionant.<\/p>\n\n\n\n<ul class=\"wp-block-gallery columns-3 is-cropped wp-block-gallery-1 is-layout-flex wp-block-gallery-is-layout-flex\"><li class=\"blocks-gallery-item\"><figure><img loading=\"lazy\" decoding=\"async\" width=\"1600\" height=\"1200\" src=\"https:\/\/i0.wp.com\/www.fundacioires.org\/wp-content\/uploads\/1.jpg?fit=1024%2C768&amp;ssl=1\" alt=\"\" data-id=\"20833\" data-link=\"https:\/\/www.fundacioires.org\/?attachment_id=20833\" class=\"wp-image-20833\" srcset=\"https:\/\/i0.wp.com\/www.fundacioires.org\/wp-content\/uploads\/1.jpg?w=1600&amp;ssl=1 1600w, https:\/\/i0.wp.com\/www.fundacioires.org\/wp-content\/uploads\/1.jpg?resize=300%2C225&amp;ssl=1 300w, https:\/\/i0.wp.com\/www.fundacioires.org\/wp-content\/uploads\/1.jpg?resize=768%2C576&amp;ssl=1 768w, https:\/\/i0.wp.com\/www.fundacioires.org\/wp-content\/uploads\/1.jpg?resize=1024%2C768&amp;ssl=1 1024w\" sizes=\"(max-width: 1000px) 100vw, 1000px\" \/><\/figure><\/li><li class=\"blocks-gallery-item\"><figure><img loading=\"lazy\" decoding=\"async\" width=\"1600\" height=\"1200\" src=\"https:\/\/i0.wp.com\/www.fundacioires.org\/wp-content\/uploads\/2.jpg?fit=1024%2C768&amp;ssl=1\" alt=\"\" data-id=\"20835\" data-link=\"https:\/\/www.fundacioires.org\/?attachment_id=20835\" class=\"wp-image-20835\" srcset=\"https:\/\/i0.wp.com\/www.fundacioires.org\/wp-content\/uploads\/2.jpg?w=1600&amp;ssl=1 1600w, https:\/\/i0.wp.com\/www.fundacioires.org\/wp-content\/uploads\/2.jpg?resize=300%2C225&amp;ssl=1 300w, https:\/\/i0.wp.com\/www.fundacioires.org\/wp-content\/uploads\/2.jpg?resize=768%2C576&amp;ssl=1 768w, https:\/\/i0.wp.com\/www.fundacioires.org\/wp-content\/uploads\/2.jpg?resize=1024%2C768&amp;ssl=1 1024w\" sizes=\"(max-width: 1000px) 100vw, 1000px\" \/><\/figure><\/li><li class=\"blocks-gallery-item\"><figure><img loading=\"lazy\" decoding=\"async\" width=\"1200\" height=\"1600\" src=\"https:\/\/i0.wp.com\/www.fundacioires.org\/wp-content\/uploads\/3.jpg?fit=768%2C1024&amp;ssl=1\" alt=\"\" data-id=\"20837\" data-link=\"https:\/\/www.fundacioires.org\/?attachment_id=20837\" class=\"wp-image-20837\" srcset=\"https:\/\/i0.wp.com\/www.fundacioires.org\/wp-content\/uploads\/3.jpg?w=1200&amp;ssl=1 1200w, https:\/\/i0.wp.com\/www.fundacioires.org\/wp-content\/uploads\/3.jpg?resize=225%2C300&amp;ssl=1 225w, https:\/\/i0.wp.com\/www.fundacioires.org\/wp-content\/uploads\/3.jpg?resize=768%2C1024&amp;ssl=1 768w\" sizes=\"(max-width: 1000px) 100vw, 1000px\" \/><\/figure><\/li><li class=\"blocks-gallery-item\"><figure><img loading=\"lazy\" decoding=\"async\" width=\"1200\" height=\"1600\" src=\"https:\/\/i0.wp.com\/www.fundacioires.org\/wp-content\/uploads\/4.jpg?fit=768%2C1024&amp;ssl=1\" alt=\"\" data-id=\"20839\" data-link=\"https:\/\/www.fundacioires.org\/?attachment_id=20839\" class=\"wp-image-20839\" srcset=\"https:\/\/i0.wp.com\/www.fundacioires.org\/wp-content\/uploads\/4.jpg?w=1200&amp;ssl=1 1200w, https:\/\/i0.wp.com\/www.fundacioires.org\/wp-content\/uploads\/4.jpg?resize=225%2C300&amp;ssl=1 225w, https:\/\/i0.wp.com\/www.fundacioires.org\/wp-content\/uploads\/4.jpg?resize=768%2C1024&amp;ssl=1 768w\" sizes=\"(max-width: 1000px) 100vw, 1000px\" \/><\/figure><\/li><\/ul>\n","protected":false},"excerpt":{"rendered":"<p>Manacor ha estrenat aquest 11 de febrer el Projecte Click amb un grup de joves del territori<\/p>\n","protected":false},"author":7,"featured_media":20831,"comment_status":"closed","ping_status":"open","sticky":false,"template":"","format":"standard","meta":{"_jetpack_memberships_contains_paid_content":false,"footnotes":""},"categories":[19],"tags":[129],"class_list":["post-20830","post","type-post","status-publish","format-standard","has-post-thumbnail","hentry","category-ires-blog","tag-projecte-click"],"yoast_head":"<!-- This site is optimized with the Yoast SEO plugin v27.4 - https:\/\/yoast.com\/product\/yoast-seo-wordpress\/ -->\n<title>Neix el Click a Balears - Fundaci\u00f3 IRES<\/title>\n<meta name=\"robots\" content=\"index, follow, max-snippet:-1, max-image-preview:large, max-video-preview:-1\" \/>\n<link rel=\"canonical\" href=\"https:\/\/www.fundacioires.org\/ca\/neix-el-click-a-balears\/\" \/>\n<meta property=\"og:locale\" content=\"ca_ES\" \/>\n<meta property=\"og:type\" content=\"article\" \/>\n<meta property=\"og:title\" content=\"Neix el Click a Balears - Fundaci\u00f3 IRES\" \/>\n<meta property=\"og:description\" content=\"Manacor ha estrenat aquest 11 de febrer el Projecte Click amb un grup de joves del territori\" \/>\n<meta property=\"og:url\" content=\"https:\/\/www.fundacioires.org\/ca\/neix-el-click-a-balears\/\" \/>\n<meta property=\"og:site_name\" content=\"Fundaci\u00f3 IRES\" \/>\n<meta property=\"article:published_time\" content=\"2020-03-02T07:23:25+00:00\" \/>\n<meta property=\"article:modified_time\" content=\"2020-03-02T07:28:30+00:00\" \/>\n<meta property=\"og:image\" content=\"https:\/\/i2.wp.com\/www.fundacioires.org\/wp-content\/uploads\/Not\u00edcia-Fundaci\u00f3-IRES-5.png?fit=1200%2C628&ssl=1\" \/>\n\t<meta property=\"og:image:width\" content=\"1200\" \/>\n\t<meta property=\"og:image:height\" content=\"628\" \/>\n\t<meta property=\"og:image:type\" content=\"image\/png\" \/>\n<meta name=\"author\" content=\"Fundaci\u00f3 IRES\" \/>\n<meta name=\"twitter:card\" content=\"summary_large_image\" \/>\n<meta name=\"twitter:label1\" content=\"Written by\" \/>\n\t<meta name=\"twitter:data1\" content=\"Fundaci\u00f3 IRES\" \/>\n\t<meta name=\"twitter:label2\" content=\"Est. reading time\" \/>\n\t<meta name=\"twitter:data2\" content=\"2 minutes\" \/>\n<script type=\"application\/ld+json\" class=\"yoast-schema-graph\">{\"@context\":\"https:\\\/\\\/schema.org\",\"@graph\":[{\"@type\":\"Article\",\"@id\":\"https:\\\/\\\/www.fundacioires.org\\\/ca\\\/neix-el-click-a-balears\\\/#article\",\"isPartOf\":{\"@id\":\"https:\\\/\\\/www.fundacioires.org\\\/ca\\\/neix-el-click-a-balears\\\/\"},\"author\":{\"name\":\"Fundaci\u00f3 IRES\",\"@id\":\"https:\\\/\\\/www.fundacioires.org\\\/#\\\/schema\\\/person\\\/160af843c565221ef4664a5c7000791c\"},\"headline\":\"Neix el Click a Balears\",\"datePublished\":\"2020-03-02T07:23:25+00:00\",\"dateModified\":\"2020-03-02T07:28:30+00:00\",\"mainEntityOfPage\":{\"@id\":\"https:\\\/\\\/www.fundacioires.org\\\/ca\\\/neix-el-click-a-balears\\\/\"},\"wordCount\":310,\"publisher\":{\"@id\":\"https:\\\/\\\/www.fundacioires.org\\\/#organization\"},\"image\":{\"@id\":\"https:\\\/\\\/www.fundacioires.org\\\/ca\\\/neix-el-click-a-balears\\\/#primaryimage\"},\"thumbnailUrl\":\"https:\\\/\\\/i0.wp.com\\\/www.fundacioires.org\\\/wp-content\\\/uploads\\\/Not%C3%ADcia-Fundaci%C3%B3-IRES-5.png?fit=1200%2C628&ssl=1\",\"keywords\":[\"Projecte Click\"],\"articleSection\":[\"IRES-Blog\"],\"inLanguage\":\"ca-ES\"},{\"@type\":\"WebPage\",\"@id\":\"https:\\\/\\\/www.fundacioires.org\\\/ca\\\/neix-el-click-a-balears\\\/\",\"url\":\"https:\\\/\\\/www.fundacioires.org\\\/ca\\\/neix-el-click-a-balears\\\/\",\"name\":\"Neix el Click a Balears - Fundaci\u00f3 IRES\",\"isPartOf\":{\"@id\":\"https:\\\/\\\/www.fundacioires.org\\\/#website\"},\"primaryImageOfPage\":{\"@id\":\"https:\\\/\\\/www.fundacioires.org\\\/ca\\\/neix-el-click-a-balears\\\/#primaryimage\"},\"image\":{\"@id\":\"https:\\\/\\\/www.fundacioires.org\\\/ca\\\/neix-el-click-a-balears\\\/#primaryimage\"},\"thumbnailUrl\":\"https:\\\/\\\/i0.wp.com\\\/www.fundacioires.org\\\/wp-content\\\/uploads\\\/Not%C3%ADcia-Fundaci%C3%B3-IRES-5.png?fit=1200%2C628&ssl=1\",\"datePublished\":\"2020-03-02T07:23:25+00:00\",\"dateModified\":\"2020-03-02T07:28:30+00:00\",\"breadcrumb\":{\"@id\":\"https:\\\/\\\/www.fundacioires.org\\\/ca\\\/neix-el-click-a-balears\\\/#breadcrumb\"},\"inLanguage\":\"ca-ES\",\"potentialAction\":[{\"@type\":\"ReadAction\",\"target\":[\"https:\\\/\\\/www.fundacioires.org\\\/ca\\\/neix-el-click-a-balears\\\/\"]}]},{\"@type\":\"ImageObject\",\"inLanguage\":\"ca-ES\",\"@id\":\"https:\\\/\\\/www.fundacioires.org\\\/ca\\\/neix-el-click-a-balears\\\/#primaryimage\",\"url\":\"https:\\\/\\\/i0.wp.com\\\/www.fundacioires.org\\\/wp-content\\\/uploads\\\/Not%C3%ADcia-Fundaci%C3%B3-IRES-5.png?fit=1200%2C628&ssl=1\",\"contentUrl\":\"https:\\\/\\\/i0.wp.com\\\/www.fundacioires.org\\\/wp-content\\\/uploads\\\/Not%C3%ADcia-Fundaci%C3%B3-IRES-5.png?fit=1200%2C628&ssl=1\",\"width\":1200,\"height\":628,\"caption\":\"Joves del Click\"},{\"@type\":\"BreadcrumbList\",\"@id\":\"https:\\\/\\\/www.fundacioires.org\\\/ca\\\/neix-el-click-a-balears\\\/#breadcrumb\",\"itemListElement\":[{\"@type\":\"ListItem\",\"position\":1,\"name\":\"Portada\",\"item\":\"https:\\\/\\\/www.fundacioires.org\\\/\"},{\"@type\":\"ListItem\",\"position\":2,\"name\":\"Neix el Click a Balears\"}]},{\"@type\":\"WebSite\",\"@id\":\"https:\\\/\\\/www.fundacioires.org\\\/#website\",\"url\":\"https:\\\/\\\/www.fundacioires.org\\\/\",\"name\":\"Fundaci\u00f3 IRES\",\"description\":\"\",\"publisher\":{\"@id\":\"https:\\\/\\\/www.fundacioires.org\\\/#organization\"},\"potentialAction\":[{\"@type\":\"SearchAction\",\"target\":{\"@type\":\"EntryPoint\",\"urlTemplate\":\"https:\\\/\\\/www.fundacioires.org\\\/?s={search_term_string}\"},\"query-input\":{\"@type\":\"PropertyValueSpecification\",\"valueRequired\":true,\"valueName\":\"search_term_string\"}}],\"inLanguage\":\"ca-ES\"},{\"@type\":\"Organization\",\"@id\":\"https:\\\/\\\/www.fundacioires.org\\\/#organization\",\"name\":\"Fundanci\u00f3n IRES\",\"url\":\"https:\\\/\\\/www.fundacioires.org\\\/\",\"logo\":{\"@type\":\"ImageObject\",\"inLanguage\":\"ca-ES\",\"@id\":\"https:\\\/\\\/www.fundacioires.org\\\/#\\\/schema\\\/logo\\\/image\\\/\",\"url\":\"https:\\\/\\\/i0.wp.com\\\/www.fundacioires.org\\\/wp-content\\\/uploads\\\/faviconIRES.png?fit=32%2C32&ssl=1\",\"contentUrl\":\"https:\\\/\\\/i0.wp.com\\\/www.fundacioires.org\\\/wp-content\\\/uploads\\\/faviconIRES.png?fit=32%2C32&ssl=1\",\"width\":32,\"height\":32,\"caption\":\"Fundanci\u00f3n IRES\"},\"image\":{\"@id\":\"https:\\\/\\\/www.fundacioires.org\\\/#\\\/schema\\\/logo\\\/image\\\/\"}},{\"@type\":\"Person\",\"@id\":\"https:\\\/\\\/www.fundacioires.org\\\/#\\\/schema\\\/person\\\/160af843c565221ef4664a5c7000791c\",\"name\":\"Fundaci\u00f3 IRES\"}]}<\/script>\n<!-- \/ Yoast SEO plugin. -->","yoast_head_json":{"title":"Neix el Click a Balears - Fundaci\u00f3 IRES","robots":{"index":"index","follow":"follow","max-snippet":"max-snippet:-1","max-image-preview":"max-image-preview:large","max-video-preview":"max-video-preview:-1"},"canonical":"https:\/\/www.fundacioires.org\/ca\/neix-el-click-a-balears\/","og_locale":"ca_ES","og_type":"article","og_title":"Neix el Click a Balears - Fundaci\u00f3 IRES","og_description":"Manacor ha estrenat aquest 11 de febrer el Projecte Click amb un grup de joves del territori","og_url":"https:\/\/www.fundacioires.org\/ca\/neix-el-click-a-balears\/","og_site_name":"Fundaci\u00f3 IRES","article_published_time":"2020-03-02T07:23:25+00:00","article_modified_time":"2020-03-02T07:28:30+00:00","og_image":[{"width":1200,"height":628,"url":"https:\/\/i2.wp.com\/www.fundacioires.org\/wp-content\/uploads\/Not\u00edcia-Fundaci\u00f3-IRES-5.png?fit=1200%2C628&ssl=1","type":"image\/png"}],"author":"Fundaci\u00f3 IRES","twitter_card":"summary_large_image","twitter_misc":{"Written by":"Fundaci\u00f3 IRES","Est. reading time":"2 minutes"},"schema":{"@context":"https:\/\/schema.org","@graph":[{"@type":"Article","@id":"https:\/\/www.fundacioires.org\/ca\/neix-el-click-a-balears\/#article","isPartOf":{"@id":"https:\/\/www.fundacioires.org\/ca\/neix-el-click-a-balears\/"},"author":{"name":"Fundaci\u00f3 IRES","@id":"https:\/\/www.fundacioires.org\/#\/schema\/person\/160af843c565221ef4664a5c7000791c"},"headline":"Neix el Click a Balears","datePublished":"2020-03-02T07:23:25+00:00","dateModified":"2020-03-02T07:28:30+00:00","mainEntityOfPage":{"@id":"https:\/\/www.fundacioires.org\/ca\/neix-el-click-a-balears\/"},"wordCount":310,"publisher":{"@id":"https:\/\/www.fundacioires.org\/#organization"},"image":{"@id":"https:\/\/www.fundacioires.org\/ca\/neix-el-click-a-balears\/#primaryimage"},"thumbnailUrl":"https:\/\/i0.wp.com\/www.fundacioires.org\/wp-content\/uploads\/Not%C3%ADcia-Fundaci%C3%B3-IRES-5.png?fit=1200%2C628&ssl=1","keywords":["Projecte Click"],"articleSection":["IRES-Blog"],"inLanguage":"ca-ES"},{"@type":"WebPage","@id":"https:\/\/www.fundacioires.org\/ca\/neix-el-click-a-balears\/","url":"https:\/\/www.fundacioires.org\/ca\/neix-el-click-a-balears\/","name":"Neix el Click a Balears - Fundaci\u00f3 IRES","isPartOf":{"@id":"https:\/\/www.fundacioires.org\/#website"},"primaryImageOfPage":{"@id":"https:\/\/www.fundacioires.org\/ca\/neix-el-click-a-balears\/#primaryimage"},"image":{"@id":"https:\/\/www.fundacioires.org\/ca\/neix-el-click-a-balears\/#primaryimage"},"thumbnailUrl":"https:\/\/i0.wp.com\/www.fundacioires.org\/wp-content\/uploads\/Not%C3%ADcia-Fundaci%C3%B3-IRES-5.png?fit=1200%2C628&ssl=1","datePublished":"2020-03-02T07:23:25+00:00","dateModified":"2020-03-02T07:28:30+00:00","breadcrumb":{"@id":"https:\/\/www.fundacioires.org\/ca\/neix-el-click-a-balears\/#breadcrumb"},"inLanguage":"ca-ES","potentialAction":[{"@type":"ReadAction","target":["https:\/\/www.fundacioires.org\/ca\/neix-el-click-a-balears\/"]}]},{"@type":"ImageObject","inLanguage":"ca-ES","@id":"https:\/\/www.fundacioires.org\/ca\/neix-el-click-a-balears\/#primaryimage","url":"https:\/\/i0.wp.com\/www.fundacioires.org\/wp-content\/uploads\/Not%C3%ADcia-Fundaci%C3%B3-IRES-5.png?fit=1200%2C628&ssl=1","contentUrl":"https:\/\/i0.wp.com\/www.fundacioires.org\/wp-content\/uploads\/Not%C3%ADcia-Fundaci%C3%B3-IRES-5.png?fit=1200%2C628&ssl=1","width":1200,"height":628,"caption":"Joves del Click"},{"@type":"BreadcrumbList","@id":"https:\/\/www.fundacioires.org\/ca\/neix-el-click-a-balears\/#breadcrumb","itemListElement":[{"@type":"ListItem","position":1,"name":"Portada","item":"https:\/\/www.fundacioires.org\/"},{"@type":"ListItem","position":2,"name":"Neix el Click a Balears"}]},{"@type":"WebSite","@id":"https:\/\/www.fundacioires.org\/#website","url":"https:\/\/www.fundacioires.org\/","name":"Fundaci\u00f3 IRES","description":"","publisher":{"@id":"https:\/\/www.fundacioires.org\/#organization"},"potentialAction":[{"@type":"SearchAction","target":{"@type":"EntryPoint","urlTemplate":"https:\/\/www.fundacioires.org\/?s={search_term_string}"},"query-input":{"@type":"PropertyValueSpecification","valueRequired":true,"valueName":"search_term_string"}}],"inLanguage":"ca-ES"},{"@type":"Organization","@id":"https:\/\/www.fundacioires.org\/#organization","name":"Fundanci\u00f3n IRES","url":"https:\/\/www.fundacioires.org\/","logo":{"@type":"ImageObject","inLanguage":"ca-ES","@id":"https:\/\/www.fundacioires.org\/#\/schema\/logo\/image\/","url":"https:\/\/i0.wp.com\/www.fundacioires.org\/wp-content\/uploads\/faviconIRES.png?fit=32%2C32&ssl=1","contentUrl":"https:\/\/i0.wp.com\/www.fundacioires.org\/wp-content\/uploads\/faviconIRES.png?fit=32%2C32&ssl=1","width":32,"height":32,"caption":"Fundanci\u00f3n IRES"},"image":{"@id":"https:\/\/www.fundacioires.org\/#\/schema\/logo\/image\/"}},{"@type":"Person","@id":"https:\/\/www.fundacioires.org\/#\/schema\/person\/160af843c565221ef4664a5c7000791c","name":"Fundaci\u00f3 IRES"}]}},"jetpack_featured_media_url":"https:\/\/i0.wp.com\/www.fundacioires.org\/wp-content\/uploads\/Not%C3%ADcia-Fundaci%C3%B3-IRES-5.png?fit=1200%2C628&ssl=1","jetpack_sharing_enabled":true,"_links":{"self":[{"href":"https:\/\/www.fundacioires.org\/ca\/wp-json\/wp\/v2\/posts\/20830","targetHints":{"allow":["GET"]}}],"collection":[{"href":"https:\/\/www.fundacioires.org\/ca\/wp-json\/wp\/v2\/posts"}],"about":[{"href":"https:\/\/www.fundacioires.org\/ca\/wp-json\/wp\/v2\/types\/post"}],"author":[{"embeddable":true,"href":"https:\/\/www.fundacioires.org\/ca\/wp-json\/wp\/v2\/users\/7"}],"replies":[{"embeddable":true,"href":"https:\/\/www.fundacioires.org\/ca\/wp-json\/wp\/v2\/comments?post=20830"}],"version-history":[{"count":2,"href":"https:\/\/www.fundacioires.org\/ca\/wp-json\/wp\/v2\/posts\/20830\/revisions"}],"predecessor-version":[{"id":20844,"href":"https:\/\/www.fundacioires.org\/ca\/wp-json\/wp\/v2\/posts\/20830\/revisions\/20844"}],"wp:featuredmedia":[{"embeddable":true,"href":"https:\/\/www.fundacioires.org\/ca\/wp-json\/wp\/v2\/media\/20831"}],"wp:attachment":[{"href":"https:\/\/www.fundacioires.org\/ca\/wp-json\/wp\/v2\/media?parent=20830"}],"wp:term":[{"taxonomy":"category","embeddable":true,"href":"https:\/\/www.fundacioires.org\/ca\/wp-json\/wp\/v2\/categories?post=20830"},{"taxonomy":"post_tag","embeddable":true,"href":"https:\/\/www.fundacioires.org\/ca\/wp-json\/wp\/v2\/tags?post=20830"}],"curies":[{"name":"wp","href":"https:\/\/api.w.org\/{rel}","templated":true}]}}