{"id":20980,"date":"2020-03-12T12:52:30","date_gmt":"2020-03-12T11:52:30","guid":{"rendered":"https:\/\/www.fundacioires.org\/?p=20980"},"modified":"2020-05-22T16:37:47","modified_gmt":"2020-05-22T14:37:47","slug":"el-futbol-uneix-als-projectes-click-i-aferrat","status":"publish","type":"post","link":"https:\/\/www.fundacioires.org\/ca\/el-futbol-uneix-als-projectes-click-i-aferrat\/","title":{"rendered":"El futbol uneix als projectes Click i Aferra\u2019t"},"content":{"rendered":"\n<p>Per segona vegada, usuaris del projecte <strong><a href=\"https:\/\/www.fundacioires.org\/ca\/que-fem\/ecosistema-de-projectes\/projecte-aferrat\/\">Aferra\u2019t<\/a><\/strong> i <strong><a href=\"https:\/\/www.fundacioires.org\/ca\/que-fem\/ecosistema-de-projectes\/projecte-click\/\">Click<\/a><\/strong> van compartir plegats una jornada d\u2019esport. L\u2019idea sorgeix d&#8217;alguns membres de l\u2019Aferra\u2019t, organitzats en comissions en les quals decideixen les activitats grupals de tot l\u2019any. Compartir l\u2019activitat amb el CLICK va ser una decisi\u00f3 dels dos equips de professionals per tal de <strong>fomentar activitats i intervencions coordinades entre projectes de l\u2019ecosistema de la Fundaci\u00f3 IRES<\/strong>. Mitjan\u00e7ant aquesta coordinaci\u00f3 de projectes, aconseguim orientar l&#8217;intervenci\u00f3 cap a l\u2019atenci\u00f3 integral de les necessitats de les fam\u00edlies. <\/p>\n\n\n\n<p>Des de la mirada t\u00e8cnica, malgrat que l\u2019Ivan, l\u2019Ovidi i en Leo (educadors dels projectes) van gaudir de l\u2019activitat com un m\u00e9s, es van tenir presents els objectius principals: <strong>fomentar el treball en equip, la promoci\u00f3 de valors, propiciar un espai horitzontal entre t\u00e8cnics i usuaris per aprofundir el vincle, facilitar la participaci\u00f3 social i promoure relacions interpersonals igualit\u00e0ries entre els participants<\/strong>. Els t\u00e8cnics van repartir joc, mantenint la din\u00e0mica en sintonia amb la filosofia del vincle de l\u2019Aferra\u2019t i sense perdre l\u2019ess\u00e8ncia d\u2019esbarjo i diversi\u00f3.<\/p>\n\n\n\n<p>A trav\u00e9s del <strong><a href=\"https:\/\/www.fundacioires.org\/ca\/que-fem\/ecosistema-de-projectes\/projecte-aferrat\/\">Projecte<\/a><\/strong><a href=\"https:\/\/www.fundacioires.org\/ca\/que-fem\/ecosistema-de-projectes\/projecte-aferrat\/\"> <\/a><strong><a href=\"https:\/\/www.fundacioires.org\/ca\/que-fem\/ecosistema-de-projectes\/projecte-aferrat\/\">Aferra\u2019t<\/a><\/strong> afavorim la millora de factors socials i emocionals implicats en el desenvolupament personal i la inserci\u00f3 laboral. A m\u00e9s, es treballa per tal de fomentar el creixement dels participants amb relaci\u00f3 a la seva dimensi\u00f3 personal, ocupacional i relacional-familiar. Aquests objectius s\u00f3n tangencials amb els que regeixen l\u2019activitat del <strong><a href=\"https:\/\/www.fundacioires.org\/ca\/que-fem\/ecosistema-de-projectes\/projecte-click\/\">Projecte Click<\/a><\/strong>, el nostre programa socio-educatiu adre\u00e7at a joves que necessiten acompanyament i orientaci\u00f3 per a identificar el millor recorregut formatiu, laboral i personal, tenint en compte el seu potencial.<\/p>\n\n\n\n<p>El retorn d\u2019usuaris i t\u00e8cnics va ser molt positiu, ja que durant 90 minuts, <strong>joves i adults van omplir la pista de riure i goig<\/strong>. Per demanda dels participants, des de l\u2019entitat pretenem donar continu\u00eftat a aquestes activitats per tal de <strong>fomentar la companyonia, la promoci\u00f3 de valors i el  desenvolupament personal<\/strong>.<\/p>\n\n\n\n<p style=\"background-color:#f0fffc;color:#1cab8b\" class=\"has-text-color has-background\">Tots dos formen part de <strong>l&#8217;ecosistema de projectes de la Fundaci\u00f3&nbsp;IRES<\/strong>, que ofereix atenci\u00f3 integral a les fam\u00edlies per a millorar el benestar de tots els seus membres.<\/p>\n\n\n\n<p style=\"font-size:18px\" class=\"has-text-color has-very-dark-gray-color\"><strong>Coneix els projectes <\/strong><a href=\"https:\/\/www.fundacioires.org\/ca\/que-fem\/ecosistema-de-projectes\/projecte-click\/\"><strong>Click <\/strong><\/a><strong>i <\/strong><a href=\"https:\/\/www.fundacioires.org\/ca\/que-fem\/ecosistema-de-projectes\/projecte-aferrat\/\"><strong>Aferra&#8217;t<\/strong><\/a><strong>!<\/strong><\/p>\n","protected":false},"excerpt":{"rendered":"<p>Els usuaris i t\u00e8cnics van coordinar-se per a posar en marxa un partit de futbol sala que va implicar a joves i adults de tots dos projectes en una activitat transversal que va omplir la pista de riure i goig<\/p>\n","protected":false},"author":7,"featured_media":21034,"comment_status":"closed","ping_status":"open","sticky":false,"template":"","format":"standard","meta":{"_jetpack_memberships_contains_paid_content":false,"footnotes":""},"categories":[20],"tags":[45],"class_list":["post-20980","post","type-post","status-publish","format-standard","has-post-thumbnail","hentry","category-la-nostra-accio-social","tag-aferrat"],"yoast_head":"<!-- This site is optimized with the Yoast SEO plugin v27.4 - https:\/\/yoast.com\/product\/yoast-seo-wordpress\/ -->\n<title>El futbol uneix als projectes Click i Aferra\u2019t - Fundaci\u00f3 IRES<\/title>\n<meta name=\"robots\" content=\"index, follow, max-snippet:-1, max-image-preview:large, max-video-preview:-1\" \/>\n<link rel=\"canonical\" href=\"https:\/\/www.fundacioires.org\/ca\/el-futbol-uneix-als-projectes-click-i-aferrat\/\" \/>\n<meta property=\"og:locale\" content=\"ca_ES\" \/>\n<meta property=\"og:type\" content=\"article\" \/>\n<meta property=\"og:title\" content=\"El futbol uneix als projectes Click i Aferra\u2019t - Fundaci\u00f3 IRES\" \/>\n<meta property=\"og:description\" content=\"Els usuaris i t\u00e8cnics van coordinar-se per a posar en marxa un partit de futbol sala que va implicar a joves i adults de tots dos projectes en una activitat transversal que va omplir la pista de riure i goig\" \/>\n<meta property=\"og:url\" content=\"https:\/\/www.fundacioires.org\/ca\/el-futbol-uneix-als-projectes-click-i-aferrat\/\" \/>\n<meta property=\"og:site_name\" content=\"Fundaci\u00f3 IRES\" \/>\n<meta property=\"article:published_time\" content=\"2020-03-12T11:52:30+00:00\" \/>\n<meta property=\"article:modified_time\" content=\"2020-05-22T14:37:47+00:00\" \/>\n<meta property=\"og:image\" content=\"https:\/\/i0.wp.com\/www.fundacioires.org\/wp-content\/uploads\/IMG_Partit_Click_Aferrat.jpg?fit=1200%2C628&ssl=1\" \/>\n\t<meta property=\"og:image:width\" content=\"1200\" \/>\n\t<meta property=\"og:image:height\" content=\"628\" \/>\n\t<meta property=\"og:image:type\" content=\"image\/jpeg\" \/>\n<meta name=\"author\" content=\"Fundaci\u00f3 IRES\" \/>\n<meta name=\"twitter:card\" content=\"summary_large_image\" \/>\n<meta name=\"twitter:label1\" content=\"Written by\" \/>\n\t<meta name=\"twitter:data1\" content=\"Fundaci\u00f3 IRES\" \/>\n\t<meta name=\"twitter:label2\" content=\"Est. reading time\" \/>\n\t<meta name=\"twitter:data2\" content=\"2 minutes\" \/>\n<script type=\"application\/ld+json\" class=\"yoast-schema-graph\">{\"@context\":\"https:\\\/\\\/schema.org\",\"@graph\":[{\"@type\":\"Article\",\"@id\":\"https:\\\/\\\/www.fundacioires.org\\\/ca\\\/el-futbol-uneix-als-projectes-click-i-aferrat\\\/#article\",\"isPartOf\":{\"@id\":\"https:\\\/\\\/www.fundacioires.org\\\/ca\\\/el-futbol-uneix-als-projectes-click-i-aferrat\\\/\"},\"author\":{\"name\":\"Fundaci\u00f3 IRES\",\"@id\":\"https:\\\/\\\/www.fundacioires.org\\\/#\\\/schema\\\/person\\\/160af843c565221ef4664a5c7000791c\"},\"headline\":\"El futbol uneix als projectes Click i Aferra\u2019t\",\"datePublished\":\"2020-03-12T11:52:30+00:00\",\"dateModified\":\"2020-05-22T14:37:47+00:00\",\"mainEntityOfPage\":{\"@id\":\"https:\\\/\\\/www.fundacioires.org\\\/ca\\\/el-futbol-uneix-als-projectes-click-i-aferrat\\\/\"},\"wordCount\":388,\"publisher\":{\"@id\":\"https:\\\/\\\/www.fundacioires.org\\\/#organization\"},\"image\":{\"@id\":\"https:\\\/\\\/www.fundacioires.org\\\/ca\\\/el-futbol-uneix-als-projectes-click-i-aferrat\\\/#primaryimage\"},\"thumbnailUrl\":\"https:\\\/\\\/i0.wp.com\\\/www.fundacioires.org\\\/wp-content\\\/uploads\\\/IMG_Partit_Click_Aferrat.jpg?fit=1200%2C628&ssl=1\",\"keywords\":[\"Aferra't\"],\"articleSection\":[\"La nostra acci\u00f3 social\"],\"inLanguage\":\"ca-ES\"},{\"@type\":\"WebPage\",\"@id\":\"https:\\\/\\\/www.fundacioires.org\\\/ca\\\/el-futbol-uneix-als-projectes-click-i-aferrat\\\/\",\"url\":\"https:\\\/\\\/www.fundacioires.org\\\/ca\\\/el-futbol-uneix-als-projectes-click-i-aferrat\\\/\",\"name\":\"El futbol uneix als projectes Click i Aferra\u2019t - Fundaci\u00f3 IRES\",\"isPartOf\":{\"@id\":\"https:\\\/\\\/www.fundacioires.org\\\/#website\"},\"primaryImageOfPage\":{\"@id\":\"https:\\\/\\\/www.fundacioires.org\\\/ca\\\/el-futbol-uneix-als-projectes-click-i-aferrat\\\/#primaryimage\"},\"image\":{\"@id\":\"https:\\\/\\\/www.fundacioires.org\\\/ca\\\/el-futbol-uneix-als-projectes-click-i-aferrat\\\/#primaryimage\"},\"thumbnailUrl\":\"https:\\\/\\\/i0.wp.com\\\/www.fundacioires.org\\\/wp-content\\\/uploads\\\/IMG_Partit_Click_Aferrat.jpg?fit=1200%2C628&ssl=1\",\"datePublished\":\"2020-03-12T11:52:30+00:00\",\"dateModified\":\"2020-05-22T14:37:47+00:00\",\"breadcrumb\":{\"@id\":\"https:\\\/\\\/www.fundacioires.org\\\/ca\\\/el-futbol-uneix-als-projectes-click-i-aferrat\\\/#breadcrumb\"},\"inLanguage\":\"ca-ES\",\"potentialAction\":[{\"@type\":\"ReadAction\",\"target\":[\"https:\\\/\\\/www.fundacioires.org\\\/ca\\\/el-futbol-uneix-als-projectes-click-i-aferrat\\\/\"]}]},{\"@type\":\"ImageObject\",\"inLanguage\":\"ca-ES\",\"@id\":\"https:\\\/\\\/www.fundacioires.org\\\/ca\\\/el-futbol-uneix-als-projectes-click-i-aferrat\\\/#primaryimage\",\"url\":\"https:\\\/\\\/i0.wp.com\\\/www.fundacioires.org\\\/wp-content\\\/uploads\\\/IMG_Partit_Click_Aferrat.jpg?fit=1200%2C628&ssl=1\",\"contentUrl\":\"https:\\\/\\\/i0.wp.com\\\/www.fundacioires.org\\\/wp-content\\\/uploads\\\/IMG_Partit_Click_Aferrat.jpg?fit=1200%2C628&ssl=1\",\"width\":1200,\"height\":628,\"caption\":\"Un partido por la inclusi\u00f3n entre el Aferra't i el Click\"},{\"@type\":\"BreadcrumbList\",\"@id\":\"https:\\\/\\\/www.fundacioires.org\\\/ca\\\/el-futbol-uneix-als-projectes-click-i-aferrat\\\/#breadcrumb\",\"itemListElement\":[{\"@type\":\"ListItem\",\"position\":1,\"name\":\"Portada\",\"item\":\"https:\\\/\\\/www.fundacioires.org\\\/\"},{\"@type\":\"ListItem\",\"position\":2,\"name\":\"El futbol uneix als projectes Click i Aferra\u2019t\"}]},{\"@type\":\"WebSite\",\"@id\":\"https:\\\/\\\/www.fundacioires.org\\\/#website\",\"url\":\"https:\\\/\\\/www.fundacioires.org\\\/\",\"name\":\"Fundaci\u00f3 IRES\",\"description\":\"\",\"publisher\":{\"@id\":\"https:\\\/\\\/www.fundacioires.org\\\/#organization\"},\"potentialAction\":[{\"@type\":\"SearchAction\",\"target\":{\"@type\":\"EntryPoint\",\"urlTemplate\":\"https:\\\/\\\/www.fundacioires.org\\\/?s={search_term_string}\"},\"query-input\":{\"@type\":\"PropertyValueSpecification\",\"valueRequired\":true,\"valueName\":\"search_term_string\"}}],\"inLanguage\":\"ca-ES\"},{\"@type\":\"Organization\",\"@id\":\"https:\\\/\\\/www.fundacioires.org\\\/#organization\",\"name\":\"Fundanci\u00f3n IRES\",\"url\":\"https:\\\/\\\/www.fundacioires.org\\\/\",\"logo\":{\"@type\":\"ImageObject\",\"inLanguage\":\"ca-ES\",\"@id\":\"https:\\\/\\\/www.fundacioires.org\\\/#\\\/schema\\\/logo\\\/image\\\/\",\"url\":\"https:\\\/\\\/i0.wp.com\\\/www.fundacioires.org\\\/wp-content\\\/uploads\\\/faviconIRES.png?fit=32%2C32&ssl=1\",\"contentUrl\":\"https:\\\/\\\/i0.wp.com\\\/www.fundacioires.org\\\/wp-content\\\/uploads\\\/faviconIRES.png?fit=32%2C32&ssl=1\",\"width\":32,\"height\":32,\"caption\":\"Fundanci\u00f3n IRES\"},\"image\":{\"@id\":\"https:\\\/\\\/www.fundacioires.org\\\/#\\\/schema\\\/logo\\\/image\\\/\"}},{\"@type\":\"Person\",\"@id\":\"https:\\\/\\\/www.fundacioires.org\\\/#\\\/schema\\\/person\\\/160af843c565221ef4664a5c7000791c\",\"name\":\"Fundaci\u00f3 IRES\"}]}<\/script>\n<!-- \/ Yoast SEO plugin. -->","yoast_head_json":{"title":"El futbol uneix als projectes Click i Aferra\u2019t - Fundaci\u00f3 IRES","robots":{"index":"index","follow":"follow","max-snippet":"max-snippet:-1","max-image-preview":"max-image-preview:large","max-video-preview":"max-video-preview:-1"},"canonical":"https:\/\/www.fundacioires.org\/ca\/el-futbol-uneix-als-projectes-click-i-aferrat\/","og_locale":"ca_ES","og_type":"article","og_title":"El futbol uneix als projectes Click i Aferra\u2019t - Fundaci\u00f3 IRES","og_description":"Els usuaris i t\u00e8cnics van coordinar-se per a posar en marxa un partit de futbol sala que va implicar a joves i adults de tots dos projectes en una activitat transversal que va omplir la pista de riure i goig","og_url":"https:\/\/www.fundacioires.org\/ca\/el-futbol-uneix-als-projectes-click-i-aferrat\/","og_site_name":"Fundaci\u00f3 IRES","article_published_time":"2020-03-12T11:52:30+00:00","article_modified_time":"2020-05-22T14:37:47+00:00","og_image":[{"width":1200,"height":628,"url":"https:\/\/i0.wp.com\/www.fundacioires.org\/wp-content\/uploads\/IMG_Partit_Click_Aferrat.jpg?fit=1200%2C628&ssl=1","type":"image\/jpeg"}],"author":"Fundaci\u00f3 IRES","twitter_card":"summary_large_image","twitter_misc":{"Written by":"Fundaci\u00f3 IRES","Est. reading time":"2 minutes"},"schema":{"@context":"https:\/\/schema.org","@graph":[{"@type":"Article","@id":"https:\/\/www.fundacioires.org\/ca\/el-futbol-uneix-als-projectes-click-i-aferrat\/#article","isPartOf":{"@id":"https:\/\/www.fundacioires.org\/ca\/el-futbol-uneix-als-projectes-click-i-aferrat\/"},"author":{"name":"Fundaci\u00f3 IRES","@id":"https:\/\/www.fundacioires.org\/#\/schema\/person\/160af843c565221ef4664a5c7000791c"},"headline":"El futbol uneix als projectes Click i Aferra\u2019t","datePublished":"2020-03-12T11:52:30+00:00","dateModified":"2020-05-22T14:37:47+00:00","mainEntityOfPage":{"@id":"https:\/\/www.fundacioires.org\/ca\/el-futbol-uneix-als-projectes-click-i-aferrat\/"},"wordCount":388,"publisher":{"@id":"https:\/\/www.fundacioires.org\/#organization"},"image":{"@id":"https:\/\/www.fundacioires.org\/ca\/el-futbol-uneix-als-projectes-click-i-aferrat\/#primaryimage"},"thumbnailUrl":"https:\/\/i0.wp.com\/www.fundacioires.org\/wp-content\/uploads\/IMG_Partit_Click_Aferrat.jpg?fit=1200%2C628&ssl=1","keywords":["Aferra't"],"articleSection":["La nostra acci\u00f3 social"],"inLanguage":"ca-ES"},{"@type":"WebPage","@id":"https:\/\/www.fundacioires.org\/ca\/el-futbol-uneix-als-projectes-click-i-aferrat\/","url":"https:\/\/www.fundacioires.org\/ca\/el-futbol-uneix-als-projectes-click-i-aferrat\/","name":"El futbol uneix als projectes Click i Aferra\u2019t - Fundaci\u00f3 IRES","isPartOf":{"@id":"https:\/\/www.fundacioires.org\/#website"},"primaryImageOfPage":{"@id":"https:\/\/www.fundacioires.org\/ca\/el-futbol-uneix-als-projectes-click-i-aferrat\/#primaryimage"},"image":{"@id":"https:\/\/www.fundacioires.org\/ca\/el-futbol-uneix-als-projectes-click-i-aferrat\/#primaryimage"},"thumbnailUrl":"https:\/\/i0.wp.com\/www.fundacioires.org\/wp-content\/uploads\/IMG_Partit_Click_Aferrat.jpg?fit=1200%2C628&ssl=1","datePublished":"2020-03-12T11:52:30+00:00","dateModified":"2020-05-22T14:37:47+00:00","breadcrumb":{"@id":"https:\/\/www.fundacioires.org\/ca\/el-futbol-uneix-als-projectes-click-i-aferrat\/#breadcrumb"},"inLanguage":"ca-ES","potentialAction":[{"@type":"ReadAction","target":["https:\/\/www.fundacioires.org\/ca\/el-futbol-uneix-als-projectes-click-i-aferrat\/"]}]},{"@type":"ImageObject","inLanguage":"ca-ES","@id":"https:\/\/www.fundacioires.org\/ca\/el-futbol-uneix-als-projectes-click-i-aferrat\/#primaryimage","url":"https:\/\/i0.wp.com\/www.fundacioires.org\/wp-content\/uploads\/IMG_Partit_Click_Aferrat.jpg?fit=1200%2C628&ssl=1","contentUrl":"https:\/\/i0.wp.com\/www.fundacioires.org\/wp-content\/uploads\/IMG_Partit_Click_Aferrat.jpg?fit=1200%2C628&ssl=1","width":1200,"height":628,"caption":"Un partido por la inclusi\u00f3n entre el Aferra't i el Click"},{"@type":"BreadcrumbList","@id":"https:\/\/www.fundacioires.org\/ca\/el-futbol-uneix-als-projectes-click-i-aferrat\/#breadcrumb","itemListElement":[{"@type":"ListItem","position":1,"name":"Portada","item":"https:\/\/www.fundacioires.org\/"},{"@type":"ListItem","position":2,"name":"El futbol uneix als projectes Click i Aferra\u2019t"}]},{"@type":"WebSite","@id":"https:\/\/www.fundacioires.org\/#website","url":"https:\/\/www.fundacioires.org\/","name":"Fundaci\u00f3 IRES","description":"","publisher":{"@id":"https:\/\/www.fundacioires.org\/#organization"},"potentialAction":[{"@type":"SearchAction","target":{"@type":"EntryPoint","urlTemplate":"https:\/\/www.fundacioires.org\/?s={search_term_string}"},"query-input":{"@type":"PropertyValueSpecification","valueRequired":true,"valueName":"search_term_string"}}],"inLanguage":"ca-ES"},{"@type":"Organization","@id":"https:\/\/www.fundacioires.org\/#organization","name":"Fundanci\u00f3n IRES","url":"https:\/\/www.fundacioires.org\/","logo":{"@type":"ImageObject","inLanguage":"ca-ES","@id":"https:\/\/www.fundacioires.org\/#\/schema\/logo\/image\/","url":"https:\/\/i0.wp.com\/www.fundacioires.org\/wp-content\/uploads\/faviconIRES.png?fit=32%2C32&ssl=1","contentUrl":"https:\/\/i0.wp.com\/www.fundacioires.org\/wp-content\/uploads\/faviconIRES.png?fit=32%2C32&ssl=1","width":32,"height":32,"caption":"Fundanci\u00f3n IRES"},"image":{"@id":"https:\/\/www.fundacioires.org\/#\/schema\/logo\/image\/"}},{"@type":"Person","@id":"https:\/\/www.fundacioires.org\/#\/schema\/person\/160af843c565221ef4664a5c7000791c","name":"Fundaci\u00f3 IRES"}]}},"jetpack_featured_media_url":"https:\/\/i0.wp.com\/www.fundacioires.org\/wp-content\/uploads\/IMG_Partit_Click_Aferrat.jpg?fit=1200%2C628&ssl=1","jetpack_sharing_enabled":true,"_links":{"self":[{"href":"https:\/\/www.fundacioires.org\/ca\/wp-json\/wp\/v2\/posts\/20980","targetHints":{"allow":["GET"]}}],"collection":[{"href":"https:\/\/www.fundacioires.org\/ca\/wp-json\/wp\/v2\/posts"}],"about":[{"href":"https:\/\/www.fundacioires.org\/ca\/wp-json\/wp\/v2\/types\/post"}],"author":[{"embeddable":true,"href":"https:\/\/www.fundacioires.org\/ca\/wp-json\/wp\/v2\/users\/7"}],"replies":[{"embeddable":true,"href":"https:\/\/www.fundacioires.org\/ca\/wp-json\/wp\/v2\/comments?post=20980"}],"version-history":[{"count":5,"href":"https:\/\/www.fundacioires.org\/ca\/wp-json\/wp\/v2\/posts\/20980\/revisions"}],"predecessor-version":[{"id":21837,"href":"https:\/\/www.fundacioires.org\/ca\/wp-json\/wp\/v2\/posts\/20980\/revisions\/21837"}],"wp:featuredmedia":[{"embeddable":true,"href":"https:\/\/www.fundacioires.org\/ca\/wp-json\/wp\/v2\/media\/21034"}],"wp:attachment":[{"href":"https:\/\/www.fundacioires.org\/ca\/wp-json\/wp\/v2\/media?parent=20980"}],"wp:term":[{"taxonomy":"category","embeddable":true,"href":"https:\/\/www.fundacioires.org\/ca\/wp-json\/wp\/v2\/categories?post=20980"},{"taxonomy":"post_tag","embeddable":true,"href":"https:\/\/www.fundacioires.org\/ca\/wp-json\/wp\/v2\/tags?post=20980"}],"curies":[{"name":"wp","href":"https:\/\/api.w.org\/{rel}","templated":true}]}}