{"id":21668,"date":"2020-04-29T14:15:59","date_gmt":"2020-04-29T12:15:59","guid":{"rendered":"https:\/\/www.fundacioires.org\/?p=21668"},"modified":"2020-04-29T14:16:02","modified_gmt":"2020-04-29T12:16:02","slug":"12-empreses-i-entitats-de-barcelona-col%c2%b7laboren-amb-la-fundacio-ires-regalant-la-nostra-rosa-digital-solidaria-per-sant-jordi","status":"publish","type":"post","link":"https:\/\/www.fundacioires.org\/ca\/12-empreses-i-entitats-de-barcelona-col%c2%b7laboren-amb-la-fundacio-ires-regalant-la-nostra-rosa-digital-solidaria-per-sant-jordi\/","title":{"rendered":"12 empreses i entitats de Barcelona col\u00b7laboren amb la Fundaci\u00f3 IRES regalant la nostra rosa digital solid\u00e0ria per Sant Jordi"},"content":{"rendered":"\n<p>Durant el mat\u00ed d\u2019aquest 23 d\u2019abril, al voltant de <strong>1.100 persones van rebre en els seus correus la seva <\/strong><a href=\"https:\/\/sellfy.com\/fundacio-ires\"><strong>postal digital<\/strong><\/a> personalitzada, una alternativa especial i solid\u00e0ria que hem pogut oferir des de la Fundaci\u00f3 IRES aquest any per a celebrar, per 8\u00e8 any consecutiu, la campanya de Sant Jordi.<\/p>\n\n\n\n<p>Junt amb la venda de la nostra<a href=\"https:\/\/sellfy.com\/fundacio-ires\"> <strong>botiga solid\u00e0ria<\/strong><\/a> online, el total assolit amb aquesta campanya \u00e9s de <strong>4.000\u20ac <\/strong>recaptats. Malgrat la gran incertesa del moment i el context de crisi que estem vivint, gr\u00e0cies a aquesta iniciativa, i a totes les empreses que hi han col\u00b7laborat, podrem continuar amb la nostra tasca, <strong>transformant la vulnerabilitat en noves oportunitats<\/strong> per a les fam\u00edlies que atenem des dels nostres projectes socials.<\/p>\n\n\n\n<p>Hem tornat a fer llegenda, <strong>gr\u00e0cies a totes les empreses i entitats que heu participat a la nostra campanya<\/strong>:<\/p>\n\n\n\n<p><a href=\"https:\/\/www.ascen.net\/business-directory\/2627\/g-p-l-s-l\/\">NDAVANT<\/a>, <a href=\"https:\/\/www.clece.es\/es\/\">CLECE<\/a>, <a href=\"https:\/\/www.cavallcartro.cat\/es\">CAVALL DE CARTR\u00d3<\/a>, <a href=\"https:\/\/www.accent-social.cat\/es\/\">ACCENT SOCIAL<\/a>, <a href=\"https:\/\/www.talher.com\/\">TALHER<\/a>, <a href=\"https:\/\/www.diagonal111.com\/\">DIAGONAL 111<\/a>, <a href=\"https:\/\/sainzdebaranda.cat\/home\/\">ASESOR\u00cdA SAINZ DE BARANDA<\/a>, <a href=\"https:\/\/www.inveniam-group.com\/\">INVENIAM GROUP<\/a>,<a href=\"https:\/\/www.grupoica.com\/\"> GRUPO ICA<\/a>, <a href=\"https:\/\/www.sigmaaie.org\/en\">SIGMA <\/a>I <a href=\"https:\/\/king.com\/es\">KING.<\/a><\/p>\n\n\n\n<p style=\"color:#1cab8b;font-size:18px\" class=\"has-text-color\"><strong>Vols llegir m\u00e9s sobre la campanya?<\/strong> <a href=\"https:\/\/www.fundacioires.org\/ca\/la-postal-digital-unarosaperunacausa-arriba-a-mes-de-1-300-persones-aquest-sant-jordi\/\">Fes click!<\/a><\/p>\n","protected":false},"excerpt":{"rendered":"<p>Gr\u00e0cies al comprom\u00eds i la col\u00b7laboraci\u00f3 de 12 empreses, aquest Sant Jordi hem pogut recaptar m\u00e9s de 3.000\u20ac amb la campanya Una rosa per una causa de la Fundaci\u00f3 IRES.<\/p>\n","protected":false},"author":7,"featured_media":21650,"comment_status":"closed","ping_status":"open","sticky":false,"template":"","format":"standard","meta":{"_jetpack_memberships_contains_paid_content":false,"footnotes":""},"categories":[19],"tags":[],"class_list":["post-21668","post","type-post","status-publish","format-standard","has-post-thumbnail","hentry","category-ires-blog"],"yoast_head":"<!-- This site is optimized with the Yoast SEO plugin v27.4 - https:\/\/yoast.com\/product\/yoast-seo-wordpress\/ -->\n<title>12 empreses i entitats de Barcelona col\u00b7laboren amb la Fundaci\u00f3 IRES regalant la nostra rosa digital solid\u00e0ria per Sant Jordi - Fundaci\u00f3 IRES<\/title>\n<meta name=\"robots\" content=\"index, follow, max-snippet:-1, max-image-preview:large, max-video-preview:-1\" \/>\n<link rel=\"canonical\" href=\"https:\/\/www.fundacioires.org\/ca\/12-empreses-i-entitats-de-barcelona-col\u00b7laboren-amb-la-fundacio-ires-regalant-la-nostra-rosa-digital-solidaria-per-sant-jordi\/\" \/>\n<meta property=\"og:locale\" content=\"ca_ES\" \/>\n<meta property=\"og:type\" content=\"article\" \/>\n<meta property=\"og:title\" content=\"12 empreses i entitats de Barcelona col\u00b7laboren amb la Fundaci\u00f3 IRES regalant la nostra rosa digital solid\u00e0ria per Sant Jordi - Fundaci\u00f3 IRES\" \/>\n<meta property=\"og:description\" content=\"Gr\u00e0cies al comprom\u00eds i la col\u00b7laboraci\u00f3 de 12 empreses, aquest Sant Jordi hem pogut recaptar m\u00e9s de 3.000\u20ac amb la campanya Una rosa per una causa de la Fundaci\u00f3 IRES.\" \/>\n<meta property=\"og:url\" content=\"https:\/\/www.fundacioires.org\/ca\/12-empreses-i-entitats-de-barcelona-col\u00b7laboren-amb-la-fundacio-ires-regalant-la-nostra-rosa-digital-solidaria-per-sant-jordi\/\" \/>\n<meta property=\"og:site_name\" content=\"Fundaci\u00f3 IRES\" \/>\n<meta property=\"article:published_time\" content=\"2020-04-29T12:15:59+00:00\" \/>\n<meta property=\"article:modified_time\" content=\"2020-04-29T12:16:02+00:00\" \/>\n<meta property=\"og:image\" content=\"https:\/\/i0.wp.com\/www.fundacioires.org\/wp-content\/uploads\/MINIATURA_NOTI_POST_SJ_CAT_Empreses.jpg?fit=2007%2C1050&ssl=1\" \/>\n\t<meta property=\"og:image:width\" content=\"2007\" \/>\n\t<meta property=\"og:image:height\" content=\"1050\" \/>\n\t<meta property=\"og:image:type\" content=\"image\/jpeg\" \/>\n<meta name=\"author\" content=\"Fundaci\u00f3 IRES\" \/>\n<meta name=\"twitter:card\" content=\"summary_large_image\" \/>\n<meta name=\"twitter:label1\" content=\"Written by\" \/>\n\t<meta name=\"twitter:data1\" content=\"Fundaci\u00f3 IRES\" \/>\n\t<meta name=\"twitter:label2\" content=\"Est. reading time\" \/>\n\t<meta name=\"twitter:data2\" content=\"1 minute\" \/>\n<script type=\"application\/ld+json\" class=\"yoast-schema-graph\">{\"@context\":\"https:\\\/\\\/schema.org\",\"@graph\":[{\"@type\":\"Article\",\"@id\":\"https:\\\/\\\/www.fundacioires.org\\\/ca\\\/12-empreses-i-entitats-de-barcelona-col%c2%b7laboren-amb-la-fundacio-ires-regalant-la-nostra-rosa-digital-solidaria-per-sant-jordi\\\/#article\",\"isPartOf\":{\"@id\":\"https:\\\/\\\/www.fundacioires.org\\\/ca\\\/12-empreses-i-entitats-de-barcelona-col%c2%b7laboren-amb-la-fundacio-ires-regalant-la-nostra-rosa-digital-solidaria-per-sant-jordi\\\/\"},\"author\":{\"name\":\"Fundaci\u00f3 IRES\",\"@id\":\"https:\\\/\\\/www.fundacioires.org\\\/#\\\/schema\\\/person\\\/160af843c565221ef4664a5c7000791c\"},\"headline\":\"12 empreses i entitats de Barcelona col\u00b7laboren amb la Fundaci\u00f3 IRES regalant la nostra rosa digital solid\u00e0ria per Sant Jordi\",\"datePublished\":\"2020-04-29T12:15:59+00:00\",\"dateModified\":\"2020-04-29T12:16:02+00:00\",\"mainEntityOfPage\":{\"@id\":\"https:\\\/\\\/www.fundacioires.org\\\/ca\\\/12-empreses-i-entitats-de-barcelona-col%c2%b7laboren-amb-la-fundacio-ires-regalant-la-nostra-rosa-digital-solidaria-per-sant-jordi\\\/\"},\"wordCount\":194,\"publisher\":{\"@id\":\"https:\\\/\\\/www.fundacioires.org\\\/#organization\"},\"image\":{\"@id\":\"https:\\\/\\\/www.fundacioires.org\\\/ca\\\/12-empreses-i-entitats-de-barcelona-col%c2%b7laboren-amb-la-fundacio-ires-regalant-la-nostra-rosa-digital-solidaria-per-sant-jordi\\\/#primaryimage\"},\"thumbnailUrl\":\"https:\\\/\\\/i0.wp.com\\\/www.fundacioires.org\\\/wp-content\\\/uploads\\\/MINIATURA_NOTI_POST_SJ_CAT_Empreses.jpg?fit=2007%2C1050&ssl=1\",\"articleSection\":[\"IRES-Blog\"],\"inLanguage\":\"ca-ES\"},{\"@type\":\"WebPage\",\"@id\":\"https:\\\/\\\/www.fundacioires.org\\\/ca\\\/12-empreses-i-entitats-de-barcelona-col%c2%b7laboren-amb-la-fundacio-ires-regalant-la-nostra-rosa-digital-solidaria-per-sant-jordi\\\/\",\"url\":\"https:\\\/\\\/www.fundacioires.org\\\/ca\\\/12-empreses-i-entitats-de-barcelona-col%c2%b7laboren-amb-la-fundacio-ires-regalant-la-nostra-rosa-digital-solidaria-per-sant-jordi\\\/\",\"name\":\"12 empreses i entitats de Barcelona col\u00b7laboren amb la Fundaci\u00f3 IRES regalant la nostra rosa digital solid\u00e0ria per Sant Jordi - Fundaci\u00f3 IRES\",\"isPartOf\":{\"@id\":\"https:\\\/\\\/www.fundacioires.org\\\/#website\"},\"primaryImageOfPage\":{\"@id\":\"https:\\\/\\\/www.fundacioires.org\\\/ca\\\/12-empreses-i-entitats-de-barcelona-col%c2%b7laboren-amb-la-fundacio-ires-regalant-la-nostra-rosa-digital-solidaria-per-sant-jordi\\\/#primaryimage\"},\"image\":{\"@id\":\"https:\\\/\\\/www.fundacioires.org\\\/ca\\\/12-empreses-i-entitats-de-barcelona-col%c2%b7laboren-amb-la-fundacio-ires-regalant-la-nostra-rosa-digital-solidaria-per-sant-jordi\\\/#primaryimage\"},\"thumbnailUrl\":\"https:\\\/\\\/i0.wp.com\\\/www.fundacioires.org\\\/wp-content\\\/uploads\\\/MINIATURA_NOTI_POST_SJ_CAT_Empreses.jpg?fit=2007%2C1050&ssl=1\",\"datePublished\":\"2020-04-29T12:15:59+00:00\",\"dateModified\":\"2020-04-29T12:16:02+00:00\",\"breadcrumb\":{\"@id\":\"https:\\\/\\\/www.fundacioires.org\\\/ca\\\/12-empreses-i-entitats-de-barcelona-col%c2%b7laboren-amb-la-fundacio-ires-regalant-la-nostra-rosa-digital-solidaria-per-sant-jordi\\\/#breadcrumb\"},\"inLanguage\":\"ca-ES\",\"potentialAction\":[{\"@type\":\"ReadAction\",\"target\":[\"https:\\\/\\\/www.fundacioires.org\\\/ca\\\/12-empreses-i-entitats-de-barcelona-col%c2%b7laboren-amb-la-fundacio-ires-regalant-la-nostra-rosa-digital-solidaria-per-sant-jordi\\\/\"]}]},{\"@type\":\"ImageObject\",\"inLanguage\":\"ca-ES\",\"@id\":\"https:\\\/\\\/www.fundacioires.org\\\/ca\\\/12-empreses-i-entitats-de-barcelona-col%c2%b7laboren-amb-la-fundacio-ires-regalant-la-nostra-rosa-digital-solidaria-per-sant-jordi\\\/#primaryimage\",\"url\":\"https:\\\/\\\/i0.wp.com\\\/www.fundacioires.org\\\/wp-content\\\/uploads\\\/MINIATURA_NOTI_POST_SJ_CAT_Empreses.jpg?fit=2007%2C1050&ssl=1\",\"contentUrl\":\"https:\\\/\\\/i0.wp.com\\\/www.fundacioires.org\\\/wp-content\\\/uploads\\\/MINIATURA_NOTI_POST_SJ_CAT_Empreses.jpg?fit=2007%2C1050&ssl=1\",\"width\":2007,\"height\":1050},{\"@type\":\"BreadcrumbList\",\"@id\":\"https:\\\/\\\/www.fundacioires.org\\\/ca\\\/12-empreses-i-entitats-de-barcelona-col%c2%b7laboren-amb-la-fundacio-ires-regalant-la-nostra-rosa-digital-solidaria-per-sant-jordi\\\/#breadcrumb\",\"itemListElement\":[{\"@type\":\"ListItem\",\"position\":1,\"name\":\"Portada\",\"item\":\"https:\\\/\\\/www.fundacioires.org\\\/\"},{\"@type\":\"ListItem\",\"position\":2,\"name\":\"12 empreses i entitats de Barcelona col\u00b7laboren amb la Fundaci\u00f3 IRES regalant la nostra rosa digital solid\u00e0ria per Sant Jordi\"}]},{\"@type\":\"WebSite\",\"@id\":\"https:\\\/\\\/www.fundacioires.org\\\/#website\",\"url\":\"https:\\\/\\\/www.fundacioires.org\\\/\",\"name\":\"Fundaci\u00f3 IRES\",\"description\":\"\",\"publisher\":{\"@id\":\"https:\\\/\\\/www.fundacioires.org\\\/#organization\"},\"potentialAction\":[{\"@type\":\"SearchAction\",\"target\":{\"@type\":\"EntryPoint\",\"urlTemplate\":\"https:\\\/\\\/www.fundacioires.org\\\/?s={search_term_string}\"},\"query-input\":{\"@type\":\"PropertyValueSpecification\",\"valueRequired\":true,\"valueName\":\"search_term_string\"}}],\"inLanguage\":\"ca-ES\"},{\"@type\":\"Organization\",\"@id\":\"https:\\\/\\\/www.fundacioires.org\\\/#organization\",\"name\":\"Fundanci\u00f3n IRES\",\"url\":\"https:\\\/\\\/www.fundacioires.org\\\/\",\"logo\":{\"@type\":\"ImageObject\",\"inLanguage\":\"ca-ES\",\"@id\":\"https:\\\/\\\/www.fundacioires.org\\\/#\\\/schema\\\/logo\\\/image\\\/\",\"url\":\"https:\\\/\\\/i0.wp.com\\\/www.fundacioires.org\\\/wp-content\\\/uploads\\\/faviconIRES.png?fit=32%2C32&ssl=1\",\"contentUrl\":\"https:\\\/\\\/i0.wp.com\\\/www.fundacioires.org\\\/wp-content\\\/uploads\\\/faviconIRES.png?fit=32%2C32&ssl=1\",\"width\":32,\"height\":32,\"caption\":\"Fundanci\u00f3n IRES\"},\"image\":{\"@id\":\"https:\\\/\\\/www.fundacioires.org\\\/#\\\/schema\\\/logo\\\/image\\\/\"}},{\"@type\":\"Person\",\"@id\":\"https:\\\/\\\/www.fundacioires.org\\\/#\\\/schema\\\/person\\\/160af843c565221ef4664a5c7000791c\",\"name\":\"Fundaci\u00f3 IRES\"}]}<\/script>\n<!-- \/ Yoast SEO plugin. -->","yoast_head_json":{"title":"12 empreses i entitats de Barcelona col\u00b7laboren amb la Fundaci\u00f3 IRES regalant la nostra rosa digital solid\u00e0ria per Sant Jordi - Fundaci\u00f3 IRES","robots":{"index":"index","follow":"follow","max-snippet":"max-snippet:-1","max-image-preview":"max-image-preview:large","max-video-preview":"max-video-preview:-1"},"canonical":"https:\/\/www.fundacioires.org\/ca\/12-empreses-i-entitats-de-barcelona-col\u00b7laboren-amb-la-fundacio-ires-regalant-la-nostra-rosa-digital-solidaria-per-sant-jordi\/","og_locale":"ca_ES","og_type":"article","og_title":"12 empreses i entitats de Barcelona col\u00b7laboren amb la Fundaci\u00f3 IRES regalant la nostra rosa digital solid\u00e0ria per Sant Jordi - Fundaci\u00f3 IRES","og_description":"Gr\u00e0cies al comprom\u00eds i la col\u00b7laboraci\u00f3 de 12 empreses, aquest Sant Jordi hem pogut recaptar m\u00e9s de 3.000\u20ac amb la campanya Una rosa per una causa de la Fundaci\u00f3 IRES.","og_url":"https:\/\/www.fundacioires.org\/ca\/12-empreses-i-entitats-de-barcelona-col\u00b7laboren-amb-la-fundacio-ires-regalant-la-nostra-rosa-digital-solidaria-per-sant-jordi\/","og_site_name":"Fundaci\u00f3 IRES","article_published_time":"2020-04-29T12:15:59+00:00","article_modified_time":"2020-04-29T12:16:02+00:00","og_image":[{"width":2007,"height":1050,"url":"https:\/\/i0.wp.com\/www.fundacioires.org\/wp-content\/uploads\/MINIATURA_NOTI_POST_SJ_CAT_Empreses.jpg?fit=2007%2C1050&ssl=1","type":"image\/jpeg"}],"author":"Fundaci\u00f3 IRES","twitter_card":"summary_large_image","twitter_misc":{"Written by":"Fundaci\u00f3 IRES","Est. reading time":"1 minute"},"schema":{"@context":"https:\/\/schema.org","@graph":[{"@type":"Article","@id":"https:\/\/www.fundacioires.org\/ca\/12-empreses-i-entitats-de-barcelona-col%c2%b7laboren-amb-la-fundacio-ires-regalant-la-nostra-rosa-digital-solidaria-per-sant-jordi\/#article","isPartOf":{"@id":"https:\/\/www.fundacioires.org\/ca\/12-empreses-i-entitats-de-barcelona-col%c2%b7laboren-amb-la-fundacio-ires-regalant-la-nostra-rosa-digital-solidaria-per-sant-jordi\/"},"author":{"name":"Fundaci\u00f3 IRES","@id":"https:\/\/www.fundacioires.org\/#\/schema\/person\/160af843c565221ef4664a5c7000791c"},"headline":"12 empreses i entitats de Barcelona col\u00b7laboren amb la Fundaci\u00f3 IRES regalant la nostra rosa digital solid\u00e0ria per Sant Jordi","datePublished":"2020-04-29T12:15:59+00:00","dateModified":"2020-04-29T12:16:02+00:00","mainEntityOfPage":{"@id":"https:\/\/www.fundacioires.org\/ca\/12-empreses-i-entitats-de-barcelona-col%c2%b7laboren-amb-la-fundacio-ires-regalant-la-nostra-rosa-digital-solidaria-per-sant-jordi\/"},"wordCount":194,"publisher":{"@id":"https:\/\/www.fundacioires.org\/#organization"},"image":{"@id":"https:\/\/www.fundacioires.org\/ca\/12-empreses-i-entitats-de-barcelona-col%c2%b7laboren-amb-la-fundacio-ires-regalant-la-nostra-rosa-digital-solidaria-per-sant-jordi\/#primaryimage"},"thumbnailUrl":"https:\/\/i0.wp.com\/www.fundacioires.org\/wp-content\/uploads\/MINIATURA_NOTI_POST_SJ_CAT_Empreses.jpg?fit=2007%2C1050&ssl=1","articleSection":["IRES-Blog"],"inLanguage":"ca-ES"},{"@type":"WebPage","@id":"https:\/\/www.fundacioires.org\/ca\/12-empreses-i-entitats-de-barcelona-col%c2%b7laboren-amb-la-fundacio-ires-regalant-la-nostra-rosa-digital-solidaria-per-sant-jordi\/","url":"https:\/\/www.fundacioires.org\/ca\/12-empreses-i-entitats-de-barcelona-col%c2%b7laboren-amb-la-fundacio-ires-regalant-la-nostra-rosa-digital-solidaria-per-sant-jordi\/","name":"12 empreses i entitats de Barcelona col\u00b7laboren amb la Fundaci\u00f3 IRES regalant la nostra rosa digital solid\u00e0ria per Sant Jordi - Fundaci\u00f3 IRES","isPartOf":{"@id":"https:\/\/www.fundacioires.org\/#website"},"primaryImageOfPage":{"@id":"https:\/\/www.fundacioires.org\/ca\/12-empreses-i-entitats-de-barcelona-col%c2%b7laboren-amb-la-fundacio-ires-regalant-la-nostra-rosa-digital-solidaria-per-sant-jordi\/#primaryimage"},"image":{"@id":"https:\/\/www.fundacioires.org\/ca\/12-empreses-i-entitats-de-barcelona-col%c2%b7laboren-amb-la-fundacio-ires-regalant-la-nostra-rosa-digital-solidaria-per-sant-jordi\/#primaryimage"},"thumbnailUrl":"https:\/\/i0.wp.com\/www.fundacioires.org\/wp-content\/uploads\/MINIATURA_NOTI_POST_SJ_CAT_Empreses.jpg?fit=2007%2C1050&ssl=1","datePublished":"2020-04-29T12:15:59+00:00","dateModified":"2020-04-29T12:16:02+00:00","breadcrumb":{"@id":"https:\/\/www.fundacioires.org\/ca\/12-empreses-i-entitats-de-barcelona-col%c2%b7laboren-amb-la-fundacio-ires-regalant-la-nostra-rosa-digital-solidaria-per-sant-jordi\/#breadcrumb"},"inLanguage":"ca-ES","potentialAction":[{"@type":"ReadAction","target":["https:\/\/www.fundacioires.org\/ca\/12-empreses-i-entitats-de-barcelona-col%c2%b7laboren-amb-la-fundacio-ires-regalant-la-nostra-rosa-digital-solidaria-per-sant-jordi\/"]}]},{"@type":"ImageObject","inLanguage":"ca-ES","@id":"https:\/\/www.fundacioires.org\/ca\/12-empreses-i-entitats-de-barcelona-col%c2%b7laboren-amb-la-fundacio-ires-regalant-la-nostra-rosa-digital-solidaria-per-sant-jordi\/#primaryimage","url":"https:\/\/i0.wp.com\/www.fundacioires.org\/wp-content\/uploads\/MINIATURA_NOTI_POST_SJ_CAT_Empreses.jpg?fit=2007%2C1050&ssl=1","contentUrl":"https:\/\/i0.wp.com\/www.fundacioires.org\/wp-content\/uploads\/MINIATURA_NOTI_POST_SJ_CAT_Empreses.jpg?fit=2007%2C1050&ssl=1","width":2007,"height":1050},{"@type":"BreadcrumbList","@id":"https:\/\/www.fundacioires.org\/ca\/12-empreses-i-entitats-de-barcelona-col%c2%b7laboren-amb-la-fundacio-ires-regalant-la-nostra-rosa-digital-solidaria-per-sant-jordi\/#breadcrumb","itemListElement":[{"@type":"ListItem","position":1,"name":"Portada","item":"https:\/\/www.fundacioires.org\/"},{"@type":"ListItem","position":2,"name":"12 empreses i entitats de Barcelona col\u00b7laboren amb la Fundaci\u00f3 IRES regalant la nostra rosa digital solid\u00e0ria per Sant Jordi"}]},{"@type":"WebSite","@id":"https:\/\/www.fundacioires.org\/#website","url":"https:\/\/www.fundacioires.org\/","name":"Fundaci\u00f3 IRES","description":"","publisher":{"@id":"https:\/\/www.fundacioires.org\/#organization"},"potentialAction":[{"@type":"SearchAction","target":{"@type":"EntryPoint","urlTemplate":"https:\/\/www.fundacioires.org\/?s={search_term_string}"},"query-input":{"@type":"PropertyValueSpecification","valueRequired":true,"valueName":"search_term_string"}}],"inLanguage":"ca-ES"},{"@type":"Organization","@id":"https:\/\/www.fundacioires.org\/#organization","name":"Fundanci\u00f3n IRES","url":"https:\/\/www.fundacioires.org\/","logo":{"@type":"ImageObject","inLanguage":"ca-ES","@id":"https:\/\/www.fundacioires.org\/#\/schema\/logo\/image\/","url":"https:\/\/i0.wp.com\/www.fundacioires.org\/wp-content\/uploads\/faviconIRES.png?fit=32%2C32&ssl=1","contentUrl":"https:\/\/i0.wp.com\/www.fundacioires.org\/wp-content\/uploads\/faviconIRES.png?fit=32%2C32&ssl=1","width":32,"height":32,"caption":"Fundanci\u00f3n IRES"},"image":{"@id":"https:\/\/www.fundacioires.org\/#\/schema\/logo\/image\/"}},{"@type":"Person","@id":"https:\/\/www.fundacioires.org\/#\/schema\/person\/160af843c565221ef4664a5c7000791c","name":"Fundaci\u00f3 IRES"}]}},"jetpack_featured_media_url":"https:\/\/i0.wp.com\/www.fundacioires.org\/wp-content\/uploads\/MINIATURA_NOTI_POST_SJ_CAT_Empreses.jpg?fit=2007%2C1050&ssl=1","jetpack_sharing_enabled":true,"_links":{"self":[{"href":"https:\/\/www.fundacioires.org\/ca\/wp-json\/wp\/v2\/posts\/21668","targetHints":{"allow":["GET"]}}],"collection":[{"href":"https:\/\/www.fundacioires.org\/ca\/wp-json\/wp\/v2\/posts"}],"about":[{"href":"https:\/\/www.fundacioires.org\/ca\/wp-json\/wp\/v2\/types\/post"}],"author":[{"embeddable":true,"href":"https:\/\/www.fundacioires.org\/ca\/wp-json\/wp\/v2\/users\/7"}],"replies":[{"embeddable":true,"href":"https:\/\/www.fundacioires.org\/ca\/wp-json\/wp\/v2\/comments?post=21668"}],"version-history":[{"count":1,"href":"https:\/\/www.fundacioires.org\/ca\/wp-json\/wp\/v2\/posts\/21668\/revisions"}],"predecessor-version":[{"id":21672,"href":"https:\/\/www.fundacioires.org\/ca\/wp-json\/wp\/v2\/posts\/21668\/revisions\/21672"}],"wp:featuredmedia":[{"embeddable":true,"href":"https:\/\/www.fundacioires.org\/ca\/wp-json\/wp\/v2\/media\/21650"}],"wp:attachment":[{"href":"https:\/\/www.fundacioires.org\/ca\/wp-json\/wp\/v2\/media?parent=21668"}],"wp:term":[{"taxonomy":"category","embeddable":true,"href":"https:\/\/www.fundacioires.org\/ca\/wp-json\/wp\/v2\/categories?post=21668"},{"taxonomy":"post_tag","embeddable":true,"href":"https:\/\/www.fundacioires.org\/ca\/wp-json\/wp\/v2\/tags?post=21668"}],"curies":[{"name":"wp","href":"https:\/\/api.w.org\/{rel}","templated":true}]}}