{"id":21677,"date":"2020-04-29T15:46:18","date_gmt":"2020-04-29T13:46:18","guid":{"rendered":"https:\/\/www.fundacioires.org\/?p=21677"},"modified":"2020-04-29T19:45:53","modified_gmt":"2020-04-29T17:45:53","slug":"en-memoria-de-leulalia-pares-batllori","status":"publish","type":"post","link":"https:\/\/www.fundacioires.org\/ca\/en-memoria-de-leulalia-pares-batllori\/","title":{"rendered":"En mem\u00f2ria de l&#8217;Eul\u00e0lia Par\u00e9s Batllori"},"content":{"rendered":"\n<p>Fa algunes setmanes vam rebre la trista not\u00edcia de la mort de l\u2019Eul\u00e0lia Par\u00e9s i Batllori, qui va col\u00b7laborar com a volunt\u00e0ria i va ser s\u00f2cia de l&#8217;entitat durant molts anys.  Per la seva voluntat i estima per l&#8217;acci\u00f3 social i les persones,  ha deixat la seva emprempta a la hist\u00f2ria de la Fundaci\u00f3 IRES.<\/p>\n\n\n\n<p>Compartim el seu record a trav\u00e9s de les paraules de la Montserrat Toh\u00e0, exdirectora de la fundaci\u00f3 i amiga de l\u2019Eul\u00e0lia.<\/p>\n\n\n\n<p><em>Encara em costa parlar de l\u2019Eul\u00e0lia en passat perqu\u00e8 no l\u2019hem pogut acompanyar en els darrers batecs i, a voltes, tinc la sensaci\u00f3 que encara \u00e9s all\u00e0, a Sant Joan. \u00c9rem amigues des de la universitat, fa m\u00e9s de quaranta anys. Perqu\u00e8 l\u2019Eul\u00e0lia era amiga dels seus amics. Fou una persona t\u00edmida,&nbsp; a la que no agradava el soroll ni ser el centre d\u2019atenci\u00f3, per\u00f2 li agradava molt compartir jornades i estones amb els amics; disfrutava especialment &nbsp;organitzant \u00e0pats doncs com a bona cuinera, apreciava el bon menjar. Era una bona persona, discreta, eficient i molt compromesa, que des de jove&nbsp; buscava causes socials en qu\u00e8 col\u00b7laborar i on aportar el seu gra de sorra.<\/em><\/p>\n\n\n\n<p>V<em>a venir a l\u2019IRES a fer voluntariat a un servei &nbsp;que estava comen\u00e7ant, de nom impronunciable: el Servei d\u2019Acolliments i Adopcions d\u2019Infants amb Necessitats Educatives Especials, al que tots li d\u00e8iem SAINE. Amb les companyes de l\u2019equip del SAINE van rec\u00f3rrer les comarques de Barcelona amb insist\u00e8ncia, persist\u00e8ncia i voluntat per tal de trobar fam\u00edlies que volguessin adoptar uns infants amb molts problemes i mancances, pels que ning\u00fa havia apostat fins llavors. La seva experi\u00e8ncia professional com a treballadora social de l\u2019hospital maternoinfantil de la Vall d\u2019Hebron hi va ajudar, per\u00f2 l\u2019entusiasme, el comprom\u00eds i les ganes d\u2019aconseguir donar una fam\u00edlia a aquells infants els hi van fer superar tots els obstacles i sortir-ne airoses. <\/em><\/p>\n\n\n\n<p><em>Se sentia part d\u2019un equip, d\u2019un projecte i d\u2019una entitat. M\u00e9s endavant tamb\u00e9 es va implicar com a donant i en la campanya <\/em>Una Rosa per una causa<strong><em> <\/em><\/strong><em>que anualment la Fundaci\u00f3 IRES porta a terme per Sant Jordi , sent una de les persones que cada any participava en la venda de roses a la parada que ens posa l\u2019Hotel Majestic. <\/em><\/p>\n\n\n\n<p><em>Fou una persona molt estimada a l\u2019IRES, que mantenia les amistats que hi va fer.<\/em> <em>Et trobarem a faltar Eul\u00e0lia!<\/em><\/p>\n\n\n\n<figure class=\"wp-block-image\"><img data-recalc-dims=\"1\" loading=\"lazy\" decoding=\"async\" width=\"768\" height=\"1024\" src=\"https:\/\/i0.wp.com\/www.fundacioires.org\/wp-content\/uploads\/Eul%C3%A0lia-Par%C3%A9s-i-Montse-Toh%C3%A0-e1588168287285-768x1024.jpg?resize=768%2C1024&#038;ssl=1\" alt=\"\" class=\"wp-image-21684\" srcset=\"https:\/\/i0.wp.com\/www.fundacioires.org\/wp-content\/uploads\/Eul%C3%A0lia-Par%C3%A9s-i-Montse-Toh%C3%A0-e1588168287285.jpg?resize=768%2C1024&amp;ssl=1 768w, https:\/\/i0.wp.com\/www.fundacioires.org\/wp-content\/uploads\/Eul%C3%A0lia-Par%C3%A9s-i-Montse-Toh%C3%A0-e1588168287285.jpg?resize=225%2C300&amp;ssl=1 225w, https:\/\/i0.wp.com\/www.fundacioires.org\/wp-content\/uploads\/Eul%C3%A0lia-Par%C3%A9s-i-Montse-Toh%C3%A0-e1588168287285.jpg?w=2000&amp;ssl=1 2000w, https:\/\/i0.wp.com\/www.fundacioires.org\/wp-content\/uploads\/Eul%C3%A0lia-Par%C3%A9s-i-Montse-Toh%C3%A0-e1588168287285.jpg?w=3000&amp;ssl=1 3000w\" sizes=\"(max-width: 768px) 100vw, 768px\" \/><\/figure>\n","protected":false},"excerpt":{"rendered":"<p>L&#8217;Eul\u00e0lia va ser volunt\u00e0ria de l&#8217;entitat i una persona molt estimada a la Fundaci\u00f3 IRES<\/p>\n","protected":false},"author":7,"featured_media":21678,"comment_status":"closed","ping_status":"open","sticky":false,"template":"","format":"standard","meta":{"_jetpack_memberships_contains_paid_content":false,"footnotes":""},"categories":[19],"tags":[],"class_list":["post-21677","post","type-post","status-publish","format-standard","has-post-thumbnail","hentry","category-ires-blog"],"yoast_head":"<!-- This site is optimized with the Yoast SEO plugin v27.4 - https:\/\/yoast.com\/product\/yoast-seo-wordpress\/ -->\n<title>En mem\u00f2ria de l&#039;Eul\u00e0lia Par\u00e9s Batllori - Fundaci\u00f3 IRES<\/title>\n<meta name=\"robots\" content=\"index, follow, max-snippet:-1, max-image-preview:large, max-video-preview:-1\" \/>\n<link rel=\"canonical\" href=\"https:\/\/www.fundacioires.org\/ca\/en-memoria-de-leulalia-pares-batllori\/\" \/>\n<meta property=\"og:locale\" content=\"ca_ES\" \/>\n<meta property=\"og:type\" content=\"article\" \/>\n<meta property=\"og:title\" content=\"En mem\u00f2ria de l&#039;Eul\u00e0lia Par\u00e9s Batllori - Fundaci\u00f3 IRES\" \/>\n<meta property=\"og:description\" content=\"L&#039;Eul\u00e0lia va ser volunt\u00e0ria de l&#039;entitat i una persona molt estimada a la Fundaci\u00f3 IRES\" \/>\n<meta property=\"og:url\" content=\"https:\/\/www.fundacioires.org\/ca\/en-memoria-de-leulalia-pares-batllori\/\" \/>\n<meta property=\"og:site_name\" content=\"Fundaci\u00f3 IRES\" \/>\n<meta property=\"article:published_time\" content=\"2020-04-29T13:46:18+00:00\" \/>\n<meta property=\"article:modified_time\" content=\"2020-04-29T17:45:53+00:00\" \/>\n<meta property=\"og:image\" content=\"https:\/\/i0.wp.com\/www.fundacioires.org\/wp-content\/uploads\/1-17.png?fit=1200%2C628&ssl=1\" \/>\n\t<meta property=\"og:image:width\" content=\"1200\" \/>\n\t<meta property=\"og:image:height\" content=\"628\" \/>\n\t<meta property=\"og:image:type\" content=\"image\/png\" \/>\n<meta name=\"author\" content=\"Fundaci\u00f3 IRES\" \/>\n<meta name=\"twitter:card\" content=\"summary_large_image\" \/>\n<meta name=\"twitter:label1\" content=\"Written by\" \/>\n\t<meta name=\"twitter:data1\" content=\"Fundaci\u00f3 IRES\" \/>\n\t<meta name=\"twitter:label2\" content=\"Est. reading time\" \/>\n\t<meta name=\"twitter:data2\" content=\"2 minutes\" \/>\n<script type=\"application\/ld+json\" class=\"yoast-schema-graph\">{\"@context\":\"https:\\\/\\\/schema.org\",\"@graph\":[{\"@type\":\"Article\",\"@id\":\"https:\\\/\\\/www.fundacioires.org\\\/ca\\\/en-memoria-de-leulalia-pares-batllori\\\/#article\",\"isPartOf\":{\"@id\":\"https:\\\/\\\/www.fundacioires.org\\\/ca\\\/en-memoria-de-leulalia-pares-batllori\\\/\"},\"author\":{\"name\":\"Fundaci\u00f3 IRES\",\"@id\":\"https:\\\/\\\/www.fundacioires.org\\\/#\\\/schema\\\/person\\\/160af843c565221ef4664a5c7000791c\"},\"headline\":\"En mem\u00f2ria de l&#8217;Eul\u00e0lia Par\u00e9s Batllori\",\"datePublished\":\"2020-04-29T13:46:18+00:00\",\"dateModified\":\"2020-04-29T17:45:53+00:00\",\"mainEntityOfPage\":{\"@id\":\"https:\\\/\\\/www.fundacioires.org\\\/ca\\\/en-memoria-de-leulalia-pares-batllori\\\/\"},\"wordCount\":447,\"publisher\":{\"@id\":\"https:\\\/\\\/www.fundacioires.org\\\/#organization\"},\"image\":{\"@id\":\"https:\\\/\\\/www.fundacioires.org\\\/ca\\\/en-memoria-de-leulalia-pares-batllori\\\/#primaryimage\"},\"thumbnailUrl\":\"https:\\\/\\\/i0.wp.com\\\/www.fundacioires.org\\\/wp-content\\\/uploads\\\/1-17.png?fit=1200%2C628&ssl=1\",\"articleSection\":[\"IRES-Blog\"],\"inLanguage\":\"ca-ES\"},{\"@type\":\"WebPage\",\"@id\":\"https:\\\/\\\/www.fundacioires.org\\\/ca\\\/en-memoria-de-leulalia-pares-batllori\\\/\",\"url\":\"https:\\\/\\\/www.fundacioires.org\\\/ca\\\/en-memoria-de-leulalia-pares-batllori\\\/\",\"name\":\"En mem\u00f2ria de l'Eul\u00e0lia Par\u00e9s Batllori - Fundaci\u00f3 IRES\",\"isPartOf\":{\"@id\":\"https:\\\/\\\/www.fundacioires.org\\\/#website\"},\"primaryImageOfPage\":{\"@id\":\"https:\\\/\\\/www.fundacioires.org\\\/ca\\\/en-memoria-de-leulalia-pares-batllori\\\/#primaryimage\"},\"image\":{\"@id\":\"https:\\\/\\\/www.fundacioires.org\\\/ca\\\/en-memoria-de-leulalia-pares-batllori\\\/#primaryimage\"},\"thumbnailUrl\":\"https:\\\/\\\/i0.wp.com\\\/www.fundacioires.org\\\/wp-content\\\/uploads\\\/1-17.png?fit=1200%2C628&ssl=1\",\"datePublished\":\"2020-04-29T13:46:18+00:00\",\"dateModified\":\"2020-04-29T17:45:53+00:00\",\"breadcrumb\":{\"@id\":\"https:\\\/\\\/www.fundacioires.org\\\/ca\\\/en-memoria-de-leulalia-pares-batllori\\\/#breadcrumb\"},\"inLanguage\":\"ca-ES\",\"potentialAction\":[{\"@type\":\"ReadAction\",\"target\":[\"https:\\\/\\\/www.fundacioires.org\\\/ca\\\/en-memoria-de-leulalia-pares-batllori\\\/\"]}]},{\"@type\":\"ImageObject\",\"inLanguage\":\"ca-ES\",\"@id\":\"https:\\\/\\\/www.fundacioires.org\\\/ca\\\/en-memoria-de-leulalia-pares-batllori\\\/#primaryimage\",\"url\":\"https:\\\/\\\/i0.wp.com\\\/www.fundacioires.org\\\/wp-content\\\/uploads\\\/1-17.png?fit=1200%2C628&ssl=1\",\"contentUrl\":\"https:\\\/\\\/i0.wp.com\\\/www.fundacioires.org\\\/wp-content\\\/uploads\\\/1-17.png?fit=1200%2C628&ssl=1\",\"width\":1200,\"height\":628,\"caption\":\"En mem\u00f2ria de l'Eul\u00e0lia Par\u00e9s\"},{\"@type\":\"BreadcrumbList\",\"@id\":\"https:\\\/\\\/www.fundacioires.org\\\/ca\\\/en-memoria-de-leulalia-pares-batllori\\\/#breadcrumb\",\"itemListElement\":[{\"@type\":\"ListItem\",\"position\":1,\"name\":\"Portada\",\"item\":\"https:\\\/\\\/www.fundacioires.org\\\/\"},{\"@type\":\"ListItem\",\"position\":2,\"name\":\"En mem\u00f2ria de l&#8217;Eul\u00e0lia Par\u00e9s Batllori\"}]},{\"@type\":\"WebSite\",\"@id\":\"https:\\\/\\\/www.fundacioires.org\\\/#website\",\"url\":\"https:\\\/\\\/www.fundacioires.org\\\/\",\"name\":\"Fundaci\u00f3 IRES\",\"description\":\"\",\"publisher\":{\"@id\":\"https:\\\/\\\/www.fundacioires.org\\\/#organization\"},\"potentialAction\":[{\"@type\":\"SearchAction\",\"target\":{\"@type\":\"EntryPoint\",\"urlTemplate\":\"https:\\\/\\\/www.fundacioires.org\\\/?s={search_term_string}\"},\"query-input\":{\"@type\":\"PropertyValueSpecification\",\"valueRequired\":true,\"valueName\":\"search_term_string\"}}],\"inLanguage\":\"ca-ES\"},{\"@type\":\"Organization\",\"@id\":\"https:\\\/\\\/www.fundacioires.org\\\/#organization\",\"name\":\"Fundanci\u00f3n IRES\",\"url\":\"https:\\\/\\\/www.fundacioires.org\\\/\",\"logo\":{\"@type\":\"ImageObject\",\"inLanguage\":\"ca-ES\",\"@id\":\"https:\\\/\\\/www.fundacioires.org\\\/#\\\/schema\\\/logo\\\/image\\\/\",\"url\":\"https:\\\/\\\/i0.wp.com\\\/www.fundacioires.org\\\/wp-content\\\/uploads\\\/faviconIRES.png?fit=32%2C32&ssl=1\",\"contentUrl\":\"https:\\\/\\\/i0.wp.com\\\/www.fundacioires.org\\\/wp-content\\\/uploads\\\/faviconIRES.png?fit=32%2C32&ssl=1\",\"width\":32,\"height\":32,\"caption\":\"Fundanci\u00f3n IRES\"},\"image\":{\"@id\":\"https:\\\/\\\/www.fundacioires.org\\\/#\\\/schema\\\/logo\\\/image\\\/\"}},{\"@type\":\"Person\",\"@id\":\"https:\\\/\\\/www.fundacioires.org\\\/#\\\/schema\\\/person\\\/160af843c565221ef4664a5c7000791c\",\"name\":\"Fundaci\u00f3 IRES\"}]}<\/script>\n<!-- \/ Yoast SEO plugin. -->","yoast_head_json":{"title":"En mem\u00f2ria de l'Eul\u00e0lia Par\u00e9s Batllori - Fundaci\u00f3 IRES","robots":{"index":"index","follow":"follow","max-snippet":"max-snippet:-1","max-image-preview":"max-image-preview:large","max-video-preview":"max-video-preview:-1"},"canonical":"https:\/\/www.fundacioires.org\/ca\/en-memoria-de-leulalia-pares-batllori\/","og_locale":"ca_ES","og_type":"article","og_title":"En mem\u00f2ria de l'Eul\u00e0lia Par\u00e9s Batllori - Fundaci\u00f3 IRES","og_description":"L'Eul\u00e0lia va ser volunt\u00e0ria de l'entitat i una persona molt estimada a la Fundaci\u00f3 IRES","og_url":"https:\/\/www.fundacioires.org\/ca\/en-memoria-de-leulalia-pares-batllori\/","og_site_name":"Fundaci\u00f3 IRES","article_published_time":"2020-04-29T13:46:18+00:00","article_modified_time":"2020-04-29T17:45:53+00:00","og_image":[{"width":1200,"height":628,"url":"https:\/\/i0.wp.com\/www.fundacioires.org\/wp-content\/uploads\/1-17.png?fit=1200%2C628&ssl=1","type":"image\/png"}],"author":"Fundaci\u00f3 IRES","twitter_card":"summary_large_image","twitter_misc":{"Written by":"Fundaci\u00f3 IRES","Est. reading time":"2 minutes"},"schema":{"@context":"https:\/\/schema.org","@graph":[{"@type":"Article","@id":"https:\/\/www.fundacioires.org\/ca\/en-memoria-de-leulalia-pares-batllori\/#article","isPartOf":{"@id":"https:\/\/www.fundacioires.org\/ca\/en-memoria-de-leulalia-pares-batllori\/"},"author":{"name":"Fundaci\u00f3 IRES","@id":"https:\/\/www.fundacioires.org\/#\/schema\/person\/160af843c565221ef4664a5c7000791c"},"headline":"En mem\u00f2ria de l&#8217;Eul\u00e0lia Par\u00e9s Batllori","datePublished":"2020-04-29T13:46:18+00:00","dateModified":"2020-04-29T17:45:53+00:00","mainEntityOfPage":{"@id":"https:\/\/www.fundacioires.org\/ca\/en-memoria-de-leulalia-pares-batllori\/"},"wordCount":447,"publisher":{"@id":"https:\/\/www.fundacioires.org\/#organization"},"image":{"@id":"https:\/\/www.fundacioires.org\/ca\/en-memoria-de-leulalia-pares-batllori\/#primaryimage"},"thumbnailUrl":"https:\/\/i0.wp.com\/www.fundacioires.org\/wp-content\/uploads\/1-17.png?fit=1200%2C628&ssl=1","articleSection":["IRES-Blog"],"inLanguage":"ca-ES"},{"@type":"WebPage","@id":"https:\/\/www.fundacioires.org\/ca\/en-memoria-de-leulalia-pares-batllori\/","url":"https:\/\/www.fundacioires.org\/ca\/en-memoria-de-leulalia-pares-batllori\/","name":"En mem\u00f2ria de l'Eul\u00e0lia Par\u00e9s Batllori - Fundaci\u00f3 IRES","isPartOf":{"@id":"https:\/\/www.fundacioires.org\/#website"},"primaryImageOfPage":{"@id":"https:\/\/www.fundacioires.org\/ca\/en-memoria-de-leulalia-pares-batllori\/#primaryimage"},"image":{"@id":"https:\/\/www.fundacioires.org\/ca\/en-memoria-de-leulalia-pares-batllori\/#primaryimage"},"thumbnailUrl":"https:\/\/i0.wp.com\/www.fundacioires.org\/wp-content\/uploads\/1-17.png?fit=1200%2C628&ssl=1","datePublished":"2020-04-29T13:46:18+00:00","dateModified":"2020-04-29T17:45:53+00:00","breadcrumb":{"@id":"https:\/\/www.fundacioires.org\/ca\/en-memoria-de-leulalia-pares-batllori\/#breadcrumb"},"inLanguage":"ca-ES","potentialAction":[{"@type":"ReadAction","target":["https:\/\/www.fundacioires.org\/ca\/en-memoria-de-leulalia-pares-batllori\/"]}]},{"@type":"ImageObject","inLanguage":"ca-ES","@id":"https:\/\/www.fundacioires.org\/ca\/en-memoria-de-leulalia-pares-batllori\/#primaryimage","url":"https:\/\/i0.wp.com\/www.fundacioires.org\/wp-content\/uploads\/1-17.png?fit=1200%2C628&ssl=1","contentUrl":"https:\/\/i0.wp.com\/www.fundacioires.org\/wp-content\/uploads\/1-17.png?fit=1200%2C628&ssl=1","width":1200,"height":628,"caption":"En mem\u00f2ria de l'Eul\u00e0lia Par\u00e9s"},{"@type":"BreadcrumbList","@id":"https:\/\/www.fundacioires.org\/ca\/en-memoria-de-leulalia-pares-batllori\/#breadcrumb","itemListElement":[{"@type":"ListItem","position":1,"name":"Portada","item":"https:\/\/www.fundacioires.org\/"},{"@type":"ListItem","position":2,"name":"En mem\u00f2ria de l&#8217;Eul\u00e0lia Par\u00e9s Batllori"}]},{"@type":"WebSite","@id":"https:\/\/www.fundacioires.org\/#website","url":"https:\/\/www.fundacioires.org\/","name":"Fundaci\u00f3 IRES","description":"","publisher":{"@id":"https:\/\/www.fundacioires.org\/#organization"},"potentialAction":[{"@type":"SearchAction","target":{"@type":"EntryPoint","urlTemplate":"https:\/\/www.fundacioires.org\/?s={search_term_string}"},"query-input":{"@type":"PropertyValueSpecification","valueRequired":true,"valueName":"search_term_string"}}],"inLanguage":"ca-ES"},{"@type":"Organization","@id":"https:\/\/www.fundacioires.org\/#organization","name":"Fundanci\u00f3n IRES","url":"https:\/\/www.fundacioires.org\/","logo":{"@type":"ImageObject","inLanguage":"ca-ES","@id":"https:\/\/www.fundacioires.org\/#\/schema\/logo\/image\/","url":"https:\/\/i0.wp.com\/www.fundacioires.org\/wp-content\/uploads\/faviconIRES.png?fit=32%2C32&ssl=1","contentUrl":"https:\/\/i0.wp.com\/www.fundacioires.org\/wp-content\/uploads\/faviconIRES.png?fit=32%2C32&ssl=1","width":32,"height":32,"caption":"Fundanci\u00f3n IRES"},"image":{"@id":"https:\/\/www.fundacioires.org\/#\/schema\/logo\/image\/"}},{"@type":"Person","@id":"https:\/\/www.fundacioires.org\/#\/schema\/person\/160af843c565221ef4664a5c7000791c","name":"Fundaci\u00f3 IRES"}]}},"jetpack_featured_media_url":"https:\/\/i0.wp.com\/www.fundacioires.org\/wp-content\/uploads\/1-17.png?fit=1200%2C628&ssl=1","jetpack_sharing_enabled":true,"_links":{"self":[{"href":"https:\/\/www.fundacioires.org\/ca\/wp-json\/wp\/v2\/posts\/21677","targetHints":{"allow":["GET"]}}],"collection":[{"href":"https:\/\/www.fundacioires.org\/ca\/wp-json\/wp\/v2\/posts"}],"about":[{"href":"https:\/\/www.fundacioires.org\/ca\/wp-json\/wp\/v2\/types\/post"}],"author":[{"embeddable":true,"href":"https:\/\/www.fundacioires.org\/ca\/wp-json\/wp\/v2\/users\/7"}],"replies":[{"embeddable":true,"href":"https:\/\/www.fundacioires.org\/ca\/wp-json\/wp\/v2\/comments?post=21677"}],"version-history":[{"count":5,"href":"https:\/\/www.fundacioires.org\/ca\/wp-json\/wp\/v2\/posts\/21677\/revisions"}],"predecessor-version":[{"id":21699,"href":"https:\/\/www.fundacioires.org\/ca\/wp-json\/wp\/v2\/posts\/21677\/revisions\/21699"}],"wp:featuredmedia":[{"embeddable":true,"href":"https:\/\/www.fundacioires.org\/ca\/wp-json\/wp\/v2\/media\/21678"}],"wp:attachment":[{"href":"https:\/\/www.fundacioires.org\/ca\/wp-json\/wp\/v2\/media?parent=21677"}],"wp:term":[{"taxonomy":"category","embeddable":true,"href":"https:\/\/www.fundacioires.org\/ca\/wp-json\/wp\/v2\/categories?post=21677"},{"taxonomy":"post_tag","embeddable":true,"href":"https:\/\/www.fundacioires.org\/ca\/wp-json\/wp\/v2\/tags?post=21677"}],"curies":[{"name":"wp","href":"https:\/\/api.w.org\/{rel}","templated":true}]}}