{"id":21979,"date":"2020-05-12T09:33:43","date_gmt":"2020-05-12T07:33:43","guid":{"rendered":"https:\/\/www.fundacioires.org\/?p=21979"},"modified":"2020-11-23T14:02:37","modified_gmt":"2020-11-23T13:02:37","slug":"ara-i-sempre-promovem-la-inclusio-social","status":"publish","type":"post","link":"https:\/\/www.fundacioires.org\/ca\/ara-i-sempre-promovem-la-inclusio-social\/","title":{"rendered":"Ara i sempre: Promovem la inclusi\u00f3 social"},"content":{"rendered":"\n<p class=\"has-text-color has-very-dark-gray-color\">Gaireb\u00e9 dos mesos despr\u00e9s de l&#8217;inici del confinament, els equips d\u2019IRES continuen treballant per <strong>l&#8217;apoderament<\/strong> de persones que transiten situacions de vulnerabilitat. Per a aix\u00f2, es posa molt \u00e8mfasi en l&#8217;<strong>enfortiment dels vincles, les xarxes de suport i la construcci\u00f3 conjunta del cam\u00ed que volen seguir<\/strong>. No obstant aix\u00f2, l&#8217;emerg\u00e8ncia sanit\u00e0ria deixar\u00e0 pas a una emerg\u00e8ncia socioecon\u00f2mica<em> <\/em>que impactar\u00e0 amb for\u00e7a sobre les persones i col\u00b7lectius m\u00e9s afectats per les desigualtats. Les condicions estructurals que s\u2019acosten auguren un panorama amb m\u00e9s dificultats per a elles, per la qual cosa hem d&#8217;intensificar la nostra acci\u00f3 social amb una mirada m\u00e9s integral i col\u00b7lectiva que mai.<\/p>\n\n\n\n<p style=\"color:#1cab8b;font-size:18px\" class=\"has-text-color\"><strong>Projecte Aferra\u2019t: un servei que apodera a trav\u00e9s del vincle<\/strong><\/p>\n\n\n\n<p class=\"has-text-color has-very-dark-gray-color\">Mentre les llars de les persones m\u00e9s afectades per aquesta crisi s&#8217;omplen de preguntes sobre el futur, l&#8217;equip del <strong><a href=\"https:\/\/www.fundacioires.org\/ca\/que-fem\/ecosistema-de-projectes\/projecte-aferrat\/\">Projecte<\/a><\/strong><a href=\"https:\/\/www.fundacioires.org\/ca\/que-fem\/ecosistema-de-projectes\/projecte-aferrat\/\"> <\/a><strong><a href=\"https:\/\/www.fundacioires.org\/ca\/que-fem\/ecosistema-de-projectes\/projecte-aferrat\/\">Aferra&#8217;t<\/a><\/strong> ha aconseguit adaptar satisfact\u00f2riament la seva feina, malgrat les dificultats inicials. Ha estat un esfor\u00e7 molt intens per a totes les treballadores de l\u2019entitat, les vides de les quals s\u00f3n travessades per circumst\u00e0ncies personals, familiars, materials i psicol\u00f2giques pr\u00f2pies \u2013i moltes, compartides\u2013. Aix\u00f2 no obstant, <strong>copsar les necessitats de les persones ateses pel servei i garantir una atenci\u00f3 psicosocial a l&#8217;altura de les circumst\u00e0ncies<\/strong> s\u00f3n les dues grans prioritats per l\u2019equip.&nbsp;<\/p>\n\n\n\n<p class=\"has-text-color has-very-dark-gray-color\">La <strong>principal dificultat<\/strong> amb la qual es van trobar va ser la <strong>impossibilitat d&#8217;atendre presencialment<\/strong>, ja que, com en altres serveis de la fundaci\u00f3, es tracta del nucli principal de la intervenci\u00f3. Aquest servei es caracteritza precisament per la <strong>filosofia del vincle<\/strong>, que permet canalitzar l&#8217;acci\u00f3 social a trav\u00e9s del grup en combinaci\u00f3 amb processos personalitzats d&#8217;acompanyament. Els equips han garantit una <strong>atenci\u00f3 telef\u00f2nica<\/strong> de les persones vinculades al projecte, mentre treballaven en gestions del circuit de protecci\u00f3 social d&#8217;emerg\u00e8ncies. Mantenir l&#8217;<strong>escolta activa<\/strong>, amb els efectes terap\u00e8utics que suposa sentir una veu familiar i trencar la monotonia del confinament ha estat vital per a moltes fam\u00edlies. Aquest vincle tamb\u00e9 es preserva a trav\u00e9s de grups de whatsapp, en els que ells mateixos comparteixen propostes de cura i benestar (exercici des de casa, lectura, visionat de pel\u00b7l\u00edcules, obres de teatre o activitats amb els infants). A m\u00e9s, han posat a la seva disposici\u00f3 i<strong>nformaci\u00f3 sanit\u00e0ria<\/strong> relativa a la COVID-19 i els han facilitat l&#8217;acc\u00e9s a <strong>xarxes de suport mutu<\/strong> del territori i han continuat acompanyant-los en la gesti\u00f3&nbsp; de prestacions socials i altres tr\u00e0mits administratius essencials.<\/p>\n\n\n\n<p class=\"has-text-color has-very-dark-gray-color\">Les fam\u00edlies ateses manifesten <strong>preocupacions<\/strong> relatives a la salut, cuidar-se i cuidar dels altres, i especulen sobre les possibles conseq\u00fc\u00e8ncies de la crisi. Moltes persones han vist agreujada la seva situaci\u00f3 de vulnerabilitat per haver perdut els treballs precaris que tenien o per haver-se vist afectats per un ERTO. Unes altres, amb situaci\u00f3 administrativa irregular o exercint treballs en l&#8217;economia submergida han perdut els pocs ingressos que tenien. <strong>Angoixa, desassossec, pors, incertesa. Una mostra m\u00e9s que els problemes personals s\u00f3n compartits en una dimensi\u00f3 col\u00b7lectiva. <\/strong>En els equips de professionals encara ressona la crisi del 2008 i com les fam\u00edlies m\u00e9s vulnerables van viure les seves conseq\u00fc\u00e8ncies mentre es va protegir a les grans empreses. Reclamen un pla de xoc que blindi els seus drets i assenyalen la necessitat d&#8217;enfortir les xarxes de suport.<\/p>\n\n\n\n<ul class=\"wp-block-gallery columns-3 is-cropped wp-block-gallery-1 is-layout-flex wp-block-gallery-is-layout-flex\"><li class=\"blocks-gallery-item\"><figure><img data-recalc-dims=\"1\" loading=\"lazy\" decoding=\"async\" width=\"1024\" height=\"683\" src=\"https:\/\/i0.wp.com\/www.fundacioires.org\/wp-content\/uploads\/MG_0317.jpg?resize=1024%2C683&#038;ssl=1\" alt=\"\" data-id=\"21980\" data-link=\"https:\/\/www.fundacioires.org\/ca\/?attachment_id=21980\" class=\"wp-image-21980\" srcset=\"https:\/\/i0.wp.com\/www.fundacioires.org\/wp-content\/uploads\/MG_0317.jpg?resize=1024%2C683&amp;ssl=1 1024w, https:\/\/i0.wp.com\/www.fundacioires.org\/wp-content\/uploads\/MG_0317.jpg?resize=300%2C200&amp;ssl=1 300w, https:\/\/i0.wp.com\/www.fundacioires.org\/wp-content\/uploads\/MG_0317.jpg?resize=768%2C512&amp;ssl=1 768w, https:\/\/i0.wp.com\/www.fundacioires.org\/wp-content\/uploads\/MG_0317.jpg?w=2000&amp;ssl=1 2000w, https:\/\/i0.wp.com\/www.fundacioires.org\/wp-content\/uploads\/MG_0317.jpg?w=3000&amp;ssl=1 3000w\" sizes=\"(max-width: 1000px) 100vw, 1000px\" \/><\/figure><\/li><li class=\"blocks-gallery-item\"><figure><img data-recalc-dims=\"1\" loading=\"lazy\" decoding=\"async\" width=\"1024\" height=\"683\" src=\"https:\/\/i0.wp.com\/www.fundacioires.org\/wp-content\/uploads\/MG_0421.jpg?resize=1024%2C683&#038;ssl=1\" alt=\"\" data-id=\"21982\" data-link=\"https:\/\/www.fundacioires.org\/ca\/?attachment_id=21982\" class=\"wp-image-21982\" srcset=\"https:\/\/i0.wp.com\/www.fundacioires.org\/wp-content\/uploads\/MG_0421.jpg?resize=1024%2C683&amp;ssl=1 1024w, https:\/\/i0.wp.com\/www.fundacioires.org\/wp-content\/uploads\/MG_0421.jpg?resize=300%2C200&amp;ssl=1 300w, https:\/\/i0.wp.com\/www.fundacioires.org\/wp-content\/uploads\/MG_0421.jpg?resize=768%2C512&amp;ssl=1 768w, https:\/\/i0.wp.com\/www.fundacioires.org\/wp-content\/uploads\/MG_0421.jpg?w=2000&amp;ssl=1 2000w, https:\/\/i0.wp.com\/www.fundacioires.org\/wp-content\/uploads\/MG_0421.jpg?w=3000&amp;ssl=1 3000w\" sizes=\"(max-width: 1000px) 100vw, 1000px\" \/><\/figure><\/li><li class=\"blocks-gallery-item\"><figure><img data-recalc-dims=\"1\" loading=\"lazy\" decoding=\"async\" width=\"1024\" height=\"683\" src=\"https:\/\/i0.wp.com\/www.fundacioires.org\/wp-content\/uploads\/MG_0524.jpg?resize=1024%2C683&#038;ssl=1\" alt=\"\" data-id=\"21984\" data-link=\"https:\/\/www.fundacioires.org\/ca\/?attachment_id=21984\" class=\"wp-image-21984\" srcset=\"https:\/\/i0.wp.com\/www.fundacioires.org\/wp-content\/uploads\/MG_0524.jpg?resize=1024%2C683&amp;ssl=1 1024w, https:\/\/i0.wp.com\/www.fundacioires.org\/wp-content\/uploads\/MG_0524.jpg?resize=300%2C200&amp;ssl=1 300w, https:\/\/i0.wp.com\/www.fundacioires.org\/wp-content\/uploads\/MG_0524.jpg?resize=768%2C512&amp;ssl=1 768w, https:\/\/i0.wp.com\/www.fundacioires.org\/wp-content\/uploads\/MG_0524.jpg?w=2000&amp;ssl=1 2000w, https:\/\/i0.wp.com\/www.fundacioires.org\/wp-content\/uploads\/MG_0524.jpg?w=3000&amp;ssl=1 3000w\" sizes=\"(max-width: 1000px) 100vw, 1000px\" \/><\/figure><\/li><\/ul>\n\n\n\n<p style=\"color:#1cab8b;font-size:18px\" class=\"has-text-color\"><strong>Projecte Impulsa: &nbsp;la import\u00e0ncia de l\u2019acompanyament i l\u2019orientaci\u00f3 sociolaboral<\/strong><\/p>\n\n\n\n<p class=\"has-text-color has-very-dark-gray-color\">Les professionals s&#8217;han adaptat al teletreball, per\u00f2 com hem fet totes: a correcuita. No obstant aix\u00f2, han aconseguit aprofitar per a reprendre tasques endarrerides i <strong>adaptar el seu treball per via telef\u00f2nica<\/strong>, malgrat l&#8217;estranyament que suposa quan la tasca principal \u00e9s atendre persones. El seu objectiu durant el confinament ha estat <strong>evitar que les persones usu\u00e0ries desconnectessin del servei<\/strong>.<\/p>\n\n\n\n<p class=\"has-text-color has-very-dark-gray-color\">\u00c9s per aix\u00f2 que els esfor\u00e7os han anat encaminats a <strong>mantenir el contacte i la motivaci\u00f3<\/strong>. En aquest cas, la tecnologia ens mant\u00e9 connectades m\u00e9s enll\u00e0 de la mera comunicaci\u00f3; ens permet la interacci\u00f3 pr\u00f2xima i activa entre les professionals i les fam\u00edlies. En aquests moments de dificultat afegida s&#8217;han incorporat persones noves al projecte, que coneixien les professionals d&#8217;altres \u00e0mbits o circumst\u00e0ncies i han demanat ser ateses. <strong>El <a href=\"https:\/\/www.fundacioires.org\/ca\/que-fem\/ecosistema-de-projectes\/projecte-impulsa\/\">Projecte Impulsa<\/a> est\u00e0 ben arrelat a la xarxa d&#8217;entitats i serveis de Granollers, i a la gent que hi viu!<\/strong><\/p>\n\n\n\n<p class=\"has-text-color has-very-dark-gray-color\">Aquest tipus d&#8217;atenci\u00f3 ens deixa <strong>an\u00e8cdotes<\/strong> molt il\u00b7lustratives de la realitat que estem vivint: en m\u00e9s d&#8217;una trucada, els infants han volgut saber amb qui parlaven les seves fam\u00edlies i participar en les converses. <strong>Al cap i a la fi, tothom vol parlar m\u00e9s enll\u00e0 de les parets de casa seva<\/strong>.<\/p>\n\n\n\n<p style=\"color:#1cab8b;font-size:18px\" class=\"has-text-color\"><strong>Serveis Comunitaris de Matadepera: el poder transformador de la comunitat<\/strong><\/p>\n\n\n\n<p class=\"has-text-color has-very-dark-gray-color\">Aquests equips tamb\u00e9 han posat de manifest la <strong>dificultat de fer conviure els nous espais de teletreball amb la vida familiar<\/strong>. Sens dubte per a moltes treballadores i entitats ha estat un experiment del qual podrem treure moltes conclusions fent revisi\u00f3 cr\u00edtica.<\/p>\n\n\n\n<p class=\"has-text-color has-very-dark-gray-color\"><strong>El nivell d&#8217;atenci\u00f3 d&#8217;aquests serveis s&#8217;ha vist bastant limitat<\/strong> durant el confinament, ja que moltes de les accions programades han hagut d\u2019aturar-se. No obstant aix\u00f2, mantenen el <strong>contacte directe amb entitats<\/strong> per via telem\u00e0tica, i amb<strong> escoles i instituts<\/strong>. Cal destacar la intensificaci\u00f3 de <strong>l&#8217;activitat de joves feministes i altres associacions<\/strong>, que han estat realitzant campanyes per xarxes socials i, en coordinaci\u00f3 amb la regidora de joventut, estan preparant canals de comunicaci\u00f3 i sensibilitzaci\u00f3 entre el jovent. <strong>La feina no s\u2019atura!<\/strong><\/p>\n\n\n\n<p class=\"has-text-color has-very-dark-gray-color\">Durant aquesta breu parada estem agafant energia i impuls per a planificar noves activitats, i <strong>continuar treballant per a ajudar a reorientar la situaci\u00f3 sociolaboral de les persones m\u00e9s vulnerables<\/strong>.<\/p>\n\n\n\n<p style=\"background-color:#faf7ff;color:#5d32a7\" class=\"has-text-color has-background\">Volem agrair la feina tan valuosa de totes les persones que hi ha al davant de cada servei, que han demostrat des del primer minut d\u2019aquesta crisi el seu comprom\u00eds amb les fam\u00edlies i el seu benestar. Tenim molt present la labor dels <strong>t\u00e8cnics de sistemes inform\u00e0tics<\/strong> -que fan possible que estem m\u00e9s connectades que mai-, <strong>les persones d\u2019administraci\u00f3<\/strong> -que gestionen una infinitat de recursos i protocols-, <strong>i les companyes i companys de l\u2019educaci\u00f3 social, treball social i psicologia<\/strong> -dinamitzant, escoltant, acompanyant, orientant i oferint suport en una situaci\u00f3 tan complicada- sense la qual aquest projecte manca de sentit-. \u00c9s emocionant veure la proactivitat i la il\u00b7lusi\u00f3 amb qu\u00e8 els equips estan posant en marxa totes aquestes iniciatives per tal que les fam\u00edlies m\u00e9s vulnerables no acabin sortint m\u00e9s perjudicades.<\/p>\n\n\n\n<p style=\"font-size:18px\" class=\"has-text-color has-very-dark-gray-color\"><strong>Quins projectes d\u2019inclusi\u00f3 social tenim en marxa?<\/strong> Coneix la feina del <strong><a href=\"https:\/\/www.fundacioires.org\/ca\/que-fem\/ecosistema-de-projectes\/projecte-aferrat\/\">Projecte Aferra\u2019t<\/a><\/strong>, el <strong><a href=\"https:\/\/www.fundacioires.org\/ca\/que-fem\/ecosistema-de-projectes\/projecte-impulsa\/\">Projecte<\/a><\/strong><a href=\"https:\/\/www.fundacioires.org\/ca\/que-fem\/ecosistema-de-projectes\/projecte-impulsa\/\"> <\/a><strong><a href=\"https:\/\/www.fundacioires.org\/ca\/que-fem\/ecosistema-de-projectes\/projecte-impulsa\/\">Impulsa<\/a><\/strong> i els<strong> Serveis Comunitaris de Matadepera<\/strong> en el nostre <a href=\"https:\/\/www.fundacioires.org\/ca\/que-fem\/ecosistema-de-projectes\/\">Ecosistema de Projectes<\/a>.<\/p>\n","protected":false},"excerpt":{"rendered":"<p>Els equips d\u2019IRES treballem per a garantir que les persones en situaci\u00f3 de vulnerabilitat continu\u00efn construint el seu cam\u00ed i millorant la seva situaci\u00f3 social i laboral.<\/p>\n","protected":false},"author":7,"featured_media":22022,"comment_status":"closed","ping_status":"open","sticky":false,"template":"","format":"standard","meta":{"_jetpack_memberships_contains_paid_content":false,"footnotes":""},"categories":[25],"tags":[],"class_list":["post-21979","post","type-post","status-publish","format-standard","has-post-thumbnail","hentry","category-lactivitat-dires"],"yoast_head":"<!-- This site is optimized with the Yoast SEO plugin v27.4 - https:\/\/yoast.com\/product\/yoast-seo-wordpress\/ -->\n<title>Ara i sempre: Promovem la inclusi\u00f3 social - Fundaci\u00f3 IRES<\/title>\n<meta name=\"robots\" content=\"index, follow, max-snippet:-1, max-image-preview:large, max-video-preview:-1\" \/>\n<link rel=\"canonical\" href=\"https:\/\/www.fundacioires.org\/ca\/ara-i-sempre-promovem-la-inclusio-social\/\" \/>\n<meta property=\"og:locale\" content=\"ca_ES\" \/>\n<meta property=\"og:type\" content=\"article\" \/>\n<meta property=\"og:title\" content=\"Ara i sempre: Promovem la inclusi\u00f3 social - Fundaci\u00f3 IRES\" \/>\n<meta property=\"og:description\" content=\"Els equips d\u2019IRES treballem per a garantir que les persones en situaci\u00f3 de vulnerabilitat continu\u00efn construint el seu cam\u00ed i millorant la seva situaci\u00f3 social i laboral.\" \/>\n<meta property=\"og:url\" content=\"https:\/\/www.fundacioires.org\/ca\/ara-i-sempre-promovem-la-inclusio-social\/\" \/>\n<meta property=\"og:site_name\" content=\"Fundaci\u00f3 IRES\" \/>\n<meta property=\"article:published_time\" content=\"2020-05-12T07:33:43+00:00\" \/>\n<meta property=\"article:modified_time\" content=\"2020-11-23T13:02:37+00:00\" \/>\n<meta property=\"og:image\" content=\"https:\/\/i1.wp.com\/www.fundacioires.org\/wp-content\/uploads\/ARA-I-SEMPRE_-Serveis-COVID-2.png?fit=1200%2C628&ssl=1\" \/>\n\t<meta property=\"og:image:width\" content=\"1200\" \/>\n\t<meta property=\"og:image:height\" content=\"628\" \/>\n\t<meta property=\"og:image:type\" content=\"image\/png\" \/>\n<meta name=\"author\" content=\"Fundaci\u00f3 IRES\" \/>\n<meta name=\"twitter:card\" content=\"summary_large_image\" \/>\n<meta name=\"twitter:label1\" content=\"Written by\" \/>\n\t<meta name=\"twitter:data1\" content=\"Fundaci\u00f3 IRES\" \/>\n\t<meta name=\"twitter:label2\" content=\"Est. reading time\" \/>\n\t<meta name=\"twitter:data2\" content=\"6 minutes\" \/>\n<script type=\"application\/ld+json\" class=\"yoast-schema-graph\">{\"@context\":\"https:\\\/\\\/schema.org\",\"@graph\":[{\"@type\":\"Article\",\"@id\":\"https:\\\/\\\/www.fundacioires.org\\\/ca\\\/ara-i-sempre-promovem-la-inclusio-social\\\/#article\",\"isPartOf\":{\"@id\":\"https:\\\/\\\/www.fundacioires.org\\\/ca\\\/ara-i-sempre-promovem-la-inclusio-social\\\/\"},\"author\":{\"name\":\"Fundaci\u00f3 IRES\",\"@id\":\"https:\\\/\\\/www.fundacioires.org\\\/#\\\/schema\\\/person\\\/160af843c565221ef4664a5c7000791c\"},\"headline\":\"Ara i sempre: Promovem la inclusi\u00f3 social\",\"datePublished\":\"2020-05-12T07:33:43+00:00\",\"dateModified\":\"2020-11-23T13:02:37+00:00\",\"mainEntityOfPage\":{\"@id\":\"https:\\\/\\\/www.fundacioires.org\\\/ca\\\/ara-i-sempre-promovem-la-inclusio-social\\\/\"},\"wordCount\":1170,\"publisher\":{\"@id\":\"https:\\\/\\\/www.fundacioires.org\\\/#organization\"},\"image\":{\"@id\":\"https:\\\/\\\/www.fundacioires.org\\\/ca\\\/ara-i-sempre-promovem-la-inclusio-social\\\/#primaryimage\"},\"thumbnailUrl\":\"https:\\\/\\\/i0.wp.com\\\/www.fundacioires.org\\\/wp-content\\\/uploads\\\/ARA-I-SEMPRE_-Serveis-COVID-2.png?fit=1200%2C628&ssl=1\",\"articleSection\":[\"L'activitat d'IRES\"],\"inLanguage\":\"ca-ES\"},{\"@type\":\"WebPage\",\"@id\":\"https:\\\/\\\/www.fundacioires.org\\\/ca\\\/ara-i-sempre-promovem-la-inclusio-social\\\/\",\"url\":\"https:\\\/\\\/www.fundacioires.org\\\/ca\\\/ara-i-sempre-promovem-la-inclusio-social\\\/\",\"name\":\"Ara i sempre: Promovem la inclusi\u00f3 social - Fundaci\u00f3 IRES\",\"isPartOf\":{\"@id\":\"https:\\\/\\\/www.fundacioires.org\\\/#website\"},\"primaryImageOfPage\":{\"@id\":\"https:\\\/\\\/www.fundacioires.org\\\/ca\\\/ara-i-sempre-promovem-la-inclusio-social\\\/#primaryimage\"},\"image\":{\"@id\":\"https:\\\/\\\/www.fundacioires.org\\\/ca\\\/ara-i-sempre-promovem-la-inclusio-social\\\/#primaryimage\"},\"thumbnailUrl\":\"https:\\\/\\\/i0.wp.com\\\/www.fundacioires.org\\\/wp-content\\\/uploads\\\/ARA-I-SEMPRE_-Serveis-COVID-2.png?fit=1200%2C628&ssl=1\",\"datePublished\":\"2020-05-12T07:33:43+00:00\",\"dateModified\":\"2020-11-23T13:02:37+00:00\",\"breadcrumb\":{\"@id\":\"https:\\\/\\\/www.fundacioires.org\\\/ca\\\/ara-i-sempre-promovem-la-inclusio-social\\\/#breadcrumb\"},\"inLanguage\":\"ca-ES\",\"potentialAction\":[{\"@type\":\"ReadAction\",\"target\":[\"https:\\\/\\\/www.fundacioires.org\\\/ca\\\/ara-i-sempre-promovem-la-inclusio-social\\\/\"]}]},{\"@type\":\"ImageObject\",\"inLanguage\":\"ca-ES\",\"@id\":\"https:\\\/\\\/www.fundacioires.org\\\/ca\\\/ara-i-sempre-promovem-la-inclusio-social\\\/#primaryimage\",\"url\":\"https:\\\/\\\/i0.wp.com\\\/www.fundacioires.org\\\/wp-content\\\/uploads\\\/ARA-I-SEMPRE_-Serveis-COVID-2.png?fit=1200%2C628&ssl=1\",\"contentUrl\":\"https:\\\/\\\/i0.wp.com\\\/www.fundacioires.org\\\/wp-content\\\/uploads\\\/ARA-I-SEMPRE_-Serveis-COVID-2.png?fit=1200%2C628&ssl=1\",\"width\":1200,\"height\":628},{\"@type\":\"BreadcrumbList\",\"@id\":\"https:\\\/\\\/www.fundacioires.org\\\/ca\\\/ara-i-sempre-promovem-la-inclusio-social\\\/#breadcrumb\",\"itemListElement\":[{\"@type\":\"ListItem\",\"position\":1,\"name\":\"Portada\",\"item\":\"https:\\\/\\\/www.fundacioires.org\\\/\"},{\"@type\":\"ListItem\",\"position\":2,\"name\":\"Ara i sempre: Promovem la inclusi\u00f3 social\"}]},{\"@type\":\"WebSite\",\"@id\":\"https:\\\/\\\/www.fundacioires.org\\\/#website\",\"url\":\"https:\\\/\\\/www.fundacioires.org\\\/\",\"name\":\"Fundaci\u00f3 IRES\",\"description\":\"\",\"publisher\":{\"@id\":\"https:\\\/\\\/www.fundacioires.org\\\/#organization\"},\"potentialAction\":[{\"@type\":\"SearchAction\",\"target\":{\"@type\":\"EntryPoint\",\"urlTemplate\":\"https:\\\/\\\/www.fundacioires.org\\\/?s={search_term_string}\"},\"query-input\":{\"@type\":\"PropertyValueSpecification\",\"valueRequired\":true,\"valueName\":\"search_term_string\"}}],\"inLanguage\":\"ca-ES\"},{\"@type\":\"Organization\",\"@id\":\"https:\\\/\\\/www.fundacioires.org\\\/#organization\",\"name\":\"Fundanci\u00f3n IRES\",\"url\":\"https:\\\/\\\/www.fundacioires.org\\\/\",\"logo\":{\"@type\":\"ImageObject\",\"inLanguage\":\"ca-ES\",\"@id\":\"https:\\\/\\\/www.fundacioires.org\\\/#\\\/schema\\\/logo\\\/image\\\/\",\"url\":\"https:\\\/\\\/i0.wp.com\\\/www.fundacioires.org\\\/wp-content\\\/uploads\\\/faviconIRES.png?fit=32%2C32&ssl=1\",\"contentUrl\":\"https:\\\/\\\/i0.wp.com\\\/www.fundacioires.org\\\/wp-content\\\/uploads\\\/faviconIRES.png?fit=32%2C32&ssl=1\",\"width\":32,\"height\":32,\"caption\":\"Fundanci\u00f3n IRES\"},\"image\":{\"@id\":\"https:\\\/\\\/www.fundacioires.org\\\/#\\\/schema\\\/logo\\\/image\\\/\"}},{\"@type\":\"Person\",\"@id\":\"https:\\\/\\\/www.fundacioires.org\\\/#\\\/schema\\\/person\\\/160af843c565221ef4664a5c7000791c\",\"name\":\"Fundaci\u00f3 IRES\"}]}<\/script>\n<!-- \/ Yoast SEO plugin. -->","yoast_head_json":{"title":"Ara i sempre: Promovem la inclusi\u00f3 social - Fundaci\u00f3 IRES","robots":{"index":"index","follow":"follow","max-snippet":"max-snippet:-1","max-image-preview":"max-image-preview:large","max-video-preview":"max-video-preview:-1"},"canonical":"https:\/\/www.fundacioires.org\/ca\/ara-i-sempre-promovem-la-inclusio-social\/","og_locale":"ca_ES","og_type":"article","og_title":"Ara i sempre: Promovem la inclusi\u00f3 social - Fundaci\u00f3 IRES","og_description":"Els equips d\u2019IRES treballem per a garantir que les persones en situaci\u00f3 de vulnerabilitat continu\u00efn construint el seu cam\u00ed i millorant la seva situaci\u00f3 social i laboral.","og_url":"https:\/\/www.fundacioires.org\/ca\/ara-i-sempre-promovem-la-inclusio-social\/","og_site_name":"Fundaci\u00f3 IRES","article_published_time":"2020-05-12T07:33:43+00:00","article_modified_time":"2020-11-23T13:02:37+00:00","og_image":[{"width":1200,"height":628,"url":"https:\/\/i1.wp.com\/www.fundacioires.org\/wp-content\/uploads\/ARA-I-SEMPRE_-Serveis-COVID-2.png?fit=1200%2C628&ssl=1","type":"image\/png"}],"author":"Fundaci\u00f3 IRES","twitter_card":"summary_large_image","twitter_misc":{"Written by":"Fundaci\u00f3 IRES","Est. reading time":"6 minutes"},"schema":{"@context":"https:\/\/schema.org","@graph":[{"@type":"Article","@id":"https:\/\/www.fundacioires.org\/ca\/ara-i-sempre-promovem-la-inclusio-social\/#article","isPartOf":{"@id":"https:\/\/www.fundacioires.org\/ca\/ara-i-sempre-promovem-la-inclusio-social\/"},"author":{"name":"Fundaci\u00f3 IRES","@id":"https:\/\/www.fundacioires.org\/#\/schema\/person\/160af843c565221ef4664a5c7000791c"},"headline":"Ara i sempre: Promovem la inclusi\u00f3 social","datePublished":"2020-05-12T07:33:43+00:00","dateModified":"2020-11-23T13:02:37+00:00","mainEntityOfPage":{"@id":"https:\/\/www.fundacioires.org\/ca\/ara-i-sempre-promovem-la-inclusio-social\/"},"wordCount":1170,"publisher":{"@id":"https:\/\/www.fundacioires.org\/#organization"},"image":{"@id":"https:\/\/www.fundacioires.org\/ca\/ara-i-sempre-promovem-la-inclusio-social\/#primaryimage"},"thumbnailUrl":"https:\/\/i0.wp.com\/www.fundacioires.org\/wp-content\/uploads\/ARA-I-SEMPRE_-Serveis-COVID-2.png?fit=1200%2C628&ssl=1","articleSection":["L'activitat d'IRES"],"inLanguage":"ca-ES"},{"@type":"WebPage","@id":"https:\/\/www.fundacioires.org\/ca\/ara-i-sempre-promovem-la-inclusio-social\/","url":"https:\/\/www.fundacioires.org\/ca\/ara-i-sempre-promovem-la-inclusio-social\/","name":"Ara i sempre: Promovem la inclusi\u00f3 social - Fundaci\u00f3 IRES","isPartOf":{"@id":"https:\/\/www.fundacioires.org\/#website"},"primaryImageOfPage":{"@id":"https:\/\/www.fundacioires.org\/ca\/ara-i-sempre-promovem-la-inclusio-social\/#primaryimage"},"image":{"@id":"https:\/\/www.fundacioires.org\/ca\/ara-i-sempre-promovem-la-inclusio-social\/#primaryimage"},"thumbnailUrl":"https:\/\/i0.wp.com\/www.fundacioires.org\/wp-content\/uploads\/ARA-I-SEMPRE_-Serveis-COVID-2.png?fit=1200%2C628&ssl=1","datePublished":"2020-05-12T07:33:43+00:00","dateModified":"2020-11-23T13:02:37+00:00","breadcrumb":{"@id":"https:\/\/www.fundacioires.org\/ca\/ara-i-sempre-promovem-la-inclusio-social\/#breadcrumb"},"inLanguage":"ca-ES","potentialAction":[{"@type":"ReadAction","target":["https:\/\/www.fundacioires.org\/ca\/ara-i-sempre-promovem-la-inclusio-social\/"]}]},{"@type":"ImageObject","inLanguage":"ca-ES","@id":"https:\/\/www.fundacioires.org\/ca\/ara-i-sempre-promovem-la-inclusio-social\/#primaryimage","url":"https:\/\/i0.wp.com\/www.fundacioires.org\/wp-content\/uploads\/ARA-I-SEMPRE_-Serveis-COVID-2.png?fit=1200%2C628&ssl=1","contentUrl":"https:\/\/i0.wp.com\/www.fundacioires.org\/wp-content\/uploads\/ARA-I-SEMPRE_-Serveis-COVID-2.png?fit=1200%2C628&ssl=1","width":1200,"height":628},{"@type":"BreadcrumbList","@id":"https:\/\/www.fundacioires.org\/ca\/ara-i-sempre-promovem-la-inclusio-social\/#breadcrumb","itemListElement":[{"@type":"ListItem","position":1,"name":"Portada","item":"https:\/\/www.fundacioires.org\/"},{"@type":"ListItem","position":2,"name":"Ara i sempre: Promovem la inclusi\u00f3 social"}]},{"@type":"WebSite","@id":"https:\/\/www.fundacioires.org\/#website","url":"https:\/\/www.fundacioires.org\/","name":"Fundaci\u00f3 IRES","description":"","publisher":{"@id":"https:\/\/www.fundacioires.org\/#organization"},"potentialAction":[{"@type":"SearchAction","target":{"@type":"EntryPoint","urlTemplate":"https:\/\/www.fundacioires.org\/?s={search_term_string}"},"query-input":{"@type":"PropertyValueSpecification","valueRequired":true,"valueName":"search_term_string"}}],"inLanguage":"ca-ES"},{"@type":"Organization","@id":"https:\/\/www.fundacioires.org\/#organization","name":"Fundanci\u00f3n IRES","url":"https:\/\/www.fundacioires.org\/","logo":{"@type":"ImageObject","inLanguage":"ca-ES","@id":"https:\/\/www.fundacioires.org\/#\/schema\/logo\/image\/","url":"https:\/\/i0.wp.com\/www.fundacioires.org\/wp-content\/uploads\/faviconIRES.png?fit=32%2C32&ssl=1","contentUrl":"https:\/\/i0.wp.com\/www.fundacioires.org\/wp-content\/uploads\/faviconIRES.png?fit=32%2C32&ssl=1","width":32,"height":32,"caption":"Fundanci\u00f3n IRES"},"image":{"@id":"https:\/\/www.fundacioires.org\/#\/schema\/logo\/image\/"}},{"@type":"Person","@id":"https:\/\/www.fundacioires.org\/#\/schema\/person\/160af843c565221ef4664a5c7000791c","name":"Fundaci\u00f3 IRES"}]}},"jetpack_featured_media_url":"https:\/\/i0.wp.com\/www.fundacioires.org\/wp-content\/uploads\/ARA-I-SEMPRE_-Serveis-COVID-2.png?fit=1200%2C628&ssl=1","jetpack_sharing_enabled":true,"_links":{"self":[{"href":"https:\/\/www.fundacioires.org\/ca\/wp-json\/wp\/v2\/posts\/21979","targetHints":{"allow":["GET"]}}],"collection":[{"href":"https:\/\/www.fundacioires.org\/ca\/wp-json\/wp\/v2\/posts"}],"about":[{"href":"https:\/\/www.fundacioires.org\/ca\/wp-json\/wp\/v2\/types\/post"}],"author":[{"embeddable":true,"href":"https:\/\/www.fundacioires.org\/ca\/wp-json\/wp\/v2\/users\/7"}],"replies":[{"embeddable":true,"href":"https:\/\/www.fundacioires.org\/ca\/wp-json\/wp\/v2\/comments?post=21979"}],"version-history":[{"count":5,"href":"https:\/\/www.fundacioires.org\/ca\/wp-json\/wp\/v2\/posts\/21979\/revisions"}],"predecessor-version":[{"id":26613,"href":"https:\/\/www.fundacioires.org\/ca\/wp-json\/wp\/v2\/posts\/21979\/revisions\/26613"}],"wp:featuredmedia":[{"embeddable":true,"href":"https:\/\/www.fundacioires.org\/ca\/wp-json\/wp\/v2\/media\/22022"}],"wp:attachment":[{"href":"https:\/\/www.fundacioires.org\/ca\/wp-json\/wp\/v2\/media?parent=21979"}],"wp:term":[{"taxonomy":"category","embeddable":true,"href":"https:\/\/www.fundacioires.org\/ca\/wp-json\/wp\/v2\/categories?post=21979"},{"taxonomy":"post_tag","embeddable":true,"href":"https:\/\/www.fundacioires.org\/ca\/wp-json\/wp\/v2\/tags?post=21979"}],"curies":[{"name":"wp","href":"https:\/\/api.w.org\/{rel}","templated":true}]}}