{"id":22590,"date":"2020-06-11T19:42:53","date_gmt":"2020-06-11T17:42:53","guid":{"rendered":"https:\/\/www.fundacioires.org\/?p=22590"},"modified":"2020-06-11T19:42:56","modified_gmt":"2020-06-11T17:42:56","slug":"algunes-conclusions-sobre-lingres-minim-vital","status":"publish","type":"post","link":"https:\/\/www.fundacioires.org\/ca\/algunes-conclusions-sobre-lingres-minim-vital\/","title":{"rendered":"Algunes conclusions sobre l&#8217;Ingr\u00e9s M\u00ednim Vital"},"content":{"rendered":"\n<p>Des d&#8217;aquest servei, professionals com l&#8217;Ivan atenen a persones en situacions d&#8217;exclusi\u00f3 social, perqu\u00e8 puguin iniciar i consolidar itineraris d&#8217;inclusi\u00f3 social, dotant-les de recursos i eines personals, ocupacionals, socials i comunit\u00e0ries.  Ara, davant l&#8217;entrada en vigor del decret llei del BOE, cal tenir en compte quines s\u00f3n les seves fortaleses i debilitats, per tal d&#8217;oferir el millor assessorament en els nostres serveis i usu\u00e0ries\/is. <\/p>\n\n\n\n<table class=\"wp-block-table\"><tbody><tr><td>\n  <strong>Quins s\u00f3n els principals requisits?&nbsp;Amb quines\n  prestacions \u00e9s compatible?&nbsp;A quines persones deixa fora?&nbsp;Com afecta\n  les persones que atenem?&nbsp;De quines quanties estem parlant?&nbsp;Com es\n  fa la sol\u00b7licitud?<\/strong>\n  <\/td><\/tr><\/tbody><\/table>\n\n\n\n<div class=\"wp-block-button aligncenter is-style-squared\"><a class=\"wp-block-button__link has-text-color has-background\" href=\"https:\/\/wp.me\/aaPoVn-5St\" style=\"background-color:#1cab89;color:#ffffff\">Consulta el document d&#8217;an\u00e0lisi<\/a><\/div>\n\n\n\n<p>Tamb\u00e9 podreu informar-vos amb el seminari online de la Xarxa EAPN: <\/p>\n\n\n\n<figure class=\"wp-block-embed-youtube wp-block-embed is-type-video is-provider-youtube wp-embed-aspect-16-9 wp-has-aspect-ratio\"><div class=\"wp-block-embed__wrapper\">\n<iframe loading=\"lazy\" title=\"Seminario Online sobre el Ingreso M\u00ednimo Vital - 1 de junio de 2020\" width=\"500\" height=\"281\" src=\"https:\/\/www.youtube.com\/embed\/uZIh7DenlDQ?feature=oembed\" frameborder=\"0\" allow=\"accelerometer; autoplay; clipboard-write; encrypted-media; gyroscope; picture-in-picture; web-share\" referrerpolicy=\"strict-origin-when-cross-origin\" allowfullscreen><\/iframe>\n<\/div><\/figure>\n","protected":false},"excerpt":{"rendered":"<p>L&#8217;equip del programa Trobem-nos analitza els pros i els contres de la nova prestaci\u00f3 del Govern<\/p>\n","protected":false},"author":7,"featured_media":22593,"comment_status":"closed","ping_status":"open","sticky":false,"template":"","format":"standard","meta":{"_jetpack_memberships_contains_paid_content":false,"footnotes":""},"categories":[19],"tags":[],"class_list":["post-22590","post","type-post","status-publish","format-standard","has-post-thumbnail","hentry","category-ires-blog"],"yoast_head":"<!-- This site is optimized with the Yoast SEO plugin v27.4 - https:\/\/yoast.com\/product\/yoast-seo-wordpress\/ -->\n<title>Algunes conclusions sobre l&#039;Ingr\u00e9s M\u00ednim Vital - Fundaci\u00f3 IRES<\/title>\n<meta name=\"robots\" content=\"index, follow, max-snippet:-1, max-image-preview:large, max-video-preview:-1\" \/>\n<link rel=\"canonical\" href=\"https:\/\/www.fundacioires.org\/ca\/algunes-conclusions-sobre-lingres-minim-vital\/\" \/>\n<meta property=\"og:locale\" content=\"ca_ES\" \/>\n<meta property=\"og:type\" content=\"article\" \/>\n<meta property=\"og:title\" content=\"Algunes conclusions sobre l&#039;Ingr\u00e9s M\u00ednim Vital - Fundaci\u00f3 IRES\" \/>\n<meta property=\"og:description\" content=\"L&#039;equip del programa Trobem-nos analitza els pros i els contres de la nova prestaci\u00f3 del Govern\" \/>\n<meta property=\"og:url\" content=\"https:\/\/www.fundacioires.org\/ca\/algunes-conclusions-sobre-lingres-minim-vital\/\" \/>\n<meta property=\"og:site_name\" content=\"Fundaci\u00f3 IRES\" \/>\n<meta property=\"article:published_time\" content=\"2020-06-11T17:42:53+00:00\" \/>\n<meta property=\"article:modified_time\" content=\"2020-06-11T17:42:56+00:00\" \/>\n<meta property=\"og:image\" content=\"https:\/\/i0.wp.com\/www.fundacioires.org\/wp-content\/uploads\/PL_WEN-JUNY-2020_NOTIS-2.png?fit=1200%2C628&ssl=1\" \/>\n\t<meta property=\"og:image:width\" content=\"1200\" \/>\n\t<meta property=\"og:image:height\" content=\"628\" \/>\n\t<meta property=\"og:image:type\" content=\"image\/png\" \/>\n<meta name=\"author\" content=\"Fundaci\u00f3 IRES\" \/>\n<meta name=\"twitter:card\" content=\"summary_large_image\" \/>\n<meta name=\"twitter:label1\" content=\"Written by\" \/>\n\t<meta name=\"twitter:data1\" content=\"Fundaci\u00f3 IRES\" \/>\n\t<meta name=\"twitter:label2\" content=\"Est. reading time\" \/>\n\t<meta name=\"twitter:data2\" content=\"1 minute\" \/>\n<script type=\"application\/ld+json\" class=\"yoast-schema-graph\">{\"@context\":\"https:\\\/\\\/schema.org\",\"@graph\":[{\"@type\":\"Article\",\"@id\":\"https:\\\/\\\/www.fundacioires.org\\\/ca\\\/algunes-conclusions-sobre-lingres-minim-vital\\\/#article\",\"isPartOf\":{\"@id\":\"https:\\\/\\\/www.fundacioires.org\\\/ca\\\/algunes-conclusions-sobre-lingres-minim-vital\\\/\"},\"author\":{\"name\":\"Fundaci\u00f3 IRES\",\"@id\":\"https:\\\/\\\/www.fundacioires.org\\\/#\\\/schema\\\/person\\\/160af843c565221ef4664a5c7000791c\"},\"headline\":\"Algunes conclusions sobre l&#8217;Ingr\u00e9s M\u00ednim Vital\",\"datePublished\":\"2020-06-11T17:42:53+00:00\",\"dateModified\":\"2020-06-11T17:42:56+00:00\",\"mainEntityOfPage\":{\"@id\":\"https:\\\/\\\/www.fundacioires.org\\\/ca\\\/algunes-conclusions-sobre-lingres-minim-vital\\\/\"},\"wordCount\":143,\"publisher\":{\"@id\":\"https:\\\/\\\/www.fundacioires.org\\\/#organization\"},\"image\":{\"@id\":\"https:\\\/\\\/www.fundacioires.org\\\/ca\\\/algunes-conclusions-sobre-lingres-minim-vital\\\/#primaryimage\"},\"thumbnailUrl\":\"https:\\\/\\\/i0.wp.com\\\/www.fundacioires.org\\\/wp-content\\\/uploads\\\/PL_WEN-JUNY-2020_NOTIS-2.png?fit=1200%2C628&ssl=1\",\"articleSection\":[\"IRES-Blog\"],\"inLanguage\":\"ca-ES\"},{\"@type\":\"WebPage\",\"@id\":\"https:\\\/\\\/www.fundacioires.org\\\/ca\\\/algunes-conclusions-sobre-lingres-minim-vital\\\/\",\"url\":\"https:\\\/\\\/www.fundacioires.org\\\/ca\\\/algunes-conclusions-sobre-lingres-minim-vital\\\/\",\"name\":\"Algunes conclusions sobre l'Ingr\u00e9s M\u00ednim Vital - Fundaci\u00f3 IRES\",\"isPartOf\":{\"@id\":\"https:\\\/\\\/www.fundacioires.org\\\/#website\"},\"primaryImageOfPage\":{\"@id\":\"https:\\\/\\\/www.fundacioires.org\\\/ca\\\/algunes-conclusions-sobre-lingres-minim-vital\\\/#primaryimage\"},\"image\":{\"@id\":\"https:\\\/\\\/www.fundacioires.org\\\/ca\\\/algunes-conclusions-sobre-lingres-minim-vital\\\/#primaryimage\"},\"thumbnailUrl\":\"https:\\\/\\\/i0.wp.com\\\/www.fundacioires.org\\\/wp-content\\\/uploads\\\/PL_WEN-JUNY-2020_NOTIS-2.png?fit=1200%2C628&ssl=1\",\"datePublished\":\"2020-06-11T17:42:53+00:00\",\"dateModified\":\"2020-06-11T17:42:56+00:00\",\"breadcrumb\":{\"@id\":\"https:\\\/\\\/www.fundacioires.org\\\/ca\\\/algunes-conclusions-sobre-lingres-minim-vital\\\/#breadcrumb\"},\"inLanguage\":\"ca-ES\",\"potentialAction\":[{\"@type\":\"ReadAction\",\"target\":[\"https:\\\/\\\/www.fundacioires.org\\\/ca\\\/algunes-conclusions-sobre-lingres-minim-vital\\\/\"]}]},{\"@type\":\"ImageObject\",\"inLanguage\":\"ca-ES\",\"@id\":\"https:\\\/\\\/www.fundacioires.org\\\/ca\\\/algunes-conclusions-sobre-lingres-minim-vital\\\/#primaryimage\",\"url\":\"https:\\\/\\\/i0.wp.com\\\/www.fundacioires.org\\\/wp-content\\\/uploads\\\/PL_WEN-JUNY-2020_NOTIS-2.png?fit=1200%2C628&ssl=1\",\"contentUrl\":\"https:\\\/\\\/i0.wp.com\\\/www.fundacioires.org\\\/wp-content\\\/uploads\\\/PL_WEN-JUNY-2020_NOTIS-2.png?fit=1200%2C628&ssl=1\",\"width\":1200,\"height\":628,\"caption\":\"Il\u00b7lustraci\u00f3 sobre l'Ingr\u00e9s M\u00ednim Vital\"},{\"@type\":\"BreadcrumbList\",\"@id\":\"https:\\\/\\\/www.fundacioires.org\\\/ca\\\/algunes-conclusions-sobre-lingres-minim-vital\\\/#breadcrumb\",\"itemListElement\":[{\"@type\":\"ListItem\",\"position\":1,\"name\":\"Portada\",\"item\":\"https:\\\/\\\/www.fundacioires.org\\\/\"},{\"@type\":\"ListItem\",\"position\":2,\"name\":\"Algunes conclusions sobre l&#8217;Ingr\u00e9s M\u00ednim Vital\"}]},{\"@type\":\"WebSite\",\"@id\":\"https:\\\/\\\/www.fundacioires.org\\\/#website\",\"url\":\"https:\\\/\\\/www.fundacioires.org\\\/\",\"name\":\"Fundaci\u00f3 IRES\",\"description\":\"\",\"publisher\":{\"@id\":\"https:\\\/\\\/www.fundacioires.org\\\/#organization\"},\"potentialAction\":[{\"@type\":\"SearchAction\",\"target\":{\"@type\":\"EntryPoint\",\"urlTemplate\":\"https:\\\/\\\/www.fundacioires.org\\\/?s={search_term_string}\"},\"query-input\":{\"@type\":\"PropertyValueSpecification\",\"valueRequired\":true,\"valueName\":\"search_term_string\"}}],\"inLanguage\":\"ca-ES\"},{\"@type\":\"Organization\",\"@id\":\"https:\\\/\\\/www.fundacioires.org\\\/#organization\",\"name\":\"Fundanci\u00f3n IRES\",\"url\":\"https:\\\/\\\/www.fundacioires.org\\\/\",\"logo\":{\"@type\":\"ImageObject\",\"inLanguage\":\"ca-ES\",\"@id\":\"https:\\\/\\\/www.fundacioires.org\\\/#\\\/schema\\\/logo\\\/image\\\/\",\"url\":\"https:\\\/\\\/i0.wp.com\\\/www.fundacioires.org\\\/wp-content\\\/uploads\\\/faviconIRES.png?fit=32%2C32&ssl=1\",\"contentUrl\":\"https:\\\/\\\/i0.wp.com\\\/www.fundacioires.org\\\/wp-content\\\/uploads\\\/faviconIRES.png?fit=32%2C32&ssl=1\",\"width\":32,\"height\":32,\"caption\":\"Fundanci\u00f3n IRES\"},\"image\":{\"@id\":\"https:\\\/\\\/www.fundacioires.org\\\/#\\\/schema\\\/logo\\\/image\\\/\"}},{\"@type\":\"Person\",\"@id\":\"https:\\\/\\\/www.fundacioires.org\\\/#\\\/schema\\\/person\\\/160af843c565221ef4664a5c7000791c\",\"name\":\"Fundaci\u00f3 IRES\"}]}<\/script>\n<!-- \/ Yoast SEO plugin. -->","yoast_head_json":{"title":"Algunes conclusions sobre l'Ingr\u00e9s M\u00ednim Vital - Fundaci\u00f3 IRES","robots":{"index":"index","follow":"follow","max-snippet":"max-snippet:-1","max-image-preview":"max-image-preview:large","max-video-preview":"max-video-preview:-1"},"canonical":"https:\/\/www.fundacioires.org\/ca\/algunes-conclusions-sobre-lingres-minim-vital\/","og_locale":"ca_ES","og_type":"article","og_title":"Algunes conclusions sobre l'Ingr\u00e9s M\u00ednim Vital - Fundaci\u00f3 IRES","og_description":"L'equip del programa Trobem-nos analitza els pros i els contres de la nova prestaci\u00f3 del Govern","og_url":"https:\/\/www.fundacioires.org\/ca\/algunes-conclusions-sobre-lingres-minim-vital\/","og_site_name":"Fundaci\u00f3 IRES","article_published_time":"2020-06-11T17:42:53+00:00","article_modified_time":"2020-06-11T17:42:56+00:00","og_image":[{"width":1200,"height":628,"url":"https:\/\/i0.wp.com\/www.fundacioires.org\/wp-content\/uploads\/PL_WEN-JUNY-2020_NOTIS-2.png?fit=1200%2C628&ssl=1","type":"image\/png"}],"author":"Fundaci\u00f3 IRES","twitter_card":"summary_large_image","twitter_misc":{"Written by":"Fundaci\u00f3 IRES","Est. reading time":"1 minute"},"schema":{"@context":"https:\/\/schema.org","@graph":[{"@type":"Article","@id":"https:\/\/www.fundacioires.org\/ca\/algunes-conclusions-sobre-lingres-minim-vital\/#article","isPartOf":{"@id":"https:\/\/www.fundacioires.org\/ca\/algunes-conclusions-sobre-lingres-minim-vital\/"},"author":{"name":"Fundaci\u00f3 IRES","@id":"https:\/\/www.fundacioires.org\/#\/schema\/person\/160af843c565221ef4664a5c7000791c"},"headline":"Algunes conclusions sobre l&#8217;Ingr\u00e9s M\u00ednim Vital","datePublished":"2020-06-11T17:42:53+00:00","dateModified":"2020-06-11T17:42:56+00:00","mainEntityOfPage":{"@id":"https:\/\/www.fundacioires.org\/ca\/algunes-conclusions-sobre-lingres-minim-vital\/"},"wordCount":143,"publisher":{"@id":"https:\/\/www.fundacioires.org\/#organization"},"image":{"@id":"https:\/\/www.fundacioires.org\/ca\/algunes-conclusions-sobre-lingres-minim-vital\/#primaryimage"},"thumbnailUrl":"https:\/\/i0.wp.com\/www.fundacioires.org\/wp-content\/uploads\/PL_WEN-JUNY-2020_NOTIS-2.png?fit=1200%2C628&ssl=1","articleSection":["IRES-Blog"],"inLanguage":"ca-ES"},{"@type":"WebPage","@id":"https:\/\/www.fundacioires.org\/ca\/algunes-conclusions-sobre-lingres-minim-vital\/","url":"https:\/\/www.fundacioires.org\/ca\/algunes-conclusions-sobre-lingres-minim-vital\/","name":"Algunes conclusions sobre l'Ingr\u00e9s M\u00ednim Vital - Fundaci\u00f3 IRES","isPartOf":{"@id":"https:\/\/www.fundacioires.org\/#website"},"primaryImageOfPage":{"@id":"https:\/\/www.fundacioires.org\/ca\/algunes-conclusions-sobre-lingres-minim-vital\/#primaryimage"},"image":{"@id":"https:\/\/www.fundacioires.org\/ca\/algunes-conclusions-sobre-lingres-minim-vital\/#primaryimage"},"thumbnailUrl":"https:\/\/i0.wp.com\/www.fundacioires.org\/wp-content\/uploads\/PL_WEN-JUNY-2020_NOTIS-2.png?fit=1200%2C628&ssl=1","datePublished":"2020-06-11T17:42:53+00:00","dateModified":"2020-06-11T17:42:56+00:00","breadcrumb":{"@id":"https:\/\/www.fundacioires.org\/ca\/algunes-conclusions-sobre-lingres-minim-vital\/#breadcrumb"},"inLanguage":"ca-ES","potentialAction":[{"@type":"ReadAction","target":["https:\/\/www.fundacioires.org\/ca\/algunes-conclusions-sobre-lingres-minim-vital\/"]}]},{"@type":"ImageObject","inLanguage":"ca-ES","@id":"https:\/\/www.fundacioires.org\/ca\/algunes-conclusions-sobre-lingres-minim-vital\/#primaryimage","url":"https:\/\/i0.wp.com\/www.fundacioires.org\/wp-content\/uploads\/PL_WEN-JUNY-2020_NOTIS-2.png?fit=1200%2C628&ssl=1","contentUrl":"https:\/\/i0.wp.com\/www.fundacioires.org\/wp-content\/uploads\/PL_WEN-JUNY-2020_NOTIS-2.png?fit=1200%2C628&ssl=1","width":1200,"height":628,"caption":"Il\u00b7lustraci\u00f3 sobre l'Ingr\u00e9s M\u00ednim Vital"},{"@type":"BreadcrumbList","@id":"https:\/\/www.fundacioires.org\/ca\/algunes-conclusions-sobre-lingres-minim-vital\/#breadcrumb","itemListElement":[{"@type":"ListItem","position":1,"name":"Portada","item":"https:\/\/www.fundacioires.org\/"},{"@type":"ListItem","position":2,"name":"Algunes conclusions sobre l&#8217;Ingr\u00e9s M\u00ednim Vital"}]},{"@type":"WebSite","@id":"https:\/\/www.fundacioires.org\/#website","url":"https:\/\/www.fundacioires.org\/","name":"Fundaci\u00f3 IRES","description":"","publisher":{"@id":"https:\/\/www.fundacioires.org\/#organization"},"potentialAction":[{"@type":"SearchAction","target":{"@type":"EntryPoint","urlTemplate":"https:\/\/www.fundacioires.org\/?s={search_term_string}"},"query-input":{"@type":"PropertyValueSpecification","valueRequired":true,"valueName":"search_term_string"}}],"inLanguage":"ca-ES"},{"@type":"Organization","@id":"https:\/\/www.fundacioires.org\/#organization","name":"Fundanci\u00f3n IRES","url":"https:\/\/www.fundacioires.org\/","logo":{"@type":"ImageObject","inLanguage":"ca-ES","@id":"https:\/\/www.fundacioires.org\/#\/schema\/logo\/image\/","url":"https:\/\/i0.wp.com\/www.fundacioires.org\/wp-content\/uploads\/faviconIRES.png?fit=32%2C32&ssl=1","contentUrl":"https:\/\/i0.wp.com\/www.fundacioires.org\/wp-content\/uploads\/faviconIRES.png?fit=32%2C32&ssl=1","width":32,"height":32,"caption":"Fundanci\u00f3n IRES"},"image":{"@id":"https:\/\/www.fundacioires.org\/#\/schema\/logo\/image\/"}},{"@type":"Person","@id":"https:\/\/www.fundacioires.org\/#\/schema\/person\/160af843c565221ef4664a5c7000791c","name":"Fundaci\u00f3 IRES"}]}},"jetpack_featured_media_url":"https:\/\/i0.wp.com\/www.fundacioires.org\/wp-content\/uploads\/PL_WEN-JUNY-2020_NOTIS-2.png?fit=1200%2C628&ssl=1","jetpack_sharing_enabled":true,"_links":{"self":[{"href":"https:\/\/www.fundacioires.org\/ca\/wp-json\/wp\/v2\/posts\/22590","targetHints":{"allow":["GET"]}}],"collection":[{"href":"https:\/\/www.fundacioires.org\/ca\/wp-json\/wp\/v2\/posts"}],"about":[{"href":"https:\/\/www.fundacioires.org\/ca\/wp-json\/wp\/v2\/types\/post"}],"author":[{"embeddable":true,"href":"https:\/\/www.fundacioires.org\/ca\/wp-json\/wp\/v2\/users\/7"}],"replies":[{"embeddable":true,"href":"https:\/\/www.fundacioires.org\/ca\/wp-json\/wp\/v2\/comments?post=22590"}],"version-history":[{"count":3,"href":"https:\/\/www.fundacioires.org\/ca\/wp-json\/wp\/v2\/posts\/22590\/revisions"}],"predecessor-version":[{"id":22600,"href":"https:\/\/www.fundacioires.org\/ca\/wp-json\/wp\/v2\/posts\/22590\/revisions\/22600"}],"wp:featuredmedia":[{"embeddable":true,"href":"https:\/\/www.fundacioires.org\/ca\/wp-json\/wp\/v2\/media\/22593"}],"wp:attachment":[{"href":"https:\/\/www.fundacioires.org\/ca\/wp-json\/wp\/v2\/media?parent=22590"}],"wp:term":[{"taxonomy":"category","embeddable":true,"href":"https:\/\/www.fundacioires.org\/ca\/wp-json\/wp\/v2\/categories?post=22590"},{"taxonomy":"post_tag","embeddable":true,"href":"https:\/\/www.fundacioires.org\/ca\/wp-json\/wp\/v2\/tags?post=22590"}],"curies":[{"name":"wp","href":"https:\/\/api.w.org\/{rel}","templated":true}]}}