{"id":22651,"date":"2020-06-17T13:30:14","date_gmt":"2020-06-17T11:30:14","guid":{"rendered":"https:\/\/www.fundacioires.org\/?p=22651"},"modified":"2020-06-19T09:11:02","modified_gmt":"2020-06-19T07:11:02","slug":"ires-suneix-a-la-declaracio-de-la-taula-de-ciutadania-i-immigracio-en-defensa-de-la-regularitzacio-de-totes-les-persones-que-viuen-a-catalunya","status":"publish","type":"post","link":"https:\/\/www.fundacioires.org\/ca\/ires-suneix-a-la-declaracio-de-la-taula-de-ciutadania-i-immigracio-en-defensa-de-la-regularitzacio-de-totes-les-persones-que-viuen-a-catalunya\/","title":{"rendered":"IRES s\u2019uneix a la declaraci\u00f3 en defensa de la regularitzaci\u00f3 de totes les persones que viuen a Catalunya"},"content":{"rendered":"\n<p class=\"has-text-color has-very-dark-gray-color\">Deien que la COVID afectava a tothom per igual, per\u00f2 sembla que el virus hagi vingut a evidenciar les costures d\u2019un sistema que se sustenta amb la desigualtat i la precaritzaci\u00f3 de l\u2019exist\u00e8ncia. Els indicadors ja fan preveure que <strong>la crisi sanit\u00e0ria anir\u00e0 seguida d\u2019una greu crisi econ\u00f2mica i social que ens afecta a tots i totes, per\u00f2 no a tots i totes per igual.<\/strong><\/p>\n\n\n\n<p class=\"has-text-color has-very-dark-gray-color\"> A les persones que transiten situacions de vulnerabilitat se&#8217;ls hi afegeixen dificultats extraordin\u00e0ries i, en especial, les persones migrades. Moltes, amb contractacions temporals; d\u2019altres, han entrat en un ERTO que ha afegit m\u00e9s incertesa a les seves vides. Aix\u00f2 no obstant, les conseq\u00fc\u00e8ncies s\u00f3n especialment greus per a les persones estrangeres que es troben sense autoritzaci\u00f3 administrativa, ja que es troben fora de l\u2019abast de les prestacions extraordin\u00e0ries aprovades pel Govern de l\u2019Estat espanyol amb motiu de la crisi sanit\u00e0ria.&nbsp;<\/p>\n\n\n\n<p class=\"has-text-color has-very-dark-gray-color\"> Les persones migrades en general, i les que es troben en una <strong>situaci\u00f3 d\u2019irregularitat administrativa<\/strong> en particular, <strong>no poden exercir els drets i deures que tenen la resta de la ciutadania<\/strong>. Aquest reconeixement \u00e9s tan necessari com urgent, si volem sortir d\u2019aquesta crisi sense deixar enrere la igualtat i la just\u00edcia social. Totes les persones que viuen a Catalunya i\/o tinguin edat de treballar, han de tenir acc\u00e9s a les autoritzacions pertinents per tal de viure amb dignitat i igualtat amb la resta de conciutadans\/es. <\/p>\n\n\n\n<p class=\"has-text-color has-very-dark-gray-color\">Aquesta regularitzaci\u00f3 no nom\u00e9s es tracta d\u2019un gest humanitari, un deure davant la construcci\u00f3 d\u2019una societat m\u00e9s justa en aquest nou cap\u00edtol que comen\u00e7a despr\u00e9s de la pand\u00e8mia, sin\u00f3 que suposa un impuls de l\u2019activitat econ\u00f2mica -contr\u00e0ria a la l\u00f2gica fal\u00b7la\u00e7 de la compet\u00e8ncia pels recursos i la tensi\u00f3 social-. Hem de deixar treballar i pagar impostos a tothom que tingui la capacitat de fer-ho, eliminant barreres jur\u00eddiques i administratives.<strong> Tots i totes tenim clar que volem sortir de la crisi, per\u00f2 s\u2019esdev\u00e9 imperatiu fer-ho amb solidaritat, reconeixement mutu i l\u2019empatia de no deixar a ning\u00fa enrere, sobretot si volem construir una realitat social millor de la que hem conegut fins ara.<\/strong><\/p>\n\n\n\n<div class=\"wp-block-button aligncenter\"><a class=\"wp-block-button__link has-text-color has-background\" href=\"https:\/\/www.fundacioires.org\/wp-content\/uploads\/2020-05-06-declaracio-tci-def_cat.pdf\" style=\"background-color:#1cab8b;color:#ffffff\"><strong>Llegeix el manifest!<\/strong><\/a><\/div>\n\n\n\n<p style=\"text-align:center\"><em>Vols veure el document d&#8217;adhesi\u00f3 al manifest? <strong><a href=\"https:\/\/www.fundacioires.org\/wp-content\/uploads\/20200612_Carta_Suport_Adhesio_Dp_TASF.pdf\">Fes click aqu\u00ed!<\/a><\/strong><\/em><\/p>\n","protected":false},"excerpt":{"rendered":"<p>Aquest manifest de la Taula de Ciutadania i Immigraci\u00f3 interpel\u00b7la a les institucions, entitats i agents socials amb el doble objectiu de garantir la plena ciutadania i conscienciar a la poblaci\u00f3 catalana de la necessitat de comptar amb la contribuci\u00f3 de les persones migrades<\/p>\n","protected":false},"author":7,"featured_media":22666,"comment_status":"closed","ping_status":"open","sticky":false,"template":"","format":"standard","meta":{"_jetpack_memberships_contains_paid_content":false,"footnotes":""},"categories":[24],"tags":[],"class_list":["post-22651","post","type-post","status-publish","format-standard","has-post-thumbnail","hentry","category-campanyes-de-captacio-i-sensibilitzacio"],"yoast_head":"<!-- This site is optimized with the Yoast SEO plugin v27.4 - https:\/\/yoast.com\/product\/yoast-seo-wordpress\/ -->\n<title>IRES s\u2019uneix a la declaraci\u00f3 en defensa de la regularitzaci\u00f3 de totes les persones que viuen a Catalunya - Fundaci\u00f3 IRES<\/title>\n<meta name=\"robots\" content=\"index, follow, max-snippet:-1, max-image-preview:large, max-video-preview:-1\" \/>\n<link rel=\"canonical\" href=\"https:\/\/www.fundacioires.org\/ca\/ires-suneix-a-la-declaracio-de-la-taula-de-ciutadania-i-immigracio-en-defensa-de-la-regularitzacio-de-totes-les-persones-que-viuen-a-catalunya\/\" \/>\n<meta property=\"og:locale\" content=\"ca_ES\" \/>\n<meta property=\"og:type\" content=\"article\" \/>\n<meta property=\"og:title\" content=\"IRES s\u2019uneix a la declaraci\u00f3 en defensa de la regularitzaci\u00f3 de totes les persones que viuen a Catalunya - Fundaci\u00f3 IRES\" \/>\n<meta property=\"og:description\" content=\"Aquest manifest de la Taula de Ciutadania i Immigraci\u00f3 interpel\u00b7la a les institucions, entitats i agents socials amb el doble objectiu de garantir la plena ciutadania i conscienciar a la poblaci\u00f3 catalana de la necessitat de comptar amb la contribuci\u00f3 de les persones migrades\" \/>\n<meta property=\"og:url\" content=\"https:\/\/www.fundacioires.org\/ca\/ires-suneix-a-la-declaracio-de-la-taula-de-ciutadania-i-immigracio-en-defensa-de-la-regularitzacio-de-totes-les-persones-que-viuen-a-catalunya\/\" \/>\n<meta property=\"og:site_name\" content=\"Fundaci\u00f3 IRES\" \/>\n<meta property=\"article:published_time\" content=\"2020-06-17T11:30:14+00:00\" \/>\n<meta property=\"article:modified_time\" content=\"2020-06-19T07:11:02+00:00\" \/>\n<meta property=\"og:image\" content=\"https:\/\/i0.wp.com\/www.fundacioires.org\/wp-content\/uploads\/2-18.png?fit=1200%2C628&ssl=1\" \/>\n\t<meta property=\"og:image:width\" content=\"1200\" \/>\n\t<meta property=\"og:image:height\" content=\"628\" \/>\n\t<meta property=\"og:image:type\" content=\"image\/png\" \/>\n<meta name=\"author\" content=\"Fundaci\u00f3 IRES\" \/>\n<meta name=\"twitter:card\" content=\"summary_large_image\" \/>\n<meta name=\"twitter:label1\" content=\"Written by\" \/>\n\t<meta name=\"twitter:data1\" content=\"Fundaci\u00f3 IRES\" \/>\n\t<meta name=\"twitter:label2\" content=\"Est. reading time\" \/>\n\t<meta name=\"twitter:data2\" content=\"2 minutes\" \/>\n<script type=\"application\/ld+json\" class=\"yoast-schema-graph\">{\"@context\":\"https:\\\/\\\/schema.org\",\"@graph\":[{\"@type\":\"Article\",\"@id\":\"https:\\\/\\\/www.fundacioires.org\\\/ca\\\/ires-suneix-a-la-declaracio-de-la-taula-de-ciutadania-i-immigracio-en-defensa-de-la-regularitzacio-de-totes-les-persones-que-viuen-a-catalunya\\\/#article\",\"isPartOf\":{\"@id\":\"https:\\\/\\\/www.fundacioires.org\\\/ca\\\/ires-suneix-a-la-declaracio-de-la-taula-de-ciutadania-i-immigracio-en-defensa-de-la-regularitzacio-de-totes-les-persones-que-viuen-a-catalunya\\\/\"},\"author\":{\"name\":\"Fundaci\u00f3 IRES\",\"@id\":\"https:\\\/\\\/www.fundacioires.org\\\/#\\\/schema\\\/person\\\/160af843c565221ef4664a5c7000791c\"},\"headline\":\"IRES s\u2019uneix a la declaraci\u00f3 en defensa de la regularitzaci\u00f3 de totes les persones que viuen a Catalunya\",\"datePublished\":\"2020-06-17T11:30:14+00:00\",\"dateModified\":\"2020-06-19T07:11:02+00:00\",\"mainEntityOfPage\":{\"@id\":\"https:\\\/\\\/www.fundacioires.org\\\/ca\\\/ires-suneix-a-la-declaracio-de-la-taula-de-ciutadania-i-immigracio-en-defensa-de-la-regularitzacio-de-totes-les-persones-que-viuen-a-catalunya\\\/\"},\"wordCount\":415,\"publisher\":{\"@id\":\"https:\\\/\\\/www.fundacioires.org\\\/#organization\"},\"image\":{\"@id\":\"https:\\\/\\\/www.fundacioires.org\\\/ca\\\/ires-suneix-a-la-declaracio-de-la-taula-de-ciutadania-i-immigracio-en-defensa-de-la-regularitzacio-de-totes-les-persones-que-viuen-a-catalunya\\\/#primaryimage\"},\"thumbnailUrl\":\"https:\\\/\\\/i0.wp.com\\\/www.fundacioires.org\\\/wp-content\\\/uploads\\\/2-18.png?fit=1200%2C628&ssl=1\",\"articleSection\":[\"Campanyes de captaci\u00f3 i sensibilitzaci\u00f3\"],\"inLanguage\":\"ca-ES\"},{\"@type\":\"WebPage\",\"@id\":\"https:\\\/\\\/www.fundacioires.org\\\/ca\\\/ires-suneix-a-la-declaracio-de-la-taula-de-ciutadania-i-immigracio-en-defensa-de-la-regularitzacio-de-totes-les-persones-que-viuen-a-catalunya\\\/\",\"url\":\"https:\\\/\\\/www.fundacioires.org\\\/ca\\\/ires-suneix-a-la-declaracio-de-la-taula-de-ciutadania-i-immigracio-en-defensa-de-la-regularitzacio-de-totes-les-persones-que-viuen-a-catalunya\\\/\",\"name\":\"IRES s\u2019uneix a la declaraci\u00f3 en defensa de la regularitzaci\u00f3 de totes les persones que viuen a Catalunya - Fundaci\u00f3 IRES\",\"isPartOf\":{\"@id\":\"https:\\\/\\\/www.fundacioires.org\\\/#website\"},\"primaryImageOfPage\":{\"@id\":\"https:\\\/\\\/www.fundacioires.org\\\/ca\\\/ires-suneix-a-la-declaracio-de-la-taula-de-ciutadania-i-immigracio-en-defensa-de-la-regularitzacio-de-totes-les-persones-que-viuen-a-catalunya\\\/#primaryimage\"},\"image\":{\"@id\":\"https:\\\/\\\/www.fundacioires.org\\\/ca\\\/ires-suneix-a-la-declaracio-de-la-taula-de-ciutadania-i-immigracio-en-defensa-de-la-regularitzacio-de-totes-les-persones-que-viuen-a-catalunya\\\/#primaryimage\"},\"thumbnailUrl\":\"https:\\\/\\\/i0.wp.com\\\/www.fundacioires.org\\\/wp-content\\\/uploads\\\/2-18.png?fit=1200%2C628&ssl=1\",\"datePublished\":\"2020-06-17T11:30:14+00:00\",\"dateModified\":\"2020-06-19T07:11:02+00:00\",\"breadcrumb\":{\"@id\":\"https:\\\/\\\/www.fundacioires.org\\\/ca\\\/ires-suneix-a-la-declaracio-de-la-taula-de-ciutadania-i-immigracio-en-defensa-de-la-regularitzacio-de-totes-les-persones-que-viuen-a-catalunya\\\/#breadcrumb\"},\"inLanguage\":\"ca-ES\",\"potentialAction\":[{\"@type\":\"ReadAction\",\"target\":[\"https:\\\/\\\/www.fundacioires.org\\\/ca\\\/ires-suneix-a-la-declaracio-de-la-taula-de-ciutadania-i-immigracio-en-defensa-de-la-regularitzacio-de-totes-les-persones-que-viuen-a-catalunya\\\/\"]}]},{\"@type\":\"ImageObject\",\"inLanguage\":\"ca-ES\",\"@id\":\"https:\\\/\\\/www.fundacioires.org\\\/ca\\\/ires-suneix-a-la-declaracio-de-la-taula-de-ciutadania-i-immigracio-en-defensa-de-la-regularitzacio-de-totes-les-persones-que-viuen-a-catalunya\\\/#primaryimage\",\"url\":\"https:\\\/\\\/i0.wp.com\\\/www.fundacioires.org\\\/wp-content\\\/uploads\\\/2-18.png?fit=1200%2C628&ssl=1\",\"contentUrl\":\"https:\\\/\\\/i0.wp.com\\\/www.fundacioires.org\\\/wp-content\\\/uploads\\\/2-18.png?fit=1200%2C628&ssl=1\",\"width\":1200,\"height\":628},{\"@type\":\"BreadcrumbList\",\"@id\":\"https:\\\/\\\/www.fundacioires.org\\\/ca\\\/ires-suneix-a-la-declaracio-de-la-taula-de-ciutadania-i-immigracio-en-defensa-de-la-regularitzacio-de-totes-les-persones-que-viuen-a-catalunya\\\/#breadcrumb\",\"itemListElement\":[{\"@type\":\"ListItem\",\"position\":1,\"name\":\"Portada\",\"item\":\"https:\\\/\\\/www.fundacioires.org\\\/\"},{\"@type\":\"ListItem\",\"position\":2,\"name\":\"IRES s\u2019uneix a la declaraci\u00f3 en defensa de la regularitzaci\u00f3 de totes les persones que viuen a Catalunya\"}]},{\"@type\":\"WebSite\",\"@id\":\"https:\\\/\\\/www.fundacioires.org\\\/#website\",\"url\":\"https:\\\/\\\/www.fundacioires.org\\\/\",\"name\":\"Fundaci\u00f3 IRES\",\"description\":\"\",\"publisher\":{\"@id\":\"https:\\\/\\\/www.fundacioires.org\\\/#organization\"},\"potentialAction\":[{\"@type\":\"SearchAction\",\"target\":{\"@type\":\"EntryPoint\",\"urlTemplate\":\"https:\\\/\\\/www.fundacioires.org\\\/?s={search_term_string}\"},\"query-input\":{\"@type\":\"PropertyValueSpecification\",\"valueRequired\":true,\"valueName\":\"search_term_string\"}}],\"inLanguage\":\"ca-ES\"},{\"@type\":\"Organization\",\"@id\":\"https:\\\/\\\/www.fundacioires.org\\\/#organization\",\"name\":\"Fundanci\u00f3n IRES\",\"url\":\"https:\\\/\\\/www.fundacioires.org\\\/\",\"logo\":{\"@type\":\"ImageObject\",\"inLanguage\":\"ca-ES\",\"@id\":\"https:\\\/\\\/www.fundacioires.org\\\/#\\\/schema\\\/logo\\\/image\\\/\",\"url\":\"https:\\\/\\\/i0.wp.com\\\/www.fundacioires.org\\\/wp-content\\\/uploads\\\/faviconIRES.png?fit=32%2C32&ssl=1\",\"contentUrl\":\"https:\\\/\\\/i0.wp.com\\\/www.fundacioires.org\\\/wp-content\\\/uploads\\\/faviconIRES.png?fit=32%2C32&ssl=1\",\"width\":32,\"height\":32,\"caption\":\"Fundanci\u00f3n IRES\"},\"image\":{\"@id\":\"https:\\\/\\\/www.fundacioires.org\\\/#\\\/schema\\\/logo\\\/image\\\/\"}},{\"@type\":\"Person\",\"@id\":\"https:\\\/\\\/www.fundacioires.org\\\/#\\\/schema\\\/person\\\/160af843c565221ef4664a5c7000791c\",\"name\":\"Fundaci\u00f3 IRES\"}]}<\/script>\n<!-- \/ Yoast SEO plugin. -->","yoast_head_json":{"title":"IRES s\u2019uneix a la declaraci\u00f3 en defensa de la regularitzaci\u00f3 de totes les persones que viuen a Catalunya - Fundaci\u00f3 IRES","robots":{"index":"index","follow":"follow","max-snippet":"max-snippet:-1","max-image-preview":"max-image-preview:large","max-video-preview":"max-video-preview:-1"},"canonical":"https:\/\/www.fundacioires.org\/ca\/ires-suneix-a-la-declaracio-de-la-taula-de-ciutadania-i-immigracio-en-defensa-de-la-regularitzacio-de-totes-les-persones-que-viuen-a-catalunya\/","og_locale":"ca_ES","og_type":"article","og_title":"IRES s\u2019uneix a la declaraci\u00f3 en defensa de la regularitzaci\u00f3 de totes les persones que viuen a Catalunya - Fundaci\u00f3 IRES","og_description":"Aquest manifest de la Taula de Ciutadania i Immigraci\u00f3 interpel\u00b7la a les institucions, entitats i agents socials amb el doble objectiu de garantir la plena ciutadania i conscienciar a la poblaci\u00f3 catalana de la necessitat de comptar amb la contribuci\u00f3 de les persones migrades","og_url":"https:\/\/www.fundacioires.org\/ca\/ires-suneix-a-la-declaracio-de-la-taula-de-ciutadania-i-immigracio-en-defensa-de-la-regularitzacio-de-totes-les-persones-que-viuen-a-catalunya\/","og_site_name":"Fundaci\u00f3 IRES","article_published_time":"2020-06-17T11:30:14+00:00","article_modified_time":"2020-06-19T07:11:02+00:00","og_image":[{"width":1200,"height":628,"url":"https:\/\/i0.wp.com\/www.fundacioires.org\/wp-content\/uploads\/2-18.png?fit=1200%2C628&ssl=1","type":"image\/png"}],"author":"Fundaci\u00f3 IRES","twitter_card":"summary_large_image","twitter_misc":{"Written by":"Fundaci\u00f3 IRES","Est. reading time":"2 minutes"},"schema":{"@context":"https:\/\/schema.org","@graph":[{"@type":"Article","@id":"https:\/\/www.fundacioires.org\/ca\/ires-suneix-a-la-declaracio-de-la-taula-de-ciutadania-i-immigracio-en-defensa-de-la-regularitzacio-de-totes-les-persones-que-viuen-a-catalunya\/#article","isPartOf":{"@id":"https:\/\/www.fundacioires.org\/ca\/ires-suneix-a-la-declaracio-de-la-taula-de-ciutadania-i-immigracio-en-defensa-de-la-regularitzacio-de-totes-les-persones-que-viuen-a-catalunya\/"},"author":{"name":"Fundaci\u00f3 IRES","@id":"https:\/\/www.fundacioires.org\/#\/schema\/person\/160af843c565221ef4664a5c7000791c"},"headline":"IRES s\u2019uneix a la declaraci\u00f3 en defensa de la regularitzaci\u00f3 de totes les persones que viuen a Catalunya","datePublished":"2020-06-17T11:30:14+00:00","dateModified":"2020-06-19T07:11:02+00:00","mainEntityOfPage":{"@id":"https:\/\/www.fundacioires.org\/ca\/ires-suneix-a-la-declaracio-de-la-taula-de-ciutadania-i-immigracio-en-defensa-de-la-regularitzacio-de-totes-les-persones-que-viuen-a-catalunya\/"},"wordCount":415,"publisher":{"@id":"https:\/\/www.fundacioires.org\/#organization"},"image":{"@id":"https:\/\/www.fundacioires.org\/ca\/ires-suneix-a-la-declaracio-de-la-taula-de-ciutadania-i-immigracio-en-defensa-de-la-regularitzacio-de-totes-les-persones-que-viuen-a-catalunya\/#primaryimage"},"thumbnailUrl":"https:\/\/i0.wp.com\/www.fundacioires.org\/wp-content\/uploads\/2-18.png?fit=1200%2C628&ssl=1","articleSection":["Campanyes de captaci\u00f3 i sensibilitzaci\u00f3"],"inLanguage":"ca-ES"},{"@type":"WebPage","@id":"https:\/\/www.fundacioires.org\/ca\/ires-suneix-a-la-declaracio-de-la-taula-de-ciutadania-i-immigracio-en-defensa-de-la-regularitzacio-de-totes-les-persones-que-viuen-a-catalunya\/","url":"https:\/\/www.fundacioires.org\/ca\/ires-suneix-a-la-declaracio-de-la-taula-de-ciutadania-i-immigracio-en-defensa-de-la-regularitzacio-de-totes-les-persones-que-viuen-a-catalunya\/","name":"IRES s\u2019uneix a la declaraci\u00f3 en defensa de la regularitzaci\u00f3 de totes les persones que viuen a Catalunya - Fundaci\u00f3 IRES","isPartOf":{"@id":"https:\/\/www.fundacioires.org\/#website"},"primaryImageOfPage":{"@id":"https:\/\/www.fundacioires.org\/ca\/ires-suneix-a-la-declaracio-de-la-taula-de-ciutadania-i-immigracio-en-defensa-de-la-regularitzacio-de-totes-les-persones-que-viuen-a-catalunya\/#primaryimage"},"image":{"@id":"https:\/\/www.fundacioires.org\/ca\/ires-suneix-a-la-declaracio-de-la-taula-de-ciutadania-i-immigracio-en-defensa-de-la-regularitzacio-de-totes-les-persones-que-viuen-a-catalunya\/#primaryimage"},"thumbnailUrl":"https:\/\/i0.wp.com\/www.fundacioires.org\/wp-content\/uploads\/2-18.png?fit=1200%2C628&ssl=1","datePublished":"2020-06-17T11:30:14+00:00","dateModified":"2020-06-19T07:11:02+00:00","breadcrumb":{"@id":"https:\/\/www.fundacioires.org\/ca\/ires-suneix-a-la-declaracio-de-la-taula-de-ciutadania-i-immigracio-en-defensa-de-la-regularitzacio-de-totes-les-persones-que-viuen-a-catalunya\/#breadcrumb"},"inLanguage":"ca-ES","potentialAction":[{"@type":"ReadAction","target":["https:\/\/www.fundacioires.org\/ca\/ires-suneix-a-la-declaracio-de-la-taula-de-ciutadania-i-immigracio-en-defensa-de-la-regularitzacio-de-totes-les-persones-que-viuen-a-catalunya\/"]}]},{"@type":"ImageObject","inLanguage":"ca-ES","@id":"https:\/\/www.fundacioires.org\/ca\/ires-suneix-a-la-declaracio-de-la-taula-de-ciutadania-i-immigracio-en-defensa-de-la-regularitzacio-de-totes-les-persones-que-viuen-a-catalunya\/#primaryimage","url":"https:\/\/i0.wp.com\/www.fundacioires.org\/wp-content\/uploads\/2-18.png?fit=1200%2C628&ssl=1","contentUrl":"https:\/\/i0.wp.com\/www.fundacioires.org\/wp-content\/uploads\/2-18.png?fit=1200%2C628&ssl=1","width":1200,"height":628},{"@type":"BreadcrumbList","@id":"https:\/\/www.fundacioires.org\/ca\/ires-suneix-a-la-declaracio-de-la-taula-de-ciutadania-i-immigracio-en-defensa-de-la-regularitzacio-de-totes-les-persones-que-viuen-a-catalunya\/#breadcrumb","itemListElement":[{"@type":"ListItem","position":1,"name":"Portada","item":"https:\/\/www.fundacioires.org\/"},{"@type":"ListItem","position":2,"name":"IRES s\u2019uneix a la declaraci\u00f3 en defensa de la regularitzaci\u00f3 de totes les persones que viuen a Catalunya"}]},{"@type":"WebSite","@id":"https:\/\/www.fundacioires.org\/#website","url":"https:\/\/www.fundacioires.org\/","name":"Fundaci\u00f3 IRES","description":"","publisher":{"@id":"https:\/\/www.fundacioires.org\/#organization"},"potentialAction":[{"@type":"SearchAction","target":{"@type":"EntryPoint","urlTemplate":"https:\/\/www.fundacioires.org\/?s={search_term_string}"},"query-input":{"@type":"PropertyValueSpecification","valueRequired":true,"valueName":"search_term_string"}}],"inLanguage":"ca-ES"},{"@type":"Organization","@id":"https:\/\/www.fundacioires.org\/#organization","name":"Fundanci\u00f3n IRES","url":"https:\/\/www.fundacioires.org\/","logo":{"@type":"ImageObject","inLanguage":"ca-ES","@id":"https:\/\/www.fundacioires.org\/#\/schema\/logo\/image\/","url":"https:\/\/i0.wp.com\/www.fundacioires.org\/wp-content\/uploads\/faviconIRES.png?fit=32%2C32&ssl=1","contentUrl":"https:\/\/i0.wp.com\/www.fundacioires.org\/wp-content\/uploads\/faviconIRES.png?fit=32%2C32&ssl=1","width":32,"height":32,"caption":"Fundanci\u00f3n IRES"},"image":{"@id":"https:\/\/www.fundacioires.org\/#\/schema\/logo\/image\/"}},{"@type":"Person","@id":"https:\/\/www.fundacioires.org\/#\/schema\/person\/160af843c565221ef4664a5c7000791c","name":"Fundaci\u00f3 IRES"}]}},"jetpack_featured_media_url":"https:\/\/i0.wp.com\/www.fundacioires.org\/wp-content\/uploads\/2-18.png?fit=1200%2C628&ssl=1","jetpack_sharing_enabled":true,"_links":{"self":[{"href":"https:\/\/www.fundacioires.org\/ca\/wp-json\/wp\/v2\/posts\/22651","targetHints":{"allow":["GET"]}}],"collection":[{"href":"https:\/\/www.fundacioires.org\/ca\/wp-json\/wp\/v2\/posts"}],"about":[{"href":"https:\/\/www.fundacioires.org\/ca\/wp-json\/wp\/v2\/types\/post"}],"author":[{"embeddable":true,"href":"https:\/\/www.fundacioires.org\/ca\/wp-json\/wp\/v2\/users\/7"}],"replies":[{"embeddable":true,"href":"https:\/\/www.fundacioires.org\/ca\/wp-json\/wp\/v2\/comments?post=22651"}],"version-history":[{"count":5,"href":"https:\/\/www.fundacioires.org\/ca\/wp-json\/wp\/v2\/posts\/22651\/revisions"}],"predecessor-version":[{"id":22694,"href":"https:\/\/www.fundacioires.org\/ca\/wp-json\/wp\/v2\/posts\/22651\/revisions\/22694"}],"wp:featuredmedia":[{"embeddable":true,"href":"https:\/\/www.fundacioires.org\/ca\/wp-json\/wp\/v2\/media\/22666"}],"wp:attachment":[{"href":"https:\/\/www.fundacioires.org\/ca\/wp-json\/wp\/v2\/media?parent=22651"}],"wp:term":[{"taxonomy":"category","embeddable":true,"href":"https:\/\/www.fundacioires.org\/ca\/wp-json\/wp\/v2\/categories?post=22651"},{"taxonomy":"post_tag","embeddable":true,"href":"https:\/\/www.fundacioires.org\/ca\/wp-json\/wp\/v2\/tags?post=22651"}],"curies":[{"name":"wp","href":"https:\/\/api.w.org\/{rel}","templated":true}]}}