{"id":23278,"date":"2020-07-22T17:09:22","date_gmt":"2020-07-22T15:09:22","guid":{"rendered":"https:\/\/www.fundacioires.org\/?p=23278"},"modified":"2020-07-23T13:32:13","modified_gmt":"2020-07-23T11:32:13","slug":"mentre-haguem-de-mantenir-la-distancia-fisica-que-ens-apropin-les-paraules","status":"publish","type":"post","link":"https:\/\/www.fundacioires.org\/ca\/mentre-haguem-de-mantenir-la-distancia-fisica-que-ens-apropin-les-paraules\/","title":{"rendered":"Sant Jordi en juliol: que ens apropin les paraules!"},"content":{"rendered":"\n<p style=\"background-color:#f8f2fe\" class=\"has-text-color has-background has-medium-font-size has-very-dark-gray-color\"><strong>Descarrega i comparteix <\/strong>les nostres postals i ajuda\u2019ns a que pugui arribar a m\u00e9s gent! Perqu\u00e8 el Sant Jordi de 2020 \u00e9s<strong> #UnaCausaCompartida<\/strong><\/p>\n\n\n\n<div class=\"wp-block-media-text alignwide\"><figure class=\"wp-block-media-text__media\"><img data-recalc-dims=\"1\" loading=\"lazy\" decoding=\"async\" width=\"1024\" height=\"768\" src=\"https:\/\/i0.wp.com\/www.fundacioires.org\/wp-content\/uploads\/B_SJ20_Cover_Sellfy_Miniatura.jpg?resize=1024%2C768&#038;ssl=1\" alt=\"\" class=\"wp-image-23285\" srcset=\"https:\/\/i0.wp.com\/www.fundacioires.org\/wp-content\/uploads\/B_SJ20_Cover_Sellfy_Miniatura.jpg?resize=1024%2C768&amp;ssl=1 1024w, https:\/\/i0.wp.com\/www.fundacioires.org\/wp-content\/uploads\/B_SJ20_Cover_Sellfy_Miniatura.jpg?resize=300%2C225&amp;ssl=1 300w, https:\/\/i0.wp.com\/www.fundacioires.org\/wp-content\/uploads\/B_SJ20_Cover_Sellfy_Miniatura.jpg?resize=768%2C576&amp;ssl=1 768w, https:\/\/i0.wp.com\/www.fundacioires.org\/wp-content\/uploads\/B_SJ20_Cover_Sellfy_Miniatura.jpg?w=2000&amp;ssl=1 2000w\" sizes=\"(max-width: 1000px) 100vw, 1000px\" \/><\/figure><div class=\"wp-block-media-text__content\">\n<p class=\"has-medium-font-size\"><strong><a href=\"https:\/\/www.fundacioires.org\/wp-content\/uploads\/POSTAL_GENERAL_CAT_Verm.pdf\" target=\"_blank\" rel=\"noreferrer noopener\" aria-label=\" (opens in a new tab)\">Descarrega la postal amb el poema \u201cSortida\u201d, de Laura L\u00f2pez Granell<\/a><\/strong><\/p>\n\n\n\n<p>Correctora, redactora, assessora liter\u00e0ria, formadora en comunicaci\u00f3 i consultora en creativitat, i \u00e9s professora de l\u2019Escola d\u2019Escriptura de l\u2019Ateneu Barcelon\u00e8s des de la seva fundaci\u00f3. <strong>Publicacions<\/strong>: <em>Itineraris&nbsp;<\/em>(1993); <em>La hist\u00f2ria del drac xiulet<\/em>&nbsp;(2008),&nbsp;<em>Forat<\/em> (2014) y&nbsp;<em>Coratge<\/em> (2020)<strong>.<\/strong>&nbsp;<\/p>\n<\/div><\/div>\n\n\n\n<div style=\"height:20px\" aria-hidden=\"true\" class=\"wp-block-spacer\"><\/div>\n\n\n\n<div class=\"wp-block-media-text alignwide\"><figure class=\"wp-block-media-text__media\"><img data-recalc-dims=\"1\" loading=\"lazy\" decoding=\"async\" width=\"1024\" height=\"768\" src=\"https:\/\/i0.wp.com\/www.fundacioires.org\/wp-content\/uploads\/B_SJ20_Cover_Sellfy_Miniatura-5.jpg?resize=1024%2C768&#038;ssl=1\" alt=\"\" class=\"wp-image-23383\" srcset=\"https:\/\/i0.wp.com\/www.fundacioires.org\/wp-content\/uploads\/B_SJ20_Cover_Sellfy_Miniatura-5.jpg?resize=1024%2C768&amp;ssl=1 1024w, https:\/\/i0.wp.com\/www.fundacioires.org\/wp-content\/uploads\/B_SJ20_Cover_Sellfy_Miniatura-5.jpg?resize=300%2C225&amp;ssl=1 300w, https:\/\/i0.wp.com\/www.fundacioires.org\/wp-content\/uploads\/B_SJ20_Cover_Sellfy_Miniatura-5.jpg?resize=768%2C576&amp;ssl=1 768w, https:\/\/i0.wp.com\/www.fundacioires.org\/wp-content\/uploads\/B_SJ20_Cover_Sellfy_Miniatura-5.jpg?w=2000&amp;ssl=1 2000w\" sizes=\"(max-width: 1000px) 100vw, 1000px\" \/><\/figure><div class=\"wp-block-media-text__content\">\n<p class=\"has-medium-font-size\"><strong><a href=\"https:\/\/www.fundacioires.org\/wp-content\/uploads\/POSTAL_GENERAL_ENG_Lila.pdf\" target=\"_blank\" rel=\"noreferrer noopener\" aria-label=\" (opens in a new tab)\">Descarrega la postal amb el poema<\/a><\/strong><a href=\"https:\/\/www.fundacioires.org\/wp-content\/uploads\/POSTAL_GENERAL_ENG_Lila.pdf\" target=\"_blank\" rel=\"noreferrer noopener\" aria-label=\" (opens in a new tab)\"> \u201c<\/a><strong><a href=\"https:\/\/www.fundacioires.org\/wp-content\/uploads\/POSTAL_GENERAL_ENG_Lila.pdf\" target=\"_blank\" rel=\"noreferrer noopener\" aria-label=\" (opens in a new tab)\">Damp<\/a><\/strong><a href=\"https:\/\/www.fundacioires.org\/wp-content\/uploads\/POSTAL_GENERAL_ENG_Lila.pdf\" target=\"_blank\" rel=\"noreferrer noopener\" aria-label=\" (opens in a new tab)\">\u201c<br><\/a><strong><a href=\"https:\/\/www.fundacioires.org\/wp-content\/uploads\/POSTAL_GENERAL_ENG_Lila.pdf\" target=\"_blank\" rel=\"noreferrer noopener\" aria-label=\" (opens in a new tab)\">de Adriana Bertan<\/a><\/strong><\/p>\n\n\n\n<p>Va estudiar filologia hisp\u00e0nica i anglesa, i tamb\u00e9 direcci\u00f3 teatral i interpretaci\u00f3. Ha estat guanyadora estatal de Poetry Slam. Escriu poemes al seu <a href=\"https:\/\/adrianabertran.wordpress.com\/\">blog<\/a>, i la podeu seguir a la seva p\u00e0gina art\u00edstica d\u2019<a href=\"https:\/\/www.instagram.com\/socladriana\/?hl=es\">Instagram<\/a>&nbsp;i&nbsp;<a href=\"https:\/\/www.facebook.com\/adrianabertranania\/\">Facebook<\/a><strong>. Publicaci\u00f3<\/strong>:&nbsp;<em>Viaje de Vuelta <\/em>(2018).<\/p>\n<\/div><\/div>\n\n\n\n<div style=\"height:20px\" aria-hidden=\"true\" class=\"wp-block-spacer\"><\/div>\n\n\n\n<div class=\"wp-block-media-text alignwide\"><figure class=\"wp-block-media-text__media\"><img data-recalc-dims=\"1\" loading=\"lazy\" decoding=\"async\" width=\"1024\" height=\"768\" src=\"https:\/\/i0.wp.com\/www.fundacioires.org\/wp-content\/uploads\/B_SJ20_Cover_Sellfy_Miniatura-6.jpg?resize=1024%2C768&#038;ssl=1\" alt=\"\" class=\"wp-image-23385\" srcset=\"https:\/\/i0.wp.com\/www.fundacioires.org\/wp-content\/uploads\/B_SJ20_Cover_Sellfy_Miniatura-6.jpg?resize=1024%2C768&amp;ssl=1 1024w, https:\/\/i0.wp.com\/www.fundacioires.org\/wp-content\/uploads\/B_SJ20_Cover_Sellfy_Miniatura-6.jpg?resize=300%2C225&amp;ssl=1 300w, https:\/\/i0.wp.com\/www.fundacioires.org\/wp-content\/uploads\/B_SJ20_Cover_Sellfy_Miniatura-6.jpg?resize=768%2C576&amp;ssl=1 768w, https:\/\/i0.wp.com\/www.fundacioires.org\/wp-content\/uploads\/B_SJ20_Cover_Sellfy_Miniatura-6.jpg?w=2000&amp;ssl=1 2000w\" sizes=\"(max-width: 1000px) 100vw, 1000px\" \/><\/figure><div class=\"wp-block-media-text__content\">\n<p class=\"has-medium-font-size\"><a rel=\"noreferrer noopener\" href=\"https:\/\/www.fundacioires.org\/wp-content\/uploads\/POSTAL_GENERAL_CAST_Verda.pdf\" target=\"_blank\"><strong>Descarrega la postal amb el poema&nbsp;\u201cIncertidumbre y confinamiento\u201d, de<br>Mamen Monsoriu<\/strong><\/a><\/p>\n\n\n\n<p>Llicenciada en Biotecnologia i escriptora. Va crear i impulsar l\u2019editorial&nbsp;<strong><a href=\"https:\/\/www.instagram.com\/imperiolibreria\/?hl=en\">Imperio Librer\u00eda<\/a>&nbsp;<\/strong>i la iniciativa<strong>&nbsp;<a href=\"https:\/\/www.destasalimos.com\/\">deestasalimos.com<\/a><\/strong>. <strong>Publicaci\u00f3<\/strong>: <em>100 disparos que te recordaran que est\u00e1s vivo\u00bb<\/em>&nbsp;(2017), <em>Escalofr\u00edame<\/em> (2018) <\/p>\n<\/div><\/div>\n\n\n\n<div style=\"height:20px\" aria-hidden=\"true\" class=\"wp-block-spacer\"><\/div>\n\n\n\n<div class=\"wp-block-media-text alignwide\" style=\"grid-template-columns:30% auto\"><figure class=\"wp-block-media-text__media\"><img data-recalc-dims=\"1\" loading=\"lazy\" decoding=\"async\" width=\"596\" height=\"893\" src=\"https:\/\/i0.wp.com\/www.fundacioires.org\/wp-content\/uploads\/Planas_MockUp_Poemari_Interior-15.jpg?resize=596%2C893&#038;ssl=1\" alt=\"\" class=\"wp-image-23316\"\/><\/figure><div class=\"wp-block-media-text__content\">\n<p class=\"has-medium-font-size\"><strong><a href=\"https:\/\/www.fundacioires.org\/wp-content\/uploads\/POEMARI_IRES.pdf\" target=\"_blank\" rel=\"noreferrer noopener\" aria-label=\" (opens in a new tab)\">Descarrega el poemari<br>\u201cPoesia des de la vulnerabilitat&#8221;<\/a><\/strong><\/p>\n\n\n\n<p>Ja pots descarregar un poemari amb els poemes de Laura L\u00f3pez Granell, Ariana Bertran i Mamen Monsoriu. Aquesta publicaci\u00f3 desbordant de vulnerabilitat cont\u00e9 poemes in\u00e8dits del repertori de les poeteses.<\/p>\n<\/div><\/div>\n\n\n\n<div style=\"height:20px\" aria-hidden=\"true\" class=\"wp-block-spacer\"><\/div>\n\n\n\n<p class=\"has-text-color has-very-dark-gray-color\">Podeu descarregar les <strong>postals digitals en diferents colors<\/strong>. Totes venen amb missatges molts especials: <strong>poemes escrits des de la vulnerabilita<\/strong>t per les poetesses <a href=\"http:\/\/lauralopezgranellpoemes.blogspot.com\/\"><strong>Laura L\u00f2pez Granell<\/strong><\/a> (poema en catal\u00e0), <strong><a href=\"https:\/\/www.mamenmonsoriu.com\/la-poesia-se-lleva\">Mamen Monsoriu Melero<\/a><\/strong> (poema en castell\u00e0) i <strong><a href=\"https:\/\/adrianabertran.wordpress.com\/\">Adriana Bertran Ania<\/a><\/strong> (poema en angl\u00e8s). Les autores <strong>ens ajuden a explicar a trav\u00e9s de la seva poesia el proc\u00e9s de transformaci\u00f3 que vivim les persones quan ens en sortim d\u2019una situaci\u00f3 de vulnerabilitat.<\/strong><\/p>\n\n\n\n<p class=\"has-text-color has-very-dark-gray-color\">En aquesta ocasi\u00f3<strong>, tamb\u00e9 incorporem entre les nostres postals digitals de Sant Jordi una rosa blanca<\/strong> que, tal com explica Joan Guill\u00e9n, President del Gremi de floristes de Catalunya, simbolitza moltes coses: el blanc de l\u2019esperan\u00e7a per\u00f2 tamb\u00e9 del dol que no hem pogut tenir. El blanc de les bates blanques, de totes aquelles persones que han treballat en servei d\u2019altres. I <strong>remarcarem especialment el blanc subtil, que gaireb\u00e9 \u00e9s invisible als ulls, del sector social. El de les persones que treballen amb altres persones posant en el centre la sostenibilitat de la vida.<\/strong><\/p>\n\n\n\n<div class=\"wp-block-image\"><figure class=\"aligncenter is-resized\"><img data-recalc-dims=\"1\" loading=\"lazy\" decoding=\"async\" src=\"https:\/\/i0.wp.com\/www.fundacioires.org\/wp-content\/uploads\/B_SJ20_XXSS_03_Julio_Negre_Mesa-de-trabajo-1-copia2_Mesa-de-trabajo-1-copia-1.png?resize=314%2C314&#038;ssl=1\" alt=\"\" class=\"wp-image-23321\" width=\"314\" height=\"314\" srcset=\"https:\/\/i0.wp.com\/www.fundacioires.org\/wp-content\/uploads\/B_SJ20_XXSS_03_Julio_Negre_Mesa-de-trabajo-1-copia2_Mesa-de-trabajo-1-copia-1.png?w=628&amp;ssl=1 628w, https:\/\/i0.wp.com\/www.fundacioires.org\/wp-content\/uploads\/B_SJ20_XXSS_03_Julio_Negre_Mesa-de-trabajo-1-copia2_Mesa-de-trabajo-1-copia-1.png?resize=150%2C150&amp;ssl=1 150w, https:\/\/i0.wp.com\/www.fundacioires.org\/wp-content\/uploads\/B_SJ20_XXSS_03_Julio_Negre_Mesa-de-trabajo-1-copia2_Mesa-de-trabajo-1-copia-1.png?resize=300%2C300&amp;ssl=1 300w, https:\/\/i0.wp.com\/www.fundacioires.org\/wp-content\/uploads\/B_SJ20_XXSS_03_Julio_Negre_Mesa-de-trabajo-1-copia2_Mesa-de-trabajo-1-copia-1.png?resize=120%2C120&amp;ssl=1 120w\" sizes=\"(max-width: 314px) 100vw, 314px\" \/><\/figure><\/div>\n\n\n\n<div class=\"wp-block-button aligncenter is-style-squared\"><a class=\"wp-block-button__link has-text-color has-background\" href=\"https:\/\/www.fundacioires.org\/wp-content\/uploads\/B_SJ20_XXSS_03_Julio_Negre_Mesa-de-trabajo-1-copia2_Mesa-de-trabajo-1-copia.png\" style=\"background-color:#5d32a7;color:#ffffff\"> <strong>Descarrega&#8217;t la nostra rosa blanca<\/strong> <strong>i comparteix-la<\/strong>!<\/a><\/div>\n\n\n\n<p class=\"has-text-color has-very-dark-gray-color\">Entre novel\u00b7les d\u2019estrenes i universos sencers copsats en llibres; i entre gestos d\u2019amor, de confian\u00e7a i de vincle representats en cada rosa, ens trobarem cartells que ens alerten i prescriuen que hem de mantenir la dist\u00e0ncia f\u00edsica i aplicar les mesures de prevenci\u00f3 necess\u00e0ries, pel b\u00e9 propi i com\u00fa. Ni \u00e9s un estiu com els altres, ni aquest Sant Jordi, tot i poder veure\u2019ns al carrer, ser\u00e0 el tradicional. Per\u00f2 per a mantenir l\u2019esperit d\u2019aquest dia, que es trasllada a aquest 23 de juliol, <strong>us volem regalar les nostres roses per moltes raons.<\/strong><\/p>\n\n\n\n<p style=\"color:#5d32a7\" class=\"has-text-color has-normal-font-size\">&#x1f339;  <strong><em>Perqu\u00e8 som vulnerables i ens hem de cuidar i, quan el contacte \u00e9s un risc, l\u2019acompanyament en la dist\u00e0ncia \u00e9s la nostra esperan\u00e7a<\/em><\/strong><\/p>\n\n\n\n<p style=\"color:#5d32a7\" class=\"has-text-color has-normal-font-size\">&#x1f339;  <em><strong>Perqu\u00e8 aquesta \u00e9s una hist\u00f2ria nova de Sant Jordi, per\u00f2 una hist\u00f2ria de vulnerabilitat i superaci\u00f3 compartida entre tots i totes. <\/strong><\/em><\/p>\n\n\n\n<p style=\"color:#5d32a7\" class=\"has-text-color has-normal-font-size\">&#x1f339;  <strong><em>Perqu\u00e8 tenim clar que sense la xarxa invisible que formem plegades, dur a terme la nostra acci\u00f3 social no seria possible<\/em><\/strong><\/p>\n\n\n\n<p style=\"background-color:#ffffff\" class=\"has-text-color has-background has-very-dark-gray-color\">No sabem amb certesa com anir\u00e0 tot plegat, per\u00f2 amb petits gestos podem reescriure com volem que sigui la vida a partir d\u2019ara. <strong>I  mentre hem de mantenir la dist\u00e0ncia f\u00edsica, que ens apropin les paraules!<\/strong><\/p>\n\n\n\n<p style=\"background-color:#f0fffc;color:#1cab8b\" class=\"has-text-color has-background\"><strong>Fundaci\u00f3 IRES: <\/strong>Som una fundaci\u00f3 compromesa amb les fam\u00edlies en situaci\u00f3 de vulnerabilitat, que ofereix acompanyament en l&#8217;\u00e0mbit social, psicol\u00f2gic i educatiu. <strong>Perqu\u00e8 darrere de cada situaci\u00f3 de vulnerabilitat hi ha una nova oportunitat.<\/strong><\/p>\n\n\n\n<div class=\"wp-block-button aligncenter is-style-squared\"><a class=\"wp-block-button__link has-text-color has-background\" href=\"https:\/\/www.fundacioires.org\/ca\/donacions\/\" style=\"background-color:#f44144;color:#ffffff\">Vols col\u00b7laborar amb nosaltres?<\/a><\/div>\n\n\n\n<p><\/p>\n","protected":false},"excerpt":{"rendered":"<p>Celebrem aquesta edici\u00f3 especial de Sant Jordi regalant-vos la nostra rosa digital amb poesia sobre la vulnerabilitat<\/p>\n","protected":false},"author":7,"featured_media":23279,"comment_status":"closed","ping_status":"open","sticky":false,"template":"","format":"standard","meta":{"_jetpack_memberships_contains_paid_content":false,"footnotes":""},"categories":[24],"tags":[135],"class_list":["post-23278","post","type-post","status-publish","format-standard","has-post-thumbnail","hentry","category-campanyes-de-captacio-i-sensibilitzacio","tag-sant-jordi"],"yoast_head":"<!-- This site is optimized with the Yoast SEO plugin v27.4 - https:\/\/yoast.com\/product\/yoast-seo-wordpress\/ -->\n<title>Sant Jordi en juliol: que ens apropin les paraules! - Fundaci\u00f3 IRES<\/title>\n<meta name=\"robots\" content=\"index, follow, max-snippet:-1, max-image-preview:large, max-video-preview:-1\" \/>\n<link rel=\"canonical\" href=\"https:\/\/www.fundacioires.org\/ca\/mentre-haguem-de-mantenir-la-distancia-fisica-que-ens-apropin-les-paraules\/\" \/>\n<meta property=\"og:locale\" content=\"ca_ES\" \/>\n<meta property=\"og:type\" content=\"article\" \/>\n<meta property=\"og:title\" content=\"Sant Jordi en juliol: que ens apropin les paraules! - Fundaci\u00f3 IRES\" \/>\n<meta property=\"og:description\" content=\"Celebrem aquesta edici\u00f3 especial de Sant Jordi regalant-vos la nostra rosa digital amb poesia sobre la vulnerabilitat\" \/>\n<meta property=\"og:url\" content=\"https:\/\/www.fundacioires.org\/ca\/mentre-haguem-de-mantenir-la-distancia-fisica-que-ens-apropin-les-paraules\/\" \/>\n<meta property=\"og:site_name\" content=\"Fundaci\u00f3 IRES\" \/>\n<meta property=\"article:published_time\" content=\"2020-07-22T15:09:22+00:00\" \/>\n<meta property=\"article:modified_time\" content=\"2020-07-23T11:32:13+00:00\" \/>\n<meta property=\"og:image\" content=\"https:\/\/i0.wp.com\/www.fundacioires.org\/wp-content\/uploads\/B_SJ20_XXSS_03_Julio_Negre_Mesa-de-trabajo-1.png?fit=1200%2C628&ssl=1\" \/>\n\t<meta property=\"og:image:width\" content=\"1200\" \/>\n\t<meta property=\"og:image:height\" content=\"628\" \/>\n\t<meta property=\"og:image:type\" content=\"image\/png\" \/>\n<meta name=\"author\" content=\"Fundaci\u00f3 IRES\" \/>\n<meta name=\"twitter:card\" content=\"summary_large_image\" \/>\n<meta name=\"twitter:label1\" content=\"Written by\" \/>\n\t<meta name=\"twitter:data1\" content=\"Fundaci\u00f3 IRES\" \/>\n\t<meta name=\"twitter:label2\" content=\"Est. reading time\" \/>\n\t<meta name=\"twitter:data2\" content=\"3 minutes\" \/>\n<script type=\"application\/ld+json\" class=\"yoast-schema-graph\">{\"@context\":\"https:\\\/\\\/schema.org\",\"@graph\":[{\"@type\":\"Article\",\"@id\":\"https:\\\/\\\/www.fundacioires.org\\\/ca\\\/mentre-haguem-de-mantenir-la-distancia-fisica-que-ens-apropin-les-paraules\\\/#article\",\"isPartOf\":{\"@id\":\"https:\\\/\\\/www.fundacioires.org\\\/ca\\\/mentre-haguem-de-mantenir-la-distancia-fisica-que-ens-apropin-les-paraules\\\/\"},\"author\":{\"name\":\"Fundaci\u00f3 IRES\",\"@id\":\"https:\\\/\\\/www.fundacioires.org\\\/#\\\/schema\\\/person\\\/160af843c565221ef4664a5c7000791c\"},\"headline\":\"Sant Jordi en juliol: que ens apropin les paraules!\",\"datePublished\":\"2020-07-22T15:09:22+00:00\",\"dateModified\":\"2020-07-23T11:32:13+00:00\",\"mainEntityOfPage\":{\"@id\":\"https:\\\/\\\/www.fundacioires.org\\\/ca\\\/mentre-haguem-de-mantenir-la-distancia-fisica-que-ens-apropin-les-paraules\\\/\"},\"wordCount\":674,\"publisher\":{\"@id\":\"https:\\\/\\\/www.fundacioires.org\\\/#organization\"},\"image\":{\"@id\":\"https:\\\/\\\/www.fundacioires.org\\\/ca\\\/mentre-haguem-de-mantenir-la-distancia-fisica-que-ens-apropin-les-paraules\\\/#primaryimage\"},\"thumbnailUrl\":\"https:\\\/\\\/i0.wp.com\\\/www.fundacioires.org\\\/wp-content\\\/uploads\\\/B_SJ20_XXSS_03_Julio_Negre_Mesa-de-trabajo-1.png?fit=1200%2C628&ssl=1\",\"keywords\":[\"Sant Jordi\"],\"articleSection\":[\"Campanyes de captaci\u00f3 i sensibilitzaci\u00f3\"],\"inLanguage\":\"ca-ES\"},{\"@type\":\"WebPage\",\"@id\":\"https:\\\/\\\/www.fundacioires.org\\\/ca\\\/mentre-haguem-de-mantenir-la-distancia-fisica-que-ens-apropin-les-paraules\\\/\",\"url\":\"https:\\\/\\\/www.fundacioires.org\\\/ca\\\/mentre-haguem-de-mantenir-la-distancia-fisica-que-ens-apropin-les-paraules\\\/\",\"name\":\"Sant Jordi en juliol: que ens apropin les paraules! - Fundaci\u00f3 IRES\",\"isPartOf\":{\"@id\":\"https:\\\/\\\/www.fundacioires.org\\\/#website\"},\"primaryImageOfPage\":{\"@id\":\"https:\\\/\\\/www.fundacioires.org\\\/ca\\\/mentre-haguem-de-mantenir-la-distancia-fisica-que-ens-apropin-les-paraules\\\/#primaryimage\"},\"image\":{\"@id\":\"https:\\\/\\\/www.fundacioires.org\\\/ca\\\/mentre-haguem-de-mantenir-la-distancia-fisica-que-ens-apropin-les-paraules\\\/#primaryimage\"},\"thumbnailUrl\":\"https:\\\/\\\/i0.wp.com\\\/www.fundacioires.org\\\/wp-content\\\/uploads\\\/B_SJ20_XXSS_03_Julio_Negre_Mesa-de-trabajo-1.png?fit=1200%2C628&ssl=1\",\"datePublished\":\"2020-07-22T15:09:22+00:00\",\"dateModified\":\"2020-07-23T11:32:13+00:00\",\"breadcrumb\":{\"@id\":\"https:\\\/\\\/www.fundacioires.org\\\/ca\\\/mentre-haguem-de-mantenir-la-distancia-fisica-que-ens-apropin-les-paraules\\\/#breadcrumb\"},\"inLanguage\":\"ca-ES\",\"potentialAction\":[{\"@type\":\"ReadAction\",\"target\":[\"https:\\\/\\\/www.fundacioires.org\\\/ca\\\/mentre-haguem-de-mantenir-la-distancia-fisica-que-ens-apropin-les-paraules\\\/\"]}]},{\"@type\":\"ImageObject\",\"inLanguage\":\"ca-ES\",\"@id\":\"https:\\\/\\\/www.fundacioires.org\\\/ca\\\/mentre-haguem-de-mantenir-la-distancia-fisica-que-ens-apropin-les-paraules\\\/#primaryimage\",\"url\":\"https:\\\/\\\/i0.wp.com\\\/www.fundacioires.org\\\/wp-content\\\/uploads\\\/B_SJ20_XXSS_03_Julio_Negre_Mesa-de-trabajo-1.png?fit=1200%2C628&ssl=1\",\"contentUrl\":\"https:\\\/\\\/i0.wp.com\\\/www.fundacioires.org\\\/wp-content\\\/uploads\\\/B_SJ20_XXSS_03_Julio_Negre_Mesa-de-trabajo-1.png?fit=1200%2C628&ssl=1\",\"width\":1200,\"height\":628,\"caption\":\"Disseny de la Fundaci\u00f3 IRES amb la Rosa Blanca\"},{\"@type\":\"BreadcrumbList\",\"@id\":\"https:\\\/\\\/www.fundacioires.org\\\/ca\\\/mentre-haguem-de-mantenir-la-distancia-fisica-que-ens-apropin-les-paraules\\\/#breadcrumb\",\"itemListElement\":[{\"@type\":\"ListItem\",\"position\":1,\"name\":\"Portada\",\"item\":\"https:\\\/\\\/www.fundacioires.org\\\/\"},{\"@type\":\"ListItem\",\"position\":2,\"name\":\"Sant Jordi en juliol: que ens apropin les paraules!\"}]},{\"@type\":\"WebSite\",\"@id\":\"https:\\\/\\\/www.fundacioires.org\\\/#website\",\"url\":\"https:\\\/\\\/www.fundacioires.org\\\/\",\"name\":\"Fundaci\u00f3 IRES\",\"description\":\"\",\"publisher\":{\"@id\":\"https:\\\/\\\/www.fundacioires.org\\\/#organization\"},\"potentialAction\":[{\"@type\":\"SearchAction\",\"target\":{\"@type\":\"EntryPoint\",\"urlTemplate\":\"https:\\\/\\\/www.fundacioires.org\\\/?s={search_term_string}\"},\"query-input\":{\"@type\":\"PropertyValueSpecification\",\"valueRequired\":true,\"valueName\":\"search_term_string\"}}],\"inLanguage\":\"ca-ES\"},{\"@type\":\"Organization\",\"@id\":\"https:\\\/\\\/www.fundacioires.org\\\/#organization\",\"name\":\"Fundanci\u00f3n IRES\",\"url\":\"https:\\\/\\\/www.fundacioires.org\\\/\",\"logo\":{\"@type\":\"ImageObject\",\"inLanguage\":\"ca-ES\",\"@id\":\"https:\\\/\\\/www.fundacioires.org\\\/#\\\/schema\\\/logo\\\/image\\\/\",\"url\":\"https:\\\/\\\/i0.wp.com\\\/www.fundacioires.org\\\/wp-content\\\/uploads\\\/faviconIRES.png?fit=32%2C32&ssl=1\",\"contentUrl\":\"https:\\\/\\\/i0.wp.com\\\/www.fundacioires.org\\\/wp-content\\\/uploads\\\/faviconIRES.png?fit=32%2C32&ssl=1\",\"width\":32,\"height\":32,\"caption\":\"Fundanci\u00f3n IRES\"},\"image\":{\"@id\":\"https:\\\/\\\/www.fundacioires.org\\\/#\\\/schema\\\/logo\\\/image\\\/\"}},{\"@type\":\"Person\",\"@id\":\"https:\\\/\\\/www.fundacioires.org\\\/#\\\/schema\\\/person\\\/160af843c565221ef4664a5c7000791c\",\"name\":\"Fundaci\u00f3 IRES\"}]}<\/script>\n<!-- \/ Yoast SEO plugin. -->","yoast_head_json":{"title":"Sant Jordi en juliol: que ens apropin les paraules! - Fundaci\u00f3 IRES","robots":{"index":"index","follow":"follow","max-snippet":"max-snippet:-1","max-image-preview":"max-image-preview:large","max-video-preview":"max-video-preview:-1"},"canonical":"https:\/\/www.fundacioires.org\/ca\/mentre-haguem-de-mantenir-la-distancia-fisica-que-ens-apropin-les-paraules\/","og_locale":"ca_ES","og_type":"article","og_title":"Sant Jordi en juliol: que ens apropin les paraules! - Fundaci\u00f3 IRES","og_description":"Celebrem aquesta edici\u00f3 especial de Sant Jordi regalant-vos la nostra rosa digital amb poesia sobre la vulnerabilitat","og_url":"https:\/\/www.fundacioires.org\/ca\/mentre-haguem-de-mantenir-la-distancia-fisica-que-ens-apropin-les-paraules\/","og_site_name":"Fundaci\u00f3 IRES","article_published_time":"2020-07-22T15:09:22+00:00","article_modified_time":"2020-07-23T11:32:13+00:00","og_image":[{"width":1200,"height":628,"url":"https:\/\/i0.wp.com\/www.fundacioires.org\/wp-content\/uploads\/B_SJ20_XXSS_03_Julio_Negre_Mesa-de-trabajo-1.png?fit=1200%2C628&ssl=1","type":"image\/png"}],"author":"Fundaci\u00f3 IRES","twitter_card":"summary_large_image","twitter_misc":{"Written by":"Fundaci\u00f3 IRES","Est. reading time":"3 minutes"},"schema":{"@context":"https:\/\/schema.org","@graph":[{"@type":"Article","@id":"https:\/\/www.fundacioires.org\/ca\/mentre-haguem-de-mantenir-la-distancia-fisica-que-ens-apropin-les-paraules\/#article","isPartOf":{"@id":"https:\/\/www.fundacioires.org\/ca\/mentre-haguem-de-mantenir-la-distancia-fisica-que-ens-apropin-les-paraules\/"},"author":{"name":"Fundaci\u00f3 IRES","@id":"https:\/\/www.fundacioires.org\/#\/schema\/person\/160af843c565221ef4664a5c7000791c"},"headline":"Sant Jordi en juliol: que ens apropin les paraules!","datePublished":"2020-07-22T15:09:22+00:00","dateModified":"2020-07-23T11:32:13+00:00","mainEntityOfPage":{"@id":"https:\/\/www.fundacioires.org\/ca\/mentre-haguem-de-mantenir-la-distancia-fisica-que-ens-apropin-les-paraules\/"},"wordCount":674,"publisher":{"@id":"https:\/\/www.fundacioires.org\/#organization"},"image":{"@id":"https:\/\/www.fundacioires.org\/ca\/mentre-haguem-de-mantenir-la-distancia-fisica-que-ens-apropin-les-paraules\/#primaryimage"},"thumbnailUrl":"https:\/\/i0.wp.com\/www.fundacioires.org\/wp-content\/uploads\/B_SJ20_XXSS_03_Julio_Negre_Mesa-de-trabajo-1.png?fit=1200%2C628&ssl=1","keywords":["Sant Jordi"],"articleSection":["Campanyes de captaci\u00f3 i sensibilitzaci\u00f3"],"inLanguage":"ca-ES"},{"@type":"WebPage","@id":"https:\/\/www.fundacioires.org\/ca\/mentre-haguem-de-mantenir-la-distancia-fisica-que-ens-apropin-les-paraules\/","url":"https:\/\/www.fundacioires.org\/ca\/mentre-haguem-de-mantenir-la-distancia-fisica-que-ens-apropin-les-paraules\/","name":"Sant Jordi en juliol: que ens apropin les paraules! - Fundaci\u00f3 IRES","isPartOf":{"@id":"https:\/\/www.fundacioires.org\/#website"},"primaryImageOfPage":{"@id":"https:\/\/www.fundacioires.org\/ca\/mentre-haguem-de-mantenir-la-distancia-fisica-que-ens-apropin-les-paraules\/#primaryimage"},"image":{"@id":"https:\/\/www.fundacioires.org\/ca\/mentre-haguem-de-mantenir-la-distancia-fisica-que-ens-apropin-les-paraules\/#primaryimage"},"thumbnailUrl":"https:\/\/i0.wp.com\/www.fundacioires.org\/wp-content\/uploads\/B_SJ20_XXSS_03_Julio_Negre_Mesa-de-trabajo-1.png?fit=1200%2C628&ssl=1","datePublished":"2020-07-22T15:09:22+00:00","dateModified":"2020-07-23T11:32:13+00:00","breadcrumb":{"@id":"https:\/\/www.fundacioires.org\/ca\/mentre-haguem-de-mantenir-la-distancia-fisica-que-ens-apropin-les-paraules\/#breadcrumb"},"inLanguage":"ca-ES","potentialAction":[{"@type":"ReadAction","target":["https:\/\/www.fundacioires.org\/ca\/mentre-haguem-de-mantenir-la-distancia-fisica-que-ens-apropin-les-paraules\/"]}]},{"@type":"ImageObject","inLanguage":"ca-ES","@id":"https:\/\/www.fundacioires.org\/ca\/mentre-haguem-de-mantenir-la-distancia-fisica-que-ens-apropin-les-paraules\/#primaryimage","url":"https:\/\/i0.wp.com\/www.fundacioires.org\/wp-content\/uploads\/B_SJ20_XXSS_03_Julio_Negre_Mesa-de-trabajo-1.png?fit=1200%2C628&ssl=1","contentUrl":"https:\/\/i0.wp.com\/www.fundacioires.org\/wp-content\/uploads\/B_SJ20_XXSS_03_Julio_Negre_Mesa-de-trabajo-1.png?fit=1200%2C628&ssl=1","width":1200,"height":628,"caption":"Disseny de la Fundaci\u00f3 IRES amb la Rosa Blanca"},{"@type":"BreadcrumbList","@id":"https:\/\/www.fundacioires.org\/ca\/mentre-haguem-de-mantenir-la-distancia-fisica-que-ens-apropin-les-paraules\/#breadcrumb","itemListElement":[{"@type":"ListItem","position":1,"name":"Portada","item":"https:\/\/www.fundacioires.org\/"},{"@type":"ListItem","position":2,"name":"Sant Jordi en juliol: que ens apropin les paraules!"}]},{"@type":"WebSite","@id":"https:\/\/www.fundacioires.org\/#website","url":"https:\/\/www.fundacioires.org\/","name":"Fundaci\u00f3 IRES","description":"","publisher":{"@id":"https:\/\/www.fundacioires.org\/#organization"},"potentialAction":[{"@type":"SearchAction","target":{"@type":"EntryPoint","urlTemplate":"https:\/\/www.fundacioires.org\/?s={search_term_string}"},"query-input":{"@type":"PropertyValueSpecification","valueRequired":true,"valueName":"search_term_string"}}],"inLanguage":"ca-ES"},{"@type":"Organization","@id":"https:\/\/www.fundacioires.org\/#organization","name":"Fundanci\u00f3n IRES","url":"https:\/\/www.fundacioires.org\/","logo":{"@type":"ImageObject","inLanguage":"ca-ES","@id":"https:\/\/www.fundacioires.org\/#\/schema\/logo\/image\/","url":"https:\/\/i0.wp.com\/www.fundacioires.org\/wp-content\/uploads\/faviconIRES.png?fit=32%2C32&ssl=1","contentUrl":"https:\/\/i0.wp.com\/www.fundacioires.org\/wp-content\/uploads\/faviconIRES.png?fit=32%2C32&ssl=1","width":32,"height":32,"caption":"Fundanci\u00f3n IRES"},"image":{"@id":"https:\/\/www.fundacioires.org\/#\/schema\/logo\/image\/"}},{"@type":"Person","@id":"https:\/\/www.fundacioires.org\/#\/schema\/person\/160af843c565221ef4664a5c7000791c","name":"Fundaci\u00f3 IRES"}]}},"jetpack_featured_media_url":"https:\/\/i0.wp.com\/www.fundacioires.org\/wp-content\/uploads\/B_SJ20_XXSS_03_Julio_Negre_Mesa-de-trabajo-1.png?fit=1200%2C628&ssl=1","jetpack_sharing_enabled":true,"_links":{"self":[{"href":"https:\/\/www.fundacioires.org\/ca\/wp-json\/wp\/v2\/posts\/23278","targetHints":{"allow":["GET"]}}],"collection":[{"href":"https:\/\/www.fundacioires.org\/ca\/wp-json\/wp\/v2\/posts"}],"about":[{"href":"https:\/\/www.fundacioires.org\/ca\/wp-json\/wp\/v2\/types\/post"}],"author":[{"embeddable":true,"href":"https:\/\/www.fundacioires.org\/ca\/wp-json\/wp\/v2\/users\/7"}],"replies":[{"embeddable":true,"href":"https:\/\/www.fundacioires.org\/ca\/wp-json\/wp\/v2\/comments?post=23278"}],"version-history":[{"count":5,"href":"https:\/\/www.fundacioires.org\/ca\/wp-json\/wp\/v2\/posts\/23278\/revisions"}],"predecessor-version":[{"id":23391,"href":"https:\/\/www.fundacioires.org\/ca\/wp-json\/wp\/v2\/posts\/23278\/revisions\/23391"}],"wp:featuredmedia":[{"embeddable":true,"href":"https:\/\/www.fundacioires.org\/ca\/wp-json\/wp\/v2\/media\/23279"}],"wp:attachment":[{"href":"https:\/\/www.fundacioires.org\/ca\/wp-json\/wp\/v2\/media?parent=23278"}],"wp:term":[{"taxonomy":"category","embeddable":true,"href":"https:\/\/www.fundacioires.org\/ca\/wp-json\/wp\/v2\/categories?post=23278"},{"taxonomy":"post_tag","embeddable":true,"href":"https:\/\/www.fundacioires.org\/ca\/wp-json\/wp\/v2\/tags?post=23278"}],"curies":[{"name":"wp","href":"https:\/\/api.w.org\/{rel}","templated":true}]}}