{"id":23939,"date":"2020-08-20T15:15:51","date_gmt":"2020-08-20T13:15:51","guid":{"rendered":"https:\/\/www.fundacioires.org\/?p=23939"},"modified":"2020-09-02T12:25:46","modified_gmt":"2020-09-02T10:25:46","slug":"el-tercer-sector-davant-la-crisi-de-la-covid-19-reflexions-i-experiencies","status":"publish","type":"post","link":"https:\/\/www.fundacioires.org\/ca\/el-tercer-sector-davant-la-crisi-de-la-covid-19-reflexions-i-experiencies\/","title":{"rendered":"El Tercer Sector davant la crisi de la COVID-19: reflexions i experi\u00e8ncies"},"content":{"rendered":"\n<p class=\"has-text-color has-very-dark-gray-color\">Enguany ha estat probablement <strong>l\u2019any de la incertesa<\/strong>. Com vam dir fa diverses publicacions, afrontar la COVID-19 ha estat un esfor\u00e7 col\u00b7lectiu sense precedents i, a la vegada, ser\u00e0 un precedent en si mateix, ja que sembla que l\u2019acci\u00f3 social i la solidaritat seran indispensables. El futur de la societat, i per tant del sector, est\u00e0 ple d\u2019inc\u00f2gnites, i necessitem espais de reflexi\u00f3 i an\u00e0lisi per tal d&#8217;oferir respostes a l\u2019altura de les circumst\u00e0ncies.\u00a0<\/p>\n\n\n\n<p class=\"has-text-color has-very-dark-gray-color\">El Tercer Sector resisteix a l\u2019ombra d\u2019una <strong>paradoxa<\/strong>: les entitats d\u2019atenci\u00f3 socio-sanit\u00e0ria preveuen un agreujament del finan\u00e7ament \u2013recursos, amb molts noms\u2013, i les persones usu\u00e0ries ens necessitaran m\u00e9s que mai (atur, pobresa severa i\/o cronificada, sensallarisme, malnutrici\u00f3, escletxa digital, inclusi\u00f3 laboral\u2026). En aquest context, L\u2019Institut d&#8217;Innovaci\u00f3 Social d&#8217;Esade ha organitzat <strong>un espai de reflexi\u00f3 i innovaci\u00f3 col\u00b7lectiva<\/strong> que pret\u00e9n posar sobre la taula un an\u00e0lisi de les conseq\u00fc\u00e8ncies de la crisi, reptes compartits i possibles estrat\u00e8gies que caldr\u00e0 desplegar per tal de no oblidar als que han rebut (o rebr\u00e0n) amb m\u00e9s intensitat l\u2019impacte de la nova crisi.<\/p>\n\n\n\n<p class=\"has-text-color has-very-dark-gray-color\"> Han sigut moltes les entitats que vam participar en aquesta taula a trav\u00e9s dels seus \u00f2rgans de govern i direcci\u00f3, <strong>compartint la visi\u00f3 i realitat dels seus equips, i plantejant nous camins d\u2019oportunitats<\/strong> que calen contemplar. Des de la Fundaci\u00f3 IRES som part d\u2019aquest punt de projecci\u00f3 cap a un nou futur. En aquesta publicaci\u00f3, Ignasi Carreras, director del Programa Esade-PwC de Lideratge Social, planteja un mapa de la situaci\u00f3 actual, identifica tend\u00e8ncies i proposa temes rellevants com la <strong>innovaci\u00f3, la digitalitzaci\u00f3, el treball en xarxa, la cooperaci\u00f3 entre entitats<\/strong>, entre d&#8217;altres aspectes que s&#8217;han de tenir en compte.<\/p>\n\n\n\n<p style=\"color:#5d32a7\" class=\"has-text-color has-medium-font-size\"><strong>Qu\u00e8 canviar\u00e0 en la vida de les persones usu\u00e0ries? I per als socis i s\u00f2cies? Qu\u00e8 canviar\u00e0 en els nostres equips? Com evolucionaran els programes? Quin ser\u00e0 el nostre rol d\u2019influ\u00e8ncia? Qu\u00e8 passar\u00e0 amb les subvencions de les Administracions? Com es reinventar\u00e0 l&#8217;organitzaci\u00f3 i la forma de treballar?<\/strong><\/p>\n\n\n\n<p class=\"has-text-color has-very-dark-gray-color\">En aquest informe es pret\u00e9n donar respostes a diverses d\u2019aquestes preguntes i marcar un punt de partida cap a una nova manera de pensar i de fer en el sector.<\/p>\n\n\n\n<div class=\"wp-block-button aligncenter\"><a class=\"wp-block-button__link has-text-color has-background\" href=\"https:\/\/www.fundacioires.org\/wp-content\/uploads\/ESADEiSocial_2020-tercer-sector-crisis-covid-19.pdf\" style=\"background-color:#1cab8b;color:#ffffff\">Vols llegir l&#8217;informe?<\/a><\/div>\n\n\n\n<div class=\"wp-block-image\"><figure class=\"aligncenter is-resized\"><a href=\"https:\/\/www.fundacioires.org\/wp-content\/uploads\/ESADEiSocial_2020-tercer-sector-crisis-covid-19.pdf\"><img data-recalc-dims=\"1\" loading=\"lazy\" decoding=\"async\" src=\"https:\/\/i0.wp.com\/www.fundacioires.org\/wp-content\/uploads\/Captura-de-pantalla-2020-08-20-a-las-15.13.12.png?resize=308%2C436&#038;ssl=1\" alt=\"\" class=\"wp-image-23946\" width=\"308\" height=\"436\" srcset=\"https:\/\/i0.wp.com\/www.fundacioires.org\/wp-content\/uploads\/Captura-de-pantalla-2020-08-20-a-las-15.13.12.png?w=671&amp;ssl=1 671w, https:\/\/i0.wp.com\/www.fundacioires.org\/wp-content\/uploads\/Captura-de-pantalla-2020-08-20-a-las-15.13.12.png?resize=212%2C300&amp;ssl=1 212w\" sizes=\"(max-width: 308px) 100vw, 308px\" \/><\/a><\/figure><\/div>\n","protected":false},"excerpt":{"rendered":"<p>L&#8217;Institut d&#8217;Innovaci\u00f3 Social d&#8217;ESADE publica un informe que recopila els reptes, experi\u00e8ncies i reflexions que ens deixa la pand\u00e8mia<\/p>\n","protected":false},"author":7,"featured_media":23942,"comment_status":"closed","ping_status":"open","sticky":false,"template":"","format":"standard","meta":{"_jetpack_memberships_contains_paid_content":false,"footnotes":""},"categories":[24],"tags":[],"class_list":["post-23939","post","type-post","status-publish","format-standard","has-post-thumbnail","hentry","category-campanyes-de-captacio-i-sensibilitzacio"],"yoast_head":"<!-- This site is optimized with the Yoast SEO plugin v27.4 - https:\/\/yoast.com\/product\/yoast-seo-wordpress\/ -->\n<title>El Tercer Sector davant la crisi de la COVID-19: reflexions i experi\u00e8ncies - Fundaci\u00f3 IRES<\/title>\n<meta name=\"robots\" content=\"index, follow, max-snippet:-1, max-image-preview:large, max-video-preview:-1\" \/>\n<link rel=\"canonical\" href=\"https:\/\/www.fundacioires.org\/ca\/el-tercer-sector-davant-la-crisi-de-la-covid-19-reflexions-i-experiencies\/\" \/>\n<meta property=\"og:locale\" content=\"ca_ES\" \/>\n<meta property=\"og:type\" content=\"article\" \/>\n<meta property=\"og:title\" content=\"El Tercer Sector davant la crisi de la COVID-19: reflexions i experi\u00e8ncies - Fundaci\u00f3 IRES\" \/>\n<meta property=\"og:description\" content=\"L&#039;Institut d&#039;Innovaci\u00f3 Social d&#039;ESADE publica un informe que recopila els reptes, experi\u00e8ncies i reflexions que ens deixa la pand\u00e8mia\" \/>\n<meta property=\"og:url\" content=\"https:\/\/www.fundacioires.org\/ca\/el-tercer-sector-davant-la-crisi-de-la-covid-19-reflexions-i-experiencies\/\" \/>\n<meta property=\"og:site_name\" content=\"Fundaci\u00f3 IRES\" \/>\n<meta property=\"article:published_time\" content=\"2020-08-20T13:15:51+00:00\" \/>\n<meta property=\"article:modified_time\" content=\"2020-09-02T10:25:46+00:00\" \/>\n<meta property=\"og:image\" content=\"https:\/\/i1.wp.com\/www.fundacioires.org\/wp-content\/uploads\/Copy-of-Copy-of-Copy-of-Plantilla-Noticies-WEB-1-2.png?fit=1200%2C628&ssl=1\" \/>\n\t<meta property=\"og:image:width\" content=\"1200\" \/>\n\t<meta property=\"og:image:height\" content=\"628\" \/>\n\t<meta property=\"og:image:type\" content=\"image\/png\" \/>\n<meta name=\"author\" content=\"Fundaci\u00f3 IRES\" \/>\n<meta name=\"twitter:card\" content=\"summary_large_image\" \/>\n<meta name=\"twitter:label1\" content=\"Written by\" \/>\n\t<meta name=\"twitter:data1\" content=\"Fundaci\u00f3 IRES\" \/>\n\t<meta name=\"twitter:label2\" content=\"Est. reading time\" \/>\n\t<meta name=\"twitter:data2\" content=\"2 minutes\" \/>\n<script type=\"application\/ld+json\" class=\"yoast-schema-graph\">{\"@context\":\"https:\\\/\\\/schema.org\",\"@graph\":[{\"@type\":\"Article\",\"@id\":\"https:\\\/\\\/www.fundacioires.org\\\/ca\\\/el-tercer-sector-davant-la-crisi-de-la-covid-19-reflexions-i-experiencies\\\/#article\",\"isPartOf\":{\"@id\":\"https:\\\/\\\/www.fundacioires.org\\\/ca\\\/el-tercer-sector-davant-la-crisi-de-la-covid-19-reflexions-i-experiencies\\\/\"},\"author\":{\"name\":\"Fundaci\u00f3 IRES\",\"@id\":\"https:\\\/\\\/www.fundacioires.org\\\/#\\\/schema\\\/person\\\/160af843c565221ef4664a5c7000791c\"},\"headline\":\"El Tercer Sector davant la crisi de la COVID-19: reflexions i experi\u00e8ncies\",\"datePublished\":\"2020-08-20T13:15:51+00:00\",\"dateModified\":\"2020-09-02T10:25:46+00:00\",\"mainEntityOfPage\":{\"@id\":\"https:\\\/\\\/www.fundacioires.org\\\/ca\\\/el-tercer-sector-davant-la-crisi-de-la-covid-19-reflexions-i-experiencies\\\/\"},\"wordCount\":407,\"publisher\":{\"@id\":\"https:\\\/\\\/www.fundacioires.org\\\/#organization\"},\"image\":{\"@id\":\"https:\\\/\\\/www.fundacioires.org\\\/ca\\\/el-tercer-sector-davant-la-crisi-de-la-covid-19-reflexions-i-experiencies\\\/#primaryimage\"},\"thumbnailUrl\":\"https:\\\/\\\/i0.wp.com\\\/www.fundacioires.org\\\/wp-content\\\/uploads\\\/Copy-of-Copy-of-Copy-of-Plantilla-Noticies-WEB-1-2.png?fit=1200%2C628&ssl=1\",\"articleSection\":[\"Campanyes de captaci\u00f3 i sensibilitzaci\u00f3\"],\"inLanguage\":\"ca-ES\"},{\"@type\":\"WebPage\",\"@id\":\"https:\\\/\\\/www.fundacioires.org\\\/ca\\\/el-tercer-sector-davant-la-crisi-de-la-covid-19-reflexions-i-experiencies\\\/\",\"url\":\"https:\\\/\\\/www.fundacioires.org\\\/ca\\\/el-tercer-sector-davant-la-crisi-de-la-covid-19-reflexions-i-experiencies\\\/\",\"name\":\"El Tercer Sector davant la crisi de la COVID-19: reflexions i experi\u00e8ncies - Fundaci\u00f3 IRES\",\"isPartOf\":{\"@id\":\"https:\\\/\\\/www.fundacioires.org\\\/#website\"},\"primaryImageOfPage\":{\"@id\":\"https:\\\/\\\/www.fundacioires.org\\\/ca\\\/el-tercer-sector-davant-la-crisi-de-la-covid-19-reflexions-i-experiencies\\\/#primaryimage\"},\"image\":{\"@id\":\"https:\\\/\\\/www.fundacioires.org\\\/ca\\\/el-tercer-sector-davant-la-crisi-de-la-covid-19-reflexions-i-experiencies\\\/#primaryimage\"},\"thumbnailUrl\":\"https:\\\/\\\/i0.wp.com\\\/www.fundacioires.org\\\/wp-content\\\/uploads\\\/Copy-of-Copy-of-Copy-of-Plantilla-Noticies-WEB-1-2.png?fit=1200%2C628&ssl=1\",\"datePublished\":\"2020-08-20T13:15:51+00:00\",\"dateModified\":\"2020-09-02T10:25:46+00:00\",\"breadcrumb\":{\"@id\":\"https:\\\/\\\/www.fundacioires.org\\\/ca\\\/el-tercer-sector-davant-la-crisi-de-la-covid-19-reflexions-i-experiencies\\\/#breadcrumb\"},\"inLanguage\":\"ca-ES\",\"potentialAction\":[{\"@type\":\"ReadAction\",\"target\":[\"https:\\\/\\\/www.fundacioires.org\\\/ca\\\/el-tercer-sector-davant-la-crisi-de-la-covid-19-reflexions-i-experiencies\\\/\"]}]},{\"@type\":\"ImageObject\",\"inLanguage\":\"ca-ES\",\"@id\":\"https:\\\/\\\/www.fundacioires.org\\\/ca\\\/el-tercer-sector-davant-la-crisi-de-la-covid-19-reflexions-i-experiencies\\\/#primaryimage\",\"url\":\"https:\\\/\\\/i0.wp.com\\\/www.fundacioires.org\\\/wp-content\\\/uploads\\\/Copy-of-Copy-of-Copy-of-Plantilla-Noticies-WEB-1-2.png?fit=1200%2C628&ssl=1\",\"contentUrl\":\"https:\\\/\\\/i0.wp.com\\\/www.fundacioires.org\\\/wp-content\\\/uploads\\\/Copy-of-Copy-of-Copy-of-Plantilla-Noticies-WEB-1-2.png?fit=1200%2C628&ssl=1\",\"width\":1200,\"height\":628},{\"@type\":\"BreadcrumbList\",\"@id\":\"https:\\\/\\\/www.fundacioires.org\\\/ca\\\/el-tercer-sector-davant-la-crisi-de-la-covid-19-reflexions-i-experiencies\\\/#breadcrumb\",\"itemListElement\":[{\"@type\":\"ListItem\",\"position\":1,\"name\":\"Portada\",\"item\":\"https:\\\/\\\/www.fundacioires.org\\\/\"},{\"@type\":\"ListItem\",\"position\":2,\"name\":\"El Tercer Sector davant la crisi de la COVID-19: reflexions i experi\u00e8ncies\"}]},{\"@type\":\"WebSite\",\"@id\":\"https:\\\/\\\/www.fundacioires.org\\\/#website\",\"url\":\"https:\\\/\\\/www.fundacioires.org\\\/\",\"name\":\"Fundaci\u00f3 IRES\",\"description\":\"\",\"publisher\":{\"@id\":\"https:\\\/\\\/www.fundacioires.org\\\/#organization\"},\"potentialAction\":[{\"@type\":\"SearchAction\",\"target\":{\"@type\":\"EntryPoint\",\"urlTemplate\":\"https:\\\/\\\/www.fundacioires.org\\\/?s={search_term_string}\"},\"query-input\":{\"@type\":\"PropertyValueSpecification\",\"valueRequired\":true,\"valueName\":\"search_term_string\"}}],\"inLanguage\":\"ca-ES\"},{\"@type\":\"Organization\",\"@id\":\"https:\\\/\\\/www.fundacioires.org\\\/#organization\",\"name\":\"Fundanci\u00f3n IRES\",\"url\":\"https:\\\/\\\/www.fundacioires.org\\\/\",\"logo\":{\"@type\":\"ImageObject\",\"inLanguage\":\"ca-ES\",\"@id\":\"https:\\\/\\\/www.fundacioires.org\\\/#\\\/schema\\\/logo\\\/image\\\/\",\"url\":\"https:\\\/\\\/i0.wp.com\\\/www.fundacioires.org\\\/wp-content\\\/uploads\\\/faviconIRES.png?fit=32%2C32&ssl=1\",\"contentUrl\":\"https:\\\/\\\/i0.wp.com\\\/www.fundacioires.org\\\/wp-content\\\/uploads\\\/faviconIRES.png?fit=32%2C32&ssl=1\",\"width\":32,\"height\":32,\"caption\":\"Fundanci\u00f3n IRES\"},\"image\":{\"@id\":\"https:\\\/\\\/www.fundacioires.org\\\/#\\\/schema\\\/logo\\\/image\\\/\"}},{\"@type\":\"Person\",\"@id\":\"https:\\\/\\\/www.fundacioires.org\\\/#\\\/schema\\\/person\\\/160af843c565221ef4664a5c7000791c\",\"name\":\"Fundaci\u00f3 IRES\"}]}<\/script>\n<!-- \/ Yoast SEO plugin. -->","yoast_head_json":{"title":"El Tercer Sector davant la crisi de la COVID-19: reflexions i experi\u00e8ncies - Fundaci\u00f3 IRES","robots":{"index":"index","follow":"follow","max-snippet":"max-snippet:-1","max-image-preview":"max-image-preview:large","max-video-preview":"max-video-preview:-1"},"canonical":"https:\/\/www.fundacioires.org\/ca\/el-tercer-sector-davant-la-crisi-de-la-covid-19-reflexions-i-experiencies\/","og_locale":"ca_ES","og_type":"article","og_title":"El Tercer Sector davant la crisi de la COVID-19: reflexions i experi\u00e8ncies - Fundaci\u00f3 IRES","og_description":"L'Institut d'Innovaci\u00f3 Social d'ESADE publica un informe que recopila els reptes, experi\u00e8ncies i reflexions que ens deixa la pand\u00e8mia","og_url":"https:\/\/www.fundacioires.org\/ca\/el-tercer-sector-davant-la-crisi-de-la-covid-19-reflexions-i-experiencies\/","og_site_name":"Fundaci\u00f3 IRES","article_published_time":"2020-08-20T13:15:51+00:00","article_modified_time":"2020-09-02T10:25:46+00:00","og_image":[{"width":1200,"height":628,"url":"https:\/\/i1.wp.com\/www.fundacioires.org\/wp-content\/uploads\/Copy-of-Copy-of-Copy-of-Plantilla-Noticies-WEB-1-2.png?fit=1200%2C628&ssl=1","type":"image\/png"}],"author":"Fundaci\u00f3 IRES","twitter_card":"summary_large_image","twitter_misc":{"Written by":"Fundaci\u00f3 IRES","Est. reading time":"2 minutes"},"schema":{"@context":"https:\/\/schema.org","@graph":[{"@type":"Article","@id":"https:\/\/www.fundacioires.org\/ca\/el-tercer-sector-davant-la-crisi-de-la-covid-19-reflexions-i-experiencies\/#article","isPartOf":{"@id":"https:\/\/www.fundacioires.org\/ca\/el-tercer-sector-davant-la-crisi-de-la-covid-19-reflexions-i-experiencies\/"},"author":{"name":"Fundaci\u00f3 IRES","@id":"https:\/\/www.fundacioires.org\/#\/schema\/person\/160af843c565221ef4664a5c7000791c"},"headline":"El Tercer Sector davant la crisi de la COVID-19: reflexions i experi\u00e8ncies","datePublished":"2020-08-20T13:15:51+00:00","dateModified":"2020-09-02T10:25:46+00:00","mainEntityOfPage":{"@id":"https:\/\/www.fundacioires.org\/ca\/el-tercer-sector-davant-la-crisi-de-la-covid-19-reflexions-i-experiencies\/"},"wordCount":407,"publisher":{"@id":"https:\/\/www.fundacioires.org\/#organization"},"image":{"@id":"https:\/\/www.fundacioires.org\/ca\/el-tercer-sector-davant-la-crisi-de-la-covid-19-reflexions-i-experiencies\/#primaryimage"},"thumbnailUrl":"https:\/\/i0.wp.com\/www.fundacioires.org\/wp-content\/uploads\/Copy-of-Copy-of-Copy-of-Plantilla-Noticies-WEB-1-2.png?fit=1200%2C628&ssl=1","articleSection":["Campanyes de captaci\u00f3 i sensibilitzaci\u00f3"],"inLanguage":"ca-ES"},{"@type":"WebPage","@id":"https:\/\/www.fundacioires.org\/ca\/el-tercer-sector-davant-la-crisi-de-la-covid-19-reflexions-i-experiencies\/","url":"https:\/\/www.fundacioires.org\/ca\/el-tercer-sector-davant-la-crisi-de-la-covid-19-reflexions-i-experiencies\/","name":"El Tercer Sector davant la crisi de la COVID-19: reflexions i experi\u00e8ncies - Fundaci\u00f3 IRES","isPartOf":{"@id":"https:\/\/www.fundacioires.org\/#website"},"primaryImageOfPage":{"@id":"https:\/\/www.fundacioires.org\/ca\/el-tercer-sector-davant-la-crisi-de-la-covid-19-reflexions-i-experiencies\/#primaryimage"},"image":{"@id":"https:\/\/www.fundacioires.org\/ca\/el-tercer-sector-davant-la-crisi-de-la-covid-19-reflexions-i-experiencies\/#primaryimage"},"thumbnailUrl":"https:\/\/i0.wp.com\/www.fundacioires.org\/wp-content\/uploads\/Copy-of-Copy-of-Copy-of-Plantilla-Noticies-WEB-1-2.png?fit=1200%2C628&ssl=1","datePublished":"2020-08-20T13:15:51+00:00","dateModified":"2020-09-02T10:25:46+00:00","breadcrumb":{"@id":"https:\/\/www.fundacioires.org\/ca\/el-tercer-sector-davant-la-crisi-de-la-covid-19-reflexions-i-experiencies\/#breadcrumb"},"inLanguage":"ca-ES","potentialAction":[{"@type":"ReadAction","target":["https:\/\/www.fundacioires.org\/ca\/el-tercer-sector-davant-la-crisi-de-la-covid-19-reflexions-i-experiencies\/"]}]},{"@type":"ImageObject","inLanguage":"ca-ES","@id":"https:\/\/www.fundacioires.org\/ca\/el-tercer-sector-davant-la-crisi-de-la-covid-19-reflexions-i-experiencies\/#primaryimage","url":"https:\/\/i0.wp.com\/www.fundacioires.org\/wp-content\/uploads\/Copy-of-Copy-of-Copy-of-Plantilla-Noticies-WEB-1-2.png?fit=1200%2C628&ssl=1","contentUrl":"https:\/\/i0.wp.com\/www.fundacioires.org\/wp-content\/uploads\/Copy-of-Copy-of-Copy-of-Plantilla-Noticies-WEB-1-2.png?fit=1200%2C628&ssl=1","width":1200,"height":628},{"@type":"BreadcrumbList","@id":"https:\/\/www.fundacioires.org\/ca\/el-tercer-sector-davant-la-crisi-de-la-covid-19-reflexions-i-experiencies\/#breadcrumb","itemListElement":[{"@type":"ListItem","position":1,"name":"Portada","item":"https:\/\/www.fundacioires.org\/"},{"@type":"ListItem","position":2,"name":"El Tercer Sector davant la crisi de la COVID-19: reflexions i experi\u00e8ncies"}]},{"@type":"WebSite","@id":"https:\/\/www.fundacioires.org\/#website","url":"https:\/\/www.fundacioires.org\/","name":"Fundaci\u00f3 IRES","description":"","publisher":{"@id":"https:\/\/www.fundacioires.org\/#organization"},"potentialAction":[{"@type":"SearchAction","target":{"@type":"EntryPoint","urlTemplate":"https:\/\/www.fundacioires.org\/?s={search_term_string}"},"query-input":{"@type":"PropertyValueSpecification","valueRequired":true,"valueName":"search_term_string"}}],"inLanguage":"ca-ES"},{"@type":"Organization","@id":"https:\/\/www.fundacioires.org\/#organization","name":"Fundanci\u00f3n IRES","url":"https:\/\/www.fundacioires.org\/","logo":{"@type":"ImageObject","inLanguage":"ca-ES","@id":"https:\/\/www.fundacioires.org\/#\/schema\/logo\/image\/","url":"https:\/\/i0.wp.com\/www.fundacioires.org\/wp-content\/uploads\/faviconIRES.png?fit=32%2C32&ssl=1","contentUrl":"https:\/\/i0.wp.com\/www.fundacioires.org\/wp-content\/uploads\/faviconIRES.png?fit=32%2C32&ssl=1","width":32,"height":32,"caption":"Fundanci\u00f3n IRES"},"image":{"@id":"https:\/\/www.fundacioires.org\/#\/schema\/logo\/image\/"}},{"@type":"Person","@id":"https:\/\/www.fundacioires.org\/#\/schema\/person\/160af843c565221ef4664a5c7000791c","name":"Fundaci\u00f3 IRES"}]}},"jetpack_featured_media_url":"https:\/\/i0.wp.com\/www.fundacioires.org\/wp-content\/uploads\/Copy-of-Copy-of-Copy-of-Plantilla-Noticies-WEB-1-2.png?fit=1200%2C628&ssl=1","jetpack_sharing_enabled":true,"_links":{"self":[{"href":"https:\/\/www.fundacioires.org\/ca\/wp-json\/wp\/v2\/posts\/23939","targetHints":{"allow":["GET"]}}],"collection":[{"href":"https:\/\/www.fundacioires.org\/ca\/wp-json\/wp\/v2\/posts"}],"about":[{"href":"https:\/\/www.fundacioires.org\/ca\/wp-json\/wp\/v2\/types\/post"}],"author":[{"embeddable":true,"href":"https:\/\/www.fundacioires.org\/ca\/wp-json\/wp\/v2\/users\/7"}],"replies":[{"embeddable":true,"href":"https:\/\/www.fundacioires.org\/ca\/wp-json\/wp\/v2\/comments?post=23939"}],"version-history":[{"count":5,"href":"https:\/\/www.fundacioires.org\/ca\/wp-json\/wp\/v2\/posts\/23939\/revisions"}],"predecessor-version":[{"id":24214,"href":"https:\/\/www.fundacioires.org\/ca\/wp-json\/wp\/v2\/posts\/23939\/revisions\/24214"}],"wp:featuredmedia":[{"embeddable":true,"href":"https:\/\/www.fundacioires.org\/ca\/wp-json\/wp\/v2\/media\/23942"}],"wp:attachment":[{"href":"https:\/\/www.fundacioires.org\/ca\/wp-json\/wp\/v2\/media?parent=23939"}],"wp:term":[{"taxonomy":"category","embeddable":true,"href":"https:\/\/www.fundacioires.org\/ca\/wp-json\/wp\/v2\/categories?post=23939"},{"taxonomy":"post_tag","embeddable":true,"href":"https:\/\/www.fundacioires.org\/ca\/wp-json\/wp\/v2\/tags?post=23939"}],"curies":[{"name":"wp","href":"https:\/\/api.w.org\/{rel}","templated":true}]}}