{"id":24161,"date":"2020-09-02T10:38:14","date_gmt":"2020-09-02T08:38:14","guid":{"rendered":"https:\/\/www.fundacioires.org\/?p=24161"},"modified":"2020-09-02T13:05:40","modified_gmt":"2020-09-02T11:05:40","slug":"el-casal-destiu-de-barcelona-arriba-a-gairebe-70-infants-i-joves-en-un-estiu-excepcional","status":"publish","type":"post","link":"https:\/\/www.fundacioires.org\/ca\/el-casal-destiu-de-barcelona-arriba-a-gairebe-70-infants-i-joves-en-un-estiu-excepcional\/","title":{"rendered":"El Casal d\u2019Estiu de Barcelona arriba a m\u00e9s de 65 infants i joves en un estiu excepcional"},"content":{"rendered":"\n<p class=\"has-text-color has-very-dark-gray-color\">Per a moltes fam\u00edlies <strong>amb l\u2019estiu va arribar la prova de foc<\/strong>. Despr\u00e9s d\u2019haver transitat la incertesa de la quarantena, es trobaren davant una pregunta gegant: <strong>qu\u00e8 fem amb els infants?<\/strong> I amb aquesta pregunta, m\u00e9s inc\u00f2gnites sense resposta per a moltes persones usu\u00e0ries, totes elles al voltant de la incapacitat de garantir un estiu adient al desenvolupament i les necessitats dels m\u00e9s petits i petites de la casa.<\/p>\n\n\n\n<p class=\"has-text-color has-very-dark-gray-color\"><strong>Els infants s\u00f3n el futur, per\u00f2 tamb\u00e9 el present<\/strong>, per aix\u00f2 hem de garantir el seu desenvolupament com a prioritat, i necessiten \u2013probablement m\u00e9s que mai\u2013 gaudir d\u2019un estiu que compensi l&#8217;impacte emocional i social de les estranyes condicions que han enva\u00eft tot durant els darrers mesos. <strong>No obstant aix\u00f2, no totes les fam\u00edlies es poden permetre aquest canvi d\u2019aires i desconnexi\u00f3<\/strong> que tothom t\u00e9 al cap quan pensa en les vacances.&nbsp;<\/p>\n\n\n\n<p class=\"has-text-color has-very-dark-gray-color\">I, per atendre aquesta necessitat, impulsem <strong>el Casal d\u2019estiu, un espai de trobada vinculat al programa del <a href=\"https:\/\/www.fundacioires.org\/ca\/que-fem\/ecosistema-de-projectes\/projecte-casal-en-familia\/\">Casal en Fam\u00edlia<\/a> que promou el desenvolupament emocional i social dels infants a trav\u00e9s del joc, el temps lliure i la vida comunit\u00e0ria<\/strong>. A m\u00e9s, des de la nostra mirada integral de treball, aquests projectes afavoreixen el benestar de tots els membres de la fam\u00edlia, per exemple, en termes de conciliaci\u00f3.<\/p>\n\n\n\n<figure class=\"wp-block-image\"><img data-recalc-dims=\"1\" loading=\"lazy\" decoding=\"async\" width=\"1024\" height=\"536\" src=\"https:\/\/i0.wp.com\/www.fundacioires.org\/wp-content\/uploads\/Noti%CC%81cia-Fundacio%CC%81-IRES-2-1-1024x536.png?resize=1024%2C536&#038;ssl=1\" alt=\"\" class=\"wp-image-24186\" srcset=\"https:\/\/i0.wp.com\/www.fundacioires.org\/wp-content\/uploads\/Noti%CC%81cia-Fundacio%CC%81-IRES-2-1.png?resize=1024%2C536&amp;ssl=1 1024w, https:\/\/i0.wp.com\/www.fundacioires.org\/wp-content\/uploads\/Noti%CC%81cia-Fundacio%CC%81-IRES-2-1.png?resize=300%2C157&amp;ssl=1 300w, https:\/\/i0.wp.com\/www.fundacioires.org\/wp-content\/uploads\/Noti%CC%81cia-Fundacio%CC%81-IRES-2-1.png?resize=768%2C402&amp;ssl=1 768w, https:\/\/i0.wp.com\/www.fundacioires.org\/wp-content\/uploads\/Noti%CC%81cia-Fundacio%CC%81-IRES-2-1.png?w=1200&amp;ssl=1 1200w\" sizes=\"(max-width: 1000px) 100vw, 1000px\" \/><\/figure>\n\n\n\n<p class=\"has-text-color has-very-dark-gray-color\">Enguany han estat gaireb\u00e9 <strong>70 fam\u00edlies<\/strong> que han pogut donar resposta a aquesta necessitat, gr\u00e0cies als equips del Casal en Fam\u00edlia, que han pogut ampliar l&#8217;oferta d\u2019activitats d\u2019aquest estiu. Malgrat les mascaretes, la dist\u00e0ncia i els protocols sanitaris, els nens i nenes han pogut <strong>crear noves amistats, enfortir vincles i viure unes vacances memorables. <\/strong>Des d\u2019aquest programa hem pogut donar un servei essencial per als <strong>infants i joves del barri de La Pau i rodalies<\/strong>, oferint activitats de lleure i sortides a la natura.<\/p>\n\n\n\n<p class=\"has-text-color has-very-dark-gray-color\">Aquest estiu, els <strong>infants del Casal han viscut aventures<\/strong> al <em>Bosc Vertical<\/em> de Matar\u00f3 i han fet un <em>taller de circ<\/em> a l\u2019Ateneu de 9Barris; tamb\u00e9 van riure ben fort al <em>Tibidabo<\/em>, <em>Illa Fantasia<\/em> i al <em>Zoo de Barcelona<\/em>, a m\u00e9s de fregar els cels en <em>Salting<\/em>. Durant els dies de Casal, van viure diferents activitats i din\u00e0miques relacionades amb el <em>Centre d&#8217;Inter\u00e8s de la Capitana Pastanaga<\/em>, treballant per aconseguir s\u00faper poders. D\u2019altra banda, <strong>una part del grup de joves va marxar d&#8217;acampada<\/strong> durant 5 dies a <em>Vilanova de Sau<\/em>, a tocar del Pant\u00e0 de Sau, conegut per tenir visible un campanar enmig del pant\u00e0. Els i les joves van realitzar activitats de <em>senderisme<\/em>, <em>piscina<\/em>, <em>bosc d&#8217;aventures<\/em> i, fins i tot, una activitat amb <em>caiac<\/em>!<\/p>\n\n\n\n<div class=\"wp-block-jetpack-tiled-gallery aligncenter is-style-rectangular\"><div class=\"tiled-gallery__gallery\"><div class=\"tiled-gallery__row\"><div class=\"tiled-gallery__col\"><figure class=\"tiled-gallery__item\"><img decoding=\"async\" srcset=\"https:\/\/i2.wp.com\/www.fundacioires.org\/wp-content\/uploads\/IMG-20200819-WA0037.jpg?strip=info&#038;w=600&#038;ssl=1 600w,https:\/\/i2.wp.com\/www.fundacioires.org\/wp-content\/uploads\/IMG-20200819-WA0037.jpg?strip=info&#038;w=900&#038;ssl=1 900w,https:\/\/i2.wp.com\/www.fundacioires.org\/wp-content\/uploads\/IMG-20200819-WA0037.jpg?strip=info&#038;w=1200&#038;ssl=1 1200w,https:\/\/i2.wp.com\/www.fundacioires.org\/wp-content\/uploads\/IMG-20200819-WA0037.jpg?strip=info&#038;w=1500&#038;ssl=1 1500w,https:\/\/i2.wp.com\/www.fundacioires.org\/wp-content\/uploads\/IMG-20200819-WA0037.jpg?strip=info&#038;w=1800&#038;ssl=1 1800w,https:\/\/i2.wp.com\/www.fundacioires.org\/wp-content\/uploads\/IMG-20200819-WA0037.jpg?strip=info&#038;w=2000&#038;ssl=1 2000w\" alt=\"\" data-height=\"1500\" data-id=\"24178\" data-link=\"https:\/\/www.fundacioires.org\/el-casal-destiu-de-barcelona-arriba-a-gairebe-70-infants-i-joves-en-un-estiu-excepcional\/img-20200819-wa0037\/\" data-url=\"https:\/\/www.fundacioires.org\/wp-content\/uploads\/IMG-20200819-WA0037.jpg\" data-width=\"2000\" src=\"https:\/\/i2.wp.com\/www.fundacioires.org\/wp-content\/uploads\/IMG-20200819-WA0037.jpg?ssl=1\"\/><\/figure><\/div><div class=\"tiled-gallery__col\"><figure class=\"tiled-gallery__item\"><img decoding=\"async\" srcset=\"https:\/\/i0.wp.com\/www.fundacioires.org\/wp-content\/uploads\/20200821_183843.jpg?strip=info&#038;w=600&#038;ssl=1 600w,https:\/\/i0.wp.com\/www.fundacioires.org\/wp-content\/uploads\/20200821_183843.jpg?strip=info&#038;w=900&#038;ssl=1 900w,https:\/\/i0.wp.com\/www.fundacioires.org\/wp-content\/uploads\/20200821_183843.jpg?strip=info&#038;w=1200&#038;ssl=1 1200w,https:\/\/i0.wp.com\/www.fundacioires.org\/wp-content\/uploads\/20200821_183843.jpg?strip=info&#038;w=1500&#038;ssl=1 1500w,https:\/\/i0.wp.com\/www.fundacioires.org\/wp-content\/uploads\/20200821_183843.jpg?strip=info&#038;w=1800&#038;ssl=1 1800w,https:\/\/i0.wp.com\/www.fundacioires.org\/wp-content\/uploads\/20200821_183843.jpg?strip=info&#038;w=2000&#038;ssl=1 2000w\" alt=\"\" data-height=\"3072\" data-id=\"24172\" data-link=\"https:\/\/www.fundacioires.org\/el-casal-destiu-de-barcelona-arriba-a-gairebe-70-infants-i-joves-en-un-estiu-excepcional\/20200821_183843\/\" data-url=\"https:\/\/www.fundacioires.org\/wp-content\/uploads\/20200821_183843.jpg\" data-width=\"3990\" src=\"https:\/\/i0.wp.com\/www.fundacioires.org\/wp-content\/uploads\/20200821_183843.jpg?ssl=1\"\/><\/figure><figure class=\"tiled-gallery__item\"><img decoding=\"async\" srcset=\"https:\/\/i1.wp.com\/www.fundacioires.org\/wp-content\/uploads\/20200813_111403.jpg?strip=info&#038;w=600&#038;ssl=1 600w,https:\/\/i1.wp.com\/www.fundacioires.org\/wp-content\/uploads\/20200813_111403.jpg?strip=info&#038;w=900&#038;ssl=1 900w,https:\/\/i1.wp.com\/www.fundacioires.org\/wp-content\/uploads\/20200813_111403.jpg?strip=info&#038;w=1200&#038;ssl=1 1200w,https:\/\/i1.wp.com\/www.fundacioires.org\/wp-content\/uploads\/20200813_111403.jpg?strip=info&#038;w=1500&#038;ssl=1 1500w,https:\/\/i1.wp.com\/www.fundacioires.org\/wp-content\/uploads\/20200813_111403.jpg?strip=info&#038;w=1800&#038;ssl=1 1800w,https:\/\/i1.wp.com\/www.fundacioires.org\/wp-content\/uploads\/20200813_111403.jpg?strip=info&#038;w=2000&#038;ssl=1 2000w\" alt=\"\" data-height=\"3456\" data-id=\"24170\" data-link=\"https:\/\/www.fundacioires.org\/el-casal-destiu-de-barcelona-arriba-a-gairebe-70-infants-i-joves-en-un-estiu-excepcional\/20200813_111403\/\" data-url=\"https:\/\/www.fundacioires.org\/wp-content\/uploads\/20200813_111403.jpg\" data-width=\"4608\" src=\"https:\/\/i1.wp.com\/www.fundacioires.org\/wp-content\/uploads\/20200813_111403.jpg?ssl=1\"\/><\/figure><\/div><\/div><\/div><\/div>\n\n\n\n<p style=\"background-color:#effffc;color:#1cab8b\" class=\"has-text-color has-background has-medium-font-size\">Des dels <strong>programes d\u2019atenci\u00f3 a la inf\u00e0ncia de la Fundaci\u00f3 IRES<\/strong> treballem per garantir el benestar i la igualtat d\u2019oportunitats entre els nens i nenes en situaci\u00f3 de vulnerabilitat.<\/p>\n\n\n\n<figure class=\"wp-block-image\"><img data-recalc-dims=\"1\" loading=\"lazy\" decoding=\"async\" width=\"1024\" height=\"536\" src=\"https:\/\/i0.wp.com\/www.fundacioires.org\/wp-content\/uploads\/2-21.png?resize=1024%2C536&#038;ssl=1\" alt=\"\" class=\"wp-image-24164\" srcset=\"https:\/\/i0.wp.com\/www.fundacioires.org\/wp-content\/uploads\/2-21.png?resize=1024%2C536&amp;ssl=1 1024w, https:\/\/i0.wp.com\/www.fundacioires.org\/wp-content\/uploads\/2-21.png?resize=300%2C157&amp;ssl=1 300w, https:\/\/i0.wp.com\/www.fundacioires.org\/wp-content\/uploads\/2-21.png?resize=768%2C402&amp;ssl=1 768w, https:\/\/i0.wp.com\/www.fundacioires.org\/wp-content\/uploads\/2-21.png?w=1200&amp;ssl=1 1200w\" sizes=\"(max-width: 1000px) 100vw, 1000px\" \/><\/figure>\n\n\n\n<div class=\"wp-block-button aligncenter is-style-squared\"><a class=\"wp-block-button__link has-text-color has-background\" href=\"https:\/\/www.fundacioires.org\/ca\/donacions\/\" style=\"background-color:#f44144;color:#ffffff\"><strong>Ajuda\u2019ns a seguir!<\/strong><\/a><\/div>\n\n\n\n<p>El Casal d&#8217;Estiu compta amb la col\u00b7laboraci\u00f3 del <strong><a href=\"https:\/\/fundacionlacaixa.org\/ca\/caixaproinfancia-la-caixa-contra-pobresa-infantil\">Programa CaixaProinfancia de l&#8217;Obra Social La Caixa<\/a><\/strong>, orientat a trencar el cercle de la pobresa i pferir als m\u00e9s petits i petites oportunitats de futur. A m\u00e9s, hi participa la <strong><a href=\"https:\/\/www.nouscims.com\/ca\/\">Fundaci\u00f3 Nous Cims<\/a><\/strong>, una entitat sense \u00e0nim lucratiu que d\u00f2na support a projectes d&#8217;impacte en les persones en l&#8217;\u00e0mbit de l&#8217;ocupabilitat, el benestar emocional i el desenvolupament global. <strong>Gr\u00e0cies per fer possible un estiu excepcional!<\/strong><\/p>\n","protected":false},"excerpt":{"rendered":"<p>Des de la Fundaci\u00f3 IRES treballem per garantir el dret a l\u2019oci educatiu dels infants que no tenen oportunitat de marxar de vacances a trav\u00e9s d\u2019aquest servei del Casal en Fam\u00edlia<\/p>\n","protected":false},"author":7,"featured_media":24182,"comment_status":"closed","ping_status":"open","sticky":false,"template":"","format":"standard","meta":{"_jetpack_memberships_contains_paid_content":false,"footnotes":""},"categories":[20],"tags":[],"class_list":["post-24161","post","type-post","status-publish","format-standard","has-post-thumbnail","hentry","category-la-nostra-accio-social"],"yoast_head":"<!-- This site is optimized with the Yoast SEO plugin v27.4 - https:\/\/yoast.com\/product\/yoast-seo-wordpress\/ -->\n<title>El Casal d\u2019Estiu de Barcelona arriba a m\u00e9s de 65 infants i joves en un estiu excepcional - Fundaci\u00f3 IRES<\/title>\n<meta name=\"robots\" content=\"index, follow, max-snippet:-1, max-image-preview:large, max-video-preview:-1\" \/>\n<link rel=\"canonical\" href=\"https:\/\/www.fundacioires.org\/ca\/el-casal-destiu-de-barcelona-arriba-a-gairebe-70-infants-i-joves-en-un-estiu-excepcional\/\" \/>\n<meta property=\"og:locale\" content=\"ca_ES\" \/>\n<meta property=\"og:type\" content=\"article\" \/>\n<meta property=\"og:title\" content=\"El Casal d\u2019Estiu de Barcelona arriba a m\u00e9s de 65 infants i joves en un estiu excepcional - Fundaci\u00f3 IRES\" \/>\n<meta property=\"og:description\" content=\"Des de la Fundaci\u00f3 IRES treballem per garantir el dret a l\u2019oci educatiu dels infants que no tenen oportunitat de marxar de vacances a trav\u00e9s d\u2019aquest servei del Casal en Fam\u00edlia\" \/>\n<meta property=\"og:url\" content=\"https:\/\/www.fundacioires.org\/ca\/el-casal-destiu-de-barcelona-arriba-a-gairebe-70-infants-i-joves-en-un-estiu-excepcional\/\" \/>\n<meta property=\"og:site_name\" content=\"Fundaci\u00f3 IRES\" \/>\n<meta property=\"article:published_time\" content=\"2020-09-02T08:38:14+00:00\" \/>\n<meta property=\"article:modified_time\" content=\"2020-09-02T11:05:40+00:00\" \/>\n<meta property=\"og:image\" content=\"https:\/\/i0.wp.com\/www.fundacioires.org\/wp-content\/uploads\/Noti\u0301cia-Fundacio\u0301-IRES-3.png?fit=1200%2C628&ssl=1\" \/>\n\t<meta property=\"og:image:width\" content=\"1200\" \/>\n\t<meta property=\"og:image:height\" content=\"628\" \/>\n\t<meta property=\"og:image:type\" content=\"image\/png\" \/>\n<meta name=\"author\" content=\"Fundaci\u00f3 IRES\" \/>\n<meta name=\"twitter:card\" content=\"summary_large_image\" \/>\n<meta name=\"twitter:label1\" content=\"Written by\" \/>\n\t<meta name=\"twitter:data1\" content=\"Fundaci\u00f3 IRES\" \/>\n\t<meta name=\"twitter:label2\" content=\"Est. reading time\" \/>\n\t<meta name=\"twitter:data2\" content=\"3 minutes\" \/>\n<script type=\"application\/ld+json\" class=\"yoast-schema-graph\">{\"@context\":\"https:\\\/\\\/schema.org\",\"@graph\":[{\"@type\":\"Article\",\"@id\":\"https:\\\/\\\/www.fundacioires.org\\\/ca\\\/el-casal-destiu-de-barcelona-arriba-a-gairebe-70-infants-i-joves-en-un-estiu-excepcional\\\/#article\",\"isPartOf\":{\"@id\":\"https:\\\/\\\/www.fundacioires.org\\\/ca\\\/el-casal-destiu-de-barcelona-arriba-a-gairebe-70-infants-i-joves-en-un-estiu-excepcional\\\/\"},\"author\":{\"name\":\"Fundaci\u00f3 IRES\",\"@id\":\"https:\\\/\\\/www.fundacioires.org\\\/#\\\/schema\\\/person\\\/160af843c565221ef4664a5c7000791c\"},\"headline\":\"El Casal d\u2019Estiu de Barcelona arriba a m\u00e9s de 65 infants i joves en un estiu excepcional\",\"datePublished\":\"2020-09-02T08:38:14+00:00\",\"dateModified\":\"2020-09-02T11:05:40+00:00\",\"mainEntityOfPage\":{\"@id\":\"https:\\\/\\\/www.fundacioires.org\\\/ca\\\/el-casal-destiu-de-barcelona-arriba-a-gairebe-70-infants-i-joves-en-un-estiu-excepcional\\\/\"},\"wordCount\":592,\"publisher\":{\"@id\":\"https:\\\/\\\/www.fundacioires.org\\\/#organization\"},\"image\":{\"@id\":\"https:\\\/\\\/www.fundacioires.org\\\/ca\\\/el-casal-destiu-de-barcelona-arriba-a-gairebe-70-infants-i-joves-en-un-estiu-excepcional\\\/#primaryimage\"},\"thumbnailUrl\":\"https:\\\/\\\/i0.wp.com\\\/www.fundacioires.org\\\/wp-content\\\/uploads\\\/Noti%CC%81cia-Fundacio%CC%81-IRES-3.png?fit=1200%2C628&ssl=1\",\"articleSection\":[\"La nostra acci\u00f3 social\"],\"inLanguage\":\"ca-ES\"},{\"@type\":\"WebPage\",\"@id\":\"https:\\\/\\\/www.fundacioires.org\\\/ca\\\/el-casal-destiu-de-barcelona-arriba-a-gairebe-70-infants-i-joves-en-un-estiu-excepcional\\\/\",\"url\":\"https:\\\/\\\/www.fundacioires.org\\\/ca\\\/el-casal-destiu-de-barcelona-arriba-a-gairebe-70-infants-i-joves-en-un-estiu-excepcional\\\/\",\"name\":\"El Casal d\u2019Estiu de Barcelona arriba a m\u00e9s de 65 infants i joves en un estiu excepcional - Fundaci\u00f3 IRES\",\"isPartOf\":{\"@id\":\"https:\\\/\\\/www.fundacioires.org\\\/#website\"},\"primaryImageOfPage\":{\"@id\":\"https:\\\/\\\/www.fundacioires.org\\\/ca\\\/el-casal-destiu-de-barcelona-arriba-a-gairebe-70-infants-i-joves-en-un-estiu-excepcional\\\/#primaryimage\"},\"image\":{\"@id\":\"https:\\\/\\\/www.fundacioires.org\\\/ca\\\/el-casal-destiu-de-barcelona-arriba-a-gairebe-70-infants-i-joves-en-un-estiu-excepcional\\\/#primaryimage\"},\"thumbnailUrl\":\"https:\\\/\\\/i0.wp.com\\\/www.fundacioires.org\\\/wp-content\\\/uploads\\\/Noti%CC%81cia-Fundacio%CC%81-IRES-3.png?fit=1200%2C628&ssl=1\",\"datePublished\":\"2020-09-02T08:38:14+00:00\",\"dateModified\":\"2020-09-02T11:05:40+00:00\",\"breadcrumb\":{\"@id\":\"https:\\\/\\\/www.fundacioires.org\\\/ca\\\/el-casal-destiu-de-barcelona-arriba-a-gairebe-70-infants-i-joves-en-un-estiu-excepcional\\\/#breadcrumb\"},\"inLanguage\":\"ca-ES\",\"potentialAction\":[{\"@type\":\"ReadAction\",\"target\":[\"https:\\\/\\\/www.fundacioires.org\\\/ca\\\/el-casal-destiu-de-barcelona-arriba-a-gairebe-70-infants-i-joves-en-un-estiu-excepcional\\\/\"]}]},{\"@type\":\"ImageObject\",\"inLanguage\":\"ca-ES\",\"@id\":\"https:\\\/\\\/www.fundacioires.org\\\/ca\\\/el-casal-destiu-de-barcelona-arriba-a-gairebe-70-infants-i-joves-en-un-estiu-excepcional\\\/#primaryimage\",\"url\":\"https:\\\/\\\/i0.wp.com\\\/www.fundacioires.org\\\/wp-content\\\/uploads\\\/Noti%CC%81cia-Fundacio%CC%81-IRES-3.png?fit=1200%2C628&ssl=1\",\"contentUrl\":\"https:\\\/\\\/i0.wp.com\\\/www.fundacioires.org\\\/wp-content\\\/uploads\\\/Noti%CC%81cia-Fundacio%CC%81-IRES-3.png?fit=1200%2C628&ssl=1\",\"width\":1200,\"height\":628},{\"@type\":\"BreadcrumbList\",\"@id\":\"https:\\\/\\\/www.fundacioires.org\\\/ca\\\/el-casal-destiu-de-barcelona-arriba-a-gairebe-70-infants-i-joves-en-un-estiu-excepcional\\\/#breadcrumb\",\"itemListElement\":[{\"@type\":\"ListItem\",\"position\":1,\"name\":\"Portada\",\"item\":\"https:\\\/\\\/www.fundacioires.org\\\/\"},{\"@type\":\"ListItem\",\"position\":2,\"name\":\"El Casal d\u2019Estiu de Barcelona arriba a m\u00e9s de 65 infants i joves en un estiu excepcional\"}]},{\"@type\":\"WebSite\",\"@id\":\"https:\\\/\\\/www.fundacioires.org\\\/#website\",\"url\":\"https:\\\/\\\/www.fundacioires.org\\\/\",\"name\":\"Fundaci\u00f3 IRES\",\"description\":\"\",\"publisher\":{\"@id\":\"https:\\\/\\\/www.fundacioires.org\\\/#organization\"},\"potentialAction\":[{\"@type\":\"SearchAction\",\"target\":{\"@type\":\"EntryPoint\",\"urlTemplate\":\"https:\\\/\\\/www.fundacioires.org\\\/?s={search_term_string}\"},\"query-input\":{\"@type\":\"PropertyValueSpecification\",\"valueRequired\":true,\"valueName\":\"search_term_string\"}}],\"inLanguage\":\"ca-ES\"},{\"@type\":\"Organization\",\"@id\":\"https:\\\/\\\/www.fundacioires.org\\\/#organization\",\"name\":\"Fundanci\u00f3n IRES\",\"url\":\"https:\\\/\\\/www.fundacioires.org\\\/\",\"logo\":{\"@type\":\"ImageObject\",\"inLanguage\":\"ca-ES\",\"@id\":\"https:\\\/\\\/www.fundacioires.org\\\/#\\\/schema\\\/logo\\\/image\\\/\",\"url\":\"https:\\\/\\\/i0.wp.com\\\/www.fundacioires.org\\\/wp-content\\\/uploads\\\/faviconIRES.png?fit=32%2C32&ssl=1\",\"contentUrl\":\"https:\\\/\\\/i0.wp.com\\\/www.fundacioires.org\\\/wp-content\\\/uploads\\\/faviconIRES.png?fit=32%2C32&ssl=1\",\"width\":32,\"height\":32,\"caption\":\"Fundanci\u00f3n IRES\"},\"image\":{\"@id\":\"https:\\\/\\\/www.fundacioires.org\\\/#\\\/schema\\\/logo\\\/image\\\/\"}},{\"@type\":\"Person\",\"@id\":\"https:\\\/\\\/www.fundacioires.org\\\/#\\\/schema\\\/person\\\/160af843c565221ef4664a5c7000791c\",\"name\":\"Fundaci\u00f3 IRES\"}]}<\/script>\n<!-- \/ Yoast SEO plugin. -->","yoast_head_json":{"title":"El Casal d\u2019Estiu de Barcelona arriba a m\u00e9s de 65 infants i joves en un estiu excepcional - Fundaci\u00f3 IRES","robots":{"index":"index","follow":"follow","max-snippet":"max-snippet:-1","max-image-preview":"max-image-preview:large","max-video-preview":"max-video-preview:-1"},"canonical":"https:\/\/www.fundacioires.org\/ca\/el-casal-destiu-de-barcelona-arriba-a-gairebe-70-infants-i-joves-en-un-estiu-excepcional\/","og_locale":"ca_ES","og_type":"article","og_title":"El Casal d\u2019Estiu de Barcelona arriba a m\u00e9s de 65 infants i joves en un estiu excepcional - Fundaci\u00f3 IRES","og_description":"Des de la Fundaci\u00f3 IRES treballem per garantir el dret a l\u2019oci educatiu dels infants que no tenen oportunitat de marxar de vacances a trav\u00e9s d\u2019aquest servei del Casal en Fam\u00edlia","og_url":"https:\/\/www.fundacioires.org\/ca\/el-casal-destiu-de-barcelona-arriba-a-gairebe-70-infants-i-joves-en-un-estiu-excepcional\/","og_site_name":"Fundaci\u00f3 IRES","article_published_time":"2020-09-02T08:38:14+00:00","article_modified_time":"2020-09-02T11:05:40+00:00","og_image":[{"width":1200,"height":628,"url":"https:\/\/i0.wp.com\/www.fundacioires.org\/wp-content\/uploads\/Noti\u0301cia-Fundacio\u0301-IRES-3.png?fit=1200%2C628&ssl=1","type":"image\/png"}],"author":"Fundaci\u00f3 IRES","twitter_card":"summary_large_image","twitter_misc":{"Written by":"Fundaci\u00f3 IRES","Est. reading time":"3 minutes"},"schema":{"@context":"https:\/\/schema.org","@graph":[{"@type":"Article","@id":"https:\/\/www.fundacioires.org\/ca\/el-casal-destiu-de-barcelona-arriba-a-gairebe-70-infants-i-joves-en-un-estiu-excepcional\/#article","isPartOf":{"@id":"https:\/\/www.fundacioires.org\/ca\/el-casal-destiu-de-barcelona-arriba-a-gairebe-70-infants-i-joves-en-un-estiu-excepcional\/"},"author":{"name":"Fundaci\u00f3 IRES","@id":"https:\/\/www.fundacioires.org\/#\/schema\/person\/160af843c565221ef4664a5c7000791c"},"headline":"El Casal d\u2019Estiu de Barcelona arriba a m\u00e9s de 65 infants i joves en un estiu excepcional","datePublished":"2020-09-02T08:38:14+00:00","dateModified":"2020-09-02T11:05:40+00:00","mainEntityOfPage":{"@id":"https:\/\/www.fundacioires.org\/ca\/el-casal-destiu-de-barcelona-arriba-a-gairebe-70-infants-i-joves-en-un-estiu-excepcional\/"},"wordCount":592,"publisher":{"@id":"https:\/\/www.fundacioires.org\/#organization"},"image":{"@id":"https:\/\/www.fundacioires.org\/ca\/el-casal-destiu-de-barcelona-arriba-a-gairebe-70-infants-i-joves-en-un-estiu-excepcional\/#primaryimage"},"thumbnailUrl":"https:\/\/i0.wp.com\/www.fundacioires.org\/wp-content\/uploads\/Noti%CC%81cia-Fundacio%CC%81-IRES-3.png?fit=1200%2C628&ssl=1","articleSection":["La nostra acci\u00f3 social"],"inLanguage":"ca-ES"},{"@type":"WebPage","@id":"https:\/\/www.fundacioires.org\/ca\/el-casal-destiu-de-barcelona-arriba-a-gairebe-70-infants-i-joves-en-un-estiu-excepcional\/","url":"https:\/\/www.fundacioires.org\/ca\/el-casal-destiu-de-barcelona-arriba-a-gairebe-70-infants-i-joves-en-un-estiu-excepcional\/","name":"El Casal d\u2019Estiu de Barcelona arriba a m\u00e9s de 65 infants i joves en un estiu excepcional - Fundaci\u00f3 IRES","isPartOf":{"@id":"https:\/\/www.fundacioires.org\/#website"},"primaryImageOfPage":{"@id":"https:\/\/www.fundacioires.org\/ca\/el-casal-destiu-de-barcelona-arriba-a-gairebe-70-infants-i-joves-en-un-estiu-excepcional\/#primaryimage"},"image":{"@id":"https:\/\/www.fundacioires.org\/ca\/el-casal-destiu-de-barcelona-arriba-a-gairebe-70-infants-i-joves-en-un-estiu-excepcional\/#primaryimage"},"thumbnailUrl":"https:\/\/i0.wp.com\/www.fundacioires.org\/wp-content\/uploads\/Noti%CC%81cia-Fundacio%CC%81-IRES-3.png?fit=1200%2C628&ssl=1","datePublished":"2020-09-02T08:38:14+00:00","dateModified":"2020-09-02T11:05:40+00:00","breadcrumb":{"@id":"https:\/\/www.fundacioires.org\/ca\/el-casal-destiu-de-barcelona-arriba-a-gairebe-70-infants-i-joves-en-un-estiu-excepcional\/#breadcrumb"},"inLanguage":"ca-ES","potentialAction":[{"@type":"ReadAction","target":["https:\/\/www.fundacioires.org\/ca\/el-casal-destiu-de-barcelona-arriba-a-gairebe-70-infants-i-joves-en-un-estiu-excepcional\/"]}]},{"@type":"ImageObject","inLanguage":"ca-ES","@id":"https:\/\/www.fundacioires.org\/ca\/el-casal-destiu-de-barcelona-arriba-a-gairebe-70-infants-i-joves-en-un-estiu-excepcional\/#primaryimage","url":"https:\/\/i0.wp.com\/www.fundacioires.org\/wp-content\/uploads\/Noti%CC%81cia-Fundacio%CC%81-IRES-3.png?fit=1200%2C628&ssl=1","contentUrl":"https:\/\/i0.wp.com\/www.fundacioires.org\/wp-content\/uploads\/Noti%CC%81cia-Fundacio%CC%81-IRES-3.png?fit=1200%2C628&ssl=1","width":1200,"height":628},{"@type":"BreadcrumbList","@id":"https:\/\/www.fundacioires.org\/ca\/el-casal-destiu-de-barcelona-arriba-a-gairebe-70-infants-i-joves-en-un-estiu-excepcional\/#breadcrumb","itemListElement":[{"@type":"ListItem","position":1,"name":"Portada","item":"https:\/\/www.fundacioires.org\/"},{"@type":"ListItem","position":2,"name":"El Casal d\u2019Estiu de Barcelona arriba a m\u00e9s de 65 infants i joves en un estiu excepcional"}]},{"@type":"WebSite","@id":"https:\/\/www.fundacioires.org\/#website","url":"https:\/\/www.fundacioires.org\/","name":"Fundaci\u00f3 IRES","description":"","publisher":{"@id":"https:\/\/www.fundacioires.org\/#organization"},"potentialAction":[{"@type":"SearchAction","target":{"@type":"EntryPoint","urlTemplate":"https:\/\/www.fundacioires.org\/?s={search_term_string}"},"query-input":{"@type":"PropertyValueSpecification","valueRequired":true,"valueName":"search_term_string"}}],"inLanguage":"ca-ES"},{"@type":"Organization","@id":"https:\/\/www.fundacioires.org\/#organization","name":"Fundanci\u00f3n IRES","url":"https:\/\/www.fundacioires.org\/","logo":{"@type":"ImageObject","inLanguage":"ca-ES","@id":"https:\/\/www.fundacioires.org\/#\/schema\/logo\/image\/","url":"https:\/\/i0.wp.com\/www.fundacioires.org\/wp-content\/uploads\/faviconIRES.png?fit=32%2C32&ssl=1","contentUrl":"https:\/\/i0.wp.com\/www.fundacioires.org\/wp-content\/uploads\/faviconIRES.png?fit=32%2C32&ssl=1","width":32,"height":32,"caption":"Fundanci\u00f3n IRES"},"image":{"@id":"https:\/\/www.fundacioires.org\/#\/schema\/logo\/image\/"}},{"@type":"Person","@id":"https:\/\/www.fundacioires.org\/#\/schema\/person\/160af843c565221ef4664a5c7000791c","name":"Fundaci\u00f3 IRES"}]}},"jetpack_featured_media_url":"https:\/\/i0.wp.com\/www.fundacioires.org\/wp-content\/uploads\/Noti%CC%81cia-Fundacio%CC%81-IRES-3.png?fit=1200%2C628&ssl=1","jetpack_sharing_enabled":true,"_links":{"self":[{"href":"https:\/\/www.fundacioires.org\/ca\/wp-json\/wp\/v2\/posts\/24161","targetHints":{"allow":["GET"]}}],"collection":[{"href":"https:\/\/www.fundacioires.org\/ca\/wp-json\/wp\/v2\/posts"}],"about":[{"href":"https:\/\/www.fundacioires.org\/ca\/wp-json\/wp\/v2\/types\/post"}],"author":[{"embeddable":true,"href":"https:\/\/www.fundacioires.org\/ca\/wp-json\/wp\/v2\/users\/7"}],"replies":[{"embeddable":true,"href":"https:\/\/www.fundacioires.org\/ca\/wp-json\/wp\/v2\/comments?post=24161"}],"version-history":[{"count":5,"href":"https:\/\/www.fundacioires.org\/ca\/wp-json\/wp\/v2\/posts\/24161\/revisions"}],"predecessor-version":[{"id":24219,"href":"https:\/\/www.fundacioires.org\/ca\/wp-json\/wp\/v2\/posts\/24161\/revisions\/24219"}],"wp:featuredmedia":[{"embeddable":true,"href":"https:\/\/www.fundacioires.org\/ca\/wp-json\/wp\/v2\/media\/24182"}],"wp:attachment":[{"href":"https:\/\/www.fundacioires.org\/ca\/wp-json\/wp\/v2\/media?parent=24161"}],"wp:term":[{"taxonomy":"category","embeddable":true,"href":"https:\/\/www.fundacioires.org\/ca\/wp-json\/wp\/v2\/categories?post=24161"},{"taxonomy":"post_tag","embeddable":true,"href":"https:\/\/www.fundacioires.org\/ca\/wp-json\/wp\/v2\/tags?post=24161"}],"curies":[{"name":"wp","href":"https:\/\/api.w.org\/{rel}","templated":true}]}}