{"id":25471,"date":"2020-10-13T10:26:00","date_gmt":"2020-10-13T08:26:00","guid":{"rendered":"https:\/\/www.fundacioires.org\/?p=25471"},"modified":"2020-10-13T11:02:38","modified_gmt":"2020-10-13T09:02:38","slug":"el-dol-migratori","status":"publish","type":"post","link":"https:\/\/www.fundacioires.org\/ca\/el-dol-migratori\/","title":{"rendered":"El dol migratori"},"content":{"rendered":"\n<p style=\"font-size:10px;text-align:right\"> N<em>o me llames extranjero porque haya nacido lejos,<br>o porque tenga otro nombre la tierra de donde vengo.<br><\/em> <strong>Rafael Amor, &#8220;No me llames extranjero&#8221;<\/strong><\/p>\n\n\n\n<p class=\"has-text-color has-very-dark-gray-color\"><em> <\/em>El dol est\u00e0 relacionat amb la p\u00e8rdua per\u00f2 a\nla vida estem constantment guanyant i perdent coses, aix\u00ed que amb freq\u00fc\u00e8ncia\nestem experimentant situacions de dol. La mort d&#8217;un \u00e9sser estimat \u00e9s una de les\np\u00e8rdues m\u00e9s doloroses, per\u00f2 hi ha moltes m\u00e9s p\u00e8rdues que ens fan patir i ens\nprodueixen dolor: la p\u00e8rdua d&#8217;un lloc de feina, la ruptura amb la parella, o\nles p\u00e8rdues que s&#8217;han d&#8217;enfrontar associades a l\u2019<strong>experi\u00e8ncia migrat\u00f2ria. <\/strong><\/p>\n\n\n\n<p class=\"has-text-color has-very-dark-gray-color\">El dol migratori \u00e9s llavors e<strong>l proc\u00e9s d&#8217;assimilaci\u00f3 de les p\u00e8rdues associades a l&#8217;experi\u00e8ncia migrat\u00f2ria. <\/strong><\/p>\n\n\n\n<p class=\"has-text-color has-very-dark-gray-color\"><strong>\u00bfQu\u00e8 perden les persones que emigren?<\/strong><\/p>\n\n\n\n<p class=\"has-text-color has-very-dark-gray-color\">Les principals p\u00e8rdues associades a la\nmigraci\u00f3 s\u00f3n: la llengua, la cultura, la fam\u00edlia i els amics, l&#8217;estatus, el\ncontacte amb el grup \u00e8tnic i la terra. Tot aix\u00f2 sovint comporta l\u2019aparici\u00f3 de sentiments\nd&#8217;inseguretat, estr\u00e8s, vergonya. Tamb\u00e9, aquestes p\u00e8rdues generen sentiments\nd&#8217;ansietat, irritabilitat o tristesa que es donen fins i tot en moments en qu\u00e8\nla persona ha aconseguit les metes que buscava al pa\u00eds d&#8217;acolliment.<\/p>\n\n\n\n<p class=\"has-text-color has-very-dark-gray-color\">Amb el temps aquests sentiments evolucionen\ncap a posicions ambivalents tant cap al lloc d&#8217;origen com cap al pa\u00eds\nd&#8217;acolliment, la qual cosa molts descriuen com \u201c<strong>viure als llimbs de la identitat<\/strong>\u201d. Una situaci\u00f3 que provoca la paralitzaci\u00f3\ndel projecte de vida i la dificultat per a prendre decisions; a m\u00e9s, apareix la\nsensaci\u00f3 d&#8217;estar atrapat o atrapada a l&#8217;estranger, amb desesperan\u00e7a. &nbsp;Alhora, &nbsp;s&#8217;agreugen els sentiments de culpa per les\npersones que s&#8217;han deixat. No tenir a prop la fam\u00edlia o les amistats implica patiment\ni ens exposa a certs factors de risc com la solitud per la falta de comunitat.<\/p>\n\n\n\n<p class=\"has-text-color has-very-dark-gray-color\">Per al grup i l&#8217;equip t\u00e8cnic &nbsp;\u00e9s un repte per poder abordar aquest tema de manera grupal. Dins del <strong><a rel=\"noreferrer noopener\" aria-label=\"Grup d\u2019estrangeria  (opens in a new tab)\" href=\"https:\/\/www.fundacioires.org\/ca\/processos-dinclusio-i-suport-mutu\/\" target=\"_blank\">Grup d\u2019estrangeria<\/a><\/strong><a rel=\"noreferrer noopener\" aria-label=\"Grup d\u2019estrangeria  (opens in a new tab)\" href=\"https:\/\/www.fundacioires.org\/ca\/processos-dinclusio-i-suport-mutu\/\" target=\"_blank\"> <\/a>del <strong>Projecte Aferra\u2019t<\/strong>, es pret\u00e9n crear un espai en el qual els integrants que comparteixen una mateixa problem\u00e0tica, situaci\u00f3, dificultat o experi\u00e8ncia es reuneixi peri\u00f2dicament per a brindar-se suport mutu entre iguals de manera volunt\u00e0ria.<\/p>\n\n\n\n<p style=\"text-align:left\" class=\"has-text-color has-very-dark-gray-color\">Durant el passat any 2019, hem observat al nostre servei un increment de les persones que han fet un proc\u00e9s migratori recent, trobant-se en situaci\u00f3 administrativa irregular i amb la impossibilitat d&#8217;obtenir un contracte de treball. L&#8217;acci\u00f3 grupal parteix d&#8217;una an\u00e0lisi compartida de la situaci\u00f3 d&#8217;exclusi\u00f3 social actual, derivada de les pol\u00edtiques migrat\u00f2ries sobre drets i llibertats de les persones estrangeres a Espanya i la seva integraci\u00f3 social. T\u00e9 com a objectiu <strong>oferir un espai obert per donar una resposta col\u00b7lectiva<\/strong> a la problem\u00e0tica&nbsp; promovent l&#8217;apoderament de les participants. En definitiva, un espai que puguin sentir propi i on intercanviar informaci\u00f3 important, trobar i oferir assessoria en la realitzaci\u00f3 de tr\u00e0mits burocr\u00e0tics, poder compartir la hist\u00f2ria personal i, si \u00e9s el cas, <strong>acompanyar-se en la realitzaci\u00f3 de dol migratori.<\/strong><\/p>\n\n\n\n<figure class=\"wp-block-image\"><img loading=\"lazy\" decoding=\"async\" width=\"5616\" height=\"3744\" src=\"https:\/\/i2.wp.com\/www.fundacioires.org\/wp-content\/uploads\/MG_0369.jpg?fit=1024%2C683&amp;ssl=1\" alt=\"\" class=\"wp-image-25474\" srcset=\"https:\/\/i0.wp.com\/www.fundacioires.org\/wp-content\/uploads\/MG_0369.jpg?w=5616&amp;ssl=1 5616w, https:\/\/i0.wp.com\/www.fundacioires.org\/wp-content\/uploads\/MG_0369.jpg?resize=300%2C200&amp;ssl=1 300w, https:\/\/i0.wp.com\/www.fundacioires.org\/wp-content\/uploads\/MG_0369.jpg?resize=768%2C512&amp;ssl=1 768w, https:\/\/i0.wp.com\/www.fundacioires.org\/wp-content\/uploads\/MG_0369.jpg?resize=1024%2C683&amp;ssl=1 1024w, https:\/\/i0.wp.com\/www.fundacioires.org\/wp-content\/uploads\/MG_0369.jpg?w=2000&amp;ssl=1 2000w, https:\/\/i0.wp.com\/www.fundacioires.org\/wp-content\/uploads\/MG_0369.jpg?w=3000&amp;ssl=1 3000w\" sizes=\"(max-width: 1000px) 100vw, 1000px\" \/><figcaption>Participants del Projecte Aferra&#8217;t<\/figcaption><\/figure>\n\n\n\n<p><\/p>\n","protected":false},"excerpt":{"rendered":"<p>Quan es necessita el suport mutu i l&#8217;apoderament grupal per a superar les p\u00e8rdues associades a l&#8217;experi\u00e8ncia migrat\u00f2ria<\/p>\n","protected":false},"author":7,"featured_media":25472,"comment_status":"closed","ping_status":"open","sticky":false,"template":"","format":"standard","meta":{"_jetpack_memberships_contains_paid_content":false,"footnotes":""},"categories":[19],"tags":[45],"class_list":["post-25471","post","type-post","status-publish","format-standard","has-post-thumbnail","hentry","category-ires-blog","tag-aferrat"],"yoast_head":"<!-- This site is optimized with the Yoast SEO plugin v27.4 - https:\/\/yoast.com\/product\/yoast-seo-wordpress\/ -->\n<title>El dol migratori - Fundaci\u00f3 IRES<\/title>\n<meta name=\"robots\" content=\"index, follow, max-snippet:-1, max-image-preview:large, max-video-preview:-1\" \/>\n<link rel=\"canonical\" href=\"https:\/\/www.fundacioires.org\/ca\/el-dol-migratori\/\" \/>\n<meta property=\"og:locale\" content=\"ca_ES\" \/>\n<meta property=\"og:type\" content=\"article\" \/>\n<meta property=\"og:title\" content=\"El dol migratori - Fundaci\u00f3 IRES\" \/>\n<meta property=\"og:description\" content=\"Quan es necessita el suport mutu i l&#039;apoderament grupal per a superar les p\u00e8rdues associades a l&#039;experi\u00e8ncia migrat\u00f2ria\" \/>\n<meta property=\"og:url\" content=\"https:\/\/www.fundacioires.org\/ca\/el-dol-migratori\/\" \/>\n<meta property=\"og:site_name\" content=\"Fundaci\u00f3 IRES\" \/>\n<meta property=\"article:published_time\" content=\"2020-10-13T08:26:00+00:00\" \/>\n<meta property=\"article:modified_time\" content=\"2020-10-13T09:02:38+00:00\" \/>\n<meta property=\"og:image\" content=\"https:\/\/i0.wp.com\/www.fundacioires.org\/wp-content\/uploads\/Copy-of-Copy-of-Copy-of-Plantilla-Noticies-WEB-13.png?fit=1200%2C628&ssl=1\" \/>\n\t<meta property=\"og:image:width\" content=\"1200\" \/>\n\t<meta property=\"og:image:height\" content=\"628\" \/>\n\t<meta property=\"og:image:type\" content=\"image\/png\" \/>\n<meta name=\"author\" content=\"Fundaci\u00f3 IRES\" \/>\n<meta name=\"twitter:card\" content=\"summary_large_image\" \/>\n<meta name=\"twitter:label1\" content=\"Written by\" \/>\n\t<meta name=\"twitter:data1\" content=\"Fundaci\u00f3 IRES\" \/>\n\t<meta name=\"twitter:label2\" content=\"Est. reading time\" \/>\n\t<meta name=\"twitter:data2\" content=\"3 minutes\" \/>\n<script type=\"application\/ld+json\" class=\"yoast-schema-graph\">{\"@context\":\"https:\\\/\\\/schema.org\",\"@graph\":[{\"@type\":\"Article\",\"@id\":\"https:\\\/\\\/www.fundacioires.org\\\/ca\\\/el-dol-migratori\\\/#article\",\"isPartOf\":{\"@id\":\"https:\\\/\\\/www.fundacioires.org\\\/ca\\\/el-dol-migratori\\\/\"},\"author\":{\"name\":\"Fundaci\u00f3 IRES\",\"@id\":\"https:\\\/\\\/www.fundacioires.org\\\/#\\\/schema\\\/person\\\/160af843c565221ef4664a5c7000791c\"},\"headline\":\"El dol migratori\",\"datePublished\":\"2020-10-13T08:26:00+00:00\",\"dateModified\":\"2020-10-13T09:02:38+00:00\",\"mainEntityOfPage\":{\"@id\":\"https:\\\/\\\/www.fundacioires.org\\\/ca\\\/el-dol-migratori\\\/\"},\"wordCount\":547,\"publisher\":{\"@id\":\"https:\\\/\\\/www.fundacioires.org\\\/#organization\"},\"image\":{\"@id\":\"https:\\\/\\\/www.fundacioires.org\\\/ca\\\/el-dol-migratori\\\/#primaryimage\"},\"thumbnailUrl\":\"https:\\\/\\\/i0.wp.com\\\/www.fundacioires.org\\\/wp-content\\\/uploads\\\/Copy-of-Copy-of-Copy-of-Plantilla-Noticies-WEB-13.png?fit=1200%2C628&ssl=1\",\"keywords\":[\"Aferra't\"],\"articleSection\":[\"IRES-Blog\"],\"inLanguage\":\"ca-ES\"},{\"@type\":\"WebPage\",\"@id\":\"https:\\\/\\\/www.fundacioires.org\\\/ca\\\/el-dol-migratori\\\/\",\"url\":\"https:\\\/\\\/www.fundacioires.org\\\/ca\\\/el-dol-migratori\\\/\",\"name\":\"El dol migratori - Fundaci\u00f3 IRES\",\"isPartOf\":{\"@id\":\"https:\\\/\\\/www.fundacioires.org\\\/#website\"},\"primaryImageOfPage\":{\"@id\":\"https:\\\/\\\/www.fundacioires.org\\\/ca\\\/el-dol-migratori\\\/#primaryimage\"},\"image\":{\"@id\":\"https:\\\/\\\/www.fundacioires.org\\\/ca\\\/el-dol-migratori\\\/#primaryimage\"},\"thumbnailUrl\":\"https:\\\/\\\/i0.wp.com\\\/www.fundacioires.org\\\/wp-content\\\/uploads\\\/Copy-of-Copy-of-Copy-of-Plantilla-Noticies-WEB-13.png?fit=1200%2C628&ssl=1\",\"datePublished\":\"2020-10-13T08:26:00+00:00\",\"dateModified\":\"2020-10-13T09:02:38+00:00\",\"breadcrumb\":{\"@id\":\"https:\\\/\\\/www.fundacioires.org\\\/ca\\\/el-dol-migratori\\\/#breadcrumb\"},\"inLanguage\":\"ca-ES\",\"potentialAction\":[{\"@type\":\"ReadAction\",\"target\":[\"https:\\\/\\\/www.fundacioires.org\\\/ca\\\/el-dol-migratori\\\/\"]}]},{\"@type\":\"ImageObject\",\"inLanguage\":\"ca-ES\",\"@id\":\"https:\\\/\\\/www.fundacioires.org\\\/ca\\\/el-dol-migratori\\\/#primaryimage\",\"url\":\"https:\\\/\\\/i0.wp.com\\\/www.fundacioires.org\\\/wp-content\\\/uploads\\\/Copy-of-Copy-of-Copy-of-Plantilla-Noticies-WEB-13.png?fit=1200%2C628&ssl=1\",\"contentUrl\":\"https:\\\/\\\/i0.wp.com\\\/www.fundacioires.org\\\/wp-content\\\/uploads\\\/Copy-of-Copy-of-Copy-of-Plantilla-Noticies-WEB-13.png?fit=1200%2C628&ssl=1\",\"width\":1200,\"height\":628},{\"@type\":\"BreadcrumbList\",\"@id\":\"https:\\\/\\\/www.fundacioires.org\\\/ca\\\/el-dol-migratori\\\/#breadcrumb\",\"itemListElement\":[{\"@type\":\"ListItem\",\"position\":1,\"name\":\"Portada\",\"item\":\"https:\\\/\\\/www.fundacioires.org\\\/\"},{\"@type\":\"ListItem\",\"position\":2,\"name\":\"El dol migratori\"}]},{\"@type\":\"WebSite\",\"@id\":\"https:\\\/\\\/www.fundacioires.org\\\/#website\",\"url\":\"https:\\\/\\\/www.fundacioires.org\\\/\",\"name\":\"Fundaci\u00f3 IRES\",\"description\":\"\",\"publisher\":{\"@id\":\"https:\\\/\\\/www.fundacioires.org\\\/#organization\"},\"potentialAction\":[{\"@type\":\"SearchAction\",\"target\":{\"@type\":\"EntryPoint\",\"urlTemplate\":\"https:\\\/\\\/www.fundacioires.org\\\/?s={search_term_string}\"},\"query-input\":{\"@type\":\"PropertyValueSpecification\",\"valueRequired\":true,\"valueName\":\"search_term_string\"}}],\"inLanguage\":\"ca-ES\"},{\"@type\":\"Organization\",\"@id\":\"https:\\\/\\\/www.fundacioires.org\\\/#organization\",\"name\":\"Fundanci\u00f3n IRES\",\"url\":\"https:\\\/\\\/www.fundacioires.org\\\/\",\"logo\":{\"@type\":\"ImageObject\",\"inLanguage\":\"ca-ES\",\"@id\":\"https:\\\/\\\/www.fundacioires.org\\\/#\\\/schema\\\/logo\\\/image\\\/\",\"url\":\"https:\\\/\\\/i0.wp.com\\\/www.fundacioires.org\\\/wp-content\\\/uploads\\\/faviconIRES.png?fit=32%2C32&ssl=1\",\"contentUrl\":\"https:\\\/\\\/i0.wp.com\\\/www.fundacioires.org\\\/wp-content\\\/uploads\\\/faviconIRES.png?fit=32%2C32&ssl=1\",\"width\":32,\"height\":32,\"caption\":\"Fundanci\u00f3n IRES\"},\"image\":{\"@id\":\"https:\\\/\\\/www.fundacioires.org\\\/#\\\/schema\\\/logo\\\/image\\\/\"}},{\"@type\":\"Person\",\"@id\":\"https:\\\/\\\/www.fundacioires.org\\\/#\\\/schema\\\/person\\\/160af843c565221ef4664a5c7000791c\",\"name\":\"Fundaci\u00f3 IRES\"}]}<\/script>\n<!-- \/ Yoast SEO plugin. -->","yoast_head_json":{"title":"El dol migratori - Fundaci\u00f3 IRES","robots":{"index":"index","follow":"follow","max-snippet":"max-snippet:-1","max-image-preview":"max-image-preview:large","max-video-preview":"max-video-preview:-1"},"canonical":"https:\/\/www.fundacioires.org\/ca\/el-dol-migratori\/","og_locale":"ca_ES","og_type":"article","og_title":"El dol migratori - Fundaci\u00f3 IRES","og_description":"Quan es necessita el suport mutu i l'apoderament grupal per a superar les p\u00e8rdues associades a l'experi\u00e8ncia migrat\u00f2ria","og_url":"https:\/\/www.fundacioires.org\/ca\/el-dol-migratori\/","og_site_name":"Fundaci\u00f3 IRES","article_published_time":"2020-10-13T08:26:00+00:00","article_modified_time":"2020-10-13T09:02:38+00:00","og_image":[{"width":1200,"height":628,"url":"https:\/\/i0.wp.com\/www.fundacioires.org\/wp-content\/uploads\/Copy-of-Copy-of-Copy-of-Plantilla-Noticies-WEB-13.png?fit=1200%2C628&ssl=1","type":"image\/png"}],"author":"Fundaci\u00f3 IRES","twitter_card":"summary_large_image","twitter_misc":{"Written by":"Fundaci\u00f3 IRES","Est. reading time":"3 minutes"},"schema":{"@context":"https:\/\/schema.org","@graph":[{"@type":"Article","@id":"https:\/\/www.fundacioires.org\/ca\/el-dol-migratori\/#article","isPartOf":{"@id":"https:\/\/www.fundacioires.org\/ca\/el-dol-migratori\/"},"author":{"name":"Fundaci\u00f3 IRES","@id":"https:\/\/www.fundacioires.org\/#\/schema\/person\/160af843c565221ef4664a5c7000791c"},"headline":"El dol migratori","datePublished":"2020-10-13T08:26:00+00:00","dateModified":"2020-10-13T09:02:38+00:00","mainEntityOfPage":{"@id":"https:\/\/www.fundacioires.org\/ca\/el-dol-migratori\/"},"wordCount":547,"publisher":{"@id":"https:\/\/www.fundacioires.org\/#organization"},"image":{"@id":"https:\/\/www.fundacioires.org\/ca\/el-dol-migratori\/#primaryimage"},"thumbnailUrl":"https:\/\/i0.wp.com\/www.fundacioires.org\/wp-content\/uploads\/Copy-of-Copy-of-Copy-of-Plantilla-Noticies-WEB-13.png?fit=1200%2C628&ssl=1","keywords":["Aferra't"],"articleSection":["IRES-Blog"],"inLanguage":"ca-ES"},{"@type":"WebPage","@id":"https:\/\/www.fundacioires.org\/ca\/el-dol-migratori\/","url":"https:\/\/www.fundacioires.org\/ca\/el-dol-migratori\/","name":"El dol migratori - Fundaci\u00f3 IRES","isPartOf":{"@id":"https:\/\/www.fundacioires.org\/#website"},"primaryImageOfPage":{"@id":"https:\/\/www.fundacioires.org\/ca\/el-dol-migratori\/#primaryimage"},"image":{"@id":"https:\/\/www.fundacioires.org\/ca\/el-dol-migratori\/#primaryimage"},"thumbnailUrl":"https:\/\/i0.wp.com\/www.fundacioires.org\/wp-content\/uploads\/Copy-of-Copy-of-Copy-of-Plantilla-Noticies-WEB-13.png?fit=1200%2C628&ssl=1","datePublished":"2020-10-13T08:26:00+00:00","dateModified":"2020-10-13T09:02:38+00:00","breadcrumb":{"@id":"https:\/\/www.fundacioires.org\/ca\/el-dol-migratori\/#breadcrumb"},"inLanguage":"ca-ES","potentialAction":[{"@type":"ReadAction","target":["https:\/\/www.fundacioires.org\/ca\/el-dol-migratori\/"]}]},{"@type":"ImageObject","inLanguage":"ca-ES","@id":"https:\/\/www.fundacioires.org\/ca\/el-dol-migratori\/#primaryimage","url":"https:\/\/i0.wp.com\/www.fundacioires.org\/wp-content\/uploads\/Copy-of-Copy-of-Copy-of-Plantilla-Noticies-WEB-13.png?fit=1200%2C628&ssl=1","contentUrl":"https:\/\/i0.wp.com\/www.fundacioires.org\/wp-content\/uploads\/Copy-of-Copy-of-Copy-of-Plantilla-Noticies-WEB-13.png?fit=1200%2C628&ssl=1","width":1200,"height":628},{"@type":"BreadcrumbList","@id":"https:\/\/www.fundacioires.org\/ca\/el-dol-migratori\/#breadcrumb","itemListElement":[{"@type":"ListItem","position":1,"name":"Portada","item":"https:\/\/www.fundacioires.org\/"},{"@type":"ListItem","position":2,"name":"El dol migratori"}]},{"@type":"WebSite","@id":"https:\/\/www.fundacioires.org\/#website","url":"https:\/\/www.fundacioires.org\/","name":"Fundaci\u00f3 IRES","description":"","publisher":{"@id":"https:\/\/www.fundacioires.org\/#organization"},"potentialAction":[{"@type":"SearchAction","target":{"@type":"EntryPoint","urlTemplate":"https:\/\/www.fundacioires.org\/?s={search_term_string}"},"query-input":{"@type":"PropertyValueSpecification","valueRequired":true,"valueName":"search_term_string"}}],"inLanguage":"ca-ES"},{"@type":"Organization","@id":"https:\/\/www.fundacioires.org\/#organization","name":"Fundanci\u00f3n IRES","url":"https:\/\/www.fundacioires.org\/","logo":{"@type":"ImageObject","inLanguage":"ca-ES","@id":"https:\/\/www.fundacioires.org\/#\/schema\/logo\/image\/","url":"https:\/\/i0.wp.com\/www.fundacioires.org\/wp-content\/uploads\/faviconIRES.png?fit=32%2C32&ssl=1","contentUrl":"https:\/\/i0.wp.com\/www.fundacioires.org\/wp-content\/uploads\/faviconIRES.png?fit=32%2C32&ssl=1","width":32,"height":32,"caption":"Fundanci\u00f3n IRES"},"image":{"@id":"https:\/\/www.fundacioires.org\/#\/schema\/logo\/image\/"}},{"@type":"Person","@id":"https:\/\/www.fundacioires.org\/#\/schema\/person\/160af843c565221ef4664a5c7000791c","name":"Fundaci\u00f3 IRES"}]}},"jetpack_featured_media_url":"https:\/\/i0.wp.com\/www.fundacioires.org\/wp-content\/uploads\/Copy-of-Copy-of-Copy-of-Plantilla-Noticies-WEB-13.png?fit=1200%2C628&ssl=1","jetpack_sharing_enabled":true,"_links":{"self":[{"href":"https:\/\/www.fundacioires.org\/ca\/wp-json\/wp\/v2\/posts\/25471","targetHints":{"allow":["GET"]}}],"collection":[{"href":"https:\/\/www.fundacioires.org\/ca\/wp-json\/wp\/v2\/posts"}],"about":[{"href":"https:\/\/www.fundacioires.org\/ca\/wp-json\/wp\/v2\/types\/post"}],"author":[{"embeddable":true,"href":"https:\/\/www.fundacioires.org\/ca\/wp-json\/wp\/v2\/users\/7"}],"replies":[{"embeddable":true,"href":"https:\/\/www.fundacioires.org\/ca\/wp-json\/wp\/v2\/comments?post=25471"}],"version-history":[{"count":5,"href":"https:\/\/www.fundacioires.org\/ca\/wp-json\/wp\/v2\/posts\/25471\/revisions"}],"predecessor-version":[{"id":25480,"href":"https:\/\/www.fundacioires.org\/ca\/wp-json\/wp\/v2\/posts\/25471\/revisions\/25480"}],"wp:featuredmedia":[{"embeddable":true,"href":"https:\/\/www.fundacioires.org\/ca\/wp-json\/wp\/v2\/media\/25472"}],"wp:attachment":[{"href":"https:\/\/www.fundacioires.org\/ca\/wp-json\/wp\/v2\/media?parent=25471"}],"wp:term":[{"taxonomy":"category","embeddable":true,"href":"https:\/\/www.fundacioires.org\/ca\/wp-json\/wp\/v2\/categories?post=25471"},{"taxonomy":"post_tag","embeddable":true,"href":"https:\/\/www.fundacioires.org\/ca\/wp-json\/wp\/v2\/tags?post=25471"}],"curies":[{"name":"wp","href":"https:\/\/api.w.org\/{rel}","templated":true}]}}