{"id":25598,"date":"2020-10-16T12:38:35","date_gmt":"2020-10-16T10:38:35","guid":{"rendered":"https:\/\/www.fundacioires.org\/?p=25598"},"modified":"2020-10-16T12:40:18","modified_gmt":"2020-10-16T10:40:18","slug":"17-o-pobresa-zero","status":"publish","type":"post","link":"https:\/\/www.fundacioires.org\/ca\/17-o-pobresa-zero\/","title":{"rendered":"17-O Pobresa zero"},"content":{"rendered":"\n<p class=\"has-small-font-size\"><em>Nota de premsa de la Plataforma Pobresa Zero-Just\u00edcia Global<\/em><\/p>\n\n\n\n<p>La plataforma&nbsp;<a rel=\"noreferrer noopener\" href=\"https:\/\/pobresazero.wordpress.com\/\" target=\"_blank\">Pobresa Zero \u2013 Just\u00edcia Global<\/a>&nbsp;ha fet p\u00fablic avui el seu&nbsp;<strong><a rel=\"noreferrer noopener\" href=\"https:\/\/pobresazero.files.wordpress.com\/2020\/10\/pzjg-manifest-17o-2020-nou-contracte-social-ja.pdf\" target=\"_blank\">Manifest 2020<\/a>&nbsp;amb motiu del 17 d\u2019octubre, Dia internacional per a l\u2019erradicaci\u00f3 de la pobresa<\/strong>. Amb el lema \u2018UN NOU CONTRACTE SOCIAL PER COMBATRE LES DESIGUALTATS, JA!\u2019, les m\u00e9s de 3.200 organitzacions de l\u2019\u00e0mbit de l\u2019acci\u00f3 social, la cooperaci\u00f3, la pau i els drets humans a Catalunyaque la componen fan una crida a realitzar \u201c<strong>canvis radicals i estructurals<\/strong>\u201d&nbsp;<strong>per garantir els drets b\u00e0sics a tota la poblaci\u00f3 i no deixar ning\u00fa enrere<\/strong>. Les reflexions i propostes de la plataforma es recullen m\u00e9s \u00e0mpliament en un&nbsp;<a rel=\"noreferrer noopener\" href=\"https:\/\/mailchi.mp\/c8e3d442a124\/nota-de-premsa-pobresa-zero-justcia-global-dona-veu-als-joves-en-la-reivindicaci-dun-nou-contracte-social-per-combatre-les-desigualtats-4861338#17OPobresaZero%20|%20Podeu%20llegir%20tamb%C3%A9%20el%20nostre%20document%20marc%20%F0%9F%91%87%20%20https:\/\/pobresazero.files.wordpress.com\/2020\/10\/pzjg_nou-contracte-social-ja_2020_doc-marc.pdf\" target=\"_blank\">document marc<\/a>&nbsp;que arrenca amb una reivindicaci\u00f3 formulada ara fa un any que, en el context covid, pren encara m\u00e9s vig\u00e8ncia: \u201c<strong>Cal actuar decididament amb una nova relaci\u00f3 de l\u2019esp\u00e8cie humana amb la terra i els seus ecosistemes. Cal una consci\u00e8ncia de comunitat planet\u00e0ria<\/strong>\u201d.<br><br>La van formular el grup de joves del Raval que, amb el suport del Casal dels Infants, van elaborar el Manifest 2019 de Pobresa Zero \u2013 Just\u00edcia Global, amb una s\u00e8rie de reflexions i demandes per a la construcci\u00f3 d\u2019un nou pacte socialque avui cal tornar a reclamar. \u201c<strong>La crisi del coronavirus ha fet m\u00e9s imperiosa i urgent la necessitat d\u2019un nou contracte social a escala planet\u00e0ria que faci efectius els Drets Humans i instauri una nova relaci\u00f3 de l\u2019esp\u00e8cie humana amb la terra i els seus ecosistemes<\/strong>\u201c, afirma el missatge d\u2019enguany. Entitats socials, de cooperaci\u00f3, pau i drets humans; sindicats; col\u00b7legis professionals; i representants del m\u00f3n acad\u00e8mic insten a \u201c<strong>aplicar una mirada col\u00b7lectiva i global per donar resposta a les necessitats socials i de sostenibilitat mediambiental<\/strong>\u201c.<\/p>\n\n\n\n<p><strong>No volem una \u2018nova normalitat\u2019, cal una nova societat<\/strong><\/p>\n\n\n\n<p>La simultane\u00eftat i rapidesa amb qu\u00e8 ha arribat&nbsp;<strong>l\u2019amena\u00e7a del coronavirus han marcat un punt d\u2019inflexi\u00f3<\/strong>.&nbsp;<strong>El risc de fractura social s\u2019accentua i la plataforma reivindica que cal sobreposar-s\u2019hi no amb una \u2018nova normalitat\u2019, sin\u00f3 amb una nova societat<\/strong>. El Manifest insta tots els agents socials, pol\u00edtics, econ\u00f2mics i mediambientals a combatre la precarietat i la pobresa; refor\u00e7ar l\u2019acc\u00e9s universal a serveis p\u00fablics de qualitat; avan\u00e7ar cap a la just\u00edcia fiscal i combatre la corrupci\u00f3 en tots els \u00e0mbits de l\u2019administraci\u00f3; combatre els factors que afecten els equilibris planetaris, entre ells el canvi clim\u00e0tic, i promoure la sostenibilitat, i garantir els drets de tota la ciutadania i combatre la xenof\u00f2bia, el masclisme i els discursos d\u2019odi.<\/p>\n\n\n\n<p>\u201cLes conseq\u00fc\u00e8ncies del model socioecon\u00f2mic capitalista s\u2019han fet encara m\u00e9s evidents\u201d, \u201cla covid-19 ha posat de relleu i ha accentuat problemes que ja coneix\u00edem i hav\u00edem viscut en situacions de crisi anteriors\u201d, afirma el Manifest. La plataforma denuncia que, un cop m\u00e9s, \u201csi no fem els canvis radicals i estructurals que calen, les previsions catastr\u00f2fiques dels diferents organismes internacionals&nbsp;<strong>les acabarem pagant els de sempre: classes treballadores i, sobretot, col\u00b7lectius en situaci\u00f3 de major vulnerabilitat\u201d<\/strong>.<\/p>\n\n\n\n<p><strong>Un nou contracte social, ja!<\/strong><\/p>\n\n\n\n<figure class=\"wp-block-image\"><img loading=\"lazy\" decoding=\"async\" width=\"1920\" height=\"1080\" src=\"https:\/\/i1.wp.com\/www.fundacioires.org\/wp-content\/uploads\/1.-background_pobresa-zero.jpg?fit=1024%2C576&amp;ssl=1\" alt=\"\" class=\"wp-image-25603\" srcset=\"https:\/\/i0.wp.com\/www.fundacioires.org\/wp-content\/uploads\/1.-background_pobresa-zero.jpg?w=1920&amp;ssl=1 1920w, https:\/\/i0.wp.com\/www.fundacioires.org\/wp-content\/uploads\/1.-background_pobresa-zero.jpg?resize=300%2C169&amp;ssl=1 300w, https:\/\/i0.wp.com\/www.fundacioires.org\/wp-content\/uploads\/1.-background_pobresa-zero.jpg?resize=768%2C432&amp;ssl=1 768w, https:\/\/i0.wp.com\/www.fundacioires.org\/wp-content\/uploads\/1.-background_pobresa-zero.jpg?resize=1024%2C576&amp;ssl=1 1024w\" sizes=\"(max-width: 1000px) 100vw, 1000px\" \/><\/figure>\n","protected":false},"excerpt":{"rendered":"<p>Perqu\u00e8 no ens cal una &#8220;nova normalitat&#8221;, sin\u00f3 una nova societat i un nou contracte social per combatre les desigualtats<\/p>\n","protected":false},"author":7,"featured_media":25599,"comment_status":"closed","ping_status":"open","sticky":false,"template":"","format":"standard","meta":{"_jetpack_memberships_contains_paid_content":false,"footnotes":""},"categories":[19,17],"tags":[],"class_list":["post-25598","post","type-post","status-publish","format-standard","has-post-thumbnail","hentry","category-ires-blog","category-sense-categoria"],"yoast_head":"<!-- This site is optimized with the Yoast SEO plugin v27.4 - https:\/\/yoast.com\/product\/yoast-seo-wordpress\/ -->\n<title>17-O Pobresa zero - Fundaci\u00f3 IRES<\/title>\n<meta name=\"robots\" content=\"index, follow, max-snippet:-1, max-image-preview:large, max-video-preview:-1\" \/>\n<link rel=\"canonical\" href=\"https:\/\/www.fundacioires.org\/ca\/17-o-pobresa-zero\/\" \/>\n<meta property=\"og:locale\" content=\"ca_ES\" \/>\n<meta property=\"og:type\" content=\"article\" \/>\n<meta property=\"og:title\" content=\"17-O Pobresa zero - Fundaci\u00f3 IRES\" \/>\n<meta property=\"og:description\" content=\"Perqu\u00e8 no ens cal una &quot;nova normalitat&quot;, sin\u00f3 una nova societat i un nou contracte social per combatre les desigualtats\" \/>\n<meta property=\"og:url\" content=\"https:\/\/www.fundacioires.org\/ca\/17-o-pobresa-zero\/\" \/>\n<meta property=\"og:site_name\" content=\"Fundaci\u00f3 IRES\" \/>\n<meta property=\"article:published_time\" content=\"2020-10-16T10:38:35+00:00\" \/>\n<meta property=\"article:modified_time\" content=\"2020-10-16T10:40:18+00:00\" \/>\n<meta property=\"og:image\" content=\"https:\/\/i1.wp.com\/www.fundacioires.org\/wp-content\/uploads\/Copy-of-Copy-of-Copy-of-Plantilla-Noticies-WEB-16.png?fit=1200%2C628&ssl=1\" \/>\n\t<meta property=\"og:image:width\" content=\"1200\" \/>\n\t<meta property=\"og:image:height\" content=\"628\" \/>\n\t<meta property=\"og:image:type\" content=\"image\/png\" \/>\n<meta name=\"author\" content=\"Fundaci\u00f3 IRES\" \/>\n<meta name=\"twitter:card\" content=\"summary_large_image\" \/>\n<meta name=\"twitter:label1\" content=\"Written by\" \/>\n\t<meta name=\"twitter:data1\" content=\"Fundaci\u00f3 IRES\" \/>\n\t<meta name=\"twitter:label2\" content=\"Est. reading time\" \/>\n\t<meta name=\"twitter:data2\" content=\"3 minutes\" \/>\n<script type=\"application\/ld+json\" class=\"yoast-schema-graph\">{\"@context\":\"https:\\\/\\\/schema.org\",\"@graph\":[{\"@type\":\"Article\",\"@id\":\"https:\\\/\\\/www.fundacioires.org\\\/ca\\\/17-o-pobresa-zero\\\/#article\",\"isPartOf\":{\"@id\":\"https:\\\/\\\/www.fundacioires.org\\\/ca\\\/17-o-pobresa-zero\\\/\"},\"author\":{\"name\":\"Fundaci\u00f3 IRES\",\"@id\":\"https:\\\/\\\/www.fundacioires.org\\\/#\\\/schema\\\/person\\\/160af843c565221ef4664a5c7000791c\"},\"headline\":\"17-O Pobresa zero\",\"datePublished\":\"2020-10-16T10:38:35+00:00\",\"dateModified\":\"2020-10-16T10:40:18+00:00\",\"mainEntityOfPage\":{\"@id\":\"https:\\\/\\\/www.fundacioires.org\\\/ca\\\/17-o-pobresa-zero\\\/\"},\"wordCount\":546,\"publisher\":{\"@id\":\"https:\\\/\\\/www.fundacioires.org\\\/#organization\"},\"image\":{\"@id\":\"https:\\\/\\\/www.fundacioires.org\\\/ca\\\/17-o-pobresa-zero\\\/#primaryimage\"},\"thumbnailUrl\":\"https:\\\/\\\/i0.wp.com\\\/www.fundacioires.org\\\/wp-content\\\/uploads\\\/Copy-of-Copy-of-Copy-of-Plantilla-Noticies-WEB-16.png?fit=1200%2C628&ssl=1\",\"articleSection\":[\"IRES-Blog\",\"Sense categoria\"],\"inLanguage\":\"ca-ES\"},{\"@type\":\"WebPage\",\"@id\":\"https:\\\/\\\/www.fundacioires.org\\\/ca\\\/17-o-pobresa-zero\\\/\",\"url\":\"https:\\\/\\\/www.fundacioires.org\\\/ca\\\/17-o-pobresa-zero\\\/\",\"name\":\"17-O Pobresa zero - Fundaci\u00f3 IRES\",\"isPartOf\":{\"@id\":\"https:\\\/\\\/www.fundacioires.org\\\/#website\"},\"primaryImageOfPage\":{\"@id\":\"https:\\\/\\\/www.fundacioires.org\\\/ca\\\/17-o-pobresa-zero\\\/#primaryimage\"},\"image\":{\"@id\":\"https:\\\/\\\/www.fundacioires.org\\\/ca\\\/17-o-pobresa-zero\\\/#primaryimage\"},\"thumbnailUrl\":\"https:\\\/\\\/i0.wp.com\\\/www.fundacioires.org\\\/wp-content\\\/uploads\\\/Copy-of-Copy-of-Copy-of-Plantilla-Noticies-WEB-16.png?fit=1200%2C628&ssl=1\",\"datePublished\":\"2020-10-16T10:38:35+00:00\",\"dateModified\":\"2020-10-16T10:40:18+00:00\",\"breadcrumb\":{\"@id\":\"https:\\\/\\\/www.fundacioires.org\\\/ca\\\/17-o-pobresa-zero\\\/#breadcrumb\"},\"inLanguage\":\"ca-ES\",\"potentialAction\":[{\"@type\":\"ReadAction\",\"target\":[\"https:\\\/\\\/www.fundacioires.org\\\/ca\\\/17-o-pobresa-zero\\\/\"]}]},{\"@type\":\"ImageObject\",\"inLanguage\":\"ca-ES\",\"@id\":\"https:\\\/\\\/www.fundacioires.org\\\/ca\\\/17-o-pobresa-zero\\\/#primaryimage\",\"url\":\"https:\\\/\\\/i0.wp.com\\\/www.fundacioires.org\\\/wp-content\\\/uploads\\\/Copy-of-Copy-of-Copy-of-Plantilla-Noticies-WEB-16.png?fit=1200%2C628&ssl=1\",\"contentUrl\":\"https:\\\/\\\/i0.wp.com\\\/www.fundacioires.org\\\/wp-content\\\/uploads\\\/Copy-of-Copy-of-Copy-of-Plantilla-Noticies-WEB-16.png?fit=1200%2C628&ssl=1\",\"width\":1200,\"height\":628},{\"@type\":\"BreadcrumbList\",\"@id\":\"https:\\\/\\\/www.fundacioires.org\\\/ca\\\/17-o-pobresa-zero\\\/#breadcrumb\",\"itemListElement\":[{\"@type\":\"ListItem\",\"position\":1,\"name\":\"Portada\",\"item\":\"https:\\\/\\\/www.fundacioires.org\\\/\"},{\"@type\":\"ListItem\",\"position\":2,\"name\":\"17-O Pobresa zero\"}]},{\"@type\":\"WebSite\",\"@id\":\"https:\\\/\\\/www.fundacioires.org\\\/#website\",\"url\":\"https:\\\/\\\/www.fundacioires.org\\\/\",\"name\":\"Fundaci\u00f3 IRES\",\"description\":\"\",\"publisher\":{\"@id\":\"https:\\\/\\\/www.fundacioires.org\\\/#organization\"},\"potentialAction\":[{\"@type\":\"SearchAction\",\"target\":{\"@type\":\"EntryPoint\",\"urlTemplate\":\"https:\\\/\\\/www.fundacioires.org\\\/?s={search_term_string}\"},\"query-input\":{\"@type\":\"PropertyValueSpecification\",\"valueRequired\":true,\"valueName\":\"search_term_string\"}}],\"inLanguage\":\"ca-ES\"},{\"@type\":\"Organization\",\"@id\":\"https:\\\/\\\/www.fundacioires.org\\\/#organization\",\"name\":\"Fundanci\u00f3n IRES\",\"url\":\"https:\\\/\\\/www.fundacioires.org\\\/\",\"logo\":{\"@type\":\"ImageObject\",\"inLanguage\":\"ca-ES\",\"@id\":\"https:\\\/\\\/www.fundacioires.org\\\/#\\\/schema\\\/logo\\\/image\\\/\",\"url\":\"https:\\\/\\\/i0.wp.com\\\/www.fundacioires.org\\\/wp-content\\\/uploads\\\/faviconIRES.png?fit=32%2C32&ssl=1\",\"contentUrl\":\"https:\\\/\\\/i0.wp.com\\\/www.fundacioires.org\\\/wp-content\\\/uploads\\\/faviconIRES.png?fit=32%2C32&ssl=1\",\"width\":32,\"height\":32,\"caption\":\"Fundanci\u00f3n IRES\"},\"image\":{\"@id\":\"https:\\\/\\\/www.fundacioires.org\\\/#\\\/schema\\\/logo\\\/image\\\/\"}},{\"@type\":\"Person\",\"@id\":\"https:\\\/\\\/www.fundacioires.org\\\/#\\\/schema\\\/person\\\/160af843c565221ef4664a5c7000791c\",\"name\":\"Fundaci\u00f3 IRES\"}]}<\/script>\n<!-- \/ Yoast SEO plugin. -->","yoast_head_json":{"title":"17-O Pobresa zero - Fundaci\u00f3 IRES","robots":{"index":"index","follow":"follow","max-snippet":"max-snippet:-1","max-image-preview":"max-image-preview:large","max-video-preview":"max-video-preview:-1"},"canonical":"https:\/\/www.fundacioires.org\/ca\/17-o-pobresa-zero\/","og_locale":"ca_ES","og_type":"article","og_title":"17-O Pobresa zero - Fundaci\u00f3 IRES","og_description":"Perqu\u00e8 no ens cal una \"nova normalitat\", sin\u00f3 una nova societat i un nou contracte social per combatre les desigualtats","og_url":"https:\/\/www.fundacioires.org\/ca\/17-o-pobresa-zero\/","og_site_name":"Fundaci\u00f3 IRES","article_published_time":"2020-10-16T10:38:35+00:00","article_modified_time":"2020-10-16T10:40:18+00:00","og_image":[{"width":1200,"height":628,"url":"https:\/\/i1.wp.com\/www.fundacioires.org\/wp-content\/uploads\/Copy-of-Copy-of-Copy-of-Plantilla-Noticies-WEB-16.png?fit=1200%2C628&ssl=1","type":"image\/png"}],"author":"Fundaci\u00f3 IRES","twitter_card":"summary_large_image","twitter_misc":{"Written by":"Fundaci\u00f3 IRES","Est. reading time":"3 minutes"},"schema":{"@context":"https:\/\/schema.org","@graph":[{"@type":"Article","@id":"https:\/\/www.fundacioires.org\/ca\/17-o-pobresa-zero\/#article","isPartOf":{"@id":"https:\/\/www.fundacioires.org\/ca\/17-o-pobresa-zero\/"},"author":{"name":"Fundaci\u00f3 IRES","@id":"https:\/\/www.fundacioires.org\/#\/schema\/person\/160af843c565221ef4664a5c7000791c"},"headline":"17-O Pobresa zero","datePublished":"2020-10-16T10:38:35+00:00","dateModified":"2020-10-16T10:40:18+00:00","mainEntityOfPage":{"@id":"https:\/\/www.fundacioires.org\/ca\/17-o-pobresa-zero\/"},"wordCount":546,"publisher":{"@id":"https:\/\/www.fundacioires.org\/#organization"},"image":{"@id":"https:\/\/www.fundacioires.org\/ca\/17-o-pobresa-zero\/#primaryimage"},"thumbnailUrl":"https:\/\/i0.wp.com\/www.fundacioires.org\/wp-content\/uploads\/Copy-of-Copy-of-Copy-of-Plantilla-Noticies-WEB-16.png?fit=1200%2C628&ssl=1","articleSection":["IRES-Blog","Sense categoria"],"inLanguage":"ca-ES"},{"@type":"WebPage","@id":"https:\/\/www.fundacioires.org\/ca\/17-o-pobresa-zero\/","url":"https:\/\/www.fundacioires.org\/ca\/17-o-pobresa-zero\/","name":"17-O Pobresa zero - Fundaci\u00f3 IRES","isPartOf":{"@id":"https:\/\/www.fundacioires.org\/#website"},"primaryImageOfPage":{"@id":"https:\/\/www.fundacioires.org\/ca\/17-o-pobresa-zero\/#primaryimage"},"image":{"@id":"https:\/\/www.fundacioires.org\/ca\/17-o-pobresa-zero\/#primaryimage"},"thumbnailUrl":"https:\/\/i0.wp.com\/www.fundacioires.org\/wp-content\/uploads\/Copy-of-Copy-of-Copy-of-Plantilla-Noticies-WEB-16.png?fit=1200%2C628&ssl=1","datePublished":"2020-10-16T10:38:35+00:00","dateModified":"2020-10-16T10:40:18+00:00","breadcrumb":{"@id":"https:\/\/www.fundacioires.org\/ca\/17-o-pobresa-zero\/#breadcrumb"},"inLanguage":"ca-ES","potentialAction":[{"@type":"ReadAction","target":["https:\/\/www.fundacioires.org\/ca\/17-o-pobresa-zero\/"]}]},{"@type":"ImageObject","inLanguage":"ca-ES","@id":"https:\/\/www.fundacioires.org\/ca\/17-o-pobresa-zero\/#primaryimage","url":"https:\/\/i0.wp.com\/www.fundacioires.org\/wp-content\/uploads\/Copy-of-Copy-of-Copy-of-Plantilla-Noticies-WEB-16.png?fit=1200%2C628&ssl=1","contentUrl":"https:\/\/i0.wp.com\/www.fundacioires.org\/wp-content\/uploads\/Copy-of-Copy-of-Copy-of-Plantilla-Noticies-WEB-16.png?fit=1200%2C628&ssl=1","width":1200,"height":628},{"@type":"BreadcrumbList","@id":"https:\/\/www.fundacioires.org\/ca\/17-o-pobresa-zero\/#breadcrumb","itemListElement":[{"@type":"ListItem","position":1,"name":"Portada","item":"https:\/\/www.fundacioires.org\/"},{"@type":"ListItem","position":2,"name":"17-O Pobresa zero"}]},{"@type":"WebSite","@id":"https:\/\/www.fundacioires.org\/#website","url":"https:\/\/www.fundacioires.org\/","name":"Fundaci\u00f3 IRES","description":"","publisher":{"@id":"https:\/\/www.fundacioires.org\/#organization"},"potentialAction":[{"@type":"SearchAction","target":{"@type":"EntryPoint","urlTemplate":"https:\/\/www.fundacioires.org\/?s={search_term_string}"},"query-input":{"@type":"PropertyValueSpecification","valueRequired":true,"valueName":"search_term_string"}}],"inLanguage":"ca-ES"},{"@type":"Organization","@id":"https:\/\/www.fundacioires.org\/#organization","name":"Fundanci\u00f3n IRES","url":"https:\/\/www.fundacioires.org\/","logo":{"@type":"ImageObject","inLanguage":"ca-ES","@id":"https:\/\/www.fundacioires.org\/#\/schema\/logo\/image\/","url":"https:\/\/i0.wp.com\/www.fundacioires.org\/wp-content\/uploads\/faviconIRES.png?fit=32%2C32&ssl=1","contentUrl":"https:\/\/i0.wp.com\/www.fundacioires.org\/wp-content\/uploads\/faviconIRES.png?fit=32%2C32&ssl=1","width":32,"height":32,"caption":"Fundanci\u00f3n IRES"},"image":{"@id":"https:\/\/www.fundacioires.org\/#\/schema\/logo\/image\/"}},{"@type":"Person","@id":"https:\/\/www.fundacioires.org\/#\/schema\/person\/160af843c565221ef4664a5c7000791c","name":"Fundaci\u00f3 IRES"}]}},"jetpack_featured_media_url":"https:\/\/i0.wp.com\/www.fundacioires.org\/wp-content\/uploads\/Copy-of-Copy-of-Copy-of-Plantilla-Noticies-WEB-16.png?fit=1200%2C628&ssl=1","jetpack_sharing_enabled":true,"_links":{"self":[{"href":"https:\/\/www.fundacioires.org\/ca\/wp-json\/wp\/v2\/posts\/25598","targetHints":{"allow":["GET"]}}],"collection":[{"href":"https:\/\/www.fundacioires.org\/ca\/wp-json\/wp\/v2\/posts"}],"about":[{"href":"https:\/\/www.fundacioires.org\/ca\/wp-json\/wp\/v2\/types\/post"}],"author":[{"embeddable":true,"href":"https:\/\/www.fundacioires.org\/ca\/wp-json\/wp\/v2\/users\/7"}],"replies":[{"embeddable":true,"href":"https:\/\/www.fundacioires.org\/ca\/wp-json\/wp\/v2\/comments?post=25598"}],"version-history":[{"count":1,"href":"https:\/\/www.fundacioires.org\/ca\/wp-json\/wp\/v2\/posts\/25598\/revisions"}],"predecessor-version":[{"id":25605,"href":"https:\/\/www.fundacioires.org\/ca\/wp-json\/wp\/v2\/posts\/25598\/revisions\/25605"}],"wp:featuredmedia":[{"embeddable":true,"href":"https:\/\/www.fundacioires.org\/ca\/wp-json\/wp\/v2\/media\/25599"}],"wp:attachment":[{"href":"https:\/\/www.fundacioires.org\/ca\/wp-json\/wp\/v2\/media?parent=25598"}],"wp:term":[{"taxonomy":"category","embeddable":true,"href":"https:\/\/www.fundacioires.org\/ca\/wp-json\/wp\/v2\/categories?post=25598"},{"taxonomy":"post_tag","embeddable":true,"href":"https:\/\/www.fundacioires.org\/ca\/wp-json\/wp\/v2\/tags?post=25598"}],"curies":[{"name":"wp","href":"https:\/\/api.w.org\/{rel}","templated":true}]}}