{"id":26259,"date":"2020-11-04T16:56:21","date_gmt":"2020-11-04T15:56:21","guid":{"rendered":"https:\/\/www.fundacioires.org\/?p=26259"},"modified":"2020-11-04T16:59:35","modified_gmt":"2020-11-04T15:59:35","slug":"memoria-dactivitats-2019","status":"publish","type":"post","link":"https:\/\/www.fundacioires.org\/ca\/memoria-dactivitats-2019\/","title":{"rendered":"Mem\u00f2ria d&#8217;activitats 2019"},"content":{"rendered":"\n<p class=\"has-text-color has-very-dark-gray-color\">Els continguts de la<strong> nostra mem\u00f2ria<\/strong> s\u2019elaboren seguint el criteri de la <strong>Global Reporting Initiative<\/strong>, acci\u00f3 de Responsabilitat Social Corporativa alineada amb els valors de sostenibilitat, transpar\u00e8ncia i comprom\u00eds amb la qualitat i amb els <strong>Objectius de Desenvolupament Sostenible (ODS)<\/strong> de les Nacions Unides. <\/p>\n\n\n\n<p class=\"has-text-color has-very-dark-gray-color\"><strong>Comptar amb un equip de professionals que treballen de forma sincronitzada en aquest projecte com\u00fa \u00e9s el qu\u00e8 ens ha perm\u00e8s que&nbsp;pogu\u00e9ssim atendre a un total de 17.402 persones i fam\u00edlies<\/strong>.&nbsp;A banda de presentar-la amb nou disseny, enguany tenim disponible la versi\u00f3 en castell\u00e0 del document. <\/p>\n\n\n\n<div class=\"wp-block-button aligncenter is-style-squared\"><a class=\"wp-block-button__link has-text-color has-background\" href=\"https:\/\/www.fundacioires.org\/wp-content\/uploads\/MEMORIA_FINAL_CAT_compressed.pdf\" style=\"background-color:#1cab89;color:#ffffff\">Llegeix la nostra mem\u00f2ria<\/a><\/div>\n\n\n\n<figure class=\"wp-block-image\"><img loading=\"lazy\" decoding=\"async\" width=\"1200\" height=\"628\" src=\"https:\/\/i0.wp.com\/www.fundacioires.org\/wp-content\/uploads\/1-26.png?fit=1024%2C536&amp;ssl=1\" alt=\"\" class=\"wp-image-26265\" srcset=\"https:\/\/i0.wp.com\/www.fundacioires.org\/wp-content\/uploads\/1-26.png?w=1200&amp;ssl=1 1200w, https:\/\/i0.wp.com\/www.fundacioires.org\/wp-content\/uploads\/1-26.png?resize=300%2C157&amp;ssl=1 300w, https:\/\/i0.wp.com\/www.fundacioires.org\/wp-content\/uploads\/1-26.png?resize=768%2C402&amp;ssl=1 768w, https:\/\/i0.wp.com\/www.fundacioires.org\/wp-content\/uploads\/1-26.png?resize=1024%2C536&amp;ssl=1 1024w\" sizes=\"(max-width: 1000px) 100vw, 1000px\" \/><\/figure>\n","protected":false},"excerpt":{"rendered":"<p>Posem a la vostra disposici\u00f3 la nova mem\u00f2ria d&#8217;activitats amb tota la informaci\u00f3 sobre la gesti\u00f3 dels nostres serveis<\/p>\n","protected":false},"author":7,"featured_media":26263,"comment_status":"closed","ping_status":"open","sticky":false,"template":"","format":"standard","meta":{"_jetpack_memberships_contains_paid_content":false,"footnotes":""},"categories":[25],"tags":[],"class_list":["post-26259","post","type-post","status-publish","format-standard","has-post-thumbnail","hentry","category-lactivitat-dires"],"yoast_head":"<!-- This site is optimized with the Yoast SEO plugin v27.4 - https:\/\/yoast.com\/product\/yoast-seo-wordpress\/ -->\n<title>Mem\u00f2ria d&#039;activitats 2019 - Fundaci\u00f3 IRES<\/title>\n<meta name=\"robots\" content=\"index, follow, max-snippet:-1, max-image-preview:large, max-video-preview:-1\" \/>\n<link rel=\"canonical\" href=\"https:\/\/www.fundacioires.org\/ca\/memoria-dactivitats-2019\/\" \/>\n<meta property=\"og:locale\" content=\"ca_ES\" \/>\n<meta property=\"og:type\" content=\"article\" \/>\n<meta property=\"og:title\" content=\"Mem\u00f2ria d&#039;activitats 2019 - Fundaci\u00f3 IRES\" \/>\n<meta property=\"og:description\" content=\"Posem a la vostra disposici\u00f3 la nova mem\u00f2ria d&#039;activitats amb tota la informaci\u00f3 sobre la gesti\u00f3 dels nostres serveis\" \/>\n<meta property=\"og:url\" content=\"https:\/\/www.fundacioires.org\/ca\/memoria-dactivitats-2019\/\" \/>\n<meta property=\"og:site_name\" content=\"Fundaci\u00f3 IRES\" \/>\n<meta property=\"article:published_time\" content=\"2020-11-04T15:56:21+00:00\" \/>\n<meta property=\"article:modified_time\" content=\"2020-11-04T15:59:35+00:00\" \/>\n<meta property=\"og:image\" content=\"https:\/\/i1.wp.com\/www.fundacioires.org\/wp-content\/uploads\/4-8.png?fit=1200%2C628&ssl=1\" \/>\n\t<meta property=\"og:image:width\" content=\"1200\" \/>\n\t<meta property=\"og:image:height\" content=\"628\" \/>\n\t<meta property=\"og:image:type\" content=\"image\/png\" \/>\n<meta name=\"author\" content=\"Fundaci\u00f3 IRES\" \/>\n<meta name=\"twitter:card\" content=\"summary_large_image\" \/>\n<meta name=\"twitter:label1\" content=\"Written by\" \/>\n\t<meta name=\"twitter:data1\" content=\"Fundaci\u00f3 IRES\" \/>\n\t<meta name=\"twitter:label2\" content=\"Est. reading time\" \/>\n\t<meta name=\"twitter:data2\" content=\"1 minute\" \/>\n<script type=\"application\/ld+json\" class=\"yoast-schema-graph\">{\"@context\":\"https:\\\/\\\/schema.org\",\"@graph\":[{\"@type\":\"Article\",\"@id\":\"https:\\\/\\\/www.fundacioires.org\\\/ca\\\/memoria-dactivitats-2019\\\/#article\",\"isPartOf\":{\"@id\":\"https:\\\/\\\/www.fundacioires.org\\\/ca\\\/memoria-dactivitats-2019\\\/\"},\"author\":{\"name\":\"Fundaci\u00f3 IRES\",\"@id\":\"https:\\\/\\\/www.fundacioires.org\\\/#\\\/schema\\\/person\\\/160af843c565221ef4664a5c7000791c\"},\"headline\":\"Mem\u00f2ria d&#8217;activitats 2019\",\"datePublished\":\"2020-11-04T15:56:21+00:00\",\"dateModified\":\"2020-11-04T15:59:35+00:00\",\"mainEntityOfPage\":{\"@id\":\"https:\\\/\\\/www.fundacioires.org\\\/ca\\\/memoria-dactivitats-2019\\\/\"},\"wordCount\":109,\"publisher\":{\"@id\":\"https:\\\/\\\/www.fundacioires.org\\\/#organization\"},\"image\":{\"@id\":\"https:\\\/\\\/www.fundacioires.org\\\/ca\\\/memoria-dactivitats-2019\\\/#primaryimage\"},\"thumbnailUrl\":\"https:\\\/\\\/i0.wp.com\\\/www.fundacioires.org\\\/wp-content\\\/uploads\\\/4-8.png?fit=1200%2C628&ssl=1\",\"articleSection\":[\"L'activitat d'IRES\"],\"inLanguage\":\"ca-ES\"},{\"@type\":\"WebPage\",\"@id\":\"https:\\\/\\\/www.fundacioires.org\\\/ca\\\/memoria-dactivitats-2019\\\/\",\"url\":\"https:\\\/\\\/www.fundacioires.org\\\/ca\\\/memoria-dactivitats-2019\\\/\",\"name\":\"Mem\u00f2ria d'activitats 2019 - Fundaci\u00f3 IRES\",\"isPartOf\":{\"@id\":\"https:\\\/\\\/www.fundacioires.org\\\/#website\"},\"primaryImageOfPage\":{\"@id\":\"https:\\\/\\\/www.fundacioires.org\\\/ca\\\/memoria-dactivitats-2019\\\/#primaryimage\"},\"image\":{\"@id\":\"https:\\\/\\\/www.fundacioires.org\\\/ca\\\/memoria-dactivitats-2019\\\/#primaryimage\"},\"thumbnailUrl\":\"https:\\\/\\\/i0.wp.com\\\/www.fundacioires.org\\\/wp-content\\\/uploads\\\/4-8.png?fit=1200%2C628&ssl=1\",\"datePublished\":\"2020-11-04T15:56:21+00:00\",\"dateModified\":\"2020-11-04T15:59:35+00:00\",\"breadcrumb\":{\"@id\":\"https:\\\/\\\/www.fundacioires.org\\\/ca\\\/memoria-dactivitats-2019\\\/#breadcrumb\"},\"inLanguage\":\"ca-ES\",\"potentialAction\":[{\"@type\":\"ReadAction\",\"target\":[\"https:\\\/\\\/www.fundacioires.org\\\/ca\\\/memoria-dactivitats-2019\\\/\"]}]},{\"@type\":\"ImageObject\",\"inLanguage\":\"ca-ES\",\"@id\":\"https:\\\/\\\/www.fundacioires.org\\\/ca\\\/memoria-dactivitats-2019\\\/#primaryimage\",\"url\":\"https:\\\/\\\/i0.wp.com\\\/www.fundacioires.org\\\/wp-content\\\/uploads\\\/4-8.png?fit=1200%2C628&ssl=1\",\"contentUrl\":\"https:\\\/\\\/i0.wp.com\\\/www.fundacioires.org\\\/wp-content\\\/uploads\\\/4-8.png?fit=1200%2C628&ssl=1\",\"width\":1200,\"height\":628},{\"@type\":\"BreadcrumbList\",\"@id\":\"https:\\\/\\\/www.fundacioires.org\\\/ca\\\/memoria-dactivitats-2019\\\/#breadcrumb\",\"itemListElement\":[{\"@type\":\"ListItem\",\"position\":1,\"name\":\"Portada\",\"item\":\"https:\\\/\\\/www.fundacioires.org\\\/\"},{\"@type\":\"ListItem\",\"position\":2,\"name\":\"Mem\u00f2ria d&#8217;activitats 2019\"}]},{\"@type\":\"WebSite\",\"@id\":\"https:\\\/\\\/www.fundacioires.org\\\/#website\",\"url\":\"https:\\\/\\\/www.fundacioires.org\\\/\",\"name\":\"Fundaci\u00f3 IRES\",\"description\":\"\",\"publisher\":{\"@id\":\"https:\\\/\\\/www.fundacioires.org\\\/#organization\"},\"potentialAction\":[{\"@type\":\"SearchAction\",\"target\":{\"@type\":\"EntryPoint\",\"urlTemplate\":\"https:\\\/\\\/www.fundacioires.org\\\/?s={search_term_string}\"},\"query-input\":{\"@type\":\"PropertyValueSpecification\",\"valueRequired\":true,\"valueName\":\"search_term_string\"}}],\"inLanguage\":\"ca-ES\"},{\"@type\":\"Organization\",\"@id\":\"https:\\\/\\\/www.fundacioires.org\\\/#organization\",\"name\":\"Fundanci\u00f3n IRES\",\"url\":\"https:\\\/\\\/www.fundacioires.org\\\/\",\"logo\":{\"@type\":\"ImageObject\",\"inLanguage\":\"ca-ES\",\"@id\":\"https:\\\/\\\/www.fundacioires.org\\\/#\\\/schema\\\/logo\\\/image\\\/\",\"url\":\"https:\\\/\\\/i0.wp.com\\\/www.fundacioires.org\\\/wp-content\\\/uploads\\\/faviconIRES.png?fit=32%2C32&ssl=1\",\"contentUrl\":\"https:\\\/\\\/i0.wp.com\\\/www.fundacioires.org\\\/wp-content\\\/uploads\\\/faviconIRES.png?fit=32%2C32&ssl=1\",\"width\":32,\"height\":32,\"caption\":\"Fundanci\u00f3n IRES\"},\"image\":{\"@id\":\"https:\\\/\\\/www.fundacioires.org\\\/#\\\/schema\\\/logo\\\/image\\\/\"}},{\"@type\":\"Person\",\"@id\":\"https:\\\/\\\/www.fundacioires.org\\\/#\\\/schema\\\/person\\\/160af843c565221ef4664a5c7000791c\",\"name\":\"Fundaci\u00f3 IRES\"}]}<\/script>\n<!-- \/ Yoast SEO plugin. -->","yoast_head_json":{"title":"Mem\u00f2ria d'activitats 2019 - Fundaci\u00f3 IRES","robots":{"index":"index","follow":"follow","max-snippet":"max-snippet:-1","max-image-preview":"max-image-preview:large","max-video-preview":"max-video-preview:-1"},"canonical":"https:\/\/www.fundacioires.org\/ca\/memoria-dactivitats-2019\/","og_locale":"ca_ES","og_type":"article","og_title":"Mem\u00f2ria d'activitats 2019 - Fundaci\u00f3 IRES","og_description":"Posem a la vostra disposici\u00f3 la nova mem\u00f2ria d'activitats amb tota la informaci\u00f3 sobre la gesti\u00f3 dels nostres serveis","og_url":"https:\/\/www.fundacioires.org\/ca\/memoria-dactivitats-2019\/","og_site_name":"Fundaci\u00f3 IRES","article_published_time":"2020-11-04T15:56:21+00:00","article_modified_time":"2020-11-04T15:59:35+00:00","og_image":[{"width":1200,"height":628,"url":"https:\/\/i1.wp.com\/www.fundacioires.org\/wp-content\/uploads\/4-8.png?fit=1200%2C628&ssl=1","type":"image\/png"}],"author":"Fundaci\u00f3 IRES","twitter_card":"summary_large_image","twitter_misc":{"Written by":"Fundaci\u00f3 IRES","Est. reading time":"1 minute"},"schema":{"@context":"https:\/\/schema.org","@graph":[{"@type":"Article","@id":"https:\/\/www.fundacioires.org\/ca\/memoria-dactivitats-2019\/#article","isPartOf":{"@id":"https:\/\/www.fundacioires.org\/ca\/memoria-dactivitats-2019\/"},"author":{"name":"Fundaci\u00f3 IRES","@id":"https:\/\/www.fundacioires.org\/#\/schema\/person\/160af843c565221ef4664a5c7000791c"},"headline":"Mem\u00f2ria d&#8217;activitats 2019","datePublished":"2020-11-04T15:56:21+00:00","dateModified":"2020-11-04T15:59:35+00:00","mainEntityOfPage":{"@id":"https:\/\/www.fundacioires.org\/ca\/memoria-dactivitats-2019\/"},"wordCount":109,"publisher":{"@id":"https:\/\/www.fundacioires.org\/#organization"},"image":{"@id":"https:\/\/www.fundacioires.org\/ca\/memoria-dactivitats-2019\/#primaryimage"},"thumbnailUrl":"https:\/\/i0.wp.com\/www.fundacioires.org\/wp-content\/uploads\/4-8.png?fit=1200%2C628&ssl=1","articleSection":["L'activitat d'IRES"],"inLanguage":"ca-ES"},{"@type":"WebPage","@id":"https:\/\/www.fundacioires.org\/ca\/memoria-dactivitats-2019\/","url":"https:\/\/www.fundacioires.org\/ca\/memoria-dactivitats-2019\/","name":"Mem\u00f2ria d'activitats 2019 - Fundaci\u00f3 IRES","isPartOf":{"@id":"https:\/\/www.fundacioires.org\/#website"},"primaryImageOfPage":{"@id":"https:\/\/www.fundacioires.org\/ca\/memoria-dactivitats-2019\/#primaryimage"},"image":{"@id":"https:\/\/www.fundacioires.org\/ca\/memoria-dactivitats-2019\/#primaryimage"},"thumbnailUrl":"https:\/\/i0.wp.com\/www.fundacioires.org\/wp-content\/uploads\/4-8.png?fit=1200%2C628&ssl=1","datePublished":"2020-11-04T15:56:21+00:00","dateModified":"2020-11-04T15:59:35+00:00","breadcrumb":{"@id":"https:\/\/www.fundacioires.org\/ca\/memoria-dactivitats-2019\/#breadcrumb"},"inLanguage":"ca-ES","potentialAction":[{"@type":"ReadAction","target":["https:\/\/www.fundacioires.org\/ca\/memoria-dactivitats-2019\/"]}]},{"@type":"ImageObject","inLanguage":"ca-ES","@id":"https:\/\/www.fundacioires.org\/ca\/memoria-dactivitats-2019\/#primaryimage","url":"https:\/\/i0.wp.com\/www.fundacioires.org\/wp-content\/uploads\/4-8.png?fit=1200%2C628&ssl=1","contentUrl":"https:\/\/i0.wp.com\/www.fundacioires.org\/wp-content\/uploads\/4-8.png?fit=1200%2C628&ssl=1","width":1200,"height":628},{"@type":"BreadcrumbList","@id":"https:\/\/www.fundacioires.org\/ca\/memoria-dactivitats-2019\/#breadcrumb","itemListElement":[{"@type":"ListItem","position":1,"name":"Portada","item":"https:\/\/www.fundacioires.org\/"},{"@type":"ListItem","position":2,"name":"Mem\u00f2ria d&#8217;activitats 2019"}]},{"@type":"WebSite","@id":"https:\/\/www.fundacioires.org\/#website","url":"https:\/\/www.fundacioires.org\/","name":"Fundaci\u00f3 IRES","description":"","publisher":{"@id":"https:\/\/www.fundacioires.org\/#organization"},"potentialAction":[{"@type":"SearchAction","target":{"@type":"EntryPoint","urlTemplate":"https:\/\/www.fundacioires.org\/?s={search_term_string}"},"query-input":{"@type":"PropertyValueSpecification","valueRequired":true,"valueName":"search_term_string"}}],"inLanguage":"ca-ES"},{"@type":"Organization","@id":"https:\/\/www.fundacioires.org\/#organization","name":"Fundanci\u00f3n IRES","url":"https:\/\/www.fundacioires.org\/","logo":{"@type":"ImageObject","inLanguage":"ca-ES","@id":"https:\/\/www.fundacioires.org\/#\/schema\/logo\/image\/","url":"https:\/\/i0.wp.com\/www.fundacioires.org\/wp-content\/uploads\/faviconIRES.png?fit=32%2C32&ssl=1","contentUrl":"https:\/\/i0.wp.com\/www.fundacioires.org\/wp-content\/uploads\/faviconIRES.png?fit=32%2C32&ssl=1","width":32,"height":32,"caption":"Fundanci\u00f3n IRES"},"image":{"@id":"https:\/\/www.fundacioires.org\/#\/schema\/logo\/image\/"}},{"@type":"Person","@id":"https:\/\/www.fundacioires.org\/#\/schema\/person\/160af843c565221ef4664a5c7000791c","name":"Fundaci\u00f3 IRES"}]}},"jetpack_featured_media_url":"https:\/\/i0.wp.com\/www.fundacioires.org\/wp-content\/uploads\/4-8.png?fit=1200%2C628&ssl=1","jetpack_sharing_enabled":true,"_links":{"self":[{"href":"https:\/\/www.fundacioires.org\/ca\/wp-json\/wp\/v2\/posts\/26259","targetHints":{"allow":["GET"]}}],"collection":[{"href":"https:\/\/www.fundacioires.org\/ca\/wp-json\/wp\/v2\/posts"}],"about":[{"href":"https:\/\/www.fundacioires.org\/ca\/wp-json\/wp\/v2\/types\/post"}],"author":[{"embeddable":true,"href":"https:\/\/www.fundacioires.org\/ca\/wp-json\/wp\/v2\/users\/7"}],"replies":[{"embeddable":true,"href":"https:\/\/www.fundacioires.org\/ca\/wp-json\/wp\/v2\/comments?post=26259"}],"version-history":[{"count":3,"href":"https:\/\/www.fundacioires.org\/ca\/wp-json\/wp\/v2\/posts\/26259\/revisions"}],"predecessor-version":[{"id":26269,"href":"https:\/\/www.fundacioires.org\/ca\/wp-json\/wp\/v2\/posts\/26259\/revisions\/26269"}],"wp:featuredmedia":[{"embeddable":true,"href":"https:\/\/www.fundacioires.org\/ca\/wp-json\/wp\/v2\/media\/26263"}],"wp:attachment":[{"href":"https:\/\/www.fundacioires.org\/ca\/wp-json\/wp\/v2\/media?parent=26259"}],"wp:term":[{"taxonomy":"category","embeddable":true,"href":"https:\/\/www.fundacioires.org\/ca\/wp-json\/wp\/v2\/categories?post=26259"},{"taxonomy":"post_tag","embeddable":true,"href":"https:\/\/www.fundacioires.org\/ca\/wp-json\/wp\/v2\/tags?post=26259"}],"curies":[{"name":"wp","href":"https:\/\/api.w.org\/{rel}","templated":true}]}}