{"id":28233,"date":"2021-01-28T19:27:55","date_gmt":"2021-01-28T18:27:55","guid":{"rendered":"https:\/\/www.fundacioires.org\/?p=28233"},"modified":"2021-02-01T15:08:14","modified_gmt":"2021-02-01T14:08:14","slug":"ires-incorpora-quatre-professionals-joves-al-seu-equip-gracies-al-programa-de-garantia-juvenil","status":"publish","type":"post","link":"https:\/\/www.fundacioires.org\/ca\/ires-incorpora-quatre-professionals-joves-al-seu-equip-gracies-al-programa-de-garantia-juvenil\/","title":{"rendered":"IRES incorpora quatre professionals joves al seu equip gr\u00e0cies al programa de Garantia Juvenil"},"content":{"rendered":"\n<p class=\"has-text-color has-very-dark-gray-color\">El programa de Garantia Juvenil s\u2019emmarca dins de l\u2019Estrat\u00e8gia Europa 2020 de la Uni\u00f3 Europea que estableix com a&nbsp;<strong>prioritat el creixement sostenible i integrador sobre la base del coneixemen<\/strong>t. Una prioritat que inclou l\u2019objectiu d\u2019una&nbsp;<strong>major cohesi\u00f3 social i territorial i un alt nivell d\u2019ocupaci\u00f3<\/strong>.<\/p>\n\n\n\n<p class=\"has-text-color has-very-dark-gray-color\">Alhora, el programa constitueix&nbsp;<strong>una eina per fer front a la situaci\u00f3 de desocupaci\u00f3 juvenil<\/strong>&nbsp;davant els elevats percentatges de persones joves que estan en situaci\u00f3 d\u2019atur, o que han abandonat prematurament el sistema educatiu i que es troben sense feina i sense millorar la seva formaci\u00f3.<\/p>\n\n\n\n<p class=\"has-text-color has-very-dark-gray-color\">Durant el per\u00edode d&#8217;estada, els i les joves rebran la formaci\u00f3 professional per part dels professionals de la Fundaci\u00f3 en el desenvolupament de les tasques assignades als seus respectius llocs de treball per completar l\u2019experi\u00e8ncia laboral.<\/p>\n\n\n\n<p class=\"has-text-color has-very-dark-gray-color\"><strong>La Garantia Juvenil a Catalunya dona resposta a tot l\u2019ampli espectre de perfils de joves que es troben en situaci\u00f3 de vulnerabilitat formativa, laboral o la combinaci\u00f3 de les dues, amb especial incid\u00e8ncia en aquest darrer col\u00b7lectiu.<\/strong><\/p>\n\n\n\n<ul class=\"wp-block-gallery columns-2 wp-block-gallery-1 is-layout-flex wp-block-gallery-is-layout-flex\"><li class=\"blocks-gallery-item\"><figure><img data-recalc-dims=\"1\" loading=\"lazy\" decoding=\"async\" width=\"925\" height=\"163\" src=\"https:\/\/i0.wp.com\/www.fundacioires.org\/wp-content\/uploads\/soc_2l.jpg?resize=925%2C163&#038;ssl=1\" alt=\"\" data-id=\"28236\" data-link=\"https:\/\/www.fundacioires.org\/ca\/?attachment_id=28236\" class=\"wp-image-28236\" srcset=\"https:\/\/i0.wp.com\/www.fundacioires.org\/wp-content\/uploads\/soc_2l.jpg?w=925&amp;ssl=1 925w, https:\/\/i0.wp.com\/www.fundacioires.org\/wp-content\/uploads\/soc_2l.jpg?resize=300%2C53&amp;ssl=1 300w, https:\/\/i0.wp.com\/www.fundacioires.org\/wp-content\/uploads\/soc_2l.jpg?resize=768%2C135&amp;ssl=1 768w\" sizes=\"(max-width: 925px) 100vw, 925px\" \/><\/figure><\/li><li class=\"blocks-gallery-item\"><figure><img loading=\"lazy\" decoding=\"async\" width=\"1242\" height=\"312\" src=\"https:\/\/i0.wp.com\/www.fundacioires.org\/wp-content\/uploads\/logotip_Iniciativaocupacioj.png?fit=1024%2C257&amp;ssl=1\" alt=\"\" data-id=\"28238\" data-link=\"https:\/\/www.fundacioires.org\/ca\/?attachment_id=28238\" class=\"wp-image-28238\" srcset=\"https:\/\/i0.wp.com\/www.fundacioires.org\/wp-content\/uploads\/logotip_Iniciativaocupacioj.png?w=1242&amp;ssl=1 1242w, https:\/\/i0.wp.com\/www.fundacioires.org\/wp-content\/uploads\/logotip_Iniciativaocupacioj.png?resize=300%2C75&amp;ssl=1 300w, https:\/\/i0.wp.com\/www.fundacioires.org\/wp-content\/uploads\/logotip_Iniciativaocupacioj.png?resize=768%2C193&amp;ssl=1 768w, https:\/\/i0.wp.com\/www.fundacioires.org\/wp-content\/uploads\/logotip_Iniciativaocupacioj.png?resize=1024%2C257&amp;ssl=1 1024w\" sizes=\"(max-width: 1000px) 100vw, 1000px\" \/><\/figure><\/li><li class=\"blocks-gallery-item\"><figure><img data-recalc-dims=\"1\" loading=\"lazy\" decoding=\"async\" width=\"752\" height=\"200\" src=\"https:\/\/i0.wp.com\/www.fundacioires.org\/wp-content\/uploads\/MTMSSSEPE-nou-logotip.jpg?resize=752%2C200&#038;ssl=1\" alt=\"\" data-id=\"28240\" data-link=\"https:\/\/www.fundacioires.org\/ca\/?attachment_id=28240\" class=\"wp-image-28240\" srcset=\"https:\/\/i0.wp.com\/www.fundacioires.org\/wp-content\/uploads\/MTMSSSEPE-nou-logotip.jpg?w=752&amp;ssl=1 752w, https:\/\/i0.wp.com\/www.fundacioires.org\/wp-content\/uploads\/MTMSSSEPE-nou-logotip.jpg?resize=300%2C80&amp;ssl=1 300w\" sizes=\"(max-width: 752px) 100vw, 752px\" \/><\/figure><\/li><li class=\"blocks-gallery-item\"><figure><img loading=\"lazy\" decoding=\"async\" width=\"1454\" height=\"425\" src=\"https:\/\/i2.wp.com\/www.fundacioires.org\/wp-content\/uploads\/idbc.jpg?fit=1024%2C299&amp;ssl=1\" alt=\"\" data-id=\"28242\" data-link=\"https:\/\/www.fundacioires.org\/ca\/?attachment_id=28242\" class=\"wp-image-28242\" srcset=\"https:\/\/i0.wp.com\/www.fundacioires.org\/wp-content\/uploads\/idbc.jpg?w=1454&amp;ssl=1 1454w, https:\/\/i0.wp.com\/www.fundacioires.org\/wp-content\/uploads\/idbc.jpg?resize=300%2C88&amp;ssl=1 300w, https:\/\/i0.wp.com\/www.fundacioires.org\/wp-content\/uploads\/idbc.jpg?resize=768%2C224&amp;ssl=1 768w, https:\/\/i0.wp.com\/www.fundacioires.org\/wp-content\/uploads\/idbc.jpg?resize=1024%2C299&amp;ssl=1 1024w\" sizes=\"(max-width: 1000px) 100vw, 1000px\" \/><\/figure><\/li><\/ul>\n","protected":false},"excerpt":{"rendered":"<p>L\u2019entitat participa per quart any de la iniciativa d\u2019ocupaci\u00f3 juvenil de la Uni\u00f3 Europea, que t\u00e9 com a objectiu incentivar la contractaci\u00f3 laboral en pr\u00e0ctiques de joves amb formaci\u00f3<\/p>\n","protected":false},"author":7,"featured_media":28234,"comment_status":"closed","ping_status":"open","sticky":false,"template":"","format":"standard","meta":{"_jetpack_memberships_contains_paid_content":false,"footnotes":""},"categories":[25],"tags":[],"class_list":["post-28233","post","type-post","status-publish","format-standard","has-post-thumbnail","hentry","category-lactivitat-dires"],"yoast_head":"<!-- This site is optimized with the Yoast SEO plugin v27.4 - https:\/\/yoast.com\/product\/yoast-seo-wordpress\/ -->\n<title>IRES incorpora quatre professionals joves al seu equip gr\u00e0cies al programa de Garantia Juvenil - Fundaci\u00f3 IRES<\/title>\n<meta name=\"robots\" content=\"index, follow, max-snippet:-1, max-image-preview:large, max-video-preview:-1\" \/>\n<link rel=\"canonical\" href=\"https:\/\/www.fundacioires.org\/ca\/ires-incorpora-quatre-professionals-joves-al-seu-equip-gracies-al-programa-de-garantia-juvenil\/\" \/>\n<meta property=\"og:locale\" content=\"ca_ES\" \/>\n<meta property=\"og:type\" content=\"article\" \/>\n<meta property=\"og:title\" content=\"IRES incorpora quatre professionals joves al seu equip gr\u00e0cies al programa de Garantia Juvenil - Fundaci\u00f3 IRES\" \/>\n<meta property=\"og:description\" content=\"L\u2019entitat participa per quart any de la iniciativa d\u2019ocupaci\u00f3 juvenil de la Uni\u00f3 Europea, que t\u00e9 com a objectiu incentivar la contractaci\u00f3 laboral en pr\u00e0ctiques de joves amb formaci\u00f3\" \/>\n<meta property=\"og:url\" content=\"https:\/\/www.fundacioires.org\/ca\/ires-incorpora-quatre-professionals-joves-al-seu-equip-gracies-al-programa-de-garantia-juvenil\/\" \/>\n<meta property=\"og:site_name\" content=\"Fundaci\u00f3 IRES\" \/>\n<meta property=\"article:published_time\" content=\"2021-01-28T18:27:55+00:00\" \/>\n<meta property=\"article:modified_time\" content=\"2021-02-01T14:08:14+00:00\" \/>\n<meta property=\"og:image\" content=\"https:\/\/i0.wp.com\/www.fundacioires.org\/wp-content\/uploads\/C\u00f2pia-de-PLANTILLA-NOTI-WEB-OCTUBRE-2020-5.png?fit=600%2C300&ssl=1\" \/>\n\t<meta property=\"og:image:width\" content=\"600\" \/>\n\t<meta property=\"og:image:height\" content=\"300\" \/>\n\t<meta property=\"og:image:type\" content=\"image\/png\" \/>\n<meta name=\"author\" content=\"Fundaci\u00f3 IRES\" \/>\n<meta name=\"twitter:card\" content=\"summary_large_image\" \/>\n<meta name=\"twitter:label1\" content=\"Written by\" \/>\n\t<meta name=\"twitter:data1\" content=\"Fundaci\u00f3 IRES\" \/>\n\t<meta name=\"twitter:label2\" content=\"Est. reading time\" \/>\n\t<meta name=\"twitter:data2\" content=\"1 minute\" \/>\n<script type=\"application\/ld+json\" class=\"yoast-schema-graph\">{\"@context\":\"https:\\\/\\\/schema.org\",\"@graph\":[{\"@type\":\"Article\",\"@id\":\"https:\\\/\\\/www.fundacioires.org\\\/ca\\\/ires-incorpora-quatre-professionals-joves-al-seu-equip-gracies-al-programa-de-garantia-juvenil\\\/#article\",\"isPartOf\":{\"@id\":\"https:\\\/\\\/www.fundacioires.org\\\/ca\\\/ires-incorpora-quatre-professionals-joves-al-seu-equip-gracies-al-programa-de-garantia-juvenil\\\/\"},\"author\":{\"name\":\"Fundaci\u00f3 IRES\",\"@id\":\"https:\\\/\\\/www.fundacioires.org\\\/#\\\/schema\\\/person\\\/160af843c565221ef4664a5c7000791c\"},\"headline\":\"IRES incorpora quatre professionals joves al seu equip gr\u00e0cies al programa de Garantia Juvenil\",\"datePublished\":\"2021-01-28T18:27:55+00:00\",\"dateModified\":\"2021-02-01T14:08:14+00:00\",\"mainEntityOfPage\":{\"@id\":\"https:\\\/\\\/www.fundacioires.org\\\/ca\\\/ires-incorpora-quatre-professionals-joves-al-seu-equip-gracies-al-programa-de-garantia-juvenil\\\/\"},\"wordCount\":198,\"publisher\":{\"@id\":\"https:\\\/\\\/www.fundacioires.org\\\/#organization\"},\"image\":{\"@id\":\"https:\\\/\\\/www.fundacioires.org\\\/ca\\\/ires-incorpora-quatre-professionals-joves-al-seu-equip-gracies-al-programa-de-garantia-juvenil\\\/#primaryimage\"},\"thumbnailUrl\":\"https:\\\/\\\/i0.wp.com\\\/www.fundacioires.org\\\/wp-content\\\/uploads\\\/C%C3%B2pia-de-PLANTILLA-NOTI-WEB-OCTUBRE-2020-5.png?fit=600%2C300&ssl=1\",\"articleSection\":[\"L'activitat d'IRES\"],\"inLanguage\":\"ca-ES\"},{\"@type\":\"WebPage\",\"@id\":\"https:\\\/\\\/www.fundacioires.org\\\/ca\\\/ires-incorpora-quatre-professionals-joves-al-seu-equip-gracies-al-programa-de-garantia-juvenil\\\/\",\"url\":\"https:\\\/\\\/www.fundacioires.org\\\/ca\\\/ires-incorpora-quatre-professionals-joves-al-seu-equip-gracies-al-programa-de-garantia-juvenil\\\/\",\"name\":\"IRES incorpora quatre professionals joves al seu equip gr\u00e0cies al programa de Garantia Juvenil - Fundaci\u00f3 IRES\",\"isPartOf\":{\"@id\":\"https:\\\/\\\/www.fundacioires.org\\\/#website\"},\"primaryImageOfPage\":{\"@id\":\"https:\\\/\\\/www.fundacioires.org\\\/ca\\\/ires-incorpora-quatre-professionals-joves-al-seu-equip-gracies-al-programa-de-garantia-juvenil\\\/#primaryimage\"},\"image\":{\"@id\":\"https:\\\/\\\/www.fundacioires.org\\\/ca\\\/ires-incorpora-quatre-professionals-joves-al-seu-equip-gracies-al-programa-de-garantia-juvenil\\\/#primaryimage\"},\"thumbnailUrl\":\"https:\\\/\\\/i0.wp.com\\\/www.fundacioires.org\\\/wp-content\\\/uploads\\\/C%C3%B2pia-de-PLANTILLA-NOTI-WEB-OCTUBRE-2020-5.png?fit=600%2C300&ssl=1\",\"datePublished\":\"2021-01-28T18:27:55+00:00\",\"dateModified\":\"2021-02-01T14:08:14+00:00\",\"breadcrumb\":{\"@id\":\"https:\\\/\\\/www.fundacioires.org\\\/ca\\\/ires-incorpora-quatre-professionals-joves-al-seu-equip-gracies-al-programa-de-garantia-juvenil\\\/#breadcrumb\"},\"inLanguage\":\"ca-ES\",\"potentialAction\":[{\"@type\":\"ReadAction\",\"target\":[\"https:\\\/\\\/www.fundacioires.org\\\/ca\\\/ires-incorpora-quatre-professionals-joves-al-seu-equip-gracies-al-programa-de-garantia-juvenil\\\/\"]}]},{\"@type\":\"ImageObject\",\"inLanguage\":\"ca-ES\",\"@id\":\"https:\\\/\\\/www.fundacioires.org\\\/ca\\\/ires-incorpora-quatre-professionals-joves-al-seu-equip-gracies-al-programa-de-garantia-juvenil\\\/#primaryimage\",\"url\":\"https:\\\/\\\/i0.wp.com\\\/www.fundacioires.org\\\/wp-content\\\/uploads\\\/C%C3%B2pia-de-PLANTILLA-NOTI-WEB-OCTUBRE-2020-5.png?fit=600%2C300&ssl=1\",\"contentUrl\":\"https:\\\/\\\/i0.wp.com\\\/www.fundacioires.org\\\/wp-content\\\/uploads\\\/C%C3%B2pia-de-PLANTILLA-NOTI-WEB-OCTUBRE-2020-5.png?fit=600%2C300&ssl=1\",\"width\":600,\"height\":300},{\"@type\":\"BreadcrumbList\",\"@id\":\"https:\\\/\\\/www.fundacioires.org\\\/ca\\\/ires-incorpora-quatre-professionals-joves-al-seu-equip-gracies-al-programa-de-garantia-juvenil\\\/#breadcrumb\",\"itemListElement\":[{\"@type\":\"ListItem\",\"position\":1,\"name\":\"Portada\",\"item\":\"https:\\\/\\\/www.fundacioires.org\\\/\"},{\"@type\":\"ListItem\",\"position\":2,\"name\":\"IRES incorpora quatre professionals joves al seu equip gr\u00e0cies al programa de Garantia Juvenil\"}]},{\"@type\":\"WebSite\",\"@id\":\"https:\\\/\\\/www.fundacioires.org\\\/#website\",\"url\":\"https:\\\/\\\/www.fundacioires.org\\\/\",\"name\":\"Fundaci\u00f3 IRES\",\"description\":\"\",\"publisher\":{\"@id\":\"https:\\\/\\\/www.fundacioires.org\\\/#organization\"},\"potentialAction\":[{\"@type\":\"SearchAction\",\"target\":{\"@type\":\"EntryPoint\",\"urlTemplate\":\"https:\\\/\\\/www.fundacioires.org\\\/?s={search_term_string}\"},\"query-input\":{\"@type\":\"PropertyValueSpecification\",\"valueRequired\":true,\"valueName\":\"search_term_string\"}}],\"inLanguage\":\"ca-ES\"},{\"@type\":\"Organization\",\"@id\":\"https:\\\/\\\/www.fundacioires.org\\\/#organization\",\"name\":\"Fundanci\u00f3n IRES\",\"url\":\"https:\\\/\\\/www.fundacioires.org\\\/\",\"logo\":{\"@type\":\"ImageObject\",\"inLanguage\":\"ca-ES\",\"@id\":\"https:\\\/\\\/www.fundacioires.org\\\/#\\\/schema\\\/logo\\\/image\\\/\",\"url\":\"https:\\\/\\\/i0.wp.com\\\/www.fundacioires.org\\\/wp-content\\\/uploads\\\/faviconIRES.png?fit=32%2C32&ssl=1\",\"contentUrl\":\"https:\\\/\\\/i0.wp.com\\\/www.fundacioires.org\\\/wp-content\\\/uploads\\\/faviconIRES.png?fit=32%2C32&ssl=1\",\"width\":32,\"height\":32,\"caption\":\"Fundanci\u00f3n IRES\"},\"image\":{\"@id\":\"https:\\\/\\\/www.fundacioires.org\\\/#\\\/schema\\\/logo\\\/image\\\/\"}},{\"@type\":\"Person\",\"@id\":\"https:\\\/\\\/www.fundacioires.org\\\/#\\\/schema\\\/person\\\/160af843c565221ef4664a5c7000791c\",\"name\":\"Fundaci\u00f3 IRES\"}]}<\/script>\n<!-- \/ Yoast SEO plugin. -->","yoast_head_json":{"title":"IRES incorpora quatre professionals joves al seu equip gr\u00e0cies al programa de Garantia Juvenil - Fundaci\u00f3 IRES","robots":{"index":"index","follow":"follow","max-snippet":"max-snippet:-1","max-image-preview":"max-image-preview:large","max-video-preview":"max-video-preview:-1"},"canonical":"https:\/\/www.fundacioires.org\/ca\/ires-incorpora-quatre-professionals-joves-al-seu-equip-gracies-al-programa-de-garantia-juvenil\/","og_locale":"ca_ES","og_type":"article","og_title":"IRES incorpora quatre professionals joves al seu equip gr\u00e0cies al programa de Garantia Juvenil - Fundaci\u00f3 IRES","og_description":"L\u2019entitat participa per quart any de la iniciativa d\u2019ocupaci\u00f3 juvenil de la Uni\u00f3 Europea, que t\u00e9 com a objectiu incentivar la contractaci\u00f3 laboral en pr\u00e0ctiques de joves amb formaci\u00f3","og_url":"https:\/\/www.fundacioires.org\/ca\/ires-incorpora-quatre-professionals-joves-al-seu-equip-gracies-al-programa-de-garantia-juvenil\/","og_site_name":"Fundaci\u00f3 IRES","article_published_time":"2021-01-28T18:27:55+00:00","article_modified_time":"2021-02-01T14:08:14+00:00","og_image":[{"width":600,"height":300,"url":"https:\/\/i0.wp.com\/www.fundacioires.org\/wp-content\/uploads\/C\u00f2pia-de-PLANTILLA-NOTI-WEB-OCTUBRE-2020-5.png?fit=600%2C300&ssl=1","type":"image\/png"}],"author":"Fundaci\u00f3 IRES","twitter_card":"summary_large_image","twitter_misc":{"Written by":"Fundaci\u00f3 IRES","Est. reading time":"1 minute"},"schema":{"@context":"https:\/\/schema.org","@graph":[{"@type":"Article","@id":"https:\/\/www.fundacioires.org\/ca\/ires-incorpora-quatre-professionals-joves-al-seu-equip-gracies-al-programa-de-garantia-juvenil\/#article","isPartOf":{"@id":"https:\/\/www.fundacioires.org\/ca\/ires-incorpora-quatre-professionals-joves-al-seu-equip-gracies-al-programa-de-garantia-juvenil\/"},"author":{"name":"Fundaci\u00f3 IRES","@id":"https:\/\/www.fundacioires.org\/#\/schema\/person\/160af843c565221ef4664a5c7000791c"},"headline":"IRES incorpora quatre professionals joves al seu equip gr\u00e0cies al programa de Garantia Juvenil","datePublished":"2021-01-28T18:27:55+00:00","dateModified":"2021-02-01T14:08:14+00:00","mainEntityOfPage":{"@id":"https:\/\/www.fundacioires.org\/ca\/ires-incorpora-quatre-professionals-joves-al-seu-equip-gracies-al-programa-de-garantia-juvenil\/"},"wordCount":198,"publisher":{"@id":"https:\/\/www.fundacioires.org\/#organization"},"image":{"@id":"https:\/\/www.fundacioires.org\/ca\/ires-incorpora-quatre-professionals-joves-al-seu-equip-gracies-al-programa-de-garantia-juvenil\/#primaryimage"},"thumbnailUrl":"https:\/\/i0.wp.com\/www.fundacioires.org\/wp-content\/uploads\/C%C3%B2pia-de-PLANTILLA-NOTI-WEB-OCTUBRE-2020-5.png?fit=600%2C300&ssl=1","articleSection":["L'activitat d'IRES"],"inLanguage":"ca-ES"},{"@type":"WebPage","@id":"https:\/\/www.fundacioires.org\/ca\/ires-incorpora-quatre-professionals-joves-al-seu-equip-gracies-al-programa-de-garantia-juvenil\/","url":"https:\/\/www.fundacioires.org\/ca\/ires-incorpora-quatre-professionals-joves-al-seu-equip-gracies-al-programa-de-garantia-juvenil\/","name":"IRES incorpora quatre professionals joves al seu equip gr\u00e0cies al programa de Garantia Juvenil - Fundaci\u00f3 IRES","isPartOf":{"@id":"https:\/\/www.fundacioires.org\/#website"},"primaryImageOfPage":{"@id":"https:\/\/www.fundacioires.org\/ca\/ires-incorpora-quatre-professionals-joves-al-seu-equip-gracies-al-programa-de-garantia-juvenil\/#primaryimage"},"image":{"@id":"https:\/\/www.fundacioires.org\/ca\/ires-incorpora-quatre-professionals-joves-al-seu-equip-gracies-al-programa-de-garantia-juvenil\/#primaryimage"},"thumbnailUrl":"https:\/\/i0.wp.com\/www.fundacioires.org\/wp-content\/uploads\/C%C3%B2pia-de-PLANTILLA-NOTI-WEB-OCTUBRE-2020-5.png?fit=600%2C300&ssl=1","datePublished":"2021-01-28T18:27:55+00:00","dateModified":"2021-02-01T14:08:14+00:00","breadcrumb":{"@id":"https:\/\/www.fundacioires.org\/ca\/ires-incorpora-quatre-professionals-joves-al-seu-equip-gracies-al-programa-de-garantia-juvenil\/#breadcrumb"},"inLanguage":"ca-ES","potentialAction":[{"@type":"ReadAction","target":["https:\/\/www.fundacioires.org\/ca\/ires-incorpora-quatre-professionals-joves-al-seu-equip-gracies-al-programa-de-garantia-juvenil\/"]}]},{"@type":"ImageObject","inLanguage":"ca-ES","@id":"https:\/\/www.fundacioires.org\/ca\/ires-incorpora-quatre-professionals-joves-al-seu-equip-gracies-al-programa-de-garantia-juvenil\/#primaryimage","url":"https:\/\/i0.wp.com\/www.fundacioires.org\/wp-content\/uploads\/C%C3%B2pia-de-PLANTILLA-NOTI-WEB-OCTUBRE-2020-5.png?fit=600%2C300&ssl=1","contentUrl":"https:\/\/i0.wp.com\/www.fundacioires.org\/wp-content\/uploads\/C%C3%B2pia-de-PLANTILLA-NOTI-WEB-OCTUBRE-2020-5.png?fit=600%2C300&ssl=1","width":600,"height":300},{"@type":"BreadcrumbList","@id":"https:\/\/www.fundacioires.org\/ca\/ires-incorpora-quatre-professionals-joves-al-seu-equip-gracies-al-programa-de-garantia-juvenil\/#breadcrumb","itemListElement":[{"@type":"ListItem","position":1,"name":"Portada","item":"https:\/\/www.fundacioires.org\/"},{"@type":"ListItem","position":2,"name":"IRES incorpora quatre professionals joves al seu equip gr\u00e0cies al programa de Garantia Juvenil"}]},{"@type":"WebSite","@id":"https:\/\/www.fundacioires.org\/#website","url":"https:\/\/www.fundacioires.org\/","name":"Fundaci\u00f3 IRES","description":"","publisher":{"@id":"https:\/\/www.fundacioires.org\/#organization"},"potentialAction":[{"@type":"SearchAction","target":{"@type":"EntryPoint","urlTemplate":"https:\/\/www.fundacioires.org\/?s={search_term_string}"},"query-input":{"@type":"PropertyValueSpecification","valueRequired":true,"valueName":"search_term_string"}}],"inLanguage":"ca-ES"},{"@type":"Organization","@id":"https:\/\/www.fundacioires.org\/#organization","name":"Fundanci\u00f3n IRES","url":"https:\/\/www.fundacioires.org\/","logo":{"@type":"ImageObject","inLanguage":"ca-ES","@id":"https:\/\/www.fundacioires.org\/#\/schema\/logo\/image\/","url":"https:\/\/i0.wp.com\/www.fundacioires.org\/wp-content\/uploads\/faviconIRES.png?fit=32%2C32&ssl=1","contentUrl":"https:\/\/i0.wp.com\/www.fundacioires.org\/wp-content\/uploads\/faviconIRES.png?fit=32%2C32&ssl=1","width":32,"height":32,"caption":"Fundanci\u00f3n IRES"},"image":{"@id":"https:\/\/www.fundacioires.org\/#\/schema\/logo\/image\/"}},{"@type":"Person","@id":"https:\/\/www.fundacioires.org\/#\/schema\/person\/160af843c565221ef4664a5c7000791c","name":"Fundaci\u00f3 IRES"}]}},"jetpack_featured_media_url":"https:\/\/i0.wp.com\/www.fundacioires.org\/wp-content\/uploads\/C%C3%B2pia-de-PLANTILLA-NOTI-WEB-OCTUBRE-2020-5.png?fit=600%2C300&ssl=1","jetpack_sharing_enabled":true,"_links":{"self":[{"href":"https:\/\/www.fundacioires.org\/ca\/wp-json\/wp\/v2\/posts\/28233","targetHints":{"allow":["GET"]}}],"collection":[{"href":"https:\/\/www.fundacioires.org\/ca\/wp-json\/wp\/v2\/posts"}],"about":[{"href":"https:\/\/www.fundacioires.org\/ca\/wp-json\/wp\/v2\/types\/post"}],"author":[{"embeddable":true,"href":"https:\/\/www.fundacioires.org\/ca\/wp-json\/wp\/v2\/users\/7"}],"replies":[{"embeddable":true,"href":"https:\/\/www.fundacioires.org\/ca\/wp-json\/wp\/v2\/comments?post=28233"}],"version-history":[{"count":3,"href":"https:\/\/www.fundacioires.org\/ca\/wp-json\/wp\/v2\/posts\/28233\/revisions"}],"predecessor-version":[{"id":28302,"href":"https:\/\/www.fundacioires.org\/ca\/wp-json\/wp\/v2\/posts\/28233\/revisions\/28302"}],"wp:featuredmedia":[{"embeddable":true,"href":"https:\/\/www.fundacioires.org\/ca\/wp-json\/wp\/v2\/media\/28234"}],"wp:attachment":[{"href":"https:\/\/www.fundacioires.org\/ca\/wp-json\/wp\/v2\/media?parent=28233"}],"wp:term":[{"taxonomy":"category","embeddable":true,"href":"https:\/\/www.fundacioires.org\/ca\/wp-json\/wp\/v2\/categories?post=28233"},{"taxonomy":"post_tag","embeddable":true,"href":"https:\/\/www.fundacioires.org\/ca\/wp-json\/wp\/v2\/tags?post=28233"}],"curies":[{"name":"wp","href":"https:\/\/api.w.org\/{rel}","templated":true}]}}