{"id":28778,"date":"2021-02-18T13:30:15","date_gmt":"2021-02-18T12:30:15","guid":{"rendered":"https:\/\/www.fundacioires.org\/?p=28778"},"modified":"2021-02-23T09:59:14","modified_gmt":"2021-02-23T08:59:14","slug":"finalitza-la-mostra-venus-a-flor-de-pell-del-grup-venus-sense-canon","status":"publish","type":"post","link":"https:\/\/www.fundacioires.org\/ca\/finalitza-la-mostra-venus-a-flor-de-pell-del-grup-venus-sense-canon\/","title":{"rendered":"Finalitza la mostra &#8220;Venus a flor de pell\u201d del grup Venus Sense C\u00e0non"},"content":{"rendered":"\n<p style=\"text-align:left\" class=\"has-text-color has-very-dark-gray-color\"> El grup Venus Sense C\u00e0non va tancar la mostra resultant del taller d\u2019artter\u00e0pia <em><strong>Venus a Flor de Pell<\/strong><\/em><strong> <\/strong>el passat dia 31 de gener. L\u2019exposici\u00f3, fruit de l\u2019experi\u00e8ncia creativa del taller, es va poder veure durant un parell de setmanes a les instal\u00b7lacions de la <strong>Fundaci\u00f3 IRES<\/strong> . Va mostrar 8 creacions fetes per les participants. <\/p>\n\n\n\n<figure class=\"wp-block-image\"><img loading=\"lazy\" decoding=\"async\" width=\"1200\" height=\"628\" src=\"https:\/\/i1.wp.com\/www.fundacioires.org\/wp-content\/uploads\/PLANTILLA-NOTI-WEB-OCTUBRE-2020-2.png?fit=1024%2C536&amp;ssl=1\" alt=\"Algunes de les participants de  Venus a flor de pell amb les seves creacions a les instal\u00b7lacions de la Fundaci\u00f3. \" class=\"wp-image-28792\" srcset=\"https:\/\/i0.wp.com\/www.fundacioires.org\/wp-content\/uploads\/PLANTILLA-NOTI-WEB-OCTUBRE-2020-2.png?w=1200&amp;ssl=1 1200w, https:\/\/i0.wp.com\/www.fundacioires.org\/wp-content\/uploads\/PLANTILLA-NOTI-WEB-OCTUBRE-2020-2.png?resize=300%2C157&amp;ssl=1 300w, https:\/\/i0.wp.com\/www.fundacioires.org\/wp-content\/uploads\/PLANTILLA-NOTI-WEB-OCTUBRE-2020-2.png?resize=768%2C402&amp;ssl=1 768w, https:\/\/i0.wp.com\/www.fundacioires.org\/wp-content\/uploads\/PLANTILLA-NOTI-WEB-OCTUBRE-2020-2.png?resize=1024%2C536&amp;ssl=1 1024w\" sizes=\"(max-width: 1000px) 100vw, 1000px\" \/><figcaption> Algunes de les participants amb les seves creacions a les instal\u00b7lacions de la Fundaci\u00f3. <\/figcaption><\/figure>\n\n\n\n<p class=\"has-text-color has-very-dark-gray-color\">El taller d&#8217;artter\u00e0pia impartit per la pintora i art-terapeuta <strong>Cris Pink<\/strong>, ha servit per a convalidar un projecte centrat en la problem\u00e0tica de dones en s<strong>ituaci\u00f3 de vulnerabilitat, trastorn personal i maltractament<\/strong>. L\u2019artter\u00e0pia va ser un bon incentiu per potenciar l&#8217;\u00fas metaf\u00f2ric d\u2019un concepte summament femen\u00ed que els hi va servir de guia. Les samarretes resultants es van fer a partir de retalls, fragments i sobrants de tela a m\u00e9s de tints de tots colors. Totes, amb un prop\u00f2sit final. <\/p>\n\n\n\n<h3 class=\"wp-block-heading\"><strong>Samarretes que aporten nous prop\u00f2sits<\/strong><\/h3>\n\n\n\n<p class=\"has-text-color has-very-dark-gray-color\">Les jornades van connectar les dones amb el concepte que tenien d&#8217;elles mateixes, del seu cos, els seus desitjos, complexos i els seus l\u00edmits, per\u00f2 tamb\u00e9 amb les ganes de tornar a sentir-se arrelades en el femen\u00ed.<\/p>\n\n\n\n<p class=\"has-text-color has-very-dark-gray-color\">Els vidres d\u2019<strong>IRES<\/strong> es van omplir de creacions amb moltes hist\u00f2ries darrere per\u00f2 sobretot amb molt de color i ganes d\u2019afrontar nous reptes. \u201cUna limpieza, una liberaci\u00f3n, qu\u00edtate peso, qu\u00edtate capes, qu\u00edtate pieles\u201d. Petits cartells amb textos van acompanyar les samarretes, tots ells amb una frase reflexiva sobre el prop\u00f2sit treballat en el taller.  L&#8217;objectiu de Venus a flor de pell: l&#8217;<strong>alliberaci\u00f3<\/strong> i la <strong>coneixen\u00e7a d\u2019una mateixa<\/strong>. <\/p>\n\n\n\n<p class=\"has-text-color has-very-dark-gray-color\">Ben aviat, Venus sense C\u00e0non, tornaran amb noves mostres i nous projectes que de ben segur seran d\u2019all\u00f2 m\u00e9s enriquidores per les participants. <\/p>\n\n\n\n<figure class=\"wp-block-image\"><img loading=\"lazy\" decoding=\"async\" width=\"1200\" height=\"628\" src=\"https:\/\/i1.wp.com\/www.fundacioires.org\/wp-content\/uploads\/PLANTILLA-NOTI-WEB-OCTUBRE-2020-1-1.png?fit=1024%2C536&amp;ssl=1\" alt=\"Les integrants del grup Venus Sense C\u00e0non amb les obres del taller d'artter\u00e0pia Venus a flor de pell\" class=\"wp-image-28794\" srcset=\"https:\/\/i0.wp.com\/www.fundacioires.org\/wp-content\/uploads\/PLANTILLA-NOTI-WEB-OCTUBRE-2020-1-1.png?w=1200&amp;ssl=1 1200w, https:\/\/i0.wp.com\/www.fundacioires.org\/wp-content\/uploads\/PLANTILLA-NOTI-WEB-OCTUBRE-2020-1-1.png?resize=300%2C157&amp;ssl=1 300w, https:\/\/i0.wp.com\/www.fundacioires.org\/wp-content\/uploads\/PLANTILLA-NOTI-WEB-OCTUBRE-2020-1-1.png?resize=768%2C402&amp;ssl=1 768w, https:\/\/i0.wp.com\/www.fundacioires.org\/wp-content\/uploads\/PLANTILLA-NOTI-WEB-OCTUBRE-2020-1-1.png?resize=1024%2C536&amp;ssl=1 1024w\" sizes=\"(max-width: 1000px) 100vw, 1000px\" \/><figcaption>Les integrants del grup Venus Sense C\u00e0non amb les obres del taller d&#8217;artter\u00e0pia<\/figcaption><\/figure>\n\n\n\n<p class=\"has-text-color has-very-dark-gray-color\">Podeu recuperar l&#8217;article anterior <a href=\"https:\/\/www.fundacioires.org\/ca\/exposicio-venus-a-flor-de-pell-transformacio-textil-i-personal\/\"><strong>aqu\u00ed<\/strong><\/a>. <\/p>\n","protected":false},"excerpt":{"rendered":"<p>La mostra de l&#8217;experi\u00e8ncia creativa del taller d&#8217;artter\u00e0pia va tenir lloc en les instal\u00b7lacions de la Fundaci\u00f3 IRES i va presentar les creacions fetes per aquest grup de dones dedicades a l\u2019apoderament feminista i l\u2019acompanyament. <\/p>\n","protected":false},"author":7,"featured_media":28794,"comment_status":"closed","ping_status":"open","sticky":false,"template":"","format":"standard","meta":{"_jetpack_memberships_contains_paid_content":false,"footnotes":""},"categories":[19],"tags":[147],"class_list":["post-28778","post","type-post","status-publish","format-standard","has-post-thumbnail","hentry","category-ires-blog","tag-venus-sense-canon"],"yoast_head":"<!-- This site is optimized with the Yoast SEO plugin v27.4 - https:\/\/yoast.com\/product\/yoast-seo-wordpress\/ -->\n<title>Finalitza la mostra &quot;Venus a flor de pell&quot; - Fundaci\u00f3 IRES<\/title>\n<meta name=\"description\" content=\"El grup Venus Sense C\u00e0non va tancar la mostra resultant del taller d\u2019artter\u00e0pia Venus a Flor de Pell. L&#039;exposici\u00f3 va ser fruit de la creativitat del taller.\" \/>\n<meta name=\"robots\" content=\"index, follow, max-snippet:-1, max-image-preview:large, max-video-preview:-1\" \/>\n<link rel=\"canonical\" href=\"https:\/\/www.fundacioires.org\/ca\/finalitza-la-mostra-venus-a-flor-de-pell-del-grup-venus-sense-canon\/\" \/>\n<meta property=\"og:locale\" content=\"ca_ES\" \/>\n<meta property=\"og:type\" content=\"article\" \/>\n<meta property=\"og:title\" content=\"Finalitza la mostra &quot;Venus a flor de pell&quot; - Fundaci\u00f3 IRES\" \/>\n<meta property=\"og:description\" content=\"El grup Venus Sense C\u00e0non va tancar la mostra resultant del taller d\u2019artter\u00e0pia Venus a Flor de Pell. L&#039;exposici\u00f3 va ser fruit de la creativitat del taller.\" \/>\n<meta property=\"og:url\" content=\"https:\/\/www.fundacioires.org\/ca\/finalitza-la-mostra-venus-a-flor-de-pell-del-grup-venus-sense-canon\/\" \/>\n<meta property=\"og:site_name\" content=\"Fundaci\u00f3 IRES\" \/>\n<meta property=\"article:published_time\" content=\"2021-02-18T12:30:15+00:00\" \/>\n<meta property=\"article:modified_time\" content=\"2021-02-23T08:59:14+00:00\" \/>\n<meta property=\"og:image\" content=\"https:\/\/i2.wp.com\/www.fundacioires.org\/wp-content\/uploads\/PLANTILLA-NOTI-WEB-OCTUBRE-2020-1-1.png?fit=1200%2C628&ssl=1\" \/>\n\t<meta property=\"og:image:width\" content=\"1200\" \/>\n\t<meta property=\"og:image:height\" content=\"628\" \/>\n\t<meta property=\"og:image:type\" content=\"image\/png\" \/>\n<meta name=\"author\" content=\"Fundaci\u00f3 IRES\" \/>\n<meta name=\"twitter:card\" content=\"summary_large_image\" \/>\n<meta name=\"twitter:label1\" content=\"Written by\" \/>\n\t<meta name=\"twitter:data1\" content=\"Fundaci\u00f3 IRES\" \/>\n\t<meta name=\"twitter:label2\" content=\"Est. reading time\" \/>\n\t<meta name=\"twitter:data2\" content=\"2 minutes\" \/>\n<script type=\"application\/ld+json\" class=\"yoast-schema-graph\">{\"@context\":\"https:\\\/\\\/schema.org\",\"@graph\":[{\"@type\":\"Article\",\"@id\":\"https:\\\/\\\/www.fundacioires.org\\\/ca\\\/finalitza-la-mostra-venus-a-flor-de-pell-del-grup-venus-sense-canon\\\/#article\",\"isPartOf\":{\"@id\":\"https:\\\/\\\/www.fundacioires.org\\\/ca\\\/finalitza-la-mostra-venus-a-flor-de-pell-del-grup-venus-sense-canon\\\/\"},\"author\":{\"name\":\"Fundaci\u00f3 IRES\",\"@id\":\"https:\\\/\\\/www.fundacioires.org\\\/#\\\/schema\\\/person\\\/160af843c565221ef4664a5c7000791c\"},\"headline\":\"Finalitza la mostra &#8220;Venus a flor de pell\u201d del grup Venus Sense C\u00e0non\",\"datePublished\":\"2021-02-18T12:30:15+00:00\",\"dateModified\":\"2021-02-23T08:59:14+00:00\",\"mainEntityOfPage\":{\"@id\":\"https:\\\/\\\/www.fundacioires.org\\\/ca\\\/finalitza-la-mostra-venus-a-flor-de-pell-del-grup-venus-sense-canon\\\/\"},\"wordCount\":351,\"publisher\":{\"@id\":\"https:\\\/\\\/www.fundacioires.org\\\/#organization\"},\"image\":{\"@id\":\"https:\\\/\\\/www.fundacioires.org\\\/ca\\\/finalitza-la-mostra-venus-a-flor-de-pell-del-grup-venus-sense-canon\\\/#primaryimage\"},\"thumbnailUrl\":\"https:\\\/\\\/i0.wp.com\\\/www.fundacioires.org\\\/wp-content\\\/uploads\\\/PLANTILLA-NOTI-WEB-OCTUBRE-2020-1-1.png?fit=1200%2C628&ssl=1\",\"keywords\":[\"Venus sense c\u00e0non\"],\"articleSection\":[\"IRES-Blog\"],\"inLanguage\":\"ca-ES\"},{\"@type\":\"WebPage\",\"@id\":\"https:\\\/\\\/www.fundacioires.org\\\/ca\\\/finalitza-la-mostra-venus-a-flor-de-pell-del-grup-venus-sense-canon\\\/\",\"url\":\"https:\\\/\\\/www.fundacioires.org\\\/ca\\\/finalitza-la-mostra-venus-a-flor-de-pell-del-grup-venus-sense-canon\\\/\",\"name\":\"Finalitza la mostra \\\"Venus a flor de pell\\\" - Fundaci\u00f3 IRES\",\"isPartOf\":{\"@id\":\"https:\\\/\\\/www.fundacioires.org\\\/#website\"},\"primaryImageOfPage\":{\"@id\":\"https:\\\/\\\/www.fundacioires.org\\\/ca\\\/finalitza-la-mostra-venus-a-flor-de-pell-del-grup-venus-sense-canon\\\/#primaryimage\"},\"image\":{\"@id\":\"https:\\\/\\\/www.fundacioires.org\\\/ca\\\/finalitza-la-mostra-venus-a-flor-de-pell-del-grup-venus-sense-canon\\\/#primaryimage\"},\"thumbnailUrl\":\"https:\\\/\\\/i0.wp.com\\\/www.fundacioires.org\\\/wp-content\\\/uploads\\\/PLANTILLA-NOTI-WEB-OCTUBRE-2020-1-1.png?fit=1200%2C628&ssl=1\",\"datePublished\":\"2021-02-18T12:30:15+00:00\",\"dateModified\":\"2021-02-23T08:59:14+00:00\",\"description\":\"El grup Venus Sense C\u00e0non va tancar la mostra resultant del taller d\u2019artter\u00e0pia Venus a Flor de Pell. L'exposici\u00f3 va ser fruit de la creativitat del taller.\",\"breadcrumb\":{\"@id\":\"https:\\\/\\\/www.fundacioires.org\\\/ca\\\/finalitza-la-mostra-venus-a-flor-de-pell-del-grup-venus-sense-canon\\\/#breadcrumb\"},\"inLanguage\":\"ca-ES\",\"potentialAction\":[{\"@type\":\"ReadAction\",\"target\":[\"https:\\\/\\\/www.fundacioires.org\\\/ca\\\/finalitza-la-mostra-venus-a-flor-de-pell-del-grup-venus-sense-canon\\\/\"]}]},{\"@type\":\"ImageObject\",\"inLanguage\":\"ca-ES\",\"@id\":\"https:\\\/\\\/www.fundacioires.org\\\/ca\\\/finalitza-la-mostra-venus-a-flor-de-pell-del-grup-venus-sense-canon\\\/#primaryimage\",\"url\":\"https:\\\/\\\/i0.wp.com\\\/www.fundacioires.org\\\/wp-content\\\/uploads\\\/PLANTILLA-NOTI-WEB-OCTUBRE-2020-1-1.png?fit=1200%2C628&ssl=1\",\"contentUrl\":\"https:\\\/\\\/i0.wp.com\\\/www.fundacioires.org\\\/wp-content\\\/uploads\\\/PLANTILLA-NOTI-WEB-OCTUBRE-2020-1-1.png?fit=1200%2C628&ssl=1\",\"width\":1200,\"height\":628,\"caption\":\"Les integrants del grup Venus Sense C\u00e0non amb les obres del taller d'artter\u00e0pia\"},{\"@type\":\"BreadcrumbList\",\"@id\":\"https:\\\/\\\/www.fundacioires.org\\\/ca\\\/finalitza-la-mostra-venus-a-flor-de-pell-del-grup-venus-sense-canon\\\/#breadcrumb\",\"itemListElement\":[{\"@type\":\"ListItem\",\"position\":1,\"name\":\"Portada\",\"item\":\"https:\\\/\\\/www.fundacioires.org\\\/\"},{\"@type\":\"ListItem\",\"position\":2,\"name\":\"Finalitza la mostra &#8220;Venus a flor de pell\u201d del grup Venus Sense C\u00e0non\"}]},{\"@type\":\"WebSite\",\"@id\":\"https:\\\/\\\/www.fundacioires.org\\\/#website\",\"url\":\"https:\\\/\\\/www.fundacioires.org\\\/\",\"name\":\"Fundaci\u00f3 IRES\",\"description\":\"\",\"publisher\":{\"@id\":\"https:\\\/\\\/www.fundacioires.org\\\/#organization\"},\"potentialAction\":[{\"@type\":\"SearchAction\",\"target\":{\"@type\":\"EntryPoint\",\"urlTemplate\":\"https:\\\/\\\/www.fundacioires.org\\\/?s={search_term_string}\"},\"query-input\":{\"@type\":\"PropertyValueSpecification\",\"valueRequired\":true,\"valueName\":\"search_term_string\"}}],\"inLanguage\":\"ca-ES\"},{\"@type\":\"Organization\",\"@id\":\"https:\\\/\\\/www.fundacioires.org\\\/#organization\",\"name\":\"Fundanci\u00f3n IRES\",\"url\":\"https:\\\/\\\/www.fundacioires.org\\\/\",\"logo\":{\"@type\":\"ImageObject\",\"inLanguage\":\"ca-ES\",\"@id\":\"https:\\\/\\\/www.fundacioires.org\\\/#\\\/schema\\\/logo\\\/image\\\/\",\"url\":\"https:\\\/\\\/i0.wp.com\\\/www.fundacioires.org\\\/wp-content\\\/uploads\\\/faviconIRES.png?fit=32%2C32&ssl=1\",\"contentUrl\":\"https:\\\/\\\/i0.wp.com\\\/www.fundacioires.org\\\/wp-content\\\/uploads\\\/faviconIRES.png?fit=32%2C32&ssl=1\",\"width\":32,\"height\":32,\"caption\":\"Fundanci\u00f3n IRES\"},\"image\":{\"@id\":\"https:\\\/\\\/www.fundacioires.org\\\/#\\\/schema\\\/logo\\\/image\\\/\"}},{\"@type\":\"Person\",\"@id\":\"https:\\\/\\\/www.fundacioires.org\\\/#\\\/schema\\\/person\\\/160af843c565221ef4664a5c7000791c\",\"name\":\"Fundaci\u00f3 IRES\"}]}<\/script>\n<!-- \/ Yoast SEO plugin. -->","yoast_head_json":{"title":"Finalitza la mostra \"Venus a flor de pell\" - Fundaci\u00f3 IRES","description":"El grup Venus Sense C\u00e0non va tancar la mostra resultant del taller d\u2019artter\u00e0pia Venus a Flor de Pell. L'exposici\u00f3 va ser fruit de la creativitat del taller.","robots":{"index":"index","follow":"follow","max-snippet":"max-snippet:-1","max-image-preview":"max-image-preview:large","max-video-preview":"max-video-preview:-1"},"canonical":"https:\/\/www.fundacioires.org\/ca\/finalitza-la-mostra-venus-a-flor-de-pell-del-grup-venus-sense-canon\/","og_locale":"ca_ES","og_type":"article","og_title":"Finalitza la mostra \"Venus a flor de pell\" - Fundaci\u00f3 IRES","og_description":"El grup Venus Sense C\u00e0non va tancar la mostra resultant del taller d\u2019artter\u00e0pia Venus a Flor de Pell. L'exposici\u00f3 va ser fruit de la creativitat del taller.","og_url":"https:\/\/www.fundacioires.org\/ca\/finalitza-la-mostra-venus-a-flor-de-pell-del-grup-venus-sense-canon\/","og_site_name":"Fundaci\u00f3 IRES","article_published_time":"2021-02-18T12:30:15+00:00","article_modified_time":"2021-02-23T08:59:14+00:00","og_image":[{"width":1200,"height":628,"url":"https:\/\/i2.wp.com\/www.fundacioires.org\/wp-content\/uploads\/PLANTILLA-NOTI-WEB-OCTUBRE-2020-1-1.png?fit=1200%2C628&ssl=1","type":"image\/png"}],"author":"Fundaci\u00f3 IRES","twitter_card":"summary_large_image","twitter_misc":{"Written by":"Fundaci\u00f3 IRES","Est. reading time":"2 minutes"},"schema":{"@context":"https:\/\/schema.org","@graph":[{"@type":"Article","@id":"https:\/\/www.fundacioires.org\/ca\/finalitza-la-mostra-venus-a-flor-de-pell-del-grup-venus-sense-canon\/#article","isPartOf":{"@id":"https:\/\/www.fundacioires.org\/ca\/finalitza-la-mostra-venus-a-flor-de-pell-del-grup-venus-sense-canon\/"},"author":{"name":"Fundaci\u00f3 IRES","@id":"https:\/\/www.fundacioires.org\/#\/schema\/person\/160af843c565221ef4664a5c7000791c"},"headline":"Finalitza la mostra &#8220;Venus a flor de pell\u201d del grup Venus Sense C\u00e0non","datePublished":"2021-02-18T12:30:15+00:00","dateModified":"2021-02-23T08:59:14+00:00","mainEntityOfPage":{"@id":"https:\/\/www.fundacioires.org\/ca\/finalitza-la-mostra-venus-a-flor-de-pell-del-grup-venus-sense-canon\/"},"wordCount":351,"publisher":{"@id":"https:\/\/www.fundacioires.org\/#organization"},"image":{"@id":"https:\/\/www.fundacioires.org\/ca\/finalitza-la-mostra-venus-a-flor-de-pell-del-grup-venus-sense-canon\/#primaryimage"},"thumbnailUrl":"https:\/\/i0.wp.com\/www.fundacioires.org\/wp-content\/uploads\/PLANTILLA-NOTI-WEB-OCTUBRE-2020-1-1.png?fit=1200%2C628&ssl=1","keywords":["Venus sense c\u00e0non"],"articleSection":["IRES-Blog"],"inLanguage":"ca-ES"},{"@type":"WebPage","@id":"https:\/\/www.fundacioires.org\/ca\/finalitza-la-mostra-venus-a-flor-de-pell-del-grup-venus-sense-canon\/","url":"https:\/\/www.fundacioires.org\/ca\/finalitza-la-mostra-venus-a-flor-de-pell-del-grup-venus-sense-canon\/","name":"Finalitza la mostra \"Venus a flor de pell\" - Fundaci\u00f3 IRES","isPartOf":{"@id":"https:\/\/www.fundacioires.org\/#website"},"primaryImageOfPage":{"@id":"https:\/\/www.fundacioires.org\/ca\/finalitza-la-mostra-venus-a-flor-de-pell-del-grup-venus-sense-canon\/#primaryimage"},"image":{"@id":"https:\/\/www.fundacioires.org\/ca\/finalitza-la-mostra-venus-a-flor-de-pell-del-grup-venus-sense-canon\/#primaryimage"},"thumbnailUrl":"https:\/\/i0.wp.com\/www.fundacioires.org\/wp-content\/uploads\/PLANTILLA-NOTI-WEB-OCTUBRE-2020-1-1.png?fit=1200%2C628&ssl=1","datePublished":"2021-02-18T12:30:15+00:00","dateModified":"2021-02-23T08:59:14+00:00","description":"El grup Venus Sense C\u00e0non va tancar la mostra resultant del taller d\u2019artter\u00e0pia Venus a Flor de Pell. L'exposici\u00f3 va ser fruit de la creativitat del taller.","breadcrumb":{"@id":"https:\/\/www.fundacioires.org\/ca\/finalitza-la-mostra-venus-a-flor-de-pell-del-grup-venus-sense-canon\/#breadcrumb"},"inLanguage":"ca-ES","potentialAction":[{"@type":"ReadAction","target":["https:\/\/www.fundacioires.org\/ca\/finalitza-la-mostra-venus-a-flor-de-pell-del-grup-venus-sense-canon\/"]}]},{"@type":"ImageObject","inLanguage":"ca-ES","@id":"https:\/\/www.fundacioires.org\/ca\/finalitza-la-mostra-venus-a-flor-de-pell-del-grup-venus-sense-canon\/#primaryimage","url":"https:\/\/i0.wp.com\/www.fundacioires.org\/wp-content\/uploads\/PLANTILLA-NOTI-WEB-OCTUBRE-2020-1-1.png?fit=1200%2C628&ssl=1","contentUrl":"https:\/\/i0.wp.com\/www.fundacioires.org\/wp-content\/uploads\/PLANTILLA-NOTI-WEB-OCTUBRE-2020-1-1.png?fit=1200%2C628&ssl=1","width":1200,"height":628,"caption":"Les integrants del grup Venus Sense C\u00e0non amb les obres del taller d'artter\u00e0pia"},{"@type":"BreadcrumbList","@id":"https:\/\/www.fundacioires.org\/ca\/finalitza-la-mostra-venus-a-flor-de-pell-del-grup-venus-sense-canon\/#breadcrumb","itemListElement":[{"@type":"ListItem","position":1,"name":"Portada","item":"https:\/\/www.fundacioires.org\/"},{"@type":"ListItem","position":2,"name":"Finalitza la mostra &#8220;Venus a flor de pell\u201d del grup Venus Sense C\u00e0non"}]},{"@type":"WebSite","@id":"https:\/\/www.fundacioires.org\/#website","url":"https:\/\/www.fundacioires.org\/","name":"Fundaci\u00f3 IRES","description":"","publisher":{"@id":"https:\/\/www.fundacioires.org\/#organization"},"potentialAction":[{"@type":"SearchAction","target":{"@type":"EntryPoint","urlTemplate":"https:\/\/www.fundacioires.org\/?s={search_term_string}"},"query-input":{"@type":"PropertyValueSpecification","valueRequired":true,"valueName":"search_term_string"}}],"inLanguage":"ca-ES"},{"@type":"Organization","@id":"https:\/\/www.fundacioires.org\/#organization","name":"Fundanci\u00f3n IRES","url":"https:\/\/www.fundacioires.org\/","logo":{"@type":"ImageObject","inLanguage":"ca-ES","@id":"https:\/\/www.fundacioires.org\/#\/schema\/logo\/image\/","url":"https:\/\/i0.wp.com\/www.fundacioires.org\/wp-content\/uploads\/faviconIRES.png?fit=32%2C32&ssl=1","contentUrl":"https:\/\/i0.wp.com\/www.fundacioires.org\/wp-content\/uploads\/faviconIRES.png?fit=32%2C32&ssl=1","width":32,"height":32,"caption":"Fundanci\u00f3n IRES"},"image":{"@id":"https:\/\/www.fundacioires.org\/#\/schema\/logo\/image\/"}},{"@type":"Person","@id":"https:\/\/www.fundacioires.org\/#\/schema\/person\/160af843c565221ef4664a5c7000791c","name":"Fundaci\u00f3 IRES"}]}},"jetpack_featured_media_url":"https:\/\/i0.wp.com\/www.fundacioires.org\/wp-content\/uploads\/PLANTILLA-NOTI-WEB-OCTUBRE-2020-1-1.png?fit=1200%2C628&ssl=1","jetpack_sharing_enabled":true,"_links":{"self":[{"href":"https:\/\/www.fundacioires.org\/ca\/wp-json\/wp\/v2\/posts\/28778","targetHints":{"allow":["GET"]}}],"collection":[{"href":"https:\/\/www.fundacioires.org\/ca\/wp-json\/wp\/v2\/posts"}],"about":[{"href":"https:\/\/www.fundacioires.org\/ca\/wp-json\/wp\/v2\/types\/post"}],"author":[{"embeddable":true,"href":"https:\/\/www.fundacioires.org\/ca\/wp-json\/wp\/v2\/users\/7"}],"replies":[{"embeddable":true,"href":"https:\/\/www.fundacioires.org\/ca\/wp-json\/wp\/v2\/comments?post=28778"}],"version-history":[{"count":5,"href":"https:\/\/www.fundacioires.org\/ca\/wp-json\/wp\/v2\/posts\/28778\/revisions"}],"predecessor-version":[{"id":28897,"href":"https:\/\/www.fundacioires.org\/ca\/wp-json\/wp\/v2\/posts\/28778\/revisions\/28897"}],"wp:featuredmedia":[{"embeddable":true,"href":"https:\/\/www.fundacioires.org\/ca\/wp-json\/wp\/v2\/media\/28794"}],"wp:attachment":[{"href":"https:\/\/www.fundacioires.org\/ca\/wp-json\/wp\/v2\/media?parent=28778"}],"wp:term":[{"taxonomy":"category","embeddable":true,"href":"https:\/\/www.fundacioires.org\/ca\/wp-json\/wp\/v2\/categories?post=28778"},{"taxonomy":"post_tag","embeddable":true,"href":"https:\/\/www.fundacioires.org\/ca\/wp-json\/wp\/v2\/tags?post=28778"}],"curies":[{"name":"wp","href":"https:\/\/api.w.org\/{rel}","templated":true}]}}