{"id":29571,"date":"2021-03-22T10:09:17","date_gmt":"2021-03-22T09:09:17","guid":{"rendered":"https:\/\/www.fundacioires.org\/?p=29571"},"modified":"2021-03-22T10:46:51","modified_gmt":"2021-03-22T09:46:51","slug":"presentacio-del-nou-llibre-del-dr-enrique-echeburua","status":"publish","type":"post","link":"https:\/\/www.fundacioires.org\/ca\/presentacio-del-nou-llibre-del-dr-enrique-echeburua\/","title":{"rendered":"PrevenSI presenta el nou llibre del Dr. Enrique Echebur\u00faa Odriozola"},"content":{"rendered":"\n<p>El pr\u00f2xim dia 7 d\u2019abril de 17:30 a 19:00 el Dr. Enrique Echebur\u00faa Odriozola, catedr\u00e0tic de la Universitat del Pa\u00eds Basc, presentar\u00e0 a trav\u00e9s de la plataforma GoToWebinar el seu nou llibre <strong><em>\u201cAbuso sexual en la infancia: nuevas perspectivas cl\u00ednicas y forenses<\/em><\/strong>\u201d.<\/p>\n\n\n\n<p><a href=\"https:\/\/prevensi.es\/\">PrevenSI<\/a> va n\u00e9ixer ja fa un any i mig amb la finalitat de fer front a la viol\u00e8ncia sexual que pateixen nens, nenes i adolescents. Un dels seus principals compromisos \u00e9s ser part\u00edcips de la difusi\u00f3 dels avan\u00e7os i l\u2019actualitzaci\u00f3 dels coneixements basats en l&#8217;evid\u00e8ncia emp\u00edrica sobre la viol\u00e8ncia sexual contra aquest col\u00b7lectiu. <\/p>\n\n\n\n<p>D\u2019acord amb el context de la pand\u00e8mia, la presentaci\u00f3 es podr\u00e0 seguir en l\u00ednia. Anir\u00e0 acompanyada d\u2019una taula rodona presentada per la <strong>Thuy Nguyen<\/strong> on el <strong>Dr. Antonio Andr\u00e9s Pueyo<\/strong> i el <strong>Dr. Enrique Echeb\u00farua<\/strong> analitzaran la situaci\u00f3 actual i els reptes de futur a Espanya amb relaci\u00f3 a la viol\u00e8ncia sexual que pateixen molts infants i adolescents. En el marc d\u2019aquest acte, <strong>N\u00faria Itubre <\/strong>explicar\u00e0 les dades recents i conclour\u00e0 l\u2019acte amb un torn obert de preguntes. <\/p>\n\n\n\n<p>L\u2019acc\u00e9s \u00e9s lliure i gratu\u00eft, per\u00f2 per poder assistir-hi cal inscriure\u2019s pr\u00e8viament a l\u2019enlla\u00e7 que trobareu a continuaci\u00f3. <\/p>\n\n\n\n<div class=\"wp-block-button aligncenter is-style-outline is-style-outline--1\"><a class=\"wp-block-button__link has-text-color has-background\" href=\"https:\/\/attendee.gotowebinar.com\/register\/3558220152183084812\" style=\"background-color:#5d32a7;color:#fffcfc\">Inscriu-te aqu\u00ed!<\/a><\/div>\n\n\n\n<p>Des de la <a href=\"http:\/\/www.fundacioires.org\/\">Fundaci\u00f3 IRES<\/a>, formem part del trident d\u2019entitats que conformen PrevenSI i condemnem aquest tipus de viol\u00e8ncia que pateixen dia a dia nens i nenes de tot el m\u00f3n. <\/p>\n\n\n\n<p>Us animem a tots i totes a participar!<\/p>\n","protected":false},"excerpt":{"rendered":"<p>PrevenSI organitza el pr\u00f2xim dia 7 d&#8217;abril,  la presentaci\u00f3 en l\u00ednia del nou llibre del Dr. Enrique Echebur\u00faa.<\/p>\n","protected":false},"author":7,"featured_media":29581,"comment_status":"closed","ping_status":"open","sticky":false,"template":"","format":"standard","meta":{"_jetpack_memberships_contains_paid_content":false,"footnotes":""},"categories":[19,17],"tags":[],"class_list":["post-29571","post","type-post","status-publish","format-standard","has-post-thumbnail","hentry","category-ires-blog","category-sense-categoria"],"yoast_head":"<!-- This site is optimized with the Yoast SEO plugin v27.4 - https:\/\/yoast.com\/product\/yoast-seo-wordpress\/ -->\n<title>Presentaci\u00f3 del nou llibre del Dr. Enrique Echebur\u00faa - Fundaci\u00f3 IRES<\/title>\n<meta name=\"description\" content=\"PrevenSI organitza el pr\u00f2xim dia 7 d&#039;abril, la presentaci\u00f3 del nou llibre del Dr. Enrique Echebur\u00faa a trav\u00e9s de la plataforma GoToWebinar.\" \/>\n<meta name=\"robots\" content=\"index, follow, max-snippet:-1, max-image-preview:large, max-video-preview:-1\" \/>\n<link rel=\"canonical\" href=\"https:\/\/www.fundacioires.org\/ca\/presentacio-del-nou-llibre-del-dr-enrique-echeburua\/\" \/>\n<meta property=\"og:locale\" content=\"ca_ES\" \/>\n<meta property=\"og:type\" content=\"article\" \/>\n<meta property=\"og:title\" content=\"Presentaci\u00f3 del nou llibre del Dr. Enrique Echebur\u00faa - Fundaci\u00f3 IRES\" \/>\n<meta property=\"og:description\" content=\"PrevenSI organitza el pr\u00f2xim dia 7 d&#039;abril, la presentaci\u00f3 del nou llibre del Dr. Enrique Echebur\u00faa a trav\u00e9s de la plataforma GoToWebinar.\" \/>\n<meta property=\"og:url\" content=\"https:\/\/www.fundacioires.org\/ca\/presentacio-del-nou-llibre-del-dr-enrique-echeburua\/\" \/>\n<meta property=\"og:site_name\" content=\"Fundaci\u00f3 IRES\" \/>\n<meta property=\"article:published_time\" content=\"2021-03-22T09:09:17+00:00\" \/>\n<meta property=\"article:modified_time\" content=\"2021-03-22T09:46:51+00:00\" \/>\n<meta property=\"og:image\" content=\"https:\/\/i0.wp.com\/www.fundacioires.org\/wp-content\/uploads\/PLANTILLA-NOTI-WEB-OCTUBRE-2020-2-3.png?fit=1200%2C628&ssl=1\" \/>\n\t<meta property=\"og:image:width\" content=\"1200\" \/>\n\t<meta property=\"og:image:height\" content=\"628\" \/>\n\t<meta property=\"og:image:type\" content=\"image\/png\" \/>\n<meta name=\"author\" content=\"Fundaci\u00f3 IRES\" \/>\n<meta name=\"twitter:card\" content=\"summary_large_image\" \/>\n<meta name=\"twitter:label1\" content=\"Written by\" \/>\n\t<meta name=\"twitter:data1\" content=\"Fundaci\u00f3 IRES\" \/>\n\t<meta name=\"twitter:label2\" content=\"Est. reading time\" \/>\n\t<meta name=\"twitter:data2\" content=\"1 minute\" \/>\n<script type=\"application\/ld+json\" class=\"yoast-schema-graph\">{\"@context\":\"https:\\\/\\\/schema.org\",\"@graph\":[{\"@type\":\"Article\",\"@id\":\"https:\\\/\\\/www.fundacioires.org\\\/ca\\\/presentacio-del-nou-llibre-del-dr-enrique-echeburua\\\/#article\",\"isPartOf\":{\"@id\":\"https:\\\/\\\/www.fundacioires.org\\\/ca\\\/presentacio-del-nou-llibre-del-dr-enrique-echeburua\\\/\"},\"author\":{\"name\":\"Fundaci\u00f3 IRES\",\"@id\":\"https:\\\/\\\/www.fundacioires.org\\\/#\\\/schema\\\/person\\\/160af843c565221ef4664a5c7000791c\"},\"headline\":\"PrevenSI presenta el nou llibre del Dr. Enrique Echebur\u00faa Odriozola\",\"datePublished\":\"2021-03-22T09:09:17+00:00\",\"dateModified\":\"2021-03-22T09:46:51+00:00\",\"mainEntityOfPage\":{\"@id\":\"https:\\\/\\\/www.fundacioires.org\\\/ca\\\/presentacio-del-nou-llibre-del-dr-enrique-echeburua\\\/\"},\"wordCount\":276,\"publisher\":{\"@id\":\"https:\\\/\\\/www.fundacioires.org\\\/#organization\"},\"image\":{\"@id\":\"https:\\\/\\\/www.fundacioires.org\\\/ca\\\/presentacio-del-nou-llibre-del-dr-enrique-echeburua\\\/#primaryimage\"},\"thumbnailUrl\":\"https:\\\/\\\/i0.wp.com\\\/www.fundacioires.org\\\/wp-content\\\/uploads\\\/PLANTILLA-NOTI-WEB-OCTUBRE-2020-2-3.png?fit=1200%2C628&ssl=1\",\"articleSection\":[\"IRES-Blog\",\"Sense categoria\"],\"inLanguage\":\"ca-ES\"},{\"@type\":\"WebPage\",\"@id\":\"https:\\\/\\\/www.fundacioires.org\\\/ca\\\/presentacio-del-nou-llibre-del-dr-enrique-echeburua\\\/\",\"url\":\"https:\\\/\\\/www.fundacioires.org\\\/ca\\\/presentacio-del-nou-llibre-del-dr-enrique-echeburua\\\/\",\"name\":\"Presentaci\u00f3 del nou llibre del Dr. Enrique Echebur\u00faa - Fundaci\u00f3 IRES\",\"isPartOf\":{\"@id\":\"https:\\\/\\\/www.fundacioires.org\\\/#website\"},\"primaryImageOfPage\":{\"@id\":\"https:\\\/\\\/www.fundacioires.org\\\/ca\\\/presentacio-del-nou-llibre-del-dr-enrique-echeburua\\\/#primaryimage\"},\"image\":{\"@id\":\"https:\\\/\\\/www.fundacioires.org\\\/ca\\\/presentacio-del-nou-llibre-del-dr-enrique-echeburua\\\/#primaryimage\"},\"thumbnailUrl\":\"https:\\\/\\\/i0.wp.com\\\/www.fundacioires.org\\\/wp-content\\\/uploads\\\/PLANTILLA-NOTI-WEB-OCTUBRE-2020-2-3.png?fit=1200%2C628&ssl=1\",\"datePublished\":\"2021-03-22T09:09:17+00:00\",\"dateModified\":\"2021-03-22T09:46:51+00:00\",\"description\":\"PrevenSI organitza el pr\u00f2xim dia 7 d'abril, la presentaci\u00f3 del nou llibre del Dr. Enrique Echebur\u00faa a trav\u00e9s de la plataforma GoToWebinar.\",\"breadcrumb\":{\"@id\":\"https:\\\/\\\/www.fundacioires.org\\\/ca\\\/presentacio-del-nou-llibre-del-dr-enrique-echeburua\\\/#breadcrumb\"},\"inLanguage\":\"ca-ES\",\"potentialAction\":[{\"@type\":\"ReadAction\",\"target\":[\"https:\\\/\\\/www.fundacioires.org\\\/ca\\\/presentacio-del-nou-llibre-del-dr-enrique-echeburua\\\/\"]}]},{\"@type\":\"ImageObject\",\"inLanguage\":\"ca-ES\",\"@id\":\"https:\\\/\\\/www.fundacioires.org\\\/ca\\\/presentacio-del-nou-llibre-del-dr-enrique-echeburua\\\/#primaryimage\",\"url\":\"https:\\\/\\\/i0.wp.com\\\/www.fundacioires.org\\\/wp-content\\\/uploads\\\/PLANTILLA-NOTI-WEB-OCTUBRE-2020-2-3.png?fit=1200%2C628&ssl=1\",\"contentUrl\":\"https:\\\/\\\/i0.wp.com\\\/www.fundacioires.org\\\/wp-content\\\/uploads\\\/PLANTILLA-NOTI-WEB-OCTUBRE-2020-2-3.png?fit=1200%2C628&ssl=1\",\"width\":1200,\"height\":628,\"caption\":\"Portada llibre Abuso sexual en la infancia: nuevas perspectivas cl\u00ednicas y forenses\"},{\"@type\":\"BreadcrumbList\",\"@id\":\"https:\\\/\\\/www.fundacioires.org\\\/ca\\\/presentacio-del-nou-llibre-del-dr-enrique-echeburua\\\/#breadcrumb\",\"itemListElement\":[{\"@type\":\"ListItem\",\"position\":1,\"name\":\"Portada\",\"item\":\"https:\\\/\\\/www.fundacioires.org\\\/\"},{\"@type\":\"ListItem\",\"position\":2,\"name\":\"PrevenSI presenta el nou llibre del Dr. Enrique Echebur\u00faa Odriozola\"}]},{\"@type\":\"WebSite\",\"@id\":\"https:\\\/\\\/www.fundacioires.org\\\/#website\",\"url\":\"https:\\\/\\\/www.fundacioires.org\\\/\",\"name\":\"Fundaci\u00f3 IRES\",\"description\":\"\",\"publisher\":{\"@id\":\"https:\\\/\\\/www.fundacioires.org\\\/#organization\"},\"potentialAction\":[{\"@type\":\"SearchAction\",\"target\":{\"@type\":\"EntryPoint\",\"urlTemplate\":\"https:\\\/\\\/www.fundacioires.org\\\/?s={search_term_string}\"},\"query-input\":{\"@type\":\"PropertyValueSpecification\",\"valueRequired\":true,\"valueName\":\"search_term_string\"}}],\"inLanguage\":\"ca-ES\"},{\"@type\":\"Organization\",\"@id\":\"https:\\\/\\\/www.fundacioires.org\\\/#organization\",\"name\":\"Fundanci\u00f3n IRES\",\"url\":\"https:\\\/\\\/www.fundacioires.org\\\/\",\"logo\":{\"@type\":\"ImageObject\",\"inLanguage\":\"ca-ES\",\"@id\":\"https:\\\/\\\/www.fundacioires.org\\\/#\\\/schema\\\/logo\\\/image\\\/\",\"url\":\"https:\\\/\\\/i0.wp.com\\\/www.fundacioires.org\\\/wp-content\\\/uploads\\\/faviconIRES.png?fit=32%2C32&ssl=1\",\"contentUrl\":\"https:\\\/\\\/i0.wp.com\\\/www.fundacioires.org\\\/wp-content\\\/uploads\\\/faviconIRES.png?fit=32%2C32&ssl=1\",\"width\":32,\"height\":32,\"caption\":\"Fundanci\u00f3n IRES\"},\"image\":{\"@id\":\"https:\\\/\\\/www.fundacioires.org\\\/#\\\/schema\\\/logo\\\/image\\\/\"}},{\"@type\":\"Person\",\"@id\":\"https:\\\/\\\/www.fundacioires.org\\\/#\\\/schema\\\/person\\\/160af843c565221ef4664a5c7000791c\",\"name\":\"Fundaci\u00f3 IRES\"}]}<\/script>\n<!-- \/ Yoast SEO plugin. -->","yoast_head_json":{"title":"Presentaci\u00f3 del nou llibre del Dr. Enrique Echebur\u00faa - Fundaci\u00f3 IRES","description":"PrevenSI organitza el pr\u00f2xim dia 7 d'abril, la presentaci\u00f3 del nou llibre del Dr. Enrique Echebur\u00faa a trav\u00e9s de la plataforma GoToWebinar.","robots":{"index":"index","follow":"follow","max-snippet":"max-snippet:-1","max-image-preview":"max-image-preview:large","max-video-preview":"max-video-preview:-1"},"canonical":"https:\/\/www.fundacioires.org\/ca\/presentacio-del-nou-llibre-del-dr-enrique-echeburua\/","og_locale":"ca_ES","og_type":"article","og_title":"Presentaci\u00f3 del nou llibre del Dr. Enrique Echebur\u00faa - Fundaci\u00f3 IRES","og_description":"PrevenSI organitza el pr\u00f2xim dia 7 d'abril, la presentaci\u00f3 del nou llibre del Dr. Enrique Echebur\u00faa a trav\u00e9s de la plataforma GoToWebinar.","og_url":"https:\/\/www.fundacioires.org\/ca\/presentacio-del-nou-llibre-del-dr-enrique-echeburua\/","og_site_name":"Fundaci\u00f3 IRES","article_published_time":"2021-03-22T09:09:17+00:00","article_modified_time":"2021-03-22T09:46:51+00:00","og_image":[{"width":1200,"height":628,"url":"https:\/\/i0.wp.com\/www.fundacioires.org\/wp-content\/uploads\/PLANTILLA-NOTI-WEB-OCTUBRE-2020-2-3.png?fit=1200%2C628&ssl=1","type":"image\/png"}],"author":"Fundaci\u00f3 IRES","twitter_card":"summary_large_image","twitter_misc":{"Written by":"Fundaci\u00f3 IRES","Est. reading time":"1 minute"},"schema":{"@context":"https:\/\/schema.org","@graph":[{"@type":"Article","@id":"https:\/\/www.fundacioires.org\/ca\/presentacio-del-nou-llibre-del-dr-enrique-echeburua\/#article","isPartOf":{"@id":"https:\/\/www.fundacioires.org\/ca\/presentacio-del-nou-llibre-del-dr-enrique-echeburua\/"},"author":{"name":"Fundaci\u00f3 IRES","@id":"https:\/\/www.fundacioires.org\/#\/schema\/person\/160af843c565221ef4664a5c7000791c"},"headline":"PrevenSI presenta el nou llibre del Dr. Enrique Echebur\u00faa Odriozola","datePublished":"2021-03-22T09:09:17+00:00","dateModified":"2021-03-22T09:46:51+00:00","mainEntityOfPage":{"@id":"https:\/\/www.fundacioires.org\/ca\/presentacio-del-nou-llibre-del-dr-enrique-echeburua\/"},"wordCount":276,"publisher":{"@id":"https:\/\/www.fundacioires.org\/#organization"},"image":{"@id":"https:\/\/www.fundacioires.org\/ca\/presentacio-del-nou-llibre-del-dr-enrique-echeburua\/#primaryimage"},"thumbnailUrl":"https:\/\/i0.wp.com\/www.fundacioires.org\/wp-content\/uploads\/PLANTILLA-NOTI-WEB-OCTUBRE-2020-2-3.png?fit=1200%2C628&ssl=1","articleSection":["IRES-Blog","Sense categoria"],"inLanguage":"ca-ES"},{"@type":"WebPage","@id":"https:\/\/www.fundacioires.org\/ca\/presentacio-del-nou-llibre-del-dr-enrique-echeburua\/","url":"https:\/\/www.fundacioires.org\/ca\/presentacio-del-nou-llibre-del-dr-enrique-echeburua\/","name":"Presentaci\u00f3 del nou llibre del Dr. Enrique Echebur\u00faa - Fundaci\u00f3 IRES","isPartOf":{"@id":"https:\/\/www.fundacioires.org\/#website"},"primaryImageOfPage":{"@id":"https:\/\/www.fundacioires.org\/ca\/presentacio-del-nou-llibre-del-dr-enrique-echeburua\/#primaryimage"},"image":{"@id":"https:\/\/www.fundacioires.org\/ca\/presentacio-del-nou-llibre-del-dr-enrique-echeburua\/#primaryimage"},"thumbnailUrl":"https:\/\/i0.wp.com\/www.fundacioires.org\/wp-content\/uploads\/PLANTILLA-NOTI-WEB-OCTUBRE-2020-2-3.png?fit=1200%2C628&ssl=1","datePublished":"2021-03-22T09:09:17+00:00","dateModified":"2021-03-22T09:46:51+00:00","description":"PrevenSI organitza el pr\u00f2xim dia 7 d'abril, la presentaci\u00f3 del nou llibre del Dr. Enrique Echebur\u00faa a trav\u00e9s de la plataforma GoToWebinar.","breadcrumb":{"@id":"https:\/\/www.fundacioires.org\/ca\/presentacio-del-nou-llibre-del-dr-enrique-echeburua\/#breadcrumb"},"inLanguage":"ca-ES","potentialAction":[{"@type":"ReadAction","target":["https:\/\/www.fundacioires.org\/ca\/presentacio-del-nou-llibre-del-dr-enrique-echeburua\/"]}]},{"@type":"ImageObject","inLanguage":"ca-ES","@id":"https:\/\/www.fundacioires.org\/ca\/presentacio-del-nou-llibre-del-dr-enrique-echeburua\/#primaryimage","url":"https:\/\/i0.wp.com\/www.fundacioires.org\/wp-content\/uploads\/PLANTILLA-NOTI-WEB-OCTUBRE-2020-2-3.png?fit=1200%2C628&ssl=1","contentUrl":"https:\/\/i0.wp.com\/www.fundacioires.org\/wp-content\/uploads\/PLANTILLA-NOTI-WEB-OCTUBRE-2020-2-3.png?fit=1200%2C628&ssl=1","width":1200,"height":628,"caption":"Portada llibre Abuso sexual en la infancia: nuevas perspectivas cl\u00ednicas y forenses"},{"@type":"BreadcrumbList","@id":"https:\/\/www.fundacioires.org\/ca\/presentacio-del-nou-llibre-del-dr-enrique-echeburua\/#breadcrumb","itemListElement":[{"@type":"ListItem","position":1,"name":"Portada","item":"https:\/\/www.fundacioires.org\/"},{"@type":"ListItem","position":2,"name":"PrevenSI presenta el nou llibre del Dr. Enrique Echebur\u00faa Odriozola"}]},{"@type":"WebSite","@id":"https:\/\/www.fundacioires.org\/#website","url":"https:\/\/www.fundacioires.org\/","name":"Fundaci\u00f3 IRES","description":"","publisher":{"@id":"https:\/\/www.fundacioires.org\/#organization"},"potentialAction":[{"@type":"SearchAction","target":{"@type":"EntryPoint","urlTemplate":"https:\/\/www.fundacioires.org\/?s={search_term_string}"},"query-input":{"@type":"PropertyValueSpecification","valueRequired":true,"valueName":"search_term_string"}}],"inLanguage":"ca-ES"},{"@type":"Organization","@id":"https:\/\/www.fundacioires.org\/#organization","name":"Fundanci\u00f3n IRES","url":"https:\/\/www.fundacioires.org\/","logo":{"@type":"ImageObject","inLanguage":"ca-ES","@id":"https:\/\/www.fundacioires.org\/#\/schema\/logo\/image\/","url":"https:\/\/i0.wp.com\/www.fundacioires.org\/wp-content\/uploads\/faviconIRES.png?fit=32%2C32&ssl=1","contentUrl":"https:\/\/i0.wp.com\/www.fundacioires.org\/wp-content\/uploads\/faviconIRES.png?fit=32%2C32&ssl=1","width":32,"height":32,"caption":"Fundanci\u00f3n IRES"},"image":{"@id":"https:\/\/www.fundacioires.org\/#\/schema\/logo\/image\/"}},{"@type":"Person","@id":"https:\/\/www.fundacioires.org\/#\/schema\/person\/160af843c565221ef4664a5c7000791c","name":"Fundaci\u00f3 IRES"}]}},"jetpack_featured_media_url":"https:\/\/i0.wp.com\/www.fundacioires.org\/wp-content\/uploads\/PLANTILLA-NOTI-WEB-OCTUBRE-2020-2-3.png?fit=1200%2C628&ssl=1","jetpack_sharing_enabled":true,"_links":{"self":[{"href":"https:\/\/www.fundacioires.org\/ca\/wp-json\/wp\/v2\/posts\/29571","targetHints":{"allow":["GET"]}}],"collection":[{"href":"https:\/\/www.fundacioires.org\/ca\/wp-json\/wp\/v2\/posts"}],"about":[{"href":"https:\/\/www.fundacioires.org\/ca\/wp-json\/wp\/v2\/types\/post"}],"author":[{"embeddable":true,"href":"https:\/\/www.fundacioires.org\/ca\/wp-json\/wp\/v2\/users\/7"}],"replies":[{"embeddable":true,"href":"https:\/\/www.fundacioires.org\/ca\/wp-json\/wp\/v2\/comments?post=29571"}],"version-history":[{"count":5,"href":"https:\/\/www.fundacioires.org\/ca\/wp-json\/wp\/v2\/posts\/29571\/revisions"}],"predecessor-version":[{"id":29586,"href":"https:\/\/www.fundacioires.org\/ca\/wp-json\/wp\/v2\/posts\/29571\/revisions\/29586"}],"wp:featuredmedia":[{"embeddable":true,"href":"https:\/\/www.fundacioires.org\/ca\/wp-json\/wp\/v2\/media\/29581"}],"wp:attachment":[{"href":"https:\/\/www.fundacioires.org\/ca\/wp-json\/wp\/v2\/media?parent=29571"}],"wp:term":[{"taxonomy":"category","embeddable":true,"href":"https:\/\/www.fundacioires.org\/ca\/wp-json\/wp\/v2\/categories?post=29571"},{"taxonomy":"post_tag","embeddable":true,"href":"https:\/\/www.fundacioires.org\/ca\/wp-json\/wp\/v2\/tags?post=29571"}],"curies":[{"name":"wp","href":"https:\/\/api.w.org\/{rel}","templated":true}]}}