{"id":31757,"date":"2021-06-02T13:31:31","date_gmt":"2021-06-02T11:31:31","guid":{"rendered":"https:\/\/www.fundacioires.org\/?p=31757"},"modified":"2021-11-30T09:05:21","modified_gmt":"2021-11-30T08:05:21","slug":"educacio-per-la-infancia","status":"publish","type":"post","link":"https:\/\/www.fundacioires.org\/ca\/educacio-per-la-infancia\/","title":{"rendered":"#C\u00e8ntimAC\u00e8ntim: Quan un petit gest contribueix al futur de moltes fam\u00edlies"},"content":{"rendered":"\n<p class=\"has-text-align-right has-text-color\" style=\"color:#1cab89\"><em>La pobresa infantil \u00e9s fonamentalment la privaci\u00f3 significativa d\u2019oportunitats.<\/em>  <em>La inf\u00e0ncia t\u00e9 dret a desenvolupar-se, a ser, a fer, a participar&#8230;<\/em> <\/p>\n\n\n\n<p class=\"has-text-align-right has-text-color\" style=\"color:#1cab89\"><strong>Reflexions: \u201cLa pobresa amb ulls d\u2019infant\u201d<\/strong><\/p>\n\n\n\n<p class=\"has-text-align-center has-black-color has-text-color has-background\" style=\"background-color:#f7f3ff;font-size:22px\"><strong>[Campanya finalitzada]<\/strong> Recaptat: 143.540\u20ac (m\u00e9s de <strong>366.601<\/strong> donacions de persones)<br><\/p>\n\n\n\n<p class=\"has-text-color\" style=\"color:#5d32a7;font-size:22px\"><strong>Educaci\u00f3 per la inf\u00e0ncia, una oportunitat en temps de crisi<\/strong><\/p>\n\n\n\n<p>Educaci\u00f3 per la inf\u00e0ncia \u00e9s un projecte que beneficiar\u00e0 a\u00a0<strong>120 infants entre 3 i 12 anys en situaci\u00f3 de vulnerabilitat<\/strong>\u00a0que participen en els projectes d\u2019atenci\u00f3 i acompanyament a la inf\u00e0ncia i les seves fam\u00edlies.<\/p>\n\n\n\n<p>La crisi sanit\u00e0ria provocada per la COVID-19 i el trastorn que ha sofert el nostre sistema educatiu \u2014tancament d\u2019escoles, confinament, educaci\u00f3 virtual\u2026\u2014 t\u00e9 un gran impacte en el benestar emocional i el desenvolupament educatiu dels infants.<\/p>\n\n\n\n<p>Per aquest motiu, amb el programa&nbsp;<strong>EDUCACI\u00d3 PER LA INF\u00c0NCIA<\/strong>, es treballa perqu\u00e8 en el proper curs escolar la inf\u00e0ncia en situaci\u00f3 vulnerable pugui exercir el seu dret fonamental d\u2019accedir a una educaci\u00f3 universal i equitativa, i les seves fam\u00edlies puguin rebre l\u2019acompanyament i l\u2019ajuda necess\u00e0ria sense generar major pressi\u00f3 en la seva situaci\u00f3 precaritzada, mitigant els efectes que l\u2019a\u00efllament ha tingut en l\u2019esfera emocional, social i educativa de molts nens i nenes.<\/p>\n\n\n\n<p>Gr\u00e0cies a la&nbsp;<strong>implicaci\u00f3 i el comprom\u00eds de la cadena de restaurants VIENA i Worldcoo<\/strong>, al desembre de 2020 es va posar en marxa la campanya&nbsp;<strong><em>C\u00e8ntim a c\u00e8ntim: cap infant enrere<\/em><\/strong>&nbsp;amb l\u2019objectiu de recaptar fons per al programa Educaci\u00f3 per la inf\u00e0ncia i proporcionar als nens i nenes de les fam\u00edlies que atenem a trav\u00e9s dels nostres serveis els recursos materials i l\u2019acompanyament educatiu, emocional i psicol\u00f2gic necessari per a mitigar els efectes de la crisi sanit\u00e0ria que estem vivint.<\/p>\n\n\n\n<p class=\"has-text-color\" style=\"color:#5d32a7;font-size:22px\"><strong>Cada fam\u00edlia, una hist\u00f2ria \u00fanica: La nostra ra\u00f3 de ser<\/strong><\/p>\n\n\n\n<p>Darrere de la nostra causa es troben les hist\u00f2ries \u00faniques de cada fam\u00edlia. Les fam\u00edlies que participen en els nostres programes afronten diferents situacions de vulnerabilitat social, situacions que en moltes ocasions estan interconnectades i que fan que el seu risc de pobresa i exclusi\u00f3 social sigui molt elevat, en comparaci\u00f3 amb el de la poblaci\u00f3 general.<\/p>\n\n\n\n<p class=\"has-black-color has-text-color has-medium-font-size\">&#x1f469;&#x1f3fb;&#x1f9d2;&#x1f3fb;&#x1f9d2;&#x1f3fb;&#x1f9d2;&#x1f3fb; <strong><em>La fam\u00edlia de l\u2019Adriana<\/em><\/strong>, <strong><em>mare de la Vict\u00f2ria, el Jose Manuel i el Dragos<\/em><\/strong><\/p>\n\n\n\n<div class=\"wp-block-media-text alignwide is-stacked-on-mobile\" style=\"grid-template-columns:65% auto\"><figure class=\"wp-block-media-text__media\"><img data-recalc-dims=\"1\" loading=\"lazy\" decoding=\"async\" width=\"1024\" height=\"683\" src=\"https:\/\/i0.wp.com\/www.fundacioires.org\/wp-content\/uploads\/7J1A5630.jpg?resize=1024%2C683&#038;ssl=1\" alt=\"\" class=\"wp-image-31765 size-full\" srcset=\"https:\/\/i0.wp.com\/www.fundacioires.org\/wp-content\/uploads\/7J1A5630-scaled.jpg?resize=1024%2C683&amp;ssl=1 1024w, https:\/\/i0.wp.com\/www.fundacioires.org\/wp-content\/uploads\/7J1A5630-scaled.jpg?resize=300%2C200&amp;ssl=1 300w, https:\/\/i0.wp.com\/www.fundacioires.org\/wp-content\/uploads\/7J1A5630-scaled.jpg?resize=768%2C512&amp;ssl=1 768w, https:\/\/i0.wp.com\/www.fundacioires.org\/wp-content\/uploads\/7J1A5630-scaled.jpg?resize=1536%2C1025&amp;ssl=1 1536w, https:\/\/i0.wp.com\/www.fundacioires.org\/wp-content\/uploads\/7J1A5630-scaled.jpg?resize=2048%2C1366&amp;ssl=1 2048w\" sizes=\"(max-width: 1000px) 100vw, 1000px\" \/><\/figure><div class=\"wp-block-media-text__content\">\n<p class=\"has-text-color\" style=\"color:#1cab8b;font-size:28px\"><strong>\u201cQue els meus fills tinguin una educaci\u00f3 que els obri un futur, aix\u00f2 \u00e9s el que m\u2019agradaria com a mare\u201d.<\/strong><\/p>\n<\/div><\/div>\n\n\n\n<p>Abans de la crisi sanit\u00e0ria la situaci\u00f3 de la fam\u00edlia de l\u2019Adriana no era la m\u00e9s \u00f2ptima. Nom\u00e9s arribava el sou de la seva parella a casa, i ella, tenint a la Vict\u00f2ria, la seva filla m\u00e9s petita, que ni tan sols havia complit un any, no podia treballar.<\/p>\n\n\n\n<p>\u201cEn arribar la pand\u00e8mia, vam quedar-nos a zero\u201d: Es van quedar sense ingressos, perqu\u00e8 la seva parella no podia treballar i van necessitar m\u00e9s ajuda que mai. Els seus nens no tenien com fer els deures de l\u2019escola, nom\u00e9s podien accedir a alguns continguts de classes en l\u00ednia amb un \u00fanic tel\u00e8fon m\u00f2bil.<\/p>\n\n\n\n<p>A la Fundaci\u00f3 IRES han trobat el suport que necessitaven per cr\u00e9ixer i superar sotracs com a fam\u00edlia. L\u2019Adriana valora especialment els espais en qu\u00e8 pot con\u00e8ixer a altres mares, no nom\u00e9s pel temps que passen juntes, sin\u00f3 per veure altres situacions i aprendre les unes de les altres sobre la crian\u00e7a dels seus fills i filles. \u201c\u00c9s tot un regal i em sento afortunada\u201d.<\/p>\n\n\n\n<p class=\"has-black-color has-text-color has-medium-font-size\">&#x1f469;&#x1f3fc;&#x1f9d2;&#x1f3fc;&#x1f9d2;&#x1f3fc; <strong><em>La fam\u00edlia de la Carolina<\/em><\/strong>, <strong><em>mare de l&#8217;Ariadna i el Marc<\/em><\/strong><\/p>\n\n\n\n<div class=\"wp-block-media-text alignwide is-stacked-on-mobile\" style=\"grid-template-columns:60% auto\"><figure class=\"wp-block-media-text__media\"><img data-recalc-dims=\"1\" loading=\"lazy\" decoding=\"async\" width=\"1024\" height=\"683\" src=\"https:\/\/i0.wp.com\/www.fundacioires.org\/wp-content\/uploads\/7J1A5259.jpg?resize=1024%2C683&#038;ssl=1\" alt=\"\" class=\"wp-image-31767 size-full\" srcset=\"https:\/\/i0.wp.com\/www.fundacioires.org\/wp-content\/uploads\/7J1A5259-scaled.jpg?resize=1024%2C683&amp;ssl=1 1024w, https:\/\/i0.wp.com\/www.fundacioires.org\/wp-content\/uploads\/7J1A5259-scaled.jpg?resize=300%2C200&amp;ssl=1 300w, https:\/\/i0.wp.com\/www.fundacioires.org\/wp-content\/uploads\/7J1A5259-scaled.jpg?resize=768%2C512&amp;ssl=1 768w, https:\/\/i0.wp.com\/www.fundacioires.org\/wp-content\/uploads\/7J1A5259-scaled.jpg?resize=1536%2C1025&amp;ssl=1 1536w, https:\/\/i0.wp.com\/www.fundacioires.org\/wp-content\/uploads\/7J1A5259-scaled.jpg?resize=2048%2C1366&amp;ssl=1 2048w\" sizes=\"(max-width: 1000px) 100vw, 1000px\" \/><\/figure><div class=\"wp-block-media-text__content\">\n<p class=\"has-text-color\" style=\"color:#1cab8b;font-size:28px\"><strong>\u201cEl suport educatiu no hauria de basar-se nom\u00e9s en classes virtuals\u201d<\/strong><\/p>\n<\/div><\/div>\n\n\n\n<p>Quan tot es va posar dif\u00edcil amb la pand\u00e8mia, la Carolina i els seus dos fills, el Marc i l\u2019Ariadna, van formar un equip inseparable.<\/p>\n\n\n\n<p>Els petits es van anar adaptant a la situaci\u00f3 tot i no comptar amb els materials que altres nens i nenes de la seva edat, companys de classe, si tenien per poder seguir les classes. La Carolina havia de mantenir el pagament del lloguer de la seva llar, l\u2019alimentaci\u00f3 i l\u2019acc\u00e9s a recursos educatius. Tot i aix\u00ed, es van adaptar a la situaci\u00f3 encarant unes circumst\u00e0ncies ben dif\u00edcils per viure com a fam\u00edlia amb una l\u2019actitud m\u00e9s positiva i resilient.<\/p>\n\n\n\n<p><strong>\u201cEls meus fills m\u2019han donat una lli\u00e7\u00f3 de vida\u201d,&nbsp;<\/strong>assegura la Carolina. Ara fan m\u00e9s equip que mai com a fam\u00edlia i reben el suport d\u2019altres fam\u00edlies i l\u2019acompanyament&nbsp; de les educadores socials.<\/p>\n\n\n\n<p class=\"has-text-color\" style=\"color:#5d32a7;font-size:22px\"><strong>Participa d\u2019aquesta iniciativa<\/strong>!<\/p>\n\n\n\n<p>Fent consumici\u00f3 en qualsevol dels establiments Viena de Catalunya&nbsp; i escollir l\u2019arrodoniment solidari en l\u2019import de la nostra comanda.<\/p>\n\n\n\n<figure class=\"wp-block-image size-large\"><img data-recalc-dims=\"1\" loading=\"lazy\" decoding=\"async\" width=\"1024\" height=\"341\" src=\"https:\/\/i0.wp.com\/www.fundacioires.org\/wp-content\/uploads\/Acudir-a-qualsevom-establiment-de-restaurants-VIENA.png?resize=1024%2C341&#038;ssl=1\" alt=\"\" class=\"wp-image-31760\" srcset=\"https:\/\/i0.wp.com\/www.fundacioires.org\/wp-content\/uploads\/Acudir-a-qualsevom-establiment-de-restaurants-VIENA.png?resize=1024%2C341&amp;ssl=1 1024w, https:\/\/i0.wp.com\/www.fundacioires.org\/wp-content\/uploads\/Acudir-a-qualsevom-establiment-de-restaurants-VIENA.png?resize=300%2C100&amp;ssl=1 300w, https:\/\/i0.wp.com\/www.fundacioires.org\/wp-content\/uploads\/Acudir-a-qualsevom-establiment-de-restaurants-VIENA.png?resize=768%2C256&amp;ssl=1 768w, https:\/\/i0.wp.com\/www.fundacioires.org\/wp-content\/uploads\/Acudir-a-qualsevom-establiment-de-restaurants-VIENA.png?resize=1536%2C512&amp;ssl=1 1536w, https:\/\/i0.wp.com\/www.fundacioires.org\/wp-content\/uploads\/Acudir-a-qualsevom-establiment-de-restaurants-VIENA.png?resize=2048%2C683&amp;ssl=1 2048w\" sizes=\"(max-width: 1000px) 100vw, 1000px\" \/><\/figure>\n\n\n\n<p><strong>O, tamb\u00e9, es pot fer una donaci\u00f3 directa a <a href=\"https:\/\/viena.worldcoo.com\/c36be4c7-d316-4533-973b-0cc5a6acbccc\">EDUCACI\u00d3 PER LA INF\u00c0NCIA.<\/a><\/strong><\/p>\n\n\n\n<p class=\"has-text-color\" style=\"color:#5d32a7;font-size:22px\"><strong><strong>La campanya #C\u00e8ntimAC\u00e8ntim a la magazine de Viena i La Vanguardia<\/strong><\/strong><\/p>\n\n\n\n<div class=\"wp-block-jetpack-slideshow aligncenter\" data-effect=\"slide\"><div class=\"wp-block-jetpack-slideshow_container swiper-container\"><ul class=\"wp-block-jetpack-slideshow_swiper-wrapper swiper-wrapper\"><li class=\"wp-block-jetpack-slideshow_slide swiper-slide\"><figure><img data-recalc-dims=\"1\" loading=\"lazy\" decoding=\"async\" width=\"628\" height=\"827\" alt=\"\" class=\"wp-block-jetpack-slideshow_image wp-image-31771\" data-id=\"31771\" src=\"https:\/\/i0.wp.com\/www.fundacioires.org\/wp-content\/uploads\/viena3.png?resize=628%2C827&#038;ssl=1\" srcset=\"https:\/\/i0.wp.com\/www.fundacioires.org\/wp-content\/uploads\/viena3.png?w=628&amp;ssl=1 628w, https:\/\/i0.wp.com\/www.fundacioires.org\/wp-content\/uploads\/viena3.png?resize=228%2C300&amp;ssl=1 228w\" sizes=\"(max-width: 628px) 100vw, 628px\" \/><\/figure><\/li><li class=\"wp-block-jetpack-slideshow_slide swiper-slide\"><figure><img data-recalc-dims=\"1\" loading=\"lazy\" decoding=\"async\" width=\"628\" height=\"824\" alt=\"\" class=\"wp-block-jetpack-slideshow_image wp-image-31773\" data-id=\"31773\" src=\"https:\/\/i0.wp.com\/www.fundacioires.org\/wp-content\/uploads\/viena2.png?resize=628%2C824&#038;ssl=1\" srcset=\"https:\/\/i0.wp.com\/www.fundacioires.org\/wp-content\/uploads\/viena2.png?w=628&amp;ssl=1 628w, https:\/\/i0.wp.com\/www.fundacioires.org\/wp-content\/uploads\/viena2.png?resize=229%2C300&amp;ssl=1 229w\" sizes=\"(max-width: 628px) 100vw, 628px\" \/><\/figure><\/li><li class=\"wp-block-jetpack-slideshow_slide swiper-slide\"><figure><img data-recalc-dims=\"1\" loading=\"lazy\" decoding=\"async\" width=\"628\" height=\"824\" alt=\"\" class=\"wp-block-jetpack-slideshow_image wp-image-31775\" data-id=\"31775\" src=\"https:\/\/i0.wp.com\/www.fundacioires.org\/wp-content\/uploads\/viena1.png?resize=628%2C824&#038;ssl=1\" srcset=\"https:\/\/i0.wp.com\/www.fundacioires.org\/wp-content\/uploads\/viena1.png?w=628&amp;ssl=1 628w, https:\/\/i0.wp.com\/www.fundacioires.org\/wp-content\/uploads\/viena1.png?resize=229%2C300&amp;ssl=1 229w\" sizes=\"(max-width: 628px) 100vw, 628px\" \/><\/figure><\/li><li class=\"wp-block-jetpack-slideshow_slide swiper-slide\"><figure><img data-recalc-dims=\"1\" loading=\"lazy\" decoding=\"async\" width=\"1200\" height=\"1600\" alt=\"\" class=\"wp-block-jetpack-slideshow_image wp-image-31777\" data-id=\"31777\" src=\"https:\/\/i0.wp.com\/www.fundacioires.org\/wp-content\/uploads\/LV-01.jpg?resize=1200%2C1600&#038;ssl=1\" srcset=\"https:\/\/i0.wp.com\/www.fundacioires.org\/wp-content\/uploads\/LV-01.jpg?w=1200&amp;ssl=1 1200w, https:\/\/i0.wp.com\/www.fundacioires.org\/wp-content\/uploads\/LV-01.jpg?resize=225%2C300&amp;ssl=1 225w, https:\/\/i0.wp.com\/www.fundacioires.org\/wp-content\/uploads\/LV-01.jpg?resize=768%2C1024&amp;ssl=1 768w, https:\/\/i0.wp.com\/www.fundacioires.org\/wp-content\/uploads\/LV-01.jpg?resize=1152%2C1536&amp;ssl=1 1152w\" sizes=\"(max-width: 1000px) 100vw, 1000px\" \/><\/figure><\/li><li class=\"wp-block-jetpack-slideshow_slide swiper-slide\"><figure><img data-recalc-dims=\"1\" loading=\"lazy\" decoding=\"async\" width=\"1200\" height=\"1600\" alt=\"\" class=\"wp-block-jetpack-slideshow_image wp-image-31779\" data-id=\"31779\" src=\"https:\/\/i0.wp.com\/www.fundacioires.org\/wp-content\/uploads\/LV-02.jpg?resize=1200%2C1600&#038;ssl=1\" srcset=\"https:\/\/i0.wp.com\/www.fundacioires.org\/wp-content\/uploads\/LV-02.jpg?w=1200&amp;ssl=1 1200w, https:\/\/i0.wp.com\/www.fundacioires.org\/wp-content\/uploads\/LV-02.jpg?resize=225%2C300&amp;ssl=1 225w, https:\/\/i0.wp.com\/www.fundacioires.org\/wp-content\/uploads\/LV-02.jpg?resize=768%2C1024&amp;ssl=1 768w, https:\/\/i0.wp.com\/www.fundacioires.org\/wp-content\/uploads\/LV-02.jpg?resize=1152%2C1536&amp;ssl=1 1152w\" sizes=\"(max-width: 1000px) 100vw, 1000px\" \/><\/figure><\/li><li class=\"wp-block-jetpack-slideshow_slide swiper-slide\"><figure><img data-recalc-dims=\"1\" loading=\"lazy\" decoding=\"async\" width=\"1200\" height=\"1600\" alt=\"\" class=\"wp-block-jetpack-slideshow_image wp-image-31781\" data-id=\"31781\" src=\"https:\/\/i0.wp.com\/www.fundacioires.org\/wp-content\/uploads\/LV-03.jpg?resize=1200%2C1600&#038;ssl=1\" srcset=\"https:\/\/i0.wp.com\/www.fundacioires.org\/wp-content\/uploads\/LV-03.jpg?w=1200&amp;ssl=1 1200w, https:\/\/i0.wp.com\/www.fundacioires.org\/wp-content\/uploads\/LV-03.jpg?resize=225%2C300&amp;ssl=1 225w, https:\/\/i0.wp.com\/www.fundacioires.org\/wp-content\/uploads\/LV-03.jpg?resize=768%2C1024&amp;ssl=1 768w, https:\/\/i0.wp.com\/www.fundacioires.org\/wp-content\/uploads\/LV-03.jpg?resize=1152%2C1536&amp;ssl=1 1152w\" sizes=\"(max-width: 1000px) 100vw, 1000px\" \/><\/figure><\/li><\/ul><a class=\"wp-block-jetpack-slideshow_button-prev swiper-button-prev swiper-button-white\" role=\"button\"><\/a><a class=\"wp-block-jetpack-slideshow_button-next swiper-button-next swiper-button-white\" role=\"button\"><\/a><a aria-label=\"Pause Slideshow\" class=\"wp-block-jetpack-slideshow_button-pause\" role=\"button\"><\/a><div class=\"wp-block-jetpack-slideshow_pagination swiper-pagination swiper-pagination-white\"><\/div><\/div><\/div>\n\n\n\n<p class=\"has-text-align-center has-text-color has-background has-medium-font-size\" style=\"background-color:#f8f4fe;color:#5d32a7\"><strong>Gr\u00e0cies a tots i totes<\/strong> les persones que ja formeu part d&#8217;aquesta iniciativa per una inf\u00e0ncia amb plens drets i una educaci\u00f3 basada en la igualtat de condicions.<\/p>\n\n\n\n<p class=\"has-text-align-center has-medium-font-size\"><a href=\"https:\/\/www.fundacioires.org\/eres-empresa\/rsc\/\" target=\"_blank\" rel=\"noreferrer noopener\">Coneix totes les nostres iniciatives solid\u00e0ries i formes de col\u00b7laborar amb nosaltres<\/a><\/p>\n","protected":false},"excerpt":{"rendered":"<p>La campanya \u2018Educaci\u00f3 per la inf\u00e0ncia en temps de la Covid-19\u2019 beneficiar\u00e0 a 120 infants amb la col\u00b7laboraci\u00f3 de Worldcoo i Viena.<\/p>\n","protected":false},"author":7,"featured_media":31830,"comment_status":"closed","ping_status":"open","sticky":false,"template":"","format":"standard","meta":{"_jetpack_memberships_contains_paid_content":false,"footnotes":""},"categories":[24],"tags":[],"class_list":["post-31757","post","type-post","status-publish","format-standard","has-post-thumbnail","hentry","category-campanyes-de-captacio-i-sensibilitzacio"],"yoast_head":"<!-- This site is optimized with the Yoast SEO plugin v27.4 - https:\/\/yoast.com\/product\/yoast-seo-wordpress\/ -->\n<title>#C\u00e8ntimAC\u00e8ntim: Quan un petit gest contribueix al futur de moltes fam\u00edlies - Fundaci\u00f3 IRES<\/title>\n<meta name=\"description\" content=\"Una campanya amb la col\u00b7laboraci\u00f3 de Worldcoo i Viena per a recaptar fons per l&#039;educaci\u00f3 per la inf\u00e0ncia en situaci\u00f3 de vulnerabilitat\" \/>\n<meta name=\"robots\" content=\"index, follow, max-snippet:-1, max-image-preview:large, max-video-preview:-1\" \/>\n<link rel=\"canonical\" href=\"https:\/\/www.fundacioires.org\/ca\/educacio-per-la-infancia\/\" \/>\n<meta property=\"og:locale\" content=\"ca_ES\" \/>\n<meta property=\"og:type\" content=\"article\" \/>\n<meta property=\"og:title\" content=\"#C\u00e8ntimAC\u00e8ntim: Quan un petit gest contribueix al futur de moltes fam\u00edlies - Fundaci\u00f3 IRES\" \/>\n<meta property=\"og:description\" content=\"Una campanya amb la col\u00b7laboraci\u00f3 de Worldcoo i Viena per a recaptar fons per l&#039;educaci\u00f3 per la inf\u00e0ncia en situaci\u00f3 de vulnerabilitat\" \/>\n<meta property=\"og:url\" content=\"https:\/\/www.fundacioires.org\/ca\/educacio-per-la-infancia\/\" \/>\n<meta property=\"og:site_name\" content=\"Fundaci\u00f3 IRES\" \/>\n<meta property=\"article:published_time\" content=\"2021-06-02T11:31:31+00:00\" \/>\n<meta property=\"article:modified_time\" content=\"2021-11-30T08:05:21+00:00\" \/>\n<meta property=\"og:image\" content=\"https:\/\/www.fundacioires.org\/wp-content\/uploads\/Copia-de-PLANTILLA-NOTI-WEB-OCTUBRE-2020-23-1024x512.png\" \/>\n\t<meta property=\"og:image:width\" content=\"1024\" \/>\n\t<meta property=\"og:image:height\" content=\"512\" \/>\n\t<meta property=\"og:image:type\" content=\"image\/png\" \/>\n<meta name=\"author\" content=\"Fundaci\u00f3 IRES\" \/>\n<meta name=\"twitter:card\" content=\"summary_large_image\" \/>\n<meta name=\"twitter:label1\" content=\"Written by\" \/>\n\t<meta name=\"twitter:data1\" content=\"Fundaci\u00f3 IRES\" \/>\n\t<meta name=\"twitter:label2\" content=\"Est. reading time\" \/>\n\t<meta name=\"twitter:data2\" content=\"6 minutes\" \/>\n<script type=\"application\/ld+json\" class=\"yoast-schema-graph\">{\"@context\":\"https:\\\/\\\/schema.org\",\"@graph\":[{\"@type\":\"Article\",\"@id\":\"https:\\\/\\\/www.fundacioires.org\\\/ca\\\/educacio-per-la-infancia\\\/#article\",\"isPartOf\":{\"@id\":\"https:\\\/\\\/www.fundacioires.org\\\/ca\\\/educacio-per-la-infancia\\\/\"},\"author\":{\"name\":\"Fundaci\u00f3 IRES\",\"@id\":\"https:\\\/\\\/www.fundacioires.org\\\/#\\\/schema\\\/person\\\/160af843c565221ef4664a5c7000791c\"},\"headline\":\"#C\u00e8ntimAC\u00e8ntim: Quan un petit gest contribueix al futur de moltes fam\u00edlies\",\"datePublished\":\"2021-06-02T11:31:31+00:00\",\"dateModified\":\"2021-11-30T08:05:21+00:00\",\"mainEntityOfPage\":{\"@id\":\"https:\\\/\\\/www.fundacioires.org\\\/ca\\\/educacio-per-la-infancia\\\/\"},\"wordCount\":935,\"publisher\":{\"@id\":\"https:\\\/\\\/www.fundacioires.org\\\/#organization\"},\"image\":{\"@id\":\"https:\\\/\\\/www.fundacioires.org\\\/ca\\\/educacio-per-la-infancia\\\/#primaryimage\"},\"thumbnailUrl\":\"https:\\\/\\\/i0.wp.com\\\/www.fundacioires.org\\\/wp-content\\\/uploads\\\/Copia-de-PLANTILLA-NOTI-WEB-OCTUBRE-2020-23.png?fit=1800%2C900&ssl=1\",\"articleSection\":[\"Campanyes de captaci\u00f3 i sensibilitzaci\u00f3\"],\"inLanguage\":\"ca-ES\"},{\"@type\":\"WebPage\",\"@id\":\"https:\\\/\\\/www.fundacioires.org\\\/ca\\\/educacio-per-la-infancia\\\/\",\"url\":\"https:\\\/\\\/www.fundacioires.org\\\/ca\\\/educacio-per-la-infancia\\\/\",\"name\":\"#C\u00e8ntimAC\u00e8ntim: Quan un petit gest contribueix al futur de moltes fam\u00edlies - Fundaci\u00f3 IRES\",\"isPartOf\":{\"@id\":\"https:\\\/\\\/www.fundacioires.org\\\/#website\"},\"primaryImageOfPage\":{\"@id\":\"https:\\\/\\\/www.fundacioires.org\\\/ca\\\/educacio-per-la-infancia\\\/#primaryimage\"},\"image\":{\"@id\":\"https:\\\/\\\/www.fundacioires.org\\\/ca\\\/educacio-per-la-infancia\\\/#primaryimage\"},\"thumbnailUrl\":\"https:\\\/\\\/i0.wp.com\\\/www.fundacioires.org\\\/wp-content\\\/uploads\\\/Copia-de-PLANTILLA-NOTI-WEB-OCTUBRE-2020-23.png?fit=1800%2C900&ssl=1\",\"datePublished\":\"2021-06-02T11:31:31+00:00\",\"dateModified\":\"2021-11-30T08:05:21+00:00\",\"description\":\"Una campanya amb la col\u00b7laboraci\u00f3 de Worldcoo i Viena per a recaptar fons per l'educaci\u00f3 per la inf\u00e0ncia en situaci\u00f3 de vulnerabilitat\",\"breadcrumb\":{\"@id\":\"https:\\\/\\\/www.fundacioires.org\\\/ca\\\/educacio-per-la-infancia\\\/#breadcrumb\"},\"inLanguage\":\"ca-ES\",\"potentialAction\":[{\"@type\":\"ReadAction\",\"target\":[\"https:\\\/\\\/www.fundacioires.org\\\/ca\\\/educacio-per-la-infancia\\\/\"]}]},{\"@type\":\"ImageObject\",\"inLanguage\":\"ca-ES\",\"@id\":\"https:\\\/\\\/www.fundacioires.org\\\/ca\\\/educacio-per-la-infancia\\\/#primaryimage\",\"url\":\"https:\\\/\\\/i0.wp.com\\\/www.fundacioires.org\\\/wp-content\\\/uploads\\\/Copia-de-PLANTILLA-NOTI-WEB-OCTUBRE-2020-23.png?fit=1800%2C900&ssl=1\",\"contentUrl\":\"https:\\\/\\\/i0.wp.com\\\/www.fundacioires.org\\\/wp-content\\\/uploads\\\/Copia-de-PLANTILLA-NOTI-WEB-OCTUBRE-2020-23.png?fit=1800%2C900&ssl=1\",\"width\":1800,\"height\":900,\"caption\":\"Familia de l'Adriana de la Fundaci\u00f3 IRES\"},{\"@type\":\"BreadcrumbList\",\"@id\":\"https:\\\/\\\/www.fundacioires.org\\\/ca\\\/educacio-per-la-infancia\\\/#breadcrumb\",\"itemListElement\":[{\"@type\":\"ListItem\",\"position\":1,\"name\":\"Portada\",\"item\":\"https:\\\/\\\/www.fundacioires.org\\\/\"},{\"@type\":\"ListItem\",\"position\":2,\"name\":\"#C\u00e8ntimAC\u00e8ntim: Quan un petit gest contribueix al futur de moltes fam\u00edlies\"}]},{\"@type\":\"WebSite\",\"@id\":\"https:\\\/\\\/www.fundacioires.org\\\/#website\",\"url\":\"https:\\\/\\\/www.fundacioires.org\\\/\",\"name\":\"Fundaci\u00f3 IRES\",\"description\":\"\",\"publisher\":{\"@id\":\"https:\\\/\\\/www.fundacioires.org\\\/#organization\"},\"potentialAction\":[{\"@type\":\"SearchAction\",\"target\":{\"@type\":\"EntryPoint\",\"urlTemplate\":\"https:\\\/\\\/www.fundacioires.org\\\/?s={search_term_string}\"},\"query-input\":{\"@type\":\"PropertyValueSpecification\",\"valueRequired\":true,\"valueName\":\"search_term_string\"}}],\"inLanguage\":\"ca-ES\"},{\"@type\":\"Organization\",\"@id\":\"https:\\\/\\\/www.fundacioires.org\\\/#organization\",\"name\":\"Fundanci\u00f3n IRES\",\"url\":\"https:\\\/\\\/www.fundacioires.org\\\/\",\"logo\":{\"@type\":\"ImageObject\",\"inLanguage\":\"ca-ES\",\"@id\":\"https:\\\/\\\/www.fundacioires.org\\\/#\\\/schema\\\/logo\\\/image\\\/\",\"url\":\"https:\\\/\\\/i0.wp.com\\\/www.fundacioires.org\\\/wp-content\\\/uploads\\\/faviconIRES.png?fit=32%2C32&ssl=1\",\"contentUrl\":\"https:\\\/\\\/i0.wp.com\\\/www.fundacioires.org\\\/wp-content\\\/uploads\\\/faviconIRES.png?fit=32%2C32&ssl=1\",\"width\":32,\"height\":32,\"caption\":\"Fundanci\u00f3n IRES\"},\"image\":{\"@id\":\"https:\\\/\\\/www.fundacioires.org\\\/#\\\/schema\\\/logo\\\/image\\\/\"}},{\"@type\":\"Person\",\"@id\":\"https:\\\/\\\/www.fundacioires.org\\\/#\\\/schema\\\/person\\\/160af843c565221ef4664a5c7000791c\",\"name\":\"Fundaci\u00f3 IRES\"}]}<\/script>\n<!-- \/ Yoast SEO plugin. -->","yoast_head_json":{"title":"#C\u00e8ntimAC\u00e8ntim: Quan un petit gest contribueix al futur de moltes fam\u00edlies - Fundaci\u00f3 IRES","description":"Una campanya amb la col\u00b7laboraci\u00f3 de Worldcoo i Viena per a recaptar fons per l'educaci\u00f3 per la inf\u00e0ncia en situaci\u00f3 de vulnerabilitat","robots":{"index":"index","follow":"follow","max-snippet":"max-snippet:-1","max-image-preview":"max-image-preview:large","max-video-preview":"max-video-preview:-1"},"canonical":"https:\/\/www.fundacioires.org\/ca\/educacio-per-la-infancia\/","og_locale":"ca_ES","og_type":"article","og_title":"#C\u00e8ntimAC\u00e8ntim: Quan un petit gest contribueix al futur de moltes fam\u00edlies - Fundaci\u00f3 IRES","og_description":"Una campanya amb la col\u00b7laboraci\u00f3 de Worldcoo i Viena per a recaptar fons per l'educaci\u00f3 per la inf\u00e0ncia en situaci\u00f3 de vulnerabilitat","og_url":"https:\/\/www.fundacioires.org\/ca\/educacio-per-la-infancia\/","og_site_name":"Fundaci\u00f3 IRES","article_published_time":"2021-06-02T11:31:31+00:00","article_modified_time":"2021-11-30T08:05:21+00:00","og_image":[{"width":1024,"height":512,"url":"https:\/\/www.fundacioires.org\/wp-content\/uploads\/Copia-de-PLANTILLA-NOTI-WEB-OCTUBRE-2020-23-1024x512.png","type":"image\/png"}],"author":"Fundaci\u00f3 IRES","twitter_card":"summary_large_image","twitter_misc":{"Written by":"Fundaci\u00f3 IRES","Est. reading time":"6 minutes"},"schema":{"@context":"https:\/\/schema.org","@graph":[{"@type":"Article","@id":"https:\/\/www.fundacioires.org\/ca\/educacio-per-la-infancia\/#article","isPartOf":{"@id":"https:\/\/www.fundacioires.org\/ca\/educacio-per-la-infancia\/"},"author":{"name":"Fundaci\u00f3 IRES","@id":"https:\/\/www.fundacioires.org\/#\/schema\/person\/160af843c565221ef4664a5c7000791c"},"headline":"#C\u00e8ntimAC\u00e8ntim: Quan un petit gest contribueix al futur de moltes fam\u00edlies","datePublished":"2021-06-02T11:31:31+00:00","dateModified":"2021-11-30T08:05:21+00:00","mainEntityOfPage":{"@id":"https:\/\/www.fundacioires.org\/ca\/educacio-per-la-infancia\/"},"wordCount":935,"publisher":{"@id":"https:\/\/www.fundacioires.org\/#organization"},"image":{"@id":"https:\/\/www.fundacioires.org\/ca\/educacio-per-la-infancia\/#primaryimage"},"thumbnailUrl":"https:\/\/i0.wp.com\/www.fundacioires.org\/wp-content\/uploads\/Copia-de-PLANTILLA-NOTI-WEB-OCTUBRE-2020-23.png?fit=1800%2C900&ssl=1","articleSection":["Campanyes de captaci\u00f3 i sensibilitzaci\u00f3"],"inLanguage":"ca-ES"},{"@type":"WebPage","@id":"https:\/\/www.fundacioires.org\/ca\/educacio-per-la-infancia\/","url":"https:\/\/www.fundacioires.org\/ca\/educacio-per-la-infancia\/","name":"#C\u00e8ntimAC\u00e8ntim: Quan un petit gest contribueix al futur de moltes fam\u00edlies - Fundaci\u00f3 IRES","isPartOf":{"@id":"https:\/\/www.fundacioires.org\/#website"},"primaryImageOfPage":{"@id":"https:\/\/www.fundacioires.org\/ca\/educacio-per-la-infancia\/#primaryimage"},"image":{"@id":"https:\/\/www.fundacioires.org\/ca\/educacio-per-la-infancia\/#primaryimage"},"thumbnailUrl":"https:\/\/i0.wp.com\/www.fundacioires.org\/wp-content\/uploads\/Copia-de-PLANTILLA-NOTI-WEB-OCTUBRE-2020-23.png?fit=1800%2C900&ssl=1","datePublished":"2021-06-02T11:31:31+00:00","dateModified":"2021-11-30T08:05:21+00:00","description":"Una campanya amb la col\u00b7laboraci\u00f3 de Worldcoo i Viena per a recaptar fons per l'educaci\u00f3 per la inf\u00e0ncia en situaci\u00f3 de vulnerabilitat","breadcrumb":{"@id":"https:\/\/www.fundacioires.org\/ca\/educacio-per-la-infancia\/#breadcrumb"},"inLanguage":"ca-ES","potentialAction":[{"@type":"ReadAction","target":["https:\/\/www.fundacioires.org\/ca\/educacio-per-la-infancia\/"]}]},{"@type":"ImageObject","inLanguage":"ca-ES","@id":"https:\/\/www.fundacioires.org\/ca\/educacio-per-la-infancia\/#primaryimage","url":"https:\/\/i0.wp.com\/www.fundacioires.org\/wp-content\/uploads\/Copia-de-PLANTILLA-NOTI-WEB-OCTUBRE-2020-23.png?fit=1800%2C900&ssl=1","contentUrl":"https:\/\/i0.wp.com\/www.fundacioires.org\/wp-content\/uploads\/Copia-de-PLANTILLA-NOTI-WEB-OCTUBRE-2020-23.png?fit=1800%2C900&ssl=1","width":1800,"height":900,"caption":"Familia de l'Adriana de la Fundaci\u00f3 IRES"},{"@type":"BreadcrumbList","@id":"https:\/\/www.fundacioires.org\/ca\/educacio-per-la-infancia\/#breadcrumb","itemListElement":[{"@type":"ListItem","position":1,"name":"Portada","item":"https:\/\/www.fundacioires.org\/"},{"@type":"ListItem","position":2,"name":"#C\u00e8ntimAC\u00e8ntim: Quan un petit gest contribueix al futur de moltes fam\u00edlies"}]},{"@type":"WebSite","@id":"https:\/\/www.fundacioires.org\/#website","url":"https:\/\/www.fundacioires.org\/","name":"Fundaci\u00f3 IRES","description":"","publisher":{"@id":"https:\/\/www.fundacioires.org\/#organization"},"potentialAction":[{"@type":"SearchAction","target":{"@type":"EntryPoint","urlTemplate":"https:\/\/www.fundacioires.org\/?s={search_term_string}"},"query-input":{"@type":"PropertyValueSpecification","valueRequired":true,"valueName":"search_term_string"}}],"inLanguage":"ca-ES"},{"@type":"Organization","@id":"https:\/\/www.fundacioires.org\/#organization","name":"Fundanci\u00f3n IRES","url":"https:\/\/www.fundacioires.org\/","logo":{"@type":"ImageObject","inLanguage":"ca-ES","@id":"https:\/\/www.fundacioires.org\/#\/schema\/logo\/image\/","url":"https:\/\/i0.wp.com\/www.fundacioires.org\/wp-content\/uploads\/faviconIRES.png?fit=32%2C32&ssl=1","contentUrl":"https:\/\/i0.wp.com\/www.fundacioires.org\/wp-content\/uploads\/faviconIRES.png?fit=32%2C32&ssl=1","width":32,"height":32,"caption":"Fundanci\u00f3n IRES"},"image":{"@id":"https:\/\/www.fundacioires.org\/#\/schema\/logo\/image\/"}},{"@type":"Person","@id":"https:\/\/www.fundacioires.org\/#\/schema\/person\/160af843c565221ef4664a5c7000791c","name":"Fundaci\u00f3 IRES"}]}},"jetpack_featured_media_url":"https:\/\/i0.wp.com\/www.fundacioires.org\/wp-content\/uploads\/Copia-de-PLANTILLA-NOTI-WEB-OCTUBRE-2020-23.png?fit=1800%2C900&ssl=1","jetpack_sharing_enabled":true,"_links":{"self":[{"href":"https:\/\/www.fundacioires.org\/ca\/wp-json\/wp\/v2\/posts\/31757","targetHints":{"allow":["GET"]}}],"collection":[{"href":"https:\/\/www.fundacioires.org\/ca\/wp-json\/wp\/v2\/posts"}],"about":[{"href":"https:\/\/www.fundacioires.org\/ca\/wp-json\/wp\/v2\/types\/post"}],"author":[{"embeddable":true,"href":"https:\/\/www.fundacioires.org\/ca\/wp-json\/wp\/v2\/users\/7"}],"replies":[{"embeddable":true,"href":"https:\/\/www.fundacioires.org\/ca\/wp-json\/wp\/v2\/comments?post=31757"}],"version-history":[{"count":5,"href":"https:\/\/www.fundacioires.org\/ca\/wp-json\/wp\/v2\/posts\/31757\/revisions"}],"predecessor-version":[{"id":36785,"href":"https:\/\/www.fundacioires.org\/ca\/wp-json\/wp\/v2\/posts\/31757\/revisions\/36785"}],"wp:featuredmedia":[{"embeddable":true,"href":"https:\/\/www.fundacioires.org\/ca\/wp-json\/wp\/v2\/media\/31830"}],"wp:attachment":[{"href":"https:\/\/www.fundacioires.org\/ca\/wp-json\/wp\/v2\/media?parent=31757"}],"wp:term":[{"taxonomy":"category","embeddable":true,"href":"https:\/\/www.fundacioires.org\/ca\/wp-json\/wp\/v2\/categories?post=31757"},{"taxonomy":"post_tag","embeddable":true,"href":"https:\/\/www.fundacioires.org\/ca\/wp-json\/wp\/v2\/tags?post=31757"}],"curies":[{"name":"wp","href":"https:\/\/api.w.org\/{rel}","templated":true}]}}