{"id":33156,"date":"2021-07-21T18:37:06","date_gmt":"2021-07-21T16:37:06","guid":{"rendered":"https:\/\/www.fundacioires.org\/?p=33156"},"modified":"2021-07-21T18:48:41","modified_gmt":"2021-07-21T16:48:41","slug":"taller-descobrint-resiliencia","status":"publish","type":"post","link":"https:\/\/www.fundacioires.org\/ca\/taller-descobrint-resiliencia\/","title":{"rendered":"Descobrint la resili\u00e8ncia que portem dins"},"content":{"rendered":"\n<p>Els dies 7 de juliol i 14 de juliol va tenir lloc el taller de Resili\u00e8ncia per a les dones de Venus sense C\u00e0non. 30 dones, van formar part d&#8217;aquest taller dinamitzat de forma volunt\u00e0ria per Laura Molina.<br>Ser resilient \u00e9s un concepte que avui dia&nbsp;est\u00e0&nbsp;en boca de tots. El nostre entorn canvia r\u00e0pidament i d&#8217;un dia per a un altre ens succeeix una cosa dura que ens afecta emocionalment i ens canvia la vida. Durant aquestes jornades les dones participants han tingut l&#8217;oportunitat de saber com gestionar-ho i no quedar-se paralitzades ni estancades a causa de la frustraci\u00f3, dolor o por.<\/p>\n\n\n\n<div class=\"wp-block-image\"><figure class=\"aligncenter size-large\"><img data-recalc-dims=\"1\" loading=\"lazy\" decoding=\"async\" width=\"1024\" height=\"512\" src=\"https:\/\/i0.wp.com\/www.fundacioires.org\/wp-content\/uploads\/Copia-de-PLANTILLA-NOTI-WEB-OCTUBRE-2020-5-1.png?resize=1024%2C512&#038;ssl=1\" alt=\"\" class=\"wp-image-33165\" srcset=\"https:\/\/i0.wp.com\/www.fundacioires.org\/wp-content\/uploads\/Copia-de-PLANTILLA-NOTI-WEB-OCTUBRE-2020-5-1.png?resize=1024%2C512&amp;ssl=1 1024w, https:\/\/i0.wp.com\/www.fundacioires.org\/wp-content\/uploads\/Copia-de-PLANTILLA-NOTI-WEB-OCTUBRE-2020-5-1.png?resize=300%2C150&amp;ssl=1 300w, https:\/\/i0.wp.com\/www.fundacioires.org\/wp-content\/uploads\/Copia-de-PLANTILLA-NOTI-WEB-OCTUBRE-2020-5-1.png?resize=768%2C384&amp;ssl=1 768w, https:\/\/i0.wp.com\/www.fundacioires.org\/wp-content\/uploads\/Copia-de-PLANTILLA-NOTI-WEB-OCTUBRE-2020-5-1.png?resize=1536%2C768&amp;ssl=1 1536w, https:\/\/i0.wp.com\/www.fundacioires.org\/wp-content\/uploads\/Copia-de-PLANTILLA-NOTI-WEB-OCTUBRE-2020-5-1.png?w=1800&amp;ssl=1 1800w\" sizes=\"(max-width: 1000px) 100vw, 1000px\" \/><figcaption>Les participants de Venus sense C\u00e0non<\/figcaption><\/figure><\/div>\n\n\n\n<p><br>L&#8217;important aqu\u00ed no \u00e9s el que et succeeix sin\u00f3 com et relaciones amb aix\u00f2. La resili\u00e8ncia \u00e9s un m\u00fascul que totes tenim, per\u00f2&nbsp;que si no el reconeixem i no l&#8217;utilitzem \u00e9s com si no exist\u00eds.<\/p>\n\n\n\n<p>Aquest taller ha perm\u00e8s a les 30 participants recon\u00e8ixer i descobrir a la dona resilient que totes elles porten dins. A trav\u00e9s d&#8217;aquesta formaci\u00f3 de&nbsp;2\u202fh&nbsp;de durada, han volgut cr\u00e9ixer, superar-se, con\u00e8ixer-se, estimar-se i relacionar-se amb la vida des de l&#8217;acceptaci\u00f3, l&#8217;amor i la valentia. El dinamisme i&nbsp;els continguts&nbsp;del taller les ha perm\u00e8s aprofundir el significat del poder de la resili\u00e8ncia per poder viure.<\/p>\n\n\n\n<div class=\"wp-block-image\"><figure class=\"aligncenter size-large\"><img data-recalc-dims=\"1\" loading=\"lazy\" decoding=\"async\" width=\"1024\" height=\"512\" src=\"https:\/\/i0.wp.com\/www.fundacioires.org\/wp-content\/uploads\/Copia-de-PLANTILLA-NOTI-WEB-OCTUBRE-2020-6-1.png?resize=1024%2C512&#038;ssl=1\" alt=\"\" class=\"wp-image-33171\" srcset=\"https:\/\/i0.wp.com\/www.fundacioires.org\/wp-content\/uploads\/Copia-de-PLANTILLA-NOTI-WEB-OCTUBRE-2020-6-1.png?resize=1024%2C512&amp;ssl=1 1024w, https:\/\/i0.wp.com\/www.fundacioires.org\/wp-content\/uploads\/Copia-de-PLANTILLA-NOTI-WEB-OCTUBRE-2020-6-1.png?resize=300%2C150&amp;ssl=1 300w, https:\/\/i0.wp.com\/www.fundacioires.org\/wp-content\/uploads\/Copia-de-PLANTILLA-NOTI-WEB-OCTUBRE-2020-6-1.png?resize=768%2C384&amp;ssl=1 768w, https:\/\/i0.wp.com\/www.fundacioires.org\/wp-content\/uploads\/Copia-de-PLANTILLA-NOTI-WEB-OCTUBRE-2020-6-1.png?resize=1536%2C768&amp;ssl=1 1536w, https:\/\/i0.wp.com\/www.fundacioires.org\/wp-content\/uploads\/Copia-de-PLANTILLA-NOTI-WEB-OCTUBRE-2020-6-1.png?w=1800&amp;ssl=1 1800w\" sizes=\"(max-width: 1000px) 100vw, 1000px\" \/><figcaption>Algunes de les activitats dinamitzades per l&#8217;Erika i la S\u00f2nia <\/figcaption><\/figure><\/div>\n\n\n\n<p>Gr\u00e0cies a la Laura per una formaci\u00f3&nbsp;tan&nbsp;enriquidora i a l&#8217;Erika i la S\u00f2nia, encarregades del Servei de canguratge, per fer possible que moltes dones participessin. Les enquestes de satisfacci\u00f3 passades a les participants van tenir uns resultats molt positius, i s&#8217;est\u00e0 plantejant donar continu\u00eftat al taller per seguir aprofundint en el m\u00f3n de la resili\u00e8ncia.<\/p>\n","protected":false},"excerpt":{"rendered":"<p>Ser resilient \u00e9s un concepte que avui dia est\u00e0 en boca de tots. El nostre entorn canvia r\u00e0pidament i d&#8217;un dia per a un altre ens succeeix una cosa dura que ens afecta emocionalment i ens canvia la vida. <\/p>\n","protected":false},"author":7,"featured_media":33173,"comment_status":"closed","ping_status":"open","sticky":false,"template":"","format":"standard","meta":{"_jetpack_memberships_contains_paid_content":false,"footnotes":""},"categories":[19],"tags":[],"class_list":["post-33156","post","type-post","status-publish","format-standard","has-post-thumbnail","hentry","category-ires-blog"],"yoast_head":"<!-- This site is optimized with the Yoast SEO plugin v27.4 - https:\/\/yoast.com\/product\/yoast-seo-wordpress\/ -->\n<title>Descobrint la resili\u00e8ncia que portem dins - Fundaci\u00f3 IRES<\/title>\n<meta name=\"description\" content=\"30 dones, del projecte Venus sense Canon. van formar part d&#039;aquest taller de resili\u00e8ncia dinamitzat de forma volunt\u00e0ria per Laura Molina.\" \/>\n<meta name=\"robots\" content=\"index, follow, max-snippet:-1, max-image-preview:large, max-video-preview:-1\" \/>\n<link rel=\"canonical\" href=\"https:\/\/www.fundacioires.org\/ca\/taller-descobrint-resiliencia\/\" \/>\n<meta property=\"og:locale\" content=\"ca_ES\" \/>\n<meta property=\"og:type\" content=\"article\" \/>\n<meta property=\"og:title\" content=\"Descobrint la resili\u00e8ncia que portem dins - Fundaci\u00f3 IRES\" \/>\n<meta property=\"og:description\" content=\"30 dones, del projecte Venus sense Canon. van formar part d&#039;aquest taller de resili\u00e8ncia dinamitzat de forma volunt\u00e0ria per Laura Molina.\" \/>\n<meta property=\"og:url\" content=\"https:\/\/www.fundacioires.org\/ca\/taller-descobrint-resiliencia\/\" \/>\n<meta property=\"og:site_name\" content=\"Fundaci\u00f3 IRES\" \/>\n<meta property=\"article:published_time\" content=\"2021-07-21T16:37:06+00:00\" \/>\n<meta property=\"article:modified_time\" content=\"2021-07-21T16:48:41+00:00\" \/>\n<meta property=\"og:image\" content=\"https:\/\/i1.wp.com\/www.fundacioires.org\/wp-content\/uploads\/Copia-de-PLANTILLA-NOTI-WEB-OCTUBRE-2020-7-1.png?fit=1800%2C900&ssl=1\" \/>\n\t<meta property=\"og:image:width\" content=\"1800\" \/>\n\t<meta property=\"og:image:height\" content=\"900\" \/>\n\t<meta property=\"og:image:type\" content=\"image\/png\" \/>\n<meta name=\"author\" content=\"Fundaci\u00f3 IRES\" \/>\n<meta name=\"twitter:card\" content=\"summary_large_image\" \/>\n<meta name=\"twitter:label1\" content=\"Written by\" \/>\n\t<meta name=\"twitter:data1\" content=\"Fundaci\u00f3 IRES\" \/>\n\t<meta name=\"twitter:label2\" content=\"Est. reading time\" \/>\n\t<meta name=\"twitter:data2\" content=\"2 minutes\" \/>\n<script type=\"application\/ld+json\" class=\"yoast-schema-graph\">{\"@context\":\"https:\\\/\\\/schema.org\",\"@graph\":[{\"@type\":\"Article\",\"@id\":\"https:\\\/\\\/www.fundacioires.org\\\/ca\\\/taller-descobrint-resiliencia\\\/#article\",\"isPartOf\":{\"@id\":\"https:\\\/\\\/www.fundacioires.org\\\/ca\\\/taller-descobrint-resiliencia\\\/\"},\"author\":{\"name\":\"Fundaci\u00f3 IRES\",\"@id\":\"https:\\\/\\\/www.fundacioires.org\\\/#\\\/schema\\\/person\\\/160af843c565221ef4664a5c7000791c\"},\"headline\":\"Descobrint la resili\u00e8ncia que portem dins\",\"datePublished\":\"2021-07-21T16:37:06+00:00\",\"dateModified\":\"2021-07-21T16:48:41+00:00\",\"mainEntityOfPage\":{\"@id\":\"https:\\\/\\\/www.fundacioires.org\\\/ca\\\/taller-descobrint-resiliencia\\\/\"},\"wordCount\":324,\"publisher\":{\"@id\":\"https:\\\/\\\/www.fundacioires.org\\\/#organization\"},\"image\":{\"@id\":\"https:\\\/\\\/www.fundacioires.org\\\/ca\\\/taller-descobrint-resiliencia\\\/#primaryimage\"},\"thumbnailUrl\":\"https:\\\/\\\/i0.wp.com\\\/www.fundacioires.org\\\/wp-content\\\/uploads\\\/Copia-de-PLANTILLA-NOTI-WEB-OCTUBRE-2020-7-1.png?fit=1800%2C900&ssl=1\",\"articleSection\":[\"IRES-Blog\"],\"inLanguage\":\"ca-ES\"},{\"@type\":\"WebPage\",\"@id\":\"https:\\\/\\\/www.fundacioires.org\\\/ca\\\/taller-descobrint-resiliencia\\\/\",\"url\":\"https:\\\/\\\/www.fundacioires.org\\\/ca\\\/taller-descobrint-resiliencia\\\/\",\"name\":\"Descobrint la resili\u00e8ncia que portem dins - Fundaci\u00f3 IRES\",\"isPartOf\":{\"@id\":\"https:\\\/\\\/www.fundacioires.org\\\/#website\"},\"primaryImageOfPage\":{\"@id\":\"https:\\\/\\\/www.fundacioires.org\\\/ca\\\/taller-descobrint-resiliencia\\\/#primaryimage\"},\"image\":{\"@id\":\"https:\\\/\\\/www.fundacioires.org\\\/ca\\\/taller-descobrint-resiliencia\\\/#primaryimage\"},\"thumbnailUrl\":\"https:\\\/\\\/i0.wp.com\\\/www.fundacioires.org\\\/wp-content\\\/uploads\\\/Copia-de-PLANTILLA-NOTI-WEB-OCTUBRE-2020-7-1.png?fit=1800%2C900&ssl=1\",\"datePublished\":\"2021-07-21T16:37:06+00:00\",\"dateModified\":\"2021-07-21T16:48:41+00:00\",\"description\":\"30 dones, del projecte Venus sense Canon. van formar part d'aquest taller de resili\u00e8ncia dinamitzat de forma volunt\u00e0ria per Laura Molina.\",\"breadcrumb\":{\"@id\":\"https:\\\/\\\/www.fundacioires.org\\\/ca\\\/taller-descobrint-resiliencia\\\/#breadcrumb\"},\"inLanguage\":\"ca-ES\",\"potentialAction\":[{\"@type\":\"ReadAction\",\"target\":[\"https:\\\/\\\/www.fundacioires.org\\\/ca\\\/taller-descobrint-resiliencia\\\/\"]}]},{\"@type\":\"ImageObject\",\"inLanguage\":\"ca-ES\",\"@id\":\"https:\\\/\\\/www.fundacioires.org\\\/ca\\\/taller-descobrint-resiliencia\\\/#primaryimage\",\"url\":\"https:\\\/\\\/i0.wp.com\\\/www.fundacioires.org\\\/wp-content\\\/uploads\\\/Copia-de-PLANTILLA-NOTI-WEB-OCTUBRE-2020-7-1.png?fit=1800%2C900&ssl=1\",\"contentUrl\":\"https:\\\/\\\/i0.wp.com\\\/www.fundacioires.org\\\/wp-content\\\/uploads\\\/Copia-de-PLANTILLA-NOTI-WEB-OCTUBRE-2020-7-1.png?fit=1800%2C900&ssl=1\",\"width\":1800,\"height\":900},{\"@type\":\"BreadcrumbList\",\"@id\":\"https:\\\/\\\/www.fundacioires.org\\\/ca\\\/taller-descobrint-resiliencia\\\/#breadcrumb\",\"itemListElement\":[{\"@type\":\"ListItem\",\"position\":1,\"name\":\"Portada\",\"item\":\"https:\\\/\\\/www.fundacioires.org\\\/\"},{\"@type\":\"ListItem\",\"position\":2,\"name\":\"Descobrint la resili\u00e8ncia que portem dins\"}]},{\"@type\":\"WebSite\",\"@id\":\"https:\\\/\\\/www.fundacioires.org\\\/#website\",\"url\":\"https:\\\/\\\/www.fundacioires.org\\\/\",\"name\":\"Fundaci\u00f3 IRES\",\"description\":\"\",\"publisher\":{\"@id\":\"https:\\\/\\\/www.fundacioires.org\\\/#organization\"},\"potentialAction\":[{\"@type\":\"SearchAction\",\"target\":{\"@type\":\"EntryPoint\",\"urlTemplate\":\"https:\\\/\\\/www.fundacioires.org\\\/?s={search_term_string}\"},\"query-input\":{\"@type\":\"PropertyValueSpecification\",\"valueRequired\":true,\"valueName\":\"search_term_string\"}}],\"inLanguage\":\"ca-ES\"},{\"@type\":\"Organization\",\"@id\":\"https:\\\/\\\/www.fundacioires.org\\\/#organization\",\"name\":\"Fundanci\u00f3n IRES\",\"url\":\"https:\\\/\\\/www.fundacioires.org\\\/\",\"logo\":{\"@type\":\"ImageObject\",\"inLanguage\":\"ca-ES\",\"@id\":\"https:\\\/\\\/www.fundacioires.org\\\/#\\\/schema\\\/logo\\\/image\\\/\",\"url\":\"https:\\\/\\\/i0.wp.com\\\/www.fundacioires.org\\\/wp-content\\\/uploads\\\/faviconIRES.png?fit=32%2C32&ssl=1\",\"contentUrl\":\"https:\\\/\\\/i0.wp.com\\\/www.fundacioires.org\\\/wp-content\\\/uploads\\\/faviconIRES.png?fit=32%2C32&ssl=1\",\"width\":32,\"height\":32,\"caption\":\"Fundanci\u00f3n IRES\"},\"image\":{\"@id\":\"https:\\\/\\\/www.fundacioires.org\\\/#\\\/schema\\\/logo\\\/image\\\/\"}},{\"@type\":\"Person\",\"@id\":\"https:\\\/\\\/www.fundacioires.org\\\/#\\\/schema\\\/person\\\/160af843c565221ef4664a5c7000791c\",\"name\":\"Fundaci\u00f3 IRES\"}]}<\/script>\n<!-- \/ Yoast SEO plugin. -->","yoast_head_json":{"title":"Descobrint la resili\u00e8ncia que portem dins - Fundaci\u00f3 IRES","description":"30 dones, del projecte Venus sense Canon. van formar part d'aquest taller de resili\u00e8ncia dinamitzat de forma volunt\u00e0ria per Laura Molina.","robots":{"index":"index","follow":"follow","max-snippet":"max-snippet:-1","max-image-preview":"max-image-preview:large","max-video-preview":"max-video-preview:-1"},"canonical":"https:\/\/www.fundacioires.org\/ca\/taller-descobrint-resiliencia\/","og_locale":"ca_ES","og_type":"article","og_title":"Descobrint la resili\u00e8ncia que portem dins - Fundaci\u00f3 IRES","og_description":"30 dones, del projecte Venus sense Canon. van formar part d'aquest taller de resili\u00e8ncia dinamitzat de forma volunt\u00e0ria per Laura Molina.","og_url":"https:\/\/www.fundacioires.org\/ca\/taller-descobrint-resiliencia\/","og_site_name":"Fundaci\u00f3 IRES","article_published_time":"2021-07-21T16:37:06+00:00","article_modified_time":"2021-07-21T16:48:41+00:00","og_image":[{"width":1800,"height":900,"url":"https:\/\/i1.wp.com\/www.fundacioires.org\/wp-content\/uploads\/Copia-de-PLANTILLA-NOTI-WEB-OCTUBRE-2020-7-1.png?fit=1800%2C900&ssl=1","type":"image\/png"}],"author":"Fundaci\u00f3 IRES","twitter_card":"summary_large_image","twitter_misc":{"Written by":"Fundaci\u00f3 IRES","Est. reading time":"2 minutes"},"schema":{"@context":"https:\/\/schema.org","@graph":[{"@type":"Article","@id":"https:\/\/www.fundacioires.org\/ca\/taller-descobrint-resiliencia\/#article","isPartOf":{"@id":"https:\/\/www.fundacioires.org\/ca\/taller-descobrint-resiliencia\/"},"author":{"name":"Fundaci\u00f3 IRES","@id":"https:\/\/www.fundacioires.org\/#\/schema\/person\/160af843c565221ef4664a5c7000791c"},"headline":"Descobrint la resili\u00e8ncia que portem dins","datePublished":"2021-07-21T16:37:06+00:00","dateModified":"2021-07-21T16:48:41+00:00","mainEntityOfPage":{"@id":"https:\/\/www.fundacioires.org\/ca\/taller-descobrint-resiliencia\/"},"wordCount":324,"publisher":{"@id":"https:\/\/www.fundacioires.org\/#organization"},"image":{"@id":"https:\/\/www.fundacioires.org\/ca\/taller-descobrint-resiliencia\/#primaryimage"},"thumbnailUrl":"https:\/\/i0.wp.com\/www.fundacioires.org\/wp-content\/uploads\/Copia-de-PLANTILLA-NOTI-WEB-OCTUBRE-2020-7-1.png?fit=1800%2C900&ssl=1","articleSection":["IRES-Blog"],"inLanguage":"ca-ES"},{"@type":"WebPage","@id":"https:\/\/www.fundacioires.org\/ca\/taller-descobrint-resiliencia\/","url":"https:\/\/www.fundacioires.org\/ca\/taller-descobrint-resiliencia\/","name":"Descobrint la resili\u00e8ncia que portem dins - Fundaci\u00f3 IRES","isPartOf":{"@id":"https:\/\/www.fundacioires.org\/#website"},"primaryImageOfPage":{"@id":"https:\/\/www.fundacioires.org\/ca\/taller-descobrint-resiliencia\/#primaryimage"},"image":{"@id":"https:\/\/www.fundacioires.org\/ca\/taller-descobrint-resiliencia\/#primaryimage"},"thumbnailUrl":"https:\/\/i0.wp.com\/www.fundacioires.org\/wp-content\/uploads\/Copia-de-PLANTILLA-NOTI-WEB-OCTUBRE-2020-7-1.png?fit=1800%2C900&ssl=1","datePublished":"2021-07-21T16:37:06+00:00","dateModified":"2021-07-21T16:48:41+00:00","description":"30 dones, del projecte Venus sense Canon. van formar part d'aquest taller de resili\u00e8ncia dinamitzat de forma volunt\u00e0ria per Laura Molina.","breadcrumb":{"@id":"https:\/\/www.fundacioires.org\/ca\/taller-descobrint-resiliencia\/#breadcrumb"},"inLanguage":"ca-ES","potentialAction":[{"@type":"ReadAction","target":["https:\/\/www.fundacioires.org\/ca\/taller-descobrint-resiliencia\/"]}]},{"@type":"ImageObject","inLanguage":"ca-ES","@id":"https:\/\/www.fundacioires.org\/ca\/taller-descobrint-resiliencia\/#primaryimage","url":"https:\/\/i0.wp.com\/www.fundacioires.org\/wp-content\/uploads\/Copia-de-PLANTILLA-NOTI-WEB-OCTUBRE-2020-7-1.png?fit=1800%2C900&ssl=1","contentUrl":"https:\/\/i0.wp.com\/www.fundacioires.org\/wp-content\/uploads\/Copia-de-PLANTILLA-NOTI-WEB-OCTUBRE-2020-7-1.png?fit=1800%2C900&ssl=1","width":1800,"height":900},{"@type":"BreadcrumbList","@id":"https:\/\/www.fundacioires.org\/ca\/taller-descobrint-resiliencia\/#breadcrumb","itemListElement":[{"@type":"ListItem","position":1,"name":"Portada","item":"https:\/\/www.fundacioires.org\/"},{"@type":"ListItem","position":2,"name":"Descobrint la resili\u00e8ncia que portem dins"}]},{"@type":"WebSite","@id":"https:\/\/www.fundacioires.org\/#website","url":"https:\/\/www.fundacioires.org\/","name":"Fundaci\u00f3 IRES","description":"","publisher":{"@id":"https:\/\/www.fundacioires.org\/#organization"},"potentialAction":[{"@type":"SearchAction","target":{"@type":"EntryPoint","urlTemplate":"https:\/\/www.fundacioires.org\/?s={search_term_string}"},"query-input":{"@type":"PropertyValueSpecification","valueRequired":true,"valueName":"search_term_string"}}],"inLanguage":"ca-ES"},{"@type":"Organization","@id":"https:\/\/www.fundacioires.org\/#organization","name":"Fundanci\u00f3n IRES","url":"https:\/\/www.fundacioires.org\/","logo":{"@type":"ImageObject","inLanguage":"ca-ES","@id":"https:\/\/www.fundacioires.org\/#\/schema\/logo\/image\/","url":"https:\/\/i0.wp.com\/www.fundacioires.org\/wp-content\/uploads\/faviconIRES.png?fit=32%2C32&ssl=1","contentUrl":"https:\/\/i0.wp.com\/www.fundacioires.org\/wp-content\/uploads\/faviconIRES.png?fit=32%2C32&ssl=1","width":32,"height":32,"caption":"Fundanci\u00f3n IRES"},"image":{"@id":"https:\/\/www.fundacioires.org\/#\/schema\/logo\/image\/"}},{"@type":"Person","@id":"https:\/\/www.fundacioires.org\/#\/schema\/person\/160af843c565221ef4664a5c7000791c","name":"Fundaci\u00f3 IRES"}]}},"jetpack_featured_media_url":"https:\/\/i0.wp.com\/www.fundacioires.org\/wp-content\/uploads\/Copia-de-PLANTILLA-NOTI-WEB-OCTUBRE-2020-7-1.png?fit=1800%2C900&ssl=1","jetpack_sharing_enabled":true,"_links":{"self":[{"href":"https:\/\/www.fundacioires.org\/ca\/wp-json\/wp\/v2\/posts\/33156","targetHints":{"allow":["GET"]}}],"collection":[{"href":"https:\/\/www.fundacioires.org\/ca\/wp-json\/wp\/v2\/posts"}],"about":[{"href":"https:\/\/www.fundacioires.org\/ca\/wp-json\/wp\/v2\/types\/post"}],"author":[{"embeddable":true,"href":"https:\/\/www.fundacioires.org\/ca\/wp-json\/wp\/v2\/users\/7"}],"replies":[{"embeddable":true,"href":"https:\/\/www.fundacioires.org\/ca\/wp-json\/wp\/v2\/comments?post=33156"}],"version-history":[{"count":2,"href":"https:\/\/www.fundacioires.org\/ca\/wp-json\/wp\/v2\/posts\/33156\/revisions"}],"predecessor-version":[{"id":33176,"href":"https:\/\/www.fundacioires.org\/ca\/wp-json\/wp\/v2\/posts\/33156\/revisions\/33176"}],"wp:featuredmedia":[{"embeddable":true,"href":"https:\/\/www.fundacioires.org\/ca\/wp-json\/wp\/v2\/media\/33173"}],"wp:attachment":[{"href":"https:\/\/www.fundacioires.org\/ca\/wp-json\/wp\/v2\/media?parent=33156"}],"wp:term":[{"taxonomy":"category","embeddable":true,"href":"https:\/\/www.fundacioires.org\/ca\/wp-json\/wp\/v2\/categories?post=33156"},{"taxonomy":"post_tag","embeddable":true,"href":"https:\/\/www.fundacioires.org\/ca\/wp-json\/wp\/v2\/tags?post=33156"}],"curies":[{"name":"wp","href":"https:\/\/api.w.org\/{rel}","templated":true}]}}