{"id":33270,"date":"2021-07-26T18:10:56","date_gmt":"2021-07-26T16:10:56","guid":{"rendered":"https:\/\/www.fundacioires.org\/?p=33270"},"modified":"2021-07-26T18:16:26","modified_gmt":"2021-07-26T16:16:26","slug":"emergencia-emocional-amb-els-joves","status":"publish","type":"post","link":"https:\/\/www.fundacioires.org\/ca\/emergencia-emocional-amb-els-joves\/","title":{"rendered":"Emerg\u00e8ncia emocional: Amb els joves, la clau \u00e9s estar disponibles"},"content":{"rendered":"\n<p class=\"has-medium-font-size\"><strong>El projecte Click en temps d&#8217;emerg\u00e8ncia emocional<\/strong><\/p>\n\n\n\n<p>Ara deu fer ben b\u00e9 uns 2 anys, l\u2019equip del Click est\u00e0vem fent una sessi\u00f3 de supervisi\u00f3 t\u00e8cnica amb l\u2019educador social i antic company de Fundaci\u00f3 IRES Fran Rojas, quan ens va dir que un dels punts claus del nostre servei d\u2019acompanyament socioeducatiu a joves era la <strong>disponibilitat.<\/strong><\/p>\n\n\n\n<p>Ens va sorprendre. El Click portava ja 3 anys de traject\u00f2ria i no ens hav\u00edem adonat de quelcom tan important?<\/p>\n\n\n\n<p>Al Click, com a tots els projectes socials que desenvolupa l\u2019entitat, <strong>\u00e9s fonamental disposar&nbsp; d\u2019espais de reflexi\u00f3, debat i creixement d\u2019equip<\/strong>. Espais poder pensar, crear i innovar sense perdre de vista l\u2019objectiu del servei.<\/p>\n\n\n\n<p>El passat dimarts 6 de juliol, al Projecte Click se\u2019ns va convidar a participar del <em>Mutare<\/em> de <strong>la <a href=\"https:\/\/fundaciocarulla.cat\/mutare\/)\" target=\"_blank\" rel=\"noreferrer noopener\">Fundaci\u00f3 Carulla<\/a><\/strong>.<\/p>\n\n\n\n<p>Com a promotor de la cultura i la transformaci\u00f3 social el <em>Mutare <\/em>compleix amb aquests principis que coment\u00e0vem abans. \u00c9s principalment un espai de di\u00e0leg i reflexi\u00f3. Un punt de trobada entre agents de col\u00b7lectius com la cultura, l\u2019educaci\u00f3 i l\u2019\u00e0mbit social. I en definitiva, de <strong>persones amb la motivaci\u00f3 que les seves accions ajudin a transformar.<\/strong><\/p>\n\n\n\n<p>Dins la taula d\u2019experi\u00e8ncies <em>Inspira<\/em>, el Projecte Click vam tenir doncs la oportunitat de parlar dels adolescents i joves. L\u2019objectiu era poder parlar de com els joves han viscut la pand\u00e8mia i quin ha estat l\u2019impacte emocional que aquesta ha ocasionat.<\/p>\n\n\n\n<figure class=\"wp-block-image size-large\"><img data-recalc-dims=\"1\" loading=\"lazy\" decoding=\"async\" width=\"1024\" height=\"512\" src=\"https:\/\/i0.wp.com\/www.fundacioires.org\/wp-content\/uploads\/Copia-de-PLANTILLA-NOTI-WEB-OCTUBRE-2020-30-1.png?resize=1024%2C512&#038;ssl=1\" alt=\"\" class=\"wp-image-33271\" srcset=\"https:\/\/i0.wp.com\/www.fundacioires.org\/wp-content\/uploads\/Copia-de-PLANTILLA-NOTI-WEB-OCTUBRE-2020-30-1.png?resize=1024%2C512&amp;ssl=1 1024w, https:\/\/i0.wp.com\/www.fundacioires.org\/wp-content\/uploads\/Copia-de-PLANTILLA-NOTI-WEB-OCTUBRE-2020-30-1.png?resize=300%2C150&amp;ssl=1 300w, https:\/\/i0.wp.com\/www.fundacioires.org\/wp-content\/uploads\/Copia-de-PLANTILLA-NOTI-WEB-OCTUBRE-2020-30-1.png?resize=768%2C384&amp;ssl=1 768w, https:\/\/i0.wp.com\/www.fundacioires.org\/wp-content\/uploads\/Copia-de-PLANTILLA-NOTI-WEB-OCTUBRE-2020-30-1.png?resize=1536%2C768&amp;ssl=1 1536w, https:\/\/i0.wp.com\/www.fundacioires.org\/wp-content\/uploads\/Copia-de-PLANTILLA-NOTI-WEB-OCTUBRE-2020-30-1.png?w=1800&amp;ssl=1 1800w\" sizes=\"(max-width: 1000px) 100vw, 1000px\" \/><\/figure>\n\n\n\n<p>Per fer-ho, vam explicar la metodologia d\u2019intervenci\u00f3 del Click i vam posar l\u2019accent en dos aspectes claus: per un costat, com treballem la <strong>gesti\u00f3 de les emocions en l\u2019etapa adolescent<\/strong>; i per altra banda, com al Click treballem <strong>la creativitat com a eina d\u2019expressi\u00f3<\/strong> d\u2019aquestes emocions, amb aliances tan importants com la participaci\u00f3 al Festival de creaci\u00f3 contempor\u00e0nia <a href=\"http:\/\/www.escenapoblenou.com\" target=\"_blank\" rel=\"noreferrer noopener\">Escena Poblenou<\/a>. I tots dos aspectes, s\u2019emparen des d\u2019aquesta disponibilitat del Click.<\/p>\n\n\n\n<p>Diu la gent de Fundaci\u00f3 Carulla que estem vivint temps d\u2019emerg\u00e8ncia emocional. I tenen ra\u00f3. En aquest marc, ha estat un plaer explicar el Click,&nbsp; per\u00f2 tamb\u00e9 escoltar i fins i tot emocionar-nos amb la resta de pon\u00e8ncies, que podeu recuperar al canal de Youtube de Fundaci\u00f3 Carulla. Per\u00f2 m\u00e9s enll\u00e0, poder compartir, debatre i reflexionar sobre aquesta emerg\u00e8ncia emocional, i fer-ho mirant-nos als ulls, encara que hagi estat amb la mascareta posada.<\/p>\n\n\n\n<p>Us convidem doncs a recuperar aquesta presentaci\u00f3 de 10 minuts sobre el Click.<\/p>\n\n\n\n<figure class=\"wp-block-embed is-type-video is-provider-youtube wp-block-embed-youtube wp-embed-aspect-16-9 wp-has-aspect-ratio\"><div class=\"wp-block-embed__wrapper\">\n<iframe loading=\"lazy\" title=\"Mutare Inspira: Carles Nieto\" width=\"500\" height=\"281\" src=\"https:\/\/www.youtube.com\/embed\/KCyU0DbzwqU?feature=oembed\" frameborder=\"0\" allow=\"accelerometer; autoplay; clipboard-write; encrypted-media; gyroscope; picture-in-picture; web-share\" referrerpolicy=\"strict-origin-when-cross-origin\" allowfullscreen><\/iframe>\n<\/div><\/figure>\n\n\n\n<p>Ha estat tot un luxe poder fer una presentaci\u00f3 sobre el Click, amb una audi\u00e8ncia presencial i una altra en streaming per <strong>poder parlar d\u2019adolescents i joves des d\u2019un punt de vista constructiu<\/strong>. Portem dies llegint i escoltant missatges criminalitzant a aquests col\u00b7lectius, posant el focus nom\u00e9s en les actituds inc\u00edviques i des del Click volem tamb\u00e9 moure el focus <strong>i visibilitzar tamb\u00e9 el patiment que els i les adolescents i joves<\/strong> han tingut i tenen encara a causa de la pand\u00e8mia.<\/p>\n\n\n\n<p>Tinguem doncs en compte als i les adolescents i joves, i no nom\u00e9s per renyar-los. Tamb\u00e9 per escoltar-los, perqu\u00e8 tenen molt a dir. Com ens va dir fa poc Carles Vila, tamb\u00e9 educador social i supervisor t\u00e8cnic del Click, <strong>\u201c<em>sempre estem preguntant als i les joves que voldran ser, per\u00f2 no ens oblidem que ja s\u00f3n<\/em>\u201d.<\/strong><\/p>\n\n\n\n<p>Carles Nieto \u2013 coordinador del Projecte Click<\/p>\n","protected":false},"excerpt":{"rendered":"<p>El coordinador de projectes Carles Nieto ens parla sobre l&#8217;acrte Mutare de la Fundaci\u00f3 Carulla i de l&#8217;experi\u00e8ncia amb el projecte  d&#8217;acompanyament socioeducatiu per a joves durant la pand\u00e8mia<\/p>\n","protected":false},"author":7,"featured_media":33275,"comment_status":"closed","ping_status":"open","sticky":false,"template":"","format":"standard","meta":{"_jetpack_memberships_contains_paid_content":false,"footnotes":""},"categories":[19],"tags":[129],"class_list":["post-33270","post","type-post","status-publish","format-standard","has-post-thumbnail","hentry","category-ires-blog","tag-projecte-click"],"yoast_head":"<!-- This site is optimized with the Yoast SEO plugin v27.4 - https:\/\/yoast.com\/product\/yoast-seo-wordpress\/ -->\n<title>Emerg\u00e8ncia emocional: Amb els joves, la clau \u00e9s estar disponibles - Fundaci\u00f3 IRES<\/title>\n<meta name=\"description\" content=\"Una reflexi\u00f3 sobre l&#039;emerg\u00e8ncia emocional dels joves en temps de pand\u00e8mia i de la cultura com a transformaci\u00f3 social\" \/>\n<meta name=\"robots\" content=\"index, follow, max-snippet:-1, max-image-preview:large, max-video-preview:-1\" \/>\n<link rel=\"canonical\" href=\"https:\/\/www.fundacioires.org\/ca\/emergencia-emocional-amb-els-joves\/\" \/>\n<meta property=\"og:locale\" content=\"ca_ES\" \/>\n<meta property=\"og:type\" content=\"article\" \/>\n<meta property=\"og:title\" content=\"Emerg\u00e8ncia emocional: Amb els joves, la clau \u00e9s estar disponibles - Fundaci\u00f3 IRES\" \/>\n<meta property=\"og:description\" content=\"Una reflexi\u00f3 sobre l&#039;emerg\u00e8ncia emocional dels joves en temps de pand\u00e8mia i de la cultura com a transformaci\u00f3 social\" \/>\n<meta property=\"og:url\" content=\"https:\/\/www.fundacioires.org\/ca\/emergencia-emocional-amb-els-joves\/\" \/>\n<meta property=\"og:site_name\" content=\"Fundaci\u00f3 IRES\" \/>\n<meta property=\"article:published_time\" content=\"2021-07-26T16:10:56+00:00\" \/>\n<meta property=\"article:modified_time\" content=\"2021-07-26T16:16:26+00:00\" \/>\n<meta property=\"og:image\" content=\"https:\/\/www.fundacioires.org\/wp-content\/uploads\/Copia-de-PLANTILLA-NOTI-WEB-OCTUBRE-2020-32-1-1024x512.png\" \/>\n\t<meta property=\"og:image:width\" content=\"1024\" \/>\n\t<meta property=\"og:image:height\" content=\"512\" \/>\n\t<meta property=\"og:image:type\" content=\"image\/png\" \/>\n<meta name=\"author\" content=\"Fundaci\u00f3 IRES\" \/>\n<meta name=\"twitter:card\" content=\"summary_large_image\" \/>\n<meta name=\"twitter:label1\" content=\"Written by\" \/>\n\t<meta name=\"twitter:data1\" content=\"Fundaci\u00f3 IRES\" \/>\n\t<meta name=\"twitter:label2\" content=\"Est. reading time\" \/>\n\t<meta name=\"twitter:data2\" content=\"3 minutes\" \/>\n<script type=\"application\/ld+json\" class=\"yoast-schema-graph\">{\"@context\":\"https:\\\/\\\/schema.org\",\"@graph\":[{\"@type\":\"Article\",\"@id\":\"https:\\\/\\\/www.fundacioires.org\\\/ca\\\/emergencia-emocional-amb-els-joves\\\/#article\",\"isPartOf\":{\"@id\":\"https:\\\/\\\/www.fundacioires.org\\\/ca\\\/emergencia-emocional-amb-els-joves\\\/\"},\"author\":{\"name\":\"Fundaci\u00f3 IRES\",\"@id\":\"https:\\\/\\\/www.fundacioires.org\\\/#\\\/schema\\\/person\\\/160af843c565221ef4664a5c7000791c\"},\"headline\":\"Emerg\u00e8ncia emocional: Amb els joves, la clau \u00e9s estar disponibles\",\"datePublished\":\"2021-07-26T16:10:56+00:00\",\"dateModified\":\"2021-07-26T16:16:26+00:00\",\"mainEntityOfPage\":{\"@id\":\"https:\\\/\\\/www.fundacioires.org\\\/ca\\\/emergencia-emocional-amb-els-joves\\\/\"},\"wordCount\":591,\"publisher\":{\"@id\":\"https:\\\/\\\/www.fundacioires.org\\\/#organization\"},\"image\":{\"@id\":\"https:\\\/\\\/www.fundacioires.org\\\/ca\\\/emergencia-emocional-amb-els-joves\\\/#primaryimage\"},\"thumbnailUrl\":\"https:\\\/\\\/i0.wp.com\\\/www.fundacioires.org\\\/wp-content\\\/uploads\\\/Copia-de-PLANTILLA-NOTI-WEB-OCTUBRE-2020-32-1.png?fit=1800%2C900&ssl=1\",\"keywords\":[\"Projecte Click\"],\"articleSection\":[\"IRES-Blog\"],\"inLanguage\":\"ca-ES\"},{\"@type\":\"WebPage\",\"@id\":\"https:\\\/\\\/www.fundacioires.org\\\/ca\\\/emergencia-emocional-amb-els-joves\\\/\",\"url\":\"https:\\\/\\\/www.fundacioires.org\\\/ca\\\/emergencia-emocional-amb-els-joves\\\/\",\"name\":\"Emerg\u00e8ncia emocional: Amb els joves, la clau \u00e9s estar disponibles - Fundaci\u00f3 IRES\",\"isPartOf\":{\"@id\":\"https:\\\/\\\/www.fundacioires.org\\\/#website\"},\"primaryImageOfPage\":{\"@id\":\"https:\\\/\\\/www.fundacioires.org\\\/ca\\\/emergencia-emocional-amb-els-joves\\\/#primaryimage\"},\"image\":{\"@id\":\"https:\\\/\\\/www.fundacioires.org\\\/ca\\\/emergencia-emocional-amb-els-joves\\\/#primaryimage\"},\"thumbnailUrl\":\"https:\\\/\\\/i0.wp.com\\\/www.fundacioires.org\\\/wp-content\\\/uploads\\\/Copia-de-PLANTILLA-NOTI-WEB-OCTUBRE-2020-32-1.png?fit=1800%2C900&ssl=1\",\"datePublished\":\"2021-07-26T16:10:56+00:00\",\"dateModified\":\"2021-07-26T16:16:26+00:00\",\"description\":\"Una reflexi\u00f3 sobre l'emerg\u00e8ncia emocional dels joves en temps de pand\u00e8mia i de la cultura com a transformaci\u00f3 social\",\"breadcrumb\":{\"@id\":\"https:\\\/\\\/www.fundacioires.org\\\/ca\\\/emergencia-emocional-amb-els-joves\\\/#breadcrumb\"},\"inLanguage\":\"ca-ES\",\"potentialAction\":[{\"@type\":\"ReadAction\",\"target\":[\"https:\\\/\\\/www.fundacioires.org\\\/ca\\\/emergencia-emocional-amb-els-joves\\\/\"]}]},{\"@type\":\"ImageObject\",\"inLanguage\":\"ca-ES\",\"@id\":\"https:\\\/\\\/www.fundacioires.org\\\/ca\\\/emergencia-emocional-amb-els-joves\\\/#primaryimage\",\"url\":\"https:\\\/\\\/i0.wp.com\\\/www.fundacioires.org\\\/wp-content\\\/uploads\\\/Copia-de-PLANTILLA-NOTI-WEB-OCTUBRE-2020-32-1.png?fit=1800%2C900&ssl=1\",\"contentUrl\":\"https:\\\/\\\/i0.wp.com\\\/www.fundacioires.org\\\/wp-content\\\/uploads\\\/Copia-de-PLANTILLA-NOTI-WEB-OCTUBRE-2020-32-1.png?fit=1800%2C900&ssl=1\",\"width\":1800,\"height\":900,\"caption\":\"Joves Click en una activitat\"},{\"@type\":\"BreadcrumbList\",\"@id\":\"https:\\\/\\\/www.fundacioires.org\\\/ca\\\/emergencia-emocional-amb-els-joves\\\/#breadcrumb\",\"itemListElement\":[{\"@type\":\"ListItem\",\"position\":1,\"name\":\"Portada\",\"item\":\"https:\\\/\\\/www.fundacioires.org\\\/\"},{\"@type\":\"ListItem\",\"position\":2,\"name\":\"Emerg\u00e8ncia emocional: Amb els joves, la clau \u00e9s estar disponibles\"}]},{\"@type\":\"WebSite\",\"@id\":\"https:\\\/\\\/www.fundacioires.org\\\/#website\",\"url\":\"https:\\\/\\\/www.fundacioires.org\\\/\",\"name\":\"Fundaci\u00f3 IRES\",\"description\":\"\",\"publisher\":{\"@id\":\"https:\\\/\\\/www.fundacioires.org\\\/#organization\"},\"potentialAction\":[{\"@type\":\"SearchAction\",\"target\":{\"@type\":\"EntryPoint\",\"urlTemplate\":\"https:\\\/\\\/www.fundacioires.org\\\/?s={search_term_string}\"},\"query-input\":{\"@type\":\"PropertyValueSpecification\",\"valueRequired\":true,\"valueName\":\"search_term_string\"}}],\"inLanguage\":\"ca-ES\"},{\"@type\":\"Organization\",\"@id\":\"https:\\\/\\\/www.fundacioires.org\\\/#organization\",\"name\":\"Fundanci\u00f3n IRES\",\"url\":\"https:\\\/\\\/www.fundacioires.org\\\/\",\"logo\":{\"@type\":\"ImageObject\",\"inLanguage\":\"ca-ES\",\"@id\":\"https:\\\/\\\/www.fundacioires.org\\\/#\\\/schema\\\/logo\\\/image\\\/\",\"url\":\"https:\\\/\\\/i0.wp.com\\\/www.fundacioires.org\\\/wp-content\\\/uploads\\\/faviconIRES.png?fit=32%2C32&ssl=1\",\"contentUrl\":\"https:\\\/\\\/i0.wp.com\\\/www.fundacioires.org\\\/wp-content\\\/uploads\\\/faviconIRES.png?fit=32%2C32&ssl=1\",\"width\":32,\"height\":32,\"caption\":\"Fundanci\u00f3n IRES\"},\"image\":{\"@id\":\"https:\\\/\\\/www.fundacioires.org\\\/#\\\/schema\\\/logo\\\/image\\\/\"}},{\"@type\":\"Person\",\"@id\":\"https:\\\/\\\/www.fundacioires.org\\\/#\\\/schema\\\/person\\\/160af843c565221ef4664a5c7000791c\",\"name\":\"Fundaci\u00f3 IRES\"}]}<\/script>\n<!-- \/ Yoast SEO plugin. -->","yoast_head_json":{"title":"Emerg\u00e8ncia emocional: Amb els joves, la clau \u00e9s estar disponibles - Fundaci\u00f3 IRES","description":"Una reflexi\u00f3 sobre l'emerg\u00e8ncia emocional dels joves en temps de pand\u00e8mia i de la cultura com a transformaci\u00f3 social","robots":{"index":"index","follow":"follow","max-snippet":"max-snippet:-1","max-image-preview":"max-image-preview:large","max-video-preview":"max-video-preview:-1"},"canonical":"https:\/\/www.fundacioires.org\/ca\/emergencia-emocional-amb-els-joves\/","og_locale":"ca_ES","og_type":"article","og_title":"Emerg\u00e8ncia emocional: Amb els joves, la clau \u00e9s estar disponibles - Fundaci\u00f3 IRES","og_description":"Una reflexi\u00f3 sobre l'emerg\u00e8ncia emocional dels joves en temps de pand\u00e8mia i de la cultura com a transformaci\u00f3 social","og_url":"https:\/\/www.fundacioires.org\/ca\/emergencia-emocional-amb-els-joves\/","og_site_name":"Fundaci\u00f3 IRES","article_published_time":"2021-07-26T16:10:56+00:00","article_modified_time":"2021-07-26T16:16:26+00:00","og_image":[{"width":1024,"height":512,"url":"https:\/\/www.fundacioires.org\/wp-content\/uploads\/Copia-de-PLANTILLA-NOTI-WEB-OCTUBRE-2020-32-1-1024x512.png","type":"image\/png"}],"author":"Fundaci\u00f3 IRES","twitter_card":"summary_large_image","twitter_misc":{"Written by":"Fundaci\u00f3 IRES","Est. reading time":"3 minutes"},"schema":{"@context":"https:\/\/schema.org","@graph":[{"@type":"Article","@id":"https:\/\/www.fundacioires.org\/ca\/emergencia-emocional-amb-els-joves\/#article","isPartOf":{"@id":"https:\/\/www.fundacioires.org\/ca\/emergencia-emocional-amb-els-joves\/"},"author":{"name":"Fundaci\u00f3 IRES","@id":"https:\/\/www.fundacioires.org\/#\/schema\/person\/160af843c565221ef4664a5c7000791c"},"headline":"Emerg\u00e8ncia emocional: Amb els joves, la clau \u00e9s estar disponibles","datePublished":"2021-07-26T16:10:56+00:00","dateModified":"2021-07-26T16:16:26+00:00","mainEntityOfPage":{"@id":"https:\/\/www.fundacioires.org\/ca\/emergencia-emocional-amb-els-joves\/"},"wordCount":591,"publisher":{"@id":"https:\/\/www.fundacioires.org\/#organization"},"image":{"@id":"https:\/\/www.fundacioires.org\/ca\/emergencia-emocional-amb-els-joves\/#primaryimage"},"thumbnailUrl":"https:\/\/i0.wp.com\/www.fundacioires.org\/wp-content\/uploads\/Copia-de-PLANTILLA-NOTI-WEB-OCTUBRE-2020-32-1.png?fit=1800%2C900&ssl=1","keywords":["Projecte Click"],"articleSection":["IRES-Blog"],"inLanguage":"ca-ES"},{"@type":"WebPage","@id":"https:\/\/www.fundacioires.org\/ca\/emergencia-emocional-amb-els-joves\/","url":"https:\/\/www.fundacioires.org\/ca\/emergencia-emocional-amb-els-joves\/","name":"Emerg\u00e8ncia emocional: Amb els joves, la clau \u00e9s estar disponibles - Fundaci\u00f3 IRES","isPartOf":{"@id":"https:\/\/www.fundacioires.org\/#website"},"primaryImageOfPage":{"@id":"https:\/\/www.fundacioires.org\/ca\/emergencia-emocional-amb-els-joves\/#primaryimage"},"image":{"@id":"https:\/\/www.fundacioires.org\/ca\/emergencia-emocional-amb-els-joves\/#primaryimage"},"thumbnailUrl":"https:\/\/i0.wp.com\/www.fundacioires.org\/wp-content\/uploads\/Copia-de-PLANTILLA-NOTI-WEB-OCTUBRE-2020-32-1.png?fit=1800%2C900&ssl=1","datePublished":"2021-07-26T16:10:56+00:00","dateModified":"2021-07-26T16:16:26+00:00","description":"Una reflexi\u00f3 sobre l'emerg\u00e8ncia emocional dels joves en temps de pand\u00e8mia i de la cultura com a transformaci\u00f3 social","breadcrumb":{"@id":"https:\/\/www.fundacioires.org\/ca\/emergencia-emocional-amb-els-joves\/#breadcrumb"},"inLanguage":"ca-ES","potentialAction":[{"@type":"ReadAction","target":["https:\/\/www.fundacioires.org\/ca\/emergencia-emocional-amb-els-joves\/"]}]},{"@type":"ImageObject","inLanguage":"ca-ES","@id":"https:\/\/www.fundacioires.org\/ca\/emergencia-emocional-amb-els-joves\/#primaryimage","url":"https:\/\/i0.wp.com\/www.fundacioires.org\/wp-content\/uploads\/Copia-de-PLANTILLA-NOTI-WEB-OCTUBRE-2020-32-1.png?fit=1800%2C900&ssl=1","contentUrl":"https:\/\/i0.wp.com\/www.fundacioires.org\/wp-content\/uploads\/Copia-de-PLANTILLA-NOTI-WEB-OCTUBRE-2020-32-1.png?fit=1800%2C900&ssl=1","width":1800,"height":900,"caption":"Joves Click en una activitat"},{"@type":"BreadcrumbList","@id":"https:\/\/www.fundacioires.org\/ca\/emergencia-emocional-amb-els-joves\/#breadcrumb","itemListElement":[{"@type":"ListItem","position":1,"name":"Portada","item":"https:\/\/www.fundacioires.org\/"},{"@type":"ListItem","position":2,"name":"Emerg\u00e8ncia emocional: Amb els joves, la clau \u00e9s estar disponibles"}]},{"@type":"WebSite","@id":"https:\/\/www.fundacioires.org\/#website","url":"https:\/\/www.fundacioires.org\/","name":"Fundaci\u00f3 IRES","description":"","publisher":{"@id":"https:\/\/www.fundacioires.org\/#organization"},"potentialAction":[{"@type":"SearchAction","target":{"@type":"EntryPoint","urlTemplate":"https:\/\/www.fundacioires.org\/?s={search_term_string}"},"query-input":{"@type":"PropertyValueSpecification","valueRequired":true,"valueName":"search_term_string"}}],"inLanguage":"ca-ES"},{"@type":"Organization","@id":"https:\/\/www.fundacioires.org\/#organization","name":"Fundanci\u00f3n IRES","url":"https:\/\/www.fundacioires.org\/","logo":{"@type":"ImageObject","inLanguage":"ca-ES","@id":"https:\/\/www.fundacioires.org\/#\/schema\/logo\/image\/","url":"https:\/\/i0.wp.com\/www.fundacioires.org\/wp-content\/uploads\/faviconIRES.png?fit=32%2C32&ssl=1","contentUrl":"https:\/\/i0.wp.com\/www.fundacioires.org\/wp-content\/uploads\/faviconIRES.png?fit=32%2C32&ssl=1","width":32,"height":32,"caption":"Fundanci\u00f3n IRES"},"image":{"@id":"https:\/\/www.fundacioires.org\/#\/schema\/logo\/image\/"}},{"@type":"Person","@id":"https:\/\/www.fundacioires.org\/#\/schema\/person\/160af843c565221ef4664a5c7000791c","name":"Fundaci\u00f3 IRES"}]}},"jetpack_featured_media_url":"https:\/\/i0.wp.com\/www.fundacioires.org\/wp-content\/uploads\/Copia-de-PLANTILLA-NOTI-WEB-OCTUBRE-2020-32-1.png?fit=1800%2C900&ssl=1","jetpack_sharing_enabled":true,"_links":{"self":[{"href":"https:\/\/www.fundacioires.org\/ca\/wp-json\/wp\/v2\/posts\/33270","targetHints":{"allow":["GET"]}}],"collection":[{"href":"https:\/\/www.fundacioires.org\/ca\/wp-json\/wp\/v2\/posts"}],"about":[{"href":"https:\/\/www.fundacioires.org\/ca\/wp-json\/wp\/v2\/types\/post"}],"author":[{"embeddable":true,"href":"https:\/\/www.fundacioires.org\/ca\/wp-json\/wp\/v2\/users\/7"}],"replies":[{"embeddable":true,"href":"https:\/\/www.fundacioires.org\/ca\/wp-json\/wp\/v2\/comments?post=33270"}],"version-history":[{"count":3,"href":"https:\/\/www.fundacioires.org\/ca\/wp-json\/wp\/v2\/posts\/33270\/revisions"}],"predecessor-version":[{"id":33281,"href":"https:\/\/www.fundacioires.org\/ca\/wp-json\/wp\/v2\/posts\/33270\/revisions\/33281"}],"wp:featuredmedia":[{"embeddable":true,"href":"https:\/\/www.fundacioires.org\/ca\/wp-json\/wp\/v2\/media\/33275"}],"wp:attachment":[{"href":"https:\/\/www.fundacioires.org\/ca\/wp-json\/wp\/v2\/media?parent=33270"}],"wp:term":[{"taxonomy":"category","embeddable":true,"href":"https:\/\/www.fundacioires.org\/ca\/wp-json\/wp\/v2\/categories?post=33270"},{"taxonomy":"post_tag","embeddable":true,"href":"https:\/\/www.fundacioires.org\/ca\/wp-json\/wp\/v2\/tags?post=33270"}],"curies":[{"name":"wp","href":"https:\/\/api.w.org\/{rel}","templated":true}]}}