{"id":34228,"date":"2021-09-13T14:23:07","date_gmt":"2021-09-13T12:23:07","guid":{"rendered":"https:\/\/www.fundacioires.org\/?p=34228"},"modified":"2021-09-13T15:08:21","modified_gmt":"2021-09-13T13:08:21","slug":"tornada-cole","status":"publish","type":"post","link":"https:\/\/www.fundacioires.org\/ca\/tornada-cole\/","title":{"rendered":"Com gestionem la \u2018tornada al cole\u2019 i tot el que comporta?"},"content":{"rendered":"\n<p class=\"has-text-color has-medium-font-size\" style=\"color:#1cab89\">Les diferents dimensions de la<strong> tornada al cole<\/strong><\/p>\n\n\n\n<p><\/p>\n\n\n\n<div class=\"wp-block-image\"><figure class=\"aligncenter size-large\"><img data-recalc-dims=\"1\" loading=\"lazy\" decoding=\"async\" width=\"1024\" height=\"1024\" src=\"https:\/\/i0.wp.com\/www.fundacioires.org\/wp-content\/uploads\/1-35.png?resize=1024%2C1024&#038;ssl=1\" alt=\"\" class=\"wp-image-34231\" srcset=\"https:\/\/i0.wp.com\/www.fundacioires.org\/wp-content\/uploads\/1-35.png?resize=1024%2C1024&amp;ssl=1 1024w, https:\/\/i0.wp.com\/www.fundacioires.org\/wp-content\/uploads\/1-35.png?resize=300%2C300&amp;ssl=1 300w, https:\/\/i0.wp.com\/www.fundacioires.org\/wp-content\/uploads\/1-35.png?resize=150%2C150&amp;ssl=1 150w, https:\/\/i0.wp.com\/www.fundacioires.org\/wp-content\/uploads\/1-35.png?resize=768%2C768&amp;ssl=1 768w, https:\/\/i0.wp.com\/www.fundacioires.org\/wp-content\/uploads\/1-35.png?resize=1536%2C1536&amp;ssl=1 1536w, https:\/\/i0.wp.com\/www.fundacioires.org\/wp-content\/uploads\/1-35.png?resize=2048%2C2048&amp;ssl=1 2048w, https:\/\/i0.wp.com\/www.fundacioires.org\/wp-content\/uploads\/1-35.png?resize=120%2C120&amp;ssl=1 120w, https:\/\/i0.wp.com\/www.fundacioires.org\/wp-content\/uploads\/1-35.png?w=3000&amp;ssl=1 3000w\" sizes=\"(max-width: 1000px) 100vw, 1000px\" \/><\/figure><\/div>\n\n\n\n<p><strong>EMOCIONS D\u2019INICI DE CURS (PER A GRANS I PETITS\/ES)<\/strong><\/p>\n\n\n\n<ul class=\"wp-block-list\"><li><em><strong>Acceptar la por i el neguit <\/strong>com a emocions necess\u00e0ries en situacions d\u2019incertesa, de nous inicis i trobades amb nous companys i companyes i espais nous<\/em><\/li><li><em>Cercar i <strong>deixar-se acompanyar<\/strong> quan sigui necessari<\/em><\/li><li><em>Aprendre tamb\u00e9 a extreure les <strong>capacitats pr\u00f2pies <\/strong>per resoldre les dificultats<\/em><\/li><\/ul>\n\n\n\n<p><strong>COMUNICACI\u00d3 I RELACIONS<\/strong><\/p>\n\n\n\n<ul class=\"wp-block-list\"><li><em>Hem de <strong>fer xarxa: <\/strong>per crear or refor\u00e7ar-les ja siguin de suport formal (entitats i serveis especialitzats en donar suport) i xarxes m\u00e9s properes (altres fam\u00edlies, amistats, comunitat ve\u00efnal&#8230;)<\/em><\/li><li><em><strong>Atenci\u00f3 emocional:<\/strong> En identificar que algun membre familiar pugui estar experimentant una situaci\u00f3 d\u2019angoixa, tamb\u00e9 hem d\u2019actuar en conseq\u00fc\u00e8ncia i acompanyar a aquest membre o b\u00e9 demanar ajuda especialitzada.<\/em><\/li><li><em><strong>Compartir les cures: <\/strong>Necessitem de la tribu! Col\u00b7laborar en la cura dels infants i la fam\u00edlia \u00e9s acompanyar-nos i vetllar conjuntament pel benestar personal i col\u00b7lectiu. Trobar moments de di\u00e0leg, escolta, complicitat&#8230; Tot all\u00f2 que ens permet alleugerir les c\u00e0rregues i tensions.<\/em><\/li><\/ul>\n\n\n\n<p><strong>SUPORT AMB RECURSOS MATERIALS<\/strong><\/p>\n\n\n\n<ul class=\"wp-block-list\"><li><em>No podem oblidar que la tornada al cole implica grans despeses de materials. No nom\u00e9s s\u00f3n materials escolars sin\u00f3 altres necessitats que marquen els canvis d\u2019etapa i l\u2019adaptaci\u00f3 a la rutina del curs: l\u2019alimentaci\u00f3, la roba, recursos tecnol\u00f2gics per seguir el curs acad\u00e8mic (que cada cop demanda m\u00e9s l\u2019\u00fas de la tecnologia).<\/em><\/li><\/ul>\n\n\n\n<p>La tornada al cole no afecta de igual forma a totes les persones ja que cada cas i cada fam\u00edlia \u00e9s tot un univers. Per aquesta ra\u00f3, e<strong>ls equips de l\u2019IRES atenem amb una mirada integral a les seves necessitats.<\/strong> I a trav\u00e9s d\u2019un ecosistema de projectes socials en els territoris on som presents donem resposta segons les diferents situacions de vulnerabilitat.<\/p>\n\n\n\n<p>Actualment des de la Fundaci\u00f3 IRES mantenim oberta diverses iniciatives de suport a una <strong>educaci\u00f3 en igualtat d&#8217;oportunitats<\/strong> i l&#8217;<strong>acc\u00e9s equitatiu als recursos.<\/strong> Amb aquestes iniciatives  busquem la col\u00b7laboraci\u00f3 de la ciutadania i les empreses perqu\u00e8 els infants i joves puguin accedir i mantenir el seu recorregut educatiu. <\/p>\n\n\n\n<p class=\"has-text-color has-medium-font-size\" style=\"color:#1cab89\"><strong>Com col\u00b7laborar?<\/strong><\/p>\n\n\n\n<ul class=\"has-background wp-block-list\" style=\"background-color:#c4efe5\"><li>A trav\u00e9s de la campanya <strong><a href=\"https:\/\/www.fundacioires.org\/centimo-a-centimo-ningun-nino-o-nina-se-queda-atras\/\">#C\u00e8ntimAC\u00e8ntim, Educaci\u00f3 per la inf\u00e0ncia<\/a><\/strong>. Una iniciativa d&#8217;arrodoniment solidari amb Establiments VIENA i Worlcoo<\/li><li>Amb la inicativa <strong><a href=\"https:\/\/www.fundacioires.org\/ca\/connem-oportunitats-reduim-la-bretxa-digital\/\">Connectem Oportunitats<\/a><\/strong> per fer arribar els recursos tecnol\u00f2gics necessaris per fer un seguiment escolar als infants de fam\u00edlies en situaci\u00f3 vulnerable<\/li><li>Amb el Repte <strong><a href=\"https:\/\/www.fundacioires.org\/ca\/ets-empresa\/beques-click\/\">#BequesCLICK 2022:<\/a><\/strong> suport socioeducatiu i de recursos materials per a joves del districte de Sant Mart\u00ed.<\/li><\/ul>\n\n\n\n<p>A IRES treballem atenent de forma integral amb fam,ilies en situacions de vulnerabilitat a trav\u00e9s d&#8217;un <strong><a href=\"https:\/\/www.fundacioires.org\/ca\/que-fem\/ecosistema-de-projectes\/\">ecosistema de projectes socials <\/a><\/strong>a Catalunya i Balears<\/p>\n","protected":false},"excerpt":{"rendered":"<p>Les fam\u00edlies afronten aquests dies la tornada a les escoles com un esdeveniment que t\u00e9 diferents dimensions: la social i relacional, l\u2019econ\u00f2mica i la psicol\u00f2gica.<\/p>\n","protected":false},"author":7,"featured_media":34229,"comment_status":"closed","ping_status":"open","sticky":false,"template":"","format":"standard","meta":{"_jetpack_memberships_contains_paid_content":false,"footnotes":""},"categories":[19],"tags":[],"class_list":["post-34228","post","type-post","status-publish","format-standard","has-post-thumbnail","hentry","category-ires-blog"],"yoast_head":"<!-- This site is optimized with the Yoast SEO plugin v27.4 - https:\/\/yoast.com\/product\/yoast-seo-wordpress\/ -->\n<title>Com gestionem la \u2018tornada al cole\u2019 i tot el que comporta? - Fundaci\u00f3 IRES<\/title>\n<meta name=\"description\" content=\"Com gestionem les diferents dimensions que t\u00e9 la tornada al cole amb la mirada integral de la Fundaci\u00f3 IRES\" \/>\n<meta name=\"robots\" content=\"index, follow, max-snippet:-1, max-image-preview:large, max-video-preview:-1\" \/>\n<link rel=\"canonical\" href=\"https:\/\/www.fundacioires.org\/ca\/tornada-cole\/\" \/>\n<meta property=\"og:locale\" content=\"ca_ES\" \/>\n<meta property=\"og:type\" content=\"article\" \/>\n<meta property=\"og:title\" content=\"Com gestionem la \u2018tornada al cole\u2019 i tot el que comporta? - Fundaci\u00f3 IRES\" \/>\n<meta property=\"og:description\" content=\"Com gestionem les diferents dimensions que t\u00e9 la tornada al cole amb la mirada integral de la Fundaci\u00f3 IRES\" \/>\n<meta property=\"og:url\" content=\"https:\/\/www.fundacioires.org\/ca\/tornada-cole\/\" \/>\n<meta property=\"og:site_name\" content=\"Fundaci\u00f3 IRES\" \/>\n<meta property=\"article:published_time\" content=\"2021-09-13T12:23:07+00:00\" \/>\n<meta property=\"article:modified_time\" content=\"2021-09-13T13:08:21+00:00\" \/>\n<meta property=\"og:image\" content=\"https:\/\/i1.wp.com\/www.fundacioires.org\/wp-content\/uploads\/PLANTILLA-NOTI-WEB-NOVIEMBRE-2020-4.png?fit=3600%2C1884&ssl=1\" \/>\n\t<meta property=\"og:image:width\" content=\"3600\" \/>\n\t<meta property=\"og:image:height\" content=\"1884\" \/>\n\t<meta property=\"og:image:type\" content=\"image\/png\" \/>\n<meta name=\"author\" content=\"Fundaci\u00f3 IRES\" \/>\n<meta name=\"twitter:card\" content=\"summary_large_image\" \/>\n<meta name=\"twitter:label1\" content=\"Written by\" \/>\n\t<meta name=\"twitter:data1\" content=\"Fundaci\u00f3 IRES\" \/>\n\t<meta name=\"twitter:label2\" content=\"Est. reading time\" \/>\n\t<meta name=\"twitter:data2\" content=\"3 minutes\" \/>\n<script type=\"application\/ld+json\" class=\"yoast-schema-graph\">{\"@context\":\"https:\\\/\\\/schema.org\",\"@graph\":[{\"@type\":\"Article\",\"@id\":\"https:\\\/\\\/www.fundacioires.org\\\/ca\\\/tornada-cole\\\/#article\",\"isPartOf\":{\"@id\":\"https:\\\/\\\/www.fundacioires.org\\\/ca\\\/tornada-cole\\\/\"},\"author\":{\"name\":\"Fundaci\u00f3 IRES\",\"@id\":\"https:\\\/\\\/www.fundacioires.org\\\/#\\\/schema\\\/person\\\/160af843c565221ef4664a5c7000791c\"},\"headline\":\"Com gestionem la \u2018tornada al cole\u2019 i tot el que comporta?\",\"datePublished\":\"2021-09-13T12:23:07+00:00\",\"dateModified\":\"2021-09-13T13:08:21+00:00\",\"mainEntityOfPage\":{\"@id\":\"https:\\\/\\\/www.fundacioires.org\\\/ca\\\/tornada-cole\\\/\"},\"wordCount\":473,\"publisher\":{\"@id\":\"https:\\\/\\\/www.fundacioires.org\\\/#organization\"},\"image\":{\"@id\":\"https:\\\/\\\/www.fundacioires.org\\\/ca\\\/tornada-cole\\\/#primaryimage\"},\"thumbnailUrl\":\"https:\\\/\\\/i0.wp.com\\\/www.fundacioires.org\\\/wp-content\\\/uploads\\\/PLANTILLA-NOTI-WEB-NOVIEMBRE-2020-4.png?fit=3600%2C1884&ssl=1\",\"articleSection\":[\"IRES-Blog\"],\"inLanguage\":\"ca-ES\"},{\"@type\":\"WebPage\",\"@id\":\"https:\\\/\\\/www.fundacioires.org\\\/ca\\\/tornada-cole\\\/\",\"url\":\"https:\\\/\\\/www.fundacioires.org\\\/ca\\\/tornada-cole\\\/\",\"name\":\"Com gestionem la \u2018tornada al cole\u2019 i tot el que comporta? - Fundaci\u00f3 IRES\",\"isPartOf\":{\"@id\":\"https:\\\/\\\/www.fundacioires.org\\\/#website\"},\"primaryImageOfPage\":{\"@id\":\"https:\\\/\\\/www.fundacioires.org\\\/ca\\\/tornada-cole\\\/#primaryimage\"},\"image\":{\"@id\":\"https:\\\/\\\/www.fundacioires.org\\\/ca\\\/tornada-cole\\\/#primaryimage\"},\"thumbnailUrl\":\"https:\\\/\\\/i0.wp.com\\\/www.fundacioires.org\\\/wp-content\\\/uploads\\\/PLANTILLA-NOTI-WEB-NOVIEMBRE-2020-4.png?fit=3600%2C1884&ssl=1\",\"datePublished\":\"2021-09-13T12:23:07+00:00\",\"dateModified\":\"2021-09-13T13:08:21+00:00\",\"description\":\"Com gestionem les diferents dimensions que t\u00e9 la tornada al cole amb la mirada integral de la Fundaci\u00f3 IRES\",\"breadcrumb\":{\"@id\":\"https:\\\/\\\/www.fundacioires.org\\\/ca\\\/tornada-cole\\\/#breadcrumb\"},\"inLanguage\":\"ca-ES\",\"potentialAction\":[{\"@type\":\"ReadAction\",\"target\":[\"https:\\\/\\\/www.fundacioires.org\\\/ca\\\/tornada-cole\\\/\"]}]},{\"@type\":\"ImageObject\",\"inLanguage\":\"ca-ES\",\"@id\":\"https:\\\/\\\/www.fundacioires.org\\\/ca\\\/tornada-cole\\\/#primaryimage\",\"url\":\"https:\\\/\\\/i0.wp.com\\\/www.fundacioires.org\\\/wp-content\\\/uploads\\\/PLANTILLA-NOTI-WEB-NOVIEMBRE-2020-4.png?fit=3600%2C1884&ssl=1\",\"contentUrl\":\"https:\\\/\\\/i0.wp.com\\\/www.fundacioires.org\\\/wp-content\\\/uploads\\\/PLANTILLA-NOTI-WEB-NOVIEMBRE-2020-4.png?fit=3600%2C1884&ssl=1\",\"width\":3600,\"height\":1884},{\"@type\":\"BreadcrumbList\",\"@id\":\"https:\\\/\\\/www.fundacioires.org\\\/ca\\\/tornada-cole\\\/#breadcrumb\",\"itemListElement\":[{\"@type\":\"ListItem\",\"position\":1,\"name\":\"Portada\",\"item\":\"https:\\\/\\\/www.fundacioires.org\\\/\"},{\"@type\":\"ListItem\",\"position\":2,\"name\":\"Com gestionem la \u2018tornada al cole\u2019 i tot el que comporta?\"}]},{\"@type\":\"WebSite\",\"@id\":\"https:\\\/\\\/www.fundacioires.org\\\/#website\",\"url\":\"https:\\\/\\\/www.fundacioires.org\\\/\",\"name\":\"Fundaci\u00f3 IRES\",\"description\":\"\",\"publisher\":{\"@id\":\"https:\\\/\\\/www.fundacioires.org\\\/#organization\"},\"potentialAction\":[{\"@type\":\"SearchAction\",\"target\":{\"@type\":\"EntryPoint\",\"urlTemplate\":\"https:\\\/\\\/www.fundacioires.org\\\/?s={search_term_string}\"},\"query-input\":{\"@type\":\"PropertyValueSpecification\",\"valueRequired\":true,\"valueName\":\"search_term_string\"}}],\"inLanguage\":\"ca-ES\"},{\"@type\":\"Organization\",\"@id\":\"https:\\\/\\\/www.fundacioires.org\\\/#organization\",\"name\":\"Fundanci\u00f3n IRES\",\"url\":\"https:\\\/\\\/www.fundacioires.org\\\/\",\"logo\":{\"@type\":\"ImageObject\",\"inLanguage\":\"ca-ES\",\"@id\":\"https:\\\/\\\/www.fundacioires.org\\\/#\\\/schema\\\/logo\\\/image\\\/\",\"url\":\"https:\\\/\\\/i0.wp.com\\\/www.fundacioires.org\\\/wp-content\\\/uploads\\\/faviconIRES.png?fit=32%2C32&ssl=1\",\"contentUrl\":\"https:\\\/\\\/i0.wp.com\\\/www.fundacioires.org\\\/wp-content\\\/uploads\\\/faviconIRES.png?fit=32%2C32&ssl=1\",\"width\":32,\"height\":32,\"caption\":\"Fundanci\u00f3n IRES\"},\"image\":{\"@id\":\"https:\\\/\\\/www.fundacioires.org\\\/#\\\/schema\\\/logo\\\/image\\\/\"}},{\"@type\":\"Person\",\"@id\":\"https:\\\/\\\/www.fundacioires.org\\\/#\\\/schema\\\/person\\\/160af843c565221ef4664a5c7000791c\",\"name\":\"Fundaci\u00f3 IRES\"}]}<\/script>\n<!-- \/ Yoast SEO plugin. -->","yoast_head_json":{"title":"Com gestionem la \u2018tornada al cole\u2019 i tot el que comporta? - Fundaci\u00f3 IRES","description":"Com gestionem les diferents dimensions que t\u00e9 la tornada al cole amb la mirada integral de la Fundaci\u00f3 IRES","robots":{"index":"index","follow":"follow","max-snippet":"max-snippet:-1","max-image-preview":"max-image-preview:large","max-video-preview":"max-video-preview:-1"},"canonical":"https:\/\/www.fundacioires.org\/ca\/tornada-cole\/","og_locale":"ca_ES","og_type":"article","og_title":"Com gestionem la \u2018tornada al cole\u2019 i tot el que comporta? - Fundaci\u00f3 IRES","og_description":"Com gestionem les diferents dimensions que t\u00e9 la tornada al cole amb la mirada integral de la Fundaci\u00f3 IRES","og_url":"https:\/\/www.fundacioires.org\/ca\/tornada-cole\/","og_site_name":"Fundaci\u00f3 IRES","article_published_time":"2021-09-13T12:23:07+00:00","article_modified_time":"2021-09-13T13:08:21+00:00","og_image":[{"width":3600,"height":1884,"url":"https:\/\/i1.wp.com\/www.fundacioires.org\/wp-content\/uploads\/PLANTILLA-NOTI-WEB-NOVIEMBRE-2020-4.png?fit=3600%2C1884&ssl=1","type":"image\/png"}],"author":"Fundaci\u00f3 IRES","twitter_card":"summary_large_image","twitter_misc":{"Written by":"Fundaci\u00f3 IRES","Est. reading time":"3 minutes"},"schema":{"@context":"https:\/\/schema.org","@graph":[{"@type":"Article","@id":"https:\/\/www.fundacioires.org\/ca\/tornada-cole\/#article","isPartOf":{"@id":"https:\/\/www.fundacioires.org\/ca\/tornada-cole\/"},"author":{"name":"Fundaci\u00f3 IRES","@id":"https:\/\/www.fundacioires.org\/#\/schema\/person\/160af843c565221ef4664a5c7000791c"},"headline":"Com gestionem la \u2018tornada al cole\u2019 i tot el que comporta?","datePublished":"2021-09-13T12:23:07+00:00","dateModified":"2021-09-13T13:08:21+00:00","mainEntityOfPage":{"@id":"https:\/\/www.fundacioires.org\/ca\/tornada-cole\/"},"wordCount":473,"publisher":{"@id":"https:\/\/www.fundacioires.org\/#organization"},"image":{"@id":"https:\/\/www.fundacioires.org\/ca\/tornada-cole\/#primaryimage"},"thumbnailUrl":"https:\/\/i0.wp.com\/www.fundacioires.org\/wp-content\/uploads\/PLANTILLA-NOTI-WEB-NOVIEMBRE-2020-4.png?fit=3600%2C1884&ssl=1","articleSection":["IRES-Blog"],"inLanguage":"ca-ES"},{"@type":"WebPage","@id":"https:\/\/www.fundacioires.org\/ca\/tornada-cole\/","url":"https:\/\/www.fundacioires.org\/ca\/tornada-cole\/","name":"Com gestionem la \u2018tornada al cole\u2019 i tot el que comporta? - Fundaci\u00f3 IRES","isPartOf":{"@id":"https:\/\/www.fundacioires.org\/#website"},"primaryImageOfPage":{"@id":"https:\/\/www.fundacioires.org\/ca\/tornada-cole\/#primaryimage"},"image":{"@id":"https:\/\/www.fundacioires.org\/ca\/tornada-cole\/#primaryimage"},"thumbnailUrl":"https:\/\/i0.wp.com\/www.fundacioires.org\/wp-content\/uploads\/PLANTILLA-NOTI-WEB-NOVIEMBRE-2020-4.png?fit=3600%2C1884&ssl=1","datePublished":"2021-09-13T12:23:07+00:00","dateModified":"2021-09-13T13:08:21+00:00","description":"Com gestionem les diferents dimensions que t\u00e9 la tornada al cole amb la mirada integral de la Fundaci\u00f3 IRES","breadcrumb":{"@id":"https:\/\/www.fundacioires.org\/ca\/tornada-cole\/#breadcrumb"},"inLanguage":"ca-ES","potentialAction":[{"@type":"ReadAction","target":["https:\/\/www.fundacioires.org\/ca\/tornada-cole\/"]}]},{"@type":"ImageObject","inLanguage":"ca-ES","@id":"https:\/\/www.fundacioires.org\/ca\/tornada-cole\/#primaryimage","url":"https:\/\/i0.wp.com\/www.fundacioires.org\/wp-content\/uploads\/PLANTILLA-NOTI-WEB-NOVIEMBRE-2020-4.png?fit=3600%2C1884&ssl=1","contentUrl":"https:\/\/i0.wp.com\/www.fundacioires.org\/wp-content\/uploads\/PLANTILLA-NOTI-WEB-NOVIEMBRE-2020-4.png?fit=3600%2C1884&ssl=1","width":3600,"height":1884},{"@type":"BreadcrumbList","@id":"https:\/\/www.fundacioires.org\/ca\/tornada-cole\/#breadcrumb","itemListElement":[{"@type":"ListItem","position":1,"name":"Portada","item":"https:\/\/www.fundacioires.org\/"},{"@type":"ListItem","position":2,"name":"Com gestionem la \u2018tornada al cole\u2019 i tot el que comporta?"}]},{"@type":"WebSite","@id":"https:\/\/www.fundacioires.org\/#website","url":"https:\/\/www.fundacioires.org\/","name":"Fundaci\u00f3 IRES","description":"","publisher":{"@id":"https:\/\/www.fundacioires.org\/#organization"},"potentialAction":[{"@type":"SearchAction","target":{"@type":"EntryPoint","urlTemplate":"https:\/\/www.fundacioires.org\/?s={search_term_string}"},"query-input":{"@type":"PropertyValueSpecification","valueRequired":true,"valueName":"search_term_string"}}],"inLanguage":"ca-ES"},{"@type":"Organization","@id":"https:\/\/www.fundacioires.org\/#organization","name":"Fundanci\u00f3n IRES","url":"https:\/\/www.fundacioires.org\/","logo":{"@type":"ImageObject","inLanguage":"ca-ES","@id":"https:\/\/www.fundacioires.org\/#\/schema\/logo\/image\/","url":"https:\/\/i0.wp.com\/www.fundacioires.org\/wp-content\/uploads\/faviconIRES.png?fit=32%2C32&ssl=1","contentUrl":"https:\/\/i0.wp.com\/www.fundacioires.org\/wp-content\/uploads\/faviconIRES.png?fit=32%2C32&ssl=1","width":32,"height":32,"caption":"Fundanci\u00f3n IRES"},"image":{"@id":"https:\/\/www.fundacioires.org\/#\/schema\/logo\/image\/"}},{"@type":"Person","@id":"https:\/\/www.fundacioires.org\/#\/schema\/person\/160af843c565221ef4664a5c7000791c","name":"Fundaci\u00f3 IRES"}]}},"jetpack_featured_media_url":"https:\/\/i0.wp.com\/www.fundacioires.org\/wp-content\/uploads\/PLANTILLA-NOTI-WEB-NOVIEMBRE-2020-4.png?fit=3600%2C1884&ssl=1","jetpack_sharing_enabled":true,"_links":{"self":[{"href":"https:\/\/www.fundacioires.org\/ca\/wp-json\/wp\/v2\/posts\/34228","targetHints":{"allow":["GET"]}}],"collection":[{"href":"https:\/\/www.fundacioires.org\/ca\/wp-json\/wp\/v2\/posts"}],"about":[{"href":"https:\/\/www.fundacioires.org\/ca\/wp-json\/wp\/v2\/types\/post"}],"author":[{"embeddable":true,"href":"https:\/\/www.fundacioires.org\/ca\/wp-json\/wp\/v2\/users\/7"}],"replies":[{"embeddable":true,"href":"https:\/\/www.fundacioires.org\/ca\/wp-json\/wp\/v2\/comments?post=34228"}],"version-history":[{"count":4,"href":"https:\/\/www.fundacioires.org\/ca\/wp-json\/wp\/v2\/posts\/34228\/revisions"}],"predecessor-version":[{"id":34249,"href":"https:\/\/www.fundacioires.org\/ca\/wp-json\/wp\/v2\/posts\/34228\/revisions\/34249"}],"wp:featuredmedia":[{"embeddable":true,"href":"https:\/\/www.fundacioires.org\/ca\/wp-json\/wp\/v2\/media\/34229"}],"wp:attachment":[{"href":"https:\/\/www.fundacioires.org\/ca\/wp-json\/wp\/v2\/media?parent=34228"}],"wp:term":[{"taxonomy":"category","embeddable":true,"href":"https:\/\/www.fundacioires.org\/ca\/wp-json\/wp\/v2\/categories?post=34228"},{"taxonomy":"post_tag","embeddable":true,"href":"https:\/\/www.fundacioires.org\/ca\/wp-json\/wp\/v2\/tags?post=34228"}],"curies":[{"name":"wp","href":"https:\/\/api.w.org\/{rel}","templated":true}]}}