{"id":35399,"date":"2021-10-05T17:02:18","date_gmt":"2021-10-05T15:02:18","guid":{"rendered":"https:\/\/www.fundacioires.org\/?p=35399"},"modified":"2021-10-08T11:56:37","modified_gmt":"2021-10-08T09:56:37","slug":"documental-venus-sense-cano","status":"publish","type":"post","link":"https:\/\/www.fundacioires.org\/ca\/documental-venus-sense-cano\/","title":{"rendered":"Presentaci\u00f3 del documental de Venus Sense C\u00e0non"},"content":{"rendered":"\n<p>Les Venus Sense C\u00e0non han estat protagonistes del documental<strong><em> Venus Sense C\u00e0non. V\u00edctimes a supervivents i Transformadores<\/em><\/strong> dirigit per la Xiaomei Espiro i realitzat per l\u2019Elisa Rossell\u00f3, Coordinadora de les Venus Sense C\u00e0non.<\/p>\n\n\n\n<p>El documental tracta sobre els comen\u00e7aments d\u2019aquest servei, basat en l\u2019apoderament de dones supervivents de viol\u00e8ncia masclista que incorpora l\u2019art i la creaci\u00f3 pr\u00f2pia com a canal terap\u00e8utic, i la important funci\u00f3 que exerceix per a totes les dones que hi participen, i que han sobreviscut a la viol\u00e8ncia masclista com a usu\u00e0ries dels serveis de la Fundaci\u00f3 IRES.<\/p>\n\n\n\n<p>El documental va ser presentat els dies 16, 20 i 24 de setembre a les integrants de Venus Sense C\u00e0non al Centre Flassaders i <strong>s\u2019estrenar\u00e0 p\u00fablicament en el marc de la commemoraci\u00f3 del 25N, Dia Internacional per a l\u2019eliminaci\u00f3 de la viol\u00e8ncia envers les dones.<\/strong><\/p>\n\n\n\n<p class=\"has-text-color has-background\" style=\"background-color:#eee6ff;color:#52147f\"><strong>El nostre agra\u00efment a totes les dones que han passat pel Venus sense c\u00e0non, per prestar el seu testimoni i ajudar aix\u00ed a altres dones. S\u00f3n un referent de transformaci\u00f3.<\/strong><\/p>\n\n\n\n<p class=\"has-text-color has-medium-font-size\" style=\"color:#1cab8b\"><strong>Venus Sense C\u00e0non<\/strong> forma part de l&#8217;ecosistema de projectes socials de la Fundaci\u00f3 IRES. Vols con\u00e8ixer les veus testimonials de &#8220;les venus&#8221;? Fes click <a href=\"https:\/\/www.fundacioires.org\/ca\/venus-sense-canon-relat-duna-experiencia-transformadora-i-feminista\/\"><strong>aqu\u00ed<\/strong><\/a>!<\/p>\n\n\n\n<p><strong>Venus sense c\u00e0non rep el suport de:<\/strong><\/p>\n\n\n\n<div class=\"wp-block-columns has-2-columns is-layout-flex wp-container-core-columns-is-layout-9d6595d7 wp-block-columns-is-layout-flex\">\n<div class=\"wp-block-column is-layout-flow wp-block-column-is-layout-flow\">\n<figure class=\"wp-block-image\"><img data-recalc-dims=\"1\" loading=\"lazy\" decoding=\"async\" width=\"258\" height=\"172\" src=\"https:\/\/i0.wp.com\/www.fundacioires.org\/wp-content\/uploads\/govern-2.png?resize=258%2C172&#038;ssl=1\" alt=\"\" class=\"wp-image-26839\"\/><\/figure>\n\n\n\n<figure class=\"wp-block-image\"><img data-recalc-dims=\"1\" loading=\"lazy\" decoding=\"async\" width=\"373\" height=\"77\" src=\"https:\/\/i0.wp.com\/www.fundacioires.org\/wp-content\/uploads\/GOBIERNO-ESPA%C3%91A-1.png?resize=373%2C77&#038;ssl=1\" alt=\"\" class=\"wp-image-26831\" srcset=\"https:\/\/i0.wp.com\/www.fundacioires.org\/wp-content\/uploads\/GOBIERNO-ESPA%C3%91A-1.png?w=373&amp;ssl=1 373w, https:\/\/i0.wp.com\/www.fundacioires.org\/wp-content\/uploads\/GOBIERNO-ESPA%C3%91A-1.png?resize=300%2C62&amp;ssl=1 300w\" sizes=\"(max-width: 373px) 100vw, 373px\" \/><\/figure>\n<\/div>\n\n\n\n<div class=\"wp-block-column is-layout-flow wp-block-column-is-layout-flow\">\n<figure class=\"wp-block-image\"><img data-recalc-dims=\"1\" loading=\"lazy\" decoding=\"async\" width=\"182\" height=\"132\" src=\"https:\/\/i0.wp.com\/www.fundacioires.org\/wp-content\/uploads\/ibdona-2.png?resize=182%2C132&#038;ssl=1\" alt=\"\" class=\"wp-image-26841\"\/><\/figure>\n\n\n\n<figure class=\"wp-block-image\"><img data-recalc-dims=\"1\" loading=\"lazy\" decoding=\"async\" width=\"198\" height=\"151\" src=\"https:\/\/i0.wp.com\/www.fundacioires.org\/wp-content\/uploads\/PACTO-DE-ESTADO-1.png?resize=198%2C151&#038;ssl=1\" alt=\"\" class=\"wp-image-26837\"\/><\/figure>\n<\/div>\n<\/div>\n","protected":false},"excerpt":{"rendered":"<p>El documental tracta sobre els comen\u00e7aments d\u2019aquest servei, basat en l\u2019apoderament de dones supervivents de viol\u00e8ncia masclista que incorpora l\u2019art i la creaci\u00f3 pr\u00f2pia com a canal terap\u00e8utic.<\/p>\n","protected":false},"author":7,"featured_media":35405,"comment_status":"closed","ping_status":"open","sticky":false,"template":"","format":"standard","meta":{"_jetpack_memberships_contains_paid_content":false,"footnotes":""},"categories":[19],"tags":[147],"class_list":["post-35399","post","type-post","status-publish","format-standard","has-post-thumbnail","hentry","category-ires-blog","tag-venus-sense-canon"],"yoast_head":"<!-- This site is optimized with the Yoast SEO plugin v27.4 - https:\/\/yoast.com\/product\/yoast-seo-wordpress\/ -->\n<title>Presentaci\u00f3 del documental de Venus Sense C\u00e0non - Fundaci\u00f3 IRES<\/title>\n<meta name=\"description\" content=\"Primer documental de Venus Sense C\u00e0non: sobre l&#039;empoderament i transformaci\u00f3 vital de dones que han superat la viol\u00e8ncia masclista\" \/>\n<meta name=\"robots\" content=\"index, follow, max-snippet:-1, max-image-preview:large, max-video-preview:-1\" \/>\n<link rel=\"canonical\" href=\"https:\/\/www.fundacioires.org\/ca\/documental-venus-sense-cano\/\" \/>\n<meta property=\"og:locale\" content=\"ca_ES\" \/>\n<meta property=\"og:type\" content=\"article\" \/>\n<meta property=\"og:title\" content=\"Presentaci\u00f3 del documental de Venus Sense C\u00e0non - Fundaci\u00f3 IRES\" \/>\n<meta property=\"og:description\" content=\"Primer documental de Venus Sense C\u00e0non: sobre l&#039;empoderament i transformaci\u00f3 vital de dones que han superat la viol\u00e8ncia masclista\" \/>\n<meta property=\"og:url\" content=\"https:\/\/www.fundacioires.org\/ca\/documental-venus-sense-cano\/\" \/>\n<meta property=\"og:site_name\" content=\"Fundaci\u00f3 IRES\" \/>\n<meta property=\"article:published_time\" content=\"2021-10-05T15:02:18+00:00\" \/>\n<meta property=\"article:modified_time\" content=\"2021-10-08T09:56:37+00:00\" \/>\n<meta property=\"og:image\" content=\"https:\/\/www.fundacioires.org\/wp-content\/uploads\/PLANTILLA-NOTI-WEB-NOVIEMBRE-2020-1-2-1024x536.png\" \/>\n\t<meta property=\"og:image:width\" content=\"1024\" \/>\n\t<meta property=\"og:image:height\" content=\"536\" \/>\n\t<meta property=\"og:image:type\" content=\"image\/png\" \/>\n<meta name=\"author\" content=\"Fundaci\u00f3 IRES\" \/>\n<meta name=\"twitter:card\" content=\"summary_large_image\" \/>\n<meta name=\"twitter:label1\" content=\"Written by\" \/>\n\t<meta name=\"twitter:data1\" content=\"Fundaci\u00f3 IRES\" \/>\n\t<meta name=\"twitter:label2\" content=\"Est. reading time\" \/>\n\t<meta name=\"twitter:data2\" content=\"2 minutes\" \/>\n<script type=\"application\/ld+json\" class=\"yoast-schema-graph\">{\"@context\":\"https:\\\/\\\/schema.org\",\"@graph\":[{\"@type\":\"Article\",\"@id\":\"https:\\\/\\\/www.fundacioires.org\\\/ca\\\/documental-venus-sense-cano\\\/#article\",\"isPartOf\":{\"@id\":\"https:\\\/\\\/www.fundacioires.org\\\/ca\\\/documental-venus-sense-cano\\\/\"},\"author\":{\"name\":\"Fundaci\u00f3 IRES\",\"@id\":\"https:\\\/\\\/www.fundacioires.org\\\/#\\\/schema\\\/person\\\/160af843c565221ef4664a5c7000791c\"},\"headline\":\"Presentaci\u00f3 del documental de Venus Sense C\u00e0non\",\"datePublished\":\"2021-10-05T15:02:18+00:00\",\"dateModified\":\"2021-10-08T09:56:37+00:00\",\"mainEntityOfPage\":{\"@id\":\"https:\\\/\\\/www.fundacioires.org\\\/ca\\\/documental-venus-sense-cano\\\/\"},\"wordCount\":230,\"publisher\":{\"@id\":\"https:\\\/\\\/www.fundacioires.org\\\/#organization\"},\"image\":{\"@id\":\"https:\\\/\\\/www.fundacioires.org\\\/ca\\\/documental-venus-sense-cano\\\/#primaryimage\"},\"thumbnailUrl\":\"https:\\\/\\\/i0.wp.com\\\/www.fundacioires.org\\\/wp-content\\\/uploads\\\/PLANTILLA-NOTI-WEB-NOVIEMBRE-2020-1-2.png?fit=3600%2C1884&ssl=1\",\"keywords\":[\"Venus sense c\u00e0non\"],\"articleSection\":[\"IRES-Blog\"],\"inLanguage\":\"ca-ES\"},{\"@type\":\"WebPage\",\"@id\":\"https:\\\/\\\/www.fundacioires.org\\\/ca\\\/documental-venus-sense-cano\\\/\",\"url\":\"https:\\\/\\\/www.fundacioires.org\\\/ca\\\/documental-venus-sense-cano\\\/\",\"name\":\"Presentaci\u00f3 del documental de Venus Sense C\u00e0non - Fundaci\u00f3 IRES\",\"isPartOf\":{\"@id\":\"https:\\\/\\\/www.fundacioires.org\\\/#website\"},\"primaryImageOfPage\":{\"@id\":\"https:\\\/\\\/www.fundacioires.org\\\/ca\\\/documental-venus-sense-cano\\\/#primaryimage\"},\"image\":{\"@id\":\"https:\\\/\\\/www.fundacioires.org\\\/ca\\\/documental-venus-sense-cano\\\/#primaryimage\"},\"thumbnailUrl\":\"https:\\\/\\\/i0.wp.com\\\/www.fundacioires.org\\\/wp-content\\\/uploads\\\/PLANTILLA-NOTI-WEB-NOVIEMBRE-2020-1-2.png?fit=3600%2C1884&ssl=1\",\"datePublished\":\"2021-10-05T15:02:18+00:00\",\"dateModified\":\"2021-10-08T09:56:37+00:00\",\"description\":\"Primer documental de Venus Sense C\u00e0non: sobre l'empoderament i transformaci\u00f3 vital de dones que han superat la viol\u00e8ncia masclista\",\"breadcrumb\":{\"@id\":\"https:\\\/\\\/www.fundacioires.org\\\/ca\\\/documental-venus-sense-cano\\\/#breadcrumb\"},\"inLanguage\":\"ca-ES\",\"potentialAction\":[{\"@type\":\"ReadAction\",\"target\":[\"https:\\\/\\\/www.fundacioires.org\\\/ca\\\/documental-venus-sense-cano\\\/\"]}]},{\"@type\":\"ImageObject\",\"inLanguage\":\"ca-ES\",\"@id\":\"https:\\\/\\\/www.fundacioires.org\\\/ca\\\/documental-venus-sense-cano\\\/#primaryimage\",\"url\":\"https:\\\/\\\/i0.wp.com\\\/www.fundacioires.org\\\/wp-content\\\/uploads\\\/PLANTILLA-NOTI-WEB-NOVIEMBRE-2020-1-2.png?fit=3600%2C1884&ssl=1\",\"contentUrl\":\"https:\\\/\\\/i0.wp.com\\\/www.fundacioires.org\\\/wp-content\\\/uploads\\\/PLANTILLA-NOTI-WEB-NOVIEMBRE-2020-1-2.png?fit=3600%2C1884&ssl=1\",\"width\":3600,\"height\":1884,\"caption\":\"Les venus a la presentaci\u00f3 i estrena del documental\"},{\"@type\":\"BreadcrumbList\",\"@id\":\"https:\\\/\\\/www.fundacioires.org\\\/ca\\\/documental-venus-sense-cano\\\/#breadcrumb\",\"itemListElement\":[{\"@type\":\"ListItem\",\"position\":1,\"name\":\"Portada\",\"item\":\"https:\\\/\\\/www.fundacioires.org\\\/\"},{\"@type\":\"ListItem\",\"position\":2,\"name\":\"Presentaci\u00f3 del documental de Venus Sense C\u00e0non\"}]},{\"@type\":\"WebSite\",\"@id\":\"https:\\\/\\\/www.fundacioires.org\\\/#website\",\"url\":\"https:\\\/\\\/www.fundacioires.org\\\/\",\"name\":\"Fundaci\u00f3 IRES\",\"description\":\"\",\"publisher\":{\"@id\":\"https:\\\/\\\/www.fundacioires.org\\\/#organization\"},\"potentialAction\":[{\"@type\":\"SearchAction\",\"target\":{\"@type\":\"EntryPoint\",\"urlTemplate\":\"https:\\\/\\\/www.fundacioires.org\\\/?s={search_term_string}\"},\"query-input\":{\"@type\":\"PropertyValueSpecification\",\"valueRequired\":true,\"valueName\":\"search_term_string\"}}],\"inLanguage\":\"ca-ES\"},{\"@type\":\"Organization\",\"@id\":\"https:\\\/\\\/www.fundacioires.org\\\/#organization\",\"name\":\"Fundanci\u00f3n IRES\",\"url\":\"https:\\\/\\\/www.fundacioires.org\\\/\",\"logo\":{\"@type\":\"ImageObject\",\"inLanguage\":\"ca-ES\",\"@id\":\"https:\\\/\\\/www.fundacioires.org\\\/#\\\/schema\\\/logo\\\/image\\\/\",\"url\":\"https:\\\/\\\/i0.wp.com\\\/www.fundacioires.org\\\/wp-content\\\/uploads\\\/faviconIRES.png?fit=32%2C32&ssl=1\",\"contentUrl\":\"https:\\\/\\\/i0.wp.com\\\/www.fundacioires.org\\\/wp-content\\\/uploads\\\/faviconIRES.png?fit=32%2C32&ssl=1\",\"width\":32,\"height\":32,\"caption\":\"Fundanci\u00f3n IRES\"},\"image\":{\"@id\":\"https:\\\/\\\/www.fundacioires.org\\\/#\\\/schema\\\/logo\\\/image\\\/\"}},{\"@type\":\"Person\",\"@id\":\"https:\\\/\\\/www.fundacioires.org\\\/#\\\/schema\\\/person\\\/160af843c565221ef4664a5c7000791c\",\"name\":\"Fundaci\u00f3 IRES\"}]}<\/script>\n<!-- \/ Yoast SEO plugin. -->","yoast_head_json":{"title":"Presentaci\u00f3 del documental de Venus Sense C\u00e0non - Fundaci\u00f3 IRES","description":"Primer documental de Venus Sense C\u00e0non: sobre l'empoderament i transformaci\u00f3 vital de dones que han superat la viol\u00e8ncia masclista","robots":{"index":"index","follow":"follow","max-snippet":"max-snippet:-1","max-image-preview":"max-image-preview:large","max-video-preview":"max-video-preview:-1"},"canonical":"https:\/\/www.fundacioires.org\/ca\/documental-venus-sense-cano\/","og_locale":"ca_ES","og_type":"article","og_title":"Presentaci\u00f3 del documental de Venus Sense C\u00e0non - Fundaci\u00f3 IRES","og_description":"Primer documental de Venus Sense C\u00e0non: sobre l'empoderament i transformaci\u00f3 vital de dones que han superat la viol\u00e8ncia masclista","og_url":"https:\/\/www.fundacioires.org\/ca\/documental-venus-sense-cano\/","og_site_name":"Fundaci\u00f3 IRES","article_published_time":"2021-10-05T15:02:18+00:00","article_modified_time":"2021-10-08T09:56:37+00:00","og_image":[{"width":1024,"height":536,"url":"https:\/\/www.fundacioires.org\/wp-content\/uploads\/PLANTILLA-NOTI-WEB-NOVIEMBRE-2020-1-2-1024x536.png","type":"image\/png"}],"author":"Fundaci\u00f3 IRES","twitter_card":"summary_large_image","twitter_misc":{"Written by":"Fundaci\u00f3 IRES","Est. reading time":"2 minutes"},"schema":{"@context":"https:\/\/schema.org","@graph":[{"@type":"Article","@id":"https:\/\/www.fundacioires.org\/ca\/documental-venus-sense-cano\/#article","isPartOf":{"@id":"https:\/\/www.fundacioires.org\/ca\/documental-venus-sense-cano\/"},"author":{"name":"Fundaci\u00f3 IRES","@id":"https:\/\/www.fundacioires.org\/#\/schema\/person\/160af843c565221ef4664a5c7000791c"},"headline":"Presentaci\u00f3 del documental de Venus Sense C\u00e0non","datePublished":"2021-10-05T15:02:18+00:00","dateModified":"2021-10-08T09:56:37+00:00","mainEntityOfPage":{"@id":"https:\/\/www.fundacioires.org\/ca\/documental-venus-sense-cano\/"},"wordCount":230,"publisher":{"@id":"https:\/\/www.fundacioires.org\/#organization"},"image":{"@id":"https:\/\/www.fundacioires.org\/ca\/documental-venus-sense-cano\/#primaryimage"},"thumbnailUrl":"https:\/\/i0.wp.com\/www.fundacioires.org\/wp-content\/uploads\/PLANTILLA-NOTI-WEB-NOVIEMBRE-2020-1-2.png?fit=3600%2C1884&ssl=1","keywords":["Venus sense c\u00e0non"],"articleSection":["IRES-Blog"],"inLanguage":"ca-ES"},{"@type":"WebPage","@id":"https:\/\/www.fundacioires.org\/ca\/documental-venus-sense-cano\/","url":"https:\/\/www.fundacioires.org\/ca\/documental-venus-sense-cano\/","name":"Presentaci\u00f3 del documental de Venus Sense C\u00e0non - Fundaci\u00f3 IRES","isPartOf":{"@id":"https:\/\/www.fundacioires.org\/#website"},"primaryImageOfPage":{"@id":"https:\/\/www.fundacioires.org\/ca\/documental-venus-sense-cano\/#primaryimage"},"image":{"@id":"https:\/\/www.fundacioires.org\/ca\/documental-venus-sense-cano\/#primaryimage"},"thumbnailUrl":"https:\/\/i0.wp.com\/www.fundacioires.org\/wp-content\/uploads\/PLANTILLA-NOTI-WEB-NOVIEMBRE-2020-1-2.png?fit=3600%2C1884&ssl=1","datePublished":"2021-10-05T15:02:18+00:00","dateModified":"2021-10-08T09:56:37+00:00","description":"Primer documental de Venus Sense C\u00e0non: sobre l'empoderament i transformaci\u00f3 vital de dones que han superat la viol\u00e8ncia masclista","breadcrumb":{"@id":"https:\/\/www.fundacioires.org\/ca\/documental-venus-sense-cano\/#breadcrumb"},"inLanguage":"ca-ES","potentialAction":[{"@type":"ReadAction","target":["https:\/\/www.fundacioires.org\/ca\/documental-venus-sense-cano\/"]}]},{"@type":"ImageObject","inLanguage":"ca-ES","@id":"https:\/\/www.fundacioires.org\/ca\/documental-venus-sense-cano\/#primaryimage","url":"https:\/\/i0.wp.com\/www.fundacioires.org\/wp-content\/uploads\/PLANTILLA-NOTI-WEB-NOVIEMBRE-2020-1-2.png?fit=3600%2C1884&ssl=1","contentUrl":"https:\/\/i0.wp.com\/www.fundacioires.org\/wp-content\/uploads\/PLANTILLA-NOTI-WEB-NOVIEMBRE-2020-1-2.png?fit=3600%2C1884&ssl=1","width":3600,"height":1884,"caption":"Les venus a la presentaci\u00f3 i estrena del documental"},{"@type":"BreadcrumbList","@id":"https:\/\/www.fundacioires.org\/ca\/documental-venus-sense-cano\/#breadcrumb","itemListElement":[{"@type":"ListItem","position":1,"name":"Portada","item":"https:\/\/www.fundacioires.org\/"},{"@type":"ListItem","position":2,"name":"Presentaci\u00f3 del documental de Venus Sense C\u00e0non"}]},{"@type":"WebSite","@id":"https:\/\/www.fundacioires.org\/#website","url":"https:\/\/www.fundacioires.org\/","name":"Fundaci\u00f3 IRES","description":"","publisher":{"@id":"https:\/\/www.fundacioires.org\/#organization"},"potentialAction":[{"@type":"SearchAction","target":{"@type":"EntryPoint","urlTemplate":"https:\/\/www.fundacioires.org\/?s={search_term_string}"},"query-input":{"@type":"PropertyValueSpecification","valueRequired":true,"valueName":"search_term_string"}}],"inLanguage":"ca-ES"},{"@type":"Organization","@id":"https:\/\/www.fundacioires.org\/#organization","name":"Fundanci\u00f3n IRES","url":"https:\/\/www.fundacioires.org\/","logo":{"@type":"ImageObject","inLanguage":"ca-ES","@id":"https:\/\/www.fundacioires.org\/#\/schema\/logo\/image\/","url":"https:\/\/i0.wp.com\/www.fundacioires.org\/wp-content\/uploads\/faviconIRES.png?fit=32%2C32&ssl=1","contentUrl":"https:\/\/i0.wp.com\/www.fundacioires.org\/wp-content\/uploads\/faviconIRES.png?fit=32%2C32&ssl=1","width":32,"height":32,"caption":"Fundanci\u00f3n IRES"},"image":{"@id":"https:\/\/www.fundacioires.org\/#\/schema\/logo\/image\/"}},{"@type":"Person","@id":"https:\/\/www.fundacioires.org\/#\/schema\/person\/160af843c565221ef4664a5c7000791c","name":"Fundaci\u00f3 IRES"}]}},"jetpack_featured_media_url":"https:\/\/i0.wp.com\/www.fundacioires.org\/wp-content\/uploads\/PLANTILLA-NOTI-WEB-NOVIEMBRE-2020-1-2.png?fit=3600%2C1884&ssl=1","jetpack_sharing_enabled":true,"_links":{"self":[{"href":"https:\/\/www.fundacioires.org\/ca\/wp-json\/wp\/v2\/posts\/35399","targetHints":{"allow":["GET"]}}],"collection":[{"href":"https:\/\/www.fundacioires.org\/ca\/wp-json\/wp\/v2\/posts"}],"about":[{"href":"https:\/\/www.fundacioires.org\/ca\/wp-json\/wp\/v2\/types\/post"}],"author":[{"embeddable":true,"href":"https:\/\/www.fundacioires.org\/ca\/wp-json\/wp\/v2\/users\/7"}],"replies":[{"embeddable":true,"href":"https:\/\/www.fundacioires.org\/ca\/wp-json\/wp\/v2\/comments?post=35399"}],"version-history":[{"count":3,"href":"https:\/\/www.fundacioires.org\/ca\/wp-json\/wp\/v2\/posts\/35399\/revisions"}],"predecessor-version":[{"id":35467,"href":"https:\/\/www.fundacioires.org\/ca\/wp-json\/wp\/v2\/posts\/35399\/revisions\/35467"}],"wp:featuredmedia":[{"embeddable":true,"href":"https:\/\/www.fundacioires.org\/ca\/wp-json\/wp\/v2\/media\/35405"}],"wp:attachment":[{"href":"https:\/\/www.fundacioires.org\/ca\/wp-json\/wp\/v2\/media?parent=35399"}],"wp:term":[{"taxonomy":"category","embeddable":true,"href":"https:\/\/www.fundacioires.org\/ca\/wp-json\/wp\/v2\/categories?post=35399"},{"taxonomy":"post_tag","embeddable":true,"href":"https:\/\/www.fundacioires.org\/ca\/wp-json\/wp\/v2\/tags?post=35399"}],"curies":[{"name":"wp","href":"https:\/\/api.w.org\/{rel}","templated":true}]}}