{"id":35443,"date":"2021-10-07T18:51:30","date_gmt":"2021-10-07T16:51:30","guid":{"rendered":"https:\/\/www.fundacioires.org\/?p=35443"},"modified":"2021-10-08T11:19:58","modified_gmt":"2021-10-08T09:19:58","slug":"innovacio-social-transformacio-digital","status":"publish","type":"post","link":"https:\/\/www.fundacioires.org\/ca\/innovacio-social-transformacio-digital\/","title":{"rendered":"Per una transformaci\u00f3 digital al ritme d\u2019una transformaci\u00f3 social"},"content":{"rendered":"\n<pre class=\"wp-block-verse has-text-color has-medium-font-size\" style=\"color:#1cab89\"><strong>\"Des de la comissi\u00f3 de RSC de  22@networkbcn abordem la #Innovaci\u00f3Social com a resposta col\u00b7lectiva a un problema com\u00fa\". Nat\u00e0lia Valenzuela, directora de la Fundaci\u00f3 IRES<\/strong><\/pre>\n\n\n\n<p><strong>Aprenentatges i reflexions sobre l\u2019impacte i la innovaci\u00f3 social com a factors claus del desenvolupament<\/strong><\/p>\n\n\n\n<p>Ahir va tenir lloc el webinar sobre <strong>l\u2019Impacte i la innovaci\u00f3 social com a factors claus per al desenvolupament del districte<\/strong>, organitzar des de la comissi\u00f3 d\u2019RSC del 22@Network BCN, de la qual forma part la Fundaci\u00f3 IRES.<\/p>\n\n\n\n<p><strong>La pand\u00e8mia ha resultat ser un potenciador i un accelerador d\u2019una transformaci\u00f3 socioecon\u00f2mica<\/strong> que ha afectat de forma desigual a les persones i ha fet m\u00e9s gran la bretxa digital. <\/p>\n\n\n\n<p>Quan parlem d\u2019aquesta bretxa, el districte de Sant Mart\u00ed, on duem a terme el nostre ecosistema de projectes d\u2019atenci\u00f3 integral a fam\u00edlies, <strong><u>\u00e9s un territori ben representatiu<\/u>. &nbsp;<\/strong>\u00c9s un dels districtes amb major poblaci\u00f3 de Barcelona i que compta amb les majors desigualtats socials entre els seus barris. Actualment o<em>cupa <\/em><strong>el segon lloc de la ciutat en tenir m\u00e9s llars amb infants i adolescents <\/strong>(38.047 en total) aplegant el 15% total de la poblaci\u00f3. En aquest context, l<strong>a Covid-19 ha accentuat la bretxa digital i educativa: <\/strong>el 18% dels alumnes vulnerables van desconnectar durant el confinament. <strong>M\u00e9s del 30% de la poblaci\u00f3 t\u00e9 problemes emocionals<\/strong> davant la incertesa econ\u00f2mica.<\/p>\n\n\n\n<p><em><strong>En aquest context, es fa encara m\u00e9s evident la necessitat de la innovaci\u00f3 social com a resposta col\u00b7lectiva per a resoldre un problema com\u00fa.<\/strong><\/em><\/p>\n\n\n\n<p>Per a la ciutadania, les administracions, les empreses i les entitats socials que estem presents al territori, la crisi sanit\u00e0ria ha posat de manifest la necessitat de <strong>seguir creixent amb clau de sostenibilitat social<\/strong>. I \u00e9s per aquest motiu, que des de la Fundaci\u00f3 IRES, amb el suport del 22@Network estem apostant per respondre a aquesta necessitat amb propostes i iniciatives com l\u2019ecosistema de projectes socials i, m\u00e9s concretament, amb el repte <strong><a href=\"https:\/\/www.fundacioires.org\/ca\/ets-empresa\/beques-click\/\">#BequesClick<\/a><\/strong>, orientat a l\u2019acompanyament socioeducatiu de joves del districte.<\/p>\n\n\n\n<pre class=\"wp-block-verse has-text-color has-medium-font-size\" style=\"color:#1cab89\"><strong>\"Hem d'abra\u00e7ar la tecnologia\" amb una \u00e8tica de gesti\u00f3 i desenvolupament. El repte com\u00fa \u00e9s incorporar-la a les nostres vides per a la millora del benestar de les persones i no en el seu detriment. Per Antoni Paz, president de la comissi\u00f3 d'innovaci\u00f3 de <a href=\"https:\/\/twitter.com\/22networkbcn\">22@networkbcn<\/a><\/strong><\/pre>\n\n\n\n<p><strong><em>La col\u00b7laboraci\u00f3 amb el repte #<a href=\"https:\/\/www.fundacioires.org\/ca\/ets-empresa\/beques-click\/\" target=\"_blank\" rel=\"noreferrer noopener\">BequesCLICK<\/a> implica assumir la responsabilitat que tenim com a societat de facilitar als joves la igualtat de condicions per a desenvolupar tots els seus potencials.<\/em><\/strong><\/p>\n\n\n\n<p>Per explicar l\u2019experi\u00e8ncia col\u00b7laborant amb la iniciativa, al webinar van intervenir la <strong>directora de comunicaci\u00f3 i RSC de TRAM Barcelona, Anna Vinyals<\/strong>; i el representant de l\u2019empresa <strong>Shcneider Electric i Digital Transformation Leader, Constan Sainz<\/strong>. I en representaci\u00f3 de <strong>T-System, el David Camarg<\/strong>o, va expressar la seva voluntat de col\u00b7laborar amb el projecte i implicar-se amb el desenvolupament de les oportunitats dels joves.<\/p>\n\n\n\n<p>El 22@ \u00e9s concretament l\u2019anomenat \u201cdistricte de la innovaci\u00f3\u201d, un motor econ\u00f2mic de la ciutat i en els darrers 20 anys ha esdevingut l\u2019epicentre de la ind\u00fastria tecnol\u00f2gica d\u2019avantguarda. Per\u00f2 la innovaci\u00f3 tecnol\u00f2gica ha de venir acompanyada de la innovaci\u00f3 social, i la nostra capacitat de resoldre problemes que afecten especialment a la poblaci\u00f3 m\u00e9s vulnerable.<\/p>\n\n\n\n<p class=\"has-medium-font-size\"><strong>Seguirem treballant per aconseguir transformar el districte en clau d\u2019aven\u00e7, innovaci\u00f3 i sostenibilitat social.<\/strong><\/p>\n\n\n\n<p class=\"has-text-align-center has-light-green-cyan-background-color has-text-color has-background has-medium-font-size\" style=\"color:#0d382e\">Vols unir-te al repte? <strong><a href=\"https:\/\/www.fundacioires.org\/ca\/ets-empresa\/beques-click\/\">Consulta bequesclick.org i forma part del canvi!<\/a><\/strong><\/p>\n\n\n\n<p>Per a escoltar el webinar completament, aqu\u00ed teniu el seg\u00fcent enlla\u00e7:<\/p>\n\n\n\n<figure class=\"wp-block-embed is-type-video is-provider-youtube wp-block-embed-youtube wp-embed-aspect-16-9 wp-has-aspect-ratio\"><div class=\"wp-block-embed__wrapper\">\n<iframe loading=\"lazy\" title=\"22@WEBINAR | L\u2019IMPACTE I LA INNOVACI\u00d3 SOCIAL, FACTORS CLAUS PER AL DESENVOLUPAMENT DEL DISTRICTE\" width=\"500\" height=\"281\" src=\"https:\/\/www.youtube.com\/embed\/3tvG4-OqE6M?feature=oembed\" frameborder=\"0\" allow=\"accelerometer; autoplay; clipboard-write; encrypted-media; gyroscope; picture-in-picture; web-share\" referrerpolicy=\"strict-origin-when-cross-origin\" allowfullscreen><\/iframe>\n<\/div><\/figure>\n","protected":false},"excerpt":{"rendered":"<p>Compartim amb empreses del 22@ un espai de reflexi\u00f3 i de plantejament de nous reptes en relaci\u00f3 a la transformaci\u00f3 tecnol\u00f2gica, econ\u00f2mica i social que est\u00e0 experimentat el districte <\/p>\n","protected":false},"author":7,"featured_media":35445,"comment_status":"closed","ping_status":"open","sticky":false,"template":"","format":"standard","meta":{"_jetpack_memberships_contains_paid_content":false,"footnotes":""},"categories":[24,19],"tags":[],"class_list":["post-35443","post","type-post","status-publish","format-standard","has-post-thumbnail","hentry","category-campanyes-de-captacio-i-sensibilitzacio","category-ires-blog"],"yoast_head":"<!-- This site is optimized with the Yoast SEO plugin v27.4 - https:\/\/yoast.com\/product\/yoast-seo-wordpress\/ -->\n<title>Per una transformaci\u00f3 digital al ritme d\u2019una transformaci\u00f3 social - Fundaci\u00f3 IRES<\/title>\n<meta name=\"description\" content=\"Reflexions del webinar sobre impacte i innovaci\u00f3 social per una transformaci\u00f3 digital al ritme d\u2019una transformaci\u00f3 social\" \/>\n<meta name=\"robots\" content=\"index, follow, max-snippet:-1, max-image-preview:large, max-video-preview:-1\" \/>\n<link rel=\"canonical\" href=\"https:\/\/www.fundacioires.org\/ca\/innovacio-social-transformacio-digital\/\" \/>\n<meta property=\"og:locale\" content=\"ca_ES\" \/>\n<meta property=\"og:type\" content=\"article\" \/>\n<meta property=\"og:title\" content=\"Per una transformaci\u00f3 digital al ritme d\u2019una transformaci\u00f3 social - Fundaci\u00f3 IRES\" \/>\n<meta property=\"og:description\" content=\"Reflexions del webinar sobre impacte i innovaci\u00f3 social per una transformaci\u00f3 digital al ritme d\u2019una transformaci\u00f3 social\" \/>\n<meta property=\"og:url\" content=\"https:\/\/www.fundacioires.org\/ca\/innovacio-social-transformacio-digital\/\" \/>\n<meta property=\"og:site_name\" content=\"Fundaci\u00f3 IRES\" \/>\n<meta property=\"article:published_time\" content=\"2021-10-07T16:51:30+00:00\" \/>\n<meta property=\"article:modified_time\" content=\"2021-10-08T09:19:58+00:00\" \/>\n<meta property=\"og:image\" content=\"https:\/\/i1.wp.com\/www.fundacioires.org\/wp-content\/uploads\/Diseno-sin-titulo-scaled.jpg?fit=2560%2C1280&ssl=1\" \/>\n\t<meta property=\"og:image:width\" content=\"2560\" \/>\n\t<meta property=\"og:image:height\" content=\"1280\" \/>\n\t<meta property=\"og:image:type\" content=\"image\/jpeg\" \/>\n<meta name=\"author\" content=\"Fundaci\u00f3 IRES\" \/>\n<meta name=\"twitter:card\" content=\"summary_large_image\" \/>\n<meta name=\"twitter:label1\" content=\"Written by\" \/>\n\t<meta name=\"twitter:data1\" content=\"Fundaci\u00f3 IRES\" \/>\n\t<meta name=\"twitter:label2\" content=\"Est. reading time\" \/>\n\t<meta name=\"twitter:data2\" content=\"3 minutes\" \/>\n<script type=\"application\/ld+json\" class=\"yoast-schema-graph\">{\"@context\":\"https:\\\/\\\/schema.org\",\"@graph\":[{\"@type\":\"Article\",\"@id\":\"https:\\\/\\\/www.fundacioires.org\\\/ca\\\/innovacio-social-transformacio-digital\\\/#article\",\"isPartOf\":{\"@id\":\"https:\\\/\\\/www.fundacioires.org\\\/ca\\\/innovacio-social-transformacio-digital\\\/\"},\"author\":{\"name\":\"Fundaci\u00f3 IRES\",\"@id\":\"https:\\\/\\\/www.fundacioires.org\\\/#\\\/schema\\\/person\\\/160af843c565221ef4664a5c7000791c\"},\"headline\":\"Per una transformaci\u00f3 digital al ritme d\u2019una transformaci\u00f3 social\",\"datePublished\":\"2021-10-07T16:51:30+00:00\",\"dateModified\":\"2021-10-08T09:19:58+00:00\",\"mainEntityOfPage\":{\"@id\":\"https:\\\/\\\/www.fundacioires.org\\\/ca\\\/innovacio-social-transformacio-digital\\\/\"},\"wordCount\":532,\"publisher\":{\"@id\":\"https:\\\/\\\/www.fundacioires.org\\\/#organization\"},\"image\":{\"@id\":\"https:\\\/\\\/www.fundacioires.org\\\/ca\\\/innovacio-social-transformacio-digital\\\/#primaryimage\"},\"thumbnailUrl\":\"https:\\\/\\\/i0.wp.com\\\/www.fundacioires.org\\\/wp-content\\\/uploads\\\/Diseno-sin-titulo-scaled.jpg?fit=2560%2C1280&ssl=1\",\"articleSection\":[\"Campanyes de captaci\u00f3 i sensibilitzaci\u00f3\",\"IRES-Blog\"],\"inLanguage\":\"ca-ES\"},{\"@type\":\"WebPage\",\"@id\":\"https:\\\/\\\/www.fundacioires.org\\\/ca\\\/innovacio-social-transformacio-digital\\\/\",\"url\":\"https:\\\/\\\/www.fundacioires.org\\\/ca\\\/innovacio-social-transformacio-digital\\\/\",\"name\":\"Per una transformaci\u00f3 digital al ritme d\u2019una transformaci\u00f3 social - Fundaci\u00f3 IRES\",\"isPartOf\":{\"@id\":\"https:\\\/\\\/www.fundacioires.org\\\/#website\"},\"primaryImageOfPage\":{\"@id\":\"https:\\\/\\\/www.fundacioires.org\\\/ca\\\/innovacio-social-transformacio-digital\\\/#primaryimage\"},\"image\":{\"@id\":\"https:\\\/\\\/www.fundacioires.org\\\/ca\\\/innovacio-social-transformacio-digital\\\/#primaryimage\"},\"thumbnailUrl\":\"https:\\\/\\\/i0.wp.com\\\/www.fundacioires.org\\\/wp-content\\\/uploads\\\/Diseno-sin-titulo-scaled.jpg?fit=2560%2C1280&ssl=1\",\"datePublished\":\"2021-10-07T16:51:30+00:00\",\"dateModified\":\"2021-10-08T09:19:58+00:00\",\"description\":\"Reflexions del webinar sobre impacte i innovaci\u00f3 social per una transformaci\u00f3 digital al ritme d\u2019una transformaci\u00f3 social\",\"breadcrumb\":{\"@id\":\"https:\\\/\\\/www.fundacioires.org\\\/ca\\\/innovacio-social-transformacio-digital\\\/#breadcrumb\"},\"inLanguage\":\"ca-ES\",\"potentialAction\":[{\"@type\":\"ReadAction\",\"target\":[\"https:\\\/\\\/www.fundacioires.org\\\/ca\\\/innovacio-social-transformacio-digital\\\/\"]}]},{\"@type\":\"ImageObject\",\"inLanguage\":\"ca-ES\",\"@id\":\"https:\\\/\\\/www.fundacioires.org\\\/ca\\\/innovacio-social-transformacio-digital\\\/#primaryimage\",\"url\":\"https:\\\/\\\/i0.wp.com\\\/www.fundacioires.org\\\/wp-content\\\/uploads\\\/Diseno-sin-titulo-scaled.jpg?fit=2560%2C1280&ssl=1\",\"contentUrl\":\"https:\\\/\\\/i0.wp.com\\\/www.fundacioires.org\\\/wp-content\\\/uploads\\\/Diseno-sin-titulo-scaled.jpg?fit=2560%2C1280&ssl=1\",\"width\":2560,\"height\":1280},{\"@type\":\"BreadcrumbList\",\"@id\":\"https:\\\/\\\/www.fundacioires.org\\\/ca\\\/innovacio-social-transformacio-digital\\\/#breadcrumb\",\"itemListElement\":[{\"@type\":\"ListItem\",\"position\":1,\"name\":\"Portada\",\"item\":\"https:\\\/\\\/www.fundacioires.org\\\/\"},{\"@type\":\"ListItem\",\"position\":2,\"name\":\"Per una transformaci\u00f3 digital al ritme d\u2019una transformaci\u00f3 social\"}]},{\"@type\":\"WebSite\",\"@id\":\"https:\\\/\\\/www.fundacioires.org\\\/#website\",\"url\":\"https:\\\/\\\/www.fundacioires.org\\\/\",\"name\":\"Fundaci\u00f3 IRES\",\"description\":\"\",\"publisher\":{\"@id\":\"https:\\\/\\\/www.fundacioires.org\\\/#organization\"},\"potentialAction\":[{\"@type\":\"SearchAction\",\"target\":{\"@type\":\"EntryPoint\",\"urlTemplate\":\"https:\\\/\\\/www.fundacioires.org\\\/?s={search_term_string}\"},\"query-input\":{\"@type\":\"PropertyValueSpecification\",\"valueRequired\":true,\"valueName\":\"search_term_string\"}}],\"inLanguage\":\"ca-ES\"},{\"@type\":\"Organization\",\"@id\":\"https:\\\/\\\/www.fundacioires.org\\\/#organization\",\"name\":\"Fundanci\u00f3n IRES\",\"url\":\"https:\\\/\\\/www.fundacioires.org\\\/\",\"logo\":{\"@type\":\"ImageObject\",\"inLanguage\":\"ca-ES\",\"@id\":\"https:\\\/\\\/www.fundacioires.org\\\/#\\\/schema\\\/logo\\\/image\\\/\",\"url\":\"https:\\\/\\\/i0.wp.com\\\/www.fundacioires.org\\\/wp-content\\\/uploads\\\/faviconIRES.png?fit=32%2C32&ssl=1\",\"contentUrl\":\"https:\\\/\\\/i0.wp.com\\\/www.fundacioires.org\\\/wp-content\\\/uploads\\\/faviconIRES.png?fit=32%2C32&ssl=1\",\"width\":32,\"height\":32,\"caption\":\"Fundanci\u00f3n IRES\"},\"image\":{\"@id\":\"https:\\\/\\\/www.fundacioires.org\\\/#\\\/schema\\\/logo\\\/image\\\/\"}},{\"@type\":\"Person\",\"@id\":\"https:\\\/\\\/www.fundacioires.org\\\/#\\\/schema\\\/person\\\/160af843c565221ef4664a5c7000791c\",\"name\":\"Fundaci\u00f3 IRES\"}]}<\/script>\n<!-- \/ Yoast SEO plugin. -->","yoast_head_json":{"title":"Per una transformaci\u00f3 digital al ritme d\u2019una transformaci\u00f3 social - Fundaci\u00f3 IRES","description":"Reflexions del webinar sobre impacte i innovaci\u00f3 social per una transformaci\u00f3 digital al ritme d\u2019una transformaci\u00f3 social","robots":{"index":"index","follow":"follow","max-snippet":"max-snippet:-1","max-image-preview":"max-image-preview:large","max-video-preview":"max-video-preview:-1"},"canonical":"https:\/\/www.fundacioires.org\/ca\/innovacio-social-transformacio-digital\/","og_locale":"ca_ES","og_type":"article","og_title":"Per una transformaci\u00f3 digital al ritme d\u2019una transformaci\u00f3 social - Fundaci\u00f3 IRES","og_description":"Reflexions del webinar sobre impacte i innovaci\u00f3 social per una transformaci\u00f3 digital al ritme d\u2019una transformaci\u00f3 social","og_url":"https:\/\/www.fundacioires.org\/ca\/innovacio-social-transformacio-digital\/","og_site_name":"Fundaci\u00f3 IRES","article_published_time":"2021-10-07T16:51:30+00:00","article_modified_time":"2021-10-08T09:19:58+00:00","og_image":[{"width":2560,"height":1280,"url":"https:\/\/i1.wp.com\/www.fundacioires.org\/wp-content\/uploads\/Diseno-sin-titulo-scaled.jpg?fit=2560%2C1280&ssl=1","type":"image\/jpeg"}],"author":"Fundaci\u00f3 IRES","twitter_card":"summary_large_image","twitter_misc":{"Written by":"Fundaci\u00f3 IRES","Est. reading time":"3 minutes"},"schema":{"@context":"https:\/\/schema.org","@graph":[{"@type":"Article","@id":"https:\/\/www.fundacioires.org\/ca\/innovacio-social-transformacio-digital\/#article","isPartOf":{"@id":"https:\/\/www.fundacioires.org\/ca\/innovacio-social-transformacio-digital\/"},"author":{"name":"Fundaci\u00f3 IRES","@id":"https:\/\/www.fundacioires.org\/#\/schema\/person\/160af843c565221ef4664a5c7000791c"},"headline":"Per una transformaci\u00f3 digital al ritme d\u2019una transformaci\u00f3 social","datePublished":"2021-10-07T16:51:30+00:00","dateModified":"2021-10-08T09:19:58+00:00","mainEntityOfPage":{"@id":"https:\/\/www.fundacioires.org\/ca\/innovacio-social-transformacio-digital\/"},"wordCount":532,"publisher":{"@id":"https:\/\/www.fundacioires.org\/#organization"},"image":{"@id":"https:\/\/www.fundacioires.org\/ca\/innovacio-social-transformacio-digital\/#primaryimage"},"thumbnailUrl":"https:\/\/i0.wp.com\/www.fundacioires.org\/wp-content\/uploads\/Diseno-sin-titulo-scaled.jpg?fit=2560%2C1280&ssl=1","articleSection":["Campanyes de captaci\u00f3 i sensibilitzaci\u00f3","IRES-Blog"],"inLanguage":"ca-ES"},{"@type":"WebPage","@id":"https:\/\/www.fundacioires.org\/ca\/innovacio-social-transformacio-digital\/","url":"https:\/\/www.fundacioires.org\/ca\/innovacio-social-transformacio-digital\/","name":"Per una transformaci\u00f3 digital al ritme d\u2019una transformaci\u00f3 social - Fundaci\u00f3 IRES","isPartOf":{"@id":"https:\/\/www.fundacioires.org\/#website"},"primaryImageOfPage":{"@id":"https:\/\/www.fundacioires.org\/ca\/innovacio-social-transformacio-digital\/#primaryimage"},"image":{"@id":"https:\/\/www.fundacioires.org\/ca\/innovacio-social-transformacio-digital\/#primaryimage"},"thumbnailUrl":"https:\/\/i0.wp.com\/www.fundacioires.org\/wp-content\/uploads\/Diseno-sin-titulo-scaled.jpg?fit=2560%2C1280&ssl=1","datePublished":"2021-10-07T16:51:30+00:00","dateModified":"2021-10-08T09:19:58+00:00","description":"Reflexions del webinar sobre impacte i innovaci\u00f3 social per una transformaci\u00f3 digital al ritme d\u2019una transformaci\u00f3 social","breadcrumb":{"@id":"https:\/\/www.fundacioires.org\/ca\/innovacio-social-transformacio-digital\/#breadcrumb"},"inLanguage":"ca-ES","potentialAction":[{"@type":"ReadAction","target":["https:\/\/www.fundacioires.org\/ca\/innovacio-social-transformacio-digital\/"]}]},{"@type":"ImageObject","inLanguage":"ca-ES","@id":"https:\/\/www.fundacioires.org\/ca\/innovacio-social-transformacio-digital\/#primaryimage","url":"https:\/\/i0.wp.com\/www.fundacioires.org\/wp-content\/uploads\/Diseno-sin-titulo-scaled.jpg?fit=2560%2C1280&ssl=1","contentUrl":"https:\/\/i0.wp.com\/www.fundacioires.org\/wp-content\/uploads\/Diseno-sin-titulo-scaled.jpg?fit=2560%2C1280&ssl=1","width":2560,"height":1280},{"@type":"BreadcrumbList","@id":"https:\/\/www.fundacioires.org\/ca\/innovacio-social-transformacio-digital\/#breadcrumb","itemListElement":[{"@type":"ListItem","position":1,"name":"Portada","item":"https:\/\/www.fundacioires.org\/"},{"@type":"ListItem","position":2,"name":"Per una transformaci\u00f3 digital al ritme d\u2019una transformaci\u00f3 social"}]},{"@type":"WebSite","@id":"https:\/\/www.fundacioires.org\/#website","url":"https:\/\/www.fundacioires.org\/","name":"Fundaci\u00f3 IRES","description":"","publisher":{"@id":"https:\/\/www.fundacioires.org\/#organization"},"potentialAction":[{"@type":"SearchAction","target":{"@type":"EntryPoint","urlTemplate":"https:\/\/www.fundacioires.org\/?s={search_term_string}"},"query-input":{"@type":"PropertyValueSpecification","valueRequired":true,"valueName":"search_term_string"}}],"inLanguage":"ca-ES"},{"@type":"Organization","@id":"https:\/\/www.fundacioires.org\/#organization","name":"Fundanci\u00f3n IRES","url":"https:\/\/www.fundacioires.org\/","logo":{"@type":"ImageObject","inLanguage":"ca-ES","@id":"https:\/\/www.fundacioires.org\/#\/schema\/logo\/image\/","url":"https:\/\/i0.wp.com\/www.fundacioires.org\/wp-content\/uploads\/faviconIRES.png?fit=32%2C32&ssl=1","contentUrl":"https:\/\/i0.wp.com\/www.fundacioires.org\/wp-content\/uploads\/faviconIRES.png?fit=32%2C32&ssl=1","width":32,"height":32,"caption":"Fundanci\u00f3n IRES"},"image":{"@id":"https:\/\/www.fundacioires.org\/#\/schema\/logo\/image\/"}},{"@type":"Person","@id":"https:\/\/www.fundacioires.org\/#\/schema\/person\/160af843c565221ef4664a5c7000791c","name":"Fundaci\u00f3 IRES"}]}},"jetpack_featured_media_url":"https:\/\/i0.wp.com\/www.fundacioires.org\/wp-content\/uploads\/Diseno-sin-titulo-scaled.jpg?fit=2560%2C1280&ssl=1","jetpack_sharing_enabled":true,"_links":{"self":[{"href":"https:\/\/www.fundacioires.org\/ca\/wp-json\/wp\/v2\/posts\/35443","targetHints":{"allow":["GET"]}}],"collection":[{"href":"https:\/\/www.fundacioires.org\/ca\/wp-json\/wp\/v2\/posts"}],"about":[{"href":"https:\/\/www.fundacioires.org\/ca\/wp-json\/wp\/v2\/types\/post"}],"author":[{"embeddable":true,"href":"https:\/\/www.fundacioires.org\/ca\/wp-json\/wp\/v2\/users\/7"}],"replies":[{"embeddable":true,"href":"https:\/\/www.fundacioires.org\/ca\/wp-json\/wp\/v2\/comments?post=35443"}],"version-history":[{"count":5,"href":"https:\/\/www.fundacioires.org\/ca\/wp-json\/wp\/v2\/posts\/35443\/revisions"}],"predecessor-version":[{"id":35466,"href":"https:\/\/www.fundacioires.org\/ca\/wp-json\/wp\/v2\/posts\/35443\/revisions\/35466"}],"wp:featuredmedia":[{"embeddable":true,"href":"https:\/\/www.fundacioires.org\/ca\/wp-json\/wp\/v2\/media\/35445"}],"wp:attachment":[{"href":"https:\/\/www.fundacioires.org\/ca\/wp-json\/wp\/v2\/media?parent=35443"}],"wp:term":[{"taxonomy":"category","embeddable":true,"href":"https:\/\/www.fundacioires.org\/ca\/wp-json\/wp\/v2\/categories?post=35443"},{"taxonomy":"post_tag","embeddable":true,"href":"https:\/\/www.fundacioires.org\/ca\/wp-json\/wp\/v2\/tags?post=35443"}],"curies":[{"name":"wp","href":"https:\/\/api.w.org\/{rel}","templated":true}]}}