{"id":3646,"date":"2019-05-02T11:24:39","date_gmt":"2019-05-02T09:24:39","guid":{"rendered":"http:\/\/www.fundacioires.org\/?p=3646"},"modified":"2021-07-23T12:44:50","modified_gmt":"2021-07-23T10:44:50","slug":"fundacio-ires-beneficiaria-del-programa-de-garantia-juvenil-%ef%bb%bf","status":"publish","type":"post","link":"https:\/\/www.fundacioires.org\/ca\/fundacio-ires-beneficiaria-del-programa-de-garantia-juvenil-%ef%bb%bf\/","title":{"rendered":"Fundaci\u00f3 IRES benefici\u00e0ria del Programa de Garantia Juvenil \ufeff"},"content":{"rendered":"\n<p>Aquest mes d\u2019abril finalitza l\u2019etapa d\u2019estada de tres\njoves a diferents departaments de la Fundaci\u00f3 IReS, on han pogut dur a terme\ndiferents tasques segons la seva preparaci\u00f3 i orientaci\u00f3 laboral. L\u2019entitat ha\nestat aix\u00ed beneficiada per tercer any per aquest projecte subvencionat pel <strong>Servei P\u00fablic d\u2019Ocupaci\u00f3 de Catalunya<\/strong> i\nel <strong>Fons Social.<\/strong><\/p>\n\n\n\n<p>Com a treballadors i treballadores de l\u2019entitat\nsocial, els joves es van sumar a la plantilla de la fundaci\u00f3 durant <strong>un per\u00edode de sis mesos<\/strong>. El resultat de\nla seva adhesi\u00f3 a l\u2019equip ha estat molt satisfactori ja que han pogut potenciar\nles seves aptituds i coneixements dins del seu camp de formaci\u00f3.<\/p>\n\n\n\n<p>El programa de Garantia Juvenil s\u2019emmarca dins de\nl\u2019Estrat\u00e8gia Europa 2020 de la Uni\u00f3 Europea que estableix com a <strong>prioritat el creixement sostenible i\nintegrador sobre la base del coneixemen<\/strong>t. Una prioritat que inclou\nl\u2019objectiu d\u2019una <strong>major cohesi\u00f3 social i\nterritorial i un alt nivell d\u2019ocupaci\u00f3<\/strong>.<\/p>\n\n\n\n<p>Alhora, el programa constitueix <strong>una eina per fer front a la situaci\u00f3 de desocupaci\u00f3 juvenil<\/strong> ja que\nels elevats percentatges de persones joves que estan en situaci\u00f3 d\u2019atur, o que\nhan abandonat prematurament el sistema educatiu i que es troben sense feina i\nsense millorar la seva formaci\u00f3 constitueixen una preocupaci\u00f3 social \u00e0mpliament\ncompartida per la societat catalana i el Govern de la Generalitat, que la\nFundaci\u00f3 tamb\u00e9 assumeix com a pr\u00f2pia. <\/p>\n\n\n\n<p>Durant el per\u00edode estimat del contracte els joves han\nrebut la formaci\u00f3 professional per part dels professionals de la Fundaci\u00f3 i han\ndesenvolupat les tasques assignades als seus respectius llocs de treball per\ncompletar l\u2019experi\u00e8ncia laboral.<\/p>\n\n\n\n<p>La Garantia Juvenil a Catalunya dona resposta a tot l\u2019ampli espectre de perfils de joves que es troben en situaci\u00f3 de vulnerabilitat formativa, laboral o la combinaci\u00f3 de les dues, amb especial incid\u00e8ncia en aquest darrer col\u00b7lectiu.<\/p>\n\n\n\n<figure class=\"wp-block-image\"><img loading=\"lazy\" decoding=\"async\" width=\"1200\" height=\"628\" src=\"https:\/\/i0.wp.com\/www.fundacioires.org\/wp-content\/uploads\/Garantia-Juvenil-2019-a-IRES-1-1.png?fit=1024%2C536&amp;ssl=1\" alt=\"\" class=\"wp-image-3652\" srcset=\"https:\/\/i0.wp.com\/www.fundacioires.org\/wp-content\/uploads\/Garantia-Juvenil-2019-a-IRES-1-1.png?w=1200&amp;ssl=1 1200w, https:\/\/i0.wp.com\/www.fundacioires.org\/wp-content\/uploads\/Garantia-Juvenil-2019-a-IRES-1-1.png?resize=300%2C157&amp;ssl=1 300w, https:\/\/i0.wp.com\/www.fundacioires.org\/wp-content\/uploads\/Garantia-Juvenil-2019-a-IRES-1-1.png?resize=768%2C402&amp;ssl=1 768w, https:\/\/i0.wp.com\/www.fundacioires.org\/wp-content\/uploads\/Garantia-Juvenil-2019-a-IRES-1-1.png?resize=1024%2C536&amp;ssl=1 1024w\" sizes=\"(max-width: 1000px) 100vw, 1000px\" \/><\/figure>\n","protected":false},"excerpt":{"rendered":"<p>L\u2019entitat participa per tercer any de la iniciativa d\u2019ocupaci\u00f3 juvenil de la Uni\u00f3 Europea, que t\u00e9 com a objectiu incentivar la contractaci\u00f3 laboral en pr\u00e0ctiques de joves amb formaci\u00f3<\/p>\n","protected":false},"author":7,"featured_media":3649,"comment_status":"closed","ping_status":"open","sticky":false,"template":"","format":"standard","meta":{"_jetpack_memberships_contains_paid_content":false,"footnotes":""},"categories":[19],"tags":[],"class_list":["post-3646","post","type-post","status-publish","format-standard","has-post-thumbnail","hentry","category-ires-blog"],"yoast_head":"<!-- This site is optimized with the Yoast SEO plugin v27.4 - https:\/\/yoast.com\/product\/yoast-seo-wordpress\/ -->\n<title>Fundaci\u00f3 IRES benefici\u00e0ria del Programa de Garantia Juvenil \ufeff - Fundaci\u00f3 IRES<\/title>\n<meta name=\"robots\" content=\"index, follow, max-snippet:-1, max-image-preview:large, max-video-preview:-1\" \/>\n<link rel=\"canonical\" href=\"https:\/\/www.fundacioires.org\/ca\/fundacio-ires-beneficiaria-del-programa-de-garantia-juvenil-\ufeff\/\" \/>\n<meta property=\"og:locale\" content=\"ca_ES\" \/>\n<meta property=\"og:type\" content=\"article\" \/>\n<meta property=\"og:title\" content=\"Fundaci\u00f3 IRES benefici\u00e0ria del Programa de Garantia Juvenil \ufeff - Fundaci\u00f3 IRES\" \/>\n<meta property=\"og:description\" content=\"L\u2019entitat participa per tercer any de la iniciativa d\u2019ocupaci\u00f3 juvenil de la Uni\u00f3 Europea, que t\u00e9 com a objectiu incentivar la contractaci\u00f3 laboral en pr\u00e0ctiques de joves amb formaci\u00f3\" \/>\n<meta property=\"og:url\" content=\"https:\/\/www.fundacioires.org\/ca\/fundacio-ires-beneficiaria-del-programa-de-garantia-juvenil-\ufeff\/\" \/>\n<meta property=\"og:site_name\" content=\"Fundaci\u00f3 IRES\" \/>\n<meta property=\"article:published_time\" content=\"2019-05-02T09:24:39+00:00\" \/>\n<meta property=\"article:modified_time\" content=\"2021-07-23T10:44:50+00:00\" \/>\n<meta property=\"og:image\" content=\"https:\/\/i0.wp.com\/www.fundacioires.org\/wp-content\/uploads\/Garantia-Juvenil-2019-a-IRES-2.png?fit=1200%2C628&ssl=1\" \/>\n\t<meta property=\"og:image:width\" content=\"1200\" \/>\n\t<meta property=\"og:image:height\" content=\"628\" \/>\n\t<meta property=\"og:image:type\" content=\"image\/png\" \/>\n<meta name=\"author\" content=\"Fundaci\u00f3 IRES\" \/>\n<meta name=\"twitter:card\" content=\"summary_large_image\" \/>\n<meta name=\"twitter:label1\" content=\"Written by\" \/>\n\t<meta name=\"twitter:data1\" content=\"Fundaci\u00f3 IRES\" \/>\n\t<meta name=\"twitter:label2\" content=\"Est. reading time\" \/>\n\t<meta name=\"twitter:data2\" content=\"2 minutes\" \/>\n<script type=\"application\/ld+json\" class=\"yoast-schema-graph\">{\"@context\":\"https:\\\/\\\/schema.org\",\"@graph\":[{\"@type\":\"Article\",\"@id\":\"https:\\\/\\\/www.fundacioires.org\\\/ca\\\/fundacio-ires-beneficiaria-del-programa-de-garantia-juvenil-%ef%bb%bf\\\/#article\",\"isPartOf\":{\"@id\":\"https:\\\/\\\/www.fundacioires.org\\\/ca\\\/fundacio-ires-beneficiaria-del-programa-de-garantia-juvenil-%ef%bb%bf\\\/\"},\"author\":{\"name\":\"Fundaci\u00f3 IRES\",\"@id\":\"https:\\\/\\\/www.fundacioires.org\\\/#\\\/schema\\\/person\\\/160af843c565221ef4664a5c7000791c\"},\"headline\":\"Fundaci\u00f3 IRES benefici\u00e0ria del Programa de Garantia Juvenil \ufeff\",\"datePublished\":\"2019-05-02T09:24:39+00:00\",\"dateModified\":\"2021-07-23T10:44:50+00:00\",\"mainEntityOfPage\":{\"@id\":\"https:\\\/\\\/www.fundacioires.org\\\/ca\\\/fundacio-ires-beneficiaria-del-programa-de-garantia-juvenil-%ef%bb%bf\\\/\"},\"wordCount\":328,\"publisher\":{\"@id\":\"https:\\\/\\\/www.fundacioires.org\\\/#organization\"},\"image\":{\"@id\":\"https:\\\/\\\/www.fundacioires.org\\\/ca\\\/fundacio-ires-beneficiaria-del-programa-de-garantia-juvenil-%ef%bb%bf\\\/#primaryimage\"},\"thumbnailUrl\":\"https:\\\/\\\/i0.wp.com\\\/www.fundacioires.org\\\/wp-content\\\/uploads\\\/Garantia-Juvenil-2019-a-IRES-2.png?fit=1200%2C628&ssl=1\",\"articleSection\":[\"IRES-Blog\"],\"inLanguage\":\"ca-ES\"},{\"@type\":\"WebPage\",\"@id\":\"https:\\\/\\\/www.fundacioires.org\\\/ca\\\/fundacio-ires-beneficiaria-del-programa-de-garantia-juvenil-%ef%bb%bf\\\/\",\"url\":\"https:\\\/\\\/www.fundacioires.org\\\/ca\\\/fundacio-ires-beneficiaria-del-programa-de-garantia-juvenil-%ef%bb%bf\\\/\",\"name\":\"Fundaci\u00f3 IRES benefici\u00e0ria del Programa de Garantia Juvenil \ufeff - Fundaci\u00f3 IRES\",\"isPartOf\":{\"@id\":\"https:\\\/\\\/www.fundacioires.org\\\/#website\"},\"primaryImageOfPage\":{\"@id\":\"https:\\\/\\\/www.fundacioires.org\\\/ca\\\/fundacio-ires-beneficiaria-del-programa-de-garantia-juvenil-%ef%bb%bf\\\/#primaryimage\"},\"image\":{\"@id\":\"https:\\\/\\\/www.fundacioires.org\\\/ca\\\/fundacio-ires-beneficiaria-del-programa-de-garantia-juvenil-%ef%bb%bf\\\/#primaryimage\"},\"thumbnailUrl\":\"https:\\\/\\\/i0.wp.com\\\/www.fundacioires.org\\\/wp-content\\\/uploads\\\/Garantia-Juvenil-2019-a-IRES-2.png?fit=1200%2C628&ssl=1\",\"datePublished\":\"2019-05-02T09:24:39+00:00\",\"dateModified\":\"2021-07-23T10:44:50+00:00\",\"breadcrumb\":{\"@id\":\"https:\\\/\\\/www.fundacioires.org\\\/ca\\\/fundacio-ires-beneficiaria-del-programa-de-garantia-juvenil-%ef%bb%bf\\\/#breadcrumb\"},\"inLanguage\":\"ca-ES\",\"potentialAction\":[{\"@type\":\"ReadAction\",\"target\":[\"https:\\\/\\\/www.fundacioires.org\\\/ca\\\/fundacio-ires-beneficiaria-del-programa-de-garantia-juvenil-%ef%bb%bf\\\/\"]}]},{\"@type\":\"ImageObject\",\"inLanguage\":\"ca-ES\",\"@id\":\"https:\\\/\\\/www.fundacioires.org\\\/ca\\\/fundacio-ires-beneficiaria-del-programa-de-garantia-juvenil-%ef%bb%bf\\\/#primaryimage\",\"url\":\"https:\\\/\\\/i0.wp.com\\\/www.fundacioires.org\\\/wp-content\\\/uploads\\\/Garantia-Juvenil-2019-a-IRES-2.png?fit=1200%2C628&ssl=1\",\"contentUrl\":\"https:\\\/\\\/i0.wp.com\\\/www.fundacioires.org\\\/wp-content\\\/uploads\\\/Garantia-Juvenil-2019-a-IRES-2.png?fit=1200%2C628&ssl=1\",\"width\":1200,\"height\":628},{\"@type\":\"BreadcrumbList\",\"@id\":\"https:\\\/\\\/www.fundacioires.org\\\/ca\\\/fundacio-ires-beneficiaria-del-programa-de-garantia-juvenil-%ef%bb%bf\\\/#breadcrumb\",\"itemListElement\":[{\"@type\":\"ListItem\",\"position\":1,\"name\":\"Portada\",\"item\":\"https:\\\/\\\/www.fundacioires.org\\\/\"},{\"@type\":\"ListItem\",\"position\":2,\"name\":\"Fundaci\u00f3 IRES benefici\u00e0ria del Programa de Garantia Juvenil \ufeff\"}]},{\"@type\":\"WebSite\",\"@id\":\"https:\\\/\\\/www.fundacioires.org\\\/#website\",\"url\":\"https:\\\/\\\/www.fundacioires.org\\\/\",\"name\":\"Fundaci\u00f3 IRES\",\"description\":\"\",\"publisher\":{\"@id\":\"https:\\\/\\\/www.fundacioires.org\\\/#organization\"},\"potentialAction\":[{\"@type\":\"SearchAction\",\"target\":{\"@type\":\"EntryPoint\",\"urlTemplate\":\"https:\\\/\\\/www.fundacioires.org\\\/?s={search_term_string}\"},\"query-input\":{\"@type\":\"PropertyValueSpecification\",\"valueRequired\":true,\"valueName\":\"search_term_string\"}}],\"inLanguage\":\"ca-ES\"},{\"@type\":\"Organization\",\"@id\":\"https:\\\/\\\/www.fundacioires.org\\\/#organization\",\"name\":\"Fundanci\u00f3n IRES\",\"url\":\"https:\\\/\\\/www.fundacioires.org\\\/\",\"logo\":{\"@type\":\"ImageObject\",\"inLanguage\":\"ca-ES\",\"@id\":\"https:\\\/\\\/www.fundacioires.org\\\/#\\\/schema\\\/logo\\\/image\\\/\",\"url\":\"https:\\\/\\\/i0.wp.com\\\/www.fundacioires.org\\\/wp-content\\\/uploads\\\/faviconIRES.png?fit=32%2C32&ssl=1\",\"contentUrl\":\"https:\\\/\\\/i0.wp.com\\\/www.fundacioires.org\\\/wp-content\\\/uploads\\\/faviconIRES.png?fit=32%2C32&ssl=1\",\"width\":32,\"height\":32,\"caption\":\"Fundanci\u00f3n IRES\"},\"image\":{\"@id\":\"https:\\\/\\\/www.fundacioires.org\\\/#\\\/schema\\\/logo\\\/image\\\/\"}},{\"@type\":\"Person\",\"@id\":\"https:\\\/\\\/www.fundacioires.org\\\/#\\\/schema\\\/person\\\/160af843c565221ef4664a5c7000791c\",\"name\":\"Fundaci\u00f3 IRES\"}]}<\/script>\n<!-- \/ Yoast SEO plugin. -->","yoast_head_json":{"title":"Fundaci\u00f3 IRES benefici\u00e0ria del Programa de Garantia Juvenil \ufeff - Fundaci\u00f3 IRES","robots":{"index":"index","follow":"follow","max-snippet":"max-snippet:-1","max-image-preview":"max-image-preview:large","max-video-preview":"max-video-preview:-1"},"canonical":"https:\/\/www.fundacioires.org\/ca\/fundacio-ires-beneficiaria-del-programa-de-garantia-juvenil-\ufeff\/","og_locale":"ca_ES","og_type":"article","og_title":"Fundaci\u00f3 IRES benefici\u00e0ria del Programa de Garantia Juvenil \ufeff - Fundaci\u00f3 IRES","og_description":"L\u2019entitat participa per tercer any de la iniciativa d\u2019ocupaci\u00f3 juvenil de la Uni\u00f3 Europea, que t\u00e9 com a objectiu incentivar la contractaci\u00f3 laboral en pr\u00e0ctiques de joves amb formaci\u00f3","og_url":"https:\/\/www.fundacioires.org\/ca\/fundacio-ires-beneficiaria-del-programa-de-garantia-juvenil-\ufeff\/","og_site_name":"Fundaci\u00f3 IRES","article_published_time":"2019-05-02T09:24:39+00:00","article_modified_time":"2021-07-23T10:44:50+00:00","og_image":[{"width":1200,"height":628,"url":"https:\/\/i0.wp.com\/www.fundacioires.org\/wp-content\/uploads\/Garantia-Juvenil-2019-a-IRES-2.png?fit=1200%2C628&ssl=1","type":"image\/png"}],"author":"Fundaci\u00f3 IRES","twitter_card":"summary_large_image","twitter_misc":{"Written by":"Fundaci\u00f3 IRES","Est. reading time":"2 minutes"},"schema":{"@context":"https:\/\/schema.org","@graph":[{"@type":"Article","@id":"https:\/\/www.fundacioires.org\/ca\/fundacio-ires-beneficiaria-del-programa-de-garantia-juvenil-%ef%bb%bf\/#article","isPartOf":{"@id":"https:\/\/www.fundacioires.org\/ca\/fundacio-ires-beneficiaria-del-programa-de-garantia-juvenil-%ef%bb%bf\/"},"author":{"name":"Fundaci\u00f3 IRES","@id":"https:\/\/www.fundacioires.org\/#\/schema\/person\/160af843c565221ef4664a5c7000791c"},"headline":"Fundaci\u00f3 IRES benefici\u00e0ria del Programa de Garantia Juvenil \ufeff","datePublished":"2019-05-02T09:24:39+00:00","dateModified":"2021-07-23T10:44:50+00:00","mainEntityOfPage":{"@id":"https:\/\/www.fundacioires.org\/ca\/fundacio-ires-beneficiaria-del-programa-de-garantia-juvenil-%ef%bb%bf\/"},"wordCount":328,"publisher":{"@id":"https:\/\/www.fundacioires.org\/#organization"},"image":{"@id":"https:\/\/www.fundacioires.org\/ca\/fundacio-ires-beneficiaria-del-programa-de-garantia-juvenil-%ef%bb%bf\/#primaryimage"},"thumbnailUrl":"https:\/\/i0.wp.com\/www.fundacioires.org\/wp-content\/uploads\/Garantia-Juvenil-2019-a-IRES-2.png?fit=1200%2C628&ssl=1","articleSection":["IRES-Blog"],"inLanguage":"ca-ES"},{"@type":"WebPage","@id":"https:\/\/www.fundacioires.org\/ca\/fundacio-ires-beneficiaria-del-programa-de-garantia-juvenil-%ef%bb%bf\/","url":"https:\/\/www.fundacioires.org\/ca\/fundacio-ires-beneficiaria-del-programa-de-garantia-juvenil-%ef%bb%bf\/","name":"Fundaci\u00f3 IRES benefici\u00e0ria del Programa de Garantia Juvenil \ufeff - Fundaci\u00f3 IRES","isPartOf":{"@id":"https:\/\/www.fundacioires.org\/#website"},"primaryImageOfPage":{"@id":"https:\/\/www.fundacioires.org\/ca\/fundacio-ires-beneficiaria-del-programa-de-garantia-juvenil-%ef%bb%bf\/#primaryimage"},"image":{"@id":"https:\/\/www.fundacioires.org\/ca\/fundacio-ires-beneficiaria-del-programa-de-garantia-juvenil-%ef%bb%bf\/#primaryimage"},"thumbnailUrl":"https:\/\/i0.wp.com\/www.fundacioires.org\/wp-content\/uploads\/Garantia-Juvenil-2019-a-IRES-2.png?fit=1200%2C628&ssl=1","datePublished":"2019-05-02T09:24:39+00:00","dateModified":"2021-07-23T10:44:50+00:00","breadcrumb":{"@id":"https:\/\/www.fundacioires.org\/ca\/fundacio-ires-beneficiaria-del-programa-de-garantia-juvenil-%ef%bb%bf\/#breadcrumb"},"inLanguage":"ca-ES","potentialAction":[{"@type":"ReadAction","target":["https:\/\/www.fundacioires.org\/ca\/fundacio-ires-beneficiaria-del-programa-de-garantia-juvenil-%ef%bb%bf\/"]}]},{"@type":"ImageObject","inLanguage":"ca-ES","@id":"https:\/\/www.fundacioires.org\/ca\/fundacio-ires-beneficiaria-del-programa-de-garantia-juvenil-%ef%bb%bf\/#primaryimage","url":"https:\/\/i0.wp.com\/www.fundacioires.org\/wp-content\/uploads\/Garantia-Juvenil-2019-a-IRES-2.png?fit=1200%2C628&ssl=1","contentUrl":"https:\/\/i0.wp.com\/www.fundacioires.org\/wp-content\/uploads\/Garantia-Juvenil-2019-a-IRES-2.png?fit=1200%2C628&ssl=1","width":1200,"height":628},{"@type":"BreadcrumbList","@id":"https:\/\/www.fundacioires.org\/ca\/fundacio-ires-beneficiaria-del-programa-de-garantia-juvenil-%ef%bb%bf\/#breadcrumb","itemListElement":[{"@type":"ListItem","position":1,"name":"Portada","item":"https:\/\/www.fundacioires.org\/"},{"@type":"ListItem","position":2,"name":"Fundaci\u00f3 IRES benefici\u00e0ria del Programa de Garantia Juvenil \ufeff"}]},{"@type":"WebSite","@id":"https:\/\/www.fundacioires.org\/#website","url":"https:\/\/www.fundacioires.org\/","name":"Fundaci\u00f3 IRES","description":"","publisher":{"@id":"https:\/\/www.fundacioires.org\/#organization"},"potentialAction":[{"@type":"SearchAction","target":{"@type":"EntryPoint","urlTemplate":"https:\/\/www.fundacioires.org\/?s={search_term_string}"},"query-input":{"@type":"PropertyValueSpecification","valueRequired":true,"valueName":"search_term_string"}}],"inLanguage":"ca-ES"},{"@type":"Organization","@id":"https:\/\/www.fundacioires.org\/#organization","name":"Fundanci\u00f3n IRES","url":"https:\/\/www.fundacioires.org\/","logo":{"@type":"ImageObject","inLanguage":"ca-ES","@id":"https:\/\/www.fundacioires.org\/#\/schema\/logo\/image\/","url":"https:\/\/i0.wp.com\/www.fundacioires.org\/wp-content\/uploads\/faviconIRES.png?fit=32%2C32&ssl=1","contentUrl":"https:\/\/i0.wp.com\/www.fundacioires.org\/wp-content\/uploads\/faviconIRES.png?fit=32%2C32&ssl=1","width":32,"height":32,"caption":"Fundanci\u00f3n IRES"},"image":{"@id":"https:\/\/www.fundacioires.org\/#\/schema\/logo\/image\/"}},{"@type":"Person","@id":"https:\/\/www.fundacioires.org\/#\/schema\/person\/160af843c565221ef4664a5c7000791c","name":"Fundaci\u00f3 IRES"}]}},"jetpack_featured_media_url":"https:\/\/i0.wp.com\/www.fundacioires.org\/wp-content\/uploads\/Garantia-Juvenil-2019-a-IRES-2.png?fit=1200%2C628&ssl=1","jetpack_sharing_enabled":true,"_links":{"self":[{"href":"https:\/\/www.fundacioires.org\/ca\/wp-json\/wp\/v2\/posts\/3646","targetHints":{"allow":["GET"]}}],"collection":[{"href":"https:\/\/www.fundacioires.org\/ca\/wp-json\/wp\/v2\/posts"}],"about":[{"href":"https:\/\/www.fundacioires.org\/ca\/wp-json\/wp\/v2\/types\/post"}],"author":[{"embeddable":true,"href":"https:\/\/www.fundacioires.org\/ca\/wp-json\/wp\/v2\/users\/7"}],"replies":[{"embeddable":true,"href":"https:\/\/www.fundacioires.org\/ca\/wp-json\/wp\/v2\/comments?post=3646"}],"version-history":[{"count":2,"href":"https:\/\/www.fundacioires.org\/ca\/wp-json\/wp\/v2\/posts\/3646\/revisions"}],"predecessor-version":[{"id":3654,"href":"https:\/\/www.fundacioires.org\/ca\/wp-json\/wp\/v2\/posts\/3646\/revisions\/3654"}],"wp:featuredmedia":[{"embeddable":true,"href":"https:\/\/www.fundacioires.org\/ca\/wp-json\/wp\/v2\/media\/3649"}],"wp:attachment":[{"href":"https:\/\/www.fundacioires.org\/ca\/wp-json\/wp\/v2\/media?parent=3646"}],"wp:term":[{"taxonomy":"category","embeddable":true,"href":"https:\/\/www.fundacioires.org\/ca\/wp-json\/wp\/v2\/categories?post=3646"},{"taxonomy":"post_tag","embeddable":true,"href":"https:\/\/www.fundacioires.org\/ca\/wp-json\/wp\/v2\/tags?post=3646"}],"curies":[{"name":"wp","href":"https:\/\/api.w.org\/{rel}","templated":true}]}}