{"id":37149,"date":"2021-12-15T18:52:45","date_gmt":"2021-12-15T17:52:45","guid":{"rendered":"https:\/\/www.fundacioires.org\/?p=37149"},"modified":"2022-03-30T16:07:00","modified_gmt":"2022-03-30T14:07:00","slug":"cap-infant-enrere-mes-de-144-000e-recaptats-amb-el-suport-de-viena-i-worldcoo","status":"publish","type":"post","link":"https:\/\/www.fundacioires.org\/ca\/cap-infant-enrere-mes-de-144-000e-recaptats-amb-el-suport-de-viena-i-worldcoo\/","title":{"rendered":"Cap infant enrere: M\u00e9s de 144.000\u20ac recaptats amb el suport de VIENA i Worldcoo"},"content":{"rendered":"\n<p>La campanya que es va iniciar en desembre de 2020<strong>, ha r<\/strong>ecaptat un total de 144.054\u20ac, superant el 100% del darrer l\u2019objectiu plantejat i tot gr\u00e0cies a la col\u00b7laboraci\u00f3 dels vienesos i vieneses que han arrodonit la seva consumici\u00f3 amb un donatiu durant aquest any. La iniciativa per\u00f2 no hagu\u00e9s estat possible sense el suport de VIENA i Worldcoo.<\/p>\n\n\n\n<p>El recapte econ\u00f2mic final anir\u00e0 \u00edntegrament destinat al programa <strong>EDUCACI\u00d3 PER LA INF\u00c0NCIA<\/strong>, amb el qual es vol beneficiar a <strong>200 infants d\u2019entre 3 i 12 anys i les seves fam\u00edlies<\/strong> amb suport i acompanyament educatiu i dotaci\u00f3 de recursos m aterials.<\/p>\n\n\n\n<p>La crisi sanit\u00e0ria provocada per la COVID-19 i el trastorn que ha sofert el nostre sistema educatiu \u2014tancament d\u2019escoles, confinament, educaci\u00f3 virtual\u2026\u2014 est\u00e0 tenint un gran impacte en el benestar emocional i el desenvolupament educatiu dels infants.<\/p>\n\n\n\n<p>Per aquest motiu, amb el programa EDUCACI\u00d3 PE<strong>R LA INF\u00c0NCIA<\/strong>, es treballa perqu\u00e8 en el proper curs escolar<strong> la inf\u00e0ncia en situaci\u00f3 vulnerable pugui exercir el seu dret fonamental d\u2019accedir a una educaci\u00f3 universal i equitativa, <\/strong>i les seves fam\u00edlies puguin rebre l\u2019acompanyament i l\u2019ajuda necess\u00e0ria sense generar major pressi\u00f3 en la seva situaci\u00f3 precaritzada, mitigant els efectes que l\u2019a\u00efllament ha tingut en l\u2019<strong>esfera emocional, social i educativa<\/strong> de molts nens i nenes.<\/p>\n\n\n\n<p class=\"has-background\" style=\"background-color:#caeae0\"><strong><em>Gr\u00e0cies a la implicaci\u00f3 i el comprom\u00eds de la cadena de restaurants VIENA i Worldcoo, hem assolit l\u2019objectiu de la campanya C\u00e8ntim a c\u00e8ntim: cap infant enrere amb l\u2019objectiu de recaptar fons per al programa Educaci\u00f3 per la inf\u00e0ncia i proporcionar als nens i nenes de les fam\u00edlies que atenem a trav\u00e9s dels nostres serveis els recursos materials i l\u2019acompanyament educatiu, emocional i psicol\u00f2gic necessari per a mitigar els efectes de la crisi sanit\u00e0ria que estem vivint.<\/em><\/strong><\/p>\n","protected":false},"excerpt":{"rendered":"<p>Finalitza la nostra campanya d\u2019arrodoniment solidari \u2018C\u00e8ntim a c\u00e8ntim: Cap infant enrere\u2019, sumant un total de 1.661.608 donacions realitzades pels clients i clientes dels establiments Viena de Catalunya i que aniran destinades a l\u2019atenci\u00f3 infants entre 3 i 12 anys en situaci\u00f3 de vulnerabilitat<\/p>\n","protected":false},"author":7,"featured_media":37150,"comment_status":"closed","ping_status":"open","sticky":false,"template":"","format":"standard","meta":{"_jetpack_memberships_contains_paid_content":false,"footnotes":""},"categories":[24],"tags":[],"class_list":["post-37149","post","type-post","status-publish","format-standard","has-post-thumbnail","hentry","category-campanyes-de-captacio-i-sensibilitzacio"],"yoast_head":"<!-- This site is optimized with the Yoast SEO plugin v27.4 - https:\/\/yoast.com\/product\/yoast-seo-wordpress\/ -->\n<title>Cap infant enrere: M\u00e9s de 144.000\u20ac recaptats amb el suport de VIENA i Worldcoo - Fundaci\u00f3 IRES<\/title>\n<meta name=\"robots\" content=\"index, follow, max-snippet:-1, max-image-preview:large, max-video-preview:-1\" \/>\n<link rel=\"canonical\" href=\"https:\/\/www.fundacioires.org\/ca\/cap-infant-enrere-mes-de-144-000e-recaptats-amb-el-suport-de-viena-i-worldcoo\/\" \/>\n<meta property=\"og:locale\" content=\"ca_ES\" \/>\n<meta property=\"og:type\" content=\"article\" \/>\n<meta property=\"og:title\" content=\"Cap infant enrere: M\u00e9s de 144.000\u20ac recaptats amb el suport de VIENA i Worldcoo - Fundaci\u00f3 IRES\" \/>\n<meta property=\"og:description\" content=\"Finalitza la nostra campanya d\u2019arrodoniment solidari \u2018C\u00e8ntim a c\u00e8ntim: Cap infant enrere\u2019, sumant un total de 1.661.608 donacions realitzades pels clients i clientes dels establiments Viena de Catalunya i que aniran destinades a l\u2019atenci\u00f3 infants entre 3 i 12 anys en situaci\u00f3 de vulnerabilitat\" \/>\n<meta property=\"og:url\" content=\"https:\/\/www.fundacioires.org\/ca\/cap-infant-enrere-mes-de-144-000e-recaptats-amb-el-suport-de-viena-i-worldcoo\/\" \/>\n<meta property=\"og:site_name\" content=\"Fundaci\u00f3 IRES\" \/>\n<meta property=\"article:published_time\" content=\"2021-12-15T17:52:45+00:00\" \/>\n<meta property=\"article:modified_time\" content=\"2022-03-30T14:07:00+00:00\" \/>\n<meta property=\"og:image\" content=\"https:\/\/www.fundacioires.org\/wp-content\/uploads\/PLANTILLA-NOTI-WEB-NOVIEMBRE-2020-6-scaled.jpg\" \/>\n\t<meta property=\"og:image:width\" content=\"2560\" \/>\n\t<meta property=\"og:image:height\" content=\"1340\" \/>\n\t<meta property=\"og:image:type\" content=\"image\/jpeg\" \/>\n<meta name=\"author\" content=\"Fundaci\u00f3 IRES\" \/>\n<meta name=\"twitter:card\" content=\"summary_large_image\" \/>\n<meta name=\"twitter:label1\" content=\"Written by\" \/>\n\t<meta name=\"twitter:data1\" content=\"Fundaci\u00f3 IRES\" \/>\n\t<meta name=\"twitter:label2\" content=\"Est. reading time\" \/>\n\t<meta name=\"twitter:data2\" content=\"2 minutes\" \/>\n<script type=\"application\/ld+json\" class=\"yoast-schema-graph\">{\"@context\":\"https:\\\/\\\/schema.org\",\"@graph\":[{\"@type\":\"Article\",\"@id\":\"https:\\\/\\\/www.fundacioires.org\\\/ca\\\/cap-infant-enrere-mes-de-144-000e-recaptats-amb-el-suport-de-viena-i-worldcoo\\\/#article\",\"isPartOf\":{\"@id\":\"https:\\\/\\\/www.fundacioires.org\\\/ca\\\/cap-infant-enrere-mes-de-144-000e-recaptats-amb-el-suport-de-viena-i-worldcoo\\\/\"},\"author\":{\"name\":\"Fundaci\u00f3 IRES\",\"@id\":\"https:\\\/\\\/www.fundacioires.org\\\/#\\\/schema\\\/person\\\/160af843c565221ef4664a5c7000791c\"},\"headline\":\"Cap infant enrere: M\u00e9s de 144.000\u20ac recaptats amb el suport de VIENA i Worldcoo\",\"datePublished\":\"2021-12-15T17:52:45+00:00\",\"dateModified\":\"2022-03-30T14:07:00+00:00\",\"mainEntityOfPage\":{\"@id\":\"https:\\\/\\\/www.fundacioires.org\\\/ca\\\/cap-infant-enrere-mes-de-144-000e-recaptats-amb-el-suport-de-viena-i-worldcoo\\\/\"},\"wordCount\":328,\"publisher\":{\"@id\":\"https:\\\/\\\/www.fundacioires.org\\\/#organization\"},\"image\":{\"@id\":\"https:\\\/\\\/www.fundacioires.org\\\/ca\\\/cap-infant-enrere-mes-de-144-000e-recaptats-amb-el-suport-de-viena-i-worldcoo\\\/#primaryimage\"},\"thumbnailUrl\":\"https:\\\/\\\/i0.wp.com\\\/www.fundacioires.org\\\/wp-content\\\/uploads\\\/PLANTILLA-NOTI-WEB-NOVIEMBRE-2020-6-scaled.jpg?fit=2560%2C1340&ssl=1\",\"articleSection\":[\"Campanyes de captaci\u00f3 i sensibilitzaci\u00f3\"],\"inLanguage\":\"ca-ES\"},{\"@type\":\"WebPage\",\"@id\":\"https:\\\/\\\/www.fundacioires.org\\\/ca\\\/cap-infant-enrere-mes-de-144-000e-recaptats-amb-el-suport-de-viena-i-worldcoo\\\/\",\"url\":\"https:\\\/\\\/www.fundacioires.org\\\/ca\\\/cap-infant-enrere-mes-de-144-000e-recaptats-amb-el-suport-de-viena-i-worldcoo\\\/\",\"name\":\"Cap infant enrere: M\u00e9s de 144.000\u20ac recaptats amb el suport de VIENA i Worldcoo - Fundaci\u00f3 IRES\",\"isPartOf\":{\"@id\":\"https:\\\/\\\/www.fundacioires.org\\\/#website\"},\"primaryImageOfPage\":{\"@id\":\"https:\\\/\\\/www.fundacioires.org\\\/ca\\\/cap-infant-enrere-mes-de-144-000e-recaptats-amb-el-suport-de-viena-i-worldcoo\\\/#primaryimage\"},\"image\":{\"@id\":\"https:\\\/\\\/www.fundacioires.org\\\/ca\\\/cap-infant-enrere-mes-de-144-000e-recaptats-amb-el-suport-de-viena-i-worldcoo\\\/#primaryimage\"},\"thumbnailUrl\":\"https:\\\/\\\/i0.wp.com\\\/www.fundacioires.org\\\/wp-content\\\/uploads\\\/PLANTILLA-NOTI-WEB-NOVIEMBRE-2020-6-scaled.jpg?fit=2560%2C1340&ssl=1\",\"datePublished\":\"2021-12-15T17:52:45+00:00\",\"dateModified\":\"2022-03-30T14:07:00+00:00\",\"breadcrumb\":{\"@id\":\"https:\\\/\\\/www.fundacioires.org\\\/ca\\\/cap-infant-enrere-mes-de-144-000e-recaptats-amb-el-suport-de-viena-i-worldcoo\\\/#breadcrumb\"},\"inLanguage\":\"ca-ES\",\"potentialAction\":[{\"@type\":\"ReadAction\",\"target\":[\"https:\\\/\\\/www.fundacioires.org\\\/ca\\\/cap-infant-enrere-mes-de-144-000e-recaptats-amb-el-suport-de-viena-i-worldcoo\\\/\"]}]},{\"@type\":\"ImageObject\",\"inLanguage\":\"ca-ES\",\"@id\":\"https:\\\/\\\/www.fundacioires.org\\\/ca\\\/cap-infant-enrere-mes-de-144-000e-recaptats-amb-el-suport-de-viena-i-worldcoo\\\/#primaryimage\",\"url\":\"https:\\\/\\\/i0.wp.com\\\/www.fundacioires.org\\\/wp-content\\\/uploads\\\/PLANTILLA-NOTI-WEB-NOVIEMBRE-2020-6-scaled.jpg?fit=2560%2C1340&ssl=1\",\"contentUrl\":\"https:\\\/\\\/i0.wp.com\\\/www.fundacioires.org\\\/wp-content\\\/uploads\\\/PLANTILLA-NOTI-WEB-NOVIEMBRE-2020-6-scaled.jpg?fit=2560%2C1340&ssl=1\",\"width\":2560,\"height\":1340,\"caption\":\"Infants del Casal en Fam\u00edlia de la Fundaci\u00f3 IRES\"},{\"@type\":\"BreadcrumbList\",\"@id\":\"https:\\\/\\\/www.fundacioires.org\\\/ca\\\/cap-infant-enrere-mes-de-144-000e-recaptats-amb-el-suport-de-viena-i-worldcoo\\\/#breadcrumb\",\"itemListElement\":[{\"@type\":\"ListItem\",\"position\":1,\"name\":\"Portada\",\"item\":\"https:\\\/\\\/www.fundacioires.org\\\/\"},{\"@type\":\"ListItem\",\"position\":2,\"name\":\"Cap infant enrere: M\u00e9s de 144.000\u20ac recaptats amb el suport de VIENA i Worldcoo\"}]},{\"@type\":\"WebSite\",\"@id\":\"https:\\\/\\\/www.fundacioires.org\\\/#website\",\"url\":\"https:\\\/\\\/www.fundacioires.org\\\/\",\"name\":\"Fundaci\u00f3 IRES\",\"description\":\"\",\"publisher\":{\"@id\":\"https:\\\/\\\/www.fundacioires.org\\\/#organization\"},\"potentialAction\":[{\"@type\":\"SearchAction\",\"target\":{\"@type\":\"EntryPoint\",\"urlTemplate\":\"https:\\\/\\\/www.fundacioires.org\\\/?s={search_term_string}\"},\"query-input\":{\"@type\":\"PropertyValueSpecification\",\"valueRequired\":true,\"valueName\":\"search_term_string\"}}],\"inLanguage\":\"ca-ES\"},{\"@type\":\"Organization\",\"@id\":\"https:\\\/\\\/www.fundacioires.org\\\/#organization\",\"name\":\"Fundanci\u00f3n IRES\",\"url\":\"https:\\\/\\\/www.fundacioires.org\\\/\",\"logo\":{\"@type\":\"ImageObject\",\"inLanguage\":\"ca-ES\",\"@id\":\"https:\\\/\\\/www.fundacioires.org\\\/#\\\/schema\\\/logo\\\/image\\\/\",\"url\":\"https:\\\/\\\/i0.wp.com\\\/www.fundacioires.org\\\/wp-content\\\/uploads\\\/faviconIRES.png?fit=32%2C32&ssl=1\",\"contentUrl\":\"https:\\\/\\\/i0.wp.com\\\/www.fundacioires.org\\\/wp-content\\\/uploads\\\/faviconIRES.png?fit=32%2C32&ssl=1\",\"width\":32,\"height\":32,\"caption\":\"Fundanci\u00f3n IRES\"},\"image\":{\"@id\":\"https:\\\/\\\/www.fundacioires.org\\\/#\\\/schema\\\/logo\\\/image\\\/\"}},{\"@type\":\"Person\",\"@id\":\"https:\\\/\\\/www.fundacioires.org\\\/#\\\/schema\\\/person\\\/160af843c565221ef4664a5c7000791c\",\"name\":\"Fundaci\u00f3 IRES\"}]}<\/script>\n<!-- \/ Yoast SEO plugin. -->","yoast_head_json":{"title":"Cap infant enrere: M\u00e9s de 144.000\u20ac recaptats amb el suport de VIENA i Worldcoo - Fundaci\u00f3 IRES","robots":{"index":"index","follow":"follow","max-snippet":"max-snippet:-1","max-image-preview":"max-image-preview:large","max-video-preview":"max-video-preview:-1"},"canonical":"https:\/\/www.fundacioires.org\/ca\/cap-infant-enrere-mes-de-144-000e-recaptats-amb-el-suport-de-viena-i-worldcoo\/","og_locale":"ca_ES","og_type":"article","og_title":"Cap infant enrere: M\u00e9s de 144.000\u20ac recaptats amb el suport de VIENA i Worldcoo - Fundaci\u00f3 IRES","og_description":"Finalitza la nostra campanya d\u2019arrodoniment solidari \u2018C\u00e8ntim a c\u00e8ntim: Cap infant enrere\u2019, sumant un total de 1.661.608 donacions realitzades pels clients i clientes dels establiments Viena de Catalunya i que aniran destinades a l\u2019atenci\u00f3 infants entre 3 i 12 anys en situaci\u00f3 de vulnerabilitat","og_url":"https:\/\/www.fundacioires.org\/ca\/cap-infant-enrere-mes-de-144-000e-recaptats-amb-el-suport-de-viena-i-worldcoo\/","og_site_name":"Fundaci\u00f3 IRES","article_published_time":"2021-12-15T17:52:45+00:00","article_modified_time":"2022-03-30T14:07:00+00:00","og_image":[{"width":2560,"height":1340,"url":"https:\/\/www.fundacioires.org\/wp-content\/uploads\/PLANTILLA-NOTI-WEB-NOVIEMBRE-2020-6-scaled.jpg","type":"image\/jpeg"}],"author":"Fundaci\u00f3 IRES","twitter_card":"summary_large_image","twitter_misc":{"Written by":"Fundaci\u00f3 IRES","Est. reading time":"2 minutes"},"schema":{"@context":"https:\/\/schema.org","@graph":[{"@type":"Article","@id":"https:\/\/www.fundacioires.org\/ca\/cap-infant-enrere-mes-de-144-000e-recaptats-amb-el-suport-de-viena-i-worldcoo\/#article","isPartOf":{"@id":"https:\/\/www.fundacioires.org\/ca\/cap-infant-enrere-mes-de-144-000e-recaptats-amb-el-suport-de-viena-i-worldcoo\/"},"author":{"name":"Fundaci\u00f3 IRES","@id":"https:\/\/www.fundacioires.org\/#\/schema\/person\/160af843c565221ef4664a5c7000791c"},"headline":"Cap infant enrere: M\u00e9s de 144.000\u20ac recaptats amb el suport de VIENA i Worldcoo","datePublished":"2021-12-15T17:52:45+00:00","dateModified":"2022-03-30T14:07:00+00:00","mainEntityOfPage":{"@id":"https:\/\/www.fundacioires.org\/ca\/cap-infant-enrere-mes-de-144-000e-recaptats-amb-el-suport-de-viena-i-worldcoo\/"},"wordCount":328,"publisher":{"@id":"https:\/\/www.fundacioires.org\/#organization"},"image":{"@id":"https:\/\/www.fundacioires.org\/ca\/cap-infant-enrere-mes-de-144-000e-recaptats-amb-el-suport-de-viena-i-worldcoo\/#primaryimage"},"thumbnailUrl":"https:\/\/i0.wp.com\/www.fundacioires.org\/wp-content\/uploads\/PLANTILLA-NOTI-WEB-NOVIEMBRE-2020-6-scaled.jpg?fit=2560%2C1340&ssl=1","articleSection":["Campanyes de captaci\u00f3 i sensibilitzaci\u00f3"],"inLanguage":"ca-ES"},{"@type":"WebPage","@id":"https:\/\/www.fundacioires.org\/ca\/cap-infant-enrere-mes-de-144-000e-recaptats-amb-el-suport-de-viena-i-worldcoo\/","url":"https:\/\/www.fundacioires.org\/ca\/cap-infant-enrere-mes-de-144-000e-recaptats-amb-el-suport-de-viena-i-worldcoo\/","name":"Cap infant enrere: M\u00e9s de 144.000\u20ac recaptats amb el suport de VIENA i Worldcoo - Fundaci\u00f3 IRES","isPartOf":{"@id":"https:\/\/www.fundacioires.org\/#website"},"primaryImageOfPage":{"@id":"https:\/\/www.fundacioires.org\/ca\/cap-infant-enrere-mes-de-144-000e-recaptats-amb-el-suport-de-viena-i-worldcoo\/#primaryimage"},"image":{"@id":"https:\/\/www.fundacioires.org\/ca\/cap-infant-enrere-mes-de-144-000e-recaptats-amb-el-suport-de-viena-i-worldcoo\/#primaryimage"},"thumbnailUrl":"https:\/\/i0.wp.com\/www.fundacioires.org\/wp-content\/uploads\/PLANTILLA-NOTI-WEB-NOVIEMBRE-2020-6-scaled.jpg?fit=2560%2C1340&ssl=1","datePublished":"2021-12-15T17:52:45+00:00","dateModified":"2022-03-30T14:07:00+00:00","breadcrumb":{"@id":"https:\/\/www.fundacioires.org\/ca\/cap-infant-enrere-mes-de-144-000e-recaptats-amb-el-suport-de-viena-i-worldcoo\/#breadcrumb"},"inLanguage":"ca-ES","potentialAction":[{"@type":"ReadAction","target":["https:\/\/www.fundacioires.org\/ca\/cap-infant-enrere-mes-de-144-000e-recaptats-amb-el-suport-de-viena-i-worldcoo\/"]}]},{"@type":"ImageObject","inLanguage":"ca-ES","@id":"https:\/\/www.fundacioires.org\/ca\/cap-infant-enrere-mes-de-144-000e-recaptats-amb-el-suport-de-viena-i-worldcoo\/#primaryimage","url":"https:\/\/i0.wp.com\/www.fundacioires.org\/wp-content\/uploads\/PLANTILLA-NOTI-WEB-NOVIEMBRE-2020-6-scaled.jpg?fit=2560%2C1340&ssl=1","contentUrl":"https:\/\/i0.wp.com\/www.fundacioires.org\/wp-content\/uploads\/PLANTILLA-NOTI-WEB-NOVIEMBRE-2020-6-scaled.jpg?fit=2560%2C1340&ssl=1","width":2560,"height":1340,"caption":"Infants del Casal en Fam\u00edlia de la Fundaci\u00f3 IRES"},{"@type":"BreadcrumbList","@id":"https:\/\/www.fundacioires.org\/ca\/cap-infant-enrere-mes-de-144-000e-recaptats-amb-el-suport-de-viena-i-worldcoo\/#breadcrumb","itemListElement":[{"@type":"ListItem","position":1,"name":"Portada","item":"https:\/\/www.fundacioires.org\/"},{"@type":"ListItem","position":2,"name":"Cap infant enrere: M\u00e9s de 144.000\u20ac recaptats amb el suport de VIENA i Worldcoo"}]},{"@type":"WebSite","@id":"https:\/\/www.fundacioires.org\/#website","url":"https:\/\/www.fundacioires.org\/","name":"Fundaci\u00f3 IRES","description":"","publisher":{"@id":"https:\/\/www.fundacioires.org\/#organization"},"potentialAction":[{"@type":"SearchAction","target":{"@type":"EntryPoint","urlTemplate":"https:\/\/www.fundacioires.org\/?s={search_term_string}"},"query-input":{"@type":"PropertyValueSpecification","valueRequired":true,"valueName":"search_term_string"}}],"inLanguage":"ca-ES"},{"@type":"Organization","@id":"https:\/\/www.fundacioires.org\/#organization","name":"Fundanci\u00f3n IRES","url":"https:\/\/www.fundacioires.org\/","logo":{"@type":"ImageObject","inLanguage":"ca-ES","@id":"https:\/\/www.fundacioires.org\/#\/schema\/logo\/image\/","url":"https:\/\/i0.wp.com\/www.fundacioires.org\/wp-content\/uploads\/faviconIRES.png?fit=32%2C32&ssl=1","contentUrl":"https:\/\/i0.wp.com\/www.fundacioires.org\/wp-content\/uploads\/faviconIRES.png?fit=32%2C32&ssl=1","width":32,"height":32,"caption":"Fundanci\u00f3n IRES"},"image":{"@id":"https:\/\/www.fundacioires.org\/#\/schema\/logo\/image\/"}},{"@type":"Person","@id":"https:\/\/www.fundacioires.org\/#\/schema\/person\/160af843c565221ef4664a5c7000791c","name":"Fundaci\u00f3 IRES"}]}},"jetpack_featured_media_url":"https:\/\/i0.wp.com\/www.fundacioires.org\/wp-content\/uploads\/PLANTILLA-NOTI-WEB-NOVIEMBRE-2020-6-scaled.jpg?fit=2560%2C1340&ssl=1","jetpack_sharing_enabled":true,"_links":{"self":[{"href":"https:\/\/www.fundacioires.org\/ca\/wp-json\/wp\/v2\/posts\/37149","targetHints":{"allow":["GET"]}}],"collection":[{"href":"https:\/\/www.fundacioires.org\/ca\/wp-json\/wp\/v2\/posts"}],"about":[{"href":"https:\/\/www.fundacioires.org\/ca\/wp-json\/wp\/v2\/types\/post"}],"author":[{"embeddable":true,"href":"https:\/\/www.fundacioires.org\/ca\/wp-json\/wp\/v2\/users\/7"}],"replies":[{"embeddable":true,"href":"https:\/\/www.fundacioires.org\/ca\/wp-json\/wp\/v2\/comments?post=37149"}],"version-history":[{"count":2,"href":"https:\/\/www.fundacioires.org\/ca\/wp-json\/wp\/v2\/posts\/37149\/revisions"}],"predecessor-version":[{"id":39848,"href":"https:\/\/www.fundacioires.org\/ca\/wp-json\/wp\/v2\/posts\/37149\/revisions\/39848"}],"wp:featuredmedia":[{"embeddable":true,"href":"https:\/\/www.fundacioires.org\/ca\/wp-json\/wp\/v2\/media\/37150"}],"wp:attachment":[{"href":"https:\/\/www.fundacioires.org\/ca\/wp-json\/wp\/v2\/media?parent=37149"}],"wp:term":[{"taxonomy":"category","embeddable":true,"href":"https:\/\/www.fundacioires.org\/ca\/wp-json\/wp\/v2\/categories?post=37149"},{"taxonomy":"post_tag","embeddable":true,"href":"https:\/\/www.fundacioires.org\/ca\/wp-json\/wp\/v2\/tags?post=37149"}],"curies":[{"name":"wp","href":"https:\/\/api.w.org\/{rel}","templated":true}]}}