{"id":37500,"date":"2021-12-28T16:11:56","date_gmt":"2021-12-28T15:11:56","guid":{"rendered":"https:\/\/www.fundacioires.org\/?p=37500"},"modified":"2021-12-28T16:13:38","modified_gmt":"2021-12-28T15:13:38","slug":"enfocar-la-nova-realitat-des-del-canvi","status":"publish","type":"post","link":"https:\/\/www.fundacioires.org\/ca\/enfocar-la-nova-realitat-des-del-canvi\/","title":{"rendered":"Enfocar la nova realitat des del canvi \u00e9s la resili\u00e8ncia del Sector Social"},"content":{"rendered":"\n<p>Julio \u00e9s&nbsp;CEO&nbsp;de Factor P i&nbsp;coach&nbsp;professional certificat per la&nbsp;International&nbsp;Coach&nbsp;Federation&nbsp;(ICF), especialitzat en&nbsp;coaching&nbsp;executiu, personal, desenvolupament d&#8217;equips i organitzacions i Mentor,&nbsp;Coach&nbsp;i Formador certificat de&nbsp;HeartMath&nbsp;i&nbsp;HeartMath&nbsp;Institute. Recentment ha realitzat la formaci\u00f3 a part de l&#8217;equip de la Fundaci\u00f3&nbsp;IRES.<\/p>\n\n\n\n<p><strong>P: Quin \u00e9s \u201cl&#8217;avantatge de desenvolupar la resilencia\u201d?<\/strong><\/p>\n\n\n\n<p>R: La resili\u00e8ncia, com b\u00e9 defineix&nbsp;HeartMath, \u00e9s la capacitat que tenim els \u00e9ssers humans per a preparar-nos, adaptar-nos i recuperar-nos davant una situaci\u00f3 d&#8217;estr\u00e8s, repte o adversitat. Entenent el terme capacitat com a quant d&#8217;alguna cosa tenim, significa que, quanta m\u00e9s capacitat tinguem, en aquest cas, d&#8217;energia, m\u00e9s efectivament gestionarem aquest tipus de situacions que formen part del dia a dia, la qual cosa impactar\u00e0 directa i positivament en el nostre benestar, la nostra salut i el nostre acompliment.<\/p>\n\n\n\n<p class=\"has-text-align-left\"><strong>P: Existeixen bases o estudis cient\u00edfics que fonamentin i defensin aquesta capacitat com un avantatge?<\/strong><\/p>\n\n\n\n<p class=\"has-text-align-left\">R: Les t\u00e8cniques i eines que ensenyo en la formaci\u00f3 tenen una base cient\u00edfica, resultat de m\u00e9s de 30 anys de recerca cient\u00edfica de&nbsp;HeartMath&nbsp;de l&#8217;estr\u00e8s, la interacci\u00f3 cervell-cor i la fisiologia de les emocions, l&#8217;aprenentatge i l&#8217;acompliment. Aquestes recerques han estat publicades en reconegudes revistes com&nbsp;The&nbsp;American&nbsp;Journal&nbsp;of&nbsp;Cardiology, Global&nbsp;Advances&nbsp;in&nbsp;Health&nbsp;and&nbsp;Medicine,&nbsp;Stress&nbsp;Medicine&nbsp;i&nbsp;The&nbsp;Journal&nbsp;of&nbsp;the&nbsp;American&nbsp;College&nbsp;of&nbsp;Cardiology, entre altres. Dir tamb\u00e9 que investigadors independents i universitats de tot el m\u00f3n han publicat nombrosos estudis que validen el sistema&nbsp;HeartMath&nbsp;que ensenyo en la formaci\u00f3.<\/p>\n\n\n\n<p><strong>P: Respecte als equips als quals has anat impartint aquesta formaci\u00f3, amb quins nivells d&#8217;estr\u00e8s i malestar t&#8217;has anat trobant?<\/strong><\/p>\n\n\n\n<p>R: Els nivells d&#8217;estr\u00e8s i d&#8217;ansietat, aix\u00ed com la seva simptomatologia, en aquests moments i com a resultat de l&#8217;impacte que la pand\u00e8mia ha tingut i est\u00e0 tenint en totes les persones, s\u00f3n molt elevats. De totes maneres, l&#8217;OMS ja vaticinava, abans de la irrupci\u00f3 de la pand\u00e8mia, que, l&#8217;any 2020, la primera causa de baixa laboral seria de car\u00e0cter emocional. Una altra dada important que considero pot ajudar a entendre la magnitud dels alts nivells dels quals parlo \u00e9s l&#8217;\u00faltim informe de la Junta Internacional de Fiscalitzaci\u00f3 d&#8217;Estupefaents que revela que Espanya encap\u00e7ala el consum mundial l\u00edcit d&#8217;ansiol\u00edtics, hipn\u00f2tics i sedants.<\/p>\n\n\n\n<p><strong>P: En la formaci\u00f3 de l&#8217;avantatge de la resili\u00e8ncia, ofereixes diferents t\u00e8cniques perqu\u00e8 les persones aprenguin a autoregular-se energ\u00e8ticament. Quin consideres que \u00e9s la m\u00e9s important?<\/strong><\/p>\n\n\n\n<p>R: Sota el meu punt de vista, una de les m\u00e9s potents, \u00e9s la T\u00e8cnica de Centrar, Sostenir i Expandir o&nbsp;Heart&nbsp;Lock-*In&nbsp;en angl\u00e8s. La pr\u00e0ctica regular d&#8217;aquesta t\u00e8cnica ajuda a canviar el nivell basi de resili\u00e8ncia, creant canvis beneficiosos i sostenibles a nivell fisiol\u00f2gic. Utilitzant una met\u00e0fora: igual que ocorre amb els nostres m\u00f2bils de manera regular amb l&#8217;objectiu de millorar-los, \u00e9s com si actualitz\u00e9ssim el nostre sistema operatiu, actuant des d&#8217;aquest moment de manera m\u00e9s serena i efectiva davant qualsevol situaci\u00f3 d&#8217;estr\u00e8s, repte o adversitat.<\/p>\n\n\n\n<p><strong>P: I com s&#8217;ent\u00e9n la resili\u00e8ncia com a avantatge en un context com el del Tercer Sector?<\/strong><\/p>\n\n\n\n<p>R: Desenvolupar la resili\u00e8ncia de professionals d&#8217;aquest sector \u00e9s vital, no sols per a elles sin\u00f3 tamb\u00e9 com a vehicle per a desenvolupar la resili\u00e8ncia dels col\u00b7lectius amb els quals treballen i acompanyen, persones que estan exposades a situacions d&#8217;estr\u00e8s i adversitat de manera cont\u00ednua, i invisibilitzades o ignorades pel Sistema. \u00c9s important assenyalar que la frustraci\u00f3 \u00e9s igual a la probabilitat que alguna cosa succeeixi multiplicat per la resist\u00e8ncia que aix\u00f2 no succeeixi. Per aquesta ra\u00f3, enfocar la nova realitat des del canvi \u00e9s una eina essencial, tant per a les persones que acompanyen com les que s\u00f3n ateses.<br>El treball de la resili\u00e8ncia \u00e9s una mesura d&#8217;apoderament. \u00c9s important, per tant, entendre l&#8217;extrema import\u00e0ncia de cuidar-se per a cuidar, la qual cosa fa del desenvolupament de la resili\u00e8ncia, que no \u00e9s una altra cosa que cuidar-se a un o una mateixa, un pas essencial per a poder donar el millor en aquesta tasca tan complicada i alhora tan exemplar que \u00e9s canviar aquest m\u00f3n per a fer-lo un lloc m\u00e9s equitatiu i just per a tots els \u00e9ssers vius que l&#8217;habitem. Afegir resili\u00e8ncia al treball de les professionals \u00e9s tamb\u00e9 afegir salut i benestar a les persones que acompanyen i al proc\u00e9s de canvi.<\/p>\n\n\n\n<p><strong>P: El sector social es caracteritza en general per tenir un enfocament menys materialista en l&#8217;\u00e0mbit laboral. La import\u00e0ncia radica en el proc\u00e9s de transformaci\u00f3 que experimenten les persones que s\u00f3n ateses i acompanyades. Per\u00f2 estar treballant en aquest sector, al mateix temps, no ens eximeix d&#8217;experimentar les conseq\u00fc\u00e8ncies d&#8217;una precarietat indefinida. Donis del teu punt de vista com a formador, quin o quins creus que s\u00f3n les \u00e0rees que s\u00f3n m\u00e9s necess\u00e0ries per a treballar en el sector social?<\/strong><\/p>\n\n\n\n<p>R: M\u00e9s enll\u00e0 de la resili\u00e8ncia personal i d&#8217;equip, la comunicaci\u00f3 \u00e9s una \u00e0rea essencial a treballar, no tan sols en el sector social, sin\u00f3 en tots els sectors. El com ens comuniquem amb nosaltres mateixos i com ens comuniquem amb els altres \u00e9s la base que suporta l&#8217;estructura de qualsevol equip. S&#8217;estima que un 70% dels errors en l&#8217;\u00e0mbit laboral, poden ser atribu\u00efts a problemes de comunicaci\u00f3. Relacionat amb aquesta \u00e0rea, la gesti\u00f3 emocional, seria una altra \u00e0rea imprescindible de treball. Entendre l&#8217;impacte energ\u00e8tic de les nostres emocions en la comunicaci\u00f3 \u00e9s d&#8217;extrema import\u00e0ncia si volem comunicar-nos de manera efectiva.<br>I d&#8217;altra banda, en aquest sector, on no arriba un altre tipus de compensaci\u00f3, \u00e9s necessari aplicar eines per al desenvolupament i creixement personal i salut i vetllar pel seu estat f\u00edsic i emocional.<\/p>\n\n\n\n<figure class=\"wp-block-image size-large\"><img data-recalc-dims=\"1\" loading=\"lazy\" decoding=\"async\" width=\"1024\" height=\"431\" src=\"https:\/\/i0.wp.com\/www.fundacioires.org\/wp-content\/uploads\/FORMACIO-RESILENCIA-2.png?resize=1024%2C431&#038;ssl=1\" alt=\"\" class=\"wp-image-37503\" srcset=\"https:\/\/i0.wp.com\/www.fundacioires.org\/wp-content\/uploads\/FORMACIO-RESILENCIA-2.png?resize=1024%2C431&amp;ssl=1 1024w, https:\/\/i0.wp.com\/www.fundacioires.org\/wp-content\/uploads\/FORMACIO-RESILENCIA-2.png?resize=300%2C126&amp;ssl=1 300w, https:\/\/i0.wp.com\/www.fundacioires.org\/wp-content\/uploads\/FORMACIO-RESILENCIA-2.png?resize=768%2C324&amp;ssl=1 768w, https:\/\/i0.wp.com\/www.fundacioires.org\/wp-content\/uploads\/FORMACIO-RESILENCIA-2.png?resize=1536%2C647&amp;ssl=1 1536w, https:\/\/i0.wp.com\/www.fundacioires.org\/wp-content\/uploads\/FORMACIO-RESILENCIA-2.png?w=1863&amp;ssl=1 1863w\" sizes=\"(max-width: 1000px) 100vw, 1000px\" \/><\/figure>\n","protected":false},"excerpt":{"rendered":"<p>Entrevista a Julio M. Gonz\u00e1lez, coach professional i formador de \u2018L&#8217;avantatge de la resili\u00e8ncia\u2019 per a la Fundaci\u00f3 IRES<\/p>\n","protected":false},"author":7,"featured_media":37496,"comment_status":"closed","ping_status":"open","sticky":false,"template":"","format":"standard","meta":{"_jetpack_memberships_contains_paid_content":false,"footnotes":""},"categories":[19],"tags":[],"class_list":["post-37500","post","type-post","status-publish","format-standard","has-post-thumbnail","hentry","category-ires-blog"],"yoast_head":"<!-- This site is optimized with the Yoast SEO plugin v27.4 - https:\/\/yoast.com\/product\/yoast-seo-wordpress\/ -->\n<title>Enfocar la nova realitat des del canvi<\/title>\n<meta name=\"description\" content=\"Entrevista a Julio M. Gonz\u00e1lez, coach professional i formador de \u2018L&#039;avantatge de la resili\u00e8ncia\u2019 per a la Fundaci\u00f3 IRES\" \/>\n<meta name=\"robots\" content=\"index, follow, max-snippet:-1, max-image-preview:large, max-video-preview:-1\" \/>\n<link rel=\"canonical\" href=\"https:\/\/www.fundacioires.org\/ca\/enfocar-la-nova-realitat-des-del-canvi\/\" \/>\n<meta property=\"og:locale\" content=\"ca_ES\" \/>\n<meta property=\"og:type\" content=\"article\" \/>\n<meta property=\"og:title\" content=\"Enfocar la nova realitat des del canvi\" \/>\n<meta property=\"og:description\" content=\"Entrevista a Julio M. Gonz\u00e1lez, coach professional i formador de \u2018L&#039;avantatge de la resili\u00e8ncia\u2019 per a la Fundaci\u00f3 IRES\" \/>\n<meta property=\"og:url\" content=\"https:\/\/www.fundacioires.org\/ca\/enfocar-la-nova-realitat-des-del-canvi\/\" \/>\n<meta property=\"og:site_name\" content=\"Fundaci\u00f3 IRES\" \/>\n<meta property=\"article:published_time\" content=\"2021-12-28T15:11:56+00:00\" \/>\n<meta property=\"article:modified_time\" content=\"2021-12-28T15:13:38+00:00\" \/>\n<meta property=\"og:image\" content=\"https:\/\/www.fundacioires.org\/wp-content\/uploads\/PLANTILLA-NOTI-WEB-NOVIEMBRE-2020-14-1024x536.png\" \/>\n\t<meta property=\"og:image:width\" content=\"1024\" \/>\n\t<meta property=\"og:image:height\" content=\"536\" \/>\n\t<meta property=\"og:image:type\" content=\"image\/png\" \/>\n<meta name=\"author\" content=\"Fundaci\u00f3 IRES\" \/>\n<meta name=\"twitter:card\" content=\"summary_large_image\" \/>\n<meta name=\"twitter:label1\" content=\"Written by\" \/>\n\t<meta name=\"twitter:data1\" content=\"Fundaci\u00f3 IRES\" \/>\n\t<meta name=\"twitter:label2\" content=\"Est. reading time\" \/>\n\t<meta name=\"twitter:data2\" content=\"5 minutes\" \/>\n<script type=\"application\/ld+json\" class=\"yoast-schema-graph\">{\"@context\":\"https:\\\/\\\/schema.org\",\"@graph\":[{\"@type\":\"Article\",\"@id\":\"https:\\\/\\\/www.fundacioires.org\\\/ca\\\/enfocar-la-nova-realitat-des-del-canvi\\\/#article\",\"isPartOf\":{\"@id\":\"https:\\\/\\\/www.fundacioires.org\\\/ca\\\/enfocar-la-nova-realitat-des-del-canvi\\\/\"},\"author\":{\"name\":\"Fundaci\u00f3 IRES\",\"@id\":\"https:\\\/\\\/www.fundacioires.org\\\/#\\\/schema\\\/person\\\/160af843c565221ef4664a5c7000791c\"},\"headline\":\"Enfocar la nova realitat des del canvi \u00e9s la resili\u00e8ncia del Sector Social\",\"datePublished\":\"2021-12-28T15:11:56+00:00\",\"dateModified\":\"2021-12-28T15:13:38+00:00\",\"mainEntityOfPage\":{\"@id\":\"https:\\\/\\\/www.fundacioires.org\\\/ca\\\/enfocar-la-nova-realitat-des-del-canvi\\\/\"},\"wordCount\":1088,\"publisher\":{\"@id\":\"https:\\\/\\\/www.fundacioires.org\\\/#organization\"},\"image\":{\"@id\":\"https:\\\/\\\/www.fundacioires.org\\\/ca\\\/enfocar-la-nova-realitat-des-del-canvi\\\/#primaryimage\"},\"thumbnailUrl\":\"https:\\\/\\\/i0.wp.com\\\/www.fundacioires.org\\\/wp-content\\\/uploads\\\/PLANTILLA-NOTI-WEB-NOVIEMBRE-2020-14.png?fit=3600%2C1884&ssl=1\",\"articleSection\":[\"IRES-Blog\"],\"inLanguage\":\"ca-ES\"},{\"@type\":\"WebPage\",\"@id\":\"https:\\\/\\\/www.fundacioires.org\\\/ca\\\/enfocar-la-nova-realitat-des-del-canvi\\\/\",\"url\":\"https:\\\/\\\/www.fundacioires.org\\\/ca\\\/enfocar-la-nova-realitat-des-del-canvi\\\/\",\"name\":\"Enfocar la nova realitat des del canvi\",\"isPartOf\":{\"@id\":\"https:\\\/\\\/www.fundacioires.org\\\/#website\"},\"primaryImageOfPage\":{\"@id\":\"https:\\\/\\\/www.fundacioires.org\\\/ca\\\/enfocar-la-nova-realitat-des-del-canvi\\\/#primaryimage\"},\"image\":{\"@id\":\"https:\\\/\\\/www.fundacioires.org\\\/ca\\\/enfocar-la-nova-realitat-des-del-canvi\\\/#primaryimage\"},\"thumbnailUrl\":\"https:\\\/\\\/i0.wp.com\\\/www.fundacioires.org\\\/wp-content\\\/uploads\\\/PLANTILLA-NOTI-WEB-NOVIEMBRE-2020-14.png?fit=3600%2C1884&ssl=1\",\"datePublished\":\"2021-12-28T15:11:56+00:00\",\"dateModified\":\"2021-12-28T15:13:38+00:00\",\"description\":\"Entrevista a Julio M. Gonz\u00e1lez, coach professional i formador de \u2018L'avantatge de la resili\u00e8ncia\u2019 per a la Fundaci\u00f3 IRES\",\"breadcrumb\":{\"@id\":\"https:\\\/\\\/www.fundacioires.org\\\/ca\\\/enfocar-la-nova-realitat-des-del-canvi\\\/#breadcrumb\"},\"inLanguage\":\"ca-ES\",\"potentialAction\":[{\"@type\":\"ReadAction\",\"target\":[\"https:\\\/\\\/www.fundacioires.org\\\/ca\\\/enfocar-la-nova-realitat-des-del-canvi\\\/\"]}]},{\"@type\":\"ImageObject\",\"inLanguage\":\"ca-ES\",\"@id\":\"https:\\\/\\\/www.fundacioires.org\\\/ca\\\/enfocar-la-nova-realitat-des-del-canvi\\\/#primaryimage\",\"url\":\"https:\\\/\\\/i0.wp.com\\\/www.fundacioires.org\\\/wp-content\\\/uploads\\\/PLANTILLA-NOTI-WEB-NOVIEMBRE-2020-14.png?fit=3600%2C1884&ssl=1\",\"contentUrl\":\"https:\\\/\\\/i0.wp.com\\\/www.fundacioires.org\\\/wp-content\\\/uploads\\\/PLANTILLA-NOTI-WEB-NOVIEMBRE-2020-14.png?fit=3600%2C1884&ssl=1\",\"width\":3600,\"height\":1884},{\"@type\":\"BreadcrumbList\",\"@id\":\"https:\\\/\\\/www.fundacioires.org\\\/ca\\\/enfocar-la-nova-realitat-des-del-canvi\\\/#breadcrumb\",\"itemListElement\":[{\"@type\":\"ListItem\",\"position\":1,\"name\":\"Portada\",\"item\":\"https:\\\/\\\/www.fundacioires.org\\\/\"},{\"@type\":\"ListItem\",\"position\":2,\"name\":\"Enfocar la nova realitat des del canvi \u00e9s la resili\u00e8ncia del Sector Social\"}]},{\"@type\":\"WebSite\",\"@id\":\"https:\\\/\\\/www.fundacioires.org\\\/#website\",\"url\":\"https:\\\/\\\/www.fundacioires.org\\\/\",\"name\":\"Fundaci\u00f3 IRES\",\"description\":\"\",\"publisher\":{\"@id\":\"https:\\\/\\\/www.fundacioires.org\\\/#organization\"},\"potentialAction\":[{\"@type\":\"SearchAction\",\"target\":{\"@type\":\"EntryPoint\",\"urlTemplate\":\"https:\\\/\\\/www.fundacioires.org\\\/?s={search_term_string}\"},\"query-input\":{\"@type\":\"PropertyValueSpecification\",\"valueRequired\":true,\"valueName\":\"search_term_string\"}}],\"inLanguage\":\"ca-ES\"},{\"@type\":\"Organization\",\"@id\":\"https:\\\/\\\/www.fundacioires.org\\\/#organization\",\"name\":\"Fundanci\u00f3n IRES\",\"url\":\"https:\\\/\\\/www.fundacioires.org\\\/\",\"logo\":{\"@type\":\"ImageObject\",\"inLanguage\":\"ca-ES\",\"@id\":\"https:\\\/\\\/www.fundacioires.org\\\/#\\\/schema\\\/logo\\\/image\\\/\",\"url\":\"https:\\\/\\\/i0.wp.com\\\/www.fundacioires.org\\\/wp-content\\\/uploads\\\/faviconIRES.png?fit=32%2C32&ssl=1\",\"contentUrl\":\"https:\\\/\\\/i0.wp.com\\\/www.fundacioires.org\\\/wp-content\\\/uploads\\\/faviconIRES.png?fit=32%2C32&ssl=1\",\"width\":32,\"height\":32,\"caption\":\"Fundanci\u00f3n IRES\"},\"image\":{\"@id\":\"https:\\\/\\\/www.fundacioires.org\\\/#\\\/schema\\\/logo\\\/image\\\/\"}},{\"@type\":\"Person\",\"@id\":\"https:\\\/\\\/www.fundacioires.org\\\/#\\\/schema\\\/person\\\/160af843c565221ef4664a5c7000791c\",\"name\":\"Fundaci\u00f3 IRES\"}]}<\/script>\n<!-- \/ Yoast SEO plugin. -->","yoast_head_json":{"title":"Enfocar la nova realitat des del canvi","description":"Entrevista a Julio M. Gonz\u00e1lez, coach professional i formador de \u2018L'avantatge de la resili\u00e8ncia\u2019 per a la Fundaci\u00f3 IRES","robots":{"index":"index","follow":"follow","max-snippet":"max-snippet:-1","max-image-preview":"max-image-preview:large","max-video-preview":"max-video-preview:-1"},"canonical":"https:\/\/www.fundacioires.org\/ca\/enfocar-la-nova-realitat-des-del-canvi\/","og_locale":"ca_ES","og_type":"article","og_title":"Enfocar la nova realitat des del canvi","og_description":"Entrevista a Julio M. Gonz\u00e1lez, coach professional i formador de \u2018L'avantatge de la resili\u00e8ncia\u2019 per a la Fundaci\u00f3 IRES","og_url":"https:\/\/www.fundacioires.org\/ca\/enfocar-la-nova-realitat-des-del-canvi\/","og_site_name":"Fundaci\u00f3 IRES","article_published_time":"2021-12-28T15:11:56+00:00","article_modified_time":"2021-12-28T15:13:38+00:00","og_image":[{"width":1024,"height":536,"url":"https:\/\/www.fundacioires.org\/wp-content\/uploads\/PLANTILLA-NOTI-WEB-NOVIEMBRE-2020-14-1024x536.png","type":"image\/png"}],"author":"Fundaci\u00f3 IRES","twitter_card":"summary_large_image","twitter_misc":{"Written by":"Fundaci\u00f3 IRES","Est. reading time":"5 minutes"},"schema":{"@context":"https:\/\/schema.org","@graph":[{"@type":"Article","@id":"https:\/\/www.fundacioires.org\/ca\/enfocar-la-nova-realitat-des-del-canvi\/#article","isPartOf":{"@id":"https:\/\/www.fundacioires.org\/ca\/enfocar-la-nova-realitat-des-del-canvi\/"},"author":{"name":"Fundaci\u00f3 IRES","@id":"https:\/\/www.fundacioires.org\/#\/schema\/person\/160af843c565221ef4664a5c7000791c"},"headline":"Enfocar la nova realitat des del canvi \u00e9s la resili\u00e8ncia del Sector Social","datePublished":"2021-12-28T15:11:56+00:00","dateModified":"2021-12-28T15:13:38+00:00","mainEntityOfPage":{"@id":"https:\/\/www.fundacioires.org\/ca\/enfocar-la-nova-realitat-des-del-canvi\/"},"wordCount":1088,"publisher":{"@id":"https:\/\/www.fundacioires.org\/#organization"},"image":{"@id":"https:\/\/www.fundacioires.org\/ca\/enfocar-la-nova-realitat-des-del-canvi\/#primaryimage"},"thumbnailUrl":"https:\/\/i0.wp.com\/www.fundacioires.org\/wp-content\/uploads\/PLANTILLA-NOTI-WEB-NOVIEMBRE-2020-14.png?fit=3600%2C1884&ssl=1","articleSection":["IRES-Blog"],"inLanguage":"ca-ES"},{"@type":"WebPage","@id":"https:\/\/www.fundacioires.org\/ca\/enfocar-la-nova-realitat-des-del-canvi\/","url":"https:\/\/www.fundacioires.org\/ca\/enfocar-la-nova-realitat-des-del-canvi\/","name":"Enfocar la nova realitat des del canvi","isPartOf":{"@id":"https:\/\/www.fundacioires.org\/#website"},"primaryImageOfPage":{"@id":"https:\/\/www.fundacioires.org\/ca\/enfocar-la-nova-realitat-des-del-canvi\/#primaryimage"},"image":{"@id":"https:\/\/www.fundacioires.org\/ca\/enfocar-la-nova-realitat-des-del-canvi\/#primaryimage"},"thumbnailUrl":"https:\/\/i0.wp.com\/www.fundacioires.org\/wp-content\/uploads\/PLANTILLA-NOTI-WEB-NOVIEMBRE-2020-14.png?fit=3600%2C1884&ssl=1","datePublished":"2021-12-28T15:11:56+00:00","dateModified":"2021-12-28T15:13:38+00:00","description":"Entrevista a Julio M. Gonz\u00e1lez, coach professional i formador de \u2018L'avantatge de la resili\u00e8ncia\u2019 per a la Fundaci\u00f3 IRES","breadcrumb":{"@id":"https:\/\/www.fundacioires.org\/ca\/enfocar-la-nova-realitat-des-del-canvi\/#breadcrumb"},"inLanguage":"ca-ES","potentialAction":[{"@type":"ReadAction","target":["https:\/\/www.fundacioires.org\/ca\/enfocar-la-nova-realitat-des-del-canvi\/"]}]},{"@type":"ImageObject","inLanguage":"ca-ES","@id":"https:\/\/www.fundacioires.org\/ca\/enfocar-la-nova-realitat-des-del-canvi\/#primaryimage","url":"https:\/\/i0.wp.com\/www.fundacioires.org\/wp-content\/uploads\/PLANTILLA-NOTI-WEB-NOVIEMBRE-2020-14.png?fit=3600%2C1884&ssl=1","contentUrl":"https:\/\/i0.wp.com\/www.fundacioires.org\/wp-content\/uploads\/PLANTILLA-NOTI-WEB-NOVIEMBRE-2020-14.png?fit=3600%2C1884&ssl=1","width":3600,"height":1884},{"@type":"BreadcrumbList","@id":"https:\/\/www.fundacioires.org\/ca\/enfocar-la-nova-realitat-des-del-canvi\/#breadcrumb","itemListElement":[{"@type":"ListItem","position":1,"name":"Portada","item":"https:\/\/www.fundacioires.org\/"},{"@type":"ListItem","position":2,"name":"Enfocar la nova realitat des del canvi \u00e9s la resili\u00e8ncia del Sector Social"}]},{"@type":"WebSite","@id":"https:\/\/www.fundacioires.org\/#website","url":"https:\/\/www.fundacioires.org\/","name":"Fundaci\u00f3 IRES","description":"","publisher":{"@id":"https:\/\/www.fundacioires.org\/#organization"},"potentialAction":[{"@type":"SearchAction","target":{"@type":"EntryPoint","urlTemplate":"https:\/\/www.fundacioires.org\/?s={search_term_string}"},"query-input":{"@type":"PropertyValueSpecification","valueRequired":true,"valueName":"search_term_string"}}],"inLanguage":"ca-ES"},{"@type":"Organization","@id":"https:\/\/www.fundacioires.org\/#organization","name":"Fundanci\u00f3n IRES","url":"https:\/\/www.fundacioires.org\/","logo":{"@type":"ImageObject","inLanguage":"ca-ES","@id":"https:\/\/www.fundacioires.org\/#\/schema\/logo\/image\/","url":"https:\/\/i0.wp.com\/www.fundacioires.org\/wp-content\/uploads\/faviconIRES.png?fit=32%2C32&ssl=1","contentUrl":"https:\/\/i0.wp.com\/www.fundacioires.org\/wp-content\/uploads\/faviconIRES.png?fit=32%2C32&ssl=1","width":32,"height":32,"caption":"Fundanci\u00f3n IRES"},"image":{"@id":"https:\/\/www.fundacioires.org\/#\/schema\/logo\/image\/"}},{"@type":"Person","@id":"https:\/\/www.fundacioires.org\/#\/schema\/person\/160af843c565221ef4664a5c7000791c","name":"Fundaci\u00f3 IRES"}]}},"jetpack_featured_media_url":"https:\/\/i0.wp.com\/www.fundacioires.org\/wp-content\/uploads\/PLANTILLA-NOTI-WEB-NOVIEMBRE-2020-14.png?fit=3600%2C1884&ssl=1","jetpack_sharing_enabled":true,"_links":{"self":[{"href":"https:\/\/www.fundacioires.org\/ca\/wp-json\/wp\/v2\/posts\/37500","targetHints":{"allow":["GET"]}}],"collection":[{"href":"https:\/\/www.fundacioires.org\/ca\/wp-json\/wp\/v2\/posts"}],"about":[{"href":"https:\/\/www.fundacioires.org\/ca\/wp-json\/wp\/v2\/types\/post"}],"author":[{"embeddable":true,"href":"https:\/\/www.fundacioires.org\/ca\/wp-json\/wp\/v2\/users\/7"}],"replies":[{"embeddable":true,"href":"https:\/\/www.fundacioires.org\/ca\/wp-json\/wp\/v2\/comments?post=37500"}],"version-history":[{"count":2,"href":"https:\/\/www.fundacioires.org\/ca\/wp-json\/wp\/v2\/posts\/37500\/revisions"}],"predecessor-version":[{"id":37505,"href":"https:\/\/www.fundacioires.org\/ca\/wp-json\/wp\/v2\/posts\/37500\/revisions\/37505"}],"wp:featuredmedia":[{"embeddable":true,"href":"https:\/\/www.fundacioires.org\/ca\/wp-json\/wp\/v2\/media\/37496"}],"wp:attachment":[{"href":"https:\/\/www.fundacioires.org\/ca\/wp-json\/wp\/v2\/media?parent=37500"}],"wp:term":[{"taxonomy":"category","embeddable":true,"href":"https:\/\/www.fundacioires.org\/ca\/wp-json\/wp\/v2\/categories?post=37500"},{"taxonomy":"post_tag","embeddable":true,"href":"https:\/\/www.fundacioires.org\/ca\/wp-json\/wp\/v2\/tags?post=37500"}],"curies":[{"name":"wp","href":"https:\/\/api.w.org\/{rel}","templated":true}]}}