{"id":37552,"date":"2021-12-30T14:41:23","date_gmt":"2021-12-30T13:41:23","guid":{"rendered":"https:\/\/www.fundacioires.org\/?p=37552"},"modified":"2022-05-31T22:36:18","modified_gmt":"2022-05-31T20:36:18","slug":"com-acomiadem-el-2021-carta-de-la-directora-natalia-valenzuela","status":"publish","type":"post","link":"https:\/\/www.fundacioires.org\/ca\/com-acomiadem-el-2021-carta-de-la-directora-natalia-valenzuela\/","title":{"rendered":"Com acomiadem el 2021: Carta de la Directora Nat\u00e0lia Valenzuela"},"content":{"rendered":"\n<p>Si aquestes l\u00ednies les hagu\u00e9s escrit fa unes setmanes, la pand\u00e8mia no&nbsp;hauria&nbsp;estat de les primeres paraules&nbsp;a&nbsp;venir-me al cap. Respir\u00e0vem aquesta &#8220;nova normalitat&#8221;, on ja era una realitat per a nosaltres conviure en el model h\u00edbrid de forma de treball. Un model que ha estat el resultat d&#8217;una de les fites en les quals l&#8217;organitzaci\u00f3 ha avan\u00e7at aquest 2021: la consolidaci\u00f3 del projecte Treball Fora de&nbsp;l&#8217;Oficina, un model de cura cap a les professionals en el context actual, a trav\u00e9s del qual ens ha perm\u00e8s seguir operativitzant els processos per continuar atenent amb&nbsp;la major seguretat&nbsp;i qualitat que les persones es mereixen.<\/p>\n\n\n\n<p>Aquesta sisena onada ens est\u00e0 tornant a exigir noves planificacions per continuar responent de manera efica\u00e7 a les situacions sobrevingudes, als nous confinaments massius i sobretot ens repta a no perdre l\u2019\u00e0nim per <strong>continuar avan\u00e7ant cap a nous models d\u2019intervenci\u00f3 que han emergit des de l\u2019esclat de la crisi i on els equips IRES s\u2019han superat, una vegada m\u00e9s. No puc deixar de recon\u00e8ixer la seva tasca. GR\u00c0CIES!<\/strong><\/p>\n\n\n\n<p>La campanya presentada per la Taula del Tercer Sector no ho podia dir m\u00e9s clar: <strong>#SomImprescindibles. <\/strong>I per aix\u00f2, com a entitat del sector social<strong> s<\/strong>eguirem reivindicant el nostre paper en la resposta a la crisi social esdevinguda amb la pand\u00e8mia i reclamant m\u00e9s recursos per poder continuar pal\u00b7liant els seus efectes.<\/p>\n\n\n\n<p><strong>Un rep\u00e0s per la nostra acci\u00f3 social<\/strong><\/p>\n\n\n\n<p>Des dels diferents serveis i territoris on actuem a Catalunya i Balears, han estat diverses les iniciatives sorgides en aquest repte de poder evidenciar i donar resposta a les noves necessitats de les fam\u00edlies que atenem a trav\u00e9s dels nostres Ecosistemes de projectes socials.<\/p>\n\n\n\n<p><em>P\u00edndoles del benestar<\/em>, una activitat dissenyada amb l\u2019objectiu de millorar el benestar emocional de les persones ateses, ha estat un projecte necessari des d\u2019on hem <strong>pogut identificar les noves realitats individuals i comunit\u00e0ries,<\/strong> impulsant la creaci\u00f3 d\u2019un nou Servei per acompanyar, orientar i donar eines a les fam\u00edlies, el SOAFI.<\/p>\n\n\n\n<p><strong>Tamb\u00e9 s\u2019ha enfortit l\u2019atenci\u00f3 integral a les fam\u00edlies<\/strong> ampliant projectes de l\u2019ecosistema tant a Catalunya, Palma com a Manacor i comarca, creixent com a entitat referent en l\u2019atenci\u00f3 a les fam\u00edlies. S\u2019han desenvolupat projectes i creat noves interrelacions entre aquells serveis que s\u00f3n propis per\u00f2 tamb\u00e9 amb els de gesti\u00f3 delegada, &nbsp;<strong>posant al centre a les persones que atenem i millorant el seu benestar i recuperaci\u00f3<\/strong>.<\/p>\n\n\n\n<p>La col\u00b7laboraci\u00f3 en el nou Projecte<em> +45 Figueres<\/em>, juntament amb la Fundaci\u00f3 Interm\u00e8dia i les altres entitats patrones, ens ha perm\u00e8s desenvolupar un programa de suport a la inserci\u00f3 laboral de dones de m\u00e9s 45 anys que han perdut la feina arran de la crisi. Relacionat tamb\u00e9 amb aquest col\u00b7lectiu, l\u2019acci\u00f3 impulsada aquest Nadal juntament amb altres entitats del districte i l\u2019Associaci\u00f3 22@,<em> Emocionart<\/em>, ens ha perm\u00e8s visibilitzar, en una activitat d\u2019expressi\u00f3 art\u00edstica, la situaci\u00f3 de desigualtat que viuen les dones, evidenciant-se com un dels col\u00b7lectius m\u00e9s castigats per la pand\u00e8mia.<\/p>\n\n\n\n<p>Prevensi, la iniciativa amb alian\u00e7a per a eradicar l\u2019ab\u00fas sexual infantil, ha evidenciat que el projecte segueix sent necessari i que caldr\u00e0 incidir a les agendes pol\u00edtiques iniciatives de suport que ajudin a avan\u00e7ar en les accions.<\/p>\n\n\n\n<p>A les llars de les fam\u00edlies que acompanyem, <strong>hem continuat apropant la tecnologia per contribuir a reduir la bretxa digital<\/strong>. La campanya <strong>Connectem oportunitats<\/strong> ha ajudat a donar solucions tecnol\u00f2giques i&nbsp; hem pogut atendre a m\u00e9s fam\u00edlies gr\u00e0cies a l\u2019\u00e8xit de la&nbsp;<strong>campanya C\u00e8ntim a c\u00e8ntim<\/strong>, que els la cadena de restaurants Viena, amb la col\u00b7laboraci\u00f3 de Worldcoo, &nbsp;ha tingut activa durant aquest any, i que ens permet sostenir projectes de l\u2019entitat de finan\u00e7ament privat. El nostre agra\u00efment a totes aquelles empreses que ens heu ajudat a fer possible mantenir els nostres projectes.<\/p>\n\n\n\n<p><strong>Respecte dels serveis de gesti\u00f3 delegada hem incorporat elements d\u2019innovaci\u00f3 i millora en la renovaci\u00f3<\/strong>, per primera vegada sota el paraigua del concert social de la prestaci\u00f3 en serveis com els <em>d\u2019Acolliments Familiars i Adopcions d\u2019Infants amb Necessitats Especials<\/em>. I quant a la promoci\u00f3 de masculinitats alternatives, el Servei d\u2019atenci\u00f3 a homes de la ciutat de Barcelona, actualment anomenat <em>Centre Plural, noves masculinitats,<\/em> esdev\u00e9 un nou paradigma del projecte per a potenciar el treball com\u00fa en la construcci\u00f3 de models alternatius de masculinitats.<\/p>\n\n\n\n<p>En aquesta l\u00ednia de treball amb els homes, <strong>hem seguit impulsant noves vies de col\u00b7laboraci\u00f3 entre entitats del tercer sector, entitats privades i administracions<\/strong>, com \u00e9s el cas del projecte <em>Paternitat positiva<\/em> que aposta pel repte d\u2019augmentar les compet\u00e8ncies parentals de les persones que es troben en privaci\u00f3 de llibertat.<\/p>\n\n\n\n<p>Pel que fa als nostres serveis d\u2019acci\u00f3 social en la Just\u00edcia, els equips de <em>Mesures Penals Alternatives<\/em> han adaptat la metodologia del servei a aquesta nova realitat amb \u00e8xit de resultat d\u00b4impacte. Per l\u2019altra banda, destaquem que en la <strong>celebraci\u00f3 de la 5a edici\u00f3 del Memorial Manuel Adroer Iglesias<\/strong>, orientat&nbsp; la innovaci\u00f3 social, el Consell Assessor del Memorial va resoldre la convocat\u00f2ria en favor d\u2019un projecte de les MPA per a contribuir a l\u2019atenci\u00f3 integral de la dona v\u00edctima de viol\u00e8ncia de g\u00e8nere. Per \u00faltim, La concertaci\u00f3 del <em>Servei d\u2019Atenci\u00f3 social als Jutjats<\/em> a les Illes Balears ha perm\u00e8s consolidar el seu model d\u2019atenci\u00f3 que durant la pand\u00e8mia tamb\u00e9 ha hagut d\u2019ajustar-se a la nova realitat i, amb la seva renovaci\u00f3 al 2022, ampliar\u00e0 la seva atenci\u00f3.<\/p>\n\n\n\n<p>Enguany,<strong> hem assolit el gran repte de continuar gestionant els dos serveis m\u00e9s importants del territori balear en l\u2019atenci\u00f3 a les viol\u00e8ncies masclistes<\/strong>, ampliant la seva atenci\u00f3 i els recursos per dur-ho a terme, el que continua posicionant-nos com a entitat referent en aquesta \u00e0rea. Agrair l\u2019esfor\u00e7 de totes i tots els i les professionals que han fet possible aquesta realitat aportant la millora continua i la rigorositat en el seu dia a dia.<\/p>\n\n\n\n<p>La formaci\u00f3 i experi\u00e8ncia de l\u2019entitat en aquest \u00e0mbit ens ha permet desenvolupar altres projectes de prevenci\u00f3 i formaci\u00f3 en igualtat i viol\u00e8ncies masclistes adre\u00e7ats a diferents col\u00b7lectius &nbsp;de l\u2019illa de Mallorca.<\/p>\n\n\n\n<p>He de felicitar especialment a les dones que formen part del grup <em>Venus sense C\u00e0non<\/em> que han passat de ser dones v\u00edctimes de viol\u00e8ncia de g\u00e8nere a supervivents, per\u00f2 que ara s\u00f3n transformadores i que, amb la seva tasca, ajuden a altres dones que han passat per un proc\u00e9s similar a apoderar-se, superar-se i transformar. Vull recon\u00e8ixer personal i institucionalment la seva implicaci\u00f3 i valentia en l\u2019organitzaci\u00f3, direcci\u00f3 i protagonitzaci\u00f3 del documental <strong><em>Venus Sense Canon: V\u00edctimes supervivents i transformadores, <\/em><\/strong>presentat en el mes de novembre als Cines Ciutat de Palma amb l\u2019objectiu de sensibilitzar a la ciutadania sobre el masclisme i el seu impacte sobre de les dones.<\/p>\n\n\n\n<p>Acabo aquest rep\u00e0s amb un especial reconeixement a la tasca de totes aquelles figures essencials per a la vida de l\u2019entitat, figures amb qui esperem continuar comptant i amb la seva complicitat: patronat, volunt\u00e0ries, administracions, empreses, &nbsp;entitats, ciutadania que ens acompanyen en aquest cam\u00ed, a aquelles professionals que han decidit emprendre nous camins i aquelles que hi sou amb valentia, il\u00b7lusi\u00f3 i ganes de continuar construint oportunitats.<\/p>\n\n\n\n<p>Desitjo un 2022 on puguem continuar sent una organitzaci\u00f3 referent en la millora de l\u2019impacte en la vida de les persones en aquells territoris on estem presents a trav\u00e9s del nostre Ecosistema de projectes socials i sobretot ho continuem fent amb <strong>optimisme, un valor que \u00e9s quelcom imprescindible en el m\u00f3n actual.<\/strong><strong><\/strong><\/p>\n\n\n\n<p><strong><em>Elena, Eul\u00e0lia, all\u00f2 on sigueu continuareu estant presents en el nostre record.<\/em><\/strong><\/p>\n\n\n\n<p><\/p>\n","protected":false},"excerpt":{"rendered":"<p>Fem un breu rep\u00e0s sobre el qu\u00e8 ha significat aquest any per a la Fundaci\u00f3 IRES<\/p>\n","protected":false},"author":7,"featured_media":37553,"comment_status":"closed","ping_status":"open","sticky":false,"template":"","format":"standard","meta":{"_jetpack_memberships_contains_paid_content":false,"footnotes":""},"categories":[25],"tags":[],"class_list":["post-37552","post","type-post","status-publish","format-standard","has-post-thumbnail","hentry","category-lactivitat-dires"],"yoast_head":"<!-- This site is optimized with the Yoast SEO plugin v27.4 - https:\/\/yoast.com\/product\/yoast-seo-wordpress\/ -->\n<title>Com acomiadem el 2021: Carta de la Directora Nat\u00e0lia Valenzuela - Fundaci\u00f3 IRES<\/title>\n<meta name=\"robots\" content=\"index, follow, max-snippet:-1, max-image-preview:large, max-video-preview:-1\" \/>\n<link rel=\"canonical\" href=\"https:\/\/www.fundacioires.org\/ca\/com-acomiadem-el-2021-carta-de-la-directora-natalia-valenzuela\/\" \/>\n<meta property=\"og:locale\" content=\"ca_ES\" \/>\n<meta property=\"og:type\" content=\"article\" \/>\n<meta property=\"og:title\" content=\"Com acomiadem el 2021: Carta de la Directora Nat\u00e0lia Valenzuela - Fundaci\u00f3 IRES\" \/>\n<meta property=\"og:description\" content=\"Fem un breu rep\u00e0s sobre el qu\u00e8 ha significat aquest any per a la Fundaci\u00f3 IRES\" \/>\n<meta property=\"og:url\" content=\"https:\/\/www.fundacioires.org\/ca\/com-acomiadem-el-2021-carta-de-la-directora-natalia-valenzuela\/\" \/>\n<meta property=\"og:site_name\" content=\"Fundaci\u00f3 IRES\" \/>\n<meta property=\"article:published_time\" content=\"2021-12-30T13:41:23+00:00\" \/>\n<meta property=\"article:modified_time\" content=\"2022-05-31T20:36:18+00:00\" \/>\n<meta property=\"og:image\" content=\"https:\/\/www.fundacioires.org\/wp-content\/uploads\/PLANTILLA-NOTI-WEB-NOVIEMBRE-2020-16.png\" \/>\n\t<meta property=\"og:image:width\" content=\"3600\" \/>\n\t<meta property=\"og:image:height\" content=\"1884\" \/>\n\t<meta property=\"og:image:type\" content=\"image\/png\" \/>\n<meta name=\"author\" content=\"Fundaci\u00f3 IRES\" \/>\n<meta name=\"twitter:card\" content=\"summary_large_image\" \/>\n<meta name=\"twitter:label1\" content=\"Written by\" \/>\n\t<meta name=\"twitter:data1\" content=\"Fundaci\u00f3 IRES\" \/>\n\t<meta name=\"twitter:label2\" content=\"Est. reading time\" \/>\n\t<meta name=\"twitter:data2\" content=\"6 minutes\" \/>\n<script type=\"application\/ld+json\" class=\"yoast-schema-graph\">{\"@context\":\"https:\\\/\\\/schema.org\",\"@graph\":[{\"@type\":\"Article\",\"@id\":\"https:\\\/\\\/www.fundacioires.org\\\/ca\\\/com-acomiadem-el-2021-carta-de-la-directora-natalia-valenzuela\\\/#article\",\"isPartOf\":{\"@id\":\"https:\\\/\\\/www.fundacioires.org\\\/ca\\\/com-acomiadem-el-2021-carta-de-la-directora-natalia-valenzuela\\\/\"},\"author\":{\"name\":\"Fundaci\u00f3 IRES\",\"@id\":\"https:\\\/\\\/www.fundacioires.org\\\/#\\\/schema\\\/person\\\/160af843c565221ef4664a5c7000791c\"},\"headline\":\"Com acomiadem el 2021: Carta de la Directora Nat\u00e0lia Valenzuela\",\"datePublished\":\"2021-12-30T13:41:23+00:00\",\"dateModified\":\"2022-05-31T20:36:18+00:00\",\"mainEntityOfPage\":{\"@id\":\"https:\\\/\\\/www.fundacioires.org\\\/ca\\\/com-acomiadem-el-2021-carta-de-la-directora-natalia-valenzuela\\\/\"},\"wordCount\":1359,\"publisher\":{\"@id\":\"https:\\\/\\\/www.fundacioires.org\\\/#organization\"},\"image\":{\"@id\":\"https:\\\/\\\/www.fundacioires.org\\\/ca\\\/com-acomiadem-el-2021-carta-de-la-directora-natalia-valenzuela\\\/#primaryimage\"},\"thumbnailUrl\":\"https:\\\/\\\/i0.wp.com\\\/www.fundacioires.org\\\/wp-content\\\/uploads\\\/PLANTILLA-NOTI-WEB-NOVIEMBRE-2020-16.png?fit=3600%2C1884&ssl=1\",\"articleSection\":[\"L'activitat d'IRES\"],\"inLanguage\":\"ca-ES\"},{\"@type\":\"WebPage\",\"@id\":\"https:\\\/\\\/www.fundacioires.org\\\/ca\\\/com-acomiadem-el-2021-carta-de-la-directora-natalia-valenzuela\\\/\",\"url\":\"https:\\\/\\\/www.fundacioires.org\\\/ca\\\/com-acomiadem-el-2021-carta-de-la-directora-natalia-valenzuela\\\/\",\"name\":\"Com acomiadem el 2021: Carta de la Directora Nat\u00e0lia Valenzuela - Fundaci\u00f3 IRES\",\"isPartOf\":{\"@id\":\"https:\\\/\\\/www.fundacioires.org\\\/#website\"},\"primaryImageOfPage\":{\"@id\":\"https:\\\/\\\/www.fundacioires.org\\\/ca\\\/com-acomiadem-el-2021-carta-de-la-directora-natalia-valenzuela\\\/#primaryimage\"},\"image\":{\"@id\":\"https:\\\/\\\/www.fundacioires.org\\\/ca\\\/com-acomiadem-el-2021-carta-de-la-directora-natalia-valenzuela\\\/#primaryimage\"},\"thumbnailUrl\":\"https:\\\/\\\/i0.wp.com\\\/www.fundacioires.org\\\/wp-content\\\/uploads\\\/PLANTILLA-NOTI-WEB-NOVIEMBRE-2020-16.png?fit=3600%2C1884&ssl=1\",\"datePublished\":\"2021-12-30T13:41:23+00:00\",\"dateModified\":\"2022-05-31T20:36:18+00:00\",\"breadcrumb\":{\"@id\":\"https:\\\/\\\/www.fundacioires.org\\\/ca\\\/com-acomiadem-el-2021-carta-de-la-directora-natalia-valenzuela\\\/#breadcrumb\"},\"inLanguage\":\"ca-ES\",\"potentialAction\":[{\"@type\":\"ReadAction\",\"target\":[\"https:\\\/\\\/www.fundacioires.org\\\/ca\\\/com-acomiadem-el-2021-carta-de-la-directora-natalia-valenzuela\\\/\"]}]},{\"@type\":\"ImageObject\",\"inLanguage\":\"ca-ES\",\"@id\":\"https:\\\/\\\/www.fundacioires.org\\\/ca\\\/com-acomiadem-el-2021-carta-de-la-directora-natalia-valenzuela\\\/#primaryimage\",\"url\":\"https:\\\/\\\/i0.wp.com\\\/www.fundacioires.org\\\/wp-content\\\/uploads\\\/PLANTILLA-NOTI-WEB-NOVIEMBRE-2020-16.png?fit=3600%2C1884&ssl=1\",\"contentUrl\":\"https:\\\/\\\/i0.wp.com\\\/www.fundacioires.org\\\/wp-content\\\/uploads\\\/PLANTILLA-NOTI-WEB-NOVIEMBRE-2020-16.png?fit=3600%2C1884&ssl=1\",\"width\":3600,\"height\":1884},{\"@type\":\"BreadcrumbList\",\"@id\":\"https:\\\/\\\/www.fundacioires.org\\\/ca\\\/com-acomiadem-el-2021-carta-de-la-directora-natalia-valenzuela\\\/#breadcrumb\",\"itemListElement\":[{\"@type\":\"ListItem\",\"position\":1,\"name\":\"Portada\",\"item\":\"https:\\\/\\\/www.fundacioires.org\\\/\"},{\"@type\":\"ListItem\",\"position\":2,\"name\":\"Com acomiadem el 2021: Carta de la Directora Nat\u00e0lia Valenzuela\"}]},{\"@type\":\"WebSite\",\"@id\":\"https:\\\/\\\/www.fundacioires.org\\\/#website\",\"url\":\"https:\\\/\\\/www.fundacioires.org\\\/\",\"name\":\"Fundaci\u00f3 IRES\",\"description\":\"\",\"publisher\":{\"@id\":\"https:\\\/\\\/www.fundacioires.org\\\/#organization\"},\"potentialAction\":[{\"@type\":\"SearchAction\",\"target\":{\"@type\":\"EntryPoint\",\"urlTemplate\":\"https:\\\/\\\/www.fundacioires.org\\\/?s={search_term_string}\"},\"query-input\":{\"@type\":\"PropertyValueSpecification\",\"valueRequired\":true,\"valueName\":\"search_term_string\"}}],\"inLanguage\":\"ca-ES\"},{\"@type\":\"Organization\",\"@id\":\"https:\\\/\\\/www.fundacioires.org\\\/#organization\",\"name\":\"Fundanci\u00f3n IRES\",\"url\":\"https:\\\/\\\/www.fundacioires.org\\\/\",\"logo\":{\"@type\":\"ImageObject\",\"inLanguage\":\"ca-ES\",\"@id\":\"https:\\\/\\\/www.fundacioires.org\\\/#\\\/schema\\\/logo\\\/image\\\/\",\"url\":\"https:\\\/\\\/i0.wp.com\\\/www.fundacioires.org\\\/wp-content\\\/uploads\\\/faviconIRES.png?fit=32%2C32&ssl=1\",\"contentUrl\":\"https:\\\/\\\/i0.wp.com\\\/www.fundacioires.org\\\/wp-content\\\/uploads\\\/faviconIRES.png?fit=32%2C32&ssl=1\",\"width\":32,\"height\":32,\"caption\":\"Fundanci\u00f3n IRES\"},\"image\":{\"@id\":\"https:\\\/\\\/www.fundacioires.org\\\/#\\\/schema\\\/logo\\\/image\\\/\"}},{\"@type\":\"Person\",\"@id\":\"https:\\\/\\\/www.fundacioires.org\\\/#\\\/schema\\\/person\\\/160af843c565221ef4664a5c7000791c\",\"name\":\"Fundaci\u00f3 IRES\"}]}<\/script>\n<!-- \/ Yoast SEO plugin. -->","yoast_head_json":{"title":"Com acomiadem el 2021: Carta de la Directora Nat\u00e0lia Valenzuela - Fundaci\u00f3 IRES","robots":{"index":"index","follow":"follow","max-snippet":"max-snippet:-1","max-image-preview":"max-image-preview:large","max-video-preview":"max-video-preview:-1"},"canonical":"https:\/\/www.fundacioires.org\/ca\/com-acomiadem-el-2021-carta-de-la-directora-natalia-valenzuela\/","og_locale":"ca_ES","og_type":"article","og_title":"Com acomiadem el 2021: Carta de la Directora Nat\u00e0lia Valenzuela - Fundaci\u00f3 IRES","og_description":"Fem un breu rep\u00e0s sobre el qu\u00e8 ha significat aquest any per a la Fundaci\u00f3 IRES","og_url":"https:\/\/www.fundacioires.org\/ca\/com-acomiadem-el-2021-carta-de-la-directora-natalia-valenzuela\/","og_site_name":"Fundaci\u00f3 IRES","article_published_time":"2021-12-30T13:41:23+00:00","article_modified_time":"2022-05-31T20:36:18+00:00","og_image":[{"width":3600,"height":1884,"url":"https:\/\/www.fundacioires.org\/wp-content\/uploads\/PLANTILLA-NOTI-WEB-NOVIEMBRE-2020-16.png","type":"image\/png"}],"author":"Fundaci\u00f3 IRES","twitter_card":"summary_large_image","twitter_misc":{"Written by":"Fundaci\u00f3 IRES","Est. reading time":"6 minutes"},"schema":{"@context":"https:\/\/schema.org","@graph":[{"@type":"Article","@id":"https:\/\/www.fundacioires.org\/ca\/com-acomiadem-el-2021-carta-de-la-directora-natalia-valenzuela\/#article","isPartOf":{"@id":"https:\/\/www.fundacioires.org\/ca\/com-acomiadem-el-2021-carta-de-la-directora-natalia-valenzuela\/"},"author":{"name":"Fundaci\u00f3 IRES","@id":"https:\/\/www.fundacioires.org\/#\/schema\/person\/160af843c565221ef4664a5c7000791c"},"headline":"Com acomiadem el 2021: Carta de la Directora Nat\u00e0lia Valenzuela","datePublished":"2021-12-30T13:41:23+00:00","dateModified":"2022-05-31T20:36:18+00:00","mainEntityOfPage":{"@id":"https:\/\/www.fundacioires.org\/ca\/com-acomiadem-el-2021-carta-de-la-directora-natalia-valenzuela\/"},"wordCount":1359,"publisher":{"@id":"https:\/\/www.fundacioires.org\/#organization"},"image":{"@id":"https:\/\/www.fundacioires.org\/ca\/com-acomiadem-el-2021-carta-de-la-directora-natalia-valenzuela\/#primaryimage"},"thumbnailUrl":"https:\/\/i0.wp.com\/www.fundacioires.org\/wp-content\/uploads\/PLANTILLA-NOTI-WEB-NOVIEMBRE-2020-16.png?fit=3600%2C1884&ssl=1","articleSection":["L'activitat d'IRES"],"inLanguage":"ca-ES"},{"@type":"WebPage","@id":"https:\/\/www.fundacioires.org\/ca\/com-acomiadem-el-2021-carta-de-la-directora-natalia-valenzuela\/","url":"https:\/\/www.fundacioires.org\/ca\/com-acomiadem-el-2021-carta-de-la-directora-natalia-valenzuela\/","name":"Com acomiadem el 2021: Carta de la Directora Nat\u00e0lia Valenzuela - Fundaci\u00f3 IRES","isPartOf":{"@id":"https:\/\/www.fundacioires.org\/#website"},"primaryImageOfPage":{"@id":"https:\/\/www.fundacioires.org\/ca\/com-acomiadem-el-2021-carta-de-la-directora-natalia-valenzuela\/#primaryimage"},"image":{"@id":"https:\/\/www.fundacioires.org\/ca\/com-acomiadem-el-2021-carta-de-la-directora-natalia-valenzuela\/#primaryimage"},"thumbnailUrl":"https:\/\/i0.wp.com\/www.fundacioires.org\/wp-content\/uploads\/PLANTILLA-NOTI-WEB-NOVIEMBRE-2020-16.png?fit=3600%2C1884&ssl=1","datePublished":"2021-12-30T13:41:23+00:00","dateModified":"2022-05-31T20:36:18+00:00","breadcrumb":{"@id":"https:\/\/www.fundacioires.org\/ca\/com-acomiadem-el-2021-carta-de-la-directora-natalia-valenzuela\/#breadcrumb"},"inLanguage":"ca-ES","potentialAction":[{"@type":"ReadAction","target":["https:\/\/www.fundacioires.org\/ca\/com-acomiadem-el-2021-carta-de-la-directora-natalia-valenzuela\/"]}]},{"@type":"ImageObject","inLanguage":"ca-ES","@id":"https:\/\/www.fundacioires.org\/ca\/com-acomiadem-el-2021-carta-de-la-directora-natalia-valenzuela\/#primaryimage","url":"https:\/\/i0.wp.com\/www.fundacioires.org\/wp-content\/uploads\/PLANTILLA-NOTI-WEB-NOVIEMBRE-2020-16.png?fit=3600%2C1884&ssl=1","contentUrl":"https:\/\/i0.wp.com\/www.fundacioires.org\/wp-content\/uploads\/PLANTILLA-NOTI-WEB-NOVIEMBRE-2020-16.png?fit=3600%2C1884&ssl=1","width":3600,"height":1884},{"@type":"BreadcrumbList","@id":"https:\/\/www.fundacioires.org\/ca\/com-acomiadem-el-2021-carta-de-la-directora-natalia-valenzuela\/#breadcrumb","itemListElement":[{"@type":"ListItem","position":1,"name":"Portada","item":"https:\/\/www.fundacioires.org\/"},{"@type":"ListItem","position":2,"name":"Com acomiadem el 2021: Carta de la Directora Nat\u00e0lia Valenzuela"}]},{"@type":"WebSite","@id":"https:\/\/www.fundacioires.org\/#website","url":"https:\/\/www.fundacioires.org\/","name":"Fundaci\u00f3 IRES","description":"","publisher":{"@id":"https:\/\/www.fundacioires.org\/#organization"},"potentialAction":[{"@type":"SearchAction","target":{"@type":"EntryPoint","urlTemplate":"https:\/\/www.fundacioires.org\/?s={search_term_string}"},"query-input":{"@type":"PropertyValueSpecification","valueRequired":true,"valueName":"search_term_string"}}],"inLanguage":"ca-ES"},{"@type":"Organization","@id":"https:\/\/www.fundacioires.org\/#organization","name":"Fundanci\u00f3n IRES","url":"https:\/\/www.fundacioires.org\/","logo":{"@type":"ImageObject","inLanguage":"ca-ES","@id":"https:\/\/www.fundacioires.org\/#\/schema\/logo\/image\/","url":"https:\/\/i0.wp.com\/www.fundacioires.org\/wp-content\/uploads\/faviconIRES.png?fit=32%2C32&ssl=1","contentUrl":"https:\/\/i0.wp.com\/www.fundacioires.org\/wp-content\/uploads\/faviconIRES.png?fit=32%2C32&ssl=1","width":32,"height":32,"caption":"Fundanci\u00f3n IRES"},"image":{"@id":"https:\/\/www.fundacioires.org\/#\/schema\/logo\/image\/"}},{"@type":"Person","@id":"https:\/\/www.fundacioires.org\/#\/schema\/person\/160af843c565221ef4664a5c7000791c","name":"Fundaci\u00f3 IRES"}]}},"jetpack_featured_media_url":"https:\/\/i0.wp.com\/www.fundacioires.org\/wp-content\/uploads\/PLANTILLA-NOTI-WEB-NOVIEMBRE-2020-16.png?fit=3600%2C1884&ssl=1","jetpack_sharing_enabled":true,"_links":{"self":[{"href":"https:\/\/www.fundacioires.org\/ca\/wp-json\/wp\/v2\/posts\/37552","targetHints":{"allow":["GET"]}}],"collection":[{"href":"https:\/\/www.fundacioires.org\/ca\/wp-json\/wp\/v2\/posts"}],"about":[{"href":"https:\/\/www.fundacioires.org\/ca\/wp-json\/wp\/v2\/types\/post"}],"author":[{"embeddable":true,"href":"https:\/\/www.fundacioires.org\/ca\/wp-json\/wp\/v2\/users\/7"}],"replies":[{"embeddable":true,"href":"https:\/\/www.fundacioires.org\/ca\/wp-json\/wp\/v2\/comments?post=37552"}],"version-history":[{"count":5,"href":"https:\/\/www.fundacioires.org\/ca\/wp-json\/wp\/v2\/posts\/37552\/revisions"}],"predecessor-version":[{"id":37567,"href":"https:\/\/www.fundacioires.org\/ca\/wp-json\/wp\/v2\/posts\/37552\/revisions\/37567"}],"wp:featuredmedia":[{"embeddable":true,"href":"https:\/\/www.fundacioires.org\/ca\/wp-json\/wp\/v2\/media\/37553"}],"wp:attachment":[{"href":"https:\/\/www.fundacioires.org\/ca\/wp-json\/wp\/v2\/media?parent=37552"}],"wp:term":[{"taxonomy":"category","embeddable":true,"href":"https:\/\/www.fundacioires.org\/ca\/wp-json\/wp\/v2\/categories?post=37552"},{"taxonomy":"post_tag","embeddable":true,"href":"https:\/\/www.fundacioires.org\/ca\/wp-json\/wp\/v2\/tags?post=37552"}],"curies":[{"name":"wp","href":"https:\/\/api.w.org\/{rel}","templated":true}]}}