{"id":37595,"date":"2022-01-10T22:08:02","date_gmt":"2022-01-10T21:08:02","guid":{"rendered":"https:\/\/www.fundacioires.org\/?p=37595"},"modified":"2022-01-10T22:14:42","modified_gmt":"2022-01-10T21:14:42","slug":"coneix-lespai-obert-de-son-servera-i-cala-millor","status":"publish","type":"post","link":"https:\/\/www.fundacioires.org\/ca\/coneix-lespai-obert-de-son-servera-i-cala-millor\/","title":{"rendered":"Coneix l&#8217;Espai Obert de Son Servera i Cala Millor"},"content":{"rendered":"\n<p>Des del passat mes d&#8217;octubre la Fundaci\u00f3 IRES gestiona el servei d&#8217;Espai Obert a Son Servera i Cala Millor que ha posat en marxa el Departament de Benestar Social de l&#8217;Ajuntament de Son Servera. El servei t\u00e9 com a objectiu principal el desenvolupament integral dels infants, \u00e9s a dir, el desenvolupament d&#8217;habilitats socials, la gesti\u00f3 d&#8217;emocions i la resoluci\u00f3 de conflictes mitjan\u00e7ant l&#8217;expressi\u00f3 art\u00edstica i corporal com a fil conductor.<\/p>\n\n\n\n<p>A ambd\u00f3s pobles, Son Servera i Cala Millor, comptem amb dos grups d&#8217;infants separats en funci\u00f3 de les edats: un primer grup de 5 a 8 anys i un segon grup de 9 a 12. Actualment, un total de 27 infants gaudeixen del servei. El CEIP na Penyal i el CEIP Jaume Fornaris i Taltavull faciliten el seu espai per poder dur a terme les activitats. Les sessions tenen una duraci\u00f3 aproximada d&#8217;una hora i mitja i les activitats s\u00f3n d&#8217;all\u00f2 m\u00e9s variades i s&#8217;adapten a les necessitats, interessos i motivacions dels infants: activitats de car\u00e0cter art\u00edstic, treballs manuals, tallers de cuina, din\u00e0miques de grup per treballar les habilitats socials, activitats culturals, sortides&#8230;<\/p>\n\n\n\n<p>Aquesta iniciativa va ser un enc\u00e0rrec per part de l\u2019Ajuntament i t\u00e9 prevista la seva durada fins al maig del 2022.<\/p>\n\n\n\n<div class=\"wp-block-jetpack-slideshow aligncenter\" data-effect=\"slide\"><div class=\"wp-block-jetpack-slideshow_container swiper-container\"><ul class=\"wp-block-jetpack-slideshow_swiper-wrapper swiper-wrapper\"><li class=\"wp-block-jetpack-slideshow_slide swiper-slide\"><figure><img data-recalc-dims=\"1\" loading=\"lazy\" decoding=\"async\" width=\"1200\" height=\"628\" alt=\"\" class=\"wp-block-jetpack-slideshow_image wp-image-37663\" data-id=\"37663\" src=\"https:\/\/i0.wp.com\/www.fundacioires.org\/wp-content\/uploads\/PLANTILLA-NOTI-WEB-NOVIEMBRE-2020-7.png?resize=1200%2C628&#038;ssl=1\" srcset=\"https:\/\/i0.wp.com\/www.fundacioires.org\/wp-content\/uploads\/PLANTILLA-NOTI-WEB-NOVIEMBRE-2020-7.png?w=1200&amp;ssl=1 1200w, https:\/\/i0.wp.com\/www.fundacioires.org\/wp-content\/uploads\/PLANTILLA-NOTI-WEB-NOVIEMBRE-2020-7.png?resize=300%2C157&amp;ssl=1 300w, https:\/\/i0.wp.com\/www.fundacioires.org\/wp-content\/uploads\/PLANTILLA-NOTI-WEB-NOVIEMBRE-2020-7.png?resize=1024%2C536&amp;ssl=1 1024w, https:\/\/i0.wp.com\/www.fundacioires.org\/wp-content\/uploads\/PLANTILLA-NOTI-WEB-NOVIEMBRE-2020-7.png?resize=768%2C402&amp;ssl=1 768w\" sizes=\"(max-width: 1000px) 100vw, 1000px\" \/><\/figure><\/li><li class=\"wp-block-jetpack-slideshow_slide swiper-slide\"><figure><img data-recalc-dims=\"1\" loading=\"lazy\" decoding=\"async\" width=\"1200\" height=\"628\" alt=\"\" class=\"wp-block-jetpack-slideshow_image wp-image-37665\" data-id=\"37665\" src=\"https:\/\/i0.wp.com\/www.fundacioires.org\/wp-content\/uploads\/PLANTILLA-NOTI-WEB-NOVIEMBRE-2020-6-1.png?resize=1200%2C628&#038;ssl=1\" srcset=\"https:\/\/i0.wp.com\/www.fundacioires.org\/wp-content\/uploads\/PLANTILLA-NOTI-WEB-NOVIEMBRE-2020-6-1.png?w=1200&amp;ssl=1 1200w, https:\/\/i0.wp.com\/www.fundacioires.org\/wp-content\/uploads\/PLANTILLA-NOTI-WEB-NOVIEMBRE-2020-6-1.png?resize=300%2C157&amp;ssl=1 300w, https:\/\/i0.wp.com\/www.fundacioires.org\/wp-content\/uploads\/PLANTILLA-NOTI-WEB-NOVIEMBRE-2020-6-1.png?resize=1024%2C536&amp;ssl=1 1024w, https:\/\/i0.wp.com\/www.fundacioires.org\/wp-content\/uploads\/PLANTILLA-NOTI-WEB-NOVIEMBRE-2020-6-1.png?resize=768%2C402&amp;ssl=1 768w\" sizes=\"(max-width: 1000px) 100vw, 1000px\" \/><\/figure><\/li><li class=\"wp-block-jetpack-slideshow_slide swiper-slide\"><figure><img data-recalc-dims=\"1\" loading=\"lazy\" decoding=\"async\" width=\"1200\" height=\"628\" alt=\"\" class=\"wp-block-jetpack-slideshow_image wp-image-37661\" data-id=\"37661\" src=\"https:\/\/i0.wp.com\/www.fundacioires.org\/wp-content\/uploads\/PLANTILLA-NOTI-WEB-NOVIEMBRE-2020-8.png?resize=1200%2C628&#038;ssl=1\" srcset=\"https:\/\/i0.wp.com\/www.fundacioires.org\/wp-content\/uploads\/PLANTILLA-NOTI-WEB-NOVIEMBRE-2020-8.png?w=1200&amp;ssl=1 1200w, https:\/\/i0.wp.com\/www.fundacioires.org\/wp-content\/uploads\/PLANTILLA-NOTI-WEB-NOVIEMBRE-2020-8.png?resize=300%2C157&amp;ssl=1 300w, https:\/\/i0.wp.com\/www.fundacioires.org\/wp-content\/uploads\/PLANTILLA-NOTI-WEB-NOVIEMBRE-2020-8.png?resize=1024%2C536&amp;ssl=1 1024w, https:\/\/i0.wp.com\/www.fundacioires.org\/wp-content\/uploads\/PLANTILLA-NOTI-WEB-NOVIEMBRE-2020-8.png?resize=768%2C402&amp;ssl=1 768w\" sizes=\"(max-width: 1000px) 100vw, 1000px\" \/><\/figure><\/li><li class=\"wp-block-jetpack-slideshow_slide swiper-slide\"><figure><img data-recalc-dims=\"1\" loading=\"lazy\" decoding=\"async\" width=\"1200\" height=\"628\" alt=\"\" class=\"wp-block-jetpack-slideshow_image wp-image-37667\" data-id=\"37667\" src=\"https:\/\/i0.wp.com\/www.fundacioires.org\/wp-content\/uploads\/PLANTILLA-NOTI-WEB-NOVIEMBRE-2020-5-1.png?resize=1200%2C628&#038;ssl=1\" srcset=\"https:\/\/i0.wp.com\/www.fundacioires.org\/wp-content\/uploads\/PLANTILLA-NOTI-WEB-NOVIEMBRE-2020-5-1.png?w=1200&amp;ssl=1 1200w, https:\/\/i0.wp.com\/www.fundacioires.org\/wp-content\/uploads\/PLANTILLA-NOTI-WEB-NOVIEMBRE-2020-5-1.png?resize=300%2C157&amp;ssl=1 300w, https:\/\/i0.wp.com\/www.fundacioires.org\/wp-content\/uploads\/PLANTILLA-NOTI-WEB-NOVIEMBRE-2020-5-1.png?resize=1024%2C536&amp;ssl=1 1024w, https:\/\/i0.wp.com\/www.fundacioires.org\/wp-content\/uploads\/PLANTILLA-NOTI-WEB-NOVIEMBRE-2020-5-1.png?resize=768%2C402&amp;ssl=1 768w\" sizes=\"(max-width: 1000px) 100vw, 1000px\" \/><\/figure><\/li><\/ul><a class=\"wp-block-jetpack-slideshow_button-prev swiper-button-prev swiper-button-white\" role=\"button\"><\/a><a class=\"wp-block-jetpack-slideshow_button-next swiper-button-next swiper-button-white\" role=\"button\"><\/a><a aria-label=\"Pause Slideshow\" class=\"wp-block-jetpack-slideshow_button-pause\" role=\"button\"><\/a><div class=\"wp-block-jetpack-slideshow_pagination swiper-pagination swiper-pagination-white\"><\/div><\/div><\/div>\n","protected":false},"excerpt":{"rendered":"<p>Des del passat mes d&#8217;octubre la Fundaci\u00f3 IRES gestiona el servei d&#8217;Espai Obert a Son Servera i Cala Millor que ha posat en marxa el Departament de Benestar Social de l&#8217;Ajuntament de Son Servera.<\/p>\n","protected":false},"author":7,"featured_media":37665,"comment_status":"closed","ping_status":"open","sticky":false,"template":"","format":"standard","meta":{"_jetpack_memberships_contains_paid_content":false,"footnotes":""},"categories":[25],"tags":[],"class_list":["post-37595","post","type-post","status-publish","format-standard","has-post-thumbnail","hentry","category-lactivitat-dires"],"yoast_head":"<!-- This site is optimized with the Yoast SEO plugin v27.4 - https:\/\/yoast.com\/product\/yoast-seo-wordpress\/ -->\n<title>Coneix l&#039;Espai Obert de Son Servera i Cala Millor - Fundaci\u00f3 IRES<\/title>\n<meta name=\"description\" content=\"Des del passat mes d&#039;octubre IRES gestiona el servei d&#039;Espai Obert a Son Servera i Cala Millor que ha posat en marxa des de l&#039;Ajuntament\" \/>\n<meta name=\"robots\" content=\"index, follow, max-snippet:-1, max-image-preview:large, max-video-preview:-1\" \/>\n<link rel=\"canonical\" href=\"https:\/\/www.fundacioires.org\/ca\/coneix-lespai-obert-de-son-servera-i-cala-millor\/\" \/>\n<meta property=\"og:locale\" content=\"ca_ES\" \/>\n<meta property=\"og:type\" content=\"article\" \/>\n<meta property=\"og:title\" content=\"Coneix l&#039;Espai Obert de Son Servera i Cala Millor - Fundaci\u00f3 IRES\" \/>\n<meta property=\"og:description\" content=\"Des del passat mes d&#039;octubre IRES gestiona el servei d&#039;Espai Obert a Son Servera i Cala Millor que ha posat en marxa des de l&#039;Ajuntament\" \/>\n<meta property=\"og:url\" content=\"https:\/\/www.fundacioires.org\/ca\/coneix-lespai-obert-de-son-servera-i-cala-millor\/\" \/>\n<meta property=\"og:site_name\" content=\"Fundaci\u00f3 IRES\" \/>\n<meta property=\"article:published_time\" content=\"2022-01-10T21:08:02+00:00\" \/>\n<meta property=\"article:modified_time\" content=\"2022-01-10T21:14:42+00:00\" \/>\n<meta property=\"og:image\" content=\"https:\/\/www.fundacioires.org\/wp-content\/uploads\/PLANTILLA-NOTI-WEB-NOVIEMBRE-2020-6-1.png\" \/>\n\t<meta property=\"og:image:width\" content=\"1200\" \/>\n\t<meta property=\"og:image:height\" content=\"628\" \/>\n\t<meta property=\"og:image:type\" content=\"image\/png\" \/>\n<meta name=\"author\" content=\"Fundaci\u00f3 IRES\" \/>\n<meta name=\"twitter:card\" content=\"summary_large_image\" \/>\n<meta name=\"twitter:label1\" content=\"Written by\" \/>\n\t<meta name=\"twitter:data1\" content=\"Fundaci\u00f3 IRES\" \/>\n\t<meta name=\"twitter:label2\" content=\"Est. reading time\" \/>\n\t<meta name=\"twitter:data2\" content=\"2 minutes\" \/>\n<script type=\"application\/ld+json\" class=\"yoast-schema-graph\">{\"@context\":\"https:\\\/\\\/schema.org\",\"@graph\":[{\"@type\":\"Article\",\"@id\":\"https:\\\/\\\/www.fundacioires.org\\\/ca\\\/coneix-lespai-obert-de-son-servera-i-cala-millor\\\/#article\",\"isPartOf\":{\"@id\":\"https:\\\/\\\/www.fundacioires.org\\\/ca\\\/coneix-lespai-obert-de-son-servera-i-cala-millor\\\/\"},\"author\":{\"name\":\"Fundaci\u00f3 IRES\",\"@id\":\"https:\\\/\\\/www.fundacioires.org\\\/#\\\/schema\\\/person\\\/160af843c565221ef4664a5c7000791c\"},\"headline\":\"Coneix l&#8217;Espai Obert de Son Servera i Cala Millor\",\"datePublished\":\"2022-01-10T21:08:02+00:00\",\"dateModified\":\"2022-01-10T21:14:42+00:00\",\"mainEntityOfPage\":{\"@id\":\"https:\\\/\\\/www.fundacioires.org\\\/ca\\\/coneix-lespai-obert-de-son-servera-i-cala-millor\\\/\"},\"wordCount\":228,\"publisher\":{\"@id\":\"https:\\\/\\\/www.fundacioires.org\\\/#organization\"},\"image\":{\"@id\":\"https:\\\/\\\/www.fundacioires.org\\\/ca\\\/coneix-lespai-obert-de-son-servera-i-cala-millor\\\/#primaryimage\"},\"thumbnailUrl\":\"https:\\\/\\\/i0.wp.com\\\/www.fundacioires.org\\\/wp-content\\\/uploads\\\/PLANTILLA-NOTI-WEB-NOVIEMBRE-2020-6-1.png?fit=1200%2C628&ssl=1\",\"articleSection\":[\"L'activitat d'IRES\"],\"inLanguage\":\"ca-ES\"},{\"@type\":\"WebPage\",\"@id\":\"https:\\\/\\\/www.fundacioires.org\\\/ca\\\/coneix-lespai-obert-de-son-servera-i-cala-millor\\\/\",\"url\":\"https:\\\/\\\/www.fundacioires.org\\\/ca\\\/coneix-lespai-obert-de-son-servera-i-cala-millor\\\/\",\"name\":\"Coneix l'Espai Obert de Son Servera i Cala Millor - Fundaci\u00f3 IRES\",\"isPartOf\":{\"@id\":\"https:\\\/\\\/www.fundacioires.org\\\/#website\"},\"primaryImageOfPage\":{\"@id\":\"https:\\\/\\\/www.fundacioires.org\\\/ca\\\/coneix-lespai-obert-de-son-servera-i-cala-millor\\\/#primaryimage\"},\"image\":{\"@id\":\"https:\\\/\\\/www.fundacioires.org\\\/ca\\\/coneix-lespai-obert-de-son-servera-i-cala-millor\\\/#primaryimage\"},\"thumbnailUrl\":\"https:\\\/\\\/i0.wp.com\\\/www.fundacioires.org\\\/wp-content\\\/uploads\\\/PLANTILLA-NOTI-WEB-NOVIEMBRE-2020-6-1.png?fit=1200%2C628&ssl=1\",\"datePublished\":\"2022-01-10T21:08:02+00:00\",\"dateModified\":\"2022-01-10T21:14:42+00:00\",\"description\":\"Des del passat mes d'octubre IRES gestiona el servei d'Espai Obert a Son Servera i Cala Millor que ha posat en marxa des de l'Ajuntament\",\"breadcrumb\":{\"@id\":\"https:\\\/\\\/www.fundacioires.org\\\/ca\\\/coneix-lespai-obert-de-son-servera-i-cala-millor\\\/#breadcrumb\"},\"inLanguage\":\"ca-ES\",\"potentialAction\":[{\"@type\":\"ReadAction\",\"target\":[\"https:\\\/\\\/www.fundacioires.org\\\/ca\\\/coneix-lespai-obert-de-son-servera-i-cala-millor\\\/\"]}]},{\"@type\":\"ImageObject\",\"inLanguage\":\"ca-ES\",\"@id\":\"https:\\\/\\\/www.fundacioires.org\\\/ca\\\/coneix-lespai-obert-de-son-servera-i-cala-millor\\\/#primaryimage\",\"url\":\"https:\\\/\\\/i0.wp.com\\\/www.fundacioires.org\\\/wp-content\\\/uploads\\\/PLANTILLA-NOTI-WEB-NOVIEMBRE-2020-6-1.png?fit=1200%2C628&ssl=1\",\"contentUrl\":\"https:\\\/\\\/i0.wp.com\\\/www.fundacioires.org\\\/wp-content\\\/uploads\\\/PLANTILLA-NOTI-WEB-NOVIEMBRE-2020-6-1.png?fit=1200%2C628&ssl=1\",\"width\":1200,\"height\":628},{\"@type\":\"BreadcrumbList\",\"@id\":\"https:\\\/\\\/www.fundacioires.org\\\/ca\\\/coneix-lespai-obert-de-son-servera-i-cala-millor\\\/#breadcrumb\",\"itemListElement\":[{\"@type\":\"ListItem\",\"position\":1,\"name\":\"Portada\",\"item\":\"https:\\\/\\\/www.fundacioires.org\\\/\"},{\"@type\":\"ListItem\",\"position\":2,\"name\":\"Coneix l&#8217;Espai Obert de Son Servera i Cala Millor\"}]},{\"@type\":\"WebSite\",\"@id\":\"https:\\\/\\\/www.fundacioires.org\\\/#website\",\"url\":\"https:\\\/\\\/www.fundacioires.org\\\/\",\"name\":\"Fundaci\u00f3 IRES\",\"description\":\"\",\"publisher\":{\"@id\":\"https:\\\/\\\/www.fundacioires.org\\\/#organization\"},\"potentialAction\":[{\"@type\":\"SearchAction\",\"target\":{\"@type\":\"EntryPoint\",\"urlTemplate\":\"https:\\\/\\\/www.fundacioires.org\\\/?s={search_term_string}\"},\"query-input\":{\"@type\":\"PropertyValueSpecification\",\"valueRequired\":true,\"valueName\":\"search_term_string\"}}],\"inLanguage\":\"ca-ES\"},{\"@type\":\"Organization\",\"@id\":\"https:\\\/\\\/www.fundacioires.org\\\/#organization\",\"name\":\"Fundanci\u00f3n IRES\",\"url\":\"https:\\\/\\\/www.fundacioires.org\\\/\",\"logo\":{\"@type\":\"ImageObject\",\"inLanguage\":\"ca-ES\",\"@id\":\"https:\\\/\\\/www.fundacioires.org\\\/#\\\/schema\\\/logo\\\/image\\\/\",\"url\":\"https:\\\/\\\/i0.wp.com\\\/www.fundacioires.org\\\/wp-content\\\/uploads\\\/faviconIRES.png?fit=32%2C32&ssl=1\",\"contentUrl\":\"https:\\\/\\\/i0.wp.com\\\/www.fundacioires.org\\\/wp-content\\\/uploads\\\/faviconIRES.png?fit=32%2C32&ssl=1\",\"width\":32,\"height\":32,\"caption\":\"Fundanci\u00f3n IRES\"},\"image\":{\"@id\":\"https:\\\/\\\/www.fundacioires.org\\\/#\\\/schema\\\/logo\\\/image\\\/\"}},{\"@type\":\"Person\",\"@id\":\"https:\\\/\\\/www.fundacioires.org\\\/#\\\/schema\\\/person\\\/160af843c565221ef4664a5c7000791c\",\"name\":\"Fundaci\u00f3 IRES\"}]}<\/script>\n<!-- \/ Yoast SEO plugin. -->","yoast_head_json":{"title":"Coneix l'Espai Obert de Son Servera i Cala Millor - Fundaci\u00f3 IRES","description":"Des del passat mes d'octubre IRES gestiona el servei d'Espai Obert a Son Servera i Cala Millor que ha posat en marxa des de l'Ajuntament","robots":{"index":"index","follow":"follow","max-snippet":"max-snippet:-1","max-image-preview":"max-image-preview:large","max-video-preview":"max-video-preview:-1"},"canonical":"https:\/\/www.fundacioires.org\/ca\/coneix-lespai-obert-de-son-servera-i-cala-millor\/","og_locale":"ca_ES","og_type":"article","og_title":"Coneix l'Espai Obert de Son Servera i Cala Millor - Fundaci\u00f3 IRES","og_description":"Des del passat mes d'octubre IRES gestiona el servei d'Espai Obert a Son Servera i Cala Millor que ha posat en marxa des de l'Ajuntament","og_url":"https:\/\/www.fundacioires.org\/ca\/coneix-lespai-obert-de-son-servera-i-cala-millor\/","og_site_name":"Fundaci\u00f3 IRES","article_published_time":"2022-01-10T21:08:02+00:00","article_modified_time":"2022-01-10T21:14:42+00:00","og_image":[{"width":1200,"height":628,"url":"https:\/\/www.fundacioires.org\/wp-content\/uploads\/PLANTILLA-NOTI-WEB-NOVIEMBRE-2020-6-1.png","type":"image\/png"}],"author":"Fundaci\u00f3 IRES","twitter_card":"summary_large_image","twitter_misc":{"Written by":"Fundaci\u00f3 IRES","Est. reading time":"2 minutes"},"schema":{"@context":"https:\/\/schema.org","@graph":[{"@type":"Article","@id":"https:\/\/www.fundacioires.org\/ca\/coneix-lespai-obert-de-son-servera-i-cala-millor\/#article","isPartOf":{"@id":"https:\/\/www.fundacioires.org\/ca\/coneix-lespai-obert-de-son-servera-i-cala-millor\/"},"author":{"name":"Fundaci\u00f3 IRES","@id":"https:\/\/www.fundacioires.org\/#\/schema\/person\/160af843c565221ef4664a5c7000791c"},"headline":"Coneix l&#8217;Espai Obert de Son Servera i Cala Millor","datePublished":"2022-01-10T21:08:02+00:00","dateModified":"2022-01-10T21:14:42+00:00","mainEntityOfPage":{"@id":"https:\/\/www.fundacioires.org\/ca\/coneix-lespai-obert-de-son-servera-i-cala-millor\/"},"wordCount":228,"publisher":{"@id":"https:\/\/www.fundacioires.org\/#organization"},"image":{"@id":"https:\/\/www.fundacioires.org\/ca\/coneix-lespai-obert-de-son-servera-i-cala-millor\/#primaryimage"},"thumbnailUrl":"https:\/\/i0.wp.com\/www.fundacioires.org\/wp-content\/uploads\/PLANTILLA-NOTI-WEB-NOVIEMBRE-2020-6-1.png?fit=1200%2C628&ssl=1","articleSection":["L'activitat d'IRES"],"inLanguage":"ca-ES"},{"@type":"WebPage","@id":"https:\/\/www.fundacioires.org\/ca\/coneix-lespai-obert-de-son-servera-i-cala-millor\/","url":"https:\/\/www.fundacioires.org\/ca\/coneix-lespai-obert-de-son-servera-i-cala-millor\/","name":"Coneix l'Espai Obert de Son Servera i Cala Millor - Fundaci\u00f3 IRES","isPartOf":{"@id":"https:\/\/www.fundacioires.org\/#website"},"primaryImageOfPage":{"@id":"https:\/\/www.fundacioires.org\/ca\/coneix-lespai-obert-de-son-servera-i-cala-millor\/#primaryimage"},"image":{"@id":"https:\/\/www.fundacioires.org\/ca\/coneix-lespai-obert-de-son-servera-i-cala-millor\/#primaryimage"},"thumbnailUrl":"https:\/\/i0.wp.com\/www.fundacioires.org\/wp-content\/uploads\/PLANTILLA-NOTI-WEB-NOVIEMBRE-2020-6-1.png?fit=1200%2C628&ssl=1","datePublished":"2022-01-10T21:08:02+00:00","dateModified":"2022-01-10T21:14:42+00:00","description":"Des del passat mes d'octubre IRES gestiona el servei d'Espai Obert a Son Servera i Cala Millor que ha posat en marxa des de l'Ajuntament","breadcrumb":{"@id":"https:\/\/www.fundacioires.org\/ca\/coneix-lespai-obert-de-son-servera-i-cala-millor\/#breadcrumb"},"inLanguage":"ca-ES","potentialAction":[{"@type":"ReadAction","target":["https:\/\/www.fundacioires.org\/ca\/coneix-lespai-obert-de-son-servera-i-cala-millor\/"]}]},{"@type":"ImageObject","inLanguage":"ca-ES","@id":"https:\/\/www.fundacioires.org\/ca\/coneix-lespai-obert-de-son-servera-i-cala-millor\/#primaryimage","url":"https:\/\/i0.wp.com\/www.fundacioires.org\/wp-content\/uploads\/PLANTILLA-NOTI-WEB-NOVIEMBRE-2020-6-1.png?fit=1200%2C628&ssl=1","contentUrl":"https:\/\/i0.wp.com\/www.fundacioires.org\/wp-content\/uploads\/PLANTILLA-NOTI-WEB-NOVIEMBRE-2020-6-1.png?fit=1200%2C628&ssl=1","width":1200,"height":628},{"@type":"BreadcrumbList","@id":"https:\/\/www.fundacioires.org\/ca\/coneix-lespai-obert-de-son-servera-i-cala-millor\/#breadcrumb","itemListElement":[{"@type":"ListItem","position":1,"name":"Portada","item":"https:\/\/www.fundacioires.org\/"},{"@type":"ListItem","position":2,"name":"Coneix l&#8217;Espai Obert de Son Servera i Cala Millor"}]},{"@type":"WebSite","@id":"https:\/\/www.fundacioires.org\/#website","url":"https:\/\/www.fundacioires.org\/","name":"Fundaci\u00f3 IRES","description":"","publisher":{"@id":"https:\/\/www.fundacioires.org\/#organization"},"potentialAction":[{"@type":"SearchAction","target":{"@type":"EntryPoint","urlTemplate":"https:\/\/www.fundacioires.org\/?s={search_term_string}"},"query-input":{"@type":"PropertyValueSpecification","valueRequired":true,"valueName":"search_term_string"}}],"inLanguage":"ca-ES"},{"@type":"Organization","@id":"https:\/\/www.fundacioires.org\/#organization","name":"Fundanci\u00f3n IRES","url":"https:\/\/www.fundacioires.org\/","logo":{"@type":"ImageObject","inLanguage":"ca-ES","@id":"https:\/\/www.fundacioires.org\/#\/schema\/logo\/image\/","url":"https:\/\/i0.wp.com\/www.fundacioires.org\/wp-content\/uploads\/faviconIRES.png?fit=32%2C32&ssl=1","contentUrl":"https:\/\/i0.wp.com\/www.fundacioires.org\/wp-content\/uploads\/faviconIRES.png?fit=32%2C32&ssl=1","width":32,"height":32,"caption":"Fundanci\u00f3n IRES"},"image":{"@id":"https:\/\/www.fundacioires.org\/#\/schema\/logo\/image\/"}},{"@type":"Person","@id":"https:\/\/www.fundacioires.org\/#\/schema\/person\/160af843c565221ef4664a5c7000791c","name":"Fundaci\u00f3 IRES"}]}},"jetpack_featured_media_url":"https:\/\/i0.wp.com\/www.fundacioires.org\/wp-content\/uploads\/PLANTILLA-NOTI-WEB-NOVIEMBRE-2020-6-1.png?fit=1200%2C628&ssl=1","jetpack_sharing_enabled":true,"_links":{"self":[{"href":"https:\/\/www.fundacioires.org\/ca\/wp-json\/wp\/v2\/posts\/37595","targetHints":{"allow":["GET"]}}],"collection":[{"href":"https:\/\/www.fundacioires.org\/ca\/wp-json\/wp\/v2\/posts"}],"about":[{"href":"https:\/\/www.fundacioires.org\/ca\/wp-json\/wp\/v2\/types\/post"}],"author":[{"embeddable":true,"href":"https:\/\/www.fundacioires.org\/ca\/wp-json\/wp\/v2\/users\/7"}],"replies":[{"embeddable":true,"href":"https:\/\/www.fundacioires.org\/ca\/wp-json\/wp\/v2\/comments?post=37595"}],"version-history":[{"count":4,"href":"https:\/\/www.fundacioires.org\/ca\/wp-json\/wp\/v2\/posts\/37595\/revisions"}],"predecessor-version":[{"id":37675,"href":"https:\/\/www.fundacioires.org\/ca\/wp-json\/wp\/v2\/posts\/37595\/revisions\/37675"}],"wp:featuredmedia":[{"embeddable":true,"href":"https:\/\/www.fundacioires.org\/ca\/wp-json\/wp\/v2\/media\/37665"}],"wp:attachment":[{"href":"https:\/\/www.fundacioires.org\/ca\/wp-json\/wp\/v2\/media?parent=37595"}],"wp:term":[{"taxonomy":"category","embeddable":true,"href":"https:\/\/www.fundacioires.org\/ca\/wp-json\/wp\/v2\/categories?post=37595"},{"taxonomy":"post_tag","embeddable":true,"href":"https:\/\/www.fundacioires.org\/ca\/wp-json\/wp\/v2\/tags?post=37595"}],"curies":[{"name":"wp","href":"https:\/\/api.w.org\/{rel}","templated":true}]}}