{"id":39837,"date":"2022-03-30T15:59:07","date_gmt":"2022-03-30T13:59:07","guid":{"rendered":"https:\/\/www.fundacioires.org\/?p=39837"},"modified":"2022-03-31T14:50:21","modified_gmt":"2022-03-31T12:50:21","slug":"no-es-nomes-una-rosa","status":"publish","type":"post","link":"https:\/\/www.fundacioires.org\/ca\/no-es-nomes-una-rosa\/","title":{"rendered":"No \u00e9s nom\u00e9s una rosa de Sant Jordi"},"content":{"rendered":"\n<p><strong>Sant Jordi<\/strong> \u00e9s la celebraci\u00f3 de l&#8217;amor i les paraules, dels detalls i l&#8217;emoci\u00f3. Des de la Fundaci\u00f3 IRES us proposem les nostres <strong>roses solid\u00e0ries<\/strong> per celebrar una Diada carregada de sentit. Cada rosa amaga un significat i una causa en la qual treballem: vincles, resili\u00e8ncia, esperan\u00e7a, un nou cam\u00ed&#8230; que fan cr\u00e9ixer un roser ple d&#8217;oportunitats, poder evolucionar davant de les adversitats.<\/p>\n\n\n\n<p><br>Des de fa cinquanta anys, la <strong>Fundaci\u00f3\u00a0IRES<\/strong>\u00a0at\u00e9n de manera integral a les fam\u00edlies en situaci\u00f3 de vulnerabilitat. Acompanyem aquestes fam\u00edlies en els seus processos vitals a trav\u00e9s del treball d&#8217;un equip de professionals especialitzats en l&#8217;\u00e0mbit social, psicol\u00f2gic i educatiu, i amb la mirada posada en un objectiu com\u00fa: veure la vulnerabilitat com una oportunitat de canvi vital.<\/p>\n\n\n\n<p>A trav\u00e9s de la campanya de <strong>Sant Jordi 2022 &#8216;Una rosa per una causa&#8217;,<\/strong> destinarem tota la recaptaci\u00f3 als projectes d&#8217;atenci\u00f3 integral a fam\u00edlies en situaci\u00f3 de vulnerabilitat.<\/p>\n\n\n\n<p>Aquest any, regalant aquesta rosa contribuireu a construir nous futurs a infants i fam\u00edlies.<\/p>\n\n\n\n<p><strong>Voleu omplir de significat les roses de Sant Jordi?<\/strong><\/p>\n\n\n\n<p>Celebreu amb els vostres treballadors i treballadores aquesta Diada tan especial col\u00b7laborant ens els projectes de la Fundaci\u00f3.<\/p>\n\n\n\n<div class=\"wp-block-buttons is-layout-flex wp-block-buttons-is-layout-flex\">\n<div class=\"wp-block-button aligncenter is-style-fill\"><a class=\"wp-block-button__link has-background\" href=\"https:\/\/docs.google.com\/forms\/d\/1KHYQgG_NDT3YRu5iEl3O-BVYK5uTjpYnL7PK6edKbJQ\/edit\" style=\"background-color:#f44144\">Encarrega les teves roses!<\/a><\/div>\n<\/div>\n\n\n\n<p>Para cualquier consulta, contactad con <strong>Laura Grau lauragrau@fundacioires.org \/ 653 938 113<\/strong><\/p>\n","protected":false},"excerpt":{"rendered":"<p>Aquesta Diada de Sant Jordi: rosa, llibre i acci\u00f3 social<\/p>\n","protected":false},"author":7,"featured_media":39838,"comment_status":"closed","ping_status":"open","sticky":false,"template":"","format":"standard","meta":{"_jetpack_memberships_contains_paid_content":false,"footnotes":""},"categories":[24],"tags":[141],"class_list":["post-39837","post","type-post","status-publish","format-standard","has-post-thumbnail","hentry","category-campanyes-de-captacio-i-sensibilitzacio","tag-sant-jordi-2"],"yoast_head":"<!-- This site is optimized with the Yoast SEO plugin v27.4 - https:\/\/yoast.com\/product\/yoast-seo-wordpress\/ -->\n<title>No \u00e9s nom\u00e9s una rosa de Sant Jordi - Fundaci\u00f3 IRES<\/title>\n<meta name=\"description\" content=\"&#039;Una rosa per una causa&#039;, destina tota la recaptaci\u00f3 als projectes d&#039;atenci\u00f3 integral a fam\u00edlies en situaci\u00f3 de vulnerabilitat.\" \/>\n<meta name=\"robots\" content=\"index, follow, max-snippet:-1, max-image-preview:large, max-video-preview:-1\" \/>\n<link rel=\"canonical\" href=\"https:\/\/www.fundacioires.org\/ca\/no-es-nomes-una-rosa\/\" \/>\n<meta property=\"og:locale\" content=\"ca_ES\" \/>\n<meta property=\"og:type\" content=\"article\" \/>\n<meta property=\"og:title\" content=\"No \u00e9s nom\u00e9s una rosa de Sant Jordi - Fundaci\u00f3 IRES\" \/>\n<meta property=\"og:description\" content=\"&#039;Una rosa per una causa&#039;, destina tota la recaptaci\u00f3 als projectes d&#039;atenci\u00f3 integral a fam\u00edlies en situaci\u00f3 de vulnerabilitat.\" \/>\n<meta property=\"og:url\" content=\"https:\/\/www.fundacioires.org\/ca\/no-es-nomes-una-rosa\/\" \/>\n<meta property=\"og:site_name\" content=\"Fundaci\u00f3 IRES\" \/>\n<meta property=\"article:published_time\" content=\"2022-03-30T13:59:07+00:00\" \/>\n<meta property=\"article:modified_time\" content=\"2022-03-31T12:50:21+00:00\" \/>\n<meta property=\"og:image\" content=\"https:\/\/www.fundacioires.org\/wp-content\/uploads\/WEB-Plantilla-Noticies-13.png\" \/>\n\t<meta property=\"og:image:width\" content=\"1200\" \/>\n\t<meta property=\"og:image:height\" content=\"628\" \/>\n\t<meta property=\"og:image:type\" content=\"image\/png\" \/>\n<meta name=\"author\" content=\"Fundaci\u00f3 IRES\" \/>\n<meta name=\"twitter:card\" content=\"summary_large_image\" \/>\n<meta name=\"twitter:label1\" content=\"Written by\" \/>\n\t<meta name=\"twitter:data1\" content=\"Fundaci\u00f3 IRES\" \/>\n\t<meta name=\"twitter:label2\" content=\"Est. reading time\" \/>\n\t<meta name=\"twitter:data2\" content=\"1 minute\" \/>\n<script type=\"application\/ld+json\" class=\"yoast-schema-graph\">{\"@context\":\"https:\\\/\\\/schema.org\",\"@graph\":[{\"@type\":\"Article\",\"@id\":\"https:\\\/\\\/www.fundacioires.org\\\/ca\\\/no-es-nomes-una-rosa\\\/#article\",\"isPartOf\":{\"@id\":\"https:\\\/\\\/www.fundacioires.org\\\/ca\\\/no-es-nomes-una-rosa\\\/\"},\"author\":{\"name\":\"Fundaci\u00f3 IRES\",\"@id\":\"https:\\\/\\\/www.fundacioires.org\\\/#\\\/schema\\\/person\\\/160af843c565221ef4664a5c7000791c\"},\"headline\":\"No \u00e9s nom\u00e9s una rosa de Sant Jordi\",\"datePublished\":\"2022-03-30T13:59:07+00:00\",\"dateModified\":\"2022-03-31T12:50:21+00:00\",\"mainEntityOfPage\":{\"@id\":\"https:\\\/\\\/www.fundacioires.org\\\/ca\\\/no-es-nomes-una-rosa\\\/\"},\"wordCount\":233,\"publisher\":{\"@id\":\"https:\\\/\\\/www.fundacioires.org\\\/#organization\"},\"image\":{\"@id\":\"https:\\\/\\\/www.fundacioires.org\\\/ca\\\/no-es-nomes-una-rosa\\\/#primaryimage\"},\"thumbnailUrl\":\"https:\\\/\\\/i0.wp.com\\\/www.fundacioires.org\\\/wp-content\\\/uploads\\\/WEB-Plantilla-Noticies-13.png?fit=1200%2C628&ssl=1\",\"keywords\":[\"Sant Jordi\"],\"articleSection\":[\"Campanyes de captaci\u00f3 i sensibilitzaci\u00f3\"],\"inLanguage\":\"ca-ES\"},{\"@type\":\"WebPage\",\"@id\":\"https:\\\/\\\/www.fundacioires.org\\\/ca\\\/no-es-nomes-una-rosa\\\/\",\"url\":\"https:\\\/\\\/www.fundacioires.org\\\/ca\\\/no-es-nomes-una-rosa\\\/\",\"name\":\"No \u00e9s nom\u00e9s una rosa de Sant Jordi - Fundaci\u00f3 IRES\",\"isPartOf\":{\"@id\":\"https:\\\/\\\/www.fundacioires.org\\\/#website\"},\"primaryImageOfPage\":{\"@id\":\"https:\\\/\\\/www.fundacioires.org\\\/ca\\\/no-es-nomes-una-rosa\\\/#primaryimage\"},\"image\":{\"@id\":\"https:\\\/\\\/www.fundacioires.org\\\/ca\\\/no-es-nomes-una-rosa\\\/#primaryimage\"},\"thumbnailUrl\":\"https:\\\/\\\/i0.wp.com\\\/www.fundacioires.org\\\/wp-content\\\/uploads\\\/WEB-Plantilla-Noticies-13.png?fit=1200%2C628&ssl=1\",\"datePublished\":\"2022-03-30T13:59:07+00:00\",\"dateModified\":\"2022-03-31T12:50:21+00:00\",\"description\":\"'Una rosa per una causa', destina tota la recaptaci\u00f3 als projectes d'atenci\u00f3 integral a fam\u00edlies en situaci\u00f3 de vulnerabilitat.\",\"breadcrumb\":{\"@id\":\"https:\\\/\\\/www.fundacioires.org\\\/ca\\\/no-es-nomes-una-rosa\\\/#breadcrumb\"},\"inLanguage\":\"ca-ES\",\"potentialAction\":[{\"@type\":\"ReadAction\",\"target\":[\"https:\\\/\\\/www.fundacioires.org\\\/ca\\\/no-es-nomes-una-rosa\\\/\"]}]},{\"@type\":\"ImageObject\",\"inLanguage\":\"ca-ES\",\"@id\":\"https:\\\/\\\/www.fundacioires.org\\\/ca\\\/no-es-nomes-una-rosa\\\/#primaryimage\",\"url\":\"https:\\\/\\\/i0.wp.com\\\/www.fundacioires.org\\\/wp-content\\\/uploads\\\/WEB-Plantilla-Noticies-13.png?fit=1200%2C628&ssl=1\",\"contentUrl\":\"https:\\\/\\\/i0.wp.com\\\/www.fundacioires.org\\\/wp-content\\\/uploads\\\/WEB-Plantilla-Noticies-13.png?fit=1200%2C628&ssl=1\",\"width\":1200,\"height\":628},{\"@type\":\"BreadcrumbList\",\"@id\":\"https:\\\/\\\/www.fundacioires.org\\\/ca\\\/no-es-nomes-una-rosa\\\/#breadcrumb\",\"itemListElement\":[{\"@type\":\"ListItem\",\"position\":1,\"name\":\"Portada\",\"item\":\"https:\\\/\\\/www.fundacioires.org\\\/\"},{\"@type\":\"ListItem\",\"position\":2,\"name\":\"No \u00e9s nom\u00e9s una rosa de Sant Jordi\"}]},{\"@type\":\"WebSite\",\"@id\":\"https:\\\/\\\/www.fundacioires.org\\\/#website\",\"url\":\"https:\\\/\\\/www.fundacioires.org\\\/\",\"name\":\"Fundaci\u00f3 IRES\",\"description\":\"\",\"publisher\":{\"@id\":\"https:\\\/\\\/www.fundacioires.org\\\/#organization\"},\"potentialAction\":[{\"@type\":\"SearchAction\",\"target\":{\"@type\":\"EntryPoint\",\"urlTemplate\":\"https:\\\/\\\/www.fundacioires.org\\\/?s={search_term_string}\"},\"query-input\":{\"@type\":\"PropertyValueSpecification\",\"valueRequired\":true,\"valueName\":\"search_term_string\"}}],\"inLanguage\":\"ca-ES\"},{\"@type\":\"Organization\",\"@id\":\"https:\\\/\\\/www.fundacioires.org\\\/#organization\",\"name\":\"Fundanci\u00f3n IRES\",\"url\":\"https:\\\/\\\/www.fundacioires.org\\\/\",\"logo\":{\"@type\":\"ImageObject\",\"inLanguage\":\"ca-ES\",\"@id\":\"https:\\\/\\\/www.fundacioires.org\\\/#\\\/schema\\\/logo\\\/image\\\/\",\"url\":\"https:\\\/\\\/i0.wp.com\\\/www.fundacioires.org\\\/wp-content\\\/uploads\\\/faviconIRES.png?fit=32%2C32&ssl=1\",\"contentUrl\":\"https:\\\/\\\/i0.wp.com\\\/www.fundacioires.org\\\/wp-content\\\/uploads\\\/faviconIRES.png?fit=32%2C32&ssl=1\",\"width\":32,\"height\":32,\"caption\":\"Fundanci\u00f3n IRES\"},\"image\":{\"@id\":\"https:\\\/\\\/www.fundacioires.org\\\/#\\\/schema\\\/logo\\\/image\\\/\"}},{\"@type\":\"Person\",\"@id\":\"https:\\\/\\\/www.fundacioires.org\\\/#\\\/schema\\\/person\\\/160af843c565221ef4664a5c7000791c\",\"name\":\"Fundaci\u00f3 IRES\"}]}<\/script>\n<!-- \/ Yoast SEO plugin. -->","yoast_head_json":{"title":"No \u00e9s nom\u00e9s una rosa de Sant Jordi - Fundaci\u00f3 IRES","description":"'Una rosa per una causa', destina tota la recaptaci\u00f3 als projectes d'atenci\u00f3 integral a fam\u00edlies en situaci\u00f3 de vulnerabilitat.","robots":{"index":"index","follow":"follow","max-snippet":"max-snippet:-1","max-image-preview":"max-image-preview:large","max-video-preview":"max-video-preview:-1"},"canonical":"https:\/\/www.fundacioires.org\/ca\/no-es-nomes-una-rosa\/","og_locale":"ca_ES","og_type":"article","og_title":"No \u00e9s nom\u00e9s una rosa de Sant Jordi - Fundaci\u00f3 IRES","og_description":"'Una rosa per una causa', destina tota la recaptaci\u00f3 als projectes d'atenci\u00f3 integral a fam\u00edlies en situaci\u00f3 de vulnerabilitat.","og_url":"https:\/\/www.fundacioires.org\/ca\/no-es-nomes-una-rosa\/","og_site_name":"Fundaci\u00f3 IRES","article_published_time":"2022-03-30T13:59:07+00:00","article_modified_time":"2022-03-31T12:50:21+00:00","og_image":[{"width":1200,"height":628,"url":"https:\/\/www.fundacioires.org\/wp-content\/uploads\/WEB-Plantilla-Noticies-13.png","type":"image\/png"}],"author":"Fundaci\u00f3 IRES","twitter_card":"summary_large_image","twitter_misc":{"Written by":"Fundaci\u00f3 IRES","Est. reading time":"1 minute"},"schema":{"@context":"https:\/\/schema.org","@graph":[{"@type":"Article","@id":"https:\/\/www.fundacioires.org\/ca\/no-es-nomes-una-rosa\/#article","isPartOf":{"@id":"https:\/\/www.fundacioires.org\/ca\/no-es-nomes-una-rosa\/"},"author":{"name":"Fundaci\u00f3 IRES","@id":"https:\/\/www.fundacioires.org\/#\/schema\/person\/160af843c565221ef4664a5c7000791c"},"headline":"No \u00e9s nom\u00e9s una rosa de Sant Jordi","datePublished":"2022-03-30T13:59:07+00:00","dateModified":"2022-03-31T12:50:21+00:00","mainEntityOfPage":{"@id":"https:\/\/www.fundacioires.org\/ca\/no-es-nomes-una-rosa\/"},"wordCount":233,"publisher":{"@id":"https:\/\/www.fundacioires.org\/#organization"},"image":{"@id":"https:\/\/www.fundacioires.org\/ca\/no-es-nomes-una-rosa\/#primaryimage"},"thumbnailUrl":"https:\/\/i0.wp.com\/www.fundacioires.org\/wp-content\/uploads\/WEB-Plantilla-Noticies-13.png?fit=1200%2C628&ssl=1","keywords":["Sant Jordi"],"articleSection":["Campanyes de captaci\u00f3 i sensibilitzaci\u00f3"],"inLanguage":"ca-ES"},{"@type":"WebPage","@id":"https:\/\/www.fundacioires.org\/ca\/no-es-nomes-una-rosa\/","url":"https:\/\/www.fundacioires.org\/ca\/no-es-nomes-una-rosa\/","name":"No \u00e9s nom\u00e9s una rosa de Sant Jordi - Fundaci\u00f3 IRES","isPartOf":{"@id":"https:\/\/www.fundacioires.org\/#website"},"primaryImageOfPage":{"@id":"https:\/\/www.fundacioires.org\/ca\/no-es-nomes-una-rosa\/#primaryimage"},"image":{"@id":"https:\/\/www.fundacioires.org\/ca\/no-es-nomes-una-rosa\/#primaryimage"},"thumbnailUrl":"https:\/\/i0.wp.com\/www.fundacioires.org\/wp-content\/uploads\/WEB-Plantilla-Noticies-13.png?fit=1200%2C628&ssl=1","datePublished":"2022-03-30T13:59:07+00:00","dateModified":"2022-03-31T12:50:21+00:00","description":"'Una rosa per una causa', destina tota la recaptaci\u00f3 als projectes d'atenci\u00f3 integral a fam\u00edlies en situaci\u00f3 de vulnerabilitat.","breadcrumb":{"@id":"https:\/\/www.fundacioires.org\/ca\/no-es-nomes-una-rosa\/#breadcrumb"},"inLanguage":"ca-ES","potentialAction":[{"@type":"ReadAction","target":["https:\/\/www.fundacioires.org\/ca\/no-es-nomes-una-rosa\/"]}]},{"@type":"ImageObject","inLanguage":"ca-ES","@id":"https:\/\/www.fundacioires.org\/ca\/no-es-nomes-una-rosa\/#primaryimage","url":"https:\/\/i0.wp.com\/www.fundacioires.org\/wp-content\/uploads\/WEB-Plantilla-Noticies-13.png?fit=1200%2C628&ssl=1","contentUrl":"https:\/\/i0.wp.com\/www.fundacioires.org\/wp-content\/uploads\/WEB-Plantilla-Noticies-13.png?fit=1200%2C628&ssl=1","width":1200,"height":628},{"@type":"BreadcrumbList","@id":"https:\/\/www.fundacioires.org\/ca\/no-es-nomes-una-rosa\/#breadcrumb","itemListElement":[{"@type":"ListItem","position":1,"name":"Portada","item":"https:\/\/www.fundacioires.org\/"},{"@type":"ListItem","position":2,"name":"No \u00e9s nom\u00e9s una rosa de Sant Jordi"}]},{"@type":"WebSite","@id":"https:\/\/www.fundacioires.org\/#website","url":"https:\/\/www.fundacioires.org\/","name":"Fundaci\u00f3 IRES","description":"","publisher":{"@id":"https:\/\/www.fundacioires.org\/#organization"},"potentialAction":[{"@type":"SearchAction","target":{"@type":"EntryPoint","urlTemplate":"https:\/\/www.fundacioires.org\/?s={search_term_string}"},"query-input":{"@type":"PropertyValueSpecification","valueRequired":true,"valueName":"search_term_string"}}],"inLanguage":"ca-ES"},{"@type":"Organization","@id":"https:\/\/www.fundacioires.org\/#organization","name":"Fundanci\u00f3n IRES","url":"https:\/\/www.fundacioires.org\/","logo":{"@type":"ImageObject","inLanguage":"ca-ES","@id":"https:\/\/www.fundacioires.org\/#\/schema\/logo\/image\/","url":"https:\/\/i0.wp.com\/www.fundacioires.org\/wp-content\/uploads\/faviconIRES.png?fit=32%2C32&ssl=1","contentUrl":"https:\/\/i0.wp.com\/www.fundacioires.org\/wp-content\/uploads\/faviconIRES.png?fit=32%2C32&ssl=1","width":32,"height":32,"caption":"Fundanci\u00f3n IRES"},"image":{"@id":"https:\/\/www.fundacioires.org\/#\/schema\/logo\/image\/"}},{"@type":"Person","@id":"https:\/\/www.fundacioires.org\/#\/schema\/person\/160af843c565221ef4664a5c7000791c","name":"Fundaci\u00f3 IRES"}]}},"jetpack_featured_media_url":"https:\/\/i0.wp.com\/www.fundacioires.org\/wp-content\/uploads\/WEB-Plantilla-Noticies-13.png?fit=1200%2C628&ssl=1","jetpack_sharing_enabled":true,"_links":{"self":[{"href":"https:\/\/www.fundacioires.org\/ca\/wp-json\/wp\/v2\/posts\/39837","targetHints":{"allow":["GET"]}}],"collection":[{"href":"https:\/\/www.fundacioires.org\/ca\/wp-json\/wp\/v2\/posts"}],"about":[{"href":"https:\/\/www.fundacioires.org\/ca\/wp-json\/wp\/v2\/types\/post"}],"author":[{"embeddable":true,"href":"https:\/\/www.fundacioires.org\/ca\/wp-json\/wp\/v2\/users\/7"}],"replies":[{"embeddable":true,"href":"https:\/\/www.fundacioires.org\/ca\/wp-json\/wp\/v2\/comments?post=39837"}],"version-history":[{"count":5,"href":"https:\/\/www.fundacioires.org\/ca\/wp-json\/wp\/v2\/posts\/39837\/revisions"}],"predecessor-version":[{"id":39888,"href":"https:\/\/www.fundacioires.org\/ca\/wp-json\/wp\/v2\/posts\/39837\/revisions\/39888"}],"wp:featuredmedia":[{"embeddable":true,"href":"https:\/\/www.fundacioires.org\/ca\/wp-json\/wp\/v2\/media\/39838"}],"wp:attachment":[{"href":"https:\/\/www.fundacioires.org\/ca\/wp-json\/wp\/v2\/media?parent=39837"}],"wp:term":[{"taxonomy":"category","embeddable":true,"href":"https:\/\/www.fundacioires.org\/ca\/wp-json\/wp\/v2\/categories?post=39837"},{"taxonomy":"post_tag","embeddable":true,"href":"https:\/\/www.fundacioires.org\/ca\/wp-json\/wp\/v2\/tags?post=39837"}],"curies":[{"name":"wp","href":"https:\/\/api.w.org\/{rel}","templated":true}]}}