{"id":40003,"date":"2022-04-05T22:39:31","date_gmt":"2022-04-05T20:39:31","guid":{"rendered":"https:\/\/www.fundacioires.org\/?p=40003"},"modified":"2022-04-05T22:50:30","modified_gmt":"2022-04-05T20:50:30","slug":"aixi-hem-celebrat-el-8m","status":"publish","type":"post","link":"https:\/\/www.fundacioires.org\/ca\/aixi-hem-celebrat-el-8m\/","title":{"rendered":"8M: Aix\u00ed l\u2019han celebrat els equips de l\u2019IRES"},"content":{"rendered":"\n<p>Totes estem d\u2019acord que el Dia de la Dona hauria de ser cada dia, per\u00f2 durant el mes de mar\u00e7 especialment, l\u2019IRES s\u2019omple de sororitat i vincle entre usu\u00e0ries i professionals. Tenim la sort de tenir a prop a dones lluitadores, valentes i fortes. Treballadores, mares, companyes, amigues, totes referents per a nosaltres!<\/p>\n\n\n\n<p>Sigui a Balears o a Catalunya, un any m\u00e9s, el 8M ens ha unit a totes i aquestes s\u00f3n les activitats amb les quals hem volgut celebrar aquest dia. Aquestes s\u00f3n algunes d\u2019elles:<\/p>\n\n\n\n<p><strong>Projecte Impulsa<\/strong><\/p>\n\n\n\n<p>Les dones del projecte Impulsa han participat en l\u2019acte commemoratiu que ha organitzat Granollers Cultura a trav\u00e9s de la Xarxa de Centres C\u00edvics de Granollers amb el lema \u201cjuntes i diverses, cuidem el nostre jard\u00ed com\u00fa\u201d. Aplicant la t\u00e8cnica de la papirofl\u00e8xia, han omplert un arbre amb flors i missatges tant per a les seves companyes com per a elles mateixes.<\/p>\n\n\n\n<figure class=\"wp-block-gallery has-nested-images columns-default is-cropped wp-block-gallery-1 is-layout-flex wp-block-gallery-is-layout-flex\">\n<figure class=\"wp-block-image size-large\"><img data-recalc-dims=\"1\" loading=\"lazy\" decoding=\"async\" width=\"1024\" height=\"768\" data-id=\"40016\" src=\"https:\/\/i0.wp.com\/www.fundacioires.org\/wp-content\/uploads\/Imatge-8M_Impulsa_2022_3-2.jpeg?resize=1024%2C768&#038;ssl=1\" alt=\"\" class=\"wp-image-40016\" srcset=\"https:\/\/i0.wp.com\/www.fundacioires.org\/wp-content\/uploads\/Imatge-8M_Impulsa_2022_3-2.jpeg?resize=1024%2C768&amp;ssl=1 1024w, https:\/\/i0.wp.com\/www.fundacioires.org\/wp-content\/uploads\/Imatge-8M_Impulsa_2022_3-2.jpeg?resize=300%2C225&amp;ssl=1 300w, https:\/\/i0.wp.com\/www.fundacioires.org\/wp-content\/uploads\/Imatge-8M_Impulsa_2022_3-2.jpeg?resize=768%2C576&amp;ssl=1 768w, https:\/\/i0.wp.com\/www.fundacioires.org\/wp-content\/uploads\/Imatge-8M_Impulsa_2022_3-2.jpeg?resize=1536%2C1152&amp;ssl=1 1536w, https:\/\/i0.wp.com\/www.fundacioires.org\/wp-content\/uploads\/Imatge-8M_Impulsa_2022_3-2.jpeg?w=1600&amp;ssl=1 1600w\" sizes=\"(max-width: 1000px) 100vw, 1000px\" \/><\/figure>\n\n\n\n<figure class=\"wp-block-image size-large\"><img data-recalc-dims=\"1\" loading=\"lazy\" decoding=\"async\" width=\"1024\" height=\"768\" data-id=\"40018\" src=\"https:\/\/i0.wp.com\/www.fundacioires.org\/wp-content\/uploads\/Imatge-8M_Impulsa_2022_4-1-2.jpeg?resize=1024%2C768&#038;ssl=1\" alt=\"\" class=\"wp-image-40018\" srcset=\"https:\/\/i0.wp.com\/www.fundacioires.org\/wp-content\/uploads\/Imatge-8M_Impulsa_2022_4-1-2.jpeg?resize=1024%2C768&amp;ssl=1 1024w, https:\/\/i0.wp.com\/www.fundacioires.org\/wp-content\/uploads\/Imatge-8M_Impulsa_2022_4-1-2.jpeg?resize=300%2C225&amp;ssl=1 300w, https:\/\/i0.wp.com\/www.fundacioires.org\/wp-content\/uploads\/Imatge-8M_Impulsa_2022_4-1-2.jpeg?resize=768%2C576&amp;ssl=1 768w, https:\/\/i0.wp.com\/www.fundacioires.org\/wp-content\/uploads\/Imatge-8M_Impulsa_2022_4-1-2.jpeg?resize=1536%2C1152&amp;ssl=1 1536w, https:\/\/i0.wp.com\/www.fundacioires.org\/wp-content\/uploads\/Imatge-8M_Impulsa_2022_4-1-2.jpeg?w=1600&amp;ssl=1 1600w\" sizes=\"(max-width: 1000px) 100vw, 1000px\" \/><\/figure>\n\n\n\n<figure class=\"wp-block-image size-large\"><img data-recalc-dims=\"1\" loading=\"lazy\" decoding=\"async\" width=\"1024\" height=\"768\" data-id=\"40020\" src=\"https:\/\/i0.wp.com\/www.fundacioires.org\/wp-content\/uploads\/Imatge-8M_Impulsa_2022_2-1-2.jpeg?resize=1024%2C768&#038;ssl=1\" alt=\"\" class=\"wp-image-40020\" srcset=\"https:\/\/i0.wp.com\/www.fundacioires.org\/wp-content\/uploads\/Imatge-8M_Impulsa_2022_2-1-2.jpeg?resize=1024%2C768&amp;ssl=1 1024w, https:\/\/i0.wp.com\/www.fundacioires.org\/wp-content\/uploads\/Imatge-8M_Impulsa_2022_2-1-2.jpeg?resize=300%2C225&amp;ssl=1 300w, https:\/\/i0.wp.com\/www.fundacioires.org\/wp-content\/uploads\/Imatge-8M_Impulsa_2022_2-1-2.jpeg?resize=768%2C576&amp;ssl=1 768w, https:\/\/i0.wp.com\/www.fundacioires.org\/wp-content\/uploads\/Imatge-8M_Impulsa_2022_2-1-2.jpeg?resize=1536%2C1152&amp;ssl=1 1536w, https:\/\/i0.wp.com\/www.fundacioires.org\/wp-content\/uploads\/Imatge-8M_Impulsa_2022_2-1-2.jpeg?w=1600&amp;ssl=1 1600w\" sizes=\"(max-width: 1000px) 100vw, 1000px\" \/><\/figure>\n<\/figure>\n\n\n\n<p><strong>Venus sense C\u00e0non<\/strong><\/p>\n\n\n\n<p>Les dones de Venus sense C\u00e0non a Palma es van unir a la manifestaci\u00f3 convocada juntament amb altres entitats de la ciutat per reivindicar juntes, una vegada m\u00e9s, els drets i llibertats de les dones.<\/p>\n\n\n\n<figure class=\"wp-block-gallery has-nested-images columns-default is-cropped wp-block-gallery-2 is-layout-flex wp-block-gallery-is-layout-flex\">\n<figure class=\"wp-block-image size-large\"><img data-recalc-dims=\"1\" loading=\"lazy\" decoding=\"async\" width=\"1024\" height=\"682\" data-id=\"40028\" src=\"https:\/\/i0.wp.com\/www.fundacioires.org\/wp-content\/uploads\/WhatsApp-Image-2022-03-09-at-10.36.01.jpeg?resize=1024%2C682&#038;ssl=1\" alt=\"\" class=\"wp-image-40028\" srcset=\"https:\/\/i0.wp.com\/www.fundacioires.org\/wp-content\/uploads\/WhatsApp-Image-2022-03-09-at-10.36.01.jpeg?resize=1024%2C682&amp;ssl=1 1024w, https:\/\/i0.wp.com\/www.fundacioires.org\/wp-content\/uploads\/WhatsApp-Image-2022-03-09-at-10.36.01.jpeg?resize=300%2C200&amp;ssl=1 300w, https:\/\/i0.wp.com\/www.fundacioires.org\/wp-content\/uploads\/WhatsApp-Image-2022-03-09-at-10.36.01.jpeg?resize=768%2C512&amp;ssl=1 768w, https:\/\/i0.wp.com\/www.fundacioires.org\/wp-content\/uploads\/WhatsApp-Image-2022-03-09-at-10.36.01.jpeg?resize=1536%2C1023&amp;ssl=1 1536w, https:\/\/i0.wp.com\/www.fundacioires.org\/wp-content\/uploads\/WhatsApp-Image-2022-03-09-at-10.36.01.jpeg?w=1600&amp;ssl=1 1600w\" sizes=\"(max-width: 1000px) 100vw, 1000px\" \/><\/figure>\n\n\n\n<figure class=\"wp-block-image size-large\"><img data-recalc-dims=\"1\" loading=\"lazy\" decoding=\"async\" width=\"768\" height=\"1024\" data-id=\"40030\" src=\"https:\/\/i0.wp.com\/www.fundacioires.org\/wp-content\/uploads\/WhatsApp-Image-2022-03-10-at-10.27.37-2.jpeg?resize=768%2C1024&#038;ssl=1\" alt=\"\" class=\"wp-image-40030\" srcset=\"https:\/\/i0.wp.com\/www.fundacioires.org\/wp-content\/uploads\/WhatsApp-Image-2022-03-10-at-10.27.37-2.jpeg?resize=768%2C1024&amp;ssl=1 768w, https:\/\/i0.wp.com\/www.fundacioires.org\/wp-content\/uploads\/WhatsApp-Image-2022-03-10-at-10.27.37-2.jpeg?resize=225%2C300&amp;ssl=1 225w, https:\/\/i0.wp.com\/www.fundacioires.org\/wp-content\/uploads\/WhatsApp-Image-2022-03-10-at-10.27.37-2.jpeg?resize=1152%2C1536&amp;ssl=1 1152w, https:\/\/i0.wp.com\/www.fundacioires.org\/wp-content\/uploads\/WhatsApp-Image-2022-03-10-at-10.27.37-2.jpeg?w=1200&amp;ssl=1 1200w\" sizes=\"(max-width: 768px) 100vw, 768px\" \/><\/figure>\n\n\n\n<figure class=\"wp-block-image size-large\"><img data-recalc-dims=\"1\" loading=\"lazy\" decoding=\"async\" width=\"768\" height=\"1024\" data-id=\"40032\" src=\"https:\/\/i0.wp.com\/www.fundacioires.org\/wp-content\/uploads\/WhatsApp-Image-2022-03-09-at-10.11.25.jpeg?resize=768%2C1024&#038;ssl=1\" alt=\"\" class=\"wp-image-40032\" srcset=\"https:\/\/i0.wp.com\/www.fundacioires.org\/wp-content\/uploads\/WhatsApp-Image-2022-03-09-at-10.11.25.jpeg?resize=768%2C1024&amp;ssl=1 768w, https:\/\/i0.wp.com\/www.fundacioires.org\/wp-content\/uploads\/WhatsApp-Image-2022-03-09-at-10.11.25.jpeg?resize=225%2C300&amp;ssl=1 225w, https:\/\/i0.wp.com\/www.fundacioires.org\/wp-content\/uploads\/WhatsApp-Image-2022-03-09-at-10.11.25.jpeg?resize=1152%2C1536&amp;ssl=1 1152w, https:\/\/i0.wp.com\/www.fundacioires.org\/wp-content\/uploads\/WhatsApp-Image-2022-03-09-at-10.11.25.jpeg?w=1536&amp;ssl=1 1536w\" sizes=\"(max-width: 768px) 100vw, 768px\" \/><\/figure>\n<\/figure>\n\n\n\n<p><strong>Aferra\u2019t, Pis de dones i Trobem-nos<\/strong><\/p>\n\n\n\n<p>Les dones dels tres serveis van participar en un taller de cartellisme amb el Col\u00b7lectiu Pirulis de Barcelona. Cada dona expressava els cartells all\u00f2 que volia cridar als quatre vents per dir prou a actituds masclistes que vivim les dones dia rere dia. Vam tenir un espai on les dones van poder obrir-se i explicar les experi\u00e8ncies violentes que han hagut d\u2019aguantar de les seves parelles, amics, fam\u00edlia, companys de feina, caps,&#8230;i de la mateixa societat i cultura que les envolta. Moltes van reivindicar els drets que tenim com a dones que se\u2019ns vulneren, d\u2019altres expressaven la fortalesa de la dona, la bellesa i la valentia&#8230;cartells plens de vida, d\u2019experi\u00e8ncies que les fan cr\u00e9ixer cada dia com a persones i dones. Es va reflexionar sobre qu\u00e8 volem com a dones en aquesta societat, qu\u00e8 volem ensenyar a les nostres filles, en el suport mutu i la cura, entre d\u2019altres. Despr\u00e9s d\u2019aquesta sessi\u00f3 van anar plegades a la manifestaci\u00f3, seguint amb les mateixes reflexions, amb la necessitat d\u2019unir-se per veure que juntes som m\u00e9s fortes i podem trencar tots els murs.<\/p>\n\n\n\n<figure class=\"wp-block-gallery has-nested-images columns-default is-cropped wp-block-gallery-3 is-layout-flex wp-block-gallery-is-layout-flex\">\n<figure class=\"wp-block-image size-large\"><img data-recalc-dims=\"1\" loading=\"lazy\" decoding=\"async\" width=\"768\" height=\"1024\" data-id=\"40022\" src=\"https:\/\/i0.wp.com\/www.fundacioires.org\/wp-content\/uploads\/WhatsApp-Image-2022-03-07-at-12.56.24.jpeg?resize=768%2C1024&#038;ssl=1\" alt=\"\" class=\"wp-image-40022\" srcset=\"https:\/\/i0.wp.com\/www.fundacioires.org\/wp-content\/uploads\/WhatsApp-Image-2022-03-07-at-12.56.24.jpeg?resize=768%2C1024&amp;ssl=1 768w, https:\/\/i0.wp.com\/www.fundacioires.org\/wp-content\/uploads\/WhatsApp-Image-2022-03-07-at-12.56.24.jpeg?resize=225%2C300&amp;ssl=1 225w, https:\/\/i0.wp.com\/www.fundacioires.org\/wp-content\/uploads\/WhatsApp-Image-2022-03-07-at-12.56.24.jpeg?w=867&amp;ssl=1 867w\" sizes=\"(max-width: 768px) 100vw, 768px\" \/><\/figure>\n\n\n\n<figure class=\"wp-block-image size-large\"><img data-recalc-dims=\"1\" loading=\"lazy\" decoding=\"async\" width=\"768\" height=\"1024\" data-id=\"40024\" src=\"https:\/\/i0.wp.com\/www.fundacioires.org\/wp-content\/uploads\/WhatsApp-Image-2022-03-07-at-12.52.02.jpeg?resize=768%2C1024&#038;ssl=1\" alt=\"\" class=\"wp-image-40024\" srcset=\"https:\/\/i0.wp.com\/www.fundacioires.org\/wp-content\/uploads\/WhatsApp-Image-2022-03-07-at-12.52.02.jpeg?resize=768%2C1024&amp;ssl=1 768w, https:\/\/i0.wp.com\/www.fundacioires.org\/wp-content\/uploads\/WhatsApp-Image-2022-03-07-at-12.52.02.jpeg?resize=225%2C300&amp;ssl=1 225w, https:\/\/i0.wp.com\/www.fundacioires.org\/wp-content\/uploads\/WhatsApp-Image-2022-03-07-at-12.52.02.jpeg?resize=1152%2C1536&amp;ssl=1 1152w, https:\/\/i0.wp.com\/www.fundacioires.org\/wp-content\/uploads\/WhatsApp-Image-2022-03-07-at-12.52.02.jpeg?w=1200&amp;ssl=1 1200w\" sizes=\"(max-width: 768px) 100vw, 768px\" \/><\/figure>\n\n\n\n<figure class=\"wp-block-image size-large\"><img data-recalc-dims=\"1\" loading=\"lazy\" decoding=\"async\" width=\"768\" height=\"1024\" data-id=\"40026\" src=\"https:\/\/i0.wp.com\/www.fundacioires.org\/wp-content\/uploads\/WhatsApp-Image-2022-03-07-at-12.54.15.jpeg?resize=768%2C1024&#038;ssl=1\" alt=\"\" class=\"wp-image-40026\" srcset=\"https:\/\/i0.wp.com\/www.fundacioires.org\/wp-content\/uploads\/WhatsApp-Image-2022-03-07-at-12.54.15.jpeg?resize=768%2C1024&amp;ssl=1 768w, https:\/\/i0.wp.com\/www.fundacioires.org\/wp-content\/uploads\/WhatsApp-Image-2022-03-07-at-12.54.15.jpeg?resize=225%2C300&amp;ssl=1 225w, https:\/\/i0.wp.com\/www.fundacioires.org\/wp-content\/uploads\/WhatsApp-Image-2022-03-07-at-12.54.15.jpeg?resize=1152%2C1536&amp;ssl=1 1152w, https:\/\/i0.wp.com\/www.fundacioires.org\/wp-content\/uploads\/WhatsApp-Image-2022-03-07-at-12.54.15.jpeg?w=1536&amp;ssl=1 1536w\" sizes=\"(max-width: 768px) 100vw, 768px\" \/><\/figure>\n<\/figure>\n\n\n\n<p>El 8M usu\u00e0ries i treballadores de l\u2019IRES vam tenir l\u2019oportunitat de cridar ben fort, defensar una vegada m\u00e9s els nostres drets i reivindicar-nos. Aix\u00f2 s\u00ed, cada any tenim clar que <strong>LA NOSTRA LLUITA \u00c9S CADA DIA!<\/strong><\/p>\n","protected":false},"excerpt":{"rendered":"<p>Les dones dels serveis de la Fundaci\u00f3 han fet diverses accions art\u00edstiques i reivindicatives per reivindicar-se en el seu dia.<\/p>\n","protected":false},"author":7,"featured_media":40036,"comment_status":"closed","ping_status":"open","sticky":false,"template":"","format":"standard","meta":{"_jetpack_memberships_contains_paid_content":false,"footnotes":""},"categories":[19],"tags":[],"class_list":["post-40003","post","type-post","status-publish","format-standard","has-post-thumbnail","hentry","category-ires-blog"],"yoast_head":"<!-- This site is optimized with the Yoast SEO plugin v27.4 - https:\/\/yoast.com\/product\/yoast-seo-wordpress\/ -->\n<title>8M: Aix\u00ed l\u2019han celebrat els equips de l\u2019IRES - Fundaci\u00f3 IRES<\/title>\n<meta name=\"description\" content=\"Les dones dels serveis de la Fundaci\u00f3 han fet diverses accions art\u00edstiques i reivindicatives per reivindicar-se en el seu dia.\" \/>\n<meta name=\"robots\" content=\"index, follow, max-snippet:-1, max-image-preview:large, max-video-preview:-1\" \/>\n<link rel=\"canonical\" href=\"https:\/\/www.fundacioires.org\/ca\/aixi-hem-celebrat-el-8m\/\" \/>\n<meta property=\"og:locale\" content=\"ca_ES\" \/>\n<meta property=\"og:type\" content=\"article\" \/>\n<meta property=\"og:title\" content=\"8M: Aix\u00ed l\u2019han celebrat els equips de l\u2019IRES - Fundaci\u00f3 IRES\" \/>\n<meta property=\"og:description\" content=\"Les dones dels serveis de la Fundaci\u00f3 han fet diverses accions art\u00edstiques i reivindicatives per reivindicar-se en el seu dia.\" \/>\n<meta property=\"og:url\" content=\"https:\/\/www.fundacioires.org\/ca\/aixi-hem-celebrat-el-8m\/\" \/>\n<meta property=\"og:site_name\" content=\"Fundaci\u00f3 IRES\" \/>\n<meta property=\"article:published_time\" content=\"2022-04-05T20:39:31+00:00\" \/>\n<meta property=\"article:modified_time\" content=\"2022-04-05T20:50:30+00:00\" \/>\n<meta property=\"og:image\" content=\"https:\/\/www.fundacioires.org\/wp-content\/uploads\/WEB-Plantilla-Noticies-15-1.png\" \/>\n\t<meta property=\"og:image:width\" content=\"1200\" \/>\n\t<meta property=\"og:image:height\" content=\"628\" \/>\n\t<meta property=\"og:image:type\" content=\"image\/png\" \/>\n<meta name=\"author\" content=\"Fundaci\u00f3 IRES\" \/>\n<meta name=\"twitter:card\" content=\"summary_large_image\" \/>\n<meta name=\"twitter:label1\" content=\"Written by\" \/>\n\t<meta name=\"twitter:data1\" content=\"Fundaci\u00f3 IRES\" \/>\n\t<meta name=\"twitter:label2\" content=\"Est. reading time\" \/>\n\t<meta name=\"twitter:data2\" content=\"4 minutes\" \/>\n<script type=\"application\/ld+json\" class=\"yoast-schema-graph\">{\"@context\":\"https:\\\/\\\/schema.org\",\"@graph\":[{\"@type\":\"Article\",\"@id\":\"https:\\\/\\\/www.fundacioires.org\\\/ca\\\/aixi-hem-celebrat-el-8m\\\/#article\",\"isPartOf\":{\"@id\":\"https:\\\/\\\/www.fundacioires.org\\\/ca\\\/aixi-hem-celebrat-el-8m\\\/\"},\"author\":{\"name\":\"Fundaci\u00f3 IRES\",\"@id\":\"https:\\\/\\\/www.fundacioires.org\\\/#\\\/schema\\\/person\\\/160af843c565221ef4664a5c7000791c\"},\"headline\":\"8M: Aix\u00ed l\u2019han celebrat els equips de l\u2019IRES\",\"datePublished\":\"2022-04-05T20:39:31+00:00\",\"dateModified\":\"2022-04-05T20:50:30+00:00\",\"mainEntityOfPage\":{\"@id\":\"https:\\\/\\\/www.fundacioires.org\\\/ca\\\/aixi-hem-celebrat-el-8m\\\/\"},\"wordCount\":456,\"publisher\":{\"@id\":\"https:\\\/\\\/www.fundacioires.org\\\/#organization\"},\"image\":{\"@id\":\"https:\\\/\\\/www.fundacioires.org\\\/ca\\\/aixi-hem-celebrat-el-8m\\\/#primaryimage\"},\"thumbnailUrl\":\"https:\\\/\\\/i0.wp.com\\\/www.fundacioires.org\\\/wp-content\\\/uploads\\\/WEB-Plantilla-Noticies-15-1.png?fit=1200%2C628&ssl=1\",\"articleSection\":[\"IRES-Blog\"],\"inLanguage\":\"ca-ES\"},{\"@type\":\"WebPage\",\"@id\":\"https:\\\/\\\/www.fundacioires.org\\\/ca\\\/aixi-hem-celebrat-el-8m\\\/\",\"url\":\"https:\\\/\\\/www.fundacioires.org\\\/ca\\\/aixi-hem-celebrat-el-8m\\\/\",\"name\":\"8M: Aix\u00ed l\u2019han celebrat els equips de l\u2019IRES - Fundaci\u00f3 IRES\",\"isPartOf\":{\"@id\":\"https:\\\/\\\/www.fundacioires.org\\\/#website\"},\"primaryImageOfPage\":{\"@id\":\"https:\\\/\\\/www.fundacioires.org\\\/ca\\\/aixi-hem-celebrat-el-8m\\\/#primaryimage\"},\"image\":{\"@id\":\"https:\\\/\\\/www.fundacioires.org\\\/ca\\\/aixi-hem-celebrat-el-8m\\\/#primaryimage\"},\"thumbnailUrl\":\"https:\\\/\\\/i0.wp.com\\\/www.fundacioires.org\\\/wp-content\\\/uploads\\\/WEB-Plantilla-Noticies-15-1.png?fit=1200%2C628&ssl=1\",\"datePublished\":\"2022-04-05T20:39:31+00:00\",\"dateModified\":\"2022-04-05T20:50:30+00:00\",\"description\":\"Les dones dels serveis de la Fundaci\u00f3 han fet diverses accions art\u00edstiques i reivindicatives per reivindicar-se en el seu dia.\",\"breadcrumb\":{\"@id\":\"https:\\\/\\\/www.fundacioires.org\\\/ca\\\/aixi-hem-celebrat-el-8m\\\/#breadcrumb\"},\"inLanguage\":\"ca-ES\",\"potentialAction\":[{\"@type\":\"ReadAction\",\"target\":[\"https:\\\/\\\/www.fundacioires.org\\\/ca\\\/aixi-hem-celebrat-el-8m\\\/\"]}]},{\"@type\":\"ImageObject\",\"inLanguage\":\"ca-ES\",\"@id\":\"https:\\\/\\\/www.fundacioires.org\\\/ca\\\/aixi-hem-celebrat-el-8m\\\/#primaryimage\",\"url\":\"https:\\\/\\\/i0.wp.com\\\/www.fundacioires.org\\\/wp-content\\\/uploads\\\/WEB-Plantilla-Noticies-15-1.png?fit=1200%2C628&ssl=1\",\"contentUrl\":\"https:\\\/\\\/i0.wp.com\\\/www.fundacioires.org\\\/wp-content\\\/uploads\\\/WEB-Plantilla-Noticies-15-1.png?fit=1200%2C628&ssl=1\",\"width\":1200,\"height\":628},{\"@type\":\"BreadcrumbList\",\"@id\":\"https:\\\/\\\/www.fundacioires.org\\\/ca\\\/aixi-hem-celebrat-el-8m\\\/#breadcrumb\",\"itemListElement\":[{\"@type\":\"ListItem\",\"position\":1,\"name\":\"Portada\",\"item\":\"https:\\\/\\\/www.fundacioires.org\\\/\"},{\"@type\":\"ListItem\",\"position\":2,\"name\":\"8M: Aix\u00ed l\u2019han celebrat els equips de l\u2019IRES\"}]},{\"@type\":\"WebSite\",\"@id\":\"https:\\\/\\\/www.fundacioires.org\\\/#website\",\"url\":\"https:\\\/\\\/www.fundacioires.org\\\/\",\"name\":\"Fundaci\u00f3 IRES\",\"description\":\"\",\"publisher\":{\"@id\":\"https:\\\/\\\/www.fundacioires.org\\\/#organization\"},\"potentialAction\":[{\"@type\":\"SearchAction\",\"target\":{\"@type\":\"EntryPoint\",\"urlTemplate\":\"https:\\\/\\\/www.fundacioires.org\\\/?s={search_term_string}\"},\"query-input\":{\"@type\":\"PropertyValueSpecification\",\"valueRequired\":true,\"valueName\":\"search_term_string\"}}],\"inLanguage\":\"ca-ES\"},{\"@type\":\"Organization\",\"@id\":\"https:\\\/\\\/www.fundacioires.org\\\/#organization\",\"name\":\"Fundanci\u00f3n IRES\",\"url\":\"https:\\\/\\\/www.fundacioires.org\\\/\",\"logo\":{\"@type\":\"ImageObject\",\"inLanguage\":\"ca-ES\",\"@id\":\"https:\\\/\\\/www.fundacioires.org\\\/#\\\/schema\\\/logo\\\/image\\\/\",\"url\":\"https:\\\/\\\/i0.wp.com\\\/www.fundacioires.org\\\/wp-content\\\/uploads\\\/faviconIRES.png?fit=32%2C32&ssl=1\",\"contentUrl\":\"https:\\\/\\\/i0.wp.com\\\/www.fundacioires.org\\\/wp-content\\\/uploads\\\/faviconIRES.png?fit=32%2C32&ssl=1\",\"width\":32,\"height\":32,\"caption\":\"Fundanci\u00f3n IRES\"},\"image\":{\"@id\":\"https:\\\/\\\/www.fundacioires.org\\\/#\\\/schema\\\/logo\\\/image\\\/\"}},{\"@type\":\"Person\",\"@id\":\"https:\\\/\\\/www.fundacioires.org\\\/#\\\/schema\\\/person\\\/160af843c565221ef4664a5c7000791c\",\"name\":\"Fundaci\u00f3 IRES\"}]}<\/script>\n<!-- \/ Yoast SEO plugin. -->","yoast_head_json":{"title":"8M: Aix\u00ed l\u2019han celebrat els equips de l\u2019IRES - Fundaci\u00f3 IRES","description":"Les dones dels serveis de la Fundaci\u00f3 han fet diverses accions art\u00edstiques i reivindicatives per reivindicar-se en el seu dia.","robots":{"index":"index","follow":"follow","max-snippet":"max-snippet:-1","max-image-preview":"max-image-preview:large","max-video-preview":"max-video-preview:-1"},"canonical":"https:\/\/www.fundacioires.org\/ca\/aixi-hem-celebrat-el-8m\/","og_locale":"ca_ES","og_type":"article","og_title":"8M: Aix\u00ed l\u2019han celebrat els equips de l\u2019IRES - Fundaci\u00f3 IRES","og_description":"Les dones dels serveis de la Fundaci\u00f3 han fet diverses accions art\u00edstiques i reivindicatives per reivindicar-se en el seu dia.","og_url":"https:\/\/www.fundacioires.org\/ca\/aixi-hem-celebrat-el-8m\/","og_site_name":"Fundaci\u00f3 IRES","article_published_time":"2022-04-05T20:39:31+00:00","article_modified_time":"2022-04-05T20:50:30+00:00","og_image":[{"width":1200,"height":628,"url":"https:\/\/www.fundacioires.org\/wp-content\/uploads\/WEB-Plantilla-Noticies-15-1.png","type":"image\/png"}],"author":"Fundaci\u00f3 IRES","twitter_card":"summary_large_image","twitter_misc":{"Written by":"Fundaci\u00f3 IRES","Est. reading time":"4 minutes"},"schema":{"@context":"https:\/\/schema.org","@graph":[{"@type":"Article","@id":"https:\/\/www.fundacioires.org\/ca\/aixi-hem-celebrat-el-8m\/#article","isPartOf":{"@id":"https:\/\/www.fundacioires.org\/ca\/aixi-hem-celebrat-el-8m\/"},"author":{"name":"Fundaci\u00f3 IRES","@id":"https:\/\/www.fundacioires.org\/#\/schema\/person\/160af843c565221ef4664a5c7000791c"},"headline":"8M: Aix\u00ed l\u2019han celebrat els equips de l\u2019IRES","datePublished":"2022-04-05T20:39:31+00:00","dateModified":"2022-04-05T20:50:30+00:00","mainEntityOfPage":{"@id":"https:\/\/www.fundacioires.org\/ca\/aixi-hem-celebrat-el-8m\/"},"wordCount":456,"publisher":{"@id":"https:\/\/www.fundacioires.org\/#organization"},"image":{"@id":"https:\/\/www.fundacioires.org\/ca\/aixi-hem-celebrat-el-8m\/#primaryimage"},"thumbnailUrl":"https:\/\/i0.wp.com\/www.fundacioires.org\/wp-content\/uploads\/WEB-Plantilla-Noticies-15-1.png?fit=1200%2C628&ssl=1","articleSection":["IRES-Blog"],"inLanguage":"ca-ES"},{"@type":"WebPage","@id":"https:\/\/www.fundacioires.org\/ca\/aixi-hem-celebrat-el-8m\/","url":"https:\/\/www.fundacioires.org\/ca\/aixi-hem-celebrat-el-8m\/","name":"8M: Aix\u00ed l\u2019han celebrat els equips de l\u2019IRES - Fundaci\u00f3 IRES","isPartOf":{"@id":"https:\/\/www.fundacioires.org\/#website"},"primaryImageOfPage":{"@id":"https:\/\/www.fundacioires.org\/ca\/aixi-hem-celebrat-el-8m\/#primaryimage"},"image":{"@id":"https:\/\/www.fundacioires.org\/ca\/aixi-hem-celebrat-el-8m\/#primaryimage"},"thumbnailUrl":"https:\/\/i0.wp.com\/www.fundacioires.org\/wp-content\/uploads\/WEB-Plantilla-Noticies-15-1.png?fit=1200%2C628&ssl=1","datePublished":"2022-04-05T20:39:31+00:00","dateModified":"2022-04-05T20:50:30+00:00","description":"Les dones dels serveis de la Fundaci\u00f3 han fet diverses accions art\u00edstiques i reivindicatives per reivindicar-se en el seu dia.","breadcrumb":{"@id":"https:\/\/www.fundacioires.org\/ca\/aixi-hem-celebrat-el-8m\/#breadcrumb"},"inLanguage":"ca-ES","potentialAction":[{"@type":"ReadAction","target":["https:\/\/www.fundacioires.org\/ca\/aixi-hem-celebrat-el-8m\/"]}]},{"@type":"ImageObject","inLanguage":"ca-ES","@id":"https:\/\/www.fundacioires.org\/ca\/aixi-hem-celebrat-el-8m\/#primaryimage","url":"https:\/\/i0.wp.com\/www.fundacioires.org\/wp-content\/uploads\/WEB-Plantilla-Noticies-15-1.png?fit=1200%2C628&ssl=1","contentUrl":"https:\/\/i0.wp.com\/www.fundacioires.org\/wp-content\/uploads\/WEB-Plantilla-Noticies-15-1.png?fit=1200%2C628&ssl=1","width":1200,"height":628},{"@type":"BreadcrumbList","@id":"https:\/\/www.fundacioires.org\/ca\/aixi-hem-celebrat-el-8m\/#breadcrumb","itemListElement":[{"@type":"ListItem","position":1,"name":"Portada","item":"https:\/\/www.fundacioires.org\/"},{"@type":"ListItem","position":2,"name":"8M: Aix\u00ed l\u2019han celebrat els equips de l\u2019IRES"}]},{"@type":"WebSite","@id":"https:\/\/www.fundacioires.org\/#website","url":"https:\/\/www.fundacioires.org\/","name":"Fundaci\u00f3 IRES","description":"","publisher":{"@id":"https:\/\/www.fundacioires.org\/#organization"},"potentialAction":[{"@type":"SearchAction","target":{"@type":"EntryPoint","urlTemplate":"https:\/\/www.fundacioires.org\/?s={search_term_string}"},"query-input":{"@type":"PropertyValueSpecification","valueRequired":true,"valueName":"search_term_string"}}],"inLanguage":"ca-ES"},{"@type":"Organization","@id":"https:\/\/www.fundacioires.org\/#organization","name":"Fundanci\u00f3n IRES","url":"https:\/\/www.fundacioires.org\/","logo":{"@type":"ImageObject","inLanguage":"ca-ES","@id":"https:\/\/www.fundacioires.org\/#\/schema\/logo\/image\/","url":"https:\/\/i0.wp.com\/www.fundacioires.org\/wp-content\/uploads\/faviconIRES.png?fit=32%2C32&ssl=1","contentUrl":"https:\/\/i0.wp.com\/www.fundacioires.org\/wp-content\/uploads\/faviconIRES.png?fit=32%2C32&ssl=1","width":32,"height":32,"caption":"Fundanci\u00f3n IRES"},"image":{"@id":"https:\/\/www.fundacioires.org\/#\/schema\/logo\/image\/"}},{"@type":"Person","@id":"https:\/\/www.fundacioires.org\/#\/schema\/person\/160af843c565221ef4664a5c7000791c","name":"Fundaci\u00f3 IRES"}]}},"jetpack_featured_media_url":"https:\/\/i0.wp.com\/www.fundacioires.org\/wp-content\/uploads\/WEB-Plantilla-Noticies-15-1.png?fit=1200%2C628&ssl=1","jetpack_sharing_enabled":true,"_links":{"self":[{"href":"https:\/\/www.fundacioires.org\/ca\/wp-json\/wp\/v2\/posts\/40003","targetHints":{"allow":["GET"]}}],"collection":[{"href":"https:\/\/www.fundacioires.org\/ca\/wp-json\/wp\/v2\/posts"}],"about":[{"href":"https:\/\/www.fundacioires.org\/ca\/wp-json\/wp\/v2\/types\/post"}],"author":[{"embeddable":true,"href":"https:\/\/www.fundacioires.org\/ca\/wp-json\/wp\/v2\/users\/7"}],"replies":[{"embeddable":true,"href":"https:\/\/www.fundacioires.org\/ca\/wp-json\/wp\/v2\/comments?post=40003"}],"version-history":[{"count":1,"href":"https:\/\/www.fundacioires.org\/ca\/wp-json\/wp\/v2\/posts\/40003\/revisions"}],"predecessor-version":[{"id":40038,"href":"https:\/\/www.fundacioires.org\/ca\/wp-json\/wp\/v2\/posts\/40003\/revisions\/40038"}],"wp:featuredmedia":[{"embeddable":true,"href":"https:\/\/www.fundacioires.org\/ca\/wp-json\/wp\/v2\/media\/40036"}],"wp:attachment":[{"href":"https:\/\/www.fundacioires.org\/ca\/wp-json\/wp\/v2\/media?parent=40003"}],"wp:term":[{"taxonomy":"category","embeddable":true,"href":"https:\/\/www.fundacioires.org\/ca\/wp-json\/wp\/v2\/categories?post=40003"},{"taxonomy":"post_tag","embeddable":true,"href":"https:\/\/www.fundacioires.org\/ca\/wp-json\/wp\/v2\/tags?post=40003"}],"curies":[{"name":"wp","href":"https:\/\/api.w.org\/{rel}","templated":true}]}}