{"id":40471,"date":"2022-04-20T23:27:24","date_gmt":"2022-04-20T21:27:24","guid":{"rendered":"https:\/\/www.fundacioires.org\/?p=40471"},"modified":"2022-04-20T23:43:55","modified_gmt":"2022-04-20T21:43:55","slug":"generacio-mascareta-aixi-han-viscut-els-joves-la-pandemia","status":"publish","type":"post","link":"https:\/\/www.fundacioires.org\/ca\/generacio-mascareta-aixi-han-viscut-els-joves-la-pandemia\/","title":{"rendered":"Generaci\u00f3 Mascareta: Aix\u00ed han viscut els joves la pand\u00e8mia"},"content":{"rendered":"\n<p>Avui, ha comen\u00e7at la retirada de la mascareta en els espais interiors, per\u00f2, com han viscut aquest canvi els m\u00e9s joves? <\/p>\n\n\n\n<p>Recentment, han aparegut not\u00edcies i estudis que asseguren que els joves no estan c\u00f2modes traient-se-la i tot aix\u00f2 es deu a una q\u00fcesti\u00f3 d\u2019imatge i d\u2019acceptaci\u00f3 personal. L\u2019adolesc\u00e8ncia \u00e9s una \u00e8poca en que molts d\u2019ells i elles no se senten b\u00e9 amb els seus cossos, cosa que porta a desenvolupar trastorns alimentaris o baixades d\u2019autoestima, entre altres.<\/p>\n\n\n\n<p>La mascareta ha contribu\u00eft a que puguin tapar grans i marques fruit de la pubertat i ara que ha millorat la situaci\u00f3 de la pand\u00e8mia molts d\u2019ells no s\u2019atreveixen a treure-se-la per por al que pensaran d\u2019ells i elles i de la seva imatge. L\u2019arribada de la Covid i la implementaci\u00f3 de mesures de contenci\u00f3, no nom\u00e9s ha afectat a un nivell f\u00edsic sin\u00f3 que ha deixat molta petjada a nivell social i psicol\u00f2gic.<\/p>\n\n\n\n<p>Recentment i dos anys despr\u00e9s de la primera gran onada<strong>, El Suplement, de Catalunya R\u00e0dio<\/strong>, va fer un reportatge parlant sobre les expectatives i les frustracions de la &#8220;generaci\u00f3 mascareta&#8221;, joves que han hagut de passar aquesta etapa de la seva vida confinats i sense poder fer el que ells i elles havien imaginat. El Zijian, jove del Projecte Click va ser un dels protagonistes d\u2019<a href=\"https:\/\/www.ccma.cat\/catradio\/alacarta\/el-suplement\/generacio-mascareta\/audio\/1128323\/\">aquest reportatge<\/a>.<\/p>\n\n\n\n<p><strong><em>\u201cSento que no he viscut el per\u00edode entre els 18 i els 20 com els viuria un noi normal. Sortir de festa, liar-la, rectificar&#8230;no s\u2019ha pogut fer. Amb 18 et sents immortal. Est\u00e0s al pic de la teva vida&#8230; sents que pots fer el que vulguis. Pensaves que seria el millor estiu de la teva vida i estaves a casa fent flexions.\u201d<\/em><\/strong><\/p>\n\n\n\n<p>Un cop acabat el per\u00edode de confinament, a molts joves els va costar tornar a reprendre antics h\u00e0bits, sobretot a l\u2019hora de socialitzar. Tot i trobar a faltar el contacte personal, alhora de \u201ctornar a la normalitat\u201d es sentien insegurs davant el que poguessin dir o fer. Tal com va dir el Zijian \u201cVaig acabar super estressat. No vol\u00edem acceptar el que estava passant.\u201d<\/p>\n\n\n\n<p>Des del Projecte Click seguim treballant per poder reparar aquestes inseguretats generades per la pand\u00e8mia i per acompanyar als i les joves en aquest moment que els ha tocat viure. L&#8217;adolesc\u00e8ncia \u00e9s una etapa clau <strong>on hauran de determinar que volen fer amb el seu futur<\/strong> i l\u2019acompanyament pot ser moltes vegades clau per orientar-los i que se sentin escoltats.<\/p>\n\n\n\n<div class=\"wp-block-buttons is-layout-flex wp-block-buttons-is-layout-flex\">\n<div class=\"wp-block-button aligncenter is-style-fill\"><a class=\"wp-block-button__link has-background\" href=\"https:\/\/www.fundacioires.org\/ca\/que-fem\/ecosistema-de-projectes\/projecte-click\/\" style=\"background-color:#57208c\">Coneix el Projecte Click<\/a><\/div>\n<\/div>\n","protected":false},"excerpt":{"rendered":"<p>Juntament amb l\u2019equip del Projecte Click, analitzem les conseq\u00fc\u00e8ncies que ha deixat la pand\u00e8mia en els joves. <\/p>\n","protected":false},"author":7,"featured_media":40476,"comment_status":"closed","ping_status":"open","sticky":false,"template":"","format":"standard","meta":{"_jetpack_memberships_contains_paid_content":false,"footnotes":""},"categories":[19],"tags":[129],"class_list":["post-40471","post","type-post","status-publish","format-standard","has-post-thumbnail","hentry","category-ires-blog","tag-projecte-click"],"yoast_head":"<!-- This site is optimized with the Yoast SEO plugin v27.4 - https:\/\/yoast.com\/product\/yoast-seo-wordpress\/ -->\n<title>Generaci\u00f3 Mascareta: Aix\u00ed han viscut els joves la pand\u00e8mia<\/title>\n<meta name=\"description\" content=\"Juntament amb l\u2019equip del Projecte Click, analitzem les conseq\u00fc\u00e8ncies que ha deixat la pand\u00e8mia en els joves.\" \/>\n<meta name=\"robots\" content=\"index, follow, max-snippet:-1, max-image-preview:large, max-video-preview:-1\" \/>\n<link rel=\"canonical\" href=\"https:\/\/www.fundacioires.org\/ca\/generacio-mascareta-aixi-han-viscut-els-joves-la-pandemia\/\" \/>\n<meta property=\"og:locale\" content=\"ca_ES\" \/>\n<meta property=\"og:type\" content=\"article\" \/>\n<meta property=\"og:title\" content=\"Generaci\u00f3 Mascareta: Aix\u00ed han viscut els joves la pand\u00e8mia\" \/>\n<meta property=\"og:description\" content=\"Juntament amb l\u2019equip del Projecte Click, analitzem les conseq\u00fc\u00e8ncies que ha deixat la pand\u00e8mia en els joves.\" \/>\n<meta property=\"og:url\" content=\"https:\/\/www.fundacioires.org\/ca\/generacio-mascareta-aixi-han-viscut-els-joves-la-pandemia\/\" \/>\n<meta property=\"og:site_name\" content=\"Fundaci\u00f3 IRES\" \/>\n<meta property=\"article:published_time\" content=\"2022-04-20T21:27:24+00:00\" \/>\n<meta property=\"article:modified_time\" content=\"2022-04-20T21:43:55+00:00\" \/>\n<meta property=\"og:image\" content=\"https:\/\/www.fundacioires.org\/wp-content\/uploads\/WEB-Plantilla-Noticies-17-1.png\" \/>\n\t<meta property=\"og:image:width\" content=\"1200\" \/>\n\t<meta property=\"og:image:height\" content=\"628\" \/>\n\t<meta property=\"og:image:type\" content=\"image\/png\" \/>\n<meta name=\"author\" content=\"Fundaci\u00f3 IRES\" \/>\n<meta name=\"twitter:card\" content=\"summary_large_image\" \/>\n<meta name=\"twitter:label1\" content=\"Written by\" \/>\n\t<meta name=\"twitter:data1\" content=\"Fundaci\u00f3 IRES\" \/>\n\t<meta name=\"twitter:label2\" content=\"Est. reading time\" \/>\n\t<meta name=\"twitter:data2\" content=\"2 minutes\" \/>\n<script type=\"application\/ld+json\" class=\"yoast-schema-graph\">{\"@context\":\"https:\\\/\\\/schema.org\",\"@graph\":[{\"@type\":\"Article\",\"@id\":\"https:\\\/\\\/www.fundacioires.org\\\/ca\\\/generacio-mascareta-aixi-han-viscut-els-joves-la-pandemia\\\/#article\",\"isPartOf\":{\"@id\":\"https:\\\/\\\/www.fundacioires.org\\\/ca\\\/generacio-mascareta-aixi-han-viscut-els-joves-la-pandemia\\\/\"},\"author\":{\"name\":\"Fundaci\u00f3 IRES\",\"@id\":\"https:\\\/\\\/www.fundacioires.org\\\/#\\\/schema\\\/person\\\/160af843c565221ef4664a5c7000791c\"},\"headline\":\"Generaci\u00f3 Mascareta: Aix\u00ed han viscut els joves la pand\u00e8mia\",\"datePublished\":\"2022-04-20T21:27:24+00:00\",\"dateModified\":\"2022-04-20T21:43:55+00:00\",\"mainEntityOfPage\":{\"@id\":\"https:\\\/\\\/www.fundacioires.org\\\/ca\\\/generacio-mascareta-aixi-han-viscut-els-joves-la-pandemia\\\/\"},\"wordCount\":451,\"publisher\":{\"@id\":\"https:\\\/\\\/www.fundacioires.org\\\/#organization\"},\"image\":{\"@id\":\"https:\\\/\\\/www.fundacioires.org\\\/ca\\\/generacio-mascareta-aixi-han-viscut-els-joves-la-pandemia\\\/#primaryimage\"},\"thumbnailUrl\":\"https:\\\/\\\/i0.wp.com\\\/www.fundacioires.org\\\/wp-content\\\/uploads\\\/WEB-Plantilla-Noticies-17-1.png?fit=1200%2C628&ssl=1\",\"keywords\":[\"Projecte Click\"],\"articleSection\":[\"IRES-Blog\"],\"inLanguage\":\"ca-ES\"},{\"@type\":\"WebPage\",\"@id\":\"https:\\\/\\\/www.fundacioires.org\\\/ca\\\/generacio-mascareta-aixi-han-viscut-els-joves-la-pandemia\\\/\",\"url\":\"https:\\\/\\\/www.fundacioires.org\\\/ca\\\/generacio-mascareta-aixi-han-viscut-els-joves-la-pandemia\\\/\",\"name\":\"Generaci\u00f3 Mascareta: Aix\u00ed han viscut els joves la pand\u00e8mia\",\"isPartOf\":{\"@id\":\"https:\\\/\\\/www.fundacioires.org\\\/#website\"},\"primaryImageOfPage\":{\"@id\":\"https:\\\/\\\/www.fundacioires.org\\\/ca\\\/generacio-mascareta-aixi-han-viscut-els-joves-la-pandemia\\\/#primaryimage\"},\"image\":{\"@id\":\"https:\\\/\\\/www.fundacioires.org\\\/ca\\\/generacio-mascareta-aixi-han-viscut-els-joves-la-pandemia\\\/#primaryimage\"},\"thumbnailUrl\":\"https:\\\/\\\/i0.wp.com\\\/www.fundacioires.org\\\/wp-content\\\/uploads\\\/WEB-Plantilla-Noticies-17-1.png?fit=1200%2C628&ssl=1\",\"datePublished\":\"2022-04-20T21:27:24+00:00\",\"dateModified\":\"2022-04-20T21:43:55+00:00\",\"description\":\"Juntament amb l\u2019equip del Projecte Click, analitzem les conseq\u00fc\u00e8ncies que ha deixat la pand\u00e8mia en els joves.\",\"breadcrumb\":{\"@id\":\"https:\\\/\\\/www.fundacioires.org\\\/ca\\\/generacio-mascareta-aixi-han-viscut-els-joves-la-pandemia\\\/#breadcrumb\"},\"inLanguage\":\"ca-ES\",\"potentialAction\":[{\"@type\":\"ReadAction\",\"target\":[\"https:\\\/\\\/www.fundacioires.org\\\/ca\\\/generacio-mascareta-aixi-han-viscut-els-joves-la-pandemia\\\/\"]}]},{\"@type\":\"ImageObject\",\"inLanguage\":\"ca-ES\",\"@id\":\"https:\\\/\\\/www.fundacioires.org\\\/ca\\\/generacio-mascareta-aixi-han-viscut-els-joves-la-pandemia\\\/#primaryimage\",\"url\":\"https:\\\/\\\/i0.wp.com\\\/www.fundacioires.org\\\/wp-content\\\/uploads\\\/WEB-Plantilla-Noticies-17-1.png?fit=1200%2C628&ssl=1\",\"contentUrl\":\"https:\\\/\\\/i0.wp.com\\\/www.fundacioires.org\\\/wp-content\\\/uploads\\\/WEB-Plantilla-Noticies-17-1.png?fit=1200%2C628&ssl=1\",\"width\":1200,\"height\":628},{\"@type\":\"BreadcrumbList\",\"@id\":\"https:\\\/\\\/www.fundacioires.org\\\/ca\\\/generacio-mascareta-aixi-han-viscut-els-joves-la-pandemia\\\/#breadcrumb\",\"itemListElement\":[{\"@type\":\"ListItem\",\"position\":1,\"name\":\"Portada\",\"item\":\"https:\\\/\\\/www.fundacioires.org\\\/\"},{\"@type\":\"ListItem\",\"position\":2,\"name\":\"Generaci\u00f3 Mascareta: Aix\u00ed han viscut els joves la pand\u00e8mia\"}]},{\"@type\":\"WebSite\",\"@id\":\"https:\\\/\\\/www.fundacioires.org\\\/#website\",\"url\":\"https:\\\/\\\/www.fundacioires.org\\\/\",\"name\":\"Fundaci\u00f3 IRES\",\"description\":\"\",\"publisher\":{\"@id\":\"https:\\\/\\\/www.fundacioires.org\\\/#organization\"},\"potentialAction\":[{\"@type\":\"SearchAction\",\"target\":{\"@type\":\"EntryPoint\",\"urlTemplate\":\"https:\\\/\\\/www.fundacioires.org\\\/?s={search_term_string}\"},\"query-input\":{\"@type\":\"PropertyValueSpecification\",\"valueRequired\":true,\"valueName\":\"search_term_string\"}}],\"inLanguage\":\"ca-ES\"},{\"@type\":\"Organization\",\"@id\":\"https:\\\/\\\/www.fundacioires.org\\\/#organization\",\"name\":\"Fundanci\u00f3n IRES\",\"url\":\"https:\\\/\\\/www.fundacioires.org\\\/\",\"logo\":{\"@type\":\"ImageObject\",\"inLanguage\":\"ca-ES\",\"@id\":\"https:\\\/\\\/www.fundacioires.org\\\/#\\\/schema\\\/logo\\\/image\\\/\",\"url\":\"https:\\\/\\\/i0.wp.com\\\/www.fundacioires.org\\\/wp-content\\\/uploads\\\/faviconIRES.png?fit=32%2C32&ssl=1\",\"contentUrl\":\"https:\\\/\\\/i0.wp.com\\\/www.fundacioires.org\\\/wp-content\\\/uploads\\\/faviconIRES.png?fit=32%2C32&ssl=1\",\"width\":32,\"height\":32,\"caption\":\"Fundanci\u00f3n IRES\"},\"image\":{\"@id\":\"https:\\\/\\\/www.fundacioires.org\\\/#\\\/schema\\\/logo\\\/image\\\/\"}},{\"@type\":\"Person\",\"@id\":\"https:\\\/\\\/www.fundacioires.org\\\/#\\\/schema\\\/person\\\/160af843c565221ef4664a5c7000791c\",\"name\":\"Fundaci\u00f3 IRES\"}]}<\/script>\n<!-- \/ Yoast SEO plugin. -->","yoast_head_json":{"title":"Generaci\u00f3 Mascareta: Aix\u00ed han viscut els joves la pand\u00e8mia","description":"Juntament amb l\u2019equip del Projecte Click, analitzem les conseq\u00fc\u00e8ncies que ha deixat la pand\u00e8mia en els joves.","robots":{"index":"index","follow":"follow","max-snippet":"max-snippet:-1","max-image-preview":"max-image-preview:large","max-video-preview":"max-video-preview:-1"},"canonical":"https:\/\/www.fundacioires.org\/ca\/generacio-mascareta-aixi-han-viscut-els-joves-la-pandemia\/","og_locale":"ca_ES","og_type":"article","og_title":"Generaci\u00f3 Mascareta: Aix\u00ed han viscut els joves la pand\u00e8mia","og_description":"Juntament amb l\u2019equip del Projecte Click, analitzem les conseq\u00fc\u00e8ncies que ha deixat la pand\u00e8mia en els joves.","og_url":"https:\/\/www.fundacioires.org\/ca\/generacio-mascareta-aixi-han-viscut-els-joves-la-pandemia\/","og_site_name":"Fundaci\u00f3 IRES","article_published_time":"2022-04-20T21:27:24+00:00","article_modified_time":"2022-04-20T21:43:55+00:00","og_image":[{"width":1200,"height":628,"url":"https:\/\/www.fundacioires.org\/wp-content\/uploads\/WEB-Plantilla-Noticies-17-1.png","type":"image\/png"}],"author":"Fundaci\u00f3 IRES","twitter_card":"summary_large_image","twitter_misc":{"Written by":"Fundaci\u00f3 IRES","Est. reading time":"2 minutes"},"schema":{"@context":"https:\/\/schema.org","@graph":[{"@type":"Article","@id":"https:\/\/www.fundacioires.org\/ca\/generacio-mascareta-aixi-han-viscut-els-joves-la-pandemia\/#article","isPartOf":{"@id":"https:\/\/www.fundacioires.org\/ca\/generacio-mascareta-aixi-han-viscut-els-joves-la-pandemia\/"},"author":{"name":"Fundaci\u00f3 IRES","@id":"https:\/\/www.fundacioires.org\/#\/schema\/person\/160af843c565221ef4664a5c7000791c"},"headline":"Generaci\u00f3 Mascareta: Aix\u00ed han viscut els joves la pand\u00e8mia","datePublished":"2022-04-20T21:27:24+00:00","dateModified":"2022-04-20T21:43:55+00:00","mainEntityOfPage":{"@id":"https:\/\/www.fundacioires.org\/ca\/generacio-mascareta-aixi-han-viscut-els-joves-la-pandemia\/"},"wordCount":451,"publisher":{"@id":"https:\/\/www.fundacioires.org\/#organization"},"image":{"@id":"https:\/\/www.fundacioires.org\/ca\/generacio-mascareta-aixi-han-viscut-els-joves-la-pandemia\/#primaryimage"},"thumbnailUrl":"https:\/\/i0.wp.com\/www.fundacioires.org\/wp-content\/uploads\/WEB-Plantilla-Noticies-17-1.png?fit=1200%2C628&ssl=1","keywords":["Projecte Click"],"articleSection":["IRES-Blog"],"inLanguage":"ca-ES"},{"@type":"WebPage","@id":"https:\/\/www.fundacioires.org\/ca\/generacio-mascareta-aixi-han-viscut-els-joves-la-pandemia\/","url":"https:\/\/www.fundacioires.org\/ca\/generacio-mascareta-aixi-han-viscut-els-joves-la-pandemia\/","name":"Generaci\u00f3 Mascareta: Aix\u00ed han viscut els joves la pand\u00e8mia","isPartOf":{"@id":"https:\/\/www.fundacioires.org\/#website"},"primaryImageOfPage":{"@id":"https:\/\/www.fundacioires.org\/ca\/generacio-mascareta-aixi-han-viscut-els-joves-la-pandemia\/#primaryimage"},"image":{"@id":"https:\/\/www.fundacioires.org\/ca\/generacio-mascareta-aixi-han-viscut-els-joves-la-pandemia\/#primaryimage"},"thumbnailUrl":"https:\/\/i0.wp.com\/www.fundacioires.org\/wp-content\/uploads\/WEB-Plantilla-Noticies-17-1.png?fit=1200%2C628&ssl=1","datePublished":"2022-04-20T21:27:24+00:00","dateModified":"2022-04-20T21:43:55+00:00","description":"Juntament amb l\u2019equip del Projecte Click, analitzem les conseq\u00fc\u00e8ncies que ha deixat la pand\u00e8mia en els joves.","breadcrumb":{"@id":"https:\/\/www.fundacioires.org\/ca\/generacio-mascareta-aixi-han-viscut-els-joves-la-pandemia\/#breadcrumb"},"inLanguage":"ca-ES","potentialAction":[{"@type":"ReadAction","target":["https:\/\/www.fundacioires.org\/ca\/generacio-mascareta-aixi-han-viscut-els-joves-la-pandemia\/"]}]},{"@type":"ImageObject","inLanguage":"ca-ES","@id":"https:\/\/www.fundacioires.org\/ca\/generacio-mascareta-aixi-han-viscut-els-joves-la-pandemia\/#primaryimage","url":"https:\/\/i0.wp.com\/www.fundacioires.org\/wp-content\/uploads\/WEB-Plantilla-Noticies-17-1.png?fit=1200%2C628&ssl=1","contentUrl":"https:\/\/i0.wp.com\/www.fundacioires.org\/wp-content\/uploads\/WEB-Plantilla-Noticies-17-1.png?fit=1200%2C628&ssl=1","width":1200,"height":628},{"@type":"BreadcrumbList","@id":"https:\/\/www.fundacioires.org\/ca\/generacio-mascareta-aixi-han-viscut-els-joves-la-pandemia\/#breadcrumb","itemListElement":[{"@type":"ListItem","position":1,"name":"Portada","item":"https:\/\/www.fundacioires.org\/"},{"@type":"ListItem","position":2,"name":"Generaci\u00f3 Mascareta: Aix\u00ed han viscut els joves la pand\u00e8mia"}]},{"@type":"WebSite","@id":"https:\/\/www.fundacioires.org\/#website","url":"https:\/\/www.fundacioires.org\/","name":"Fundaci\u00f3 IRES","description":"","publisher":{"@id":"https:\/\/www.fundacioires.org\/#organization"},"potentialAction":[{"@type":"SearchAction","target":{"@type":"EntryPoint","urlTemplate":"https:\/\/www.fundacioires.org\/?s={search_term_string}"},"query-input":{"@type":"PropertyValueSpecification","valueRequired":true,"valueName":"search_term_string"}}],"inLanguage":"ca-ES"},{"@type":"Organization","@id":"https:\/\/www.fundacioires.org\/#organization","name":"Fundanci\u00f3n IRES","url":"https:\/\/www.fundacioires.org\/","logo":{"@type":"ImageObject","inLanguage":"ca-ES","@id":"https:\/\/www.fundacioires.org\/#\/schema\/logo\/image\/","url":"https:\/\/i0.wp.com\/www.fundacioires.org\/wp-content\/uploads\/faviconIRES.png?fit=32%2C32&ssl=1","contentUrl":"https:\/\/i0.wp.com\/www.fundacioires.org\/wp-content\/uploads\/faviconIRES.png?fit=32%2C32&ssl=1","width":32,"height":32,"caption":"Fundanci\u00f3n IRES"},"image":{"@id":"https:\/\/www.fundacioires.org\/#\/schema\/logo\/image\/"}},{"@type":"Person","@id":"https:\/\/www.fundacioires.org\/#\/schema\/person\/160af843c565221ef4664a5c7000791c","name":"Fundaci\u00f3 IRES"}]}},"jetpack_featured_media_url":"https:\/\/i0.wp.com\/www.fundacioires.org\/wp-content\/uploads\/WEB-Plantilla-Noticies-17-1.png?fit=1200%2C628&ssl=1","jetpack_sharing_enabled":true,"_links":{"self":[{"href":"https:\/\/www.fundacioires.org\/ca\/wp-json\/wp\/v2\/posts\/40471","targetHints":{"allow":["GET"]}}],"collection":[{"href":"https:\/\/www.fundacioires.org\/ca\/wp-json\/wp\/v2\/posts"}],"about":[{"href":"https:\/\/www.fundacioires.org\/ca\/wp-json\/wp\/v2\/types\/post"}],"author":[{"embeddable":true,"href":"https:\/\/www.fundacioires.org\/ca\/wp-json\/wp\/v2\/users\/7"}],"replies":[{"embeddable":true,"href":"https:\/\/www.fundacioires.org\/ca\/wp-json\/wp\/v2\/comments?post=40471"}],"version-history":[{"count":4,"href":"https:\/\/www.fundacioires.org\/ca\/wp-json\/wp\/v2\/posts\/40471\/revisions"}],"predecessor-version":[{"id":40486,"href":"https:\/\/www.fundacioires.org\/ca\/wp-json\/wp\/v2\/posts\/40471\/revisions\/40486"}],"wp:featuredmedia":[{"embeddable":true,"href":"https:\/\/www.fundacioires.org\/ca\/wp-json\/wp\/v2\/media\/40476"}],"wp:attachment":[{"href":"https:\/\/www.fundacioires.org\/ca\/wp-json\/wp\/v2\/media?parent=40471"}],"wp:term":[{"taxonomy":"category","embeddable":true,"href":"https:\/\/www.fundacioires.org\/ca\/wp-json\/wp\/v2\/categories?post=40471"},{"taxonomy":"post_tag","embeddable":true,"href":"https:\/\/www.fundacioires.org\/ca\/wp-json\/wp\/v2\/tags?post=40471"}],"curies":[{"name":"wp","href":"https:\/\/api.w.org\/{rel}","templated":true}]}}