{"id":42368,"date":"2022-06-09T15:22:44","date_gmt":"2022-06-09T13:22:44","guid":{"rendered":"https:\/\/www.fundacioires.org\/?p=42368"},"modified":"2022-06-09T15:28:20","modified_gmt":"2022-06-09T13:28:20","slug":"primera-sessio-de-seguiment-amb-les-families-del-servei-dadopcions","status":"publish","type":"post","link":"https:\/\/www.fundacioires.org\/ca\/primera-sessio-de-seguiment-amb-les-families-del-servei-dadopcions\/","title":{"rendered":"Primera sessi\u00f3 de seguiment amb les fam\u00edlies del servei d&#8217;Adopcions"},"content":{"rendered":"\n<p>Des del <strong>Servei d\u2019Adopcions d\u2019Infants amb Necessitats Especials<\/strong> de la Fundaci\u00f3 IRES es va fer el passat dimarts la primera sessi\u00f3 de seguiment grupal de fam\u00edlies. <\/p>\n\n\n\n<p>Les <strong>trobades en petits grups de fam\u00edlies<\/strong> que comparteixen inquietuds o realitats similars afavoreixen els <strong>processos d\u2019aprenentatge i reflexi\u00f3<\/strong> i ajuden a tenir m\u00e9s elements i habilitats per fer front al repte de la crian\u00e7a actuals i del futur aix\u00ed com&nbsp;a les implicacions emocionals que comporta el fet adoptiu.<\/p>\n\n\n\n<p>La intervenci\u00f3 grupal permet&nbsp;<strong>compartir inquietuds o moments vitals similars<\/strong>, els recursos que cada fam\u00edlia t\u00e9 i&nbsp;&nbsp;construir entre tots noves estrat\u00e8gies d\u2019abordatge.<\/p>\n\n\n\n<figure class=\"wp-block-image size-large\"><img data-recalc-dims=\"1\" loading=\"lazy\" decoding=\"async\" width=\"1024\" height=\"536\" src=\"https:\/\/i0.wp.com\/www.fundacioires.org\/wp-content\/uploads\/PLANTILLA-NOTI-WEB-NOVIEMBRE-2020-2-5.png?resize=1024%2C536&#038;ssl=1\" alt=\"\" class=\"wp-image-42371\" srcset=\"https:\/\/i0.wp.com\/www.fundacioires.org\/wp-content\/uploads\/PLANTILLA-NOTI-WEB-NOVIEMBRE-2020-2-5.png?resize=1024%2C536&amp;ssl=1 1024w, https:\/\/i0.wp.com\/www.fundacioires.org\/wp-content\/uploads\/PLANTILLA-NOTI-WEB-NOVIEMBRE-2020-2-5.png?resize=300%2C157&amp;ssl=1 300w, https:\/\/i0.wp.com\/www.fundacioires.org\/wp-content\/uploads\/PLANTILLA-NOTI-WEB-NOVIEMBRE-2020-2-5.png?resize=768%2C402&amp;ssl=1 768w, https:\/\/i0.wp.com\/www.fundacioires.org\/wp-content\/uploads\/PLANTILLA-NOTI-WEB-NOVIEMBRE-2020-2-5.png?w=1200&amp;ssl=1 1200w\" sizes=\"(max-width: 1000px) 100vw, 1000px\" \/><\/figure>\n\n\n\n<p>L\u2019experi\u00e8ncia va ser molt positiva i enriquidora per les fam\u00edlies participants i esperen que mantinguem aquests espais de trobada per seguir treballant i millorant el benestar tant de les fam\u00edlies com el&nbsp;dels infants.&nbsp;&nbsp;<\/p>\n\n\n\n<p>Al Servei d&#8217;Adopcions d\u2019Infants amb Necessitats Especials seguim necessitant fam\u00edlies que, com elles, decideixin adoptar. Fam\u00edlies especials amb ganes de viure moments tan especials per\u00f2 alhora quotidians com aquests. Per a m\u00e9s informaci\u00f3 podeu contactar amb nosaltres a <strong>adopcions@fundacioires.org <\/strong><\/p>\n\n\n\n<div class=\"wp-block-buttons is-layout-flex wp-block-buttons-is-layout-flex\">\n<div class=\"wp-block-button aligncenter is-style-fill\"><a class=\"wp-block-button__link has-background\" href=\"https:\/\/www.fundacioires.org\/ca\/que-fem\/ecosistema-de-projectes\/adopcions\/\" style=\"background-color:#500b92\">#BusquemFamiliesEspecials<\/a><\/div>\n<\/div>\n","protected":false},"excerpt":{"rendered":"<p>Una experi\u00e8ncia molt positiva i enriquidora per les fam\u00edlies participants on van poder compartir inquietuds i realitats similars. <\/p>\n","protected":false},"author":7,"featured_media":42369,"comment_status":"closed","ping_status":"open","sticky":false,"template":"","format":"standard","meta":{"_jetpack_memberships_contains_paid_content":false,"footnotes":""},"categories":[19],"tags":[],"class_list":["post-42368","post","type-post","status-publish","format-standard","has-post-thumbnail","hentry","category-ires-blog"],"yoast_head":"<!-- This site is optimized with the Yoast SEO plugin v27.4 - https:\/\/yoast.com\/product\/yoast-seo-wordpress\/ -->\n<title>Primera sessi\u00f3 de seguiment amb les fam\u00edlies del servei d&#039;Adopcions<\/title>\n<meta name=\"robots\" content=\"index, follow, max-snippet:-1, max-image-preview:large, max-video-preview:-1\" \/>\n<link rel=\"canonical\" href=\"https:\/\/www.fundacioires.org\/ca\/primera-sessio-de-seguiment-amb-les-families-del-servei-dadopcions\/\" \/>\n<meta property=\"og:locale\" content=\"ca_ES\" \/>\n<meta property=\"og:type\" content=\"article\" \/>\n<meta property=\"og:title\" content=\"Primera sessi\u00f3 de seguiment amb les fam\u00edlies del servei d&#039;Adopcions\" \/>\n<meta property=\"og:description\" content=\"Una experi\u00e8ncia molt positiva i enriquidora per les fam\u00edlies participants on van poder compartir inquietuds i realitats similars.\" \/>\n<meta property=\"og:url\" content=\"https:\/\/www.fundacioires.org\/ca\/primera-sessio-de-seguiment-amb-les-families-del-servei-dadopcions\/\" \/>\n<meta property=\"og:site_name\" content=\"Fundaci\u00f3 IRES\" \/>\n<meta property=\"article:published_time\" content=\"2022-06-09T13:22:44+00:00\" \/>\n<meta property=\"article:modified_time\" content=\"2022-06-09T13:28:20+00:00\" \/>\n<meta property=\"og:image\" content=\"https:\/\/www.fundacioires.org\/wp-content\/uploads\/PLANTILLA-NOTI-WEB-NOVIEMBRE-2020-1-5.png\" \/>\n\t<meta property=\"og:image:width\" content=\"1200\" \/>\n\t<meta property=\"og:image:height\" content=\"628\" \/>\n\t<meta property=\"og:image:type\" content=\"image\/png\" \/>\n<meta name=\"author\" content=\"Fundaci\u00f3 IRES\" \/>\n<meta name=\"twitter:card\" content=\"summary_large_image\" \/>\n<meta name=\"twitter:label1\" content=\"Written by\" \/>\n\t<meta name=\"twitter:data1\" content=\"Fundaci\u00f3 IRES\" \/>\n\t<meta name=\"twitter:label2\" content=\"Est. reading time\" \/>\n\t<meta name=\"twitter:data2\" content=\"1 minute\" \/>\n<script type=\"application\/ld+json\" class=\"yoast-schema-graph\">{\"@context\":\"https:\\\/\\\/schema.org\",\"@graph\":[{\"@type\":\"Article\",\"@id\":\"https:\\\/\\\/www.fundacioires.org\\\/ca\\\/primera-sessio-de-seguiment-amb-les-families-del-servei-dadopcions\\\/#article\",\"isPartOf\":{\"@id\":\"https:\\\/\\\/www.fundacioires.org\\\/ca\\\/primera-sessio-de-seguiment-amb-les-families-del-servei-dadopcions\\\/\"},\"author\":{\"name\":\"Fundaci\u00f3 IRES\",\"@id\":\"https:\\\/\\\/www.fundacioires.org\\\/#\\\/schema\\\/person\\\/160af843c565221ef4664a5c7000791c\"},\"headline\":\"Primera sessi\u00f3 de seguiment amb les fam\u00edlies del servei d&#8217;Adopcions\",\"datePublished\":\"2022-06-09T13:22:44+00:00\",\"dateModified\":\"2022-06-09T13:28:20+00:00\",\"mainEntityOfPage\":{\"@id\":\"https:\\\/\\\/www.fundacioires.org\\\/ca\\\/primera-sessio-de-seguiment-amb-les-families-del-servei-dadopcions\\\/\"},\"wordCount\":213,\"publisher\":{\"@id\":\"https:\\\/\\\/www.fundacioires.org\\\/#organization\"},\"image\":{\"@id\":\"https:\\\/\\\/www.fundacioires.org\\\/ca\\\/primera-sessio-de-seguiment-amb-les-families-del-servei-dadopcions\\\/#primaryimage\"},\"thumbnailUrl\":\"https:\\\/\\\/i0.wp.com\\\/www.fundacioires.org\\\/wp-content\\\/uploads\\\/PLANTILLA-NOTI-WEB-NOVIEMBRE-2020-1-5.png?fit=1200%2C628&ssl=1\",\"articleSection\":[\"IRES-Blog\"],\"inLanguage\":\"ca-ES\"},{\"@type\":\"WebPage\",\"@id\":\"https:\\\/\\\/www.fundacioires.org\\\/ca\\\/primera-sessio-de-seguiment-amb-les-families-del-servei-dadopcions\\\/\",\"url\":\"https:\\\/\\\/www.fundacioires.org\\\/ca\\\/primera-sessio-de-seguiment-amb-les-families-del-servei-dadopcions\\\/\",\"name\":\"Primera sessi\u00f3 de seguiment amb les fam\u00edlies del servei d'Adopcions\",\"isPartOf\":{\"@id\":\"https:\\\/\\\/www.fundacioires.org\\\/#website\"},\"primaryImageOfPage\":{\"@id\":\"https:\\\/\\\/www.fundacioires.org\\\/ca\\\/primera-sessio-de-seguiment-amb-les-families-del-servei-dadopcions\\\/#primaryimage\"},\"image\":{\"@id\":\"https:\\\/\\\/www.fundacioires.org\\\/ca\\\/primera-sessio-de-seguiment-amb-les-families-del-servei-dadopcions\\\/#primaryimage\"},\"thumbnailUrl\":\"https:\\\/\\\/i0.wp.com\\\/www.fundacioires.org\\\/wp-content\\\/uploads\\\/PLANTILLA-NOTI-WEB-NOVIEMBRE-2020-1-5.png?fit=1200%2C628&ssl=1\",\"datePublished\":\"2022-06-09T13:22:44+00:00\",\"dateModified\":\"2022-06-09T13:28:20+00:00\",\"breadcrumb\":{\"@id\":\"https:\\\/\\\/www.fundacioires.org\\\/ca\\\/primera-sessio-de-seguiment-amb-les-families-del-servei-dadopcions\\\/#breadcrumb\"},\"inLanguage\":\"ca-ES\",\"potentialAction\":[{\"@type\":\"ReadAction\",\"target\":[\"https:\\\/\\\/www.fundacioires.org\\\/ca\\\/primera-sessio-de-seguiment-amb-les-families-del-servei-dadopcions\\\/\"]}]},{\"@type\":\"ImageObject\",\"inLanguage\":\"ca-ES\",\"@id\":\"https:\\\/\\\/www.fundacioires.org\\\/ca\\\/primera-sessio-de-seguiment-amb-les-families-del-servei-dadopcions\\\/#primaryimage\",\"url\":\"https:\\\/\\\/i0.wp.com\\\/www.fundacioires.org\\\/wp-content\\\/uploads\\\/PLANTILLA-NOTI-WEB-NOVIEMBRE-2020-1-5.png?fit=1200%2C628&ssl=1\",\"contentUrl\":\"https:\\\/\\\/i0.wp.com\\\/www.fundacioires.org\\\/wp-content\\\/uploads\\\/PLANTILLA-NOTI-WEB-NOVIEMBRE-2020-1-5.png?fit=1200%2C628&ssl=1\",\"width\":1200,\"height\":628},{\"@type\":\"BreadcrumbList\",\"@id\":\"https:\\\/\\\/www.fundacioires.org\\\/ca\\\/primera-sessio-de-seguiment-amb-les-families-del-servei-dadopcions\\\/#breadcrumb\",\"itemListElement\":[{\"@type\":\"ListItem\",\"position\":1,\"name\":\"Portada\",\"item\":\"https:\\\/\\\/www.fundacioires.org\\\/\"},{\"@type\":\"ListItem\",\"position\":2,\"name\":\"Primera sessi\u00f3 de seguiment amb les fam\u00edlies del servei d&#8217;Adopcions\"}]},{\"@type\":\"WebSite\",\"@id\":\"https:\\\/\\\/www.fundacioires.org\\\/#website\",\"url\":\"https:\\\/\\\/www.fundacioires.org\\\/\",\"name\":\"Fundaci\u00f3 IRES\",\"description\":\"\",\"publisher\":{\"@id\":\"https:\\\/\\\/www.fundacioires.org\\\/#organization\"},\"potentialAction\":[{\"@type\":\"SearchAction\",\"target\":{\"@type\":\"EntryPoint\",\"urlTemplate\":\"https:\\\/\\\/www.fundacioires.org\\\/?s={search_term_string}\"},\"query-input\":{\"@type\":\"PropertyValueSpecification\",\"valueRequired\":true,\"valueName\":\"search_term_string\"}}],\"inLanguage\":\"ca-ES\"},{\"@type\":\"Organization\",\"@id\":\"https:\\\/\\\/www.fundacioires.org\\\/#organization\",\"name\":\"Fundanci\u00f3n IRES\",\"url\":\"https:\\\/\\\/www.fundacioires.org\\\/\",\"logo\":{\"@type\":\"ImageObject\",\"inLanguage\":\"ca-ES\",\"@id\":\"https:\\\/\\\/www.fundacioires.org\\\/#\\\/schema\\\/logo\\\/image\\\/\",\"url\":\"https:\\\/\\\/i0.wp.com\\\/www.fundacioires.org\\\/wp-content\\\/uploads\\\/faviconIRES.png?fit=32%2C32&ssl=1\",\"contentUrl\":\"https:\\\/\\\/i0.wp.com\\\/www.fundacioires.org\\\/wp-content\\\/uploads\\\/faviconIRES.png?fit=32%2C32&ssl=1\",\"width\":32,\"height\":32,\"caption\":\"Fundanci\u00f3n IRES\"},\"image\":{\"@id\":\"https:\\\/\\\/www.fundacioires.org\\\/#\\\/schema\\\/logo\\\/image\\\/\"}},{\"@type\":\"Person\",\"@id\":\"https:\\\/\\\/www.fundacioires.org\\\/#\\\/schema\\\/person\\\/160af843c565221ef4664a5c7000791c\",\"name\":\"Fundaci\u00f3 IRES\"}]}<\/script>\n<!-- \/ Yoast SEO plugin. -->","yoast_head_json":{"title":"Primera sessi\u00f3 de seguiment amb les fam\u00edlies del servei d'Adopcions","robots":{"index":"index","follow":"follow","max-snippet":"max-snippet:-1","max-image-preview":"max-image-preview:large","max-video-preview":"max-video-preview:-1"},"canonical":"https:\/\/www.fundacioires.org\/ca\/primera-sessio-de-seguiment-amb-les-families-del-servei-dadopcions\/","og_locale":"ca_ES","og_type":"article","og_title":"Primera sessi\u00f3 de seguiment amb les fam\u00edlies del servei d'Adopcions","og_description":"Una experi\u00e8ncia molt positiva i enriquidora per les fam\u00edlies participants on van poder compartir inquietuds i realitats similars.","og_url":"https:\/\/www.fundacioires.org\/ca\/primera-sessio-de-seguiment-amb-les-families-del-servei-dadopcions\/","og_site_name":"Fundaci\u00f3 IRES","article_published_time":"2022-06-09T13:22:44+00:00","article_modified_time":"2022-06-09T13:28:20+00:00","og_image":[{"width":1200,"height":628,"url":"https:\/\/www.fundacioires.org\/wp-content\/uploads\/PLANTILLA-NOTI-WEB-NOVIEMBRE-2020-1-5.png","type":"image\/png"}],"author":"Fundaci\u00f3 IRES","twitter_card":"summary_large_image","twitter_misc":{"Written by":"Fundaci\u00f3 IRES","Est. reading time":"1 minute"},"schema":{"@context":"https:\/\/schema.org","@graph":[{"@type":"Article","@id":"https:\/\/www.fundacioires.org\/ca\/primera-sessio-de-seguiment-amb-les-families-del-servei-dadopcions\/#article","isPartOf":{"@id":"https:\/\/www.fundacioires.org\/ca\/primera-sessio-de-seguiment-amb-les-families-del-servei-dadopcions\/"},"author":{"name":"Fundaci\u00f3 IRES","@id":"https:\/\/www.fundacioires.org\/#\/schema\/person\/160af843c565221ef4664a5c7000791c"},"headline":"Primera sessi\u00f3 de seguiment amb les fam\u00edlies del servei d&#8217;Adopcions","datePublished":"2022-06-09T13:22:44+00:00","dateModified":"2022-06-09T13:28:20+00:00","mainEntityOfPage":{"@id":"https:\/\/www.fundacioires.org\/ca\/primera-sessio-de-seguiment-amb-les-families-del-servei-dadopcions\/"},"wordCount":213,"publisher":{"@id":"https:\/\/www.fundacioires.org\/#organization"},"image":{"@id":"https:\/\/www.fundacioires.org\/ca\/primera-sessio-de-seguiment-amb-les-families-del-servei-dadopcions\/#primaryimage"},"thumbnailUrl":"https:\/\/i0.wp.com\/www.fundacioires.org\/wp-content\/uploads\/PLANTILLA-NOTI-WEB-NOVIEMBRE-2020-1-5.png?fit=1200%2C628&ssl=1","articleSection":["IRES-Blog"],"inLanguage":"ca-ES"},{"@type":"WebPage","@id":"https:\/\/www.fundacioires.org\/ca\/primera-sessio-de-seguiment-amb-les-families-del-servei-dadopcions\/","url":"https:\/\/www.fundacioires.org\/ca\/primera-sessio-de-seguiment-amb-les-families-del-servei-dadopcions\/","name":"Primera sessi\u00f3 de seguiment amb les fam\u00edlies del servei d'Adopcions","isPartOf":{"@id":"https:\/\/www.fundacioires.org\/#website"},"primaryImageOfPage":{"@id":"https:\/\/www.fundacioires.org\/ca\/primera-sessio-de-seguiment-amb-les-families-del-servei-dadopcions\/#primaryimage"},"image":{"@id":"https:\/\/www.fundacioires.org\/ca\/primera-sessio-de-seguiment-amb-les-families-del-servei-dadopcions\/#primaryimage"},"thumbnailUrl":"https:\/\/i0.wp.com\/www.fundacioires.org\/wp-content\/uploads\/PLANTILLA-NOTI-WEB-NOVIEMBRE-2020-1-5.png?fit=1200%2C628&ssl=1","datePublished":"2022-06-09T13:22:44+00:00","dateModified":"2022-06-09T13:28:20+00:00","breadcrumb":{"@id":"https:\/\/www.fundacioires.org\/ca\/primera-sessio-de-seguiment-amb-les-families-del-servei-dadopcions\/#breadcrumb"},"inLanguage":"ca-ES","potentialAction":[{"@type":"ReadAction","target":["https:\/\/www.fundacioires.org\/ca\/primera-sessio-de-seguiment-amb-les-families-del-servei-dadopcions\/"]}]},{"@type":"ImageObject","inLanguage":"ca-ES","@id":"https:\/\/www.fundacioires.org\/ca\/primera-sessio-de-seguiment-amb-les-families-del-servei-dadopcions\/#primaryimage","url":"https:\/\/i0.wp.com\/www.fundacioires.org\/wp-content\/uploads\/PLANTILLA-NOTI-WEB-NOVIEMBRE-2020-1-5.png?fit=1200%2C628&ssl=1","contentUrl":"https:\/\/i0.wp.com\/www.fundacioires.org\/wp-content\/uploads\/PLANTILLA-NOTI-WEB-NOVIEMBRE-2020-1-5.png?fit=1200%2C628&ssl=1","width":1200,"height":628},{"@type":"BreadcrumbList","@id":"https:\/\/www.fundacioires.org\/ca\/primera-sessio-de-seguiment-amb-les-families-del-servei-dadopcions\/#breadcrumb","itemListElement":[{"@type":"ListItem","position":1,"name":"Portada","item":"https:\/\/www.fundacioires.org\/"},{"@type":"ListItem","position":2,"name":"Primera sessi\u00f3 de seguiment amb les fam\u00edlies del servei d&#8217;Adopcions"}]},{"@type":"WebSite","@id":"https:\/\/www.fundacioires.org\/#website","url":"https:\/\/www.fundacioires.org\/","name":"Fundaci\u00f3 IRES","description":"","publisher":{"@id":"https:\/\/www.fundacioires.org\/#organization"},"potentialAction":[{"@type":"SearchAction","target":{"@type":"EntryPoint","urlTemplate":"https:\/\/www.fundacioires.org\/?s={search_term_string}"},"query-input":{"@type":"PropertyValueSpecification","valueRequired":true,"valueName":"search_term_string"}}],"inLanguage":"ca-ES"},{"@type":"Organization","@id":"https:\/\/www.fundacioires.org\/#organization","name":"Fundanci\u00f3n IRES","url":"https:\/\/www.fundacioires.org\/","logo":{"@type":"ImageObject","inLanguage":"ca-ES","@id":"https:\/\/www.fundacioires.org\/#\/schema\/logo\/image\/","url":"https:\/\/i0.wp.com\/www.fundacioires.org\/wp-content\/uploads\/faviconIRES.png?fit=32%2C32&ssl=1","contentUrl":"https:\/\/i0.wp.com\/www.fundacioires.org\/wp-content\/uploads\/faviconIRES.png?fit=32%2C32&ssl=1","width":32,"height":32,"caption":"Fundanci\u00f3n IRES"},"image":{"@id":"https:\/\/www.fundacioires.org\/#\/schema\/logo\/image\/"}},{"@type":"Person","@id":"https:\/\/www.fundacioires.org\/#\/schema\/person\/160af843c565221ef4664a5c7000791c","name":"Fundaci\u00f3 IRES"}]}},"jetpack_featured_media_url":"https:\/\/i0.wp.com\/www.fundacioires.org\/wp-content\/uploads\/PLANTILLA-NOTI-WEB-NOVIEMBRE-2020-1-5.png?fit=1200%2C628&ssl=1","jetpack_sharing_enabled":true,"_links":{"self":[{"href":"https:\/\/www.fundacioires.org\/ca\/wp-json\/wp\/v2\/posts\/42368","targetHints":{"allow":["GET"]}}],"collection":[{"href":"https:\/\/www.fundacioires.org\/ca\/wp-json\/wp\/v2\/posts"}],"about":[{"href":"https:\/\/www.fundacioires.org\/ca\/wp-json\/wp\/v2\/types\/post"}],"author":[{"embeddable":true,"href":"https:\/\/www.fundacioires.org\/ca\/wp-json\/wp\/v2\/users\/7"}],"replies":[{"embeddable":true,"href":"https:\/\/www.fundacioires.org\/ca\/wp-json\/wp\/v2\/comments?post=42368"}],"version-history":[{"count":2,"href":"https:\/\/www.fundacioires.org\/ca\/wp-json\/wp\/v2\/posts\/42368\/revisions"}],"predecessor-version":[{"id":42376,"href":"https:\/\/www.fundacioires.org\/ca\/wp-json\/wp\/v2\/posts\/42368\/revisions\/42376"}],"wp:featuredmedia":[{"embeddable":true,"href":"https:\/\/www.fundacioires.org\/ca\/wp-json\/wp\/v2\/media\/42369"}],"wp:attachment":[{"href":"https:\/\/www.fundacioires.org\/ca\/wp-json\/wp\/v2\/media?parent=42368"}],"wp:term":[{"taxonomy":"category","embeddable":true,"href":"https:\/\/www.fundacioires.org\/ca\/wp-json\/wp\/v2\/categories?post=42368"},{"taxonomy":"post_tag","embeddable":true,"href":"https:\/\/www.fundacioires.org\/ca\/wp-json\/wp\/v2\/tags?post=42368"}],"curies":[{"name":"wp","href":"https:\/\/api.w.org\/{rel}","templated":true}]}}