{"id":43002,"date":"2022-07-25T22:48:13","date_gmt":"2022-07-25T20:48:13","guid":{"rendered":"https:\/\/www.fundacioires.org\/?p=43002"},"modified":"2022-07-25T22:51:22","modified_gmt":"2022-07-25T20:51:22","slug":"entrevista-tram-click","status":"publish","type":"post","link":"https:\/\/www.fundacioires.org\/ca\/entrevista-tram-click\/","title":{"rendered":"&#8220;Tenia bastants nervis quan veia que la meva fam\u00edlia no anava b\u00e9 econ\u00f2micament&#8221;"},"content":{"rendered":"\n<p>Des de la Fundaci\u00f3 IRES estem molt contents i contentes de col\u00b7laborar amb TRAM, una empresa compromesa amb el futur dels i les joves. Des del 2018 forma part del Click, un projecte socioeducatiu dirigit a adolescents i joves que necessiten un acompanyament temporal per a poder identificar el millor recorregut formatiu, laboral i personal adaptat al seu potencial. TRAM col\u00b7labora a trav\u00e9s de les Beques Click i contribueix a fer que la situaci\u00f3 econ\u00f2mica i familiar de molts i moltes joves no sigui un impediment per continuar els seus estudis.<\/p>\n\n\n\n<p>Aquest mes, dins el seu butllet\u00ed InfoTRAM i en una edici\u00f3 especial en motiu de l\u2019arribada de l\u2019estiu, <strong>han entrevistat a la Marta Tejada, una de les joves Click, i a l\u2019Ovidi Leal, educador de la Fundaci\u00f3 IRES.<\/strong> &nbsp;De la seva experi\u00e8ncia al Projecte, la Marta destaca el proc\u00e9s d\u2019orientaci\u00f3 que li han ofert i com ha aconseguit saber quin cam\u00ed ha de seguir per complir els seus objectius gr\u00e0cies al programa.&nbsp; \u201cTenia bastants nervis quan veia que la meva fam\u00edlia no anava b\u00e9 econ\u00f2micament i aquest projecte ens ha ajudat\u2026\u201d, explica la Marta quan li pregunten sobre la seva situaci\u00f3 abans d\u2019arribar al Click.<\/p>\n\n\n\n<p>L\u2019Ovidi, per la seva part, destaca el pla individualitzat que es fa amb cada un dels i les joves tenint en compte en quina situaci\u00f3 es troben amb l\u2019objectiu de que no nom\u00e9s que treguin millors notes o estudi\u00efn m\u00e9s, sin\u00f3 que es coneguin millor a ells mateixos, les seves motivacions per, a partir d\u2019aqu\u00ed, tri\u00efn el seu cam\u00ed.<\/p>\n\n\n\n<p>Moltes gr\u00e0cies a tot l\u2019equip de TRAM pel seu comprom\u00eds amb els i les joves i amb la causa social de la Fundaci\u00f3 IRES. Si voleu con\u00e8ixer m\u00e9s sobre les <strong>#BequesClick <\/strong>podeu trobar tota la informaci\u00f3 a <strong><a href=\"http:\/\/bequesclick.org\">bequesclick.org<\/a><\/strong>.<\/p>\n\n\n\n<p>Us convidem a tots i totes a con\u00e8ixer m\u00e9s sobre el projecte i sobre la nostra tasca a la seg\u00fcent entrevista:<\/p>\n\n\n<div class=\"wp-block-image\">\n<figure class=\"aligncenter size-large is-resized\"><a href=\"https:\/\/tram-web-pro.azurewebsites.net\/cms\/media\/3598\/entrevista-projecte-click-marta-tejada-i-ovidi.pdf\"><img data-recalc-dims=\"1\" decoding=\"async\" src=\"https:\/\/i0.wp.com\/www.fundacioires.org\/wp-content\/uploads\/entrevista-projecte-click-marta-tejada-i-ovidi-1_page-0001.jpg?w=504&#038;ssl=1\" alt=\"\" class=\"wp-image-43003\"  srcset=\"https:\/\/i0.wp.com\/www.fundacioires.org\/wp-content\/uploads\/entrevista-projecte-click-marta-tejada-i-ovidi-1_page-0001.jpg?resize=724%2C1024&amp;ssl=1 724w, https:\/\/i0.wp.com\/www.fundacioires.org\/wp-content\/uploads\/entrevista-projecte-click-marta-tejada-i-ovidi-1_page-0001.jpg?resize=212%2C300&amp;ssl=1 212w, https:\/\/i0.wp.com\/www.fundacioires.org\/wp-content\/uploads\/entrevista-projecte-click-marta-tejada-i-ovidi-1_page-0001.jpg?resize=768%2C1086&amp;ssl=1 768w, https:\/\/i0.wp.com\/www.fundacioires.org\/wp-content\/uploads\/entrevista-projecte-click-marta-tejada-i-ovidi-1_page-0001.jpg?resize=1086%2C1536&amp;ssl=1 1086w, https:\/\/i0.wp.com\/www.fundacioires.org\/wp-content\/uploads\/entrevista-projecte-click-marta-tejada-i-ovidi-1_page-0001.jpg?w=1241&amp;ssl=1 1241w\" sizes=\"(max-width: 724px) 100vw, 724px\" \/><\/a><\/figure>\n<\/div>","protected":false},"excerpt":{"rendered":"<p>L\u2019empresa de transport p\u00fablic de Barcelona i la Fundaci\u00f3 IRES treballen conjuntament en el marc de les Beques Click<\/p>\n","protected":false},"author":7,"featured_media":43008,"comment_status":"closed","ping_status":"open","sticky":false,"template":"","format":"standard","meta":{"_jetpack_memberships_contains_paid_content":false,"footnotes":""},"categories":[19],"tags":[75,129],"class_list":["post-43002","post","type-post","status-publish","format-standard","has-post-thumbnail","hentry","category-ires-blog","tag-click-ca-2","tag-projecte-click"],"yoast_head":"<!-- This site is optimized with the Yoast SEO plugin v27.4 - https:\/\/yoast.com\/product\/yoast-seo-wordpress\/ -->\n<title>Coneix a la Marta i a l&#039;Ovidi del Projecte Click! - Fundaci\u00f3 IRES<\/title>\n<meta name=\"description\" content=\"L\u2019empresa de transport p\u00fablic de Barcelona i la Fundaci\u00f3 IRES treballen conjuntament en el marc de les Beques Click\" \/>\n<meta name=\"robots\" content=\"index, follow, max-snippet:-1, max-image-preview:large, max-video-preview:-1\" \/>\n<link rel=\"canonical\" href=\"https:\/\/www.fundacioires.org\/ca\/entrevista-tram-click\/\" \/>\n<meta property=\"og:locale\" content=\"ca_ES\" \/>\n<meta property=\"og:type\" content=\"article\" \/>\n<meta property=\"og:title\" content=\"Coneix a la Marta i a l&#039;Ovidi del Projecte Click! - Fundaci\u00f3 IRES\" \/>\n<meta property=\"og:description\" content=\"L\u2019empresa de transport p\u00fablic de Barcelona i la Fundaci\u00f3 IRES treballen conjuntament en el marc de les Beques Click\" \/>\n<meta property=\"og:url\" content=\"https:\/\/www.fundacioires.org\/ca\/entrevista-tram-click\/\" \/>\n<meta property=\"og:site_name\" content=\"Fundaci\u00f3 IRES\" \/>\n<meta property=\"article:published_time\" content=\"2022-07-25T20:48:13+00:00\" \/>\n<meta property=\"article:modified_time\" content=\"2022-07-25T20:51:22+00:00\" \/>\n<meta property=\"og:image\" content=\"https:\/\/www.fundacioires.org\/wp-content\/uploads\/PLANTILLA-NOTI-WEB-NOVIEMBRE-2020-11-1.png\" \/>\n\t<meta property=\"og:image:width\" content=\"1200\" \/>\n\t<meta property=\"og:image:height\" content=\"628\" \/>\n\t<meta property=\"og:image:type\" content=\"image\/png\" \/>\n<meta name=\"author\" content=\"Fundaci\u00f3 IRES\" \/>\n<meta name=\"twitter:card\" content=\"summary_large_image\" \/>\n<meta name=\"twitter:label1\" content=\"Written by\" \/>\n\t<meta name=\"twitter:data1\" content=\"Fundaci\u00f3 IRES\" \/>\n\t<meta name=\"twitter:label2\" content=\"Est. reading time\" \/>\n\t<meta name=\"twitter:data2\" content=\"2 minutes\" \/>\n<script type=\"application\/ld+json\" class=\"yoast-schema-graph\">{\"@context\":\"https:\\\/\\\/schema.org\",\"@graph\":[{\"@type\":\"Article\",\"@id\":\"https:\\\/\\\/www.fundacioires.org\\\/ca\\\/entrevista-tram-click\\\/#article\",\"isPartOf\":{\"@id\":\"https:\\\/\\\/www.fundacioires.org\\\/ca\\\/entrevista-tram-click\\\/\"},\"author\":{\"name\":\"Fundaci\u00f3 IRES\",\"@id\":\"https:\\\/\\\/www.fundacioires.org\\\/#\\\/schema\\\/person\\\/160af843c565221ef4664a5c7000791c\"},\"headline\":\"&#8220;Tenia bastants nervis quan veia que la meva fam\u00edlia no anava b\u00e9 econ\u00f2micament&#8221;\",\"datePublished\":\"2022-07-25T20:48:13+00:00\",\"dateModified\":\"2022-07-25T20:51:22+00:00\",\"mainEntityOfPage\":{\"@id\":\"https:\\\/\\\/www.fundacioires.org\\\/ca\\\/entrevista-tram-click\\\/\"},\"wordCount\":360,\"publisher\":{\"@id\":\"https:\\\/\\\/www.fundacioires.org\\\/#organization\"},\"image\":{\"@id\":\"https:\\\/\\\/www.fundacioires.org\\\/ca\\\/entrevista-tram-click\\\/#primaryimage\"},\"thumbnailUrl\":\"https:\\\/\\\/i0.wp.com\\\/www.fundacioires.org\\\/wp-content\\\/uploads\\\/PLANTILLA-NOTI-WEB-NOVIEMBRE-2020-11-1.png?fit=1200%2C628&ssl=1\",\"keywords\":[\"Click\",\"Projecte Click\"],\"articleSection\":[\"IRES-Blog\"],\"inLanguage\":\"ca-ES\"},{\"@type\":\"WebPage\",\"@id\":\"https:\\\/\\\/www.fundacioires.org\\\/ca\\\/entrevista-tram-click\\\/\",\"url\":\"https:\\\/\\\/www.fundacioires.org\\\/ca\\\/entrevista-tram-click\\\/\",\"name\":\"Coneix a la Marta i a l'Ovidi del Projecte Click! - Fundaci\u00f3 IRES\",\"isPartOf\":{\"@id\":\"https:\\\/\\\/www.fundacioires.org\\\/#website\"},\"primaryImageOfPage\":{\"@id\":\"https:\\\/\\\/www.fundacioires.org\\\/ca\\\/entrevista-tram-click\\\/#primaryimage\"},\"image\":{\"@id\":\"https:\\\/\\\/www.fundacioires.org\\\/ca\\\/entrevista-tram-click\\\/#primaryimage\"},\"thumbnailUrl\":\"https:\\\/\\\/i0.wp.com\\\/www.fundacioires.org\\\/wp-content\\\/uploads\\\/PLANTILLA-NOTI-WEB-NOVIEMBRE-2020-11-1.png?fit=1200%2C628&ssl=1\",\"datePublished\":\"2022-07-25T20:48:13+00:00\",\"dateModified\":\"2022-07-25T20:51:22+00:00\",\"description\":\"L\u2019empresa de transport p\u00fablic de Barcelona i la Fundaci\u00f3 IRES treballen conjuntament en el marc de les Beques Click\",\"breadcrumb\":{\"@id\":\"https:\\\/\\\/www.fundacioires.org\\\/ca\\\/entrevista-tram-click\\\/#breadcrumb\"},\"inLanguage\":\"ca-ES\",\"potentialAction\":[{\"@type\":\"ReadAction\",\"target\":[\"https:\\\/\\\/www.fundacioires.org\\\/ca\\\/entrevista-tram-click\\\/\"]}]},{\"@type\":\"ImageObject\",\"inLanguage\":\"ca-ES\",\"@id\":\"https:\\\/\\\/www.fundacioires.org\\\/ca\\\/entrevista-tram-click\\\/#primaryimage\",\"url\":\"https:\\\/\\\/i0.wp.com\\\/www.fundacioires.org\\\/wp-content\\\/uploads\\\/PLANTILLA-NOTI-WEB-NOVIEMBRE-2020-11-1.png?fit=1200%2C628&ssl=1\",\"contentUrl\":\"https:\\\/\\\/i0.wp.com\\\/www.fundacioires.org\\\/wp-content\\\/uploads\\\/PLANTILLA-NOTI-WEB-NOVIEMBRE-2020-11-1.png?fit=1200%2C628&ssl=1\",\"width\":1200,\"height\":628},{\"@type\":\"BreadcrumbList\",\"@id\":\"https:\\\/\\\/www.fundacioires.org\\\/ca\\\/entrevista-tram-click\\\/#breadcrumb\",\"itemListElement\":[{\"@type\":\"ListItem\",\"position\":1,\"name\":\"Portada\",\"item\":\"https:\\\/\\\/www.fundacioires.org\\\/\"},{\"@type\":\"ListItem\",\"position\":2,\"name\":\"\u00abTenia bastants nervis quan veia que la meva fam\u00edlia no anava b\u00e9 econ\u00f2micament\u00bb\"}]},{\"@type\":\"WebSite\",\"@id\":\"https:\\\/\\\/www.fundacioires.org\\\/#website\",\"url\":\"https:\\\/\\\/www.fundacioires.org\\\/\",\"name\":\"Fundaci\u00f3 IRES\",\"description\":\"\",\"publisher\":{\"@id\":\"https:\\\/\\\/www.fundacioires.org\\\/#organization\"},\"potentialAction\":[{\"@type\":\"SearchAction\",\"target\":{\"@type\":\"EntryPoint\",\"urlTemplate\":\"https:\\\/\\\/www.fundacioires.org\\\/?s={search_term_string}\"},\"query-input\":{\"@type\":\"PropertyValueSpecification\",\"valueRequired\":true,\"valueName\":\"search_term_string\"}}],\"inLanguage\":\"ca-ES\"},{\"@type\":\"Organization\",\"@id\":\"https:\\\/\\\/www.fundacioires.org\\\/#organization\",\"name\":\"Fundanci\u00f3n IRES\",\"url\":\"https:\\\/\\\/www.fundacioires.org\\\/\",\"logo\":{\"@type\":\"ImageObject\",\"inLanguage\":\"ca-ES\",\"@id\":\"https:\\\/\\\/www.fundacioires.org\\\/#\\\/schema\\\/logo\\\/image\\\/\",\"url\":\"https:\\\/\\\/i0.wp.com\\\/www.fundacioires.org\\\/wp-content\\\/uploads\\\/faviconIRES.png?fit=32%2C32&ssl=1\",\"contentUrl\":\"https:\\\/\\\/i0.wp.com\\\/www.fundacioires.org\\\/wp-content\\\/uploads\\\/faviconIRES.png?fit=32%2C32&ssl=1\",\"width\":32,\"height\":32,\"caption\":\"Fundanci\u00f3n IRES\"},\"image\":{\"@id\":\"https:\\\/\\\/www.fundacioires.org\\\/#\\\/schema\\\/logo\\\/image\\\/\"}},{\"@type\":\"Person\",\"@id\":\"https:\\\/\\\/www.fundacioires.org\\\/#\\\/schema\\\/person\\\/160af843c565221ef4664a5c7000791c\",\"name\":\"Fundaci\u00f3 IRES\"}]}<\/script>\n<!-- \/ Yoast SEO plugin. -->","yoast_head_json":{"title":"Coneix a la Marta i a l'Ovidi del Projecte Click! - Fundaci\u00f3 IRES","description":"L\u2019empresa de transport p\u00fablic de Barcelona i la Fundaci\u00f3 IRES treballen conjuntament en el marc de les Beques Click","robots":{"index":"index","follow":"follow","max-snippet":"max-snippet:-1","max-image-preview":"max-image-preview:large","max-video-preview":"max-video-preview:-1"},"canonical":"https:\/\/www.fundacioires.org\/ca\/entrevista-tram-click\/","og_locale":"ca_ES","og_type":"article","og_title":"Coneix a la Marta i a l'Ovidi del Projecte Click! - Fundaci\u00f3 IRES","og_description":"L\u2019empresa de transport p\u00fablic de Barcelona i la Fundaci\u00f3 IRES treballen conjuntament en el marc de les Beques Click","og_url":"https:\/\/www.fundacioires.org\/ca\/entrevista-tram-click\/","og_site_name":"Fundaci\u00f3 IRES","article_published_time":"2022-07-25T20:48:13+00:00","article_modified_time":"2022-07-25T20:51:22+00:00","og_image":[{"width":1200,"height":628,"url":"https:\/\/www.fundacioires.org\/wp-content\/uploads\/PLANTILLA-NOTI-WEB-NOVIEMBRE-2020-11-1.png","type":"image\/png"}],"author":"Fundaci\u00f3 IRES","twitter_card":"summary_large_image","twitter_misc":{"Written by":"Fundaci\u00f3 IRES","Est. reading time":"2 minutes"},"schema":{"@context":"https:\/\/schema.org","@graph":[{"@type":"Article","@id":"https:\/\/www.fundacioires.org\/ca\/entrevista-tram-click\/#article","isPartOf":{"@id":"https:\/\/www.fundacioires.org\/ca\/entrevista-tram-click\/"},"author":{"name":"Fundaci\u00f3 IRES","@id":"https:\/\/www.fundacioires.org\/#\/schema\/person\/160af843c565221ef4664a5c7000791c"},"headline":"&#8220;Tenia bastants nervis quan veia que la meva fam\u00edlia no anava b\u00e9 econ\u00f2micament&#8221;","datePublished":"2022-07-25T20:48:13+00:00","dateModified":"2022-07-25T20:51:22+00:00","mainEntityOfPage":{"@id":"https:\/\/www.fundacioires.org\/ca\/entrevista-tram-click\/"},"wordCount":360,"publisher":{"@id":"https:\/\/www.fundacioires.org\/#organization"},"image":{"@id":"https:\/\/www.fundacioires.org\/ca\/entrevista-tram-click\/#primaryimage"},"thumbnailUrl":"https:\/\/i0.wp.com\/www.fundacioires.org\/wp-content\/uploads\/PLANTILLA-NOTI-WEB-NOVIEMBRE-2020-11-1.png?fit=1200%2C628&ssl=1","keywords":["Click","Projecte Click"],"articleSection":["IRES-Blog"],"inLanguage":"ca-ES"},{"@type":"WebPage","@id":"https:\/\/www.fundacioires.org\/ca\/entrevista-tram-click\/","url":"https:\/\/www.fundacioires.org\/ca\/entrevista-tram-click\/","name":"Coneix a la Marta i a l'Ovidi del Projecte Click! - Fundaci\u00f3 IRES","isPartOf":{"@id":"https:\/\/www.fundacioires.org\/#website"},"primaryImageOfPage":{"@id":"https:\/\/www.fundacioires.org\/ca\/entrevista-tram-click\/#primaryimage"},"image":{"@id":"https:\/\/www.fundacioires.org\/ca\/entrevista-tram-click\/#primaryimage"},"thumbnailUrl":"https:\/\/i0.wp.com\/www.fundacioires.org\/wp-content\/uploads\/PLANTILLA-NOTI-WEB-NOVIEMBRE-2020-11-1.png?fit=1200%2C628&ssl=1","datePublished":"2022-07-25T20:48:13+00:00","dateModified":"2022-07-25T20:51:22+00:00","description":"L\u2019empresa de transport p\u00fablic de Barcelona i la Fundaci\u00f3 IRES treballen conjuntament en el marc de les Beques Click","breadcrumb":{"@id":"https:\/\/www.fundacioires.org\/ca\/entrevista-tram-click\/#breadcrumb"},"inLanguage":"ca-ES","potentialAction":[{"@type":"ReadAction","target":["https:\/\/www.fundacioires.org\/ca\/entrevista-tram-click\/"]}]},{"@type":"ImageObject","inLanguage":"ca-ES","@id":"https:\/\/www.fundacioires.org\/ca\/entrevista-tram-click\/#primaryimage","url":"https:\/\/i0.wp.com\/www.fundacioires.org\/wp-content\/uploads\/PLANTILLA-NOTI-WEB-NOVIEMBRE-2020-11-1.png?fit=1200%2C628&ssl=1","contentUrl":"https:\/\/i0.wp.com\/www.fundacioires.org\/wp-content\/uploads\/PLANTILLA-NOTI-WEB-NOVIEMBRE-2020-11-1.png?fit=1200%2C628&ssl=1","width":1200,"height":628},{"@type":"BreadcrumbList","@id":"https:\/\/www.fundacioires.org\/ca\/entrevista-tram-click\/#breadcrumb","itemListElement":[{"@type":"ListItem","position":1,"name":"Portada","item":"https:\/\/www.fundacioires.org\/"},{"@type":"ListItem","position":2,"name":"\u00abTenia bastants nervis quan veia que la meva fam\u00edlia no anava b\u00e9 econ\u00f2micament\u00bb"}]},{"@type":"WebSite","@id":"https:\/\/www.fundacioires.org\/#website","url":"https:\/\/www.fundacioires.org\/","name":"Fundaci\u00f3 IRES","description":"","publisher":{"@id":"https:\/\/www.fundacioires.org\/#organization"},"potentialAction":[{"@type":"SearchAction","target":{"@type":"EntryPoint","urlTemplate":"https:\/\/www.fundacioires.org\/?s={search_term_string}"},"query-input":{"@type":"PropertyValueSpecification","valueRequired":true,"valueName":"search_term_string"}}],"inLanguage":"ca-ES"},{"@type":"Organization","@id":"https:\/\/www.fundacioires.org\/#organization","name":"Fundanci\u00f3n IRES","url":"https:\/\/www.fundacioires.org\/","logo":{"@type":"ImageObject","inLanguage":"ca-ES","@id":"https:\/\/www.fundacioires.org\/#\/schema\/logo\/image\/","url":"https:\/\/i0.wp.com\/www.fundacioires.org\/wp-content\/uploads\/faviconIRES.png?fit=32%2C32&ssl=1","contentUrl":"https:\/\/i0.wp.com\/www.fundacioires.org\/wp-content\/uploads\/faviconIRES.png?fit=32%2C32&ssl=1","width":32,"height":32,"caption":"Fundanci\u00f3n IRES"},"image":{"@id":"https:\/\/www.fundacioires.org\/#\/schema\/logo\/image\/"}},{"@type":"Person","@id":"https:\/\/www.fundacioires.org\/#\/schema\/person\/160af843c565221ef4664a5c7000791c","name":"Fundaci\u00f3 IRES"}]}},"jetpack_featured_media_url":"https:\/\/i0.wp.com\/www.fundacioires.org\/wp-content\/uploads\/PLANTILLA-NOTI-WEB-NOVIEMBRE-2020-11-1.png?fit=1200%2C628&ssl=1","jetpack_sharing_enabled":true,"_links":{"self":[{"href":"https:\/\/www.fundacioires.org\/ca\/wp-json\/wp\/v2\/posts\/43002","targetHints":{"allow":["GET"]}}],"collection":[{"href":"https:\/\/www.fundacioires.org\/ca\/wp-json\/wp\/v2\/posts"}],"about":[{"href":"https:\/\/www.fundacioires.org\/ca\/wp-json\/wp\/v2\/types\/post"}],"author":[{"embeddable":true,"href":"https:\/\/www.fundacioires.org\/ca\/wp-json\/wp\/v2\/users\/7"}],"replies":[{"embeddable":true,"href":"https:\/\/www.fundacioires.org\/ca\/wp-json\/wp\/v2\/comments?post=43002"}],"version-history":[{"count":1,"href":"https:\/\/www.fundacioires.org\/ca\/wp-json\/wp\/v2\/posts\/43002\/revisions"}],"predecessor-version":[{"id":43007,"href":"https:\/\/www.fundacioires.org\/ca\/wp-json\/wp\/v2\/posts\/43002\/revisions\/43007"}],"wp:featuredmedia":[{"embeddable":true,"href":"https:\/\/www.fundacioires.org\/ca\/wp-json\/wp\/v2\/media\/43008"}],"wp:attachment":[{"href":"https:\/\/www.fundacioires.org\/ca\/wp-json\/wp\/v2\/media?parent=43002"}],"wp:term":[{"taxonomy":"category","embeddable":true,"href":"https:\/\/www.fundacioires.org\/ca\/wp-json\/wp\/v2\/categories?post=43002"},{"taxonomy":"post_tag","embeddable":true,"href":"https:\/\/www.fundacioires.org\/ca\/wp-json\/wp\/v2\/tags?post=43002"}],"curies":[{"name":"wp","href":"https:\/\/api.w.org\/{rel}","templated":true}]}}