{"id":4398,"date":"2019-06-26T13:01:07","date_gmt":"2019-06-26T11:01:07","guid":{"rendered":"http:\/\/www.fundacioires.org\/?p=4398"},"modified":"2019-07-04T11:08:05","modified_gmt":"2019-07-04T09:08:05","slug":"a-traves-de-la-publicitat-es-poden-fer-autentiques-meravelles-amb-finalitats-socials-i-poc-pressupost","status":"publish","type":"post","link":"https:\/\/www.fundacioires.org\/ca\/a-traves-de-la-publicitat-es-poden-fer-autentiques-meravelles-amb-finalitats-socials-i-poc-pressupost\/","title":{"rendered":"&#8220;A trav\u00e9s de la publicitat es poden fer aut\u00e8ntiques meravelles amb finalitats socials i poc pressupost&#8221;"},"content":{"rendered":"\n<p>Entrevistem Paula Estarlich i Judit Ricart, guanyadores de la darrera edici\u00f3 del concurs &#8220;Una rosa per una causa&#8221; que la Fundaci\u00f3 IRES organitza en col\u00b7laboraci\u00f3 amb la Facultat de Comunicaci\u00f3 i Relacions Internacionals de la Universitat Ramon Llull. <\/p>\n\n\n\n<p>Com a part del premi, han pogut assistir al festival publicitari El Sol, celebrat aquest mes de juny a Madrid. Ens expliquen tamb\u00e9 com han viscut aquesta experi\u00e8ncia inspiradora. <\/p>\n\n\n\n<p style=\"color:#1cab8b\" class=\"has-text-color\"><strong>Qu\u00e8 us va inspirar per a dissenyar tota la imatge de la campanya Una rosa per una causa de la Fundaci\u00f3 IRES?<\/strong><\/p>\n\n\n\n<p>B\u00e9, ten\u00edem clar que al tractar-se&nbsp; d\u2019un disseny per un projecte amb molt de rerefons vol\u00edem crear un concepte que tamb\u00e9 tingu\u00e9s rerefons i no fos \u00fanicament est\u00e8tic. Per aix\u00f2, vam empapar-nos del que fa la Fundaci\u00f3 IRES per intentar transmetre la seva missi\u00f3 a trav\u00e9s de la campanya solid\u00e0ria d&#8217;Una rosa per una causa.<\/p>\n\n\n\n<p>Vam treure moltes idees diferents, algunes molt simples i altres massa complexes, per\u00f2 cap que ens sembl\u00e9s la perfecta, fins que mirant una rosa al natural vam veure que si la mir\u00e0vem des de dalt, la forma de la rosa era igual que la d&#8217;un laberint, i la Fundaci\u00f3 IRES s\u2019encarrega de treure les persones dels laberints. <\/p>\n\n\n\n<p style=\"color:#1cab8b\" class=\"has-text-color\"><strong>Quina hist\u00f2ria hi ha darrere del vostre disseny?<\/strong><\/p>\n\n\n\n<p>A trav\u00e9s de la idea base del laberint,\nvam haver de treballar molt per donar-li forma i significat. Ens pens\u00e0vem que\nseria el m\u00e9s senzill per\u00f2 hi havia molta feina darrere, provant dissenys\ndiferents, treballant amb colors, copys, eines de disseny&#8230;<\/p>\n\n\n\n<p>Finalment vam treballar a fons el concepte i vam intentar transmetre el que fa la Fundaci\u00f3 IRES, que \u00e9s ajudar a les persones a sortir del laberint. D&#8217;aqu\u00ed vam treure un copy que era &#8220;Tots els laberints tenen sempre una sortida.&#8221; i un disseny que eren diferents roses dibuixades en l\u00ednia fina com un laberint.<\/p>\n\n\n\n<p>Aquesta va ser la pe\u00e7a que vam presentar al concurs i la que ens va fer guanyar. Despr\u00e9s degut a motius externs vam haver de reconduir la campanya (mantenint la base del nostre concepte) cap a un altre estil, modificant el laberint per &#8220;Fem cr\u00e9ixer la llavor&#8221;, que tamb\u00e9 \u00e9s el que fa la Fundaci\u00f3 IRES.<\/p>\n\n\n\n<p style=\"color:#1cab8b\" class=\"has-text-color\"><strong>Quins aspectes del concurs us han semblat m\u00e9s atractius?<\/strong><\/p>\n\n\n\n<p>Que sigui un projecte real, sens dubte ha estat el m\u00e9s gratificant. Quan veus que la teva campanya ha ajudat a recaptar diners per la fundaci\u00f3 i, per tant, est\u00e0s ajudant a persones amb un simple disseny, veus que l&#8217;esfor\u00e7 ha valgut la pena. A m\u00e9s, veure gent passejant amb la teva caixa el dia de Sant Jordi \u00e9s al\u00b7lucinant.<\/p>\n\n\n\n<p>Tamb\u00e9 cal dir que el premi d&#8217;anar al\nFestival &#8220;El Sol&#8221;, ens motivava molt\u00edssim.<\/p>\n\n\n\n<p style=\"color:#1cab8b\" class=\"has-text-color\"><strong>Amb l\u2019aportaci\u00f3 del vostre disseny entreu a formar part de l\u2019equip de voluntariat d\u2019IRES. Com us heu sentit participant d\u2019aquesta causa solid\u00e0ria?<\/strong><\/p>\n\n\n\n<p>No ens hem sentit estudiants, en el bon sentit de l&#8217;expressi\u00f3. \u00c9s a dir, en tot moment ha estat un projecte real i, per tant, ens hem sentit en total igualtat amb els altres membres de l&#8217;equip IRES. A m\u00e9s, constantment hav\u00edem d&#8217;estar en contacte amb l&#8217;equip per temes de modificacions, etc, i ens hem sentit recolzades. Tamb\u00e9 hi ha hagut alguns moments on havia coses que no sab\u00edem fer, sobretot en temes d&#8217;eines de disseny, i hem tingut l&#8217;ajuda dels professors per qualsevol dubte que tingu\u00e9ssim.<\/p>\n\n\n\n<p style=\"color:#1cab8b\" class=\"has-text-color\"><strong>Animar\u00edeu a altres persones a participar de la campanya \u201cUna rosa per una causa\u201d?<\/strong><\/p>\n\n\n\n<p>Creiem que aquest projecte \u00e9s molt\nnecessari per a entendre, des de la carrera, com funciona el sector i com es\ncrea un projecte des de zero, a partir d&#8217;un concepte.<\/p>\n\n\n\n<p>El projecte ens va motivar molt i per\naix\u00f2, vam estar treballant des del primer minut per a trobar el millor concepte\ni disseny.<\/p>\n\n\n\n<p style=\"color:#1cab8b\" class=\"has-text-color\"><strong>Com a premi del concurs, vau rebre dues entrades per al Festival Iberoamericano de la Comunicaci\u00f3n Publicitaria El Sol de Madrid, considerat el punt de trobada de la creativitat publicit\u00e0ria a nivell internacional a Espanya. Com ha estat l\u2019experi\u00e8ncia? <\/strong><\/p>\n\n\n\n<p>Haver pogut assistir al festival El Sol, a 3er de carrera, ha estat una experi\u00e8ncia molt enriquidora.<\/p>\n\n\n\n<p>Hem tingut el plaer d&#8217;anar a totes les confer\u00e8ncies, de parlar amb professionals del sector i, fins i tot, de fer amics. Ha estat una gran oportunitat per fer contactes i per aprendre de la millor publicitat.<\/p>\n\n\n\n<p>Vam aprendre m\u00e9s en tres dies de festival que en tres anys de\ncarrera, ja que tot el que es va explicar formava part del present i del futur\ni ens ho explicaven els millors dels millors.<\/p>\n\n\n\n<p>Ens sentim molt afortunades d&#8217;haver obtingut aquest premi perqu\u00e8\nvan ser tres dies de pura adrenalina i motivaci\u00f3 per al futur.<\/p>\n\n\n\n<figure class=\"wp-block-image\"><img data-recalc-dims=\"1\" loading=\"lazy\" decoding=\"async\" width=\"1024\" height=\"1024\" src=\"https:\/\/i0.wp.com\/www.fundacioires.org\/wp-content\/uploads\/Untitled-design-1-1024x1024.jpg?resize=1024%2C1024\" alt=\"Guanyadores del concurs Una rosa per una causa al Festival El Sol\" class=\"wp-image-4405\" srcset=\"https:\/\/i0.wp.com\/www.fundacioires.org\/wp-content\/uploads\/Untitled-design-1.jpg?resize=1024%2C1024&amp;ssl=1 1024w, https:\/\/i0.wp.com\/www.fundacioires.org\/wp-content\/uploads\/Untitled-design-1.jpg?resize=150%2C150&amp;ssl=1 150w, https:\/\/i0.wp.com\/www.fundacioires.org\/wp-content\/uploads\/Untitled-design-1.jpg?resize=300%2C300&amp;ssl=1 300w, https:\/\/i0.wp.com\/www.fundacioires.org\/wp-content\/uploads\/Untitled-design-1.jpg?resize=768%2C768&amp;ssl=1 768w, https:\/\/i0.wp.com\/www.fundacioires.org\/wp-content\/uploads\/Untitled-design-1.jpg?resize=120%2C120&amp;ssl=1 120w, https:\/\/i0.wp.com\/www.fundacioires.org\/wp-content\/uploads\/Untitled-design-1.jpg?w=1080&amp;ssl=1 1080w\" sizes=\"(max-width: 1000px) 100vw, 1000px\" \/><\/figure>\n\n\n\n<p style=\"color:#1cab8b\" class=\"has-text-color\"><strong>Qu\u00e8 hi heu apr\u00e8s?<\/strong><\/p>\n\n\n\n<p>Ens vam passar hores veient publicitat perqu\u00e8 es va projectar la bobina del festival de Cannes i, l&#8217;\u00faltim dia, els anuncis guanyadors del Sol. A nosaltres, ens encanta veure publicitat i compartir-la, gaudim fent-ho; i poder -ho veure al Teatro Circo Price a Madrid, envoltades de professionals, va ser incre\u00efble<\/p>\n\n\n\n<p>A les confer\u00e8ncies, vam tenir l&#8217;oportunitat d&#8217;escoltar a grans CEOs de les ag\u00e8ncies m\u00e9s importants del m\u00f3n i, el que m\u00e9s ens va sorprendre, va ser que totes les empreses estan posant el focus en les persones, a aportar confort als consumidors i, sobretot, connectar amb ells amb un bon servei i una molt bona imatge de marca. A m\u00e9s, vam entendre que les empreses estan evolucionant en un terreny poc estable perqu\u00e8 com \u00e9s tan canviant, el futur no es pot predir.<\/p>\n\n\n\n<p>Hem de destacar una confer\u00e8ncia al\u00b7lucinant de Paco Conde,\nfundador d&#8217;Activista LA, qui ens va ensenyar com a trav\u00e9s de la publicitat pots\narribar a salvar i a impactar milers de vides.<\/p>\n\n\n\n<p style=\"color:#1cab8b\" class=\"has-text-color\"><strong>Com us imagineu o com voldr\u00edeu contribuir en el futur de la publicitat com a professionals?<\/strong><\/p>\n\n\n\n<p>En un futur, ens encantaria poder fer publicitat per a accions socials, ja que gr\u00e0cies a haver assistit a El Sol, ens hem adonat que a trav\u00e9s de la publicitat, es poden fer aut\u00e8ntiques meravelles amb finalitats socials i poc pressupost. Creiem que un dels avantatges de treballar en un futur en el sector \u00e9s poder canviar els costums i h\u00e0bits de les persones a trav\u00e9s d&#8217;una bona campanya.<\/p>\n","protected":false},"excerpt":{"rendered":"<p>Entrevistem les guanyadores del concurs &#8220;Una rosa per una causa&#8221; 2019, Paula Estarlich i Judit Ricart. <\/p>\n","protected":false},"author":7,"featured_media":4399,"comment_status":"closed","ping_status":"open","sticky":false,"template":"","format":"standard","meta":{"_jetpack_memberships_contains_paid_content":false,"footnotes":""},"categories":[24],"tags":[],"class_list":["post-4398","post","type-post","status-publish","format-standard","has-post-thumbnail","hentry","category-campanyes-de-captacio-i-sensibilitzacio"],"yoast_head":"<!-- This site is optimized with the Yoast SEO plugin v27.4 - https:\/\/yoast.com\/product\/yoast-seo-wordpress\/ -->\n<title>&quot;A trav\u00e9s de la publicitat es poden fer aut\u00e8ntiques meravelles amb finalitats socials i poc pressupost&quot; - Fundaci\u00f3 IRES<\/title>\n<meta name=\"robots\" content=\"index, follow, max-snippet:-1, max-image-preview:large, max-video-preview:-1\" \/>\n<link rel=\"canonical\" href=\"https:\/\/www.fundacioires.org\/ca\/a-traves-de-la-publicitat-es-poden-fer-autentiques-meravelles-amb-finalitats-socials-i-poc-pressupost\/\" \/>\n<meta property=\"og:locale\" content=\"ca_ES\" \/>\n<meta property=\"og:type\" content=\"article\" \/>\n<meta property=\"og:title\" content=\"&quot;A trav\u00e9s de la publicitat es poden fer aut\u00e8ntiques meravelles amb finalitats socials i poc pressupost&quot; - Fundaci\u00f3 IRES\" \/>\n<meta property=\"og:description\" content=\"Entrevistem les guanyadores del concurs &quot;Una rosa per una causa&quot; 2019, Paula Estarlich i Judit Ricart.\" \/>\n<meta property=\"og:url\" content=\"https:\/\/www.fundacioires.org\/ca\/a-traves-de-la-publicitat-es-poden-fer-autentiques-meravelles-amb-finalitats-socials-i-poc-pressupost\/\" \/>\n<meta property=\"og:site_name\" content=\"Fundaci\u00f3 IRES\" \/>\n<meta property=\"article:published_time\" content=\"2019-06-26T11:01:07+00:00\" \/>\n<meta property=\"article:modified_time\" content=\"2019-07-04T09:08:05+00:00\" \/>\n<meta property=\"og:image\" content=\"https:\/\/i0.wp.com\/www.fundacioires.org\/wp-content\/uploads\/Plantilla-Noticies-WEB-1.png?fit=1200%2C628&ssl=1\" \/>\n\t<meta property=\"og:image:width\" content=\"1200\" \/>\n\t<meta property=\"og:image:height\" content=\"628\" \/>\n\t<meta property=\"og:image:type\" content=\"image\/png\" \/>\n<meta name=\"author\" content=\"Fundaci\u00f3 IRES\" \/>\n<meta name=\"twitter:card\" content=\"summary_large_image\" \/>\n<meta name=\"twitter:label1\" content=\"Written by\" \/>\n\t<meta name=\"twitter:data1\" content=\"Fundaci\u00f3 IRES\" \/>\n\t<meta name=\"twitter:label2\" content=\"Est. reading time\" \/>\n\t<meta name=\"twitter:data2\" content=\"5 minutes\" \/>\n<script type=\"application\/ld+json\" class=\"yoast-schema-graph\">{\"@context\":\"https:\\\/\\\/schema.org\",\"@graph\":[{\"@type\":\"Article\",\"@id\":\"https:\\\/\\\/www.fundacioires.org\\\/ca\\\/a-traves-de-la-publicitat-es-poden-fer-autentiques-meravelles-amb-finalitats-socials-i-poc-pressupost\\\/#article\",\"isPartOf\":{\"@id\":\"https:\\\/\\\/www.fundacioires.org\\\/ca\\\/a-traves-de-la-publicitat-es-poden-fer-autentiques-meravelles-amb-finalitats-socials-i-poc-pressupost\\\/\"},\"author\":{\"name\":\"Fundaci\u00f3 IRES\",\"@id\":\"https:\\\/\\\/www.fundacioires.org\\\/#\\\/schema\\\/person\\\/160af843c565221ef4664a5c7000791c\"},\"headline\":\"&#8220;A trav\u00e9s de la publicitat es poden fer aut\u00e8ntiques meravelles amb finalitats socials i poc pressupost&#8221;\",\"datePublished\":\"2019-06-26T11:01:07+00:00\",\"dateModified\":\"2019-07-04T09:08:05+00:00\",\"mainEntityOfPage\":{\"@id\":\"https:\\\/\\\/www.fundacioires.org\\\/ca\\\/a-traves-de-la-publicitat-es-poden-fer-autentiques-meravelles-amb-finalitats-socials-i-poc-pressupost\\\/\"},\"wordCount\":1125,\"publisher\":{\"@id\":\"https:\\\/\\\/www.fundacioires.org\\\/#organization\"},\"image\":{\"@id\":\"https:\\\/\\\/www.fundacioires.org\\\/ca\\\/a-traves-de-la-publicitat-es-poden-fer-autentiques-meravelles-amb-finalitats-socials-i-poc-pressupost\\\/#primaryimage\"},\"thumbnailUrl\":\"https:\\\/\\\/i0.wp.com\\\/www.fundacioires.org\\\/wp-content\\\/uploads\\\/Plantilla-Noticies-WEB-1.png?fit=1200%2C628&ssl=1\",\"articleSection\":[\"Campanyes de captaci\u00f3 i sensibilitzaci\u00f3\"],\"inLanguage\":\"ca-ES\"},{\"@type\":\"WebPage\",\"@id\":\"https:\\\/\\\/www.fundacioires.org\\\/ca\\\/a-traves-de-la-publicitat-es-poden-fer-autentiques-meravelles-amb-finalitats-socials-i-poc-pressupost\\\/\",\"url\":\"https:\\\/\\\/www.fundacioires.org\\\/ca\\\/a-traves-de-la-publicitat-es-poden-fer-autentiques-meravelles-amb-finalitats-socials-i-poc-pressupost\\\/\",\"name\":\"\\\"A trav\u00e9s de la publicitat es poden fer aut\u00e8ntiques meravelles amb finalitats socials i poc pressupost\\\" - Fundaci\u00f3 IRES\",\"isPartOf\":{\"@id\":\"https:\\\/\\\/www.fundacioires.org\\\/#website\"},\"primaryImageOfPage\":{\"@id\":\"https:\\\/\\\/www.fundacioires.org\\\/ca\\\/a-traves-de-la-publicitat-es-poden-fer-autentiques-meravelles-amb-finalitats-socials-i-poc-pressupost\\\/#primaryimage\"},\"image\":{\"@id\":\"https:\\\/\\\/www.fundacioires.org\\\/ca\\\/a-traves-de-la-publicitat-es-poden-fer-autentiques-meravelles-amb-finalitats-socials-i-poc-pressupost\\\/#primaryimage\"},\"thumbnailUrl\":\"https:\\\/\\\/i0.wp.com\\\/www.fundacioires.org\\\/wp-content\\\/uploads\\\/Plantilla-Noticies-WEB-1.png?fit=1200%2C628&ssl=1\",\"datePublished\":\"2019-06-26T11:01:07+00:00\",\"dateModified\":\"2019-07-04T09:08:05+00:00\",\"breadcrumb\":{\"@id\":\"https:\\\/\\\/www.fundacioires.org\\\/ca\\\/a-traves-de-la-publicitat-es-poden-fer-autentiques-meravelles-amb-finalitats-socials-i-poc-pressupost\\\/#breadcrumb\"},\"inLanguage\":\"ca-ES\",\"potentialAction\":[{\"@type\":\"ReadAction\",\"target\":[\"https:\\\/\\\/www.fundacioires.org\\\/ca\\\/a-traves-de-la-publicitat-es-poden-fer-autentiques-meravelles-amb-finalitats-socials-i-poc-pressupost\\\/\"]}]},{\"@type\":\"ImageObject\",\"inLanguage\":\"ca-ES\",\"@id\":\"https:\\\/\\\/www.fundacioires.org\\\/ca\\\/a-traves-de-la-publicitat-es-poden-fer-autentiques-meravelles-amb-finalitats-socials-i-poc-pressupost\\\/#primaryimage\",\"url\":\"https:\\\/\\\/i0.wp.com\\\/www.fundacioires.org\\\/wp-content\\\/uploads\\\/Plantilla-Noticies-WEB-1.png?fit=1200%2C628&ssl=1\",\"contentUrl\":\"https:\\\/\\\/i0.wp.com\\\/www.fundacioires.org\\\/wp-content\\\/uploads\\\/Plantilla-Noticies-WEB-1.png?fit=1200%2C628&ssl=1\",\"width\":1200,\"height\":628,\"caption\":\"Guanyadores d'Una rosa per una Causa 2019\"},{\"@type\":\"BreadcrumbList\",\"@id\":\"https:\\\/\\\/www.fundacioires.org\\\/ca\\\/a-traves-de-la-publicitat-es-poden-fer-autentiques-meravelles-amb-finalitats-socials-i-poc-pressupost\\\/#breadcrumb\",\"itemListElement\":[{\"@type\":\"ListItem\",\"position\":1,\"name\":\"Portada\",\"item\":\"https:\\\/\\\/www.fundacioires.org\\\/\"},{\"@type\":\"ListItem\",\"position\":2,\"name\":\"&#8220;A trav\u00e9s de la publicitat es poden fer aut\u00e8ntiques meravelles amb finalitats socials i poc pressupost&#8221;\"}]},{\"@type\":\"WebSite\",\"@id\":\"https:\\\/\\\/www.fundacioires.org\\\/#website\",\"url\":\"https:\\\/\\\/www.fundacioires.org\\\/\",\"name\":\"Fundaci\u00f3 IRES\",\"description\":\"\",\"publisher\":{\"@id\":\"https:\\\/\\\/www.fundacioires.org\\\/#organization\"},\"potentialAction\":[{\"@type\":\"SearchAction\",\"target\":{\"@type\":\"EntryPoint\",\"urlTemplate\":\"https:\\\/\\\/www.fundacioires.org\\\/?s={search_term_string}\"},\"query-input\":{\"@type\":\"PropertyValueSpecification\",\"valueRequired\":true,\"valueName\":\"search_term_string\"}}],\"inLanguage\":\"ca-ES\"},{\"@type\":\"Organization\",\"@id\":\"https:\\\/\\\/www.fundacioires.org\\\/#organization\",\"name\":\"Fundanci\u00f3n IRES\",\"url\":\"https:\\\/\\\/www.fundacioires.org\\\/\",\"logo\":{\"@type\":\"ImageObject\",\"inLanguage\":\"ca-ES\",\"@id\":\"https:\\\/\\\/www.fundacioires.org\\\/#\\\/schema\\\/logo\\\/image\\\/\",\"url\":\"https:\\\/\\\/i0.wp.com\\\/www.fundacioires.org\\\/wp-content\\\/uploads\\\/faviconIRES.png?fit=32%2C32&ssl=1\",\"contentUrl\":\"https:\\\/\\\/i0.wp.com\\\/www.fundacioires.org\\\/wp-content\\\/uploads\\\/faviconIRES.png?fit=32%2C32&ssl=1\",\"width\":32,\"height\":32,\"caption\":\"Fundanci\u00f3n IRES\"},\"image\":{\"@id\":\"https:\\\/\\\/www.fundacioires.org\\\/#\\\/schema\\\/logo\\\/image\\\/\"}},{\"@type\":\"Person\",\"@id\":\"https:\\\/\\\/www.fundacioires.org\\\/#\\\/schema\\\/person\\\/160af843c565221ef4664a5c7000791c\",\"name\":\"Fundaci\u00f3 IRES\"}]}<\/script>\n<!-- \/ Yoast SEO plugin. -->","yoast_head_json":{"title":"\"A trav\u00e9s de la publicitat es poden fer aut\u00e8ntiques meravelles amb finalitats socials i poc pressupost\" - Fundaci\u00f3 IRES","robots":{"index":"index","follow":"follow","max-snippet":"max-snippet:-1","max-image-preview":"max-image-preview:large","max-video-preview":"max-video-preview:-1"},"canonical":"https:\/\/www.fundacioires.org\/ca\/a-traves-de-la-publicitat-es-poden-fer-autentiques-meravelles-amb-finalitats-socials-i-poc-pressupost\/","og_locale":"ca_ES","og_type":"article","og_title":"\"A trav\u00e9s de la publicitat es poden fer aut\u00e8ntiques meravelles amb finalitats socials i poc pressupost\" - Fundaci\u00f3 IRES","og_description":"Entrevistem les guanyadores del concurs \"Una rosa per una causa\" 2019, Paula Estarlich i Judit Ricart.","og_url":"https:\/\/www.fundacioires.org\/ca\/a-traves-de-la-publicitat-es-poden-fer-autentiques-meravelles-amb-finalitats-socials-i-poc-pressupost\/","og_site_name":"Fundaci\u00f3 IRES","article_published_time":"2019-06-26T11:01:07+00:00","article_modified_time":"2019-07-04T09:08:05+00:00","og_image":[{"width":1200,"height":628,"url":"https:\/\/i0.wp.com\/www.fundacioires.org\/wp-content\/uploads\/Plantilla-Noticies-WEB-1.png?fit=1200%2C628&ssl=1","type":"image\/png"}],"author":"Fundaci\u00f3 IRES","twitter_card":"summary_large_image","twitter_misc":{"Written by":"Fundaci\u00f3 IRES","Est. reading time":"5 minutes"},"schema":{"@context":"https:\/\/schema.org","@graph":[{"@type":"Article","@id":"https:\/\/www.fundacioires.org\/ca\/a-traves-de-la-publicitat-es-poden-fer-autentiques-meravelles-amb-finalitats-socials-i-poc-pressupost\/#article","isPartOf":{"@id":"https:\/\/www.fundacioires.org\/ca\/a-traves-de-la-publicitat-es-poden-fer-autentiques-meravelles-amb-finalitats-socials-i-poc-pressupost\/"},"author":{"name":"Fundaci\u00f3 IRES","@id":"https:\/\/www.fundacioires.org\/#\/schema\/person\/160af843c565221ef4664a5c7000791c"},"headline":"&#8220;A trav\u00e9s de la publicitat es poden fer aut\u00e8ntiques meravelles amb finalitats socials i poc pressupost&#8221;","datePublished":"2019-06-26T11:01:07+00:00","dateModified":"2019-07-04T09:08:05+00:00","mainEntityOfPage":{"@id":"https:\/\/www.fundacioires.org\/ca\/a-traves-de-la-publicitat-es-poden-fer-autentiques-meravelles-amb-finalitats-socials-i-poc-pressupost\/"},"wordCount":1125,"publisher":{"@id":"https:\/\/www.fundacioires.org\/#organization"},"image":{"@id":"https:\/\/www.fundacioires.org\/ca\/a-traves-de-la-publicitat-es-poden-fer-autentiques-meravelles-amb-finalitats-socials-i-poc-pressupost\/#primaryimage"},"thumbnailUrl":"https:\/\/i0.wp.com\/www.fundacioires.org\/wp-content\/uploads\/Plantilla-Noticies-WEB-1.png?fit=1200%2C628&ssl=1","articleSection":["Campanyes de captaci\u00f3 i sensibilitzaci\u00f3"],"inLanguage":"ca-ES"},{"@type":"WebPage","@id":"https:\/\/www.fundacioires.org\/ca\/a-traves-de-la-publicitat-es-poden-fer-autentiques-meravelles-amb-finalitats-socials-i-poc-pressupost\/","url":"https:\/\/www.fundacioires.org\/ca\/a-traves-de-la-publicitat-es-poden-fer-autentiques-meravelles-amb-finalitats-socials-i-poc-pressupost\/","name":"\"A trav\u00e9s de la publicitat es poden fer aut\u00e8ntiques meravelles amb finalitats socials i poc pressupost\" - Fundaci\u00f3 IRES","isPartOf":{"@id":"https:\/\/www.fundacioires.org\/#website"},"primaryImageOfPage":{"@id":"https:\/\/www.fundacioires.org\/ca\/a-traves-de-la-publicitat-es-poden-fer-autentiques-meravelles-amb-finalitats-socials-i-poc-pressupost\/#primaryimage"},"image":{"@id":"https:\/\/www.fundacioires.org\/ca\/a-traves-de-la-publicitat-es-poden-fer-autentiques-meravelles-amb-finalitats-socials-i-poc-pressupost\/#primaryimage"},"thumbnailUrl":"https:\/\/i0.wp.com\/www.fundacioires.org\/wp-content\/uploads\/Plantilla-Noticies-WEB-1.png?fit=1200%2C628&ssl=1","datePublished":"2019-06-26T11:01:07+00:00","dateModified":"2019-07-04T09:08:05+00:00","breadcrumb":{"@id":"https:\/\/www.fundacioires.org\/ca\/a-traves-de-la-publicitat-es-poden-fer-autentiques-meravelles-amb-finalitats-socials-i-poc-pressupost\/#breadcrumb"},"inLanguage":"ca-ES","potentialAction":[{"@type":"ReadAction","target":["https:\/\/www.fundacioires.org\/ca\/a-traves-de-la-publicitat-es-poden-fer-autentiques-meravelles-amb-finalitats-socials-i-poc-pressupost\/"]}]},{"@type":"ImageObject","inLanguage":"ca-ES","@id":"https:\/\/www.fundacioires.org\/ca\/a-traves-de-la-publicitat-es-poden-fer-autentiques-meravelles-amb-finalitats-socials-i-poc-pressupost\/#primaryimage","url":"https:\/\/i0.wp.com\/www.fundacioires.org\/wp-content\/uploads\/Plantilla-Noticies-WEB-1.png?fit=1200%2C628&ssl=1","contentUrl":"https:\/\/i0.wp.com\/www.fundacioires.org\/wp-content\/uploads\/Plantilla-Noticies-WEB-1.png?fit=1200%2C628&ssl=1","width":1200,"height":628,"caption":"Guanyadores d'Una rosa per una Causa 2019"},{"@type":"BreadcrumbList","@id":"https:\/\/www.fundacioires.org\/ca\/a-traves-de-la-publicitat-es-poden-fer-autentiques-meravelles-amb-finalitats-socials-i-poc-pressupost\/#breadcrumb","itemListElement":[{"@type":"ListItem","position":1,"name":"Portada","item":"https:\/\/www.fundacioires.org\/"},{"@type":"ListItem","position":2,"name":"&#8220;A trav\u00e9s de la publicitat es poden fer aut\u00e8ntiques meravelles amb finalitats socials i poc pressupost&#8221;"}]},{"@type":"WebSite","@id":"https:\/\/www.fundacioires.org\/#website","url":"https:\/\/www.fundacioires.org\/","name":"Fundaci\u00f3 IRES","description":"","publisher":{"@id":"https:\/\/www.fundacioires.org\/#organization"},"potentialAction":[{"@type":"SearchAction","target":{"@type":"EntryPoint","urlTemplate":"https:\/\/www.fundacioires.org\/?s={search_term_string}"},"query-input":{"@type":"PropertyValueSpecification","valueRequired":true,"valueName":"search_term_string"}}],"inLanguage":"ca-ES"},{"@type":"Organization","@id":"https:\/\/www.fundacioires.org\/#organization","name":"Fundanci\u00f3n IRES","url":"https:\/\/www.fundacioires.org\/","logo":{"@type":"ImageObject","inLanguage":"ca-ES","@id":"https:\/\/www.fundacioires.org\/#\/schema\/logo\/image\/","url":"https:\/\/i0.wp.com\/www.fundacioires.org\/wp-content\/uploads\/faviconIRES.png?fit=32%2C32&ssl=1","contentUrl":"https:\/\/i0.wp.com\/www.fundacioires.org\/wp-content\/uploads\/faviconIRES.png?fit=32%2C32&ssl=1","width":32,"height":32,"caption":"Fundanci\u00f3n IRES"},"image":{"@id":"https:\/\/www.fundacioires.org\/#\/schema\/logo\/image\/"}},{"@type":"Person","@id":"https:\/\/www.fundacioires.org\/#\/schema\/person\/160af843c565221ef4664a5c7000791c","name":"Fundaci\u00f3 IRES"}]}},"jetpack_featured_media_url":"https:\/\/i0.wp.com\/www.fundacioires.org\/wp-content\/uploads\/Plantilla-Noticies-WEB-1.png?fit=1200%2C628&ssl=1","jetpack_sharing_enabled":true,"_links":{"self":[{"href":"https:\/\/www.fundacioires.org\/ca\/wp-json\/wp\/v2\/posts\/4398","targetHints":{"allow":["GET"]}}],"collection":[{"href":"https:\/\/www.fundacioires.org\/ca\/wp-json\/wp\/v2\/posts"}],"about":[{"href":"https:\/\/www.fundacioires.org\/ca\/wp-json\/wp\/v2\/types\/post"}],"author":[{"embeddable":true,"href":"https:\/\/www.fundacioires.org\/ca\/wp-json\/wp\/v2\/users\/7"}],"replies":[{"embeddable":true,"href":"https:\/\/www.fundacioires.org\/ca\/wp-json\/wp\/v2\/comments?post=4398"}],"version-history":[{"count":4,"href":"https:\/\/www.fundacioires.org\/ca\/wp-json\/wp\/v2\/posts\/4398\/revisions"}],"predecessor-version":[{"id":4409,"href":"https:\/\/www.fundacioires.org\/ca\/wp-json\/wp\/v2\/posts\/4398\/revisions\/4409"}],"wp:featuredmedia":[{"embeddable":true,"href":"https:\/\/www.fundacioires.org\/ca\/wp-json\/wp\/v2\/media\/4399"}],"wp:attachment":[{"href":"https:\/\/www.fundacioires.org\/ca\/wp-json\/wp\/v2\/media?parent=4398"}],"wp:term":[{"taxonomy":"category","embeddable":true,"href":"https:\/\/www.fundacioires.org\/ca\/wp-json\/wp\/v2\/categories?post=4398"},{"taxonomy":"post_tag","embeddable":true,"href":"https:\/\/www.fundacioires.org\/ca\/wp-json\/wp\/v2\/tags?post=4398"}],"curies":[{"name":"wp","href":"https:\/\/api.w.org\/{rel}","templated":true}]}}