{"id":44439,"date":"2022-09-14T22:31:46","date_gmt":"2022-09-14T20:31:46","guid":{"rendered":"https:\/\/www.fundacioires.org\/?p=44439"},"modified":"2022-09-14T22:49:41","modified_gmt":"2022-09-14T20:49:41","slug":"60-nens-i-nenes-gaudeixen-de-les-activitats-destiu-del-casal-en-familia","status":"publish","type":"post","link":"https:\/\/www.fundacioires.org\/ca\/60-nens-i-nenes-gaudeixen-de-les-activitats-destiu-del-casal-en-familia\/","title":{"rendered":"60 nens i nenes gaudeixen de les activitats d\u2019estiu del Casal en Fam\u00edlia"},"content":{"rendered":"\n<p>L\u2019estiu \u00e9s una \u00e8poca de diversi\u00f3 i descans per a moltes fam\u00edlies. Per\u00f2, per aquelles que per falta de recursos, no poden oferir als seus fills i filles, propostes d\u2019oci educatiu \u00e9s un moment dif\u00edcil.<\/p>\n\n\n\n<p>Per atendre aquesta necessitat, impulsem&nbsp;<strong>el Casal d\u2019estiu<\/strong>, un espai de trobada vinculat al programa del&nbsp;<a href=\"https:\/\/www.fundacioires.org\/ca\/que-fem\/ecosistema-de-projectes\/projecte-casal-en-familia\/\">Casal en Fam\u00edlia<\/a> que promou el desenvolupament emocional i social dels infants a trav\u00e9s del joc, el temps lliure i la vida comunit\u00e0ria.&nbsp;<\/p>\n\n\n\n<p>Enguany, m\u00e9s de <strong>60 nens i nenes<\/strong> han gaudit del Casal d\u2019Estiu on han pogut fer noves amistats, crear vincles i, sobretot, viure unes vacances inoblidables. A trav\u00e9s del servei s\u2019han ofert diferents propostes de lleure i sortides a alguns espais de la ciutat i rodalies.<\/p>\n\n\n\n<p>Durant aquestes vacances els infants han participat en tallers de pintar samarretes, cuina saludable amb fruita i van fer sortides al <strong>Tibidabo<\/strong>, l&#8217;<strong>Illa Fantasia<\/strong>, diferents <strong>parcs i jardins de Barcelona<\/strong> i el <strong>Camp Nou<\/strong>!<\/p>\n\n\n\n<div class=\"wp-block-jetpack-slideshow aligncenter\" data-effect=\"slide\"><div class=\"wp-block-jetpack-slideshow_container swiper-container\"><ul class=\"wp-block-jetpack-slideshow_swiper-wrapper swiper-wrapper\"><li class=\"wp-block-jetpack-slideshow_slide swiper-slide\"><figure><img data-recalc-dims=\"1\" loading=\"lazy\" decoding=\"async\" width=\"1024\" height=\"536\" alt=\"\" class=\"wp-block-jetpack-slideshow_image wp-image-44501\" data-id=\"44501\" src=\"https:\/\/i0.wp.com\/www.fundacioires.org\/wp-content\/uploads\/PLANTILLA-NOTI-WEB-NOVIEMBRE-2020-16-2.png?resize=1024%2C536&#038;ssl=1\" srcset=\"https:\/\/i0.wp.com\/www.fundacioires.org\/wp-content\/uploads\/PLANTILLA-NOTI-WEB-NOVIEMBRE-2020-16-2.png?resize=1024%2C536&amp;ssl=1 1024w, https:\/\/i0.wp.com\/www.fundacioires.org\/wp-content\/uploads\/PLANTILLA-NOTI-WEB-NOVIEMBRE-2020-16-2.png?resize=300%2C157&amp;ssl=1 300w, https:\/\/i0.wp.com\/www.fundacioires.org\/wp-content\/uploads\/PLANTILLA-NOTI-WEB-NOVIEMBRE-2020-16-2.png?resize=768%2C402&amp;ssl=1 768w, https:\/\/i0.wp.com\/www.fundacioires.org\/wp-content\/uploads\/PLANTILLA-NOTI-WEB-NOVIEMBRE-2020-16-2.png?w=1200&amp;ssl=1 1200w\" sizes=\"(max-width: 1000px) 100vw, 1000px\" \/><\/figure><\/li><li class=\"wp-block-jetpack-slideshow_slide swiper-slide\"><figure><img data-recalc-dims=\"1\" loading=\"lazy\" decoding=\"async\" width=\"1024\" height=\"536\" alt=\"\" class=\"wp-block-jetpack-slideshow_image wp-image-44497\" data-id=\"44497\" src=\"https:\/\/i0.wp.com\/www.fundacioires.org\/wp-content\/uploads\/PLANTILLA-NOTI-WEB-NOVIEMBRE-2020-15-3.png?resize=1024%2C536&#038;ssl=1\" srcset=\"https:\/\/i0.wp.com\/www.fundacioires.org\/wp-content\/uploads\/PLANTILLA-NOTI-WEB-NOVIEMBRE-2020-15-3.png?resize=1024%2C536&amp;ssl=1 1024w, https:\/\/i0.wp.com\/www.fundacioires.org\/wp-content\/uploads\/PLANTILLA-NOTI-WEB-NOVIEMBRE-2020-15-3.png?resize=300%2C157&amp;ssl=1 300w, https:\/\/i0.wp.com\/www.fundacioires.org\/wp-content\/uploads\/PLANTILLA-NOTI-WEB-NOVIEMBRE-2020-15-3.png?resize=768%2C402&amp;ssl=1 768w, https:\/\/i0.wp.com\/www.fundacioires.org\/wp-content\/uploads\/PLANTILLA-NOTI-WEB-NOVIEMBRE-2020-15-3.png?w=1200&amp;ssl=1 1200w\" sizes=\"(max-width: 1000px) 100vw, 1000px\" \/><\/figure><\/li><li class=\"wp-block-jetpack-slideshow_slide swiper-slide\"><figure><img data-recalc-dims=\"1\" loading=\"lazy\" decoding=\"async\" width=\"1024\" height=\"536\" alt=\"\" class=\"wp-block-jetpack-slideshow_image wp-image-44499\" data-id=\"44499\" src=\"https:\/\/i0.wp.com\/www.fundacioires.org\/wp-content\/uploads\/PLANTILLA-NOTI-WEB-NOVIEMBRE-2020-17-2.png?resize=1024%2C536&#038;ssl=1\" srcset=\"https:\/\/i0.wp.com\/www.fundacioires.org\/wp-content\/uploads\/PLANTILLA-NOTI-WEB-NOVIEMBRE-2020-17-2.png?resize=1024%2C536&amp;ssl=1 1024w, https:\/\/i0.wp.com\/www.fundacioires.org\/wp-content\/uploads\/PLANTILLA-NOTI-WEB-NOVIEMBRE-2020-17-2.png?resize=300%2C157&amp;ssl=1 300w, https:\/\/i0.wp.com\/www.fundacioires.org\/wp-content\/uploads\/PLANTILLA-NOTI-WEB-NOVIEMBRE-2020-17-2.png?resize=768%2C402&amp;ssl=1 768w, https:\/\/i0.wp.com\/www.fundacioires.org\/wp-content\/uploads\/PLANTILLA-NOTI-WEB-NOVIEMBRE-2020-17-2.png?w=1200&amp;ssl=1 1200w\" sizes=\"(max-width: 1000px) 100vw, 1000px\" \/><\/figure><\/li><li class=\"wp-block-jetpack-slideshow_slide swiper-slide\"><figure><img data-recalc-dims=\"1\" loading=\"lazy\" decoding=\"async\" width=\"1024\" height=\"536\" alt=\"\" class=\"wp-block-jetpack-slideshow_image wp-image-44503\" data-id=\"44503\" src=\"https:\/\/i0.wp.com\/www.fundacioires.org\/wp-content\/uploads\/PLANTILLA-NOTI-WEB-NOVIEMBRE-2020-18-1.png?resize=1024%2C536&#038;ssl=1\" srcset=\"https:\/\/i0.wp.com\/www.fundacioires.org\/wp-content\/uploads\/PLANTILLA-NOTI-WEB-NOVIEMBRE-2020-18-1.png?resize=1024%2C536&amp;ssl=1 1024w, https:\/\/i0.wp.com\/www.fundacioires.org\/wp-content\/uploads\/PLANTILLA-NOTI-WEB-NOVIEMBRE-2020-18-1.png?resize=300%2C157&amp;ssl=1 300w, https:\/\/i0.wp.com\/www.fundacioires.org\/wp-content\/uploads\/PLANTILLA-NOTI-WEB-NOVIEMBRE-2020-18-1.png?resize=768%2C402&amp;ssl=1 768w, https:\/\/i0.wp.com\/www.fundacioires.org\/wp-content\/uploads\/PLANTILLA-NOTI-WEB-NOVIEMBRE-2020-18-1.png?w=1200&amp;ssl=1 1200w\" sizes=\"(max-width: 1000px) 100vw, 1000px\" \/><\/figure><\/li><\/ul><a class=\"wp-block-jetpack-slideshow_button-prev swiper-button-prev swiper-button-white\" role=\"button\"><\/a><a class=\"wp-block-jetpack-slideshow_button-next swiper-button-next swiper-button-white\" role=\"button\"><\/a><a aria-label=\"Pause Slideshow\" class=\"wp-block-jetpack-slideshow_button-pause\" role=\"button\"><\/a><div class=\"wp-block-jetpack-slideshow_pagination swiper-pagination swiper-pagination-white\"><\/div><\/div><\/div>\n\n\n\n<p>La calor ha portat als i les participants a buscar, tamb\u00e9, moments per refrescar-se gr\u00e0cies a petites escapades a la platja i a la piscina.<\/p>\n\n\n\n<p>Tant per als infants com per als educadors i educadores aquestes vacances <strong>s\u2019han fet curtes<\/strong>, per\u00f2 ja estan pensant en les seg\u00fcents! De cara al pr\u00f2xim any es vol oferir activitats en altres espais que encara no hagin pogut con\u00e8ixer i ampliar la seva experi\u00e8ncia en el Casal d\u2019Estiu, ja que per als nens i nenes les setmanes compartides suposen una bona dosi d<strong>\u2019alegria i de conviv\u00e8ncia <\/strong>molt positiva.<\/p>\n\n\n\n<p>Aquest estiu ha estat possible gr\u00e0cies al suport i finan\u00e7ament del programa <strong>Caixa Proinf\u00e0ncia<\/strong> de <strong>La Fundaci\u00f3 la Caixa, el Programa Educaci\u00f3 per la Inf\u00e0ncia dels Establiments Viena, <\/strong>i les activitats del Tibidabo i l\u2019Illa Fantasia s\u2019han finan\u00e7at gr\u00e0cies a les aportacions dels clients i clientes dels Establiments Viena per la campanya d\u2019arrodoniment solidari \u201cC\u00e8ntim a C\u00e8ntim, cap infant enrere\u201d destinats al programa Educaci\u00f3 per la Inf\u00e0ncia.<\/p>\n\n\n\n<div class=\"wp-block-buttons is-layout-flex wp-block-buttons-is-layout-flex\">\n<div class=\"wp-block-button aligncenter is-style-fill\"><a class=\"wp-block-button__link has-background\" href=\"https:\/\/www.fundacioires.org\/ca\/donacions\/\" style=\"background-color:#02a468\">Ajuda&#8217;ns a seguir!<\/a><\/div>\n<\/div>\n","protected":false},"excerpt":{"rendered":"<p>El Casal d\u2019Estiu de Barcelona ha acollit diferents propostes per garantir el dret a l\u2019oci educatiu dels infants i les seves fam\u00edlies. <\/p>\n","protected":false},"author":7,"featured_media":44503,"comment_status":"closed","ping_status":"open","sticky":false,"template":"","format":"standard","meta":{"_jetpack_memberships_contains_paid_content":false,"footnotes":""},"categories":[19],"tags":[42],"class_list":["post-44439","post","type-post","status-publish","format-standard","has-post-thumbnail","hentry","category-ires-blog","tag-casal-en-familia-ca"],"yoast_head":"<!-- This site is optimized with the Yoast SEO plugin v27.4 - https:\/\/yoast.com\/product\/yoast-seo-wordpress\/ -->\n<title>60 nens i nenes gaudeixen del Casal d&#039;Estiu<\/title>\n<meta name=\"description\" content=\"El Casal d\u2019Estiu de Barcelona ha acollit diferents propostes per garantir el dret a l\u2019oci educatiu dels infants i les seves fam\u00edlies.\" \/>\n<meta name=\"robots\" content=\"index, follow, max-snippet:-1, max-image-preview:large, max-video-preview:-1\" \/>\n<link rel=\"canonical\" href=\"https:\/\/www.fundacioires.org\/ca\/60-nens-i-nenes-gaudeixen-de-les-activitats-destiu-del-casal-en-familia\/\" \/>\n<meta property=\"og:locale\" content=\"ca_ES\" \/>\n<meta property=\"og:type\" content=\"article\" \/>\n<meta property=\"og:title\" content=\"60 nens i nenes gaudeixen del Casal d&#039;Estiu\" \/>\n<meta property=\"og:description\" content=\"El Casal d\u2019Estiu de Barcelona ha acollit diferents propostes per garantir el dret a l\u2019oci educatiu dels infants i les seves fam\u00edlies.\" \/>\n<meta property=\"og:url\" content=\"https:\/\/www.fundacioires.org\/ca\/60-nens-i-nenes-gaudeixen-de-les-activitats-destiu-del-casal-en-familia\/\" \/>\n<meta property=\"og:site_name\" content=\"Fundaci\u00f3 IRES\" \/>\n<meta property=\"article:published_time\" content=\"2022-09-14T20:31:46+00:00\" \/>\n<meta property=\"article:modified_time\" content=\"2022-09-14T20:49:41+00:00\" \/>\n<meta property=\"og:image\" content=\"https:\/\/www.fundacioires.org\/wp-content\/uploads\/PLANTILLA-NOTI-WEB-NOVIEMBRE-2020-18-1.png\" \/>\n\t<meta property=\"og:image:width\" content=\"1200\" \/>\n\t<meta property=\"og:image:height\" content=\"628\" \/>\n\t<meta property=\"og:image:type\" content=\"image\/png\" \/>\n<meta name=\"author\" content=\"Fundaci\u00f3 IRES\" \/>\n<meta name=\"twitter:card\" content=\"summary_large_image\" \/>\n<meta name=\"twitter:label1\" content=\"Written by\" \/>\n\t<meta name=\"twitter:data1\" content=\"Fundaci\u00f3 IRES\" \/>\n\t<meta name=\"twitter:label2\" content=\"Est. reading time\" \/>\n\t<meta name=\"twitter:data2\" content=\"3 minutes\" \/>\n<script type=\"application\/ld+json\" class=\"yoast-schema-graph\">{\"@context\":\"https:\\\/\\\/schema.org\",\"@graph\":[{\"@type\":\"Article\",\"@id\":\"https:\\\/\\\/www.fundacioires.org\\\/ca\\\/60-nens-i-nenes-gaudeixen-de-les-activitats-destiu-del-casal-en-familia\\\/#article\",\"isPartOf\":{\"@id\":\"https:\\\/\\\/www.fundacioires.org\\\/ca\\\/60-nens-i-nenes-gaudeixen-de-les-activitats-destiu-del-casal-en-familia\\\/\"},\"author\":{\"name\":\"Fundaci\u00f3 IRES\",\"@id\":\"https:\\\/\\\/www.fundacioires.org\\\/#\\\/schema\\\/person\\\/160af843c565221ef4664a5c7000791c\"},\"headline\":\"60 nens i nenes gaudeixen de les activitats d\u2019estiu del Casal en Fam\u00edlia\",\"datePublished\":\"2022-09-14T20:31:46+00:00\",\"dateModified\":\"2022-09-14T20:49:41+00:00\",\"mainEntityOfPage\":{\"@id\":\"https:\\\/\\\/www.fundacioires.org\\\/ca\\\/60-nens-i-nenes-gaudeixen-de-les-activitats-destiu-del-casal-en-familia\\\/\"},\"wordCount\":369,\"publisher\":{\"@id\":\"https:\\\/\\\/www.fundacioires.org\\\/#organization\"},\"image\":{\"@id\":\"https:\\\/\\\/www.fundacioires.org\\\/ca\\\/60-nens-i-nenes-gaudeixen-de-les-activitats-destiu-del-casal-en-familia\\\/#primaryimage\"},\"thumbnailUrl\":\"https:\\\/\\\/i0.wp.com\\\/www.fundacioires.org\\\/wp-content\\\/uploads\\\/PLANTILLA-NOTI-WEB-NOVIEMBRE-2020-18-1.png?fit=1200%2C628&ssl=1\",\"keywords\":[\"Casal en fam\u00edlia\"],\"articleSection\":[\"IRES-Blog\"],\"inLanguage\":\"ca-ES\"},{\"@type\":\"WebPage\",\"@id\":\"https:\\\/\\\/www.fundacioires.org\\\/ca\\\/60-nens-i-nenes-gaudeixen-de-les-activitats-destiu-del-casal-en-familia\\\/\",\"url\":\"https:\\\/\\\/www.fundacioires.org\\\/ca\\\/60-nens-i-nenes-gaudeixen-de-les-activitats-destiu-del-casal-en-familia\\\/\",\"name\":\"60 nens i nenes gaudeixen del Casal d'Estiu\",\"isPartOf\":{\"@id\":\"https:\\\/\\\/www.fundacioires.org\\\/#website\"},\"primaryImageOfPage\":{\"@id\":\"https:\\\/\\\/www.fundacioires.org\\\/ca\\\/60-nens-i-nenes-gaudeixen-de-les-activitats-destiu-del-casal-en-familia\\\/#primaryimage\"},\"image\":{\"@id\":\"https:\\\/\\\/www.fundacioires.org\\\/ca\\\/60-nens-i-nenes-gaudeixen-de-les-activitats-destiu-del-casal-en-familia\\\/#primaryimage\"},\"thumbnailUrl\":\"https:\\\/\\\/i0.wp.com\\\/www.fundacioires.org\\\/wp-content\\\/uploads\\\/PLANTILLA-NOTI-WEB-NOVIEMBRE-2020-18-1.png?fit=1200%2C628&ssl=1\",\"datePublished\":\"2022-09-14T20:31:46+00:00\",\"dateModified\":\"2022-09-14T20:49:41+00:00\",\"description\":\"El Casal d\u2019Estiu de Barcelona ha acollit diferents propostes per garantir el dret a l\u2019oci educatiu dels infants i les seves fam\u00edlies.\",\"breadcrumb\":{\"@id\":\"https:\\\/\\\/www.fundacioires.org\\\/ca\\\/60-nens-i-nenes-gaudeixen-de-les-activitats-destiu-del-casal-en-familia\\\/#breadcrumb\"},\"inLanguage\":\"ca-ES\",\"potentialAction\":[{\"@type\":\"ReadAction\",\"target\":[\"https:\\\/\\\/www.fundacioires.org\\\/ca\\\/60-nens-i-nenes-gaudeixen-de-les-activitats-destiu-del-casal-en-familia\\\/\"]}]},{\"@type\":\"ImageObject\",\"inLanguage\":\"ca-ES\",\"@id\":\"https:\\\/\\\/www.fundacioires.org\\\/ca\\\/60-nens-i-nenes-gaudeixen-de-les-activitats-destiu-del-casal-en-familia\\\/#primaryimage\",\"url\":\"https:\\\/\\\/i0.wp.com\\\/www.fundacioires.org\\\/wp-content\\\/uploads\\\/PLANTILLA-NOTI-WEB-NOVIEMBRE-2020-18-1.png?fit=1200%2C628&ssl=1\",\"contentUrl\":\"https:\\\/\\\/i0.wp.com\\\/www.fundacioires.org\\\/wp-content\\\/uploads\\\/PLANTILLA-NOTI-WEB-NOVIEMBRE-2020-18-1.png?fit=1200%2C628&ssl=1\",\"width\":1200,\"height\":628},{\"@type\":\"BreadcrumbList\",\"@id\":\"https:\\\/\\\/www.fundacioires.org\\\/ca\\\/60-nens-i-nenes-gaudeixen-de-les-activitats-destiu-del-casal-en-familia\\\/#breadcrumb\",\"itemListElement\":[{\"@type\":\"ListItem\",\"position\":1,\"name\":\"Portada\",\"item\":\"https:\\\/\\\/www.fundacioires.org\\\/\"},{\"@type\":\"ListItem\",\"position\":2,\"name\":\"60 nens i nenes gaudeixen de les activitats d\u2019estiu del Casal en Fam\u00edlia\"}]},{\"@type\":\"WebSite\",\"@id\":\"https:\\\/\\\/www.fundacioires.org\\\/#website\",\"url\":\"https:\\\/\\\/www.fundacioires.org\\\/\",\"name\":\"Fundaci\u00f3 IRES\",\"description\":\"\",\"publisher\":{\"@id\":\"https:\\\/\\\/www.fundacioires.org\\\/#organization\"},\"potentialAction\":[{\"@type\":\"SearchAction\",\"target\":{\"@type\":\"EntryPoint\",\"urlTemplate\":\"https:\\\/\\\/www.fundacioires.org\\\/?s={search_term_string}\"},\"query-input\":{\"@type\":\"PropertyValueSpecification\",\"valueRequired\":true,\"valueName\":\"search_term_string\"}}],\"inLanguage\":\"ca-ES\"},{\"@type\":\"Organization\",\"@id\":\"https:\\\/\\\/www.fundacioires.org\\\/#organization\",\"name\":\"Fundanci\u00f3n IRES\",\"url\":\"https:\\\/\\\/www.fundacioires.org\\\/\",\"logo\":{\"@type\":\"ImageObject\",\"inLanguage\":\"ca-ES\",\"@id\":\"https:\\\/\\\/www.fundacioires.org\\\/#\\\/schema\\\/logo\\\/image\\\/\",\"url\":\"https:\\\/\\\/i0.wp.com\\\/www.fundacioires.org\\\/wp-content\\\/uploads\\\/faviconIRES.png?fit=32%2C32&ssl=1\",\"contentUrl\":\"https:\\\/\\\/i0.wp.com\\\/www.fundacioires.org\\\/wp-content\\\/uploads\\\/faviconIRES.png?fit=32%2C32&ssl=1\",\"width\":32,\"height\":32,\"caption\":\"Fundanci\u00f3n IRES\"},\"image\":{\"@id\":\"https:\\\/\\\/www.fundacioires.org\\\/#\\\/schema\\\/logo\\\/image\\\/\"}},{\"@type\":\"Person\",\"@id\":\"https:\\\/\\\/www.fundacioires.org\\\/#\\\/schema\\\/person\\\/160af843c565221ef4664a5c7000791c\",\"name\":\"Fundaci\u00f3 IRES\"}]}<\/script>\n<!-- \/ Yoast SEO plugin. -->","yoast_head_json":{"title":"60 nens i nenes gaudeixen del Casal d'Estiu","description":"El Casal d\u2019Estiu de Barcelona ha acollit diferents propostes per garantir el dret a l\u2019oci educatiu dels infants i les seves fam\u00edlies.","robots":{"index":"index","follow":"follow","max-snippet":"max-snippet:-1","max-image-preview":"max-image-preview:large","max-video-preview":"max-video-preview:-1"},"canonical":"https:\/\/www.fundacioires.org\/ca\/60-nens-i-nenes-gaudeixen-de-les-activitats-destiu-del-casal-en-familia\/","og_locale":"ca_ES","og_type":"article","og_title":"60 nens i nenes gaudeixen del Casal d'Estiu","og_description":"El Casal d\u2019Estiu de Barcelona ha acollit diferents propostes per garantir el dret a l\u2019oci educatiu dels infants i les seves fam\u00edlies.","og_url":"https:\/\/www.fundacioires.org\/ca\/60-nens-i-nenes-gaudeixen-de-les-activitats-destiu-del-casal-en-familia\/","og_site_name":"Fundaci\u00f3 IRES","article_published_time":"2022-09-14T20:31:46+00:00","article_modified_time":"2022-09-14T20:49:41+00:00","og_image":[{"width":1200,"height":628,"url":"https:\/\/www.fundacioires.org\/wp-content\/uploads\/PLANTILLA-NOTI-WEB-NOVIEMBRE-2020-18-1.png","type":"image\/png"}],"author":"Fundaci\u00f3 IRES","twitter_card":"summary_large_image","twitter_misc":{"Written by":"Fundaci\u00f3 IRES","Est. reading time":"3 minutes"},"schema":{"@context":"https:\/\/schema.org","@graph":[{"@type":"Article","@id":"https:\/\/www.fundacioires.org\/ca\/60-nens-i-nenes-gaudeixen-de-les-activitats-destiu-del-casal-en-familia\/#article","isPartOf":{"@id":"https:\/\/www.fundacioires.org\/ca\/60-nens-i-nenes-gaudeixen-de-les-activitats-destiu-del-casal-en-familia\/"},"author":{"name":"Fundaci\u00f3 IRES","@id":"https:\/\/www.fundacioires.org\/#\/schema\/person\/160af843c565221ef4664a5c7000791c"},"headline":"60 nens i nenes gaudeixen de les activitats d\u2019estiu del Casal en Fam\u00edlia","datePublished":"2022-09-14T20:31:46+00:00","dateModified":"2022-09-14T20:49:41+00:00","mainEntityOfPage":{"@id":"https:\/\/www.fundacioires.org\/ca\/60-nens-i-nenes-gaudeixen-de-les-activitats-destiu-del-casal-en-familia\/"},"wordCount":369,"publisher":{"@id":"https:\/\/www.fundacioires.org\/#organization"},"image":{"@id":"https:\/\/www.fundacioires.org\/ca\/60-nens-i-nenes-gaudeixen-de-les-activitats-destiu-del-casal-en-familia\/#primaryimage"},"thumbnailUrl":"https:\/\/i0.wp.com\/www.fundacioires.org\/wp-content\/uploads\/PLANTILLA-NOTI-WEB-NOVIEMBRE-2020-18-1.png?fit=1200%2C628&ssl=1","keywords":["Casal en fam\u00edlia"],"articleSection":["IRES-Blog"],"inLanguage":"ca-ES"},{"@type":"WebPage","@id":"https:\/\/www.fundacioires.org\/ca\/60-nens-i-nenes-gaudeixen-de-les-activitats-destiu-del-casal-en-familia\/","url":"https:\/\/www.fundacioires.org\/ca\/60-nens-i-nenes-gaudeixen-de-les-activitats-destiu-del-casal-en-familia\/","name":"60 nens i nenes gaudeixen del Casal d'Estiu","isPartOf":{"@id":"https:\/\/www.fundacioires.org\/#website"},"primaryImageOfPage":{"@id":"https:\/\/www.fundacioires.org\/ca\/60-nens-i-nenes-gaudeixen-de-les-activitats-destiu-del-casal-en-familia\/#primaryimage"},"image":{"@id":"https:\/\/www.fundacioires.org\/ca\/60-nens-i-nenes-gaudeixen-de-les-activitats-destiu-del-casal-en-familia\/#primaryimage"},"thumbnailUrl":"https:\/\/i0.wp.com\/www.fundacioires.org\/wp-content\/uploads\/PLANTILLA-NOTI-WEB-NOVIEMBRE-2020-18-1.png?fit=1200%2C628&ssl=1","datePublished":"2022-09-14T20:31:46+00:00","dateModified":"2022-09-14T20:49:41+00:00","description":"El Casal d\u2019Estiu de Barcelona ha acollit diferents propostes per garantir el dret a l\u2019oci educatiu dels infants i les seves fam\u00edlies.","breadcrumb":{"@id":"https:\/\/www.fundacioires.org\/ca\/60-nens-i-nenes-gaudeixen-de-les-activitats-destiu-del-casal-en-familia\/#breadcrumb"},"inLanguage":"ca-ES","potentialAction":[{"@type":"ReadAction","target":["https:\/\/www.fundacioires.org\/ca\/60-nens-i-nenes-gaudeixen-de-les-activitats-destiu-del-casal-en-familia\/"]}]},{"@type":"ImageObject","inLanguage":"ca-ES","@id":"https:\/\/www.fundacioires.org\/ca\/60-nens-i-nenes-gaudeixen-de-les-activitats-destiu-del-casal-en-familia\/#primaryimage","url":"https:\/\/i0.wp.com\/www.fundacioires.org\/wp-content\/uploads\/PLANTILLA-NOTI-WEB-NOVIEMBRE-2020-18-1.png?fit=1200%2C628&ssl=1","contentUrl":"https:\/\/i0.wp.com\/www.fundacioires.org\/wp-content\/uploads\/PLANTILLA-NOTI-WEB-NOVIEMBRE-2020-18-1.png?fit=1200%2C628&ssl=1","width":1200,"height":628},{"@type":"BreadcrumbList","@id":"https:\/\/www.fundacioires.org\/ca\/60-nens-i-nenes-gaudeixen-de-les-activitats-destiu-del-casal-en-familia\/#breadcrumb","itemListElement":[{"@type":"ListItem","position":1,"name":"Portada","item":"https:\/\/www.fundacioires.org\/"},{"@type":"ListItem","position":2,"name":"60 nens i nenes gaudeixen de les activitats d\u2019estiu del Casal en Fam\u00edlia"}]},{"@type":"WebSite","@id":"https:\/\/www.fundacioires.org\/#website","url":"https:\/\/www.fundacioires.org\/","name":"Fundaci\u00f3 IRES","description":"","publisher":{"@id":"https:\/\/www.fundacioires.org\/#organization"},"potentialAction":[{"@type":"SearchAction","target":{"@type":"EntryPoint","urlTemplate":"https:\/\/www.fundacioires.org\/?s={search_term_string}"},"query-input":{"@type":"PropertyValueSpecification","valueRequired":true,"valueName":"search_term_string"}}],"inLanguage":"ca-ES"},{"@type":"Organization","@id":"https:\/\/www.fundacioires.org\/#organization","name":"Fundanci\u00f3n IRES","url":"https:\/\/www.fundacioires.org\/","logo":{"@type":"ImageObject","inLanguage":"ca-ES","@id":"https:\/\/www.fundacioires.org\/#\/schema\/logo\/image\/","url":"https:\/\/i0.wp.com\/www.fundacioires.org\/wp-content\/uploads\/faviconIRES.png?fit=32%2C32&ssl=1","contentUrl":"https:\/\/i0.wp.com\/www.fundacioires.org\/wp-content\/uploads\/faviconIRES.png?fit=32%2C32&ssl=1","width":32,"height":32,"caption":"Fundanci\u00f3n IRES"},"image":{"@id":"https:\/\/www.fundacioires.org\/#\/schema\/logo\/image\/"}},{"@type":"Person","@id":"https:\/\/www.fundacioires.org\/#\/schema\/person\/160af843c565221ef4664a5c7000791c","name":"Fundaci\u00f3 IRES"}]}},"jetpack_featured_media_url":"https:\/\/i0.wp.com\/www.fundacioires.org\/wp-content\/uploads\/PLANTILLA-NOTI-WEB-NOVIEMBRE-2020-18-1.png?fit=1200%2C628&ssl=1","jetpack_sharing_enabled":true,"_links":{"self":[{"href":"https:\/\/www.fundacioires.org\/ca\/wp-json\/wp\/v2\/posts\/44439","targetHints":{"allow":["GET"]}}],"collection":[{"href":"https:\/\/www.fundacioires.org\/ca\/wp-json\/wp\/v2\/posts"}],"about":[{"href":"https:\/\/www.fundacioires.org\/ca\/wp-json\/wp\/v2\/types\/post"}],"author":[{"embeddable":true,"href":"https:\/\/www.fundacioires.org\/ca\/wp-json\/wp\/v2\/users\/7"}],"replies":[{"embeddable":true,"href":"https:\/\/www.fundacioires.org\/ca\/wp-json\/wp\/v2\/comments?post=44439"}],"version-history":[{"count":5,"href":"https:\/\/www.fundacioires.org\/ca\/wp-json\/wp\/v2\/posts\/44439\/revisions"}],"predecessor-version":[{"id":44513,"href":"https:\/\/www.fundacioires.org\/ca\/wp-json\/wp\/v2\/posts\/44439\/revisions\/44513"}],"wp:featuredmedia":[{"embeddable":true,"href":"https:\/\/www.fundacioires.org\/ca\/wp-json\/wp\/v2\/media\/44503"}],"wp:attachment":[{"href":"https:\/\/www.fundacioires.org\/ca\/wp-json\/wp\/v2\/media?parent=44439"}],"wp:term":[{"taxonomy":"category","embeddable":true,"href":"https:\/\/www.fundacioires.org\/ca\/wp-json\/wp\/v2\/categories?post=44439"},{"taxonomy":"post_tag","embeddable":true,"href":"https:\/\/www.fundacioires.org\/ca\/wp-json\/wp\/v2\/tags?post=44439"}],"curies":[{"name":"wp","href":"https:\/\/api.w.org\/{rel}","templated":true}]}}