{"id":4632,"date":"2019-07-03T13:31:20","date_gmt":"2019-07-03T11:31:20","guid":{"rendered":"http:\/\/www.fundacioires.org\/?p=4632"},"modified":"2019-07-05T13:58:01","modified_gmt":"2019-07-05T11:58:01","slug":"la-hipersexualitzacio-de-la-infancia","status":"publish","type":"post","link":"https:\/\/www.fundacioires.org\/ca\/la-hipersexualitzacio-de-la-infancia\/","title":{"rendered":"La hipersexualitzaci\u00f3 de la inf\u00e0ncia"},"content":{"rendered":"\n<p>El passat 24 de juny, <strong>el programa El Mat\u00ed de Catalunya R\u00e0dio es va traslladar a l&#8217;escola Felip Neri (Barcelona) per parlar sobre la hipersexualitzaci\u00f3 de la inf\u00e0ncia<\/strong>, un fenomen social que ha enc\u00e8s totes les alarmes: perjudica l&#8217;autoestima, provoca trastorns de conducta i alimentaci\u00f3, degrada el valor de la dona, perpetua estereotips de g\u00e8nere i rols sexistes \u2026<\/p>\n\n\n\n<p><strong>Alba Fern\u00e1ndez Pous, coordinadora del projecte Fils, va assistir com a convidada<\/strong> al costat de la periodista Laura Pinyol, la soci\u00f2loga Marina Subirats i la psic\u00f2loga S\u00f2nia Cervantes. A m\u00e9s, el programa va acostar el micro a tres estudiants adolescents, la J\u00falia, la Mar i la Irene, perqu\u00e8 expressessin la seva visi\u00f3 en primera persona.<\/p>\n\n\n\n<p>La sobreexposici\u00f3 a la xarxes socials a la recerca del \u00ablike\u00bb, vestuari que no distingeix edats, missatges tipus \u00abposa&#8217;t sexy\u00bb davant la c\u00e0mera \u2026 <strong>Les estem obligant a cr\u00e9ixer massa de pressa?<\/strong> Quins missatges els llancem des del m\u00f3n adult? Entrem en contradicci\u00f3 amb els nostres propis actes? S\u00f3n els nens i, especialment, les nenes un producte de mercat massa llaminer per a la ind\u00fastria?<\/p>\n\n\n\n<p><strong>L&#8217;Alba defensa la import\u00e0ncia de la prevenci\u00f3 des de la primera inf\u00e0ncia, revisant-nos com a adults i adultes<\/strong>, posant l\u00edmits quan \u00e9s necessari i molta consci\u00e8ncia en els missatges que els llancem en el dia a dia. Nom\u00e9s aix\u00ed aconseguirem no entrar en contradiccions. Si no, tota lli\u00e7\u00f3 que vulguem donar m\u00e9s endavant arribar\u00e0 massa tard.<\/p>\n\n\n\n<p><strong>&#8220;Hem d&#8217;escoltar la gent jove, en especial, les noies, dialogar-hi sense imposar les nostres creences, i aprendre&#8217;n&#8221;<\/strong>, afirma l&#8217;Alba, conven\u00e7uda que tenim motius per ser optismistes i molt a fer. &#8220;Cal que fem servir les xarxes socials per entendre qu\u00e8 passa i poder combatre el masclisme entre els joves. \u00c9s el seu modus de relacionar-se m\u00e9s important i no el podem deixar de banda&#8221;. <\/p>\n\n\n\n<p> import\u00e0ncia d\u00b4escoltar la gent jove, en especial les noies joves, dialogar amb elles, no imposar la nostra \u201csaviesa\u201d, aprendre\u00b4n, i fer servir tamb\u00e9 les xarxes socials, que s\u00f3n el seu mode de relaci\u00f3, com a eina per a combatre el masclisme entre els joves, i aprofitant que \u00e9s el seu llenguatge i mode de relaci\u00f3 i la import\u00e0ncia que t\u00e9 en les seves vides.  <\/p>\n\n\n\n<p>Per la seva banda, <strong>el testimoni de les tres convidades adolescents revela que no viuen aquest fenomen amb ingenu\u00eftat, com pot semblar a ulls del m\u00f3n adult, sin\u00f3 que tenen ple coneixement del seu perill i conseq\u00fc\u00e8ncies.<\/strong> No obstant aix\u00f2, expressen la quasi impossibilitat de poder-se&#8217;n quedar al marge, no nom\u00e9s per la pressi\u00f3 del mercat o de les xarxes socials, sin\u00f3 tamb\u00e9 pel mateix entorn d&#8217;amistats al qual s\u00ed o s\u00ed volen pert\u00e0nyer.<\/p>\n\n\n\n<p>No us perdeu totes aquestes veus femenines posant llum i mirada a un fenomen cada vegada m\u00e9s preocupant:<\/p>\n\n\n\n<iframe loading=\"lazy\" src=\"https:\/\/www.ccma.cat\/audio\/embed\/1043835\/\" allowfullscreen=\"\" scrolling=\"no\" frameborder=\"0\" width=\"500px\" height=\"281px\"><\/iframe>\n","protected":false},"excerpt":{"rendered":"<p>El Mat\u00ed de Catalunya R\u00e0dio convida a  l&#8217;Alba Fern\u00e1ndez Pous per parlar de la hipersexualitzaci\u00f3 i l&#8217;erotisme preco\u00e7 de la inf\u00e0ncia. <\/p>\n","protected":false},"author":7,"featured_media":4628,"comment_status":"closed","ping_status":"open","sticky":false,"template":"","format":"standard","meta":{"_jetpack_memberships_contains_paid_content":false,"footnotes":""},"categories":[28],"tags":[76],"class_list":["post-4632","post","type-post","status-publish","format-standard","has-post-thumbnail","hentry","category-ires-als-mitjans","tag-fils-ca-2"],"yoast_head":"<!-- This site is optimized with the Yoast SEO plugin v27.4 - https:\/\/yoast.com\/product\/yoast-seo-wordpress\/ -->\n<title>La hipersexualitzaci\u00f3 de la inf\u00e0ncia - Fundaci\u00f3 IRES<\/title>\n<meta name=\"robots\" content=\"index, follow, max-snippet:-1, max-image-preview:large, max-video-preview:-1\" \/>\n<link rel=\"canonical\" href=\"https:\/\/www.fundacioires.org\/ca\/la-hipersexualitzacio-de-la-infancia\/\" \/>\n<meta property=\"og:locale\" content=\"ca_ES\" \/>\n<meta property=\"og:type\" content=\"article\" \/>\n<meta property=\"og:title\" content=\"La hipersexualitzaci\u00f3 de la inf\u00e0ncia - Fundaci\u00f3 IRES\" \/>\n<meta property=\"og:description\" content=\"El Mat\u00ed de Catalunya R\u00e0dio convida a l&#039;Alba Fern\u00e1ndez Pous per parlar de la hipersexualitzaci\u00f3 i l&#039;erotisme preco\u00e7 de la inf\u00e0ncia.\" \/>\n<meta property=\"og:url\" content=\"https:\/\/www.fundacioires.org\/ca\/la-hipersexualitzacio-de-la-infancia\/\" \/>\n<meta property=\"og:site_name\" content=\"Fundaci\u00f3 IRES\" \/>\n<meta property=\"article:published_time\" content=\"2019-07-03T11:31:20+00:00\" \/>\n<meta property=\"article:modified_time\" content=\"2019-07-05T11:58:01+00:00\" \/>\n<meta property=\"og:image\" content=\"https:\/\/i0.wp.com\/www.fundacioires.org\/wp-content\/uploads\/Catradio_Hipersexualitzacio.png?fit=1200%2C628&ssl=1\" \/>\n\t<meta property=\"og:image:width\" content=\"1200\" \/>\n\t<meta property=\"og:image:height\" content=\"628\" \/>\n\t<meta property=\"og:image:type\" content=\"image\/png\" \/>\n<meta name=\"author\" content=\"Fundaci\u00f3 IRES\" \/>\n<meta name=\"twitter:card\" content=\"summary_large_image\" \/>\n<meta name=\"twitter:label1\" content=\"Written by\" \/>\n\t<meta name=\"twitter:data1\" content=\"Fundaci\u00f3 IRES\" \/>\n\t<meta name=\"twitter:label2\" content=\"Est. reading time\" \/>\n\t<meta name=\"twitter:data2\" content=\"2 minutes\" \/>\n<script type=\"application\/ld+json\" class=\"yoast-schema-graph\">{\"@context\":\"https:\\\/\\\/schema.org\",\"@graph\":[{\"@type\":\"Article\",\"@id\":\"https:\\\/\\\/www.fundacioires.org\\\/ca\\\/la-hipersexualitzacio-de-la-infancia\\\/#article\",\"isPartOf\":{\"@id\":\"https:\\\/\\\/www.fundacioires.org\\\/ca\\\/la-hipersexualitzacio-de-la-infancia\\\/\"},\"author\":{\"name\":\"Fundaci\u00f3 IRES\",\"@id\":\"https:\\\/\\\/www.fundacioires.org\\\/#\\\/schema\\\/person\\\/160af843c565221ef4664a5c7000791c\"},\"headline\":\"La hipersexualitzaci\u00f3 de la inf\u00e0ncia\",\"datePublished\":\"2019-07-03T11:31:20+00:00\",\"dateModified\":\"2019-07-05T11:58:01+00:00\",\"mainEntityOfPage\":{\"@id\":\"https:\\\/\\\/www.fundacioires.org\\\/ca\\\/la-hipersexualitzacio-de-la-infancia\\\/\"},\"wordCount\":501,\"publisher\":{\"@id\":\"https:\\\/\\\/www.fundacioires.org\\\/#organization\"},\"image\":{\"@id\":\"https:\\\/\\\/www.fundacioires.org\\\/ca\\\/la-hipersexualitzacio-de-la-infancia\\\/#primaryimage\"},\"thumbnailUrl\":\"https:\\\/\\\/i0.wp.com\\\/www.fundacioires.org\\\/wp-content\\\/uploads\\\/Catradio_Hipersexualitzacio.png?fit=1200%2C628&ssl=1\",\"keywords\":[\"Fils\"],\"articleSection\":[\"IRES als mitjans\"],\"inLanguage\":\"ca-ES\"},{\"@type\":\"WebPage\",\"@id\":\"https:\\\/\\\/www.fundacioires.org\\\/ca\\\/la-hipersexualitzacio-de-la-infancia\\\/\",\"url\":\"https:\\\/\\\/www.fundacioires.org\\\/ca\\\/la-hipersexualitzacio-de-la-infancia\\\/\",\"name\":\"La hipersexualitzaci\u00f3 de la inf\u00e0ncia - Fundaci\u00f3 IRES\",\"isPartOf\":{\"@id\":\"https:\\\/\\\/www.fundacioires.org\\\/#website\"},\"primaryImageOfPage\":{\"@id\":\"https:\\\/\\\/www.fundacioires.org\\\/ca\\\/la-hipersexualitzacio-de-la-infancia\\\/#primaryimage\"},\"image\":{\"@id\":\"https:\\\/\\\/www.fundacioires.org\\\/ca\\\/la-hipersexualitzacio-de-la-infancia\\\/#primaryimage\"},\"thumbnailUrl\":\"https:\\\/\\\/i0.wp.com\\\/www.fundacioires.org\\\/wp-content\\\/uploads\\\/Catradio_Hipersexualitzacio.png?fit=1200%2C628&ssl=1\",\"datePublished\":\"2019-07-03T11:31:20+00:00\",\"dateModified\":\"2019-07-05T11:58:01+00:00\",\"breadcrumb\":{\"@id\":\"https:\\\/\\\/www.fundacioires.org\\\/ca\\\/la-hipersexualitzacio-de-la-infancia\\\/#breadcrumb\"},\"inLanguage\":\"ca-ES\",\"potentialAction\":[{\"@type\":\"ReadAction\",\"target\":[\"https:\\\/\\\/www.fundacioires.org\\\/ca\\\/la-hipersexualitzacio-de-la-infancia\\\/\"]}]},{\"@type\":\"ImageObject\",\"inLanguage\":\"ca-ES\",\"@id\":\"https:\\\/\\\/www.fundacioires.org\\\/ca\\\/la-hipersexualitzacio-de-la-infancia\\\/#primaryimage\",\"url\":\"https:\\\/\\\/i0.wp.com\\\/www.fundacioires.org\\\/wp-content\\\/uploads\\\/Catradio_Hipersexualitzacio.png?fit=1200%2C628&ssl=1\",\"contentUrl\":\"https:\\\/\\\/i0.wp.com\\\/www.fundacioires.org\\\/wp-content\\\/uploads\\\/Catradio_Hipersexualitzacio.png?fit=1200%2C628&ssl=1\",\"width\":1200,\"height\":628,\"caption\":\"Fils a Catalunya R\u00e0dio\"},{\"@type\":\"BreadcrumbList\",\"@id\":\"https:\\\/\\\/www.fundacioires.org\\\/ca\\\/la-hipersexualitzacio-de-la-infancia\\\/#breadcrumb\",\"itemListElement\":[{\"@type\":\"ListItem\",\"position\":1,\"name\":\"Portada\",\"item\":\"https:\\\/\\\/www.fundacioires.org\\\/\"},{\"@type\":\"ListItem\",\"position\":2,\"name\":\"La hipersexualitzaci\u00f3 de la inf\u00e0ncia\"}]},{\"@type\":\"WebSite\",\"@id\":\"https:\\\/\\\/www.fundacioires.org\\\/#website\",\"url\":\"https:\\\/\\\/www.fundacioires.org\\\/\",\"name\":\"Fundaci\u00f3 IRES\",\"description\":\"\",\"publisher\":{\"@id\":\"https:\\\/\\\/www.fundacioires.org\\\/#organization\"},\"potentialAction\":[{\"@type\":\"SearchAction\",\"target\":{\"@type\":\"EntryPoint\",\"urlTemplate\":\"https:\\\/\\\/www.fundacioires.org\\\/?s={search_term_string}\"},\"query-input\":{\"@type\":\"PropertyValueSpecification\",\"valueRequired\":true,\"valueName\":\"search_term_string\"}}],\"inLanguage\":\"ca-ES\"},{\"@type\":\"Organization\",\"@id\":\"https:\\\/\\\/www.fundacioires.org\\\/#organization\",\"name\":\"Fundanci\u00f3n IRES\",\"url\":\"https:\\\/\\\/www.fundacioires.org\\\/\",\"logo\":{\"@type\":\"ImageObject\",\"inLanguage\":\"ca-ES\",\"@id\":\"https:\\\/\\\/www.fundacioires.org\\\/#\\\/schema\\\/logo\\\/image\\\/\",\"url\":\"https:\\\/\\\/i0.wp.com\\\/www.fundacioires.org\\\/wp-content\\\/uploads\\\/faviconIRES.png?fit=32%2C32&ssl=1\",\"contentUrl\":\"https:\\\/\\\/i0.wp.com\\\/www.fundacioires.org\\\/wp-content\\\/uploads\\\/faviconIRES.png?fit=32%2C32&ssl=1\",\"width\":32,\"height\":32,\"caption\":\"Fundanci\u00f3n IRES\"},\"image\":{\"@id\":\"https:\\\/\\\/www.fundacioires.org\\\/#\\\/schema\\\/logo\\\/image\\\/\"}},{\"@type\":\"Person\",\"@id\":\"https:\\\/\\\/www.fundacioires.org\\\/#\\\/schema\\\/person\\\/160af843c565221ef4664a5c7000791c\",\"name\":\"Fundaci\u00f3 IRES\"}]}<\/script>\n<!-- \/ Yoast SEO plugin. -->","yoast_head_json":{"title":"La hipersexualitzaci\u00f3 de la inf\u00e0ncia - Fundaci\u00f3 IRES","robots":{"index":"index","follow":"follow","max-snippet":"max-snippet:-1","max-image-preview":"max-image-preview:large","max-video-preview":"max-video-preview:-1"},"canonical":"https:\/\/www.fundacioires.org\/ca\/la-hipersexualitzacio-de-la-infancia\/","og_locale":"ca_ES","og_type":"article","og_title":"La hipersexualitzaci\u00f3 de la inf\u00e0ncia - Fundaci\u00f3 IRES","og_description":"El Mat\u00ed de Catalunya R\u00e0dio convida a l'Alba Fern\u00e1ndez Pous per parlar de la hipersexualitzaci\u00f3 i l'erotisme preco\u00e7 de la inf\u00e0ncia.","og_url":"https:\/\/www.fundacioires.org\/ca\/la-hipersexualitzacio-de-la-infancia\/","og_site_name":"Fundaci\u00f3 IRES","article_published_time":"2019-07-03T11:31:20+00:00","article_modified_time":"2019-07-05T11:58:01+00:00","og_image":[{"width":1200,"height":628,"url":"https:\/\/i0.wp.com\/www.fundacioires.org\/wp-content\/uploads\/Catradio_Hipersexualitzacio.png?fit=1200%2C628&ssl=1","type":"image\/png"}],"author":"Fundaci\u00f3 IRES","twitter_card":"summary_large_image","twitter_misc":{"Written by":"Fundaci\u00f3 IRES","Est. reading time":"2 minutes"},"schema":{"@context":"https:\/\/schema.org","@graph":[{"@type":"Article","@id":"https:\/\/www.fundacioires.org\/ca\/la-hipersexualitzacio-de-la-infancia\/#article","isPartOf":{"@id":"https:\/\/www.fundacioires.org\/ca\/la-hipersexualitzacio-de-la-infancia\/"},"author":{"name":"Fundaci\u00f3 IRES","@id":"https:\/\/www.fundacioires.org\/#\/schema\/person\/160af843c565221ef4664a5c7000791c"},"headline":"La hipersexualitzaci\u00f3 de la inf\u00e0ncia","datePublished":"2019-07-03T11:31:20+00:00","dateModified":"2019-07-05T11:58:01+00:00","mainEntityOfPage":{"@id":"https:\/\/www.fundacioires.org\/ca\/la-hipersexualitzacio-de-la-infancia\/"},"wordCount":501,"publisher":{"@id":"https:\/\/www.fundacioires.org\/#organization"},"image":{"@id":"https:\/\/www.fundacioires.org\/ca\/la-hipersexualitzacio-de-la-infancia\/#primaryimage"},"thumbnailUrl":"https:\/\/i0.wp.com\/www.fundacioires.org\/wp-content\/uploads\/Catradio_Hipersexualitzacio.png?fit=1200%2C628&ssl=1","keywords":["Fils"],"articleSection":["IRES als mitjans"],"inLanguage":"ca-ES"},{"@type":"WebPage","@id":"https:\/\/www.fundacioires.org\/ca\/la-hipersexualitzacio-de-la-infancia\/","url":"https:\/\/www.fundacioires.org\/ca\/la-hipersexualitzacio-de-la-infancia\/","name":"La hipersexualitzaci\u00f3 de la inf\u00e0ncia - Fundaci\u00f3 IRES","isPartOf":{"@id":"https:\/\/www.fundacioires.org\/#website"},"primaryImageOfPage":{"@id":"https:\/\/www.fundacioires.org\/ca\/la-hipersexualitzacio-de-la-infancia\/#primaryimage"},"image":{"@id":"https:\/\/www.fundacioires.org\/ca\/la-hipersexualitzacio-de-la-infancia\/#primaryimage"},"thumbnailUrl":"https:\/\/i0.wp.com\/www.fundacioires.org\/wp-content\/uploads\/Catradio_Hipersexualitzacio.png?fit=1200%2C628&ssl=1","datePublished":"2019-07-03T11:31:20+00:00","dateModified":"2019-07-05T11:58:01+00:00","breadcrumb":{"@id":"https:\/\/www.fundacioires.org\/ca\/la-hipersexualitzacio-de-la-infancia\/#breadcrumb"},"inLanguage":"ca-ES","potentialAction":[{"@type":"ReadAction","target":["https:\/\/www.fundacioires.org\/ca\/la-hipersexualitzacio-de-la-infancia\/"]}]},{"@type":"ImageObject","inLanguage":"ca-ES","@id":"https:\/\/www.fundacioires.org\/ca\/la-hipersexualitzacio-de-la-infancia\/#primaryimage","url":"https:\/\/i0.wp.com\/www.fundacioires.org\/wp-content\/uploads\/Catradio_Hipersexualitzacio.png?fit=1200%2C628&ssl=1","contentUrl":"https:\/\/i0.wp.com\/www.fundacioires.org\/wp-content\/uploads\/Catradio_Hipersexualitzacio.png?fit=1200%2C628&ssl=1","width":1200,"height":628,"caption":"Fils a Catalunya R\u00e0dio"},{"@type":"BreadcrumbList","@id":"https:\/\/www.fundacioires.org\/ca\/la-hipersexualitzacio-de-la-infancia\/#breadcrumb","itemListElement":[{"@type":"ListItem","position":1,"name":"Portada","item":"https:\/\/www.fundacioires.org\/"},{"@type":"ListItem","position":2,"name":"La hipersexualitzaci\u00f3 de la inf\u00e0ncia"}]},{"@type":"WebSite","@id":"https:\/\/www.fundacioires.org\/#website","url":"https:\/\/www.fundacioires.org\/","name":"Fundaci\u00f3 IRES","description":"","publisher":{"@id":"https:\/\/www.fundacioires.org\/#organization"},"potentialAction":[{"@type":"SearchAction","target":{"@type":"EntryPoint","urlTemplate":"https:\/\/www.fundacioires.org\/?s={search_term_string}"},"query-input":{"@type":"PropertyValueSpecification","valueRequired":true,"valueName":"search_term_string"}}],"inLanguage":"ca-ES"},{"@type":"Organization","@id":"https:\/\/www.fundacioires.org\/#organization","name":"Fundanci\u00f3n IRES","url":"https:\/\/www.fundacioires.org\/","logo":{"@type":"ImageObject","inLanguage":"ca-ES","@id":"https:\/\/www.fundacioires.org\/#\/schema\/logo\/image\/","url":"https:\/\/i0.wp.com\/www.fundacioires.org\/wp-content\/uploads\/faviconIRES.png?fit=32%2C32&ssl=1","contentUrl":"https:\/\/i0.wp.com\/www.fundacioires.org\/wp-content\/uploads\/faviconIRES.png?fit=32%2C32&ssl=1","width":32,"height":32,"caption":"Fundanci\u00f3n IRES"},"image":{"@id":"https:\/\/www.fundacioires.org\/#\/schema\/logo\/image\/"}},{"@type":"Person","@id":"https:\/\/www.fundacioires.org\/#\/schema\/person\/160af843c565221ef4664a5c7000791c","name":"Fundaci\u00f3 IRES"}]}},"jetpack_featured_media_url":"https:\/\/i0.wp.com\/www.fundacioires.org\/wp-content\/uploads\/Catradio_Hipersexualitzacio.png?fit=1200%2C628&ssl=1","jetpack_sharing_enabled":true,"_links":{"self":[{"href":"https:\/\/www.fundacioires.org\/ca\/wp-json\/wp\/v2\/posts\/4632","targetHints":{"allow":["GET"]}}],"collection":[{"href":"https:\/\/www.fundacioires.org\/ca\/wp-json\/wp\/v2\/posts"}],"about":[{"href":"https:\/\/www.fundacioires.org\/ca\/wp-json\/wp\/v2\/types\/post"}],"author":[{"embeddable":true,"href":"https:\/\/www.fundacioires.org\/ca\/wp-json\/wp\/v2\/users\/7"}],"replies":[{"embeddable":true,"href":"https:\/\/www.fundacioires.org\/ca\/wp-json\/wp\/v2\/comments?post=4632"}],"version-history":[{"count":4,"href":"https:\/\/www.fundacioires.org\/ca\/wp-json\/wp\/v2\/posts\/4632\/revisions"}],"predecessor-version":[{"id":14632,"href":"https:\/\/www.fundacioires.org\/ca\/wp-json\/wp\/v2\/posts\/4632\/revisions\/14632"}],"wp:featuredmedia":[{"embeddable":true,"href":"https:\/\/www.fundacioires.org\/ca\/wp-json\/wp\/v2\/media\/4628"}],"wp:attachment":[{"href":"https:\/\/www.fundacioires.org\/ca\/wp-json\/wp\/v2\/media?parent=4632"}],"wp:term":[{"taxonomy":"category","embeddable":true,"href":"https:\/\/www.fundacioires.org\/ca\/wp-json\/wp\/v2\/categories?post=4632"},{"taxonomy":"post_tag","embeddable":true,"href":"https:\/\/www.fundacioires.org\/ca\/wp-json\/wp\/v2\/tags?post=4632"}],"curies":[{"name":"wp","href":"https:\/\/api.w.org\/{rel}","templated":true}]}}