{"id":46650,"date":"2021-11-23T11:05:00","date_gmt":"2021-11-23T10:05:00","guid":{"rendered":"https:\/\/www.fundacioires.org\/?p=46650"},"modified":"2022-11-23T11:13:52","modified_gmt":"2022-11-23T10:13:52","slug":"25n-que-ens-passa-quan-presenciem-situacions-de-violencia-masclista","status":"publish","type":"post","link":"https:\/\/www.fundacioires.org\/ca\/25n-que-ens-passa-quan-presenciem-situacions-de-violencia-masclista\/","title":{"rendered":"#25N: Qu\u00e8 ens passa quan presenciem situacions de viol\u00e8ncia masclista?"},"content":{"rendered":"\n<p><strong>La responsabilitat d\u2019erradicar la viol\u00e8ncia masclista no pot recaure \u00fanicament en l\u2019acci\u00f3 i la reivindicaci\u00f3 de les seves v\u00edctimes<\/strong>, supervivents o \u00e9ssers vivents, ni en el moviment feminista, ja que ens afecta a totes, i la seva eliminaci\u00f3 dep\u00e8n tamb\u00e9 de l\u2019acci\u00f3 col\u00b7lectiva, com a mostra de rebuig, i la no normalitzaci\u00f3 de determinades conductes.<\/p>\n\n\n\n<p class=\"has-text-color has-background has-medium-font-size\" style=\"color:#5e0baa;background-color:#e5cdff\"><strong>Davant les viol\u00e8ncies masclistes, podem actuar, podem respondre. Per aix\u00f2, enguany reivindiquem el paper del\/la tercer\/a actor\/actriu.<\/strong><\/p>\n\n\n\n<p>Quan ens referim al\/la tercer\/a actor o actriu, parlem del paper de totes aquelles persones que, davant d\u2019aquelles&nbsp;<strong>accions que s\u00f3n el sediment del masclisme<\/strong>, tenen l\u2019oportunitat de prendre partit, i de marcar la difer\u00e8ncia. Ja que \u00e9s responsabilitat de tots i totes fer-li front, volem oferir tamb\u00e9&nbsp;<strong>eines per visibilitzar tots aquells escenaris en qu\u00e8 podem i hem d\u2019actuar sense por<\/strong>, o convivint amb la viol\u00e8ncia masclista, per\u00f2 de forma segura i dins de les possibilitats de cadasc\u00fa,&nbsp;<strong>amb la&nbsp; intencionalitat i convicci\u00f3 de ser precisament part del canvi de manera activa.<\/strong><\/p>\n\n\n\n<p><strong>La viol\u00e8ncia masclista s\u2019expressa de moltes formes en el dia a dia. Travessa la vida de persones que estimem, per\u00f2 tamb\u00e9 de persones desconegudes.&nbsp;<\/strong>Sovint ens podem trobar amb l\u2019impuls de reaccionar davant situacions injustes, situacions en qu\u00e8 es vulnera a les dones pel fet de ser dones i en situacions d\u2019agressi\u00f3 i conflicte. No obstant, malgrat el nostre impuls, una de les reaccions m\u00e9s comunes, \u00e9s paralitzar-nos per por de ser subjectes de l\u2019agressi\u00f3, per no saber si tenim prou legitimitat per actuar, o per no ser conscients del que podem fer per prevenir o intervenir davant d\u2019una situaci\u00f3 de viol\u00e8ncia, o per no saber simplement qu\u00e8 podem fer.<\/p>\n\n\n\n<p>Totes aquestes viv\u00e8ncies s\u00f3n molt complexes i s\u00f3n viscudes de manera molt diferent i subjectiva per a cada persona, i per aix\u00f2, tamb\u00e9 \u00e9s important de remarcar que&nbsp;<strong>no hi ha una \u00fanica manera correcta d\u2019afrontar-les, i que la culpa sempre \u00e9s de l\u2019agressor.<\/strong><\/p>\n\n\n\n<p>No obstant aix\u00f2, avui compartim des de la nostra reflexi\u00f3, algunes propostes que reflecteixen possibilitats reals on podem prendre partit individual i col\u00b7lectivament, davant d\u2019algunes escenes quotidianes de masclisme.<\/p>\n\n\n\n<p><strong>Davant de qualsevol escena de viol\u00e8ncia masclista, el tercer actor i la tercera actriu som nosaltres, i hi podem jugar un paper important.<\/strong><\/p>\n\n\n\n<div class=\"wp-block-jetpack-slideshow aligncenter\" data-effect=\"slide\"><div class=\"wp-block-jetpack-slideshow_container swiper-container\"><ul class=\"wp-block-jetpack-slideshow_swiper-wrapper swiper-wrapper\"><li class=\"wp-block-jetpack-slideshow_slide swiper-slide\"><figure><img data-recalc-dims=\"1\" loading=\"lazy\" decoding=\"async\" width=\"724\" height=\"723\" alt=\"\" class=\"wp-block-jetpack-slideshow_image wp-image-36619\" data-id=\"36619\" src=\"https:\/\/i0.wp.com\/www.fundacioires.org\/wp-content\/uploads\/IMG_25N_CAT_02.png?resize=724%2C723&#038;ssl=1\" srcset=\"https:\/\/i0.wp.com\/www.fundacioires.org\/wp-content\/uploads\/IMG_25N_CAT_02.png?w=724&amp;ssl=1 724w, https:\/\/i0.wp.com\/www.fundacioires.org\/wp-content\/uploads\/IMG_25N_CAT_02.png?resize=300%2C300&amp;ssl=1 300w, https:\/\/i0.wp.com\/www.fundacioires.org\/wp-content\/uploads\/IMG_25N_CAT_02.png?resize=150%2C150&amp;ssl=1 150w, https:\/\/i0.wp.com\/www.fundacioires.org\/wp-content\/uploads\/IMG_25N_CAT_02.png?resize=120%2C120&amp;ssl=1 120w\" sizes=\"(max-width: 724px) 100vw, 724px\" \/><\/figure><\/li><li class=\"wp-block-jetpack-slideshow_slide swiper-slide\"><figure><img data-recalc-dims=\"1\" loading=\"lazy\" decoding=\"async\" width=\"723\" height=\"721\" alt=\"\" class=\"wp-block-jetpack-slideshow_image wp-image-36621\" data-id=\"36621\" src=\"https:\/\/i0.wp.com\/www.fundacioires.org\/wp-content\/uploads\/IMG_25N_CAT_03.png?resize=723%2C721&#038;ssl=1\" srcset=\"https:\/\/i0.wp.com\/www.fundacioires.org\/wp-content\/uploads\/IMG_25N_CAT_03.png?w=723&amp;ssl=1 723w, https:\/\/i0.wp.com\/www.fundacioires.org\/wp-content\/uploads\/IMG_25N_CAT_03.png?resize=300%2C300&amp;ssl=1 300w, https:\/\/i0.wp.com\/www.fundacioires.org\/wp-content\/uploads\/IMG_25N_CAT_03.png?resize=150%2C150&amp;ssl=1 150w, https:\/\/i0.wp.com\/www.fundacioires.org\/wp-content\/uploads\/IMG_25N_CAT_03.png?resize=120%2C120&amp;ssl=1 120w\" sizes=\"(max-width: 723px) 100vw, 723px\" \/><\/figure><\/li><li class=\"wp-block-jetpack-slideshow_slide swiper-slide\"><figure><img data-recalc-dims=\"1\" loading=\"lazy\" decoding=\"async\" width=\"724\" height=\"721\" alt=\"\" class=\"wp-block-jetpack-slideshow_image wp-image-36623\" data-id=\"36623\" src=\"https:\/\/i0.wp.com\/www.fundacioires.org\/wp-content\/uploads\/IMG_25N_CAT_04.png?resize=724%2C721&#038;ssl=1\" srcset=\"https:\/\/i0.wp.com\/www.fundacioires.org\/wp-content\/uploads\/IMG_25N_CAT_04.png?w=724&amp;ssl=1 724w, https:\/\/i0.wp.com\/www.fundacioires.org\/wp-content\/uploads\/IMG_25N_CAT_04.png?resize=300%2C300&amp;ssl=1 300w, https:\/\/i0.wp.com\/www.fundacioires.org\/wp-content\/uploads\/IMG_25N_CAT_04.png?resize=150%2C150&amp;ssl=1 150w, https:\/\/i0.wp.com\/www.fundacioires.org\/wp-content\/uploads\/IMG_25N_CAT_04.png?resize=120%2C120&amp;ssl=1 120w\" sizes=\"(max-width: 724px) 100vw, 724px\" \/><\/figure><\/li><li class=\"wp-block-jetpack-slideshow_slide swiper-slide\"><figure><img data-recalc-dims=\"1\" loading=\"lazy\" decoding=\"async\" width=\"723\" height=\"722\" alt=\"\" class=\"wp-block-jetpack-slideshow_image wp-image-36625\" data-id=\"36625\" src=\"https:\/\/i0.wp.com\/www.fundacioires.org\/wp-content\/uploads\/IMG_25N_CAT_05.png?resize=723%2C722&#038;ssl=1\" srcset=\"https:\/\/i0.wp.com\/www.fundacioires.org\/wp-content\/uploads\/IMG_25N_CAT_05.png?w=723&amp;ssl=1 723w, https:\/\/i0.wp.com\/www.fundacioires.org\/wp-content\/uploads\/IMG_25N_CAT_05.png?resize=300%2C300&amp;ssl=1 300w, https:\/\/i0.wp.com\/www.fundacioires.org\/wp-content\/uploads\/IMG_25N_CAT_05.png?resize=150%2C150&amp;ssl=1 150w, https:\/\/i0.wp.com\/www.fundacioires.org\/wp-content\/uploads\/IMG_25N_CAT_05.png?resize=120%2C120&amp;ssl=1 120w\" sizes=\"(max-width: 723px) 100vw, 723px\" \/><\/figure><\/li><li class=\"wp-block-jetpack-slideshow_slide swiper-slide\"><figure><img data-recalc-dims=\"1\" loading=\"lazy\" decoding=\"async\" width=\"723\" height=\"722\" alt=\"\" class=\"wp-block-jetpack-slideshow_image wp-image-36627\" data-id=\"36627\" src=\"https:\/\/i0.wp.com\/www.fundacioires.org\/wp-content\/uploads\/IMG_25N_CAT_06.png?resize=723%2C722&#038;ssl=1\" srcset=\"https:\/\/i0.wp.com\/www.fundacioires.org\/wp-content\/uploads\/IMG_25N_CAT_06.png?w=723&amp;ssl=1 723w, https:\/\/i0.wp.com\/www.fundacioires.org\/wp-content\/uploads\/IMG_25N_CAT_06.png?resize=300%2C300&amp;ssl=1 300w, https:\/\/i0.wp.com\/www.fundacioires.org\/wp-content\/uploads\/IMG_25N_CAT_06.png?resize=150%2C150&amp;ssl=1 150w, https:\/\/i0.wp.com\/www.fundacioires.org\/wp-content\/uploads\/IMG_25N_CAT_06.png?resize=120%2C120&amp;ssl=1 120w\" sizes=\"(max-width: 723px) 100vw, 723px\" \/><\/figure><\/li><li class=\"wp-block-jetpack-slideshow_slide swiper-slide\"><figure><img data-recalc-dims=\"1\" loading=\"lazy\" decoding=\"async\" width=\"723\" height=\"721\" alt=\"\" class=\"wp-block-jetpack-slideshow_image wp-image-36629\" data-id=\"36629\" src=\"https:\/\/i0.wp.com\/www.fundacioires.org\/wp-content\/uploads\/IMG_25N_CAT_07.png?resize=723%2C721&#038;ssl=1\" srcset=\"https:\/\/i0.wp.com\/www.fundacioires.org\/wp-content\/uploads\/IMG_25N_CAT_07.png?w=723&amp;ssl=1 723w, https:\/\/i0.wp.com\/www.fundacioires.org\/wp-content\/uploads\/IMG_25N_CAT_07.png?resize=300%2C300&amp;ssl=1 300w, https:\/\/i0.wp.com\/www.fundacioires.org\/wp-content\/uploads\/IMG_25N_CAT_07.png?resize=150%2C150&amp;ssl=1 150w, https:\/\/i0.wp.com\/www.fundacioires.org\/wp-content\/uploads\/IMG_25N_CAT_07.png?resize=120%2C120&amp;ssl=1 120w\" sizes=\"(max-width: 723px) 100vw, 723px\" \/><\/figure><\/li><li class=\"wp-block-jetpack-slideshow_slide swiper-slide\"><figure><img data-recalc-dims=\"1\" loading=\"lazy\" decoding=\"async\" width=\"723\" height=\"721\" alt=\"\" class=\"wp-block-jetpack-slideshow_image wp-image-36631\" data-id=\"36631\" src=\"https:\/\/i0.wp.com\/www.fundacioires.org\/wp-content\/uploads\/IMG_25N_CAT_08.png?resize=723%2C721&#038;ssl=1\" srcset=\"https:\/\/i0.wp.com\/www.fundacioires.org\/wp-content\/uploads\/IMG_25N_CAT_08.png?w=723&amp;ssl=1 723w, https:\/\/i0.wp.com\/www.fundacioires.org\/wp-content\/uploads\/IMG_25N_CAT_08.png?resize=300%2C300&amp;ssl=1 300w, https:\/\/i0.wp.com\/www.fundacioires.org\/wp-content\/uploads\/IMG_25N_CAT_08.png?resize=150%2C150&amp;ssl=1 150w, https:\/\/i0.wp.com\/www.fundacioires.org\/wp-content\/uploads\/IMG_25N_CAT_08.png?resize=120%2C120&amp;ssl=1 120w\" sizes=\"(max-width: 723px) 100vw, 723px\" \/><\/figure><\/li><li class=\"wp-block-jetpack-slideshow_slide swiper-slide\"><figure><img data-recalc-dims=\"1\" loading=\"lazy\" decoding=\"async\" width=\"724\" height=\"723\" alt=\"\" class=\"wp-block-jetpack-slideshow_image wp-image-36633\" data-id=\"36633\" src=\"https:\/\/i0.wp.com\/www.fundacioires.org\/wp-content\/uploads\/IMG_25N_CAT_10.png?resize=724%2C723&#038;ssl=1\" srcset=\"https:\/\/i0.wp.com\/www.fundacioires.org\/wp-content\/uploads\/IMG_25N_CAT_10.png?w=724&amp;ssl=1 724w, https:\/\/i0.wp.com\/www.fundacioires.org\/wp-content\/uploads\/IMG_25N_CAT_10.png?resize=300%2C300&amp;ssl=1 300w, https:\/\/i0.wp.com\/www.fundacioires.org\/wp-content\/uploads\/IMG_25N_CAT_10.png?resize=150%2C150&amp;ssl=1 150w, https:\/\/i0.wp.com\/www.fundacioires.org\/wp-content\/uploads\/IMG_25N_CAT_10.png?resize=120%2C120&amp;ssl=1 120w\" sizes=\"(max-width: 724px) 100vw, 724px\" \/><\/figure><\/li><\/ul><a class=\"wp-block-jetpack-slideshow_button-prev swiper-button-prev swiper-button-white\" role=\"button\"><\/a><a class=\"wp-block-jetpack-slideshow_button-next swiper-button-next swiper-button-white\" role=\"button\"><\/a><a aria-label=\"Pause Slideshow\" class=\"wp-block-jetpack-slideshow_button-pause\" role=\"button\"><\/a><div class=\"wp-block-jetpack-slideshow_pagination swiper-pagination swiper-pagination-white\"><\/div><\/div><\/div>\n\n\n\n<div class=\"wp-block-buttons is-layout-flex wp-block-buttons-is-layout-flex\">\n<div class=\"wp-block-button aligncenter is-style-outline is-style-outline--1\"><a class=\"wp-block-button__link has-white-background-color has-background wp-element-button\" href=\"https:\/\/www.fundacioires.org\/wp-content\/uploads\/25N_Infografia_Escenas_Tercer_actor_CAT.png\" style=\"border-radius:100px\">Veure infografia sencera<\/a><\/div>\n<\/div>\n\n\n\n<p class=\"has-text-align-center has-black-color has-text-color has-background\" style=\"background-color:#f7f0ff\"><strong>Coneix m\u00e9s sobre el&nbsp;Projecte Fils&nbsp;la nostra&nbsp;<a href=\"https:\/\/www.fundacioires.org\/ca\/que-fem\/ecosistema-de-projectes\/projecte-fils\/\">atenci\u00f3 terap\u00e8utica i educativa<\/a>, el pla de&nbsp;<a href=\"https:\/\/www.fundacioires.org\/wp-content\/uploads\/CAT_Complet-IRES_compressed.pdf\">formacions<\/a>&nbsp;sobre&nbsp;Perspectiva de g\u00e8nere&nbsp;o per a explorar&nbsp;formes alternatives de viure la masculinitat.&nbsp;Pots contactar amb l\u2019equip a&nbsp;<a href=\"mailto:fils@fundacioires.org\">fils@fundacioires.org<\/a><\/strong><\/p>\n","protected":false},"excerpt":{"rendered":"<p>Davant les viol\u00e8ncies masclistes, tamb\u00e9 en som protagonistes: Un missatge del Projecte Fils de la Fundaci\u00f3 IRES per a l\u2019acci\u00f3 col\u00b7lectiva<\/p>\n","protected":false},"author":7,"featured_media":36615,"comment_status":"closed","ping_status":"open","sticky":false,"template":"","format":"standard","meta":{"_jetpack_memberships_contains_paid_content":false,"footnotes":""},"categories":[19],"tags":[76],"class_list":["post-46650","post","type-post","status-publish","format-standard","has-post-thumbnail","hentry","category-ires-blog","tag-fils-ca-2"],"yoast_head":"<!-- This site is optimized with the Yoast SEO plugin v27.4 - https:\/\/yoast.com\/product\/yoast-seo-wordpress\/ -->\n<title>#25N: Situacions de viol\u00e8ncia masclista<\/title>\n<meta name=\"description\" content=\"Davant les viol\u00e8ncies masclistes, tamb\u00e9 en som protagonistes: Un missatge del Projecte Fils de la Fundaci\u00f3 IRES per a l\u2019acci\u00f3 col\u00b7lectiva.\" \/>\n<meta name=\"robots\" content=\"index, follow, max-snippet:-1, max-image-preview:large, max-video-preview:-1\" \/>\n<link rel=\"canonical\" href=\"https:\/\/www.fundacioires.org\/ca\/25n-que-ens-passa-quan-presenciem-situacions-de-violencia-masclista\/\" \/>\n<meta property=\"og:locale\" content=\"ca_ES\" \/>\n<meta property=\"og:type\" content=\"article\" \/>\n<meta property=\"og:title\" content=\"#25N: Situacions de viol\u00e8ncia masclista\" \/>\n<meta property=\"og:description\" content=\"Davant les viol\u00e8ncies masclistes, tamb\u00e9 en som protagonistes: Un missatge del Projecte Fils de la Fundaci\u00f3 IRES per a l\u2019acci\u00f3 col\u00b7lectiva.\" \/>\n<meta property=\"og:url\" content=\"https:\/\/www.fundacioires.org\/ca\/25n-que-ens-passa-quan-presenciem-situacions-de-violencia-masclista\/\" \/>\n<meta property=\"og:site_name\" content=\"Fundaci\u00f3 IRES\" \/>\n<meta property=\"article:published_time\" content=\"2021-11-23T10:05:00+00:00\" \/>\n<meta property=\"article:modified_time\" content=\"2022-11-23T10:13:52+00:00\" \/>\n<meta property=\"og:image\" content=\"https:\/\/www.fundacioires.org\/wp-content\/uploads\/IMG_Noti_CAT.png\" \/>\n\t<meta property=\"og:image:width\" content=\"1200\" \/>\n\t<meta property=\"og:image:height\" content=\"628\" \/>\n\t<meta property=\"og:image:type\" content=\"image\/png\" \/>\n<meta name=\"author\" content=\"Fundaci\u00f3 IRES\" \/>\n<meta name=\"twitter:card\" content=\"summary_large_image\" \/>\n<meta name=\"twitter:label1\" content=\"Written by\" \/>\n\t<meta name=\"twitter:data1\" content=\"Fundaci\u00f3 IRES\" \/>\n\t<meta name=\"twitter:label2\" content=\"Est. reading time\" \/>\n\t<meta name=\"twitter:data2\" content=\"4 minutes\" \/>\n<script type=\"application\/ld+json\" class=\"yoast-schema-graph\">{\"@context\":\"https:\\\/\\\/schema.org\",\"@graph\":[{\"@type\":\"Article\",\"@id\":\"https:\\\/\\\/www.fundacioires.org\\\/ca\\\/25n-que-ens-passa-quan-presenciem-situacions-de-violencia-masclista\\\/#article\",\"isPartOf\":{\"@id\":\"https:\\\/\\\/www.fundacioires.org\\\/ca\\\/25n-que-ens-passa-quan-presenciem-situacions-de-violencia-masclista\\\/\"},\"author\":{\"name\":\"Fundaci\u00f3 IRES\",\"@id\":\"https:\\\/\\\/www.fundacioires.org\\\/#\\\/schema\\\/person\\\/160af843c565221ef4664a5c7000791c\"},\"headline\":\"#25N: Qu\u00e8 ens passa quan presenciem situacions de viol\u00e8ncia masclista?\",\"datePublished\":\"2021-11-23T10:05:00+00:00\",\"dateModified\":\"2022-11-23T10:13:52+00:00\",\"mainEntityOfPage\":{\"@id\":\"https:\\\/\\\/www.fundacioires.org\\\/ca\\\/25n-que-ens-passa-quan-presenciem-situacions-de-violencia-masclista\\\/\"},\"wordCount\":478,\"publisher\":{\"@id\":\"https:\\\/\\\/www.fundacioires.org\\\/#organization\"},\"image\":{\"@id\":\"https:\\\/\\\/www.fundacioires.org\\\/ca\\\/25n-que-ens-passa-quan-presenciem-situacions-de-violencia-masclista\\\/#primaryimage\"},\"thumbnailUrl\":\"https:\\\/\\\/i0.wp.com\\\/www.fundacioires.org\\\/wp-content\\\/uploads\\\/IMG_Noti_CAT.png?fit=1200%2C628&ssl=1\",\"keywords\":[\"Fils\"],\"articleSection\":[\"IRES-Blog\"],\"inLanguage\":\"ca-ES\"},{\"@type\":\"WebPage\",\"@id\":\"https:\\\/\\\/www.fundacioires.org\\\/ca\\\/25n-que-ens-passa-quan-presenciem-situacions-de-violencia-masclista\\\/\",\"url\":\"https:\\\/\\\/www.fundacioires.org\\\/ca\\\/25n-que-ens-passa-quan-presenciem-situacions-de-violencia-masclista\\\/\",\"name\":\"#25N: Situacions de viol\u00e8ncia masclista\",\"isPartOf\":{\"@id\":\"https:\\\/\\\/www.fundacioires.org\\\/#website\"},\"primaryImageOfPage\":{\"@id\":\"https:\\\/\\\/www.fundacioires.org\\\/ca\\\/25n-que-ens-passa-quan-presenciem-situacions-de-violencia-masclista\\\/#primaryimage\"},\"image\":{\"@id\":\"https:\\\/\\\/www.fundacioires.org\\\/ca\\\/25n-que-ens-passa-quan-presenciem-situacions-de-violencia-masclista\\\/#primaryimage\"},\"thumbnailUrl\":\"https:\\\/\\\/i0.wp.com\\\/www.fundacioires.org\\\/wp-content\\\/uploads\\\/IMG_Noti_CAT.png?fit=1200%2C628&ssl=1\",\"datePublished\":\"2021-11-23T10:05:00+00:00\",\"dateModified\":\"2022-11-23T10:13:52+00:00\",\"description\":\"Davant les viol\u00e8ncies masclistes, tamb\u00e9 en som protagonistes: Un missatge del Projecte Fils de la Fundaci\u00f3 IRES per a l\u2019acci\u00f3 col\u00b7lectiva.\",\"breadcrumb\":{\"@id\":\"https:\\\/\\\/www.fundacioires.org\\\/ca\\\/25n-que-ens-passa-quan-presenciem-situacions-de-violencia-masclista\\\/#breadcrumb\"},\"inLanguage\":\"ca-ES\",\"potentialAction\":[{\"@type\":\"ReadAction\",\"target\":[\"https:\\\/\\\/www.fundacioires.org\\\/ca\\\/25n-que-ens-passa-quan-presenciem-situacions-de-violencia-masclista\\\/\"]}]},{\"@type\":\"ImageObject\",\"inLanguage\":\"ca-ES\",\"@id\":\"https:\\\/\\\/www.fundacioires.org\\\/ca\\\/25n-que-ens-passa-quan-presenciem-situacions-de-violencia-masclista\\\/#primaryimage\",\"url\":\"https:\\\/\\\/i0.wp.com\\\/www.fundacioires.org\\\/wp-content\\\/uploads\\\/IMG_Noti_CAT.png?fit=1200%2C628&ssl=1\",\"contentUrl\":\"https:\\\/\\\/i0.wp.com\\\/www.fundacioires.org\\\/wp-content\\\/uploads\\\/IMG_Noti_CAT.png?fit=1200%2C628&ssl=1\",\"width\":1200,\"height\":628},{\"@type\":\"BreadcrumbList\",\"@id\":\"https:\\\/\\\/www.fundacioires.org\\\/ca\\\/25n-que-ens-passa-quan-presenciem-situacions-de-violencia-masclista\\\/#breadcrumb\",\"itemListElement\":[{\"@type\":\"ListItem\",\"position\":1,\"name\":\"Portada\",\"item\":\"https:\\\/\\\/www.fundacioires.org\\\/\"},{\"@type\":\"ListItem\",\"position\":2,\"name\":\"#25N: Qu\u00e8 ens passa quan presenciem situacions de viol\u00e8ncia masclista?\"}]},{\"@type\":\"WebSite\",\"@id\":\"https:\\\/\\\/www.fundacioires.org\\\/#website\",\"url\":\"https:\\\/\\\/www.fundacioires.org\\\/\",\"name\":\"Fundaci\u00f3 IRES\",\"description\":\"\",\"publisher\":{\"@id\":\"https:\\\/\\\/www.fundacioires.org\\\/#organization\"},\"potentialAction\":[{\"@type\":\"SearchAction\",\"target\":{\"@type\":\"EntryPoint\",\"urlTemplate\":\"https:\\\/\\\/www.fundacioires.org\\\/?s={search_term_string}\"},\"query-input\":{\"@type\":\"PropertyValueSpecification\",\"valueRequired\":true,\"valueName\":\"search_term_string\"}}],\"inLanguage\":\"ca-ES\"},{\"@type\":\"Organization\",\"@id\":\"https:\\\/\\\/www.fundacioires.org\\\/#organization\",\"name\":\"Fundanci\u00f3n IRES\",\"url\":\"https:\\\/\\\/www.fundacioires.org\\\/\",\"logo\":{\"@type\":\"ImageObject\",\"inLanguage\":\"ca-ES\",\"@id\":\"https:\\\/\\\/www.fundacioires.org\\\/#\\\/schema\\\/logo\\\/image\\\/\",\"url\":\"https:\\\/\\\/i0.wp.com\\\/www.fundacioires.org\\\/wp-content\\\/uploads\\\/faviconIRES.png?fit=32%2C32&ssl=1\",\"contentUrl\":\"https:\\\/\\\/i0.wp.com\\\/www.fundacioires.org\\\/wp-content\\\/uploads\\\/faviconIRES.png?fit=32%2C32&ssl=1\",\"width\":32,\"height\":32,\"caption\":\"Fundanci\u00f3n IRES\"},\"image\":{\"@id\":\"https:\\\/\\\/www.fundacioires.org\\\/#\\\/schema\\\/logo\\\/image\\\/\"}},{\"@type\":\"Person\",\"@id\":\"https:\\\/\\\/www.fundacioires.org\\\/#\\\/schema\\\/person\\\/160af843c565221ef4664a5c7000791c\",\"name\":\"Fundaci\u00f3 IRES\"}]}<\/script>\n<!-- \/ Yoast SEO plugin. -->","yoast_head_json":{"title":"#25N: Situacions de viol\u00e8ncia masclista","description":"Davant les viol\u00e8ncies masclistes, tamb\u00e9 en som protagonistes: Un missatge del Projecte Fils de la Fundaci\u00f3 IRES per a l\u2019acci\u00f3 col\u00b7lectiva.","robots":{"index":"index","follow":"follow","max-snippet":"max-snippet:-1","max-image-preview":"max-image-preview:large","max-video-preview":"max-video-preview:-1"},"canonical":"https:\/\/www.fundacioires.org\/ca\/25n-que-ens-passa-quan-presenciem-situacions-de-violencia-masclista\/","og_locale":"ca_ES","og_type":"article","og_title":"#25N: Situacions de viol\u00e8ncia masclista","og_description":"Davant les viol\u00e8ncies masclistes, tamb\u00e9 en som protagonistes: Un missatge del Projecte Fils de la Fundaci\u00f3 IRES per a l\u2019acci\u00f3 col\u00b7lectiva.","og_url":"https:\/\/www.fundacioires.org\/ca\/25n-que-ens-passa-quan-presenciem-situacions-de-violencia-masclista\/","og_site_name":"Fundaci\u00f3 IRES","article_published_time":"2021-11-23T10:05:00+00:00","article_modified_time":"2022-11-23T10:13:52+00:00","og_image":[{"width":1200,"height":628,"url":"https:\/\/www.fundacioires.org\/wp-content\/uploads\/IMG_Noti_CAT.png","type":"image\/png"}],"author":"Fundaci\u00f3 IRES","twitter_card":"summary_large_image","twitter_misc":{"Written by":"Fundaci\u00f3 IRES","Est. reading time":"4 minutes"},"schema":{"@context":"https:\/\/schema.org","@graph":[{"@type":"Article","@id":"https:\/\/www.fundacioires.org\/ca\/25n-que-ens-passa-quan-presenciem-situacions-de-violencia-masclista\/#article","isPartOf":{"@id":"https:\/\/www.fundacioires.org\/ca\/25n-que-ens-passa-quan-presenciem-situacions-de-violencia-masclista\/"},"author":{"name":"Fundaci\u00f3 IRES","@id":"https:\/\/www.fundacioires.org\/#\/schema\/person\/160af843c565221ef4664a5c7000791c"},"headline":"#25N: Qu\u00e8 ens passa quan presenciem situacions de viol\u00e8ncia masclista?","datePublished":"2021-11-23T10:05:00+00:00","dateModified":"2022-11-23T10:13:52+00:00","mainEntityOfPage":{"@id":"https:\/\/www.fundacioires.org\/ca\/25n-que-ens-passa-quan-presenciem-situacions-de-violencia-masclista\/"},"wordCount":478,"publisher":{"@id":"https:\/\/www.fundacioires.org\/#organization"},"image":{"@id":"https:\/\/www.fundacioires.org\/ca\/25n-que-ens-passa-quan-presenciem-situacions-de-violencia-masclista\/#primaryimage"},"thumbnailUrl":"https:\/\/i0.wp.com\/www.fundacioires.org\/wp-content\/uploads\/IMG_Noti_CAT.png?fit=1200%2C628&ssl=1","keywords":["Fils"],"articleSection":["IRES-Blog"],"inLanguage":"ca-ES"},{"@type":"WebPage","@id":"https:\/\/www.fundacioires.org\/ca\/25n-que-ens-passa-quan-presenciem-situacions-de-violencia-masclista\/","url":"https:\/\/www.fundacioires.org\/ca\/25n-que-ens-passa-quan-presenciem-situacions-de-violencia-masclista\/","name":"#25N: Situacions de viol\u00e8ncia masclista","isPartOf":{"@id":"https:\/\/www.fundacioires.org\/#website"},"primaryImageOfPage":{"@id":"https:\/\/www.fundacioires.org\/ca\/25n-que-ens-passa-quan-presenciem-situacions-de-violencia-masclista\/#primaryimage"},"image":{"@id":"https:\/\/www.fundacioires.org\/ca\/25n-que-ens-passa-quan-presenciem-situacions-de-violencia-masclista\/#primaryimage"},"thumbnailUrl":"https:\/\/i0.wp.com\/www.fundacioires.org\/wp-content\/uploads\/IMG_Noti_CAT.png?fit=1200%2C628&ssl=1","datePublished":"2021-11-23T10:05:00+00:00","dateModified":"2022-11-23T10:13:52+00:00","description":"Davant les viol\u00e8ncies masclistes, tamb\u00e9 en som protagonistes: Un missatge del Projecte Fils de la Fundaci\u00f3 IRES per a l\u2019acci\u00f3 col\u00b7lectiva.","breadcrumb":{"@id":"https:\/\/www.fundacioires.org\/ca\/25n-que-ens-passa-quan-presenciem-situacions-de-violencia-masclista\/#breadcrumb"},"inLanguage":"ca-ES","potentialAction":[{"@type":"ReadAction","target":["https:\/\/www.fundacioires.org\/ca\/25n-que-ens-passa-quan-presenciem-situacions-de-violencia-masclista\/"]}]},{"@type":"ImageObject","inLanguage":"ca-ES","@id":"https:\/\/www.fundacioires.org\/ca\/25n-que-ens-passa-quan-presenciem-situacions-de-violencia-masclista\/#primaryimage","url":"https:\/\/i0.wp.com\/www.fundacioires.org\/wp-content\/uploads\/IMG_Noti_CAT.png?fit=1200%2C628&ssl=1","contentUrl":"https:\/\/i0.wp.com\/www.fundacioires.org\/wp-content\/uploads\/IMG_Noti_CAT.png?fit=1200%2C628&ssl=1","width":1200,"height":628},{"@type":"BreadcrumbList","@id":"https:\/\/www.fundacioires.org\/ca\/25n-que-ens-passa-quan-presenciem-situacions-de-violencia-masclista\/#breadcrumb","itemListElement":[{"@type":"ListItem","position":1,"name":"Portada","item":"https:\/\/www.fundacioires.org\/"},{"@type":"ListItem","position":2,"name":"#25N: Qu\u00e8 ens passa quan presenciem situacions de viol\u00e8ncia masclista?"}]},{"@type":"WebSite","@id":"https:\/\/www.fundacioires.org\/#website","url":"https:\/\/www.fundacioires.org\/","name":"Fundaci\u00f3 IRES","description":"","publisher":{"@id":"https:\/\/www.fundacioires.org\/#organization"},"potentialAction":[{"@type":"SearchAction","target":{"@type":"EntryPoint","urlTemplate":"https:\/\/www.fundacioires.org\/?s={search_term_string}"},"query-input":{"@type":"PropertyValueSpecification","valueRequired":true,"valueName":"search_term_string"}}],"inLanguage":"ca-ES"},{"@type":"Organization","@id":"https:\/\/www.fundacioires.org\/#organization","name":"Fundanci\u00f3n IRES","url":"https:\/\/www.fundacioires.org\/","logo":{"@type":"ImageObject","inLanguage":"ca-ES","@id":"https:\/\/www.fundacioires.org\/#\/schema\/logo\/image\/","url":"https:\/\/i0.wp.com\/www.fundacioires.org\/wp-content\/uploads\/faviconIRES.png?fit=32%2C32&ssl=1","contentUrl":"https:\/\/i0.wp.com\/www.fundacioires.org\/wp-content\/uploads\/faviconIRES.png?fit=32%2C32&ssl=1","width":32,"height":32,"caption":"Fundanci\u00f3n IRES"},"image":{"@id":"https:\/\/www.fundacioires.org\/#\/schema\/logo\/image\/"}},{"@type":"Person","@id":"https:\/\/www.fundacioires.org\/#\/schema\/person\/160af843c565221ef4664a5c7000791c","name":"Fundaci\u00f3 IRES"}]}},"jetpack_featured_media_url":"https:\/\/i0.wp.com\/www.fundacioires.org\/wp-content\/uploads\/IMG_Noti_CAT.png?fit=1200%2C628&ssl=1","jetpack_sharing_enabled":true,"_links":{"self":[{"href":"https:\/\/www.fundacioires.org\/ca\/wp-json\/wp\/v2\/posts\/46650","targetHints":{"allow":["GET"]}}],"collection":[{"href":"https:\/\/www.fundacioires.org\/ca\/wp-json\/wp\/v2\/posts"}],"about":[{"href":"https:\/\/www.fundacioires.org\/ca\/wp-json\/wp\/v2\/types\/post"}],"author":[{"embeddable":true,"href":"https:\/\/www.fundacioires.org\/ca\/wp-json\/wp\/v2\/users\/7"}],"replies":[{"embeddable":true,"href":"https:\/\/www.fundacioires.org\/ca\/wp-json\/wp\/v2\/comments?post=46650"}],"version-history":[{"count":3,"href":"https:\/\/www.fundacioires.org\/ca\/wp-json\/wp\/v2\/posts\/46650\/revisions"}],"predecessor-version":[{"id":46654,"href":"https:\/\/www.fundacioires.org\/ca\/wp-json\/wp\/v2\/posts\/46650\/revisions\/46654"}],"wp:featuredmedia":[{"embeddable":true,"href":"https:\/\/www.fundacioires.org\/ca\/wp-json\/wp\/v2\/media\/36615"}],"wp:attachment":[{"href":"https:\/\/www.fundacioires.org\/ca\/wp-json\/wp\/v2\/media?parent=46650"}],"wp:term":[{"taxonomy":"category","embeddable":true,"href":"https:\/\/www.fundacioires.org\/ca\/wp-json\/wp\/v2\/categories?post=46650"},{"taxonomy":"post_tag","embeddable":true,"href":"https:\/\/www.fundacioires.org\/ca\/wp-json\/wp\/v2\/tags?post=46650"}],"curies":[{"name":"wp","href":"https:\/\/api.w.org\/{rel}","templated":true}]}}