{"id":46691,"date":"2022-11-24T13:55:38","date_gmt":"2022-11-24T12:55:38","guid":{"rendered":"https:\/\/www.fundacioires.org\/?p=46691"},"modified":"2022-11-24T15:01:06","modified_gmt":"2022-11-24T14:01:06","slug":"25n-compromis-feminista-compromis-quotidia","status":"publish","type":"post","link":"https:\/\/www.fundacioires.org\/ca\/25n-compromis-feminista-compromis-quotidia\/","title":{"rendered":"<strong>25N: Comprom\u00eds feminista, comprom\u00eds quotidi\u00e0<\/strong>"},"content":{"rendered":"\n<p class=\"has-text-color has-background\" style=\"color:#5d32a7;background-color:#fcf6ff\"><strong>Aquest article ha estat realitzat a partir de les aportacions dels equips de la Fundaci\u00f3 IRES<\/strong>.<\/p>\n\n\n\n<p>Un <strong>25 de novembre<\/strong> de 1960, les Germanes Mir\u00e1bal, tres activistes pol\u00edtiques conegudes com \u201dLas Mariposas\u201d, van ser assassinades pel govern de la Rep\u00fablica Dominicana. \u00c9s per aquest fet que s&#8217;assenyala aquesta data per a commemorar globalment el <strong>Dia Internacional per a l&#8217;eliminaci\u00f3 de la viol\u00e8ncia cap a les dones o basada en el g\u00e8nere.<\/strong><\/p>\n\n\n\n<p>La Declaraci\u00f3 sobre l&#8217;eliminaci\u00f3 de la viol\u00e8ncia contra la dona, defineix la mateixa com \u201ctot acte de viol\u00e8ncia que tingui o pugui tenir com a resultat un mal o sofriment f\u00edsic, sexual o psicol\u00f2gic per a la dona, aix\u00ed com les amenaces de tals actes, la coacci\u00f3 o la privaci\u00f3 arbitr\u00e0ria de la llibertat, tant si es produeixen en la vida p\u00fablica com en la vida privada.\u201d Segons dades de l&#8217;ONU,<strong> 1 de cada 3 dones en el m\u00f3n <\/strong>ha patit algun tipus de viol\u00e8ncia f\u00edsica, sexual o psicol\u00f2gica pel fet de ser dona. <strong>La viol\u00e8ncia masclista \u00e9s un problema social, de primera magnitud.<\/strong><\/p>\n\n\n\n<p>A la Fundaci\u00f3 IRES treballem di\u00e0riament, a trav\u00e9s de molts dels nostres projectes, en la seva prevenci\u00f3 i en la reparaci\u00f3 dels seus danys centrant-nos especialment en aquelles <strong>dones que es troben en situaci\u00f3 de major risc, com nenes, dones grans, amb discapacitat, migrants, amb malaltia, LBT<\/strong> i altres caracter\u00edstiques o condicions que poden augmentar la vulnerabilitat i opressi\u00f3 dins de la societat patriarcal.<\/p>\n\n\n\n<p>El 25 de novembre \u00e9s un dia per a reivindicar que <strong>totes les persones, sense distinci\u00f3 de g\u00e8nere, tenim drets i som mereixedores de respecte, reconeixement, oportunitats, llibertat i just\u00edcia.<\/strong> El 25 de novembre serveix per a celebrar els avan\u00e7os, visibilitzar les diferents formes de viol\u00e8ncia de g\u00e8nere i per a promoure la mobilitzaci\u00f3 social i la implicaci\u00f3 personal<s> <\/s>necess\u00e0ries per a acabar amb aquesta xacra.<\/p>\n\n\n\n<p>El 25 de novembre, <strong>tamb\u00e9 \u00e9s un comprom\u00eds de les persones de l&#8217;avui i per les generacions futures.<\/strong> \u00c9s un dia per a reflexionar, per a repensar-nos com a persones d&#8217;un sexe determinat i deconstruir el g\u00e8nere apr\u00e8s. \u00c9s un dia per a observar, analitzar i canviar. \u00c9s un dia per a reaccionar, un dia per a donar-nos suport, per a actuar. \u00c9s un dia per a mirar al present, des de la autocr\u00edtica i la cr\u00edtica social perqu\u00e8 volem un escenari millor i m\u00e9s sa per a totes les persones, homes i dones que el conformem.<strong> \u00c9s una causa per a commemorar tots els dies<\/strong>, en diferents formes, portant la igualtat de g\u00e8nere a la pr\u00e0ctica aplicant el feminisme al nostre estil de vida.<\/p>\n\n\n\n<p><strong>En tots els \u00e0mbits i espais en els quals convivim, s\u00f3n moltes i variades les petites accions quotidianes que podem realitzar per a contribuir a un m\u00f3n m\u00e9s just i igualitari lliure de viol\u00e8ncia.<\/strong> Per aix\u00f2, enguany hem volgut con\u00e8ixer quines s\u00f3n les contribucions a la igualtat de g\u00e8nere &nbsp;que duen a terme di\u00e0riament les persones que formen part de Fundaci\u00f3 IRES, recollint les seves respostes mitjan\u00e7ant una enquesta. Despr\u00e9s, hem creat la <strong>infografia \u201cCom apliques la perspectiva de g\u00e8nere en el teu dia a dia?\u201d<\/strong>. I hem volgut compartir-la per a inspirar a altres persones i aix\u00ed col\u00b7laborar en la transformaci\u00f3 cap a la igualtat de la societat en la qual vivim amb un missatge col\u00b7lectiu clar i coherent: rebutgem la viol\u00e8ncia de g\u00e8nere en totes les seves manifestacions.<\/p>\n\n\n\n<p>Formar-se m\u00e9s, llegir sobre feminisme o autores invisibilitzades, acompanyar a dones en el seu proc\u00e9s de sortida de la viol\u00e8ncia o den\u00fancia, educar en igualtat de g\u00e8nere, ser corresponsable, desaprendre les creences masclistes interioritzades, reaccionar davant les viol\u00e8ncies m\u00e9s subtils, prendre consci\u00e8ncia dels privilegis i els prejudicis de g\u00e8nere, participar en activisme\u2026 <strong>Aquestes i moltes altres s\u00f3n les pr\u00e0ctiques de feminisme quotidi\u00e0 que apliquen els nostres equips<\/strong>.<\/p>\n\n\n<div class=\"wp-block-image\">\n<figure class=\"aligncenter size-large is-resized\"><a href=\"https:\/\/www.fundacioires.org\/wp-content\/uploads\/25N_2022_Feminisme_-quotidia_Infografia_CAT.pdf\"><img data-recalc-dims=\"1\" loading=\"lazy\" decoding=\"async\" src=\"https:\/\/i0.wp.com\/www.fundacioires.org\/wp-content\/uploads\/2-37.png?resize=351%2C351&#038;ssl=1\" alt=\"\" class=\"wp-image-46706\" width=\"351\" height=\"351\" srcset=\"https:\/\/i0.wp.com\/www.fundacioires.org\/wp-content\/uploads\/2-37.png?resize=1024%2C1024&amp;ssl=1 1024w, https:\/\/i0.wp.com\/www.fundacioires.org\/wp-content\/uploads\/2-37.png?resize=300%2C300&amp;ssl=1 300w, https:\/\/i0.wp.com\/www.fundacioires.org\/wp-content\/uploads\/2-37.png?resize=150%2C150&amp;ssl=1 150w, https:\/\/i0.wp.com\/www.fundacioires.org\/wp-content\/uploads\/2-37.png?resize=768%2C768&amp;ssl=1 768w, https:\/\/i0.wp.com\/www.fundacioires.org\/wp-content\/uploads\/2-37.png?resize=120%2C120&amp;ssl=1 120w, https:\/\/i0.wp.com\/www.fundacioires.org\/wp-content\/uploads\/2-37.png?w=1080&amp;ssl=1 1080w\" sizes=\"(max-width: 351px) 100vw, 351px\" \/><\/a><\/figure>\n<\/div>\n\n\n<div class=\"wp-block-buttons is-content-justification-center is-layout-flex wp-container-core-buttons-is-layout-16018d1d wp-block-buttons-is-layout-flex\">\n<div class=\"wp-block-button is-style-fill\"><a class=\"wp-block-button__link has-background wp-element-button\" href=\"https:\/\/www.fundacioires.org\/wp-content\/uploads\/25N_2022_Feminisme_-quotidia_Infografia_CAT.pdf\" style=\"background-color:#5d32a7\" target=\"_blank\" rel=\"noreferrer noopener\"><strong>Veure infografia<\/strong><\/a><\/div>\n<\/div>\n\n\n\n<p class=\"has-text-align-center has-text-color has-medium-font-size\" style=\"color:#5d32a7\"><strong>Quin \u00e9s el teu comprom\u00eds amb la igualtat de g\u00e8nere?<\/strong><\/p>\n","protected":false},"excerpt":{"rendered":"<p>Qu\u00e8 commemorem el 25N? A quines esferes podem portar la perspectiva feminista? Com podem contribuir amb accions quotidianes?<\/p>\n","protected":false},"author":7,"featured_media":46692,"comment_status":"closed","ping_status":"open","sticky":false,"template":"","format":"standard","meta":{"_jetpack_memberships_contains_paid_content":false,"footnotes":""},"categories":[19],"tags":[],"class_list":["post-46691","post","type-post","status-publish","format-standard","has-post-thumbnail","hentry","category-ires-blog"],"yoast_head":"<!-- This site is optimized with the Yoast SEO plugin v27.4 - https:\/\/yoast.com\/product\/yoast-seo-wordpress\/ -->\n<title>25N: Comprom\u00eds feminista, comprom\u00eds quotidi\u00e0 - Fundaci\u00f3 IRES<\/title>\n<meta name=\"description\" content=\"Qu\u00e8 commemorem el 25N? A quines esferes podem portar la perspectiva feminista? Com podem contribuir amb accions quotidianes?\" \/>\n<meta name=\"robots\" content=\"index, follow, max-snippet:-1, max-image-preview:large, max-video-preview:-1\" \/>\n<link rel=\"canonical\" href=\"https:\/\/www.fundacioires.org\/ca\/25n-compromis-feminista-compromis-quotidia\/\" \/>\n<meta property=\"og:locale\" content=\"ca_ES\" \/>\n<meta property=\"og:type\" content=\"article\" \/>\n<meta property=\"og:title\" content=\"25N: Comprom\u00eds feminista, comprom\u00eds quotidi\u00e0 - Fundaci\u00f3 IRES\" \/>\n<meta property=\"og:description\" content=\"Qu\u00e8 commemorem el 25N? A quines esferes podem portar la perspectiva feminista? Com podem contribuir amb accions quotidianes?\" \/>\n<meta property=\"og:url\" content=\"https:\/\/www.fundacioires.org\/ca\/25n-compromis-feminista-compromis-quotidia\/\" \/>\n<meta property=\"og:site_name\" content=\"Fundaci\u00f3 IRES\" \/>\n<meta property=\"article:published_time\" content=\"2022-11-24T12:55:38+00:00\" \/>\n<meta property=\"article:modified_time\" content=\"2022-11-24T14:01:06+00:00\" \/>\n<meta property=\"og:image\" content=\"https:\/\/www.fundacioires.org\/wp-content\/uploads\/25N_2022_Feminisme_-quotidia_Capcalera_CAT.png\" \/>\n\t<meta property=\"og:image:width\" content=\"1600\" \/>\n\t<meta property=\"og:image:height\" content=\"900\" \/>\n\t<meta property=\"og:image:type\" content=\"image\/png\" \/>\n<meta name=\"author\" content=\"Fundaci\u00f3 IRES\" \/>\n<meta name=\"twitter:card\" content=\"summary_large_image\" \/>\n<meta name=\"twitter:label1\" content=\"Written by\" \/>\n\t<meta name=\"twitter:data1\" content=\"Fundaci\u00f3 IRES\" \/>\n\t<meta name=\"twitter:label2\" content=\"Est. reading time\" \/>\n\t<meta name=\"twitter:data2\" content=\"4 minutes\" \/>\n<script type=\"application\/ld+json\" class=\"yoast-schema-graph\">{\"@context\":\"https:\\\/\\\/schema.org\",\"@graph\":[{\"@type\":\"Article\",\"@id\":\"https:\\\/\\\/www.fundacioires.org\\\/ca\\\/25n-compromis-feminista-compromis-quotidia\\\/#article\",\"isPartOf\":{\"@id\":\"https:\\\/\\\/www.fundacioires.org\\\/ca\\\/25n-compromis-feminista-compromis-quotidia\\\/\"},\"author\":{\"name\":\"Fundaci\u00f3 IRES\",\"@id\":\"https:\\\/\\\/www.fundacioires.org\\\/#\\\/schema\\\/person\\\/160af843c565221ef4664a5c7000791c\"},\"headline\":\"25N: Comprom\u00eds feminista, comprom\u00eds quotidi\u00e0\",\"datePublished\":\"2022-11-24T12:55:38+00:00\",\"dateModified\":\"2022-11-24T14:01:06+00:00\",\"mainEntityOfPage\":{\"@id\":\"https:\\\/\\\/www.fundacioires.org\\\/ca\\\/25n-compromis-feminista-compromis-quotidia\\\/\"},\"wordCount\":707,\"publisher\":{\"@id\":\"https:\\\/\\\/www.fundacioires.org\\\/#organization\"},\"image\":{\"@id\":\"https:\\\/\\\/www.fundacioires.org\\\/ca\\\/25n-compromis-feminista-compromis-quotidia\\\/#primaryimage\"},\"thumbnailUrl\":\"https:\\\/\\\/i0.wp.com\\\/www.fundacioires.org\\\/wp-content\\\/uploads\\\/25N_2022_Feminisme_-quotidia_Capcalera_CAT.png?fit=1600%2C900&ssl=1\",\"articleSection\":[\"IRES-Blog\"],\"inLanguage\":\"ca-ES\"},{\"@type\":\"WebPage\",\"@id\":\"https:\\\/\\\/www.fundacioires.org\\\/ca\\\/25n-compromis-feminista-compromis-quotidia\\\/\",\"url\":\"https:\\\/\\\/www.fundacioires.org\\\/ca\\\/25n-compromis-feminista-compromis-quotidia\\\/\",\"name\":\"25N: Comprom\u00eds feminista, comprom\u00eds quotidi\u00e0 - Fundaci\u00f3 IRES\",\"isPartOf\":{\"@id\":\"https:\\\/\\\/www.fundacioires.org\\\/#website\"},\"primaryImageOfPage\":{\"@id\":\"https:\\\/\\\/www.fundacioires.org\\\/ca\\\/25n-compromis-feminista-compromis-quotidia\\\/#primaryimage\"},\"image\":{\"@id\":\"https:\\\/\\\/www.fundacioires.org\\\/ca\\\/25n-compromis-feminista-compromis-quotidia\\\/#primaryimage\"},\"thumbnailUrl\":\"https:\\\/\\\/i0.wp.com\\\/www.fundacioires.org\\\/wp-content\\\/uploads\\\/25N_2022_Feminisme_-quotidia_Capcalera_CAT.png?fit=1600%2C900&ssl=1\",\"datePublished\":\"2022-11-24T12:55:38+00:00\",\"dateModified\":\"2022-11-24T14:01:06+00:00\",\"description\":\"Qu\u00e8 commemorem el 25N? A quines esferes podem portar la perspectiva feminista? Com podem contribuir amb accions quotidianes?\",\"breadcrumb\":{\"@id\":\"https:\\\/\\\/www.fundacioires.org\\\/ca\\\/25n-compromis-feminista-compromis-quotidia\\\/#breadcrumb\"},\"inLanguage\":\"ca-ES\",\"potentialAction\":[{\"@type\":\"ReadAction\",\"target\":[\"https:\\\/\\\/www.fundacioires.org\\\/ca\\\/25n-compromis-feminista-compromis-quotidia\\\/\"]}]},{\"@type\":\"ImageObject\",\"inLanguage\":\"ca-ES\",\"@id\":\"https:\\\/\\\/www.fundacioires.org\\\/ca\\\/25n-compromis-feminista-compromis-quotidia\\\/#primaryimage\",\"url\":\"https:\\\/\\\/i0.wp.com\\\/www.fundacioires.org\\\/wp-content\\\/uploads\\\/25N_2022_Feminisme_-quotidia_Capcalera_CAT.png?fit=1600%2C900&ssl=1\",\"contentUrl\":\"https:\\\/\\\/i0.wp.com\\\/www.fundacioires.org\\\/wp-content\\\/uploads\\\/25N_2022_Feminisme_-quotidia_Capcalera_CAT.png?fit=1600%2C900&ssl=1\",\"width\":1600,\"height\":900},{\"@type\":\"BreadcrumbList\",\"@id\":\"https:\\\/\\\/www.fundacioires.org\\\/ca\\\/25n-compromis-feminista-compromis-quotidia\\\/#breadcrumb\",\"itemListElement\":[{\"@type\":\"ListItem\",\"position\":1,\"name\":\"Portada\",\"item\":\"https:\\\/\\\/www.fundacioires.org\\\/\"},{\"@type\":\"ListItem\",\"position\":2,\"name\":\"25N: Comprom\u00eds feminista, comprom\u00eds quotidi\u00e0\"}]},{\"@type\":\"WebSite\",\"@id\":\"https:\\\/\\\/www.fundacioires.org\\\/#website\",\"url\":\"https:\\\/\\\/www.fundacioires.org\\\/\",\"name\":\"Fundaci\u00f3 IRES\",\"description\":\"\",\"publisher\":{\"@id\":\"https:\\\/\\\/www.fundacioires.org\\\/#organization\"},\"potentialAction\":[{\"@type\":\"SearchAction\",\"target\":{\"@type\":\"EntryPoint\",\"urlTemplate\":\"https:\\\/\\\/www.fundacioires.org\\\/?s={search_term_string}\"},\"query-input\":{\"@type\":\"PropertyValueSpecification\",\"valueRequired\":true,\"valueName\":\"search_term_string\"}}],\"inLanguage\":\"ca-ES\"},{\"@type\":\"Organization\",\"@id\":\"https:\\\/\\\/www.fundacioires.org\\\/#organization\",\"name\":\"Fundanci\u00f3n IRES\",\"url\":\"https:\\\/\\\/www.fundacioires.org\\\/\",\"logo\":{\"@type\":\"ImageObject\",\"inLanguage\":\"ca-ES\",\"@id\":\"https:\\\/\\\/www.fundacioires.org\\\/#\\\/schema\\\/logo\\\/image\\\/\",\"url\":\"https:\\\/\\\/i0.wp.com\\\/www.fundacioires.org\\\/wp-content\\\/uploads\\\/faviconIRES.png?fit=32%2C32&ssl=1\",\"contentUrl\":\"https:\\\/\\\/i0.wp.com\\\/www.fundacioires.org\\\/wp-content\\\/uploads\\\/faviconIRES.png?fit=32%2C32&ssl=1\",\"width\":32,\"height\":32,\"caption\":\"Fundanci\u00f3n IRES\"},\"image\":{\"@id\":\"https:\\\/\\\/www.fundacioires.org\\\/#\\\/schema\\\/logo\\\/image\\\/\"}},{\"@type\":\"Person\",\"@id\":\"https:\\\/\\\/www.fundacioires.org\\\/#\\\/schema\\\/person\\\/160af843c565221ef4664a5c7000791c\",\"name\":\"Fundaci\u00f3 IRES\"}]}<\/script>\n<!-- \/ Yoast SEO plugin. -->","yoast_head_json":{"title":"25N: Comprom\u00eds feminista, comprom\u00eds quotidi\u00e0 - Fundaci\u00f3 IRES","description":"Qu\u00e8 commemorem el 25N? A quines esferes podem portar la perspectiva feminista? Com podem contribuir amb accions quotidianes?","robots":{"index":"index","follow":"follow","max-snippet":"max-snippet:-1","max-image-preview":"max-image-preview:large","max-video-preview":"max-video-preview:-1"},"canonical":"https:\/\/www.fundacioires.org\/ca\/25n-compromis-feminista-compromis-quotidia\/","og_locale":"ca_ES","og_type":"article","og_title":"25N: Comprom\u00eds feminista, comprom\u00eds quotidi\u00e0 - Fundaci\u00f3 IRES","og_description":"Qu\u00e8 commemorem el 25N? A quines esferes podem portar la perspectiva feminista? Com podem contribuir amb accions quotidianes?","og_url":"https:\/\/www.fundacioires.org\/ca\/25n-compromis-feminista-compromis-quotidia\/","og_site_name":"Fundaci\u00f3 IRES","article_published_time":"2022-11-24T12:55:38+00:00","article_modified_time":"2022-11-24T14:01:06+00:00","og_image":[{"width":1600,"height":900,"url":"https:\/\/www.fundacioires.org\/wp-content\/uploads\/25N_2022_Feminisme_-quotidia_Capcalera_CAT.png","type":"image\/png"}],"author":"Fundaci\u00f3 IRES","twitter_card":"summary_large_image","twitter_misc":{"Written by":"Fundaci\u00f3 IRES","Est. reading time":"4 minutes"},"schema":{"@context":"https:\/\/schema.org","@graph":[{"@type":"Article","@id":"https:\/\/www.fundacioires.org\/ca\/25n-compromis-feminista-compromis-quotidia\/#article","isPartOf":{"@id":"https:\/\/www.fundacioires.org\/ca\/25n-compromis-feminista-compromis-quotidia\/"},"author":{"name":"Fundaci\u00f3 IRES","@id":"https:\/\/www.fundacioires.org\/#\/schema\/person\/160af843c565221ef4664a5c7000791c"},"headline":"25N: Comprom\u00eds feminista, comprom\u00eds quotidi\u00e0","datePublished":"2022-11-24T12:55:38+00:00","dateModified":"2022-11-24T14:01:06+00:00","mainEntityOfPage":{"@id":"https:\/\/www.fundacioires.org\/ca\/25n-compromis-feminista-compromis-quotidia\/"},"wordCount":707,"publisher":{"@id":"https:\/\/www.fundacioires.org\/#organization"},"image":{"@id":"https:\/\/www.fundacioires.org\/ca\/25n-compromis-feminista-compromis-quotidia\/#primaryimage"},"thumbnailUrl":"https:\/\/i0.wp.com\/www.fundacioires.org\/wp-content\/uploads\/25N_2022_Feminisme_-quotidia_Capcalera_CAT.png?fit=1600%2C900&ssl=1","articleSection":["IRES-Blog"],"inLanguage":"ca-ES"},{"@type":"WebPage","@id":"https:\/\/www.fundacioires.org\/ca\/25n-compromis-feminista-compromis-quotidia\/","url":"https:\/\/www.fundacioires.org\/ca\/25n-compromis-feminista-compromis-quotidia\/","name":"25N: Comprom\u00eds feminista, comprom\u00eds quotidi\u00e0 - Fundaci\u00f3 IRES","isPartOf":{"@id":"https:\/\/www.fundacioires.org\/#website"},"primaryImageOfPage":{"@id":"https:\/\/www.fundacioires.org\/ca\/25n-compromis-feminista-compromis-quotidia\/#primaryimage"},"image":{"@id":"https:\/\/www.fundacioires.org\/ca\/25n-compromis-feminista-compromis-quotidia\/#primaryimage"},"thumbnailUrl":"https:\/\/i0.wp.com\/www.fundacioires.org\/wp-content\/uploads\/25N_2022_Feminisme_-quotidia_Capcalera_CAT.png?fit=1600%2C900&ssl=1","datePublished":"2022-11-24T12:55:38+00:00","dateModified":"2022-11-24T14:01:06+00:00","description":"Qu\u00e8 commemorem el 25N? A quines esferes podem portar la perspectiva feminista? Com podem contribuir amb accions quotidianes?","breadcrumb":{"@id":"https:\/\/www.fundacioires.org\/ca\/25n-compromis-feminista-compromis-quotidia\/#breadcrumb"},"inLanguage":"ca-ES","potentialAction":[{"@type":"ReadAction","target":["https:\/\/www.fundacioires.org\/ca\/25n-compromis-feminista-compromis-quotidia\/"]}]},{"@type":"ImageObject","inLanguage":"ca-ES","@id":"https:\/\/www.fundacioires.org\/ca\/25n-compromis-feminista-compromis-quotidia\/#primaryimage","url":"https:\/\/i0.wp.com\/www.fundacioires.org\/wp-content\/uploads\/25N_2022_Feminisme_-quotidia_Capcalera_CAT.png?fit=1600%2C900&ssl=1","contentUrl":"https:\/\/i0.wp.com\/www.fundacioires.org\/wp-content\/uploads\/25N_2022_Feminisme_-quotidia_Capcalera_CAT.png?fit=1600%2C900&ssl=1","width":1600,"height":900},{"@type":"BreadcrumbList","@id":"https:\/\/www.fundacioires.org\/ca\/25n-compromis-feminista-compromis-quotidia\/#breadcrumb","itemListElement":[{"@type":"ListItem","position":1,"name":"Portada","item":"https:\/\/www.fundacioires.org\/"},{"@type":"ListItem","position":2,"name":"25N: Comprom\u00eds feminista, comprom\u00eds quotidi\u00e0"}]},{"@type":"WebSite","@id":"https:\/\/www.fundacioires.org\/#website","url":"https:\/\/www.fundacioires.org\/","name":"Fundaci\u00f3 IRES","description":"","publisher":{"@id":"https:\/\/www.fundacioires.org\/#organization"},"potentialAction":[{"@type":"SearchAction","target":{"@type":"EntryPoint","urlTemplate":"https:\/\/www.fundacioires.org\/?s={search_term_string}"},"query-input":{"@type":"PropertyValueSpecification","valueRequired":true,"valueName":"search_term_string"}}],"inLanguage":"ca-ES"},{"@type":"Organization","@id":"https:\/\/www.fundacioires.org\/#organization","name":"Fundanci\u00f3n IRES","url":"https:\/\/www.fundacioires.org\/","logo":{"@type":"ImageObject","inLanguage":"ca-ES","@id":"https:\/\/www.fundacioires.org\/#\/schema\/logo\/image\/","url":"https:\/\/i0.wp.com\/www.fundacioires.org\/wp-content\/uploads\/faviconIRES.png?fit=32%2C32&ssl=1","contentUrl":"https:\/\/i0.wp.com\/www.fundacioires.org\/wp-content\/uploads\/faviconIRES.png?fit=32%2C32&ssl=1","width":32,"height":32,"caption":"Fundanci\u00f3n IRES"},"image":{"@id":"https:\/\/www.fundacioires.org\/#\/schema\/logo\/image\/"}},{"@type":"Person","@id":"https:\/\/www.fundacioires.org\/#\/schema\/person\/160af843c565221ef4664a5c7000791c","name":"Fundaci\u00f3 IRES"}]}},"jetpack_featured_media_url":"https:\/\/i0.wp.com\/www.fundacioires.org\/wp-content\/uploads\/25N_2022_Feminisme_-quotidia_Capcalera_CAT.png?fit=1600%2C900&ssl=1","jetpack_sharing_enabled":true,"_links":{"self":[{"href":"https:\/\/www.fundacioires.org\/ca\/wp-json\/wp\/v2\/posts\/46691","targetHints":{"allow":["GET"]}}],"collection":[{"href":"https:\/\/www.fundacioires.org\/ca\/wp-json\/wp\/v2\/posts"}],"about":[{"href":"https:\/\/www.fundacioires.org\/ca\/wp-json\/wp\/v2\/types\/post"}],"author":[{"embeddable":true,"href":"https:\/\/www.fundacioires.org\/ca\/wp-json\/wp\/v2\/users\/7"}],"replies":[{"embeddable":true,"href":"https:\/\/www.fundacioires.org\/ca\/wp-json\/wp\/v2\/comments?post=46691"}],"version-history":[{"count":5,"href":"https:\/\/www.fundacioires.org\/ca\/wp-json\/wp\/v2\/posts\/46691\/revisions"}],"predecessor-version":[{"id":46722,"href":"https:\/\/www.fundacioires.org\/ca\/wp-json\/wp\/v2\/posts\/46691\/revisions\/46722"}],"wp:featuredmedia":[{"embeddable":true,"href":"https:\/\/www.fundacioires.org\/ca\/wp-json\/wp\/v2\/media\/46692"}],"wp:attachment":[{"href":"https:\/\/www.fundacioires.org\/ca\/wp-json\/wp\/v2\/media?parent=46691"}],"wp:term":[{"taxonomy":"category","embeddable":true,"href":"https:\/\/www.fundacioires.org\/ca\/wp-json\/wp\/v2\/categories?post=46691"},{"taxonomy":"post_tag","embeddable":true,"href":"https:\/\/www.fundacioires.org\/ca\/wp-json\/wp\/v2\/tags?post=46691"}],"curies":[{"name":"wp","href":"https:\/\/api.w.org\/{rel}","templated":true}]}}