{"id":47244,"date":"2022-11-22T20:02:59","date_gmt":"2022-11-22T19:02:59","guid":{"rendered":"https:\/\/www.fundacioires.org\/?p=47244"},"modified":"2022-12-14T20:27:12","modified_gmt":"2022-12-14T19:27:12","slug":"la-tardor-a-traves-dels-nostres-ulls","status":"publish","type":"post","link":"https:\/\/www.fundacioires.org\/ca\/la-tardor-a-traves-dels-nostres-ulls\/","title":{"rendered":"La tardor a trav\u00e9s dels nostres ulls"},"content":{"rendered":"\n<p>La tardor \u00e9s una de les estacions de l\u2019any m\u00e9s inspiradores, o almenys aix\u00ed ho han sentit els i les participants en el <strong>Casal en Fam\u00edlia de La Pau-La Verneda<\/strong>.  Una estaci\u00f3 que ens regala colors i escenes d\u2019all\u00f2 m\u00e9s retratables, a m\u00e9s el dia comen\u00e7a a escur\u00e7ar-se i aix\u00f2 provoca certa nost\u00e0lgia, un moment que ens porta a mirar cap endins i que cal aprofitar amb la creativitat que emana dels infants. I aix\u00ed ho han fet els petits i petites del Casal, a partir d\u2019una proposta que va ser molt ben rebuda: <strong>sortir al carrer a retratar la tardor<\/strong>, a ser petits\/es fot\u00f2grafs i meravellar-se amb el que regala la tardor, partint de la idea que la mirada de cada un d\u2019ells \u00e9s \u00fanica i especial, per la qual cosa tot all\u00f2 que els pogu\u00e9s cridar l\u2019atenci\u00f3 seria interessant retratar-ho.<\/p>\n\n\n\n<figure class=\"wp-block-image size-large\"><img data-recalc-dims=\"1\" loading=\"lazy\" decoding=\"async\" width=\"1024\" height=\"536\" src=\"https:\/\/i0.wp.com\/www.fundacioires.org\/wp-content\/uploads\/PLANTILLA-NOTIS-WEB-5-1.png?resize=1024%2C536&#038;ssl=1\" alt=\"\" class=\"wp-image-47245\" srcset=\"https:\/\/i0.wp.com\/www.fundacioires.org\/wp-content\/uploads\/PLANTILLA-NOTIS-WEB-5-1.png?resize=1024%2C536&amp;ssl=1 1024w, https:\/\/i0.wp.com\/www.fundacioires.org\/wp-content\/uploads\/PLANTILLA-NOTIS-WEB-5-1.png?resize=300%2C157&amp;ssl=1 300w, https:\/\/i0.wp.com\/www.fundacioires.org\/wp-content\/uploads\/PLANTILLA-NOTIS-WEB-5-1.png?resize=768%2C402&amp;ssl=1 768w, https:\/\/i0.wp.com\/www.fundacioires.org\/wp-content\/uploads\/PLANTILLA-NOTIS-WEB-5-1.png?w=1200&amp;ssl=1 1200w\" sizes=\"(max-width: 1000px) 100vw, 1000px\" \/><\/figure>\n\n\n\n<p>En sortir al carrer, els infants es van deixar portar per tot all\u00f2 que consideraven bonic i que representava la tardor. A posteriori cada infant va seleccionar alguna de les seves fotografies amb les quals dedicaria un treball i en les sessions posteriors on van treballar amb les seves obres. Primer de tot, van crear els marcs per a les fotografies, permetent que cadasc\u00fa decid\u00eds de quina manera volia enquadrar-la. D\u2019aquest pas van sortir treballs preciosos, els quals van mostrar i compartir amb la resta de companys i companyes, valorant la tasca que havia fet cadasc\u00fa. Un cop realitzat el marc, van passar a fer una de les parts m\u00e9s introspectives: <strong>pensar el t\u00edtol de la fotografia<\/strong>, observar-la amb calma i escriure el que els inspirava de la imatge en q\u00fcesti\u00f3. Aquest va ser un dels moments m\u00e9s graciosos, ja que d\u2019idees en sortien de tots colors, fins que finalment cada infant va decidir el nom de la seva obra, de la qual se\u2019n sentien ben orgullosos.<\/p>\n\n\n\n<p>I l\u2019\u00faltim pas i no menys important: decidir entre tots\/es el t\u00edtol de l\u2019exposici\u00f3 fotogr\u00e0fica i poder-la mostrar a les mares i pares del Casal. I aix\u00ed va sortir el t\u00edtol que encap\u00e7ala aquest text, La tardor a trav\u00e9s dels nostres ulls. La tarda que van rebre les fam\u00edlies per explicar-los i mostrar l\u2019exposici\u00f3 va ser una tarda plena d\u2019emoci\u00f3 i pels infants representava un moment molt rellevant: podien explicar el proc\u00e9s creatiu a les seves mares i pares i sobretot, exposar que la seva mirada tamb\u00e9 \u00e9s important, que tot i ser petits\/es, tamb\u00e9 hi tenen molt a \u201cveure\u201d, i que d\u2019aquesta mirada, els adults aprenem dia rere dia.<\/p>\n","protected":false},"excerpt":{"rendered":"<p>Els m\u00e9s petits de la Fundaci\u00f3 IRES han explorat la seva faceta m\u00e9s creativa a trav\u00e9s de la fotografia. <\/p>\n","protected":false},"author":7,"featured_media":47247,"comment_status":"closed","ping_status":"open","sticky":false,"template":"","format":"standard","meta":{"_jetpack_memberships_contains_paid_content":false,"footnotes":""},"categories":[19],"tags":[42],"class_list":["post-47244","post","type-post","status-publish","format-standard","has-post-thumbnail","hentry","category-ires-blog","tag-casal-en-familia-ca"],"yoast_head":"<!-- This site is optimized with the Yoast SEO plugin v27.4 - https:\/\/yoast.com\/product\/yoast-seo-wordpress\/ -->\n<title>La tardor a trav\u00e9s dels nostres ulls - Fundaci\u00f3 IRES<\/title>\n<meta name=\"description\" content=\"Els m\u00e9s petits de la Fundaci\u00f3 IRES han explorat la seva faceta m\u00e9s creativa a trav\u00e9s de la fotografia i de la tardor.\" \/>\n<meta name=\"robots\" content=\"index, follow, max-snippet:-1, max-image-preview:large, max-video-preview:-1\" \/>\n<link rel=\"canonical\" href=\"https:\/\/www.fundacioires.org\/ca\/la-tardor-a-traves-dels-nostres-ulls\/\" \/>\n<meta property=\"og:locale\" content=\"ca_ES\" \/>\n<meta property=\"og:type\" content=\"article\" \/>\n<meta property=\"og:title\" content=\"La tardor a trav\u00e9s dels nostres ulls - Fundaci\u00f3 IRES\" \/>\n<meta property=\"og:description\" content=\"Els m\u00e9s petits de la Fundaci\u00f3 IRES han explorat la seva faceta m\u00e9s creativa a trav\u00e9s de la fotografia i de la tardor.\" \/>\n<meta property=\"og:url\" content=\"https:\/\/www.fundacioires.org\/ca\/la-tardor-a-traves-dels-nostres-ulls\/\" \/>\n<meta property=\"og:site_name\" content=\"Fundaci\u00f3 IRES\" \/>\n<meta property=\"article:published_time\" content=\"2022-11-22T19:02:59+00:00\" \/>\n<meta property=\"article:modified_time\" content=\"2022-12-14T19:27:12+00:00\" \/>\n<meta property=\"og:image\" content=\"https:\/\/www.fundacioires.org\/wp-content\/uploads\/PLANTILLA-NOTIS-WEB-6-2.png\" \/>\n\t<meta property=\"og:image:width\" content=\"1200\" \/>\n\t<meta property=\"og:image:height\" content=\"628\" \/>\n\t<meta property=\"og:image:type\" content=\"image\/png\" \/>\n<meta name=\"author\" content=\"Fundaci\u00f3 IRES\" \/>\n<meta name=\"twitter:card\" content=\"summary_large_image\" \/>\n<meta name=\"twitter:label1\" content=\"Written by\" \/>\n\t<meta name=\"twitter:data1\" content=\"Fundaci\u00f3 IRES\" \/>\n\t<meta name=\"twitter:label2\" content=\"Est. reading time\" \/>\n\t<meta name=\"twitter:data2\" content=\"3 minutes\" \/>\n<script type=\"application\/ld+json\" class=\"yoast-schema-graph\">{\"@context\":\"https:\\\/\\\/schema.org\",\"@graph\":[{\"@type\":\"Article\",\"@id\":\"https:\\\/\\\/www.fundacioires.org\\\/ca\\\/la-tardor-a-traves-dels-nostres-ulls\\\/#article\",\"isPartOf\":{\"@id\":\"https:\\\/\\\/www.fundacioires.org\\\/ca\\\/la-tardor-a-traves-dels-nostres-ulls\\\/\"},\"author\":{\"name\":\"Fundaci\u00f3 IRES\",\"@id\":\"https:\\\/\\\/www.fundacioires.org\\\/#\\\/schema\\\/person\\\/160af843c565221ef4664a5c7000791c\"},\"headline\":\"La tardor a trav\u00e9s dels nostres ulls\",\"datePublished\":\"2022-11-22T19:02:59+00:00\",\"dateModified\":\"2022-12-14T19:27:12+00:00\",\"mainEntityOfPage\":{\"@id\":\"https:\\\/\\\/www.fundacioires.org\\\/ca\\\/la-tardor-a-traves-dels-nostres-ulls\\\/\"},\"wordCount\":464,\"publisher\":{\"@id\":\"https:\\\/\\\/www.fundacioires.org\\\/#organization\"},\"image\":{\"@id\":\"https:\\\/\\\/www.fundacioires.org\\\/ca\\\/la-tardor-a-traves-dels-nostres-ulls\\\/#primaryimage\"},\"thumbnailUrl\":\"https:\\\/\\\/i0.wp.com\\\/www.fundacioires.org\\\/wp-content\\\/uploads\\\/PLANTILLA-NOTIS-WEB-6-2.png?fit=1200%2C628&ssl=1\",\"keywords\":[\"Casal en fam\u00edlia\"],\"articleSection\":[\"IRES-Blog\"],\"inLanguage\":\"ca-ES\"},{\"@type\":\"WebPage\",\"@id\":\"https:\\\/\\\/www.fundacioires.org\\\/ca\\\/la-tardor-a-traves-dels-nostres-ulls\\\/\",\"url\":\"https:\\\/\\\/www.fundacioires.org\\\/ca\\\/la-tardor-a-traves-dels-nostres-ulls\\\/\",\"name\":\"La tardor a trav\u00e9s dels nostres ulls - Fundaci\u00f3 IRES\",\"isPartOf\":{\"@id\":\"https:\\\/\\\/www.fundacioires.org\\\/#website\"},\"primaryImageOfPage\":{\"@id\":\"https:\\\/\\\/www.fundacioires.org\\\/ca\\\/la-tardor-a-traves-dels-nostres-ulls\\\/#primaryimage\"},\"image\":{\"@id\":\"https:\\\/\\\/www.fundacioires.org\\\/ca\\\/la-tardor-a-traves-dels-nostres-ulls\\\/#primaryimage\"},\"thumbnailUrl\":\"https:\\\/\\\/i0.wp.com\\\/www.fundacioires.org\\\/wp-content\\\/uploads\\\/PLANTILLA-NOTIS-WEB-6-2.png?fit=1200%2C628&ssl=1\",\"datePublished\":\"2022-11-22T19:02:59+00:00\",\"dateModified\":\"2022-12-14T19:27:12+00:00\",\"description\":\"Els m\u00e9s petits de la Fundaci\u00f3 IRES han explorat la seva faceta m\u00e9s creativa a trav\u00e9s de la fotografia i de la tardor.\",\"breadcrumb\":{\"@id\":\"https:\\\/\\\/www.fundacioires.org\\\/ca\\\/la-tardor-a-traves-dels-nostres-ulls\\\/#breadcrumb\"},\"inLanguage\":\"ca-ES\",\"potentialAction\":[{\"@type\":\"ReadAction\",\"target\":[\"https:\\\/\\\/www.fundacioires.org\\\/ca\\\/la-tardor-a-traves-dels-nostres-ulls\\\/\"]}]},{\"@type\":\"ImageObject\",\"inLanguage\":\"ca-ES\",\"@id\":\"https:\\\/\\\/www.fundacioires.org\\\/ca\\\/la-tardor-a-traves-dels-nostres-ulls\\\/#primaryimage\",\"url\":\"https:\\\/\\\/i0.wp.com\\\/www.fundacioires.org\\\/wp-content\\\/uploads\\\/PLANTILLA-NOTIS-WEB-6-2.png?fit=1200%2C628&ssl=1\",\"contentUrl\":\"https:\\\/\\\/i0.wp.com\\\/www.fundacioires.org\\\/wp-content\\\/uploads\\\/PLANTILLA-NOTIS-WEB-6-2.png?fit=1200%2C628&ssl=1\",\"width\":1200,\"height\":628},{\"@type\":\"BreadcrumbList\",\"@id\":\"https:\\\/\\\/www.fundacioires.org\\\/ca\\\/la-tardor-a-traves-dels-nostres-ulls\\\/#breadcrumb\",\"itemListElement\":[{\"@type\":\"ListItem\",\"position\":1,\"name\":\"Portada\",\"item\":\"https:\\\/\\\/www.fundacioires.org\\\/\"},{\"@type\":\"ListItem\",\"position\":2,\"name\":\"La tardor a trav\u00e9s dels nostres ulls\"}]},{\"@type\":\"WebSite\",\"@id\":\"https:\\\/\\\/www.fundacioires.org\\\/#website\",\"url\":\"https:\\\/\\\/www.fundacioires.org\\\/\",\"name\":\"Fundaci\u00f3 IRES\",\"description\":\"\",\"publisher\":{\"@id\":\"https:\\\/\\\/www.fundacioires.org\\\/#organization\"},\"potentialAction\":[{\"@type\":\"SearchAction\",\"target\":{\"@type\":\"EntryPoint\",\"urlTemplate\":\"https:\\\/\\\/www.fundacioires.org\\\/?s={search_term_string}\"},\"query-input\":{\"@type\":\"PropertyValueSpecification\",\"valueRequired\":true,\"valueName\":\"search_term_string\"}}],\"inLanguage\":\"ca-ES\"},{\"@type\":\"Organization\",\"@id\":\"https:\\\/\\\/www.fundacioires.org\\\/#organization\",\"name\":\"Fundanci\u00f3n IRES\",\"url\":\"https:\\\/\\\/www.fundacioires.org\\\/\",\"logo\":{\"@type\":\"ImageObject\",\"inLanguage\":\"ca-ES\",\"@id\":\"https:\\\/\\\/www.fundacioires.org\\\/#\\\/schema\\\/logo\\\/image\\\/\",\"url\":\"https:\\\/\\\/i0.wp.com\\\/www.fundacioires.org\\\/wp-content\\\/uploads\\\/faviconIRES.png?fit=32%2C32&ssl=1\",\"contentUrl\":\"https:\\\/\\\/i0.wp.com\\\/www.fundacioires.org\\\/wp-content\\\/uploads\\\/faviconIRES.png?fit=32%2C32&ssl=1\",\"width\":32,\"height\":32,\"caption\":\"Fundanci\u00f3n IRES\"},\"image\":{\"@id\":\"https:\\\/\\\/www.fundacioires.org\\\/#\\\/schema\\\/logo\\\/image\\\/\"}},{\"@type\":\"Person\",\"@id\":\"https:\\\/\\\/www.fundacioires.org\\\/#\\\/schema\\\/person\\\/160af843c565221ef4664a5c7000791c\",\"name\":\"Fundaci\u00f3 IRES\"}]}<\/script>\n<!-- \/ Yoast SEO plugin. -->","yoast_head_json":{"title":"La tardor a trav\u00e9s dels nostres ulls - Fundaci\u00f3 IRES","description":"Els m\u00e9s petits de la Fundaci\u00f3 IRES han explorat la seva faceta m\u00e9s creativa a trav\u00e9s de la fotografia i de la tardor.","robots":{"index":"index","follow":"follow","max-snippet":"max-snippet:-1","max-image-preview":"max-image-preview:large","max-video-preview":"max-video-preview:-1"},"canonical":"https:\/\/www.fundacioires.org\/ca\/la-tardor-a-traves-dels-nostres-ulls\/","og_locale":"ca_ES","og_type":"article","og_title":"La tardor a trav\u00e9s dels nostres ulls - Fundaci\u00f3 IRES","og_description":"Els m\u00e9s petits de la Fundaci\u00f3 IRES han explorat la seva faceta m\u00e9s creativa a trav\u00e9s de la fotografia i de la tardor.","og_url":"https:\/\/www.fundacioires.org\/ca\/la-tardor-a-traves-dels-nostres-ulls\/","og_site_name":"Fundaci\u00f3 IRES","article_published_time":"2022-11-22T19:02:59+00:00","article_modified_time":"2022-12-14T19:27:12+00:00","og_image":[{"width":1200,"height":628,"url":"https:\/\/www.fundacioires.org\/wp-content\/uploads\/PLANTILLA-NOTIS-WEB-6-2.png","type":"image\/png"}],"author":"Fundaci\u00f3 IRES","twitter_card":"summary_large_image","twitter_misc":{"Written by":"Fundaci\u00f3 IRES","Est. reading time":"3 minutes"},"schema":{"@context":"https:\/\/schema.org","@graph":[{"@type":"Article","@id":"https:\/\/www.fundacioires.org\/ca\/la-tardor-a-traves-dels-nostres-ulls\/#article","isPartOf":{"@id":"https:\/\/www.fundacioires.org\/ca\/la-tardor-a-traves-dels-nostres-ulls\/"},"author":{"name":"Fundaci\u00f3 IRES","@id":"https:\/\/www.fundacioires.org\/#\/schema\/person\/160af843c565221ef4664a5c7000791c"},"headline":"La tardor a trav\u00e9s dels nostres ulls","datePublished":"2022-11-22T19:02:59+00:00","dateModified":"2022-12-14T19:27:12+00:00","mainEntityOfPage":{"@id":"https:\/\/www.fundacioires.org\/ca\/la-tardor-a-traves-dels-nostres-ulls\/"},"wordCount":464,"publisher":{"@id":"https:\/\/www.fundacioires.org\/#organization"},"image":{"@id":"https:\/\/www.fundacioires.org\/ca\/la-tardor-a-traves-dels-nostres-ulls\/#primaryimage"},"thumbnailUrl":"https:\/\/i0.wp.com\/www.fundacioires.org\/wp-content\/uploads\/PLANTILLA-NOTIS-WEB-6-2.png?fit=1200%2C628&ssl=1","keywords":["Casal en fam\u00edlia"],"articleSection":["IRES-Blog"],"inLanguage":"ca-ES"},{"@type":"WebPage","@id":"https:\/\/www.fundacioires.org\/ca\/la-tardor-a-traves-dels-nostres-ulls\/","url":"https:\/\/www.fundacioires.org\/ca\/la-tardor-a-traves-dels-nostres-ulls\/","name":"La tardor a trav\u00e9s dels nostres ulls - Fundaci\u00f3 IRES","isPartOf":{"@id":"https:\/\/www.fundacioires.org\/#website"},"primaryImageOfPage":{"@id":"https:\/\/www.fundacioires.org\/ca\/la-tardor-a-traves-dels-nostres-ulls\/#primaryimage"},"image":{"@id":"https:\/\/www.fundacioires.org\/ca\/la-tardor-a-traves-dels-nostres-ulls\/#primaryimage"},"thumbnailUrl":"https:\/\/i0.wp.com\/www.fundacioires.org\/wp-content\/uploads\/PLANTILLA-NOTIS-WEB-6-2.png?fit=1200%2C628&ssl=1","datePublished":"2022-11-22T19:02:59+00:00","dateModified":"2022-12-14T19:27:12+00:00","description":"Els m\u00e9s petits de la Fundaci\u00f3 IRES han explorat la seva faceta m\u00e9s creativa a trav\u00e9s de la fotografia i de la tardor.","breadcrumb":{"@id":"https:\/\/www.fundacioires.org\/ca\/la-tardor-a-traves-dels-nostres-ulls\/#breadcrumb"},"inLanguage":"ca-ES","potentialAction":[{"@type":"ReadAction","target":["https:\/\/www.fundacioires.org\/ca\/la-tardor-a-traves-dels-nostres-ulls\/"]}]},{"@type":"ImageObject","inLanguage":"ca-ES","@id":"https:\/\/www.fundacioires.org\/ca\/la-tardor-a-traves-dels-nostres-ulls\/#primaryimage","url":"https:\/\/i0.wp.com\/www.fundacioires.org\/wp-content\/uploads\/PLANTILLA-NOTIS-WEB-6-2.png?fit=1200%2C628&ssl=1","contentUrl":"https:\/\/i0.wp.com\/www.fundacioires.org\/wp-content\/uploads\/PLANTILLA-NOTIS-WEB-6-2.png?fit=1200%2C628&ssl=1","width":1200,"height":628},{"@type":"BreadcrumbList","@id":"https:\/\/www.fundacioires.org\/ca\/la-tardor-a-traves-dels-nostres-ulls\/#breadcrumb","itemListElement":[{"@type":"ListItem","position":1,"name":"Portada","item":"https:\/\/www.fundacioires.org\/"},{"@type":"ListItem","position":2,"name":"La tardor a trav\u00e9s dels nostres ulls"}]},{"@type":"WebSite","@id":"https:\/\/www.fundacioires.org\/#website","url":"https:\/\/www.fundacioires.org\/","name":"Fundaci\u00f3 IRES","description":"","publisher":{"@id":"https:\/\/www.fundacioires.org\/#organization"},"potentialAction":[{"@type":"SearchAction","target":{"@type":"EntryPoint","urlTemplate":"https:\/\/www.fundacioires.org\/?s={search_term_string}"},"query-input":{"@type":"PropertyValueSpecification","valueRequired":true,"valueName":"search_term_string"}}],"inLanguage":"ca-ES"},{"@type":"Organization","@id":"https:\/\/www.fundacioires.org\/#organization","name":"Fundanci\u00f3n IRES","url":"https:\/\/www.fundacioires.org\/","logo":{"@type":"ImageObject","inLanguage":"ca-ES","@id":"https:\/\/www.fundacioires.org\/#\/schema\/logo\/image\/","url":"https:\/\/i0.wp.com\/www.fundacioires.org\/wp-content\/uploads\/faviconIRES.png?fit=32%2C32&ssl=1","contentUrl":"https:\/\/i0.wp.com\/www.fundacioires.org\/wp-content\/uploads\/faviconIRES.png?fit=32%2C32&ssl=1","width":32,"height":32,"caption":"Fundanci\u00f3n IRES"},"image":{"@id":"https:\/\/www.fundacioires.org\/#\/schema\/logo\/image\/"}},{"@type":"Person","@id":"https:\/\/www.fundacioires.org\/#\/schema\/person\/160af843c565221ef4664a5c7000791c","name":"Fundaci\u00f3 IRES"}]}},"jetpack_featured_media_url":"https:\/\/i0.wp.com\/www.fundacioires.org\/wp-content\/uploads\/PLANTILLA-NOTIS-WEB-6-2.png?fit=1200%2C628&ssl=1","jetpack_sharing_enabled":true,"_links":{"self":[{"href":"https:\/\/www.fundacioires.org\/ca\/wp-json\/wp\/v2\/posts\/47244","targetHints":{"allow":["GET"]}}],"collection":[{"href":"https:\/\/www.fundacioires.org\/ca\/wp-json\/wp\/v2\/posts"}],"about":[{"href":"https:\/\/www.fundacioires.org\/ca\/wp-json\/wp\/v2\/types\/post"}],"author":[{"embeddable":true,"href":"https:\/\/www.fundacioires.org\/ca\/wp-json\/wp\/v2\/users\/7"}],"replies":[{"embeddable":true,"href":"https:\/\/www.fundacioires.org\/ca\/wp-json\/wp\/v2\/comments?post=47244"}],"version-history":[{"count":1,"href":"https:\/\/www.fundacioires.org\/ca\/wp-json\/wp\/v2\/posts\/47244\/revisions"}],"predecessor-version":[{"id":47249,"href":"https:\/\/www.fundacioires.org\/ca\/wp-json\/wp\/v2\/posts\/47244\/revisions\/47249"}],"wp:featuredmedia":[{"embeddable":true,"href":"https:\/\/www.fundacioires.org\/ca\/wp-json\/wp\/v2\/media\/47247"}],"wp:attachment":[{"href":"https:\/\/www.fundacioires.org\/ca\/wp-json\/wp\/v2\/media?parent=47244"}],"wp:term":[{"taxonomy":"category","embeddable":true,"href":"https:\/\/www.fundacioires.org\/ca\/wp-json\/wp\/v2\/categories?post=47244"},{"taxonomy":"post_tag","embeddable":true,"href":"https:\/\/www.fundacioires.org\/ca\/wp-json\/wp\/v2\/tags?post=47244"}],"curies":[{"name":"wp","href":"https:\/\/api.w.org\/{rel}","templated":true}]}}