{"id":47698,"date":"2023-01-16T00:00:00","date_gmt":"2023-01-15T23:00:00","guid":{"rendered":"https:\/\/www.fundacioires.org\/?p=47698"},"modified":"2023-01-15T22:57:46","modified_gmt":"2023-01-15T21:57:46","slug":"obrim-la-ii-convocatoria-per-presentar-activitats-del-plural-el-centre-de-masculinitats","status":"publish","type":"post","link":"https:\/\/www.fundacioires.org\/ca\/obrim-la-ii-convocatoria-per-presentar-activitats-del-plural-el-centre-de-masculinitats\/","title":{"rendered":"<strong>Obrim la II CONVOCAT\u00d2RIA per presentar activitats del Plural, el centre de masculinitats<\/strong>"},"content":{"rendered":"\n<p>La Fundaci\u00f3 IRES presenta, per segon any consecutiu, la II Convocat\u00f2ria anual d\u2019activitats del Plural, Centre de Masculinitats, dins del marc del contracte de gesti\u00f3 delegada de l\u2019Ajuntament de Barcelona i la Direcci\u00f3 de Feminismes i LGTBI.<\/p>\n\n\n\n<p>Aquesta convocat\u00f2ria t\u00e9 com a finalitat generar amb entitats i agents socials, activitats no lucratives adre\u00e7ades a la ciutadania, per\u00f2 principalment a la poblaci\u00f3 masculina, amb l\u2019objectiu de fomentar i impulsar el canvi perqu\u00e8 els models relacionals i identitaris dels homes siguin m\u00e9s oberts, respectuosos i saludables, aix\u00ed com i lluitar contra la discriminaci\u00f3 per ra\u00f3 de g\u00e8nere.<\/p>\n\n\n\n<div class=\"wp-block-buttons is-layout-flex wp-block-buttons-is-layout-flex\">\n<div class=\"wp-block-button aligncenter is-style-fill\"><a class=\"wp-block-button__link has-background wp-element-button\" href=\"https:\/\/www.fundacioires.org\/wp-content\/uploads\/BASES-CONVOCATORIA-PLURAL-2023-4.pdf\" style=\"background-color:#4f0e8c\">Consulta la convocat\u00f2ria<\/a><\/div>\n<\/div>\n\n\n\n<p>Aquesta convocat\u00f2ria contribueix a l\u2019assoliment dels Objectius de Desenvolupament Sostenible i l\u2019Agenda 2030 de les Nacions en mat\u00e8ria d\u2019igualtat de g\u00e8nere.<\/p>\n\n\n\n<p>Podeu inscriure-us fins al 27 de gener. Esperem les vostres propostes!<\/p>\n\n\n\n<div class=\"wp-block-buttons is-layout-flex wp-block-buttons-is-layout-flex\">\n<div class=\"wp-block-button aligncenter is-style-fill\"><a class=\"wp-block-button__link has-background wp-element-button\" href=\"https:\/\/forms.gle\/5gfZ65UKVgy9XgCY7\" style=\"background-color:#009f65\">Formulari d&#8217;inscripci\u00f3<\/a><\/div>\n<\/div>\n","protected":false},"excerpt":{"rendered":"<p>Consulta la convocat\u00f2ria i inscriu la teva activitat fins al 27 de gener<\/p>\n","protected":false},"author":7,"featured_media":47736,"comment_status":"closed","ping_status":"open","sticky":false,"template":"","format":"standard","meta":{"_jetpack_memberships_contains_paid_content":false,"footnotes":""},"categories":[17],"tags":[],"class_list":["post-47698","post","type-post","status-publish","format-standard","has-post-thumbnail","hentry","category-sense-categoria"],"yoast_head":"<!-- This site is optimized with the Yoast SEO plugin v27.4 - https:\/\/yoast.com\/product\/yoast-seo-wordpress\/ -->\n<title>Obrim la II Convocat\u00f2ria d&#039;activitats del PLURAL<\/title>\n<meta name=\"description\" content=\"La Fundaci\u00f3 IRES presenta, per segon any consecutiu, la II Convocat\u00f2ria anual d\u2019activitats del Plural, Centre de Masculinitats\" \/>\n<meta name=\"robots\" content=\"index, follow, max-snippet:-1, max-image-preview:large, max-video-preview:-1\" \/>\n<link rel=\"canonical\" href=\"https:\/\/www.fundacioires.org\/?p=47741\" \/>\n<meta property=\"og:locale\" content=\"ca_ES\" \/>\n<meta property=\"og:type\" content=\"article\" \/>\n<meta property=\"og:title\" content=\"Obrim la II Convocat\u00f2ria d&#039;activitats del PLURAL\" \/>\n<meta property=\"og:description\" content=\"La Fundaci\u00f3 IRES presenta, per segon any consecutiu, la II Convocat\u00f2ria anual d\u2019activitats del Plural, Centre de Masculinitats\" \/>\n<meta property=\"og:url\" content=\"https:\/\/www.fundacioires.org\/?p=47741\" \/>\n<meta property=\"og:site_name\" content=\"Fundaci\u00f3 IRES\" \/>\n<meta property=\"article:published_time\" content=\"2023-01-15T23:00:00+00:00\" \/>\n<meta property=\"og:image\" content=\"https:\/\/i0.wp.com\/www.fundacioires.org\/wp-content\/uploads\/PLANTILLA-NOTIS-WEB-3-3.png?fit=1200%2C628&ssl=1\" \/>\n\t<meta property=\"og:image:width\" content=\"1200\" \/>\n\t<meta property=\"og:image:height\" content=\"628\" \/>\n\t<meta property=\"og:image:type\" content=\"image\/png\" \/>\n<meta name=\"author\" content=\"Fundaci\u00f3 IRES\" \/>\n<meta name=\"twitter:card\" content=\"summary_large_image\" \/>\n<meta name=\"twitter:label1\" content=\"Written by\" \/>\n\t<meta name=\"twitter:data1\" content=\"Fundaci\u00f3 IRES\" \/>\n\t<meta name=\"twitter:label2\" content=\"Est. reading time\" \/>\n\t<meta name=\"twitter:data2\" content=\"1 minute\" \/>\n<script type=\"application\/ld+json\" class=\"yoast-schema-graph\">{\"@context\":\"https:\\\/\\\/schema.org\",\"@graph\":[{\"@type\":\"Article\",\"@id\":\"https:\\\/\\\/www.fundacioires.org\\\/?p=47741#article\",\"isPartOf\":{\"@id\":\"https:\\\/\\\/www.fundacioires.org\\\/?p=47741\"},\"author\":{\"name\":\"Fundaci\u00f3 IRES\",\"@id\":\"https:\\\/\\\/www.fundacioires.org\\\/#\\\/schema\\\/person\\\/160af843c565221ef4664a5c7000791c\"},\"headline\":\"Obrim la II CONVOCAT\u00d2RIA per presentar activitats del Plural, el centre de masculinitats\",\"datePublished\":\"2023-01-15T23:00:00+00:00\",\"mainEntityOfPage\":{\"@id\":\"https:\\\/\\\/www.fundacioires.org\\\/?p=47741\"},\"wordCount\":160,\"publisher\":{\"@id\":\"https:\\\/\\\/www.fundacioires.org\\\/#organization\"},\"image\":{\"@id\":\"https:\\\/\\\/www.fundacioires.org\\\/?p=47741#primaryimage\"},\"thumbnailUrl\":\"https:\\\/\\\/i0.wp.com\\\/www.fundacioires.org\\\/wp-content\\\/uploads\\\/PLANTILLA-NOTIS-WEB-3-3.png?fit=1200%2C628&ssl=1\",\"articleSection\":[\"Sense categoria\"],\"inLanguage\":\"ca-ES\"},{\"@type\":\"WebPage\",\"@id\":\"https:\\\/\\\/www.fundacioires.org\\\/?p=47741\",\"url\":\"https:\\\/\\\/www.fundacioires.org\\\/?p=47741\",\"name\":\"Obrim la II Convocat\u00f2ria d'activitats del PLURAL\",\"isPartOf\":{\"@id\":\"https:\\\/\\\/www.fundacioires.org\\\/#website\"},\"primaryImageOfPage\":{\"@id\":\"https:\\\/\\\/www.fundacioires.org\\\/?p=47741#primaryimage\"},\"image\":{\"@id\":\"https:\\\/\\\/www.fundacioires.org\\\/?p=47741#primaryimage\"},\"thumbnailUrl\":\"https:\\\/\\\/i0.wp.com\\\/www.fundacioires.org\\\/wp-content\\\/uploads\\\/PLANTILLA-NOTIS-WEB-3-3.png?fit=1200%2C628&ssl=1\",\"datePublished\":\"2023-01-15T23:00:00+00:00\",\"description\":\"La Fundaci\u00f3 IRES presenta, per segon any consecutiu, la II Convocat\u00f2ria anual d\u2019activitats del Plural, Centre de Masculinitats\",\"breadcrumb\":{\"@id\":\"https:\\\/\\\/www.fundacioires.org\\\/?p=47741#breadcrumb\"},\"inLanguage\":\"ca-ES\",\"potentialAction\":[{\"@type\":\"ReadAction\",\"target\":[\"https:\\\/\\\/www.fundacioires.org\\\/?p=47741\"]}]},{\"@type\":\"ImageObject\",\"inLanguage\":\"ca-ES\",\"@id\":\"https:\\\/\\\/www.fundacioires.org\\\/?p=47741#primaryimage\",\"url\":\"https:\\\/\\\/i0.wp.com\\\/www.fundacioires.org\\\/wp-content\\\/uploads\\\/PLANTILLA-NOTIS-WEB-3-3.png?fit=1200%2C628&ssl=1\",\"contentUrl\":\"https:\\\/\\\/i0.wp.com\\\/www.fundacioires.org\\\/wp-content\\\/uploads\\\/PLANTILLA-NOTIS-WEB-3-3.png?fit=1200%2C628&ssl=1\",\"width\":1200,\"height\":628},{\"@type\":\"BreadcrumbList\",\"@id\":\"https:\\\/\\\/www.fundacioires.org\\\/?p=47741#breadcrumb\",\"itemListElement\":[{\"@type\":\"ListItem\",\"position\":1,\"name\":\"Portada\",\"item\":\"https:\\\/\\\/www.fundacioires.org\\\/\"},{\"@type\":\"ListItem\",\"position\":2,\"name\":\"Obrim la II CONVOCAT\u00d2RIA per presentar activitats del Plural, el centre de masculinitats\"}]},{\"@type\":\"WebSite\",\"@id\":\"https:\\\/\\\/www.fundacioires.org\\\/#website\",\"url\":\"https:\\\/\\\/www.fundacioires.org\\\/\",\"name\":\"Fundaci\u00f3 IRES\",\"description\":\"\",\"publisher\":{\"@id\":\"https:\\\/\\\/www.fundacioires.org\\\/#organization\"},\"potentialAction\":[{\"@type\":\"SearchAction\",\"target\":{\"@type\":\"EntryPoint\",\"urlTemplate\":\"https:\\\/\\\/www.fundacioires.org\\\/?s={search_term_string}\"},\"query-input\":{\"@type\":\"PropertyValueSpecification\",\"valueRequired\":true,\"valueName\":\"search_term_string\"}}],\"inLanguage\":\"ca-ES\"},{\"@type\":\"Organization\",\"@id\":\"https:\\\/\\\/www.fundacioires.org\\\/#organization\",\"name\":\"Fundanci\u00f3n IRES\",\"url\":\"https:\\\/\\\/www.fundacioires.org\\\/\",\"logo\":{\"@type\":\"ImageObject\",\"inLanguage\":\"ca-ES\",\"@id\":\"https:\\\/\\\/www.fundacioires.org\\\/#\\\/schema\\\/logo\\\/image\\\/\",\"url\":\"https:\\\/\\\/i0.wp.com\\\/www.fundacioires.org\\\/wp-content\\\/uploads\\\/faviconIRES.png?fit=32%2C32&ssl=1\",\"contentUrl\":\"https:\\\/\\\/i0.wp.com\\\/www.fundacioires.org\\\/wp-content\\\/uploads\\\/faviconIRES.png?fit=32%2C32&ssl=1\",\"width\":32,\"height\":32,\"caption\":\"Fundanci\u00f3n IRES\"},\"image\":{\"@id\":\"https:\\\/\\\/www.fundacioires.org\\\/#\\\/schema\\\/logo\\\/image\\\/\"}},{\"@type\":\"Person\",\"@id\":\"https:\\\/\\\/www.fundacioires.org\\\/#\\\/schema\\\/person\\\/160af843c565221ef4664a5c7000791c\",\"name\":\"Fundaci\u00f3 IRES\"}]}<\/script>\n<!-- \/ Yoast SEO plugin. -->","yoast_head_json":{"title":"Obrim la II Convocat\u00f2ria d'activitats del PLURAL","description":"La Fundaci\u00f3 IRES presenta, per segon any consecutiu, la II Convocat\u00f2ria anual d\u2019activitats del Plural, Centre de Masculinitats","robots":{"index":"index","follow":"follow","max-snippet":"max-snippet:-1","max-image-preview":"max-image-preview:large","max-video-preview":"max-video-preview:-1"},"canonical":"https:\/\/www.fundacioires.org\/?p=47741","og_locale":"ca_ES","og_type":"article","og_title":"Obrim la II Convocat\u00f2ria d'activitats del PLURAL","og_description":"La Fundaci\u00f3 IRES presenta, per segon any consecutiu, la II Convocat\u00f2ria anual d\u2019activitats del Plural, Centre de Masculinitats","og_url":"https:\/\/www.fundacioires.org\/?p=47741","og_site_name":"Fundaci\u00f3 IRES","article_published_time":"2023-01-15T23:00:00+00:00","og_image":[{"width":1200,"height":628,"url":"https:\/\/i0.wp.com\/www.fundacioires.org\/wp-content\/uploads\/PLANTILLA-NOTIS-WEB-3-3.png?fit=1200%2C628&ssl=1","type":"image\/png"}],"author":"Fundaci\u00f3 IRES","twitter_card":"summary_large_image","twitter_misc":{"Written by":"Fundaci\u00f3 IRES","Est. reading time":"1 minute"},"schema":{"@context":"https:\/\/schema.org","@graph":[{"@type":"Article","@id":"https:\/\/www.fundacioires.org\/?p=47741#article","isPartOf":{"@id":"https:\/\/www.fundacioires.org\/?p=47741"},"author":{"name":"Fundaci\u00f3 IRES","@id":"https:\/\/www.fundacioires.org\/#\/schema\/person\/160af843c565221ef4664a5c7000791c"},"headline":"Obrim la II CONVOCAT\u00d2RIA per presentar activitats del Plural, el centre de masculinitats","datePublished":"2023-01-15T23:00:00+00:00","mainEntityOfPage":{"@id":"https:\/\/www.fundacioires.org\/?p=47741"},"wordCount":160,"publisher":{"@id":"https:\/\/www.fundacioires.org\/#organization"},"image":{"@id":"https:\/\/www.fundacioires.org\/?p=47741#primaryimage"},"thumbnailUrl":"https:\/\/i0.wp.com\/www.fundacioires.org\/wp-content\/uploads\/PLANTILLA-NOTIS-WEB-3-3.png?fit=1200%2C628&ssl=1","articleSection":["Sense categoria"],"inLanguage":"ca-ES"},{"@type":"WebPage","@id":"https:\/\/www.fundacioires.org\/?p=47741","url":"https:\/\/www.fundacioires.org\/?p=47741","name":"Obrim la II Convocat\u00f2ria d'activitats del PLURAL","isPartOf":{"@id":"https:\/\/www.fundacioires.org\/#website"},"primaryImageOfPage":{"@id":"https:\/\/www.fundacioires.org\/?p=47741#primaryimage"},"image":{"@id":"https:\/\/www.fundacioires.org\/?p=47741#primaryimage"},"thumbnailUrl":"https:\/\/i0.wp.com\/www.fundacioires.org\/wp-content\/uploads\/PLANTILLA-NOTIS-WEB-3-3.png?fit=1200%2C628&ssl=1","datePublished":"2023-01-15T23:00:00+00:00","description":"La Fundaci\u00f3 IRES presenta, per segon any consecutiu, la II Convocat\u00f2ria anual d\u2019activitats del Plural, Centre de Masculinitats","breadcrumb":{"@id":"https:\/\/www.fundacioires.org\/?p=47741#breadcrumb"},"inLanguage":"ca-ES","potentialAction":[{"@type":"ReadAction","target":["https:\/\/www.fundacioires.org\/?p=47741"]}]},{"@type":"ImageObject","inLanguage":"ca-ES","@id":"https:\/\/www.fundacioires.org\/?p=47741#primaryimage","url":"https:\/\/i0.wp.com\/www.fundacioires.org\/wp-content\/uploads\/PLANTILLA-NOTIS-WEB-3-3.png?fit=1200%2C628&ssl=1","contentUrl":"https:\/\/i0.wp.com\/www.fundacioires.org\/wp-content\/uploads\/PLANTILLA-NOTIS-WEB-3-3.png?fit=1200%2C628&ssl=1","width":1200,"height":628},{"@type":"BreadcrumbList","@id":"https:\/\/www.fundacioires.org\/?p=47741#breadcrumb","itemListElement":[{"@type":"ListItem","position":1,"name":"Portada","item":"https:\/\/www.fundacioires.org\/"},{"@type":"ListItem","position":2,"name":"Obrim la II CONVOCAT\u00d2RIA per presentar activitats del Plural, el centre de masculinitats"}]},{"@type":"WebSite","@id":"https:\/\/www.fundacioires.org\/#website","url":"https:\/\/www.fundacioires.org\/","name":"Fundaci\u00f3 IRES","description":"","publisher":{"@id":"https:\/\/www.fundacioires.org\/#organization"},"potentialAction":[{"@type":"SearchAction","target":{"@type":"EntryPoint","urlTemplate":"https:\/\/www.fundacioires.org\/?s={search_term_string}"},"query-input":{"@type":"PropertyValueSpecification","valueRequired":true,"valueName":"search_term_string"}}],"inLanguage":"ca-ES"},{"@type":"Organization","@id":"https:\/\/www.fundacioires.org\/#organization","name":"Fundanci\u00f3n IRES","url":"https:\/\/www.fundacioires.org\/","logo":{"@type":"ImageObject","inLanguage":"ca-ES","@id":"https:\/\/www.fundacioires.org\/#\/schema\/logo\/image\/","url":"https:\/\/i0.wp.com\/www.fundacioires.org\/wp-content\/uploads\/faviconIRES.png?fit=32%2C32&ssl=1","contentUrl":"https:\/\/i0.wp.com\/www.fundacioires.org\/wp-content\/uploads\/faviconIRES.png?fit=32%2C32&ssl=1","width":32,"height":32,"caption":"Fundanci\u00f3n IRES"},"image":{"@id":"https:\/\/www.fundacioires.org\/#\/schema\/logo\/image\/"}},{"@type":"Person","@id":"https:\/\/www.fundacioires.org\/#\/schema\/person\/160af843c565221ef4664a5c7000791c","name":"Fundaci\u00f3 IRES"}]}},"jetpack_featured_media_url":"https:\/\/i0.wp.com\/www.fundacioires.org\/wp-content\/uploads\/PLANTILLA-NOTIS-WEB-3-3.png?fit=1200%2C628&ssl=1","jetpack_sharing_enabled":true,"_links":{"self":[{"href":"https:\/\/www.fundacioires.org\/ca\/wp-json\/wp\/v2\/posts\/47698","targetHints":{"allow":["GET"]}}],"collection":[{"href":"https:\/\/www.fundacioires.org\/ca\/wp-json\/wp\/v2\/posts"}],"about":[{"href":"https:\/\/www.fundacioires.org\/ca\/wp-json\/wp\/v2\/types\/post"}],"author":[{"embeddable":true,"href":"https:\/\/www.fundacioires.org\/ca\/wp-json\/wp\/v2\/users\/7"}],"replies":[{"embeddable":true,"href":"https:\/\/www.fundacioires.org\/ca\/wp-json\/wp\/v2\/comments?post=47698"}],"version-history":[{"count":2,"href":"https:\/\/www.fundacioires.org\/ca\/wp-json\/wp\/v2\/posts\/47698\/revisions"}],"predecessor-version":[{"id":47738,"href":"https:\/\/www.fundacioires.org\/ca\/wp-json\/wp\/v2\/posts\/47698\/revisions\/47738"}],"wp:featuredmedia":[{"embeddable":true,"href":"https:\/\/www.fundacioires.org\/ca\/wp-json\/wp\/v2\/media\/47736"}],"wp:attachment":[{"href":"https:\/\/www.fundacioires.org\/ca\/wp-json\/wp\/v2\/media?parent=47698"}],"wp:term":[{"taxonomy":"category","embeddable":true,"href":"https:\/\/www.fundacioires.org\/ca\/wp-json\/wp\/v2\/categories?post=47698"},{"taxonomy":"post_tag","embeddable":true,"href":"https:\/\/www.fundacioires.org\/ca\/wp-json\/wp\/v2\/tags?post=47698"}],"curies":[{"name":"wp","href":"https:\/\/api.w.org\/{rel}","templated":true}]}}