{"id":48047,"date":"2023-01-23T10:03:31","date_gmt":"2023-01-23T09:03:31","guid":{"rendered":"https:\/\/www.fundacioires.org\/?p=48047"},"modified":"2023-01-23T10:03:44","modified_gmt":"2023-01-23T09:03:44","slug":"els-reis-mags-reparteixen-solidaritat-i-somriures-a-424-infants","status":"publish","type":"post","link":"https:\/\/www.fundacioires.org\/ca\/els-reis-mags-reparteixen-solidaritat-i-somriures-a-424-infants\/","title":{"rendered":"Els Reis Mags reparteixen solidaritat i somriures a 424 infants"},"content":{"rendered":"\n<p>A la Fundaci\u00f3 IRES el Nadal \u00e9s una \u00e8poca molt especial perqu\u00e8 <strong>vivim amb molta emoci\u00f3 la il\u00b7lusi\u00f3 dels infants i joves que atenem a Catalunya i Balears<\/strong>. Durant les setmanes pr\u00e8vies es fan activitats espec\u00edfiques i petites celebracions, que ens recorden com d\u2019important \u00e9s creure en la m\u00e0gia aquestes dates.<\/p>\n\n\n\n<p>Des de fa anys, tamb\u00e9 \u00e9s una \u00e8poca on <strong>celebrem la solidaritat<\/strong> a trav\u00e9s de la campanya \u2018<strong>Apadrina una carta<\/strong>\u2019, una iniciativa que permet als infants demanar els regals que desitgen als Reis Mags, ja que donada la situaci\u00f3 de vulnerabilitat de les seves fam\u00edlies no tenen aquesta oportunitat. Des del moment en que els infants escriuen les cartes es desplega un <strong>equip de padrins i padrines molt especials<\/strong> que fan d\u2019ajudants de Ses Majestats: persones volunt\u00e0ries i professionals de les empreses que s\u2019encarreguen d\u2019anar a buscar els regals i que organitzen recaptes per comprar-los.<\/p>\n\n\n\n<p>Una de les nostres <strong>padrines m\u00e9s compromesa<\/strong> \u00e9s la psic\u00f2loga i influencer <strong>Irina Soldevila<\/strong>, que fa tres anys que hi col\u00b7labora a trav\u00e9s del repte \u2018Joguines per a regalar somriures\u2019 a Gofundme. La Irina <strong>ha visitat els infants del Casal en Fam\u00edlia de St. Mart\u00ed <\/strong>en dues ocasions: abans de les vacances per parlar de les emocions del Nadal amb els infants, i just a la tornada per a compartir l\u2019emoci\u00f3 dels nens i nenes a l\u2019obrir els regals que havien demanat.<\/p>\n\n\n\n<figure class=\"wp-block-image size-large\"><img data-recalc-dims=\"1\" loading=\"lazy\" decoding=\"async\" width=\"1024\" height=\"536\" src=\"https:\/\/i0.wp.com\/www.fundacioires.org\/wp-content\/uploads\/4-5.jpg?resize=1024%2C536&#038;ssl=1\" alt=\"\" class=\"wp-image-47946\" srcset=\"https:\/\/i0.wp.com\/www.fundacioires.org\/wp-content\/uploads\/4-5.jpg?resize=1024%2C536&amp;ssl=1 1024w, https:\/\/i0.wp.com\/www.fundacioires.org\/wp-content\/uploads\/4-5.jpg?resize=300%2C157&amp;ssl=1 300w, https:\/\/i0.wp.com\/www.fundacioires.org\/wp-content\/uploads\/4-5.jpg?resize=768%2C402&amp;ssl=1 768w, https:\/\/i0.wp.com\/www.fundacioires.org\/wp-content\/uploads\/4-5.jpg?w=1200&amp;ssl=1 1200w\" sizes=\"(max-width: 1000px) 100vw, 1000px\" \/><\/figure>\n\n\n\n<p>Enguany, <strong>s\u2019ha recaptat un total de 4.705\u20ac<\/strong> tamb\u00e9 gr\u00e0cies a empreses com <strong>ICALIA Solutions<\/strong>, que va organitzar el seu propi recapte amb els seus treballadors i treballadores, <strong>T-Systems ITC Iberia<\/strong> o <strong>Diagonal 111.<\/strong> A Palma a banda, els infants han rebut, les joguines fetes a m\u00e0 per 59 artesans de l\u2019associaci\u00f3 <strong>Creative Christmas Mallorca<\/strong> que van elaborar des de ninots i jocs de taula, fins a contes, disfresses, llibretes o pitets. <strong>Uns regals \u00fanics fets amb molta dedicaci\u00f3<\/strong>.<\/p>\n\n\n\n<p>A m\u00e9s, un <strong>grup de voluntaris i volunt\u00e0ries que van embolicar tots els regals<\/strong> per a ser repartits en la nit m\u00e9s m\u00e0gica de l\u2019any.<\/p>\n\n\n\n<div class=\"wp-block-jetpack-slideshow aligncenter\" data-effect=\"slide\"><div class=\"wp-block-jetpack-slideshow_container swiper-container\"><ul class=\"wp-block-jetpack-slideshow_swiper-wrapper swiper-wrapper\"><li class=\"wp-block-jetpack-slideshow_slide swiper-slide\"><figure><img data-recalc-dims=\"1\" loading=\"lazy\" decoding=\"async\" width=\"1024\" height=\"536\" alt=\"\" class=\"wp-block-jetpack-slideshow_image wp-image-47964\" data-id=\"47964\" src=\"https:\/\/i0.wp.com\/www.fundacioires.org\/wp-content\/uploads\/1-7.jpg?resize=1024%2C536&#038;ssl=1\" srcset=\"https:\/\/i0.wp.com\/www.fundacioires.org\/wp-content\/uploads\/1-7.jpg?resize=1024%2C536&amp;ssl=1 1024w, https:\/\/i0.wp.com\/www.fundacioires.org\/wp-content\/uploads\/1-7.jpg?resize=300%2C157&amp;ssl=1 300w, https:\/\/i0.wp.com\/www.fundacioires.org\/wp-content\/uploads\/1-7.jpg?resize=768%2C402&amp;ssl=1 768w, https:\/\/i0.wp.com\/www.fundacioires.org\/wp-content\/uploads\/1-7.jpg?w=1200&amp;ssl=1 1200w\" sizes=\"(max-width: 1000px) 100vw, 1000px\" \/><\/figure><\/li><li class=\"wp-block-jetpack-slideshow_slide swiper-slide\"><figure><img data-recalc-dims=\"1\" loading=\"lazy\" decoding=\"async\" width=\"1024\" height=\"536\" alt=\"\" class=\"wp-block-jetpack-slideshow_image wp-image-47966\" data-id=\"47966\" src=\"https:\/\/i0.wp.com\/www.fundacioires.org\/wp-content\/uploads\/1_4.jpg?resize=1024%2C536&#038;ssl=1\" srcset=\"https:\/\/i0.wp.com\/www.fundacioires.org\/wp-content\/uploads\/1_4.jpg?resize=1024%2C536&amp;ssl=1 1024w, https:\/\/i0.wp.com\/www.fundacioires.org\/wp-content\/uploads\/1_4.jpg?resize=300%2C157&amp;ssl=1 300w, https:\/\/i0.wp.com\/www.fundacioires.org\/wp-content\/uploads\/1_4.jpg?resize=768%2C402&amp;ssl=1 768w, https:\/\/i0.wp.com\/www.fundacioires.org\/wp-content\/uploads\/1_4.jpg?w=1200&amp;ssl=1 1200w\" sizes=\"(max-width: 1000px) 100vw, 1000px\" \/><\/figure><\/li><li class=\"wp-block-jetpack-slideshow_slide swiper-slide\"><figure><img data-recalc-dims=\"1\" loading=\"lazy\" decoding=\"async\" width=\"1024\" height=\"536\" alt=\"\" class=\"wp-block-jetpack-slideshow_image wp-image-47960\" data-id=\"47960\" src=\"https:\/\/i0.wp.com\/www.fundacioires.org\/wp-content\/uploads\/1_1.jpg?resize=1024%2C536&#038;ssl=1\" srcset=\"https:\/\/i0.wp.com\/www.fundacioires.org\/wp-content\/uploads\/1_1.jpg?resize=1024%2C536&amp;ssl=1 1024w, https:\/\/i0.wp.com\/www.fundacioires.org\/wp-content\/uploads\/1_1.jpg?resize=300%2C157&amp;ssl=1 300w, https:\/\/i0.wp.com\/www.fundacioires.org\/wp-content\/uploads\/1_1.jpg?resize=768%2C402&amp;ssl=1 768w, https:\/\/i0.wp.com\/www.fundacioires.org\/wp-content\/uploads\/1_1.jpg?w=1200&amp;ssl=1 1200w\" sizes=\"(max-width: 1000px) 100vw, 1000px\" \/><\/figure><\/li><li class=\"wp-block-jetpack-slideshow_slide swiper-slide\"><figure><img data-recalc-dims=\"1\" loading=\"lazy\" decoding=\"async\" width=\"1024\" height=\"536\" alt=\"\" class=\"wp-block-jetpack-slideshow_image wp-image-47968\" data-id=\"47968\" src=\"https:\/\/i0.wp.com\/www.fundacioires.org\/wp-content\/uploads\/1_3.jpg?resize=1024%2C536&#038;ssl=1\" srcset=\"https:\/\/i0.wp.com\/www.fundacioires.org\/wp-content\/uploads\/1_3.jpg?resize=1024%2C536&amp;ssl=1 1024w, https:\/\/i0.wp.com\/www.fundacioires.org\/wp-content\/uploads\/1_3.jpg?resize=300%2C157&amp;ssl=1 300w, https:\/\/i0.wp.com\/www.fundacioires.org\/wp-content\/uploads\/1_3.jpg?resize=768%2C402&amp;ssl=1 768w, https:\/\/i0.wp.com\/www.fundacioires.org\/wp-content\/uploads\/1_3.jpg?w=1200&amp;ssl=1 1200w\" sizes=\"(max-width: 1000px) 100vw, 1000px\" \/><\/figure><\/li><li class=\"wp-block-jetpack-slideshow_slide swiper-slide\"><figure><img data-recalc-dims=\"1\" loading=\"lazy\" decoding=\"async\" width=\"1024\" height=\"536\" alt=\"\" class=\"wp-block-jetpack-slideshow_image wp-image-47962\" data-id=\"47962\" src=\"https:\/\/i0.wp.com\/www.fundacioires.org\/wp-content\/uploads\/3-6.jpg?resize=1024%2C536&#038;ssl=1\" srcset=\"https:\/\/i0.wp.com\/www.fundacioires.org\/wp-content\/uploads\/3-6.jpg?resize=1024%2C536&amp;ssl=1 1024w, https:\/\/i0.wp.com\/www.fundacioires.org\/wp-content\/uploads\/3-6.jpg?resize=300%2C157&amp;ssl=1 300w, https:\/\/i0.wp.com\/www.fundacioires.org\/wp-content\/uploads\/3-6.jpg?resize=768%2C402&amp;ssl=1 768w, https:\/\/i0.wp.com\/www.fundacioires.org\/wp-content\/uploads\/3-6.jpg?w=1200&amp;ssl=1 1200w\" sizes=\"(max-width: 1000px) 100vw, 1000px\" \/><\/figure><\/li><li class=\"wp-block-jetpack-slideshow_slide swiper-slide\"><figure><img data-recalc-dims=\"1\" loading=\"lazy\" decoding=\"async\" width=\"1024\" height=\"536\" alt=\"\" class=\"wp-block-jetpack-slideshow_image wp-image-47970\" data-id=\"47970\" src=\"https:\/\/i0.wp.com\/www.fundacioires.org\/wp-content\/uploads\/2-7.jpg?resize=1024%2C536&#038;ssl=1\" srcset=\"https:\/\/i0.wp.com\/www.fundacioires.org\/wp-content\/uploads\/2-7.jpg?resize=1024%2C536&amp;ssl=1 1024w, https:\/\/i0.wp.com\/www.fundacioires.org\/wp-content\/uploads\/2-7.jpg?resize=300%2C157&amp;ssl=1 300w, https:\/\/i0.wp.com\/www.fundacioires.org\/wp-content\/uploads\/2-7.jpg?resize=768%2C402&amp;ssl=1 768w, https:\/\/i0.wp.com\/www.fundacioires.org\/wp-content\/uploads\/2-7.jpg?w=1200&amp;ssl=1 1200w\" sizes=\"(max-width: 1000px) 100vw, 1000px\" \/><\/figure><\/li><\/ul><a class=\"wp-block-jetpack-slideshow_button-prev swiper-button-prev swiper-button-white\" role=\"button\"><\/a><a class=\"wp-block-jetpack-slideshow_button-next swiper-button-next swiper-button-white\" role=\"button\"><\/a><a aria-label=\"Pause Slideshow\" class=\"wp-block-jetpack-slideshow_button-pause\" role=\"button\"><\/a><div class=\"wp-block-jetpack-slideshow_pagination swiper-pagination swiper-pagination-white\"><\/div><\/div><\/div>\n\n\n\n<p>Gr\u00e0cies a tota aquesta solidaritat, hem aconseguit que <strong>424 infants rebin un regal aquestes festes<\/strong>. Les fam\u00edlies que atenem des de la Fundaci\u00f3 IRES travessen diferents situacions de vulnerabilitat, com no tenir cobertes les necessitats b\u00e0siques per viure, no comptar amb una xarxa d\u2019amistats o comunitats de recolzament, o estar vivint situacions de conflicte i\/o viol\u00e8ncies. Iniciatives com aquestes, omplen les llars d\u2019alegria i esperan\u00e7a. <\/p>\n\n\n\n<p><strong>Gr\u00e0cies a totes les persones que ho heu fet possible<\/strong>!<\/p>\n","protected":false},"excerpt":{"rendered":"<p>La campanya \u201cApadrina una carta\u201d recapta 4.705\u20ac gr\u00e0cies al comprom\u00eds de persones i empreses.<\/p>\n","protected":false},"author":7,"featured_media":47878,"comment_status":"closed","ping_status":"open","sticky":false,"template":"","format":"standard","meta":{"_jetpack_memberships_contains_paid_content":false,"footnotes":""},"categories":[24,19],"tags":[],"class_list":["post-48047","post","type-post","status-publish","format-standard","has-post-thumbnail","hentry","category-campanyes-de-captacio-i-sensibilitzacio","category-ires-blog"],"yoast_head":"<!-- This site is optimized with the Yoast SEO plugin v27.4 - https:\/\/yoast.com\/product\/yoast-seo-wordpress\/ -->\n<title>Els Reis Mags reparteixen solidaritat i somriures a 424 infants - Fundaci\u00f3 IRES<\/title>\n<meta name=\"robots\" content=\"index, follow, max-snippet:-1, max-image-preview:large, max-video-preview:-1\" \/>\n<link rel=\"canonical\" href=\"https:\/\/www.fundacioires.org\/ca\/els-reis-mags-reparteixen-solidaritat-i-somriures-a-424-infants\/\" \/>\n<meta property=\"og:locale\" content=\"ca_ES\" \/>\n<meta property=\"og:type\" content=\"article\" \/>\n<meta property=\"og:title\" content=\"Els Reis Mags reparteixen solidaritat i somriures a 424 infants - Fundaci\u00f3 IRES\" \/>\n<meta property=\"og:description\" content=\"La campanya \u201cApadrina una carta\u201d recapta 4.705\u20ac gr\u00e0cies al comprom\u00eds de persones i empreses.\" \/>\n<meta property=\"og:url\" content=\"https:\/\/www.fundacioires.org\/ca\/els-reis-mags-reparteixen-solidaritat-i-somriures-a-424-infants\/\" \/>\n<meta property=\"og:site_name\" content=\"Fundaci\u00f3 IRES\" \/>\n<meta property=\"article:published_time\" content=\"2023-01-23T09:03:31+00:00\" \/>\n<meta property=\"article:modified_time\" content=\"2023-01-23T09:03:44+00:00\" \/>\n<meta property=\"og:image\" content=\"https:\/\/www.fundacioires.org\/wp-content\/uploads\/apadrina_web_2.jpg\" \/>\n\t<meta property=\"og:image:width\" content=\"1200\" \/>\n\t<meta property=\"og:image:height\" content=\"628\" \/>\n\t<meta property=\"og:image:type\" content=\"image\/jpeg\" \/>\n<meta name=\"author\" content=\"Fundaci\u00f3 IRES\" \/>\n<meta name=\"twitter:card\" content=\"summary_large_image\" \/>\n<meta name=\"twitter:label1\" content=\"Written by\" \/>\n\t<meta name=\"twitter:data1\" content=\"Fundaci\u00f3 IRES\" \/>\n\t<meta name=\"twitter:label2\" content=\"Est. reading time\" \/>\n\t<meta name=\"twitter:data2\" content=\"4 minutes\" \/>\n<script type=\"application\/ld+json\" class=\"yoast-schema-graph\">{\"@context\":\"https:\\\/\\\/schema.org\",\"@graph\":[{\"@type\":\"Article\",\"@id\":\"https:\\\/\\\/www.fundacioires.org\\\/ca\\\/els-reis-mags-reparteixen-solidaritat-i-somriures-a-424-infants\\\/#article\",\"isPartOf\":{\"@id\":\"https:\\\/\\\/www.fundacioires.org\\\/ca\\\/els-reis-mags-reparteixen-solidaritat-i-somriures-a-424-infants\\\/\"},\"author\":{\"name\":\"Fundaci\u00f3 IRES\",\"@id\":\"https:\\\/\\\/www.fundacioires.org\\\/#\\\/schema\\\/person\\\/160af843c565221ef4664a5c7000791c\"},\"headline\":\"Els Reis Mags reparteixen solidaritat i somriures a 424 infants\",\"datePublished\":\"2023-01-23T09:03:31+00:00\",\"dateModified\":\"2023-01-23T09:03:44+00:00\",\"mainEntityOfPage\":{\"@id\":\"https:\\\/\\\/www.fundacioires.org\\\/ca\\\/els-reis-mags-reparteixen-solidaritat-i-somriures-a-424-infants\\\/\"},\"wordCount\":446,\"publisher\":{\"@id\":\"https:\\\/\\\/www.fundacioires.org\\\/#organization\"},\"image\":{\"@id\":\"https:\\\/\\\/www.fundacioires.org\\\/ca\\\/els-reis-mags-reparteixen-solidaritat-i-somriures-a-424-infants\\\/#primaryimage\"},\"thumbnailUrl\":\"https:\\\/\\\/i0.wp.com\\\/www.fundacioires.org\\\/wp-content\\\/uploads\\\/apadrina_web_2.jpg?fit=1200%2C628&ssl=1\",\"articleSection\":[\"Campanyes de captaci\u00f3 i sensibilitzaci\u00f3\",\"IRES-Blog\"],\"inLanguage\":\"ca-ES\"},{\"@type\":\"WebPage\",\"@id\":\"https:\\\/\\\/www.fundacioires.org\\\/ca\\\/els-reis-mags-reparteixen-solidaritat-i-somriures-a-424-infants\\\/\",\"url\":\"https:\\\/\\\/www.fundacioires.org\\\/ca\\\/els-reis-mags-reparteixen-solidaritat-i-somriures-a-424-infants\\\/\",\"name\":\"Els Reis Mags reparteixen solidaritat i somriures a 424 infants - Fundaci\u00f3 IRES\",\"isPartOf\":{\"@id\":\"https:\\\/\\\/www.fundacioires.org\\\/#website\"},\"primaryImageOfPage\":{\"@id\":\"https:\\\/\\\/www.fundacioires.org\\\/ca\\\/els-reis-mags-reparteixen-solidaritat-i-somriures-a-424-infants\\\/#primaryimage\"},\"image\":{\"@id\":\"https:\\\/\\\/www.fundacioires.org\\\/ca\\\/els-reis-mags-reparteixen-solidaritat-i-somriures-a-424-infants\\\/#primaryimage\"},\"thumbnailUrl\":\"https:\\\/\\\/i0.wp.com\\\/www.fundacioires.org\\\/wp-content\\\/uploads\\\/apadrina_web_2.jpg?fit=1200%2C628&ssl=1\",\"datePublished\":\"2023-01-23T09:03:31+00:00\",\"dateModified\":\"2023-01-23T09:03:44+00:00\",\"breadcrumb\":{\"@id\":\"https:\\\/\\\/www.fundacioires.org\\\/ca\\\/els-reis-mags-reparteixen-solidaritat-i-somriures-a-424-infants\\\/#breadcrumb\"},\"inLanguage\":\"ca-ES\",\"potentialAction\":[{\"@type\":\"ReadAction\",\"target\":[\"https:\\\/\\\/www.fundacioires.org\\\/ca\\\/els-reis-mags-reparteixen-solidaritat-i-somriures-a-424-infants\\\/\"]}]},{\"@type\":\"ImageObject\",\"inLanguage\":\"ca-ES\",\"@id\":\"https:\\\/\\\/www.fundacioires.org\\\/ca\\\/els-reis-mags-reparteixen-solidaritat-i-somriures-a-424-infants\\\/#primaryimage\",\"url\":\"https:\\\/\\\/i0.wp.com\\\/www.fundacioires.org\\\/wp-content\\\/uploads\\\/apadrina_web_2.jpg?fit=1200%2C628&ssl=1\",\"contentUrl\":\"https:\\\/\\\/i0.wp.com\\\/www.fundacioires.org\\\/wp-content\\\/uploads\\\/apadrina_web_2.jpg?fit=1200%2C628&ssl=1\",\"width\":1200,\"height\":628},{\"@type\":\"BreadcrumbList\",\"@id\":\"https:\\\/\\\/www.fundacioires.org\\\/ca\\\/els-reis-mags-reparteixen-solidaritat-i-somriures-a-424-infants\\\/#breadcrumb\",\"itemListElement\":[{\"@type\":\"ListItem\",\"position\":1,\"name\":\"Portada\",\"item\":\"https:\\\/\\\/www.fundacioires.org\\\/\"},{\"@type\":\"ListItem\",\"position\":2,\"name\":\"Els Reis Mags reparteixen solidaritat i somriures a 424 infants\"}]},{\"@type\":\"WebSite\",\"@id\":\"https:\\\/\\\/www.fundacioires.org\\\/#website\",\"url\":\"https:\\\/\\\/www.fundacioires.org\\\/\",\"name\":\"Fundaci\u00f3 IRES\",\"description\":\"\",\"publisher\":{\"@id\":\"https:\\\/\\\/www.fundacioires.org\\\/#organization\"},\"potentialAction\":[{\"@type\":\"SearchAction\",\"target\":{\"@type\":\"EntryPoint\",\"urlTemplate\":\"https:\\\/\\\/www.fundacioires.org\\\/?s={search_term_string}\"},\"query-input\":{\"@type\":\"PropertyValueSpecification\",\"valueRequired\":true,\"valueName\":\"search_term_string\"}}],\"inLanguage\":\"ca-ES\"},{\"@type\":\"Organization\",\"@id\":\"https:\\\/\\\/www.fundacioires.org\\\/#organization\",\"name\":\"Fundanci\u00f3n IRES\",\"url\":\"https:\\\/\\\/www.fundacioires.org\\\/\",\"logo\":{\"@type\":\"ImageObject\",\"inLanguage\":\"ca-ES\",\"@id\":\"https:\\\/\\\/www.fundacioires.org\\\/#\\\/schema\\\/logo\\\/image\\\/\",\"url\":\"https:\\\/\\\/i0.wp.com\\\/www.fundacioires.org\\\/wp-content\\\/uploads\\\/faviconIRES.png?fit=32%2C32&ssl=1\",\"contentUrl\":\"https:\\\/\\\/i0.wp.com\\\/www.fundacioires.org\\\/wp-content\\\/uploads\\\/faviconIRES.png?fit=32%2C32&ssl=1\",\"width\":32,\"height\":32,\"caption\":\"Fundanci\u00f3n IRES\"},\"image\":{\"@id\":\"https:\\\/\\\/www.fundacioires.org\\\/#\\\/schema\\\/logo\\\/image\\\/\"}},{\"@type\":\"Person\",\"@id\":\"https:\\\/\\\/www.fundacioires.org\\\/#\\\/schema\\\/person\\\/160af843c565221ef4664a5c7000791c\",\"name\":\"Fundaci\u00f3 IRES\"}]}<\/script>\n<!-- \/ Yoast SEO plugin. -->","yoast_head_json":{"title":"Els Reis Mags reparteixen solidaritat i somriures a 424 infants - Fundaci\u00f3 IRES","robots":{"index":"index","follow":"follow","max-snippet":"max-snippet:-1","max-image-preview":"max-image-preview:large","max-video-preview":"max-video-preview:-1"},"canonical":"https:\/\/www.fundacioires.org\/ca\/els-reis-mags-reparteixen-solidaritat-i-somriures-a-424-infants\/","og_locale":"ca_ES","og_type":"article","og_title":"Els Reis Mags reparteixen solidaritat i somriures a 424 infants - Fundaci\u00f3 IRES","og_description":"La campanya \u201cApadrina una carta\u201d recapta 4.705\u20ac gr\u00e0cies al comprom\u00eds de persones i empreses.","og_url":"https:\/\/www.fundacioires.org\/ca\/els-reis-mags-reparteixen-solidaritat-i-somriures-a-424-infants\/","og_site_name":"Fundaci\u00f3 IRES","article_published_time":"2023-01-23T09:03:31+00:00","article_modified_time":"2023-01-23T09:03:44+00:00","og_image":[{"width":1200,"height":628,"url":"https:\/\/www.fundacioires.org\/wp-content\/uploads\/apadrina_web_2.jpg","type":"image\/jpeg"}],"author":"Fundaci\u00f3 IRES","twitter_card":"summary_large_image","twitter_misc":{"Written by":"Fundaci\u00f3 IRES","Est. reading time":"4 minutes"},"schema":{"@context":"https:\/\/schema.org","@graph":[{"@type":"Article","@id":"https:\/\/www.fundacioires.org\/ca\/els-reis-mags-reparteixen-solidaritat-i-somriures-a-424-infants\/#article","isPartOf":{"@id":"https:\/\/www.fundacioires.org\/ca\/els-reis-mags-reparteixen-solidaritat-i-somriures-a-424-infants\/"},"author":{"name":"Fundaci\u00f3 IRES","@id":"https:\/\/www.fundacioires.org\/#\/schema\/person\/160af843c565221ef4664a5c7000791c"},"headline":"Els Reis Mags reparteixen solidaritat i somriures a 424 infants","datePublished":"2023-01-23T09:03:31+00:00","dateModified":"2023-01-23T09:03:44+00:00","mainEntityOfPage":{"@id":"https:\/\/www.fundacioires.org\/ca\/els-reis-mags-reparteixen-solidaritat-i-somriures-a-424-infants\/"},"wordCount":446,"publisher":{"@id":"https:\/\/www.fundacioires.org\/#organization"},"image":{"@id":"https:\/\/www.fundacioires.org\/ca\/els-reis-mags-reparteixen-solidaritat-i-somriures-a-424-infants\/#primaryimage"},"thumbnailUrl":"https:\/\/i0.wp.com\/www.fundacioires.org\/wp-content\/uploads\/apadrina_web_2.jpg?fit=1200%2C628&ssl=1","articleSection":["Campanyes de captaci\u00f3 i sensibilitzaci\u00f3","IRES-Blog"],"inLanguage":"ca-ES"},{"@type":"WebPage","@id":"https:\/\/www.fundacioires.org\/ca\/els-reis-mags-reparteixen-solidaritat-i-somriures-a-424-infants\/","url":"https:\/\/www.fundacioires.org\/ca\/els-reis-mags-reparteixen-solidaritat-i-somriures-a-424-infants\/","name":"Els Reis Mags reparteixen solidaritat i somriures a 424 infants - Fundaci\u00f3 IRES","isPartOf":{"@id":"https:\/\/www.fundacioires.org\/#website"},"primaryImageOfPage":{"@id":"https:\/\/www.fundacioires.org\/ca\/els-reis-mags-reparteixen-solidaritat-i-somriures-a-424-infants\/#primaryimage"},"image":{"@id":"https:\/\/www.fundacioires.org\/ca\/els-reis-mags-reparteixen-solidaritat-i-somriures-a-424-infants\/#primaryimage"},"thumbnailUrl":"https:\/\/i0.wp.com\/www.fundacioires.org\/wp-content\/uploads\/apadrina_web_2.jpg?fit=1200%2C628&ssl=1","datePublished":"2023-01-23T09:03:31+00:00","dateModified":"2023-01-23T09:03:44+00:00","breadcrumb":{"@id":"https:\/\/www.fundacioires.org\/ca\/els-reis-mags-reparteixen-solidaritat-i-somriures-a-424-infants\/#breadcrumb"},"inLanguage":"ca-ES","potentialAction":[{"@type":"ReadAction","target":["https:\/\/www.fundacioires.org\/ca\/els-reis-mags-reparteixen-solidaritat-i-somriures-a-424-infants\/"]}]},{"@type":"ImageObject","inLanguage":"ca-ES","@id":"https:\/\/www.fundacioires.org\/ca\/els-reis-mags-reparteixen-solidaritat-i-somriures-a-424-infants\/#primaryimage","url":"https:\/\/i0.wp.com\/www.fundacioires.org\/wp-content\/uploads\/apadrina_web_2.jpg?fit=1200%2C628&ssl=1","contentUrl":"https:\/\/i0.wp.com\/www.fundacioires.org\/wp-content\/uploads\/apadrina_web_2.jpg?fit=1200%2C628&ssl=1","width":1200,"height":628},{"@type":"BreadcrumbList","@id":"https:\/\/www.fundacioires.org\/ca\/els-reis-mags-reparteixen-solidaritat-i-somriures-a-424-infants\/#breadcrumb","itemListElement":[{"@type":"ListItem","position":1,"name":"Portada","item":"https:\/\/www.fundacioires.org\/"},{"@type":"ListItem","position":2,"name":"Els Reis Mags reparteixen solidaritat i somriures a 424 infants"}]},{"@type":"WebSite","@id":"https:\/\/www.fundacioires.org\/#website","url":"https:\/\/www.fundacioires.org\/","name":"Fundaci\u00f3 IRES","description":"","publisher":{"@id":"https:\/\/www.fundacioires.org\/#organization"},"potentialAction":[{"@type":"SearchAction","target":{"@type":"EntryPoint","urlTemplate":"https:\/\/www.fundacioires.org\/?s={search_term_string}"},"query-input":{"@type":"PropertyValueSpecification","valueRequired":true,"valueName":"search_term_string"}}],"inLanguage":"ca-ES"},{"@type":"Organization","@id":"https:\/\/www.fundacioires.org\/#organization","name":"Fundanci\u00f3n IRES","url":"https:\/\/www.fundacioires.org\/","logo":{"@type":"ImageObject","inLanguage":"ca-ES","@id":"https:\/\/www.fundacioires.org\/#\/schema\/logo\/image\/","url":"https:\/\/i0.wp.com\/www.fundacioires.org\/wp-content\/uploads\/faviconIRES.png?fit=32%2C32&ssl=1","contentUrl":"https:\/\/i0.wp.com\/www.fundacioires.org\/wp-content\/uploads\/faviconIRES.png?fit=32%2C32&ssl=1","width":32,"height":32,"caption":"Fundanci\u00f3n IRES"},"image":{"@id":"https:\/\/www.fundacioires.org\/#\/schema\/logo\/image\/"}},{"@type":"Person","@id":"https:\/\/www.fundacioires.org\/#\/schema\/person\/160af843c565221ef4664a5c7000791c","name":"Fundaci\u00f3 IRES"}]}},"jetpack_featured_media_url":"https:\/\/i0.wp.com\/www.fundacioires.org\/wp-content\/uploads\/apadrina_web_2.jpg?fit=1200%2C628&ssl=1","jetpack_sharing_enabled":true,"_links":{"self":[{"href":"https:\/\/www.fundacioires.org\/ca\/wp-json\/wp\/v2\/posts\/48047","targetHints":{"allow":["GET"]}}],"collection":[{"href":"https:\/\/www.fundacioires.org\/ca\/wp-json\/wp\/v2\/posts"}],"about":[{"href":"https:\/\/www.fundacioires.org\/ca\/wp-json\/wp\/v2\/types\/post"}],"author":[{"embeddable":true,"href":"https:\/\/www.fundacioires.org\/ca\/wp-json\/wp\/v2\/users\/7"}],"replies":[{"embeddable":true,"href":"https:\/\/www.fundacioires.org\/ca\/wp-json\/wp\/v2\/comments?post=48047"}],"version-history":[{"count":1,"href":"https:\/\/www.fundacioires.org\/ca\/wp-json\/wp\/v2\/posts\/48047\/revisions"}],"predecessor-version":[{"id":48048,"href":"https:\/\/www.fundacioires.org\/ca\/wp-json\/wp\/v2\/posts\/48047\/revisions\/48048"}],"wp:featuredmedia":[{"embeddable":true,"href":"https:\/\/www.fundacioires.org\/ca\/wp-json\/wp\/v2\/media\/47878"}],"wp:attachment":[{"href":"https:\/\/www.fundacioires.org\/ca\/wp-json\/wp\/v2\/media?parent=48047"}],"wp:term":[{"taxonomy":"category","embeddable":true,"href":"https:\/\/www.fundacioires.org\/ca\/wp-json\/wp\/v2\/categories?post=48047"},{"taxonomy":"post_tag","embeddable":true,"href":"https:\/\/www.fundacioires.org\/ca\/wp-json\/wp\/v2\/tags?post=48047"}],"curies":[{"name":"wp","href":"https:\/\/api.w.org\/{rel}","templated":true}]}}