{"id":48680,"date":"2023-02-16T10:51:52","date_gmt":"2023-02-16T09:51:52","guid":{"rendered":"https:\/\/www.fundacioires.org\/?p=48680"},"modified":"2024-04-25T13:01:59","modified_gmt":"2024-04-25T11:01:59","slug":"cap-familia-sense-biblioteca","status":"publish","type":"post","link":"https:\/\/www.fundacioires.org\/ca\/cap-familia-sense-biblioteca\/","title":{"rendered":"Acostem el plaer de la lectura a les fam\u00edlies del Casal en Fam\u00edlia"},"content":{"rendered":"\n<p><strong>Cap Fam\u00edlia sense Biblioteca<\/strong> \u00e9s una iniciativa de la <strong>Fundaci\u00f3 Art&amp;Paraula<\/strong> que t\u00e9 per objectiu lliurar a les fam\u00edlies en situaci\u00f3 de vulnerabilitat una selecci\u00f3 de <strong>12 llibres<\/strong>, adients als interessos dels infants i de les fam\u00edlies per crear les seves pr\u00f2pies biblioteques. Llegir fa que tots els membres de la fam\u00edlia puguin endinsar-se en hist\u00f2ries apassionants, descobrir nous mons i adquirir coneixements a trav\u00e9s de la lectura. Des <strong>d&#8217;Art&amp;Paraula<\/strong> &nbsp;han fet arribar un lot de llibres a 11&nbsp;fam\u00edlies del Casal en Fam\u00edlia de Barcelona i a m\u00e9s, col\u00b7laboren amb el Programa <strong>CAP NEN\/A SENSE CULTURA <\/strong>de <strong>l&#8217;Associaci\u00f3 Tant\u00e0gora<\/strong>.<\/p>\n\n\n\n<p>Les<strong> cares d\u2019alegria dels infants <\/strong>en veure les caixes plenes de llibres resumeix molt b\u00e9 com va ser<br>l\u2019entrega: una tarda plena d\u2019emocions. Vam convidar les seves fam\u00edlies i plegats, adults i infants,<br>van buscar la capsa amb el seu nom i van descobrir els contes que hi havia a dins. <\/p>\n\n\n\n<p>Cada fam\u00edlia en va escollir un, el van llegir junts, i al cap d&#8217;una estona el van explicar a la resta de fam\u00edlies.<br>Tots i totes van estar molt agra\u00efts de poder emportar-se les noves lectures a casa i d&#8217;haver pogut<br>compartir una estona plegats. Aquests dies alguns dels nens i nenes ens han explicat que ja n\u2019han<br>comen\u00e7at de nous i que els llegeixen abans d\u2019anar a dormir.<\/p>\n\n\n\n<div class=\"wp-block-jetpack-slideshow aligncenter\" data-effect=\"slide\"><div class=\"wp-block-jetpack-slideshow_container swiper-container\"><ul class=\"wp-block-jetpack-slideshow_swiper-wrapper swiper-wrapper\"><li class=\"wp-block-jetpack-slideshow_slide swiper-slide\"><figure><img data-recalc-dims=\"1\" loading=\"lazy\" decoding=\"async\" width=\"1024\" height=\"768\" alt=\"\" class=\"wp-block-jetpack-slideshow_image wp-image-48692\" data-id=\"48692\" src=\"https:\/\/i0.wp.com\/www.fundacioires.org\/wp-content\/uploads\/331073601_855945585503375_7789043032182414759_n-1.jpg?resize=1024%2C768&#038;ssl=1\" srcset=\"https:\/\/i0.wp.com\/www.fundacioires.org\/wp-content\/uploads\/331073601_855945585503375_7789043032182414759_n-1.jpg?resize=1024%2C768&amp;ssl=1 1024w, https:\/\/i0.wp.com\/www.fundacioires.org\/wp-content\/uploads\/331073601_855945585503375_7789043032182414759_n-1.jpg?resize=300%2C225&amp;ssl=1 300w, https:\/\/i0.wp.com\/www.fundacioires.org\/wp-content\/uploads\/331073601_855945585503375_7789043032182414759_n-1.jpg?resize=768%2C576&amp;ssl=1 768w, https:\/\/i0.wp.com\/www.fundacioires.org\/wp-content\/uploads\/331073601_855945585503375_7789043032182414759_n-1.jpg?resize=1536%2C1152&amp;ssl=1 1536w, https:\/\/i0.wp.com\/www.fundacioires.org\/wp-content\/uploads\/331073601_855945585503375_7789043032182414759_n-1.jpg?w=1600&amp;ssl=1 1600w\" sizes=\"(max-width: 1000px) 100vw, 1000px\" \/><\/figure><\/li><li class=\"wp-block-jetpack-slideshow_slide swiper-slide\"><figure><img data-recalc-dims=\"1\" loading=\"lazy\" decoding=\"async\" width=\"1024\" height=\"768\" alt=\"\" class=\"wp-block-jetpack-slideshow_image wp-image-48684\" data-id=\"48684\" src=\"https:\/\/i0.wp.com\/www.fundacioires.org\/wp-content\/uploads\/331071932_516712413877488_5886576709566325008_n.jpg?resize=1024%2C768&#038;ssl=1\" srcset=\"https:\/\/i0.wp.com\/www.fundacioires.org\/wp-content\/uploads\/331071932_516712413877488_5886576709566325008_n.jpg?resize=1024%2C768&amp;ssl=1 1024w, https:\/\/i0.wp.com\/www.fundacioires.org\/wp-content\/uploads\/331071932_516712413877488_5886576709566325008_n.jpg?resize=300%2C225&amp;ssl=1 300w, https:\/\/i0.wp.com\/www.fundacioires.org\/wp-content\/uploads\/331071932_516712413877488_5886576709566325008_n.jpg?resize=768%2C576&amp;ssl=1 768w, https:\/\/i0.wp.com\/www.fundacioires.org\/wp-content\/uploads\/331071932_516712413877488_5886576709566325008_n.jpg?resize=1536%2C1152&amp;ssl=1 1536w, https:\/\/i0.wp.com\/www.fundacioires.org\/wp-content\/uploads\/331071932_516712413877488_5886576709566325008_n.jpg?w=1600&amp;ssl=1 1600w\" sizes=\"(max-width: 1000px) 100vw, 1000px\" \/><\/figure><\/li><li class=\"wp-block-jetpack-slideshow_slide swiper-slide\"><figure><img data-recalc-dims=\"1\" loading=\"lazy\" decoding=\"async\" width=\"1024\" height=\"768\" alt=\"\" class=\"wp-block-jetpack-slideshow_image wp-image-48688\" data-id=\"48688\" src=\"https:\/\/i0.wp.com\/www.fundacioires.org\/wp-content\/uploads\/331074579_1291559788442228_379100339024558136_n.jpg?resize=1024%2C768&#038;ssl=1\" srcset=\"https:\/\/i0.wp.com\/www.fundacioires.org\/wp-content\/uploads\/331074579_1291559788442228_379100339024558136_n.jpg?resize=1024%2C768&amp;ssl=1 1024w, https:\/\/i0.wp.com\/www.fundacioires.org\/wp-content\/uploads\/331074579_1291559788442228_379100339024558136_n.jpg?resize=300%2C225&amp;ssl=1 300w, https:\/\/i0.wp.com\/www.fundacioires.org\/wp-content\/uploads\/331074579_1291559788442228_379100339024558136_n.jpg?resize=768%2C576&amp;ssl=1 768w, https:\/\/i0.wp.com\/www.fundacioires.org\/wp-content\/uploads\/331074579_1291559788442228_379100339024558136_n.jpg?resize=1536%2C1152&amp;ssl=1 1536w, https:\/\/i0.wp.com\/www.fundacioires.org\/wp-content\/uploads\/331074579_1291559788442228_379100339024558136_n.jpg?w=1600&amp;ssl=1 1600w\" sizes=\"(max-width: 1000px) 100vw, 1000px\" \/><\/figure><\/li><li class=\"wp-block-jetpack-slideshow_slide swiper-slide\"><figure><img data-recalc-dims=\"1\" loading=\"lazy\" decoding=\"async\" width=\"1024\" height=\"768\" alt=\"\" class=\"wp-block-jetpack-slideshow_image wp-image-48682\" data-id=\"48682\" src=\"https:\/\/i0.wp.com\/www.fundacioires.org\/wp-content\/uploads\/331072832_707472001052910_130481943954654671_n.jpg?resize=1024%2C768&#038;ssl=1\" srcset=\"https:\/\/i0.wp.com\/www.fundacioires.org\/wp-content\/uploads\/331072832_707472001052910_130481943954654671_n.jpg?resize=1024%2C768&amp;ssl=1 1024w, https:\/\/i0.wp.com\/www.fundacioires.org\/wp-content\/uploads\/331072832_707472001052910_130481943954654671_n.jpg?resize=300%2C225&amp;ssl=1 300w, https:\/\/i0.wp.com\/www.fundacioires.org\/wp-content\/uploads\/331072832_707472001052910_130481943954654671_n.jpg?resize=768%2C576&amp;ssl=1 768w, https:\/\/i0.wp.com\/www.fundacioires.org\/wp-content\/uploads\/331072832_707472001052910_130481943954654671_n.jpg?resize=1536%2C1152&amp;ssl=1 1536w, https:\/\/i0.wp.com\/www.fundacioires.org\/wp-content\/uploads\/331072832_707472001052910_130481943954654671_n.jpg?w=1600&amp;ssl=1 1600w\" sizes=\"(max-width: 1000px) 100vw, 1000px\" \/><\/figure><\/li><\/ul><a class=\"wp-block-jetpack-slideshow_button-prev swiper-button-prev swiper-button-white\" role=\"button\"><\/a><a class=\"wp-block-jetpack-slideshow_button-next swiper-button-next swiper-button-white\" role=\"button\"><\/a><a aria-label=\"Pause Slideshow\" class=\"wp-block-jetpack-slideshow_button-pause\" role=\"button\"><\/a><div class=\"wp-block-jetpack-slideshow_pagination swiper-pagination swiper-pagination-white\"><\/div><\/div><\/div>\n\n\n\n<p>Aquest servei compta amb el suport de l&#8217;Ajuntament de Barcelona i el departament de Drets Socials (Generalitat de Catalunya)<\/p>\n\n\n\n<figure class=\"wp-block-gallery has-nested-images columns-default is-cropped wp-block-gallery-1 is-layout-flex wp-block-gallery-is-layout-flex\">\n<figure class=\"wp-block-image size-large\"><img data-recalc-dims=\"1\" loading=\"lazy\" decoding=\"async\" width=\"428\" height=\"123\" data-id=\"60407\" src=\"https:\/\/i0.wp.com\/www.fundacioires.org\/wp-content\/uploads\/logo-departament-drets-socials__antic-treball-afers-socials-i-families-1-1.webp?resize=428%2C123&#038;ssl=1\" alt=\"\" class=\"wp-image-60407\" style=\"aspect-ratio:3\/2;object-fit:contain\" srcset=\"https:\/\/i0.wp.com\/www.fundacioires.org\/wp-content\/uploads\/logo-departament-drets-socials__antic-treball-afers-socials-i-families-1-1.webp?w=428&amp;ssl=1 428w, https:\/\/i0.wp.com\/www.fundacioires.org\/wp-content\/uploads\/logo-departament-drets-socials__antic-treball-afers-socials-i-families-1-1.webp?resize=300%2C86&amp;ssl=1 300w\" sizes=\"(max-width: 428px) 100vw, 428px\" \/><\/figure>\n\n\n\n<figure class=\"wp-block-image size-large is-resized\"><img data-recalc-dims=\"1\" decoding=\"async\" data-id=\"59055\" src=\"https:\/\/i0.wp.com\/www.fundacioires.org\/wp-content\/uploads\/image-11.png?w=300&#038;ssl=1\" alt=\"\" class=\"wp-image-59055\" style=\"width:300px\" \/><\/figure>\n<\/figure>\n","protected":false},"excerpt":{"rendered":"<p>La iniciativa &#8220;Cap Fam\u00edlia sense Biblioteca&#8221; col\u00b7labora amb els m\u00e9s petits de la Fundaci\u00f3 IRES des de fa un any. <\/p>\n","protected":false},"author":7,"featured_media":48694,"comment_status":"closed","ping_status":"open","sticky":false,"template":"","format":"standard","meta":{"_jetpack_memberships_contains_paid_content":false,"footnotes":""},"categories":[19],"tags":[42],"class_list":["post-48680","post","type-post","status-publish","format-standard","has-post-thumbnail","hentry","category-ires-blog","tag-casal-en-familia-ca"],"yoast_head":"<!-- This site is optimized with the Yoast SEO plugin v27.4 - https:\/\/yoast.com\/product\/yoast-seo-wordpress\/ -->\n<title>Acostem el plaer de la lectura a les fam\u00edlies del Casal en Fam\u00edlia<\/title>\n<meta name=\"description\" content=\"La iniciativa &quot;Cap Fam\u00edlia sense Biblioteca&quot; col\u00b7labora amb els m\u00e9s petits de la Fundaci\u00f3 IRES des de fa un any.\" \/>\n<meta name=\"robots\" content=\"index, follow, max-snippet:-1, max-image-preview:large, max-video-preview:-1\" \/>\n<link rel=\"canonical\" href=\"https:\/\/www.fundacioires.org\/ca\/cap-familia-sense-biblioteca\/\" \/>\n<meta property=\"og:locale\" content=\"ca_ES\" \/>\n<meta property=\"og:type\" content=\"article\" \/>\n<meta property=\"og:title\" content=\"Acostem el plaer de la lectura a les fam\u00edlies del Casal en Fam\u00edlia\" \/>\n<meta property=\"og:description\" content=\"La iniciativa &quot;Cap Fam\u00edlia sense Biblioteca&quot; col\u00b7labora amb els m\u00e9s petits de la Fundaci\u00f3 IRES des de fa un any.\" \/>\n<meta property=\"og:url\" content=\"https:\/\/www.fundacioires.org\/ca\/cap-familia-sense-biblioteca\/\" \/>\n<meta property=\"og:site_name\" content=\"Fundaci\u00f3 IRES\" \/>\n<meta property=\"article:published_time\" content=\"2023-02-16T09:51:52+00:00\" \/>\n<meta property=\"article:modified_time\" content=\"2024-04-25T11:01:59+00:00\" \/>\n<meta property=\"og:image\" content=\"https:\/\/www.fundacioires.org\/wp-content\/uploads\/PLANTILLA-NOTIS-WEB-7-3.png\" \/>\n\t<meta property=\"og:image:width\" content=\"1200\" \/>\n\t<meta property=\"og:image:height\" content=\"628\" \/>\n\t<meta property=\"og:image:type\" content=\"image\/png\" \/>\n<meta name=\"author\" content=\"Fundaci\u00f3 IRES\" \/>\n<meta name=\"twitter:card\" content=\"summary_large_image\" \/>\n<meta name=\"twitter:label1\" content=\"Written by\" \/>\n\t<meta name=\"twitter:data1\" content=\"Fundaci\u00f3 IRES\" \/>\n\t<meta name=\"twitter:label2\" content=\"Est. reading time\" \/>\n\t<meta name=\"twitter:data2\" content=\"3 minutes\" \/>\n<script type=\"application\/ld+json\" class=\"yoast-schema-graph\">{\"@context\":\"https:\\\/\\\/schema.org\",\"@graph\":[{\"@type\":\"Article\",\"@id\":\"https:\\\/\\\/www.fundacioires.org\\\/ca\\\/cap-familia-sense-biblioteca\\\/#article\",\"isPartOf\":{\"@id\":\"https:\\\/\\\/www.fundacioires.org\\\/ca\\\/cap-familia-sense-biblioteca\\\/\"},\"author\":{\"name\":\"Fundaci\u00f3 IRES\",\"@id\":\"https:\\\/\\\/www.fundacioires.org\\\/#\\\/schema\\\/person\\\/160af843c565221ef4664a5c7000791c\"},\"headline\":\"Acostem el plaer de la lectura a les fam\u00edlies del Casal en Fam\u00edlia\",\"datePublished\":\"2023-02-16T09:51:52+00:00\",\"dateModified\":\"2024-04-25T11:01:59+00:00\",\"mainEntityOfPage\":{\"@id\":\"https:\\\/\\\/www.fundacioires.org\\\/ca\\\/cap-familia-sense-biblioteca\\\/\"},\"wordCount\":283,\"publisher\":{\"@id\":\"https:\\\/\\\/www.fundacioires.org\\\/#organization\"},\"image\":{\"@id\":\"https:\\\/\\\/www.fundacioires.org\\\/ca\\\/cap-familia-sense-biblioteca\\\/#primaryimage\"},\"thumbnailUrl\":\"https:\\\/\\\/i0.wp.com\\\/www.fundacioires.org\\\/wp-content\\\/uploads\\\/PLANTILLA-NOTIS-WEB-7-3.png?fit=1200%2C628&ssl=1\",\"keywords\":[\"Casal en fam\u00edlia\"],\"articleSection\":[\"IRES-Blog\"],\"inLanguage\":\"ca-ES\"},{\"@type\":\"WebPage\",\"@id\":\"https:\\\/\\\/www.fundacioires.org\\\/ca\\\/cap-familia-sense-biblioteca\\\/\",\"url\":\"https:\\\/\\\/www.fundacioires.org\\\/ca\\\/cap-familia-sense-biblioteca\\\/\",\"name\":\"Acostem el plaer de la lectura a les fam\u00edlies del Casal en Fam\u00edlia\",\"isPartOf\":{\"@id\":\"https:\\\/\\\/www.fundacioires.org\\\/#website\"},\"primaryImageOfPage\":{\"@id\":\"https:\\\/\\\/www.fundacioires.org\\\/ca\\\/cap-familia-sense-biblioteca\\\/#primaryimage\"},\"image\":{\"@id\":\"https:\\\/\\\/www.fundacioires.org\\\/ca\\\/cap-familia-sense-biblioteca\\\/#primaryimage\"},\"thumbnailUrl\":\"https:\\\/\\\/i0.wp.com\\\/www.fundacioires.org\\\/wp-content\\\/uploads\\\/PLANTILLA-NOTIS-WEB-7-3.png?fit=1200%2C628&ssl=1\",\"datePublished\":\"2023-02-16T09:51:52+00:00\",\"dateModified\":\"2024-04-25T11:01:59+00:00\",\"description\":\"La iniciativa \\\"Cap Fam\u00edlia sense Biblioteca\\\" col\u00b7labora amb els m\u00e9s petits de la Fundaci\u00f3 IRES des de fa un any.\",\"breadcrumb\":{\"@id\":\"https:\\\/\\\/www.fundacioires.org\\\/ca\\\/cap-familia-sense-biblioteca\\\/#breadcrumb\"},\"inLanguage\":\"ca-ES\",\"potentialAction\":[{\"@type\":\"ReadAction\",\"target\":[\"https:\\\/\\\/www.fundacioires.org\\\/ca\\\/cap-familia-sense-biblioteca\\\/\"]}]},{\"@type\":\"ImageObject\",\"inLanguage\":\"ca-ES\",\"@id\":\"https:\\\/\\\/www.fundacioires.org\\\/ca\\\/cap-familia-sense-biblioteca\\\/#primaryimage\",\"url\":\"https:\\\/\\\/i0.wp.com\\\/www.fundacioires.org\\\/wp-content\\\/uploads\\\/PLANTILLA-NOTIS-WEB-7-3.png?fit=1200%2C628&ssl=1\",\"contentUrl\":\"https:\\\/\\\/i0.wp.com\\\/www.fundacioires.org\\\/wp-content\\\/uploads\\\/PLANTILLA-NOTIS-WEB-7-3.png?fit=1200%2C628&ssl=1\",\"width\":1200,\"height\":628},{\"@type\":\"BreadcrumbList\",\"@id\":\"https:\\\/\\\/www.fundacioires.org\\\/ca\\\/cap-familia-sense-biblioteca\\\/#breadcrumb\",\"itemListElement\":[{\"@type\":\"ListItem\",\"position\":1,\"name\":\"Portada\",\"item\":\"https:\\\/\\\/www.fundacioires.org\\\/\"},{\"@type\":\"ListItem\",\"position\":2,\"name\":\"Acostem el plaer de la lectura a les fam\u00edlies del Casal en Fam\u00edlia\"}]},{\"@type\":\"WebSite\",\"@id\":\"https:\\\/\\\/www.fundacioires.org\\\/#website\",\"url\":\"https:\\\/\\\/www.fundacioires.org\\\/\",\"name\":\"Fundaci\u00f3 IRES\",\"description\":\"\",\"publisher\":{\"@id\":\"https:\\\/\\\/www.fundacioires.org\\\/#organization\"},\"potentialAction\":[{\"@type\":\"SearchAction\",\"target\":{\"@type\":\"EntryPoint\",\"urlTemplate\":\"https:\\\/\\\/www.fundacioires.org\\\/?s={search_term_string}\"},\"query-input\":{\"@type\":\"PropertyValueSpecification\",\"valueRequired\":true,\"valueName\":\"search_term_string\"}}],\"inLanguage\":\"ca-ES\"},{\"@type\":\"Organization\",\"@id\":\"https:\\\/\\\/www.fundacioires.org\\\/#organization\",\"name\":\"Fundanci\u00f3n IRES\",\"url\":\"https:\\\/\\\/www.fundacioires.org\\\/\",\"logo\":{\"@type\":\"ImageObject\",\"inLanguage\":\"ca-ES\",\"@id\":\"https:\\\/\\\/www.fundacioires.org\\\/#\\\/schema\\\/logo\\\/image\\\/\",\"url\":\"https:\\\/\\\/i0.wp.com\\\/www.fundacioires.org\\\/wp-content\\\/uploads\\\/faviconIRES.png?fit=32%2C32&ssl=1\",\"contentUrl\":\"https:\\\/\\\/i0.wp.com\\\/www.fundacioires.org\\\/wp-content\\\/uploads\\\/faviconIRES.png?fit=32%2C32&ssl=1\",\"width\":32,\"height\":32,\"caption\":\"Fundanci\u00f3n IRES\"},\"image\":{\"@id\":\"https:\\\/\\\/www.fundacioires.org\\\/#\\\/schema\\\/logo\\\/image\\\/\"}},{\"@type\":\"Person\",\"@id\":\"https:\\\/\\\/www.fundacioires.org\\\/#\\\/schema\\\/person\\\/160af843c565221ef4664a5c7000791c\",\"name\":\"Fundaci\u00f3 IRES\"}]}<\/script>\n<!-- \/ Yoast SEO plugin. -->","yoast_head_json":{"title":"Acostem el plaer de la lectura a les fam\u00edlies del Casal en Fam\u00edlia","description":"La iniciativa \"Cap Fam\u00edlia sense Biblioteca\" col\u00b7labora amb els m\u00e9s petits de la Fundaci\u00f3 IRES des de fa un any.","robots":{"index":"index","follow":"follow","max-snippet":"max-snippet:-1","max-image-preview":"max-image-preview:large","max-video-preview":"max-video-preview:-1"},"canonical":"https:\/\/www.fundacioires.org\/ca\/cap-familia-sense-biblioteca\/","og_locale":"ca_ES","og_type":"article","og_title":"Acostem el plaer de la lectura a les fam\u00edlies del Casal en Fam\u00edlia","og_description":"La iniciativa \"Cap Fam\u00edlia sense Biblioteca\" col\u00b7labora amb els m\u00e9s petits de la Fundaci\u00f3 IRES des de fa un any.","og_url":"https:\/\/www.fundacioires.org\/ca\/cap-familia-sense-biblioteca\/","og_site_name":"Fundaci\u00f3 IRES","article_published_time":"2023-02-16T09:51:52+00:00","article_modified_time":"2024-04-25T11:01:59+00:00","og_image":[{"width":1200,"height":628,"url":"https:\/\/www.fundacioires.org\/wp-content\/uploads\/PLANTILLA-NOTIS-WEB-7-3.png","type":"image\/png"}],"author":"Fundaci\u00f3 IRES","twitter_card":"summary_large_image","twitter_misc":{"Written by":"Fundaci\u00f3 IRES","Est. reading time":"3 minutes"},"schema":{"@context":"https:\/\/schema.org","@graph":[{"@type":"Article","@id":"https:\/\/www.fundacioires.org\/ca\/cap-familia-sense-biblioteca\/#article","isPartOf":{"@id":"https:\/\/www.fundacioires.org\/ca\/cap-familia-sense-biblioteca\/"},"author":{"name":"Fundaci\u00f3 IRES","@id":"https:\/\/www.fundacioires.org\/#\/schema\/person\/160af843c565221ef4664a5c7000791c"},"headline":"Acostem el plaer de la lectura a les fam\u00edlies del Casal en Fam\u00edlia","datePublished":"2023-02-16T09:51:52+00:00","dateModified":"2024-04-25T11:01:59+00:00","mainEntityOfPage":{"@id":"https:\/\/www.fundacioires.org\/ca\/cap-familia-sense-biblioteca\/"},"wordCount":283,"publisher":{"@id":"https:\/\/www.fundacioires.org\/#organization"},"image":{"@id":"https:\/\/www.fundacioires.org\/ca\/cap-familia-sense-biblioteca\/#primaryimage"},"thumbnailUrl":"https:\/\/i0.wp.com\/www.fundacioires.org\/wp-content\/uploads\/PLANTILLA-NOTIS-WEB-7-3.png?fit=1200%2C628&ssl=1","keywords":["Casal en fam\u00edlia"],"articleSection":["IRES-Blog"],"inLanguage":"ca-ES"},{"@type":"WebPage","@id":"https:\/\/www.fundacioires.org\/ca\/cap-familia-sense-biblioteca\/","url":"https:\/\/www.fundacioires.org\/ca\/cap-familia-sense-biblioteca\/","name":"Acostem el plaer de la lectura a les fam\u00edlies del Casal en Fam\u00edlia","isPartOf":{"@id":"https:\/\/www.fundacioires.org\/#website"},"primaryImageOfPage":{"@id":"https:\/\/www.fundacioires.org\/ca\/cap-familia-sense-biblioteca\/#primaryimage"},"image":{"@id":"https:\/\/www.fundacioires.org\/ca\/cap-familia-sense-biblioteca\/#primaryimage"},"thumbnailUrl":"https:\/\/i0.wp.com\/www.fundacioires.org\/wp-content\/uploads\/PLANTILLA-NOTIS-WEB-7-3.png?fit=1200%2C628&ssl=1","datePublished":"2023-02-16T09:51:52+00:00","dateModified":"2024-04-25T11:01:59+00:00","description":"La iniciativa \"Cap Fam\u00edlia sense Biblioteca\" col\u00b7labora amb els m\u00e9s petits de la Fundaci\u00f3 IRES des de fa un any.","breadcrumb":{"@id":"https:\/\/www.fundacioires.org\/ca\/cap-familia-sense-biblioteca\/#breadcrumb"},"inLanguage":"ca-ES","potentialAction":[{"@type":"ReadAction","target":["https:\/\/www.fundacioires.org\/ca\/cap-familia-sense-biblioteca\/"]}]},{"@type":"ImageObject","inLanguage":"ca-ES","@id":"https:\/\/www.fundacioires.org\/ca\/cap-familia-sense-biblioteca\/#primaryimage","url":"https:\/\/i0.wp.com\/www.fundacioires.org\/wp-content\/uploads\/PLANTILLA-NOTIS-WEB-7-3.png?fit=1200%2C628&ssl=1","contentUrl":"https:\/\/i0.wp.com\/www.fundacioires.org\/wp-content\/uploads\/PLANTILLA-NOTIS-WEB-7-3.png?fit=1200%2C628&ssl=1","width":1200,"height":628},{"@type":"BreadcrumbList","@id":"https:\/\/www.fundacioires.org\/ca\/cap-familia-sense-biblioteca\/#breadcrumb","itemListElement":[{"@type":"ListItem","position":1,"name":"Portada","item":"https:\/\/www.fundacioires.org\/"},{"@type":"ListItem","position":2,"name":"Acostem el plaer de la lectura a les fam\u00edlies del Casal en Fam\u00edlia"}]},{"@type":"WebSite","@id":"https:\/\/www.fundacioires.org\/#website","url":"https:\/\/www.fundacioires.org\/","name":"Fundaci\u00f3 IRES","description":"","publisher":{"@id":"https:\/\/www.fundacioires.org\/#organization"},"potentialAction":[{"@type":"SearchAction","target":{"@type":"EntryPoint","urlTemplate":"https:\/\/www.fundacioires.org\/?s={search_term_string}"},"query-input":{"@type":"PropertyValueSpecification","valueRequired":true,"valueName":"search_term_string"}}],"inLanguage":"ca-ES"},{"@type":"Organization","@id":"https:\/\/www.fundacioires.org\/#organization","name":"Fundanci\u00f3n IRES","url":"https:\/\/www.fundacioires.org\/","logo":{"@type":"ImageObject","inLanguage":"ca-ES","@id":"https:\/\/www.fundacioires.org\/#\/schema\/logo\/image\/","url":"https:\/\/i0.wp.com\/www.fundacioires.org\/wp-content\/uploads\/faviconIRES.png?fit=32%2C32&ssl=1","contentUrl":"https:\/\/i0.wp.com\/www.fundacioires.org\/wp-content\/uploads\/faviconIRES.png?fit=32%2C32&ssl=1","width":32,"height":32,"caption":"Fundanci\u00f3n IRES"},"image":{"@id":"https:\/\/www.fundacioires.org\/#\/schema\/logo\/image\/"}},{"@type":"Person","@id":"https:\/\/www.fundacioires.org\/#\/schema\/person\/160af843c565221ef4664a5c7000791c","name":"Fundaci\u00f3 IRES"}]}},"jetpack_featured_media_url":"https:\/\/i0.wp.com\/www.fundacioires.org\/wp-content\/uploads\/PLANTILLA-NOTIS-WEB-7-3.png?fit=1200%2C628&ssl=1","jetpack_sharing_enabled":true,"_links":{"self":[{"href":"https:\/\/www.fundacioires.org\/ca\/wp-json\/wp\/v2\/posts\/48680","targetHints":{"allow":["GET"]}}],"collection":[{"href":"https:\/\/www.fundacioires.org\/ca\/wp-json\/wp\/v2\/posts"}],"about":[{"href":"https:\/\/www.fundacioires.org\/ca\/wp-json\/wp\/v2\/types\/post"}],"author":[{"embeddable":true,"href":"https:\/\/www.fundacioires.org\/ca\/wp-json\/wp\/v2\/users\/7"}],"replies":[{"embeddable":true,"href":"https:\/\/www.fundacioires.org\/ca\/wp-json\/wp\/v2\/comments?post=48680"}],"version-history":[{"count":5,"href":"https:\/\/www.fundacioires.org\/ca\/wp-json\/wp\/v2\/posts\/48680\/revisions"}],"predecessor-version":[{"id":60419,"href":"https:\/\/www.fundacioires.org\/ca\/wp-json\/wp\/v2\/posts\/48680\/revisions\/60419"}],"wp:featuredmedia":[{"embeddable":true,"href":"https:\/\/www.fundacioires.org\/ca\/wp-json\/wp\/v2\/media\/48694"}],"wp:attachment":[{"href":"https:\/\/www.fundacioires.org\/ca\/wp-json\/wp\/v2\/media?parent=48680"}],"wp:term":[{"taxonomy":"category","embeddable":true,"href":"https:\/\/www.fundacioires.org\/ca\/wp-json\/wp\/v2\/categories?post=48680"},{"taxonomy":"post_tag","embeddable":true,"href":"https:\/\/www.fundacioires.org\/ca\/wp-json\/wp\/v2\/tags?post=48680"}],"curies":[{"name":"wp","href":"https:\/\/api.w.org\/{rel}","templated":true}]}}