{"id":49000,"date":"2023-03-08T09:00:00","date_gmt":"2023-03-08T08:00:00","guid":{"rendered":"https:\/\/www.fundacioires.org\/?p=49000"},"modified":"2023-03-08T12:19:08","modified_gmt":"2023-03-08T11:19:08","slug":"8-de-marc-de-la-consciencia-a-laccio","status":"publish","type":"post","link":"https:\/\/www.fundacioires.org\/ca\/8-de-marc-de-la-consciencia-a-laccio\/","title":{"rendered":"8 de mar\u00e7: de la consci\u00e8ncia a l&#8217;acci\u00f3"},"content":{"rendered":"\n<p><strong>Cada 8 de mar\u00e7 es commemora el Dia internacional de les dones<\/strong>, l&#8217;objectiu del qual \u00e9s la consecuci\u00f3 de la igualtat de g\u00e8nere real i efectiva. Aquest dia es commemora oficialment per l&#8217;ONU des de 1975, encara que <strong>troba els seus or\u00edgens en les m\u00faltiples manifestacions de dones feministes que ja es realitzaven des de comen\u00e7aments de segle XX<\/strong>: el dret a vot i millors condicions de treball eren dos de les moltes reivindicacions que tenyien de lila aquest dia.<\/p>\n\n\n\n<p class=\"has-white-color has-text-color has-background has-medium-font-size\" style=\"background-color:#5d32a7\"><strong>Per qu\u00e8 un dia com aquest?<\/strong><\/p>\n\n\n\n<p>El 8 de mar\u00e7 \u00e9s un dia de reivindicaci\u00f3, un dia per a recordar per qu\u00e8 \u00e9s important el feminisme i la cerca de la igualtat de g\u00e8nere. Encara trobem moltes formes de discriminaci\u00f3 i viol\u00e8ncia cap a les dones al voltant de tothom. I en l&#8217;\u00e0mbit laboral, essencial per al desenvolupament i apoderament femen\u00ed, <strong>encara trobem greus bretxes que dificulten poder gaudir plenament dels drets per a les dones i que blinden el privilegi mascul\u00ed<\/strong>. <\/p>\n\n\n\n<p class=\"has-background\" style=\"background-color:#f0e4ff\">A la Uni\u00f3 Europea nom\u00e9s un <strong>6% de dones<\/strong> ostenten c\u00e0rrecs de direcci\u00f3 en la seva empresa, la bretxa salarial de g\u00e8nere continua estabilitzada en un <strong>28% (Europa)<\/strong> i un alt percentatge de dones no aconsegueix accedir al mercat laboral encara sota el desig de fer-lo (aproximadament un <strong>15% de dones<\/strong> per un <strong>10% d&#8217;homes<\/strong> en el m\u00f3n). <\/p>\n\n\n\n<p>Una vegada en el mercat de treball, les condicions s\u00f3n m\u00e9s prec\u00e0ries per a les dones: majors \u00edndexs de desocupaci\u00f3, jornades laborals redu\u00efdes, salari i pensi\u00f3 inferiors, dificultats per a la conciliaci\u00f3, problemes de coresponsabilitat, assetjament sexual, c\u00e0rrega mental, majors \u00edndexs de malaltia psicol\u00f2gica i altres circumst\u00e0ncies poden donar-se en major freq\u00fc\u00e8ncia i intensitat per a aquestes.<\/p>\n\n\n\n<p>S\u00f3n molts els avan\u00e7os aconseguits: el sufragi femen\u00ed, la inclusi\u00f3 de dones en llocs de direcci\u00f3 i rellev\u00e0ncia, millors pol\u00edtiques p\u00fabliques que afavoreixen la paritat, la participaci\u00f3 p\u00fablica de les dones, i que prevenen i actuen contra la viol\u00e8ncia masclista en totes les seves formes. Per\u00f2 disten de ser suficients i paral\u00b7lelament tamb\u00e9 s&#8217;han donat reculades com el dret a l&#8217;avortament, que continua q\u00fcestionant-se, o l&#8217;escolaritzaci\u00f3 de les nenes en pa\u00efsos on es veu truncada per la seva condici\u00f3 de g\u00e8nere.<\/p>\n\n\n\n<p class=\"has-white-color has-text-color has-background has-medium-font-size\" style=\"background-color:#5d32a7\"><strong>Relacions des de la consci\u00e8ncia de g\u00e8nere<\/strong><\/p>\n\n\n\n<p>La desigualtat de g\u00e8nere \u00e9s un problema estructural i multi causal. I \u00e9s en les relacions entre persones on principalment s&#8217;estableixen les desigualtats. <strong>En els m\u00faltiples contextos on les persones de tots els g\u00e8neres interactuem, es produeixen relacions de poder definides pel patriarcat<\/strong>.<\/p>\n\n\n\n<p class=\"has-background\" style=\"background-color:#f0e4ff\">Per exemple, segons estudis, <strong>tan sols el 20% d&#8217;homes europeus afirmen responsabilitzar-se de les tasques dom\u00e8stiques<\/strong>, rols que tradicionalment continuen exercint m\u00e9s les dones; <strong>la viol\u00e8ncia masclista encara afecta a Espanya a m\u00e9s de la meitat de dones heterosexuals de m\u00e9s de 16 anys<\/strong> i cont\u00ednuament <strong>es reprodueixen formes molt subtils de masclisme<\/strong> que situen a les dones en rols de subordinaci\u00f3, considerant err\u00f2niament \u201cel femen\u00ed\u201d com m\u00e9s feble, sensible, dependent i vulnerable. Problem\u00e0tiques que s&#8217;accentuen davant la toler\u00e0ncia i la desigualtat.<\/p>\n\n\n\n<p>Al voltant del 25 de novembre vam preguntar a professionals de la Fundaci\u00f3 IRES com aplicaven la perspectiva de g\u00e8nere en el seu dia a dia, i aquest va ser un dels punts clau.<\/p>\n\n\n\n<p>La responsabilitat social i personal que actualment continua constituint un gran repte per davant, \u00e9s <strong>la presa de consci\u00e8ncia dels rols tradicionals de g\u00e8nere i com han estat interioritzats en el nostre pensament, actitud i comportament<\/strong>. Construir relacions sanes, lliures de masclisme i tota classe de discriminaci\u00f3, sense prejudicis i en pro de la igualtat real passa per aquest proc\u00e9s de <strong>desconstrucci\u00f3 de g\u00e8nere, fer autocr\u00edtica i cr\u00edtica, trencar amb els estereotips i rols convencionals per a portar el feminisme a les nostres relacions<\/strong>. No sols en parella, tamb\u00e9 en fam\u00edlia, amistat, entre companys\/es de treball, amb el nostre ve\u00efnat i fins i tot amb un\/a mateix\/a. <\/p>\n\n\n\n<p><strong>Hem de crear espais de confian\u00e7a<\/strong> on visibilitzar les viol\u00e8ncies, expressar els sentiments i rebatre&#8217;ls, mostrar suport i sororitat, <strong>afirmar el nostre comprom\u00eds directe i decidit per a la igualtat de g\u00e8nere i enfront de la discriminaci\u00f3 i viol\u00e8ncia masclista<\/strong>. La responsabilitat no es troba \u00fanicament en la persona, si b\u00e9 cadascun\/a t\u00e9 un gran paper en la construcci\u00f3 d&#8217;aquest m\u00f3n d&#8217;igualtat que volem crear. Comencem per aqu\u00ed, mirem tamb\u00e9 cap a dins.<\/p>\n","protected":false},"excerpt":{"rendered":"<p>S\u00f3n molts els avan\u00e7os aconseguits, per\u00f2 encara ens queda molt per fer.<\/p>\n","protected":false},"author":7,"featured_media":49002,"comment_status":"closed","ping_status":"open","sticky":false,"template":"","format":"standard","meta":{"_jetpack_memberships_contains_paid_content":false,"footnotes":""},"categories":[19],"tags":[],"class_list":["post-49000","post","type-post","status-publish","format-standard","has-post-thumbnail","hentry","category-ires-blog"],"yoast_head":"<!-- This site is optimized with the Yoast SEO plugin v27.4 - https:\/\/yoast.com\/product\/yoast-seo-wordpress\/ -->\n<title>8 de mar\u00e7: de la consci\u00e8ncia a l&#039;acci\u00f3 - Fundaci\u00f3 IRES<\/title>\n<meta name=\"description\" content=\"Cada 8 de mar\u00e7 es commemora el Dia Internacional de les Dones, amb l&#039;objectiu d&#039;aconseguir la igualtat de g\u00e8nere real i efectiva.\" \/>\n<meta name=\"robots\" content=\"index, follow, max-snippet:-1, max-image-preview:large, max-video-preview:-1\" \/>\n<link rel=\"canonical\" href=\"https:\/\/www.fundacioires.org\/ca\/8-de-marc-de-la-consciencia-a-laccio\/\" \/>\n<meta property=\"og:locale\" content=\"ca_ES\" \/>\n<meta property=\"og:type\" content=\"article\" \/>\n<meta property=\"og:title\" content=\"8 de mar\u00e7: de la consci\u00e8ncia a l&#039;acci\u00f3 - Fundaci\u00f3 IRES\" \/>\n<meta property=\"og:description\" content=\"Cada 8 de mar\u00e7 es commemora el Dia Internacional de les Dones, amb l&#039;objectiu d&#039;aconseguir la igualtat de g\u00e8nere real i efectiva.\" \/>\n<meta property=\"og:url\" content=\"https:\/\/www.fundacioires.org\/ca\/8-de-marc-de-la-consciencia-a-laccio\/\" \/>\n<meta property=\"og:site_name\" content=\"Fundaci\u00f3 IRES\" \/>\n<meta property=\"article:published_time\" content=\"2023-03-08T08:00:00+00:00\" \/>\n<meta property=\"article:modified_time\" content=\"2023-03-08T11:19:08+00:00\" \/>\n<meta property=\"og:image\" content=\"https:\/\/www.fundacioires.org\/wp-content\/uploads\/8M-2023.png\" \/>\n\t<meta property=\"og:image:width\" content=\"1600\" \/>\n\t<meta property=\"og:image:height\" content=\"900\" \/>\n\t<meta property=\"og:image:type\" content=\"image\/png\" \/>\n<meta name=\"author\" content=\"Fundaci\u00f3 IRES\" \/>\n<meta name=\"twitter:card\" content=\"summary_large_image\" \/>\n<meta name=\"twitter:label1\" content=\"Written by\" \/>\n\t<meta name=\"twitter:data1\" content=\"Fundaci\u00f3 IRES\" \/>\n\t<meta name=\"twitter:label2\" content=\"Est. reading time\" \/>\n\t<meta name=\"twitter:data2\" content=\"4 minutes\" \/>\n<script type=\"application\/ld+json\" class=\"yoast-schema-graph\">{\"@context\":\"https:\\\/\\\/schema.org\",\"@graph\":[{\"@type\":\"Article\",\"@id\":\"https:\\\/\\\/www.fundacioires.org\\\/ca\\\/8-de-marc-de-la-consciencia-a-laccio\\\/#article\",\"isPartOf\":{\"@id\":\"https:\\\/\\\/www.fundacioires.org\\\/ca\\\/8-de-marc-de-la-consciencia-a-laccio\\\/\"},\"author\":{\"name\":\"Fundaci\u00f3 IRES\",\"@id\":\"https:\\\/\\\/www.fundacioires.org\\\/#\\\/schema\\\/person\\\/160af843c565221ef4664a5c7000791c\"},\"headline\":\"8 de mar\u00e7: de la consci\u00e8ncia a l&#8217;acci\u00f3\",\"datePublished\":\"2023-03-08T08:00:00+00:00\",\"dateModified\":\"2023-03-08T11:19:08+00:00\",\"mainEntityOfPage\":{\"@id\":\"https:\\\/\\\/www.fundacioires.org\\\/ca\\\/8-de-marc-de-la-consciencia-a-laccio\\\/\"},\"wordCount\":779,\"publisher\":{\"@id\":\"https:\\\/\\\/www.fundacioires.org\\\/#organization\"},\"image\":{\"@id\":\"https:\\\/\\\/www.fundacioires.org\\\/ca\\\/8-de-marc-de-la-consciencia-a-laccio\\\/#primaryimage\"},\"thumbnailUrl\":\"https:\\\/\\\/i0.wp.com\\\/www.fundacioires.org\\\/wp-content\\\/uploads\\\/8M-2023.png?fit=1600%2C900&ssl=1\",\"articleSection\":[\"IRES-Blog\"],\"inLanguage\":\"ca-ES\"},{\"@type\":\"WebPage\",\"@id\":\"https:\\\/\\\/www.fundacioires.org\\\/ca\\\/8-de-marc-de-la-consciencia-a-laccio\\\/\",\"url\":\"https:\\\/\\\/www.fundacioires.org\\\/ca\\\/8-de-marc-de-la-consciencia-a-laccio\\\/\",\"name\":\"8 de mar\u00e7: de la consci\u00e8ncia a l'acci\u00f3 - Fundaci\u00f3 IRES\",\"isPartOf\":{\"@id\":\"https:\\\/\\\/www.fundacioires.org\\\/#website\"},\"primaryImageOfPage\":{\"@id\":\"https:\\\/\\\/www.fundacioires.org\\\/ca\\\/8-de-marc-de-la-consciencia-a-laccio\\\/#primaryimage\"},\"image\":{\"@id\":\"https:\\\/\\\/www.fundacioires.org\\\/ca\\\/8-de-marc-de-la-consciencia-a-laccio\\\/#primaryimage\"},\"thumbnailUrl\":\"https:\\\/\\\/i0.wp.com\\\/www.fundacioires.org\\\/wp-content\\\/uploads\\\/8M-2023.png?fit=1600%2C900&ssl=1\",\"datePublished\":\"2023-03-08T08:00:00+00:00\",\"dateModified\":\"2023-03-08T11:19:08+00:00\",\"description\":\"Cada 8 de mar\u00e7 es commemora el Dia Internacional de les Dones, amb l'objectiu d'aconseguir la igualtat de g\u00e8nere real i efectiva.\",\"breadcrumb\":{\"@id\":\"https:\\\/\\\/www.fundacioires.org\\\/ca\\\/8-de-marc-de-la-consciencia-a-laccio\\\/#breadcrumb\"},\"inLanguage\":\"ca-ES\",\"potentialAction\":[{\"@type\":\"ReadAction\",\"target\":[\"https:\\\/\\\/www.fundacioires.org\\\/ca\\\/8-de-marc-de-la-consciencia-a-laccio\\\/\"]}]},{\"@type\":\"ImageObject\",\"inLanguage\":\"ca-ES\",\"@id\":\"https:\\\/\\\/www.fundacioires.org\\\/ca\\\/8-de-marc-de-la-consciencia-a-laccio\\\/#primaryimage\",\"url\":\"https:\\\/\\\/i0.wp.com\\\/www.fundacioires.org\\\/wp-content\\\/uploads\\\/8M-2023.png?fit=1600%2C900&ssl=1\",\"contentUrl\":\"https:\\\/\\\/i0.wp.com\\\/www.fundacioires.org\\\/wp-content\\\/uploads\\\/8M-2023.png?fit=1600%2C900&ssl=1\",\"width\":1600,\"height\":900},{\"@type\":\"BreadcrumbList\",\"@id\":\"https:\\\/\\\/www.fundacioires.org\\\/ca\\\/8-de-marc-de-la-consciencia-a-laccio\\\/#breadcrumb\",\"itemListElement\":[{\"@type\":\"ListItem\",\"position\":1,\"name\":\"Portada\",\"item\":\"https:\\\/\\\/www.fundacioires.org\\\/\"},{\"@type\":\"ListItem\",\"position\":2,\"name\":\"8 de mar\u00e7: de la consci\u00e8ncia a l&#8217;acci\u00f3\"}]},{\"@type\":\"WebSite\",\"@id\":\"https:\\\/\\\/www.fundacioires.org\\\/#website\",\"url\":\"https:\\\/\\\/www.fundacioires.org\\\/\",\"name\":\"Fundaci\u00f3 IRES\",\"description\":\"\",\"publisher\":{\"@id\":\"https:\\\/\\\/www.fundacioires.org\\\/#organization\"},\"potentialAction\":[{\"@type\":\"SearchAction\",\"target\":{\"@type\":\"EntryPoint\",\"urlTemplate\":\"https:\\\/\\\/www.fundacioires.org\\\/?s={search_term_string}\"},\"query-input\":{\"@type\":\"PropertyValueSpecification\",\"valueRequired\":true,\"valueName\":\"search_term_string\"}}],\"inLanguage\":\"ca-ES\"},{\"@type\":\"Organization\",\"@id\":\"https:\\\/\\\/www.fundacioires.org\\\/#organization\",\"name\":\"Fundanci\u00f3n IRES\",\"url\":\"https:\\\/\\\/www.fundacioires.org\\\/\",\"logo\":{\"@type\":\"ImageObject\",\"inLanguage\":\"ca-ES\",\"@id\":\"https:\\\/\\\/www.fundacioires.org\\\/#\\\/schema\\\/logo\\\/image\\\/\",\"url\":\"https:\\\/\\\/i0.wp.com\\\/www.fundacioires.org\\\/wp-content\\\/uploads\\\/faviconIRES.png?fit=32%2C32&ssl=1\",\"contentUrl\":\"https:\\\/\\\/i0.wp.com\\\/www.fundacioires.org\\\/wp-content\\\/uploads\\\/faviconIRES.png?fit=32%2C32&ssl=1\",\"width\":32,\"height\":32,\"caption\":\"Fundanci\u00f3n IRES\"},\"image\":{\"@id\":\"https:\\\/\\\/www.fundacioires.org\\\/#\\\/schema\\\/logo\\\/image\\\/\"}},{\"@type\":\"Person\",\"@id\":\"https:\\\/\\\/www.fundacioires.org\\\/#\\\/schema\\\/person\\\/160af843c565221ef4664a5c7000791c\",\"name\":\"Fundaci\u00f3 IRES\"}]}<\/script>\n<!-- \/ Yoast SEO plugin. -->","yoast_head_json":{"title":"8 de mar\u00e7: de la consci\u00e8ncia a l'acci\u00f3 - Fundaci\u00f3 IRES","description":"Cada 8 de mar\u00e7 es commemora el Dia Internacional de les Dones, amb l'objectiu d'aconseguir la igualtat de g\u00e8nere real i efectiva.","robots":{"index":"index","follow":"follow","max-snippet":"max-snippet:-1","max-image-preview":"max-image-preview:large","max-video-preview":"max-video-preview:-1"},"canonical":"https:\/\/www.fundacioires.org\/ca\/8-de-marc-de-la-consciencia-a-laccio\/","og_locale":"ca_ES","og_type":"article","og_title":"8 de mar\u00e7: de la consci\u00e8ncia a l'acci\u00f3 - Fundaci\u00f3 IRES","og_description":"Cada 8 de mar\u00e7 es commemora el Dia Internacional de les Dones, amb l'objectiu d'aconseguir la igualtat de g\u00e8nere real i efectiva.","og_url":"https:\/\/www.fundacioires.org\/ca\/8-de-marc-de-la-consciencia-a-laccio\/","og_site_name":"Fundaci\u00f3 IRES","article_published_time":"2023-03-08T08:00:00+00:00","article_modified_time":"2023-03-08T11:19:08+00:00","og_image":[{"width":1600,"height":900,"url":"https:\/\/www.fundacioires.org\/wp-content\/uploads\/8M-2023.png","type":"image\/png"}],"author":"Fundaci\u00f3 IRES","twitter_card":"summary_large_image","twitter_misc":{"Written by":"Fundaci\u00f3 IRES","Est. reading time":"4 minutes"},"schema":{"@context":"https:\/\/schema.org","@graph":[{"@type":"Article","@id":"https:\/\/www.fundacioires.org\/ca\/8-de-marc-de-la-consciencia-a-laccio\/#article","isPartOf":{"@id":"https:\/\/www.fundacioires.org\/ca\/8-de-marc-de-la-consciencia-a-laccio\/"},"author":{"name":"Fundaci\u00f3 IRES","@id":"https:\/\/www.fundacioires.org\/#\/schema\/person\/160af843c565221ef4664a5c7000791c"},"headline":"8 de mar\u00e7: de la consci\u00e8ncia a l&#8217;acci\u00f3","datePublished":"2023-03-08T08:00:00+00:00","dateModified":"2023-03-08T11:19:08+00:00","mainEntityOfPage":{"@id":"https:\/\/www.fundacioires.org\/ca\/8-de-marc-de-la-consciencia-a-laccio\/"},"wordCount":779,"publisher":{"@id":"https:\/\/www.fundacioires.org\/#organization"},"image":{"@id":"https:\/\/www.fundacioires.org\/ca\/8-de-marc-de-la-consciencia-a-laccio\/#primaryimage"},"thumbnailUrl":"https:\/\/i0.wp.com\/www.fundacioires.org\/wp-content\/uploads\/8M-2023.png?fit=1600%2C900&ssl=1","articleSection":["IRES-Blog"],"inLanguage":"ca-ES"},{"@type":"WebPage","@id":"https:\/\/www.fundacioires.org\/ca\/8-de-marc-de-la-consciencia-a-laccio\/","url":"https:\/\/www.fundacioires.org\/ca\/8-de-marc-de-la-consciencia-a-laccio\/","name":"8 de mar\u00e7: de la consci\u00e8ncia a l'acci\u00f3 - Fundaci\u00f3 IRES","isPartOf":{"@id":"https:\/\/www.fundacioires.org\/#website"},"primaryImageOfPage":{"@id":"https:\/\/www.fundacioires.org\/ca\/8-de-marc-de-la-consciencia-a-laccio\/#primaryimage"},"image":{"@id":"https:\/\/www.fundacioires.org\/ca\/8-de-marc-de-la-consciencia-a-laccio\/#primaryimage"},"thumbnailUrl":"https:\/\/i0.wp.com\/www.fundacioires.org\/wp-content\/uploads\/8M-2023.png?fit=1600%2C900&ssl=1","datePublished":"2023-03-08T08:00:00+00:00","dateModified":"2023-03-08T11:19:08+00:00","description":"Cada 8 de mar\u00e7 es commemora el Dia Internacional de les Dones, amb l'objectiu d'aconseguir la igualtat de g\u00e8nere real i efectiva.","breadcrumb":{"@id":"https:\/\/www.fundacioires.org\/ca\/8-de-marc-de-la-consciencia-a-laccio\/#breadcrumb"},"inLanguage":"ca-ES","potentialAction":[{"@type":"ReadAction","target":["https:\/\/www.fundacioires.org\/ca\/8-de-marc-de-la-consciencia-a-laccio\/"]}]},{"@type":"ImageObject","inLanguage":"ca-ES","@id":"https:\/\/www.fundacioires.org\/ca\/8-de-marc-de-la-consciencia-a-laccio\/#primaryimage","url":"https:\/\/i0.wp.com\/www.fundacioires.org\/wp-content\/uploads\/8M-2023.png?fit=1600%2C900&ssl=1","contentUrl":"https:\/\/i0.wp.com\/www.fundacioires.org\/wp-content\/uploads\/8M-2023.png?fit=1600%2C900&ssl=1","width":1600,"height":900},{"@type":"BreadcrumbList","@id":"https:\/\/www.fundacioires.org\/ca\/8-de-marc-de-la-consciencia-a-laccio\/#breadcrumb","itemListElement":[{"@type":"ListItem","position":1,"name":"Portada","item":"https:\/\/www.fundacioires.org\/"},{"@type":"ListItem","position":2,"name":"8 de mar\u00e7: de la consci\u00e8ncia a l&#8217;acci\u00f3"}]},{"@type":"WebSite","@id":"https:\/\/www.fundacioires.org\/#website","url":"https:\/\/www.fundacioires.org\/","name":"Fundaci\u00f3 IRES","description":"","publisher":{"@id":"https:\/\/www.fundacioires.org\/#organization"},"potentialAction":[{"@type":"SearchAction","target":{"@type":"EntryPoint","urlTemplate":"https:\/\/www.fundacioires.org\/?s={search_term_string}"},"query-input":{"@type":"PropertyValueSpecification","valueRequired":true,"valueName":"search_term_string"}}],"inLanguage":"ca-ES"},{"@type":"Organization","@id":"https:\/\/www.fundacioires.org\/#organization","name":"Fundanci\u00f3n IRES","url":"https:\/\/www.fundacioires.org\/","logo":{"@type":"ImageObject","inLanguage":"ca-ES","@id":"https:\/\/www.fundacioires.org\/#\/schema\/logo\/image\/","url":"https:\/\/i0.wp.com\/www.fundacioires.org\/wp-content\/uploads\/faviconIRES.png?fit=32%2C32&ssl=1","contentUrl":"https:\/\/i0.wp.com\/www.fundacioires.org\/wp-content\/uploads\/faviconIRES.png?fit=32%2C32&ssl=1","width":32,"height":32,"caption":"Fundanci\u00f3n IRES"},"image":{"@id":"https:\/\/www.fundacioires.org\/#\/schema\/logo\/image\/"}},{"@type":"Person","@id":"https:\/\/www.fundacioires.org\/#\/schema\/person\/160af843c565221ef4664a5c7000791c","name":"Fundaci\u00f3 IRES"}]}},"jetpack_featured_media_url":"https:\/\/i0.wp.com\/www.fundacioires.org\/wp-content\/uploads\/8M-2023.png?fit=1600%2C900&ssl=1","jetpack_sharing_enabled":true,"_links":{"self":[{"href":"https:\/\/www.fundacioires.org\/ca\/wp-json\/wp\/v2\/posts\/49000","targetHints":{"allow":["GET"]}}],"collection":[{"href":"https:\/\/www.fundacioires.org\/ca\/wp-json\/wp\/v2\/posts"}],"about":[{"href":"https:\/\/www.fundacioires.org\/ca\/wp-json\/wp\/v2\/types\/post"}],"author":[{"embeddable":true,"href":"https:\/\/www.fundacioires.org\/ca\/wp-json\/wp\/v2\/users\/7"}],"replies":[{"embeddable":true,"href":"https:\/\/www.fundacioires.org\/ca\/wp-json\/wp\/v2\/comments?post=49000"}],"version-history":[{"count":5,"href":"https:\/\/www.fundacioires.org\/ca\/wp-json\/wp\/v2\/posts\/49000\/revisions"}],"predecessor-version":[{"id":49015,"href":"https:\/\/www.fundacioires.org\/ca\/wp-json\/wp\/v2\/posts\/49000\/revisions\/49015"}],"wp:featuredmedia":[{"embeddable":true,"href":"https:\/\/www.fundacioires.org\/ca\/wp-json\/wp\/v2\/media\/49002"}],"wp:attachment":[{"href":"https:\/\/www.fundacioires.org\/ca\/wp-json\/wp\/v2\/media?parent=49000"}],"wp:term":[{"taxonomy":"category","embeddable":true,"href":"https:\/\/www.fundacioires.org\/ca\/wp-json\/wp\/v2\/categories?post=49000"},{"taxonomy":"post_tag","embeddable":true,"href":"https:\/\/www.fundacioires.org\/ca\/wp-json\/wp\/v2\/tags?post=49000"}],"curies":[{"name":"wp","href":"https:\/\/api.w.org\/{rel}","templated":true}]}}