{"id":53463,"date":"2023-08-09T10:00:00","date_gmt":"2023-08-09T08:00:00","guid":{"rendered":"https:\/\/www.fundacioires.org\/?p=53463"},"modified":"2024-05-25T11:45:12","modified_gmt":"2024-05-25T09:45:12","slug":"poblat-iberic-trobemnos-excursio","status":"publish","type":"post","link":"https:\/\/www.fundacioires.org\/ca\/poblat-iberic-trobemnos-excursio\/","title":{"rendered":"Descobrim el Poblat Ib\u00e8ric de Santa Coloma amb el servei Trobem-nos!"},"content":{"rendered":"\n<p>L&#8217;estiu a la <strong>Fundaci\u00f3 IRES<\/strong> est\u00e0 ple d&#8217;activitats i els i les usu\u00e0ries del servei Trobem-nos van poder fer una excursi\u00f3 i visitar el <strong>Poblat Ib\u00e8ric de Santa Coloma<\/strong>. <\/p>\n\n\n\n<div class=\"wp-block-jetpack-slideshow aligncenter\"><div data-effect=\"slide\"><div class=\"wp-block-jetpack-slideshow_container swiper-container\"><ul class=\"wp-block-jetpack-slideshow_swiper-wrapper swiper-wrapper\"><li class=\"wp-block-jetpack-slideshow_slide swiper-slide\"><figure><img data-recalc-dims=\"1\" loading=\"lazy\" decoding=\"async\" width=\"1024\" height=\"536\" alt=\"\" class=\"wp-block-jetpack-slideshow_image wp-image-53472\" data-id=\"53472\" src=\"https:\/\/i0.wp.com\/www.fundacioires.org\/wp-content\/uploads\/PLANTILLA-NOTIS-WEB-24-1.jpg?resize=1024%2C536&#038;ssl=1\" srcset=\"https:\/\/i0.wp.com\/www.fundacioires.org\/wp-content\/uploads\/PLANTILLA-NOTIS-WEB-24-1.jpg?resize=1024%2C536&amp;ssl=1 1024w, https:\/\/i0.wp.com\/www.fundacioires.org\/wp-content\/uploads\/PLANTILLA-NOTIS-WEB-24-1.jpg?resize=300%2C157&amp;ssl=1 300w, https:\/\/i0.wp.com\/www.fundacioires.org\/wp-content\/uploads\/PLANTILLA-NOTIS-WEB-24-1.jpg?resize=768%2C402&amp;ssl=1 768w, https:\/\/i0.wp.com\/www.fundacioires.org\/wp-content\/uploads\/PLANTILLA-NOTIS-WEB-24-1.jpg?w=1200&amp;ssl=1 1200w\" sizes=\"(max-width: 1000px) 100vw, 1000px\" \/><\/figure><\/li><li class=\"wp-block-jetpack-slideshow_slide swiper-slide\"><figure><img data-recalc-dims=\"1\" loading=\"lazy\" decoding=\"async\" width=\"1024\" height=\"536\" alt=\"\" class=\"wp-block-jetpack-slideshow_image wp-image-53466\" data-id=\"53466\" src=\"https:\/\/i0.wp.com\/www.fundacioires.org\/wp-content\/uploads\/PLANTILLA-NOTIS-WEB-27.jpg?resize=1024%2C536&#038;ssl=1\" srcset=\"https:\/\/i0.wp.com\/www.fundacioires.org\/wp-content\/uploads\/PLANTILLA-NOTIS-WEB-27.jpg?resize=1024%2C536&amp;ssl=1 1024w, https:\/\/i0.wp.com\/www.fundacioires.org\/wp-content\/uploads\/PLANTILLA-NOTIS-WEB-27.jpg?resize=300%2C157&amp;ssl=1 300w, https:\/\/i0.wp.com\/www.fundacioires.org\/wp-content\/uploads\/PLANTILLA-NOTIS-WEB-27.jpg?resize=768%2C402&amp;ssl=1 768w, https:\/\/i0.wp.com\/www.fundacioires.org\/wp-content\/uploads\/PLANTILLA-NOTIS-WEB-27.jpg?w=1200&amp;ssl=1 1200w\" sizes=\"(max-width: 1000px) 100vw, 1000px\" \/><\/figure><\/li><li class=\"wp-block-jetpack-slideshow_slide swiper-slide\"><figure><img data-recalc-dims=\"1\" loading=\"lazy\" decoding=\"async\" width=\"1024\" height=\"536\" alt=\"\" class=\"wp-block-jetpack-slideshow_image wp-image-53464\" data-id=\"53464\" src=\"https:\/\/i0.wp.com\/www.fundacioires.org\/wp-content\/uploads\/PLANTILLA-NOTIS-WEB-28.jpg?resize=1024%2C536&#038;ssl=1\" srcset=\"https:\/\/i0.wp.com\/www.fundacioires.org\/wp-content\/uploads\/PLANTILLA-NOTIS-WEB-28.jpg?resize=1024%2C536&amp;ssl=1 1024w, https:\/\/i0.wp.com\/www.fundacioires.org\/wp-content\/uploads\/PLANTILLA-NOTIS-WEB-28.jpg?resize=300%2C157&amp;ssl=1 300w, https:\/\/i0.wp.com\/www.fundacioires.org\/wp-content\/uploads\/PLANTILLA-NOTIS-WEB-28.jpg?resize=768%2C402&amp;ssl=1 768w, https:\/\/i0.wp.com\/www.fundacioires.org\/wp-content\/uploads\/PLANTILLA-NOTIS-WEB-28.jpg?w=1200&amp;ssl=1 1200w\" sizes=\"(max-width: 1000px) 100vw, 1000px\" \/><\/figure><\/li><li class=\"wp-block-jetpack-slideshow_slide swiper-slide\"><figure><img data-recalc-dims=\"1\" loading=\"lazy\" decoding=\"async\" width=\"1024\" height=\"536\" alt=\"\" class=\"wp-block-jetpack-slideshow_image wp-image-53468\" data-id=\"53468\" src=\"https:\/\/i0.wp.com\/www.fundacioires.org\/wp-content\/uploads\/PLANTILLA-NOTIS-WEB-25.jpg?resize=1024%2C536&#038;ssl=1\" srcset=\"https:\/\/i0.wp.com\/www.fundacioires.org\/wp-content\/uploads\/PLANTILLA-NOTIS-WEB-25.jpg?resize=1024%2C536&amp;ssl=1 1024w, https:\/\/i0.wp.com\/www.fundacioires.org\/wp-content\/uploads\/PLANTILLA-NOTIS-WEB-25.jpg?resize=300%2C157&amp;ssl=1 300w, https:\/\/i0.wp.com\/www.fundacioires.org\/wp-content\/uploads\/PLANTILLA-NOTIS-WEB-25.jpg?resize=768%2C402&amp;ssl=1 768w, https:\/\/i0.wp.com\/www.fundacioires.org\/wp-content\/uploads\/PLANTILLA-NOTIS-WEB-25.jpg?w=1200&amp;ssl=1 1200w\" sizes=\"(max-width: 1000px) 100vw, 1000px\" \/><\/figure><\/li><\/ul><a class=\"wp-block-jetpack-slideshow_button-prev swiper-button-prev swiper-button-white\" role=\"button\"><\/a><a class=\"wp-block-jetpack-slideshow_button-next swiper-button-next swiper-button-white\" role=\"button\"><\/a><a aria-label=\"Pause Slideshow\" class=\"wp-block-jetpack-slideshow_button-pause\" role=\"button\"><\/a><div class=\"wp-block-jetpack-slideshow_pagination swiper-pagination swiper-pagination-white\"><\/div><\/div><\/div><\/div>\n\n\n\n<p>Va ser una activitat oberta a les participants del ioga, del grup de persones migrants&nbsp;<em><strong>Abejitas Migrantes<\/strong>,&nbsp;<\/em>persones&nbsp;en llista d&#8217;espera, i usu\u00e0ries de l&#8217;ecosistema. En total van participar-hi 11 persones. Un dels usuaris del servei va ser l&#8217;encarregat de guiar el grup durant tot el recorregut i d&#8217;explicar-los la hist\u00f2ria del poblat que va haver-hi antigament en el pic del municipi. Va ser un mat\u00ed entretingut, on els i les participants van poder fer esport, estar en contacte amb la natura i respirar aire pur. <\/p>\n\n\n\n<p>Sempre es gaudeix molt d&#8217;aquestes sortides que van b\u00e9 per <strong>desconnectar de la rutina i sortir una mica de la ciutat.<\/strong> A vegades aquests espais d&#8217;oci i descans estan m\u00e9s a prop del que ens pensem! Al servei <strong>Trobem-nos <\/strong>valoren molt aquestes sortides perqu\u00e8 ajuden a <strong>construir nous vincles i afavoreixen el benestar i la salut de les persones<\/strong>. Esperem de cara al curs vinent, puguem seguir gaudint de sortides com aquestes i d&#8217;activitats on les persones usu\u00e0ries tinguin el fil conductor i siguin les dinamitzadores d&#8217;aquestes.  Espais per treballar l&#8217;apoderament i l&#8217;autonomia de les persones! <\/p>\n\n\n\n<p>Aquest servei compta amb el suport de l&#8217;Ajuntament de Barcelona <\/p>\n\n\n<div class=\"wp-block-image\">\n<figure class=\"aligncenter size-full is-resized\"><img data-recalc-dims=\"1\" loading=\"lazy\" decoding=\"async\" width=\"200\" height=\"214\" src=\"https:\/\/i0.wp.com\/www.fundacioires.org\/wp-content\/uploads\/image-11.png?resize=200%2C214&#038;ssl=1\" alt=\"\" class=\"wp-image-59055\" style=\"width:187px;height:auto\"\/><\/figure>\n<\/div>","protected":false},"excerpt":{"rendered":"<p>Un moment de descans en el qual els i les participants van poder connectar amb la natura alhora que feien esport i coneixien m\u00e9s sobre la hist\u00f2ria. <\/p>\n","protected":false},"author":7,"featured_media":53474,"comment_status":"closed","ping_status":"open","sticky":false,"template":"","format":"standard","meta":{"_jetpack_memberships_contains_paid_content":false,"footnotes":""},"categories":[17],"tags":[],"class_list":["post-53463","post","type-post","status-publish","format-standard","has-post-thumbnail","hentry","category-sense-categoria"],"yoast_head":"<!-- This site is optimized with the Yoast SEO plugin v27.4 - https:\/\/yoast.com\/product\/yoast-seo-wordpress\/ -->\n<title>Descobrim el Poblat Ib\u00e8ric de Santa Coloma amb Trobem-nos<\/title>\n<meta name=\"description\" content=\"Un moment de descans en el qual els i les participants del servei Trobem-nos van poder connectar amb la natura.\" \/>\n<meta name=\"robots\" content=\"index, follow, max-snippet:-1, max-image-preview:large, max-video-preview:-1\" \/>\n<link rel=\"canonical\" href=\"https:\/\/www.fundacioires.org\/ca\/poblat-iberic-trobemnos-excursio\/\" \/>\n<meta property=\"og:locale\" content=\"ca_ES\" \/>\n<meta property=\"og:type\" content=\"article\" \/>\n<meta property=\"og:title\" content=\"Descobrim el Poblat Ib\u00e8ric de Santa Coloma amb Trobem-nos\" \/>\n<meta property=\"og:description\" content=\"Un moment de descans en el qual els i les participants del servei Trobem-nos van poder connectar amb la natura.\" \/>\n<meta property=\"og:url\" content=\"https:\/\/www.fundacioires.org\/ca\/poblat-iberic-trobemnos-excursio\/\" \/>\n<meta property=\"og:site_name\" content=\"Fundaci\u00f3 IRES\" \/>\n<meta property=\"article:published_time\" content=\"2023-08-09T08:00:00+00:00\" \/>\n<meta property=\"article:modified_time\" content=\"2024-05-25T09:45:12+00:00\" \/>\n<meta property=\"og:image\" content=\"https:\/\/www.fundacioires.org\/wp-content\/uploads\/PLANTILLA-NOTIS-WEB-26.jpg\" \/>\n\t<meta property=\"og:image:width\" content=\"1200\" \/>\n\t<meta property=\"og:image:height\" content=\"628\" \/>\n\t<meta property=\"og:image:type\" content=\"image\/jpeg\" \/>\n<meta name=\"author\" content=\"Fundaci\u00f3 IRES\" \/>\n<meta name=\"twitter:card\" content=\"summary_large_image\" \/>\n<meta name=\"twitter:label1\" content=\"Written by\" \/>\n\t<meta name=\"twitter:data1\" content=\"Fundaci\u00f3 IRES\" \/>\n\t<meta name=\"twitter:label2\" content=\"Est. reading time\" \/>\n\t<meta name=\"twitter:data2\" content=\"3 minutes\" \/>\n<script type=\"application\/ld+json\" class=\"yoast-schema-graph\">{\"@context\":\"https:\\\/\\\/schema.org\",\"@graph\":[{\"@type\":\"Article\",\"@id\":\"https:\\\/\\\/www.fundacioires.org\\\/ca\\\/poblat-iberic-trobemnos-excursio\\\/#article\",\"isPartOf\":{\"@id\":\"https:\\\/\\\/www.fundacioires.org\\\/ca\\\/poblat-iberic-trobemnos-excursio\\\/\"},\"author\":{\"name\":\"Fundaci\u00f3 IRES\",\"@id\":\"https:\\\/\\\/www.fundacioires.org\\\/#\\\/schema\\\/person\\\/160af843c565221ef4664a5c7000791c\"},\"headline\":\"Descobrim el Poblat Ib\u00e8ric de Santa Coloma amb el servei Trobem-nos!\",\"datePublished\":\"2023-08-09T08:00:00+00:00\",\"dateModified\":\"2024-05-25T09:45:12+00:00\",\"mainEntityOfPage\":{\"@id\":\"https:\\\/\\\/www.fundacioires.org\\\/ca\\\/poblat-iberic-trobemnos-excursio\\\/\"},\"wordCount\":254,\"publisher\":{\"@id\":\"https:\\\/\\\/www.fundacioires.org\\\/#organization\"},\"image\":{\"@id\":\"https:\\\/\\\/www.fundacioires.org\\\/ca\\\/poblat-iberic-trobemnos-excursio\\\/#primaryimage\"},\"thumbnailUrl\":\"https:\\\/\\\/i0.wp.com\\\/www.fundacioires.org\\\/wp-content\\\/uploads\\\/PLANTILLA-NOTIS-WEB-26.jpg?fit=1200%2C628&ssl=1\",\"articleSection\":[\"Sense categoria\"],\"inLanguage\":\"ca-ES\"},{\"@type\":\"WebPage\",\"@id\":\"https:\\\/\\\/www.fundacioires.org\\\/ca\\\/poblat-iberic-trobemnos-excursio\\\/\",\"url\":\"https:\\\/\\\/www.fundacioires.org\\\/ca\\\/poblat-iberic-trobemnos-excursio\\\/\",\"name\":\"Descobrim el Poblat Ib\u00e8ric de Santa Coloma amb Trobem-nos\",\"isPartOf\":{\"@id\":\"https:\\\/\\\/www.fundacioires.org\\\/#website\"},\"primaryImageOfPage\":{\"@id\":\"https:\\\/\\\/www.fundacioires.org\\\/ca\\\/poblat-iberic-trobemnos-excursio\\\/#primaryimage\"},\"image\":{\"@id\":\"https:\\\/\\\/www.fundacioires.org\\\/ca\\\/poblat-iberic-trobemnos-excursio\\\/#primaryimage\"},\"thumbnailUrl\":\"https:\\\/\\\/i0.wp.com\\\/www.fundacioires.org\\\/wp-content\\\/uploads\\\/PLANTILLA-NOTIS-WEB-26.jpg?fit=1200%2C628&ssl=1\",\"datePublished\":\"2023-08-09T08:00:00+00:00\",\"dateModified\":\"2024-05-25T09:45:12+00:00\",\"description\":\"Un moment de descans en el qual els i les participants del servei Trobem-nos van poder connectar amb la natura.\",\"breadcrumb\":{\"@id\":\"https:\\\/\\\/www.fundacioires.org\\\/ca\\\/poblat-iberic-trobemnos-excursio\\\/#breadcrumb\"},\"inLanguage\":\"ca-ES\",\"potentialAction\":[{\"@type\":\"ReadAction\",\"target\":[\"https:\\\/\\\/www.fundacioires.org\\\/ca\\\/poblat-iberic-trobemnos-excursio\\\/\"]}]},{\"@type\":\"ImageObject\",\"inLanguage\":\"ca-ES\",\"@id\":\"https:\\\/\\\/www.fundacioires.org\\\/ca\\\/poblat-iberic-trobemnos-excursio\\\/#primaryimage\",\"url\":\"https:\\\/\\\/i0.wp.com\\\/www.fundacioires.org\\\/wp-content\\\/uploads\\\/PLANTILLA-NOTIS-WEB-26.jpg?fit=1200%2C628&ssl=1\",\"contentUrl\":\"https:\\\/\\\/i0.wp.com\\\/www.fundacioires.org\\\/wp-content\\\/uploads\\\/PLANTILLA-NOTIS-WEB-26.jpg?fit=1200%2C628&ssl=1\",\"width\":1200,\"height\":628},{\"@type\":\"BreadcrumbList\",\"@id\":\"https:\\\/\\\/www.fundacioires.org\\\/ca\\\/poblat-iberic-trobemnos-excursio\\\/#breadcrumb\",\"itemListElement\":[{\"@type\":\"ListItem\",\"position\":1,\"name\":\"Portada\",\"item\":\"https:\\\/\\\/www.fundacioires.org\\\/\"},{\"@type\":\"ListItem\",\"position\":2,\"name\":\"Descobrim el Poblat Ib\u00e8ric de Santa Coloma amb el servei Trobem-nos!\"}]},{\"@type\":\"WebSite\",\"@id\":\"https:\\\/\\\/www.fundacioires.org\\\/#website\",\"url\":\"https:\\\/\\\/www.fundacioires.org\\\/\",\"name\":\"Fundaci\u00f3 IRES\",\"description\":\"\",\"publisher\":{\"@id\":\"https:\\\/\\\/www.fundacioires.org\\\/#organization\"},\"potentialAction\":[{\"@type\":\"SearchAction\",\"target\":{\"@type\":\"EntryPoint\",\"urlTemplate\":\"https:\\\/\\\/www.fundacioires.org\\\/?s={search_term_string}\"},\"query-input\":{\"@type\":\"PropertyValueSpecification\",\"valueRequired\":true,\"valueName\":\"search_term_string\"}}],\"inLanguage\":\"ca-ES\"},{\"@type\":\"Organization\",\"@id\":\"https:\\\/\\\/www.fundacioires.org\\\/#organization\",\"name\":\"Fundanci\u00f3n IRES\",\"url\":\"https:\\\/\\\/www.fundacioires.org\\\/\",\"logo\":{\"@type\":\"ImageObject\",\"inLanguage\":\"ca-ES\",\"@id\":\"https:\\\/\\\/www.fundacioires.org\\\/#\\\/schema\\\/logo\\\/image\\\/\",\"url\":\"https:\\\/\\\/i0.wp.com\\\/www.fundacioires.org\\\/wp-content\\\/uploads\\\/faviconIRES.png?fit=32%2C32&ssl=1\",\"contentUrl\":\"https:\\\/\\\/i0.wp.com\\\/www.fundacioires.org\\\/wp-content\\\/uploads\\\/faviconIRES.png?fit=32%2C32&ssl=1\",\"width\":32,\"height\":32,\"caption\":\"Fundanci\u00f3n IRES\"},\"image\":{\"@id\":\"https:\\\/\\\/www.fundacioires.org\\\/#\\\/schema\\\/logo\\\/image\\\/\"}},{\"@type\":\"Person\",\"@id\":\"https:\\\/\\\/www.fundacioires.org\\\/#\\\/schema\\\/person\\\/160af843c565221ef4664a5c7000791c\",\"name\":\"Fundaci\u00f3 IRES\"}]}<\/script>\n<!-- \/ Yoast SEO plugin. -->","yoast_head_json":{"title":"Descobrim el Poblat Ib\u00e8ric de Santa Coloma amb Trobem-nos","description":"Un moment de descans en el qual els i les participants del servei Trobem-nos van poder connectar amb la natura.","robots":{"index":"index","follow":"follow","max-snippet":"max-snippet:-1","max-image-preview":"max-image-preview:large","max-video-preview":"max-video-preview:-1"},"canonical":"https:\/\/www.fundacioires.org\/ca\/poblat-iberic-trobemnos-excursio\/","og_locale":"ca_ES","og_type":"article","og_title":"Descobrim el Poblat Ib\u00e8ric de Santa Coloma amb Trobem-nos","og_description":"Un moment de descans en el qual els i les participants del servei Trobem-nos van poder connectar amb la natura.","og_url":"https:\/\/www.fundacioires.org\/ca\/poblat-iberic-trobemnos-excursio\/","og_site_name":"Fundaci\u00f3 IRES","article_published_time":"2023-08-09T08:00:00+00:00","article_modified_time":"2024-05-25T09:45:12+00:00","og_image":[{"width":1200,"height":628,"url":"https:\/\/www.fundacioires.org\/wp-content\/uploads\/PLANTILLA-NOTIS-WEB-26.jpg","type":"image\/jpeg"}],"author":"Fundaci\u00f3 IRES","twitter_card":"summary_large_image","twitter_misc":{"Written by":"Fundaci\u00f3 IRES","Est. reading time":"3 minutes"},"schema":{"@context":"https:\/\/schema.org","@graph":[{"@type":"Article","@id":"https:\/\/www.fundacioires.org\/ca\/poblat-iberic-trobemnos-excursio\/#article","isPartOf":{"@id":"https:\/\/www.fundacioires.org\/ca\/poblat-iberic-trobemnos-excursio\/"},"author":{"name":"Fundaci\u00f3 IRES","@id":"https:\/\/www.fundacioires.org\/#\/schema\/person\/160af843c565221ef4664a5c7000791c"},"headline":"Descobrim el Poblat Ib\u00e8ric de Santa Coloma amb el servei Trobem-nos!","datePublished":"2023-08-09T08:00:00+00:00","dateModified":"2024-05-25T09:45:12+00:00","mainEntityOfPage":{"@id":"https:\/\/www.fundacioires.org\/ca\/poblat-iberic-trobemnos-excursio\/"},"wordCount":254,"publisher":{"@id":"https:\/\/www.fundacioires.org\/#organization"},"image":{"@id":"https:\/\/www.fundacioires.org\/ca\/poblat-iberic-trobemnos-excursio\/#primaryimage"},"thumbnailUrl":"https:\/\/i0.wp.com\/www.fundacioires.org\/wp-content\/uploads\/PLANTILLA-NOTIS-WEB-26.jpg?fit=1200%2C628&ssl=1","articleSection":["Sense categoria"],"inLanguage":"ca-ES"},{"@type":"WebPage","@id":"https:\/\/www.fundacioires.org\/ca\/poblat-iberic-trobemnos-excursio\/","url":"https:\/\/www.fundacioires.org\/ca\/poblat-iberic-trobemnos-excursio\/","name":"Descobrim el Poblat Ib\u00e8ric de Santa Coloma amb Trobem-nos","isPartOf":{"@id":"https:\/\/www.fundacioires.org\/#website"},"primaryImageOfPage":{"@id":"https:\/\/www.fundacioires.org\/ca\/poblat-iberic-trobemnos-excursio\/#primaryimage"},"image":{"@id":"https:\/\/www.fundacioires.org\/ca\/poblat-iberic-trobemnos-excursio\/#primaryimage"},"thumbnailUrl":"https:\/\/i0.wp.com\/www.fundacioires.org\/wp-content\/uploads\/PLANTILLA-NOTIS-WEB-26.jpg?fit=1200%2C628&ssl=1","datePublished":"2023-08-09T08:00:00+00:00","dateModified":"2024-05-25T09:45:12+00:00","description":"Un moment de descans en el qual els i les participants del servei Trobem-nos van poder connectar amb la natura.","breadcrumb":{"@id":"https:\/\/www.fundacioires.org\/ca\/poblat-iberic-trobemnos-excursio\/#breadcrumb"},"inLanguage":"ca-ES","potentialAction":[{"@type":"ReadAction","target":["https:\/\/www.fundacioires.org\/ca\/poblat-iberic-trobemnos-excursio\/"]}]},{"@type":"ImageObject","inLanguage":"ca-ES","@id":"https:\/\/www.fundacioires.org\/ca\/poblat-iberic-trobemnos-excursio\/#primaryimage","url":"https:\/\/i0.wp.com\/www.fundacioires.org\/wp-content\/uploads\/PLANTILLA-NOTIS-WEB-26.jpg?fit=1200%2C628&ssl=1","contentUrl":"https:\/\/i0.wp.com\/www.fundacioires.org\/wp-content\/uploads\/PLANTILLA-NOTIS-WEB-26.jpg?fit=1200%2C628&ssl=1","width":1200,"height":628},{"@type":"BreadcrumbList","@id":"https:\/\/www.fundacioires.org\/ca\/poblat-iberic-trobemnos-excursio\/#breadcrumb","itemListElement":[{"@type":"ListItem","position":1,"name":"Portada","item":"https:\/\/www.fundacioires.org\/"},{"@type":"ListItem","position":2,"name":"Descobrim el Poblat Ib\u00e8ric de Santa Coloma amb el servei Trobem-nos!"}]},{"@type":"WebSite","@id":"https:\/\/www.fundacioires.org\/#website","url":"https:\/\/www.fundacioires.org\/","name":"Fundaci\u00f3 IRES","description":"","publisher":{"@id":"https:\/\/www.fundacioires.org\/#organization"},"potentialAction":[{"@type":"SearchAction","target":{"@type":"EntryPoint","urlTemplate":"https:\/\/www.fundacioires.org\/?s={search_term_string}"},"query-input":{"@type":"PropertyValueSpecification","valueRequired":true,"valueName":"search_term_string"}}],"inLanguage":"ca-ES"},{"@type":"Organization","@id":"https:\/\/www.fundacioires.org\/#organization","name":"Fundanci\u00f3n IRES","url":"https:\/\/www.fundacioires.org\/","logo":{"@type":"ImageObject","inLanguage":"ca-ES","@id":"https:\/\/www.fundacioires.org\/#\/schema\/logo\/image\/","url":"https:\/\/i0.wp.com\/www.fundacioires.org\/wp-content\/uploads\/faviconIRES.png?fit=32%2C32&ssl=1","contentUrl":"https:\/\/i0.wp.com\/www.fundacioires.org\/wp-content\/uploads\/faviconIRES.png?fit=32%2C32&ssl=1","width":32,"height":32,"caption":"Fundanci\u00f3n IRES"},"image":{"@id":"https:\/\/www.fundacioires.org\/#\/schema\/logo\/image\/"}},{"@type":"Person","@id":"https:\/\/www.fundacioires.org\/#\/schema\/person\/160af843c565221ef4664a5c7000791c","name":"Fundaci\u00f3 IRES"}]}},"jetpack_featured_media_url":"https:\/\/i0.wp.com\/www.fundacioires.org\/wp-content\/uploads\/PLANTILLA-NOTIS-WEB-26.jpg?fit=1200%2C628&ssl=1","jetpack_sharing_enabled":true,"_links":{"self":[{"href":"https:\/\/www.fundacioires.org\/ca\/wp-json\/wp\/v2\/posts\/53463","targetHints":{"allow":["GET"]}}],"collection":[{"href":"https:\/\/www.fundacioires.org\/ca\/wp-json\/wp\/v2\/posts"}],"about":[{"href":"https:\/\/www.fundacioires.org\/ca\/wp-json\/wp\/v2\/types\/post"}],"author":[{"embeddable":true,"href":"https:\/\/www.fundacioires.org\/ca\/wp-json\/wp\/v2\/users\/7"}],"replies":[{"embeddable":true,"href":"https:\/\/www.fundacioires.org\/ca\/wp-json\/wp\/v2\/comments?post=53463"}],"version-history":[{"count":2,"href":"https:\/\/www.fundacioires.org\/ca\/wp-json\/wp\/v2\/posts\/53463\/revisions"}],"predecessor-version":[{"id":61076,"href":"https:\/\/www.fundacioires.org\/ca\/wp-json\/wp\/v2\/posts\/53463\/revisions\/61076"}],"wp:featuredmedia":[{"embeddable":true,"href":"https:\/\/www.fundacioires.org\/ca\/wp-json\/wp\/v2\/media\/53474"}],"wp:attachment":[{"href":"https:\/\/www.fundacioires.org\/ca\/wp-json\/wp\/v2\/media?parent=53463"}],"wp:term":[{"taxonomy":"category","embeddable":true,"href":"https:\/\/www.fundacioires.org\/ca\/wp-json\/wp\/v2\/categories?post=53463"},{"taxonomy":"post_tag","embeddable":true,"href":"https:\/\/www.fundacioires.org\/ca\/wp-json\/wp\/v2\/tags?post=53463"}],"curies":[{"name":"wp","href":"https:\/\/api.w.org\/{rel}","templated":true}]}}